{"id":90185,"date":"2023-06-18T08:16:12","date_gmt":"2023-06-18T11:16:12","guid":{"rendered":"https:\/\/regiaonews.net.br\/2022\/?p=90185"},"modified":"2023-06-18T08:16:12","modified_gmt":"2023-06-18T11:16:12","slug":"pm-localiza-dois-procurados-pela-justica","status":"publish","type":"post","link":"https:\/\/regiaonews.net.br\/2022\/2023\/06\/18\/pm-localiza-dois-procurados-pela-justica\/","title":{"rendered":"PM localiza dois procurados pela Justi\u00e7a"},"content":{"rendered":"<p>&nbsp;<\/p>\n<p>A equipe de For\u00e7a T\u00e1tica da Pol\u00edcia Militar em\u00a0 patrulhamento pelo bairro Nova Barretos, deparou com G. G. A. na Alameda Josina Goulart Pinheiro, contra quem\u00a0 havia um mandado de pris\u00e3o preventiva pelo crime de les\u00e3o corporal. A ocorr\u00eancia foi conduzida pelo tenente Luiz Neto, cabo Ara\u00fajo, soldado Adriano Reis e soldado Matheus Ramos.<\/p>\n<p>J\u00e1 em outra ocorr\u00eancia, ap\u00f3s receber informa\u00e7\u00f5es, a PM teve conhecimento que a acusada E. C. , teria contra ela um mandado de pris\u00e3o, por homic\u00eddio Art.121.\u00a0 A captura ocorreu no Conjunto Habitacional Luiz Spina, no condom\u00ednio Turin, Bloco &#8211; 6, ap 24. A criminosa permaneceu presa e a disposi\u00e7\u00e3o da Justi\u00e7a. Essa pris\u00e3o foi coordenada pelo sargento Uewerton e os cabos Vasconcelos, Fernandes e Pereira.<\/p>\n","protected":false},"excerpt":{"rendered":"<p>&nbsp; A equipe de For\u00e7a T\u00e1tica da Pol\u00edcia Militar em\u00a0<\/p>\n","protected":false},"author":2,"featured_media":63608,"comment_status":"open","ping_status":"open","sticky":false,"template":"","format":"standard","meta":{"footnotes":""},"categories":[14,23],"tags":[],"class_list":["post-90185","post","type-post","status-publish","format-standard","has-post-thumbnail","hentry","category-barretos","category-policia"],"yoast_head":"<!-- This site is optimized with the Yoast SEO plugin v27.4 - https:\/\/yoast.com\/product\/yoast-seo-wordpress\/ -->\n<title>PM localiza dois procurados pela Justi\u00e7a - Regi\u00e3o News<\/title>\n<meta name=\"robots\" content=\"index, follow, max-snippet:-1, max-image-preview:large, max-video-preview:-1\" \/>\n<link rel=\"canonical\" href=\"https:\/\/regiaonews.net.br\/2022\/2023\/06\/18\/pm-localiza-dois-procurados-pela-justica\/\" \/>\n<meta property=\"og:locale\" content=\"pt_BR\" \/>\n<meta property=\"og:type\" content=\"article\" \/>\n<meta property=\"og:title\" content=\"PM localiza dois procurados pela Justi\u00e7a - Regi\u00e3o News\" \/>\n<meta property=\"og:description\" content=\"&nbsp; A equipe de For\u00e7a T\u00e1tica da Pol\u00edcia Militar em\u00a0\" \/>\n<meta property=\"og:url\" content=\"https:\/\/regiaonews.net.br\/2022\/2023\/06\/18\/pm-localiza-dois-procurados-pela-justica\/\" \/>\n<meta property=\"og:site_name\" content=\"Regi\u00e3o News\" \/>\n<meta property=\"article:published_time\" content=\"2023-06-18T11:16:12+00:00\" \/>\n<meta property=\"og:image\" content=\"https:\/\/regiaonews.net.br\/2022\/wp-content\/uploads\/2021\/12\/Forca-Tatica.jpg\" \/>\n\t<meta property=\"og:image:width\" content=\"621\" \/>\n\t<meta property=\"og:image:height\" content=\"327\" \/>\n\t<meta property=\"og:image:type\" content=\"image\/jpeg\" \/>\n<meta name=\"author\" content=\"Roberto\" \/>\n<meta name=\"twitter:card\" content=\"summary_large_image\" \/>\n<meta name=\"twitter:label1\" content=\"Escrito por\" \/>\n\t<meta name=\"twitter:data1\" content=\"Roberto\" \/>\n\t<meta name=\"twitter:label2\" content=\"Est. tempo de leitura\" \/>\n\t<meta name=\"twitter:data2\" content=\"1 minuto\" \/>\n<script type=\"application\/ld+json\" class=\"yoast-schema-graph\">{\"@context\":\"https:\\\/\\\/schema.org\",\"@graph\":[{\"@type\":\"Article\",\"@id\":\"https:\\\/\\\/regiaonews.net.br\\\/2022\\\/2023\\\/06\\\/18\\\/pm-localiza-dois-procurados-pela-justica\\\/#article\",\"isPartOf\":{\"@id\":\"https:\\\/\\\/regiaonews.net.br\\\/2022\\\/2023\\\/06\\\/18\\\/pm-localiza-dois-procurados-pela-justica\\\/\"},\"author\":{\"name\":\"Roberto\",\"@id\":\"https:\\\/\\\/regiaonews.net.br\\\/2022\\\/#\\\/schema\\\/person\\\/2d205a608a5aa97ac279d7a5e6d89ad8\"},\"headline\":\"PM localiza dois procurados pela Justi\u00e7a\",\"datePublished\":\"2023-06-18T11:16:12+00:00\",\"mainEntityOfPage\":{\"@id\":\"https:\\\/\\\/regiaonews.net.br\\\/2022\\\/2023\\\/06\\\/18\\\/pm-localiza-dois-procurados-pela-justica\\\/\"},\"wordCount\":141,\"commentCount\":0,\"publisher\":{\"@id\":\"https:\\\/\\\/regiaonews.net.br\\\/2022\\\/#organization\"},\"image\":{\"@id\":\"https:\\\/\\\/regiaonews.net.br\\\/2022\\\/2023\\\/06\\\/18\\\/pm-localiza-dois-procurados-pela-justica\\\/#primaryimage\"},\"thumbnailUrl\":\"https:\\\/\\\/regiaonews.net.br\\\/2022\\\/wp-content\\\/uploads\\\/2021\\\/12\\\/Forca-Tatica.jpg\",\"articleSection\":[\"Barretos\",\"Policia\"],\"inLanguage\":\"pt-BR\",\"potentialAction\":[{\"@type\":\"CommentAction\",\"name\":\"Comment\",\"target\":[\"https:\\\/\\\/regiaonews.net.br\\\/2022\\\/2023\\\/06\\\/18\\\/pm-localiza-dois-procurados-pela-justica\\\/#respond\"]}]},{\"@type\":\"WebPage\",\"@id\":\"https:\\\/\\\/regiaonews.net.br\\\/2022\\\/2023\\\/06\\\/18\\\/pm-localiza-dois-procurados-pela-justica\\\/\",\"url\":\"https:\\\/\\\/regiaonews.net.br\\\/2022\\\/2023\\\/06\\\/18\\\/pm-localiza-dois-procurados-pela-justica\\\/\",\"name\":\"PM localiza dois procurados pela Justi\u00e7a - Regi\u00e3o News\",\"isPartOf\":{\"@id\":\"https:\\\/\\\/regiaonews.net.br\\\/2022\\\/#website\"},\"primaryImageOfPage\":{\"@id\":\"https:\\\/\\\/regiaonews.net.br\\\/2022\\\/2023\\\/06\\\/18\\\/pm-localiza-dois-procurados-pela-justica\\\/#primaryimage\"},\"image\":{\"@id\":\"https:\\\/\\\/regiaonews.net.br\\\/2022\\\/2023\\\/06\\\/18\\\/pm-localiza-dois-procurados-pela-justica\\\/#primaryimage\"},\"thumbnailUrl\":\"https:\\\/\\\/regiaonews.net.br\\\/2022\\\/wp-content\\\/uploads\\\/2021\\\/12\\\/Forca-Tatica.jpg\",\"datePublished\":\"2023-06-18T11:16:12+00:00\",\"breadcrumb\":{\"@id\":\"https:\\\/\\\/regiaonews.net.br\\\/2022\\\/2023\\\/06\\\/18\\\/pm-localiza-dois-procurados-pela-justica\\\/#breadcrumb\"},\"inLanguage\":\"pt-BR\",\"potentialAction\":[{\"@type\":\"ReadAction\",\"target\":[\"https:\\\/\\\/regiaonews.net.br\\\/2022\\\/2023\\\/06\\\/18\\\/pm-localiza-dois-procurados-pela-justica\\\/\"]}]},{\"@type\":\"ImageObject\",\"inLanguage\":\"pt-BR\",\"@id\":\"https:\\\/\\\/regiaonews.net.br\\\/2022\\\/2023\\\/06\\\/18\\\/pm-localiza-dois-procurados-pela-justica\\\/#primaryimage\",\"url\":\"https:\\\/\\\/regiaonews.net.br\\\/2022\\\/wp-content\\\/uploads\\\/2021\\\/12\\\/Forca-Tatica.jpg\",\"contentUrl\":\"https:\\\/\\\/regiaonews.net.br\\\/2022\\\/wp-content\\\/uploads\\\/2021\\\/12\\\/Forca-Tatica.jpg\",\"width\":621,\"height\":327},{\"@type\":\"BreadcrumbList\",\"@id\":\"https:\\\/\\\/regiaonews.net.br\\\/2022\\\/2023\\\/06\\\/18\\\/pm-localiza-dois-procurados-pela-justica\\\/#breadcrumb\",\"itemListElement\":[{\"@type\":\"ListItem\",\"position\":1,\"name\":\"In\u00edcio\",\"item\":\"https:\\\/\\\/regiaonews.net.br\\\/2022\\\/\"},{\"@type\":\"ListItem\",\"position\":2,\"name\":\"PM localiza dois procurados pela Justi\u00e7a\"}]},{\"@type\":\"WebSite\",\"@id\":\"https:\\\/\\\/regiaonews.net.br\\\/2022\\\/#website\",\"url\":\"https:\\\/\\\/regiaonews.net.br\\\/2022\\\/\",\"name\":\"Regi\u00e3o News\",\"description\":\"Site de Not\u00edcias de Barretos e regi\u00e3o\",\"publisher\":{\"@id\":\"https:\\\/\\\/regiaonews.net.br\\\/2022\\\/#organization\"},\"potentialAction\":[{\"@type\":\"SearchAction\",\"target\":{\"@type\":\"EntryPoint\",\"urlTemplate\":\"https:\\\/\\\/regiaonews.net.br\\\/2022\\\/?s={search_term_string}\"},\"query-input\":{\"@type\":\"PropertyValueSpecification\",\"valueRequired\":true,\"valueName\":\"search_term_string\"}}],\"inLanguage\":\"pt-BR\"},{\"@type\":\"Organization\",\"@id\":\"https:\\\/\\\/regiaonews.net.br\\\/2022\\\/#organization\",\"name\":\"Regi\u00e3o News\",\"url\":\"https:\\\/\\\/regiaonews.net.br\\\/2022\\\/\",\"logo\":{\"@type\":\"ImageObject\",\"inLanguage\":\"pt-BR\",\"@id\":\"https:\\\/\\\/regiaonews.net.br\\\/2022\\\/#\\\/schema\\\/logo\\\/image\\\/\",\"url\":\"https:\\\/\\\/regiaonews.net.br\\\/2022\\\/wp-content\\\/uploads\\\/2026\\\/03\\\/regiao-13-anos-scaled.jpg\",\"contentUrl\":\"https:\\\/\\\/regiaonews.net.br\\\/2022\\\/wp-content\\\/uploads\\\/2026\\\/03\\\/regiao-13-anos-scaled.jpg\",\"width\":2560,\"height\":635,\"caption\":\"Regi\u00e3o News\"},\"image\":{\"@id\":\"https:\\\/\\\/regiaonews.net.br\\\/2022\\\/#\\\/schema\\\/logo\\\/image\\\/\"}},{\"@type\":\"Person\",\"@id\":\"https:\\\/\\\/regiaonews.net.br\\\/2022\\\/#\\\/schema\\\/person\\\/2d205a608a5aa97ac279d7a5e6d89ad8\",\"name\":\"Roberto\",\"image\":{\"@type\":\"ImageObject\",\"inLanguage\":\"pt-BR\",\"@id\":\"https:\\\/\\\/secure.gravatar.com\\\/avatar\\\/42749d8b712ff9d59ca93dc150494e5b55a44134482993f5baeb97e61b7ecc89?s=96&d=mm&r=g\",\"url\":\"https:\\\/\\\/secure.gravatar.com\\\/avatar\\\/42749d8b712ff9d59ca93dc150494e5b55a44134482993f5baeb97e61b7ecc89?s=96&d=mm&r=g\",\"contentUrl\":\"https:\\\/\\\/secure.gravatar.com\\\/avatar\\\/42749d8b712ff9d59ca93dc150494e5b55a44134482993f5baeb97e61b7ecc89?s=96&d=mm&r=g\",\"caption\":\"Roberto\"},\"url\":\"https:\\\/\\\/regiaonews.net.br\\\/2022\\\/author\\\/roberto\\\/\"}]}<\/script>\n<!-- \/ Yoast SEO plugin. -->","yoast_head_json":{"title":"PM localiza dois procurados pela Justi\u00e7a - Regi\u00e3o News","robots":{"index":"index","follow":"follow","max-snippet":"max-snippet:-1","max-image-preview":"max-image-preview:large","max-video-preview":"max-video-preview:-1"},"canonical":"https:\/\/regiaonews.net.br\/2022\/2023\/06\/18\/pm-localiza-dois-procurados-pela-justica\/","og_locale":"pt_BR","og_type":"article","og_title":"PM localiza dois procurados pela Justi\u00e7a - Regi\u00e3o News","og_description":"&nbsp; A equipe de For\u00e7a T\u00e1tica da Pol\u00edcia Militar em\u00a0","og_url":"https:\/\/regiaonews.net.br\/2022\/2023\/06\/18\/pm-localiza-dois-procurados-pela-justica\/","og_site_name":"Regi\u00e3o News","article_published_time":"2023-06-18T11:16:12+00:00","og_image":[{"width":621,"height":327,"url":"https:\/\/regiaonews.net.br\/2022\/wp-content\/uploads\/2021\/12\/Forca-Tatica.jpg","type":"image\/jpeg"}],"author":"Roberto","twitter_card":"summary_large_image","twitter_misc":{"Escrito por":"Roberto","Est. tempo de leitura":"1 minuto"},"schema":{"@context":"https:\/\/schema.org","@graph":[{"@type":"Article","@id":"https:\/\/regiaonews.net.br\/2022\/2023\/06\/18\/pm-localiza-dois-procurados-pela-justica\/#article","isPartOf":{"@id":"https:\/\/regiaonews.net.br\/2022\/2023\/06\/18\/pm-localiza-dois-procurados-pela-justica\/"},"author":{"name":"Roberto","@id":"https:\/\/regiaonews.net.br\/2022\/#\/schema\/person\/2d205a608a5aa97ac279d7a5e6d89ad8"},"headline":"PM localiza dois procurados pela Justi\u00e7a","datePublished":"2023-06-18T11:16:12+00:00","mainEntityOfPage":{"@id":"https:\/\/regiaonews.net.br\/2022\/2023\/06\/18\/pm-localiza-dois-procurados-pela-justica\/"},"wordCount":141,"commentCount":0,"publisher":{"@id":"https:\/\/regiaonews.net.br\/2022\/#organization"},"image":{"@id":"https:\/\/regiaonews.net.br\/2022\/2023\/06\/18\/pm-localiza-dois-procurados-pela-justica\/#primaryimage"},"thumbnailUrl":"https:\/\/regiaonews.net.br\/2022\/wp-content\/uploads\/2021\/12\/Forca-Tatica.jpg","articleSection":["Barretos","Policia"],"inLanguage":"pt-BR","potentialAction":[{"@type":"CommentAction","name":"Comment","target":["https:\/\/regiaonews.net.br\/2022\/2023\/06\/18\/pm-localiza-dois-procurados-pela-justica\/#respond"]}]},{"@type":"WebPage","@id":"https:\/\/regiaonews.net.br\/2022\/2023\/06\/18\/pm-localiza-dois-procurados-pela-justica\/","url":"https:\/\/regiaonews.net.br\/2022\/2023\/06\/18\/pm-localiza-dois-procurados-pela-justica\/","name":"PM localiza dois procurados pela Justi\u00e7a - Regi\u00e3o News","isPartOf":{"@id":"https:\/\/regiaonews.net.br\/2022\/#website"},"primaryImageOfPage":{"@id":"https:\/\/regiaonews.net.br\/2022\/2023\/06\/18\/pm-localiza-dois-procurados-pela-justica\/#primaryimage"},"image":{"@id":"https:\/\/regiaonews.net.br\/2022\/2023\/06\/18\/pm-localiza-dois-procurados-pela-justica\/#primaryimage"},"thumbnailUrl":"https:\/\/regiaonews.net.br\/2022\/wp-content\/uploads\/2021\/12\/Forca-Tatica.jpg","datePublished":"2023-06-18T11:16:12+00:00","breadcrumb":{"@id":"https:\/\/regiaonews.net.br\/2022\/2023\/06\/18\/pm-localiza-dois-procurados-pela-justica\/#breadcrumb"},"inLanguage":"pt-BR","potentialAction":[{"@type":"ReadAction","target":["https:\/\/regiaonews.net.br\/2022\/2023\/06\/18\/pm-localiza-dois-procurados-pela-justica\/"]}]},{"@type":"ImageObject","inLanguage":"pt-BR","@id":"https:\/\/regiaonews.net.br\/2022\/2023\/06\/18\/pm-localiza-dois-procurados-pela-justica\/#primaryimage","url":"https:\/\/regiaonews.net.br\/2022\/wp-content\/uploads\/2021\/12\/Forca-Tatica.jpg","contentUrl":"https:\/\/regiaonews.net.br\/2022\/wp-content\/uploads\/2021\/12\/Forca-Tatica.jpg","width":621,"height":327},{"@type":"BreadcrumbList","@id":"https:\/\/regiaonews.net.br\/2022\/2023\/06\/18\/pm-localiza-dois-procurados-pela-justica\/#breadcrumb","itemListElement":[{"@type":"ListItem","position":1,"name":"In\u00edcio","item":"https:\/\/regiaonews.net.br\/2022\/"},{"@type":"ListItem","position":2,"name":"PM localiza dois procurados pela Justi\u00e7a"}]},{"@type":"WebSite","@id":"https:\/\/regiaonews.net.br\/2022\/#website","url":"https:\/\/regiaonews.net.br\/2022\/","name":"Regi\u00e3o News","description":"Site de Not\u00edcias de Barretos e regi\u00e3o","publisher":{"@id":"https:\/\/regiaonews.net.br\/2022\/#organization"},"potentialAction":[{"@type":"SearchAction","target":{"@type":"EntryPoint","urlTemplate":"https:\/\/regiaonews.net.br\/2022\/?s={search_term_string}"},"query-input":{"@type":"PropertyValueSpecification","valueRequired":true,"valueName":"search_term_string"}}],"inLanguage":"pt-BR"},{"@type":"Organization","@id":"https:\/\/regiaonews.net.br\/2022\/#organization","name":"Regi\u00e3o News","url":"https:\/\/regiaonews.net.br\/2022\/","logo":{"@type":"ImageObject","inLanguage":"pt-BR","@id":"https:\/\/regiaonews.net.br\/2022\/#\/schema\/logo\/image\/","url":"https:\/\/regiaonews.net.br\/2022\/wp-content\/uploads\/2026\/03\/regiao-13-anos-scaled.jpg","contentUrl":"https:\/\/regiaonews.net.br\/2022\/wp-content\/uploads\/2026\/03\/regiao-13-anos-scaled.jpg","width":2560,"height":635,"caption":"Regi\u00e3o News"},"image":{"@id":"https:\/\/regiaonews.net.br\/2022\/#\/schema\/logo\/image\/"}},{"@type":"Person","@id":"https:\/\/regiaonews.net.br\/2022\/#\/schema\/person\/2d205a608a5aa97ac279d7a5e6d89ad8","name":"Roberto","image":{"@type":"ImageObject","inLanguage":"pt-BR","@id":"https:\/\/secure.gravatar.com\/avatar\/42749d8b712ff9d59ca93dc150494e5b55a44134482993f5baeb97e61b7ecc89?s=96&d=mm&r=g","url":"https:\/\/secure.gravatar.com\/avatar\/42749d8b712ff9d59ca93dc150494e5b55a44134482993f5baeb97e61b7ecc89?s=96&d=mm&r=g","contentUrl":"https:\/\/secure.gravatar.com\/avatar\/42749d8b712ff9d59ca93dc150494e5b55a44134482993f5baeb97e61b7ecc89?s=96&d=mm&r=g","caption":"Roberto"},"url":"https:\/\/regiaonews.net.br\/2022\/author\/roberto\/"}]}},"publishpress_future_action":{"enabled":false,"date":"2026-05-03 02:10:46","action":"change-status","newStatus":"draft","terms":[],"taxonomy":"category","extraData":[]},"publishpress_future_workflow_manual_trigger":{"enabledWorkflows":[]},"_links":{"self":[{"href":"https:\/\/regiaonews.net.br\/2022\/wp-json\/wp\/v2\/posts\/90185","targetHints":{"allow":["GET"]}}],"collection":[{"href":"https:\/\/regiaonews.net.br\/2022\/wp-json\/wp\/v2\/posts"}],"about":[{"href":"https:\/\/regiaonews.net.br\/2022\/wp-json\/wp\/v2\/types\/post"}],"author":[{"embeddable":true,"href":"https:\/\/regiaonews.net.br\/2022\/wp-json\/wp\/v2\/users\/2"}],"replies":[{"embeddable":true,"href":"https:\/\/regiaonews.net.br\/2022\/wp-json\/wp\/v2\/comments?post=90185"}],"version-history":[{"count":1,"href":"https:\/\/regiaonews.net.br\/2022\/wp-json\/wp\/v2\/posts\/90185\/revisions"}],"predecessor-version":[{"id":90186,"href":"https:\/\/regiaonews.net.br\/2022\/wp-json\/wp\/v2\/posts\/90185\/revisions\/90186"}],"wp:featuredmedia":[{"embeddable":true,"href":"https:\/\/regiaonews.net.br\/2022\/wp-json\/wp\/v2\/media\/63608"}],"wp:attachment":[{"href":"https:\/\/regiaonews.net.br\/2022\/wp-json\/wp\/v2\/media?parent=90185"}],"wp:term":[{"taxonomy":"category","embeddable":true,"href":"https:\/\/regiaonews.net.br\/2022\/wp-json\/wp\/v2\/categories?post=90185"},{"taxonomy":"post_tag","embeddable":true,"href":"https:\/\/regiaonews.net.br\/2022\/wp-json\/wp\/v2\/tags?post=90185"}],"curies":[{"name":"wp","href":"https:\/\/api.w.org\/{rel}","templated":true}]}}