{"id":90180,"date":"2023-06-17T18:53:23","date_gmt":"2023-06-17T21:53:23","guid":{"rendered":"https:\/\/regiaonews.net.br\/2022\/?p=90180"},"modified":"2023-06-17T19:21:41","modified_gmt":"2023-06-17T22:21:41","slug":"brasil-goleia-guine-em-amistoso-em-jogo-do-racismo","status":"publish","type":"post","link":"https:\/\/regiaonews.net.br\/2022\/2023\/06\/17\/brasil-goleia-guine-em-amistoso-em-jogo-do-racismo\/","title":{"rendered":"Brasil goleia  Guin\u00e9 em amistoso em jogo contra o racismo"},"content":{"rendered":"<p>&nbsp;<\/p>\n<section class=\"noticias\">\n<div class=\"galeria\">\n<div id=\"cpBody_panelPrincipal\" class=\"item destaque\">\n<div id=\"cpBody_panelBg\" class=\"item-bg\"><img decoding=\"async\" id=\"cpBody_imageBg\" src=\"https:\/\/futebolpaulista.com.br\/Repositorio\/Imagem\/SelecaoBrasileiraCapa\/selecao.jpg\" \/><\/div>\n<p><span id=\"cpBody_lblCreditoFoto\" class=\"credito\">(CR\u00c9DITO: JOILSON MARCONNE\/CBF)<\/span><\/p>\n<div class=\"cont\"><\/div>\n<\/div>\n<p class=\"dados\">\n<\/div>\n<\/section>\n<div class=\"row col-equal-h clear\">\n<div class=\"post col-md-9 col-sm-12\">\n<p style=\"text-align: left;\">O Brasil venceu a primeira com Ramon Menezes no comando. A sele\u00e7\u00e3o brasileira bateu Guin\u00e9 por 4 a 1, neste s\u00e1bado (17), na Espanha, em amistoso de prepara\u00e7\u00e3o para as Eliminat\u00f3rias para a Copa do Mundo. A sele\u00e7\u00e3o brasileira volta a campo nesta ter\u00e7a-feira, \u00e0s 16h, para enfrentar Senegal. O duelo ser\u00e1 em Portugal.<\/p>\n<p>Jogando de uniforme pela primeira vez na hist\u00f3ria em combate contra o racismo, a sele\u00e7\u00e3o sofreu uma leve press\u00e3o da Guin\u00e9 no come\u00e7o da partida, mas n\u00e3o demorou para equilibrar as a\u00e7\u00f5es e abrir o placar. Aos 26 minutos, Richarlison recebeu dentro da \u00e1rea e obrigou grande defesa de Kon\u00e9. Na sobra, Joelinton guardou.<\/p>\n<p>O gol abriu porteira. Aos 29 minutos, Rodrygo recuperou a bola na entrada da \u00e1rea, avan\u00e7ou sozinho e chutou. Kon\u00e9 tentou fazer uma defesa de m\u00e3o trocada e acabou deixando a bola passar.<\/p>\n<p>Guin\u00e9, no entanto, respondeu. Aos 35 minutos, Sylla foi at\u00e9 a linha de fundo e colocou a bola na cabe\u00e7a de Guirassy. O atacante ganhou de Marquinhos e colocou a bola no fundo das redes.<\/p>\n<p>No segundo tempo, o Brasil precisou apenas de um minuto para fazer o terceiro gol. Lucas Paquet\u00e1 cruzou na cabe\u00e7a de \u00c9der Milit\u00e3o, que cabeceou com estilo para fazer 3 a 1.<\/p>\n<p>Aos 31 minutos, Guin\u00e9 chegou mais uma vez bem no ataque. Sylla arriscou para defesa de Ederson. Na sobra, o goleiro salvou mais uma, desta vez, em tentativa de Kant\u00e9.<\/p>\n<p>O Brasil, no entanto, fez o quarto aos 42 minutos. Malcom foi puxado por Sylla, e o \u00e1rbitro marcou p\u00eanalti. Vinicius J\u00fanior foi para a cobranca e decretou a vit\u00f3ria da sele\u00e7\u00e3o.<\/p>\n<\/div>\n<\/div>\n","protected":false},"excerpt":{"rendered":"<p>&nbsp; (CR\u00c9DITO: JOILSON MARCONNE\/CBF) O Brasil venceu a primeira com<\/p>\n","protected":false},"author":2,"featured_media":90181,"comment_status":"open","ping_status":"open","sticky":false,"template":"","format":"standard","meta":{"footnotes":""},"categories":[21,39],"tags":[],"class_list":["post-90180","post","type-post","status-publish","format-standard","has-post-thumbnail","hentry","category-esporte","category-mundo"],"yoast_head":"<!-- This site is optimized with the Yoast SEO plugin v27.4 - https:\/\/yoast.com\/product\/yoast-seo-wordpress\/ -->\n<title>Brasil goleia Guin\u00e9 em amistoso em jogo contra o racismo - Regi\u00e3o News<\/title>\n<meta name=\"description\" content=\"A sele\u00e7\u00e3o brasileira bateu Guin\u00e9 por 4 a 1,\" \/>\n<meta name=\"robots\" content=\"index, follow, max-snippet:-1, max-image-preview:large, max-video-preview:-1\" \/>\n<link rel=\"canonical\" href=\"https:\/\/regiaonews.net.br\/2022\/2023\/06\/17\/brasil-goleia-guine-em-amistoso-em-jogo-do-racismo\/\" \/>\n<meta property=\"og:locale\" content=\"pt_BR\" \/>\n<meta property=\"og:type\" content=\"article\" \/>\n<meta property=\"og:title\" content=\"Brasil goleia Guin\u00e9 em amistoso em jogo contra o racismo - Regi\u00e3o News\" \/>\n<meta property=\"og:description\" content=\"A sele\u00e7\u00e3o brasileira bateu Guin\u00e9 por 4 a 1,\" \/>\n<meta property=\"og:url\" content=\"https:\/\/regiaonews.net.br\/2022\/2023\/06\/17\/brasil-goleia-guine-em-amistoso-em-jogo-do-racismo\/\" \/>\n<meta property=\"og:site_name\" content=\"Regi\u00e3o News\" \/>\n<meta property=\"article:published_time\" content=\"2023-06-17T21:53:23+00:00\" \/>\n<meta property=\"article:modified_time\" content=\"2023-06-17T22:21:41+00:00\" \/>\n<meta property=\"og:image\" content=\"https:\/\/regiaonews.net.br\/2022\/wp-content\/uploads\/2023\/06\/20230617181001_614.jpeg\" \/>\n\t<meta property=\"og:image:width\" content=\"910\" \/>\n\t<meta property=\"og:image:height\" content=\"590\" \/>\n\t<meta property=\"og:image:type\" content=\"image\/jpeg\" \/>\n<meta name=\"author\" content=\"Roberto\" \/>\n<meta name=\"twitter:card\" content=\"summary_large_image\" \/>\n<meta name=\"twitter:label1\" content=\"Escrito por\" \/>\n\t<meta name=\"twitter:data1\" content=\"Roberto\" \/>\n\t<meta name=\"twitter:label2\" content=\"Est. tempo de leitura\" \/>\n\t<meta name=\"twitter:data2\" content=\"2 minutos\" \/>\n<script type=\"application\/ld+json\" class=\"yoast-schema-graph\">{\"@context\":\"https:\\\/\\\/schema.org\",\"@graph\":[{\"@type\":\"Article\",\"@id\":\"https:\\\/\\\/regiaonews.net.br\\\/2022\\\/2023\\\/06\\\/17\\\/brasil-goleia-guine-em-amistoso-em-jogo-do-racismo\\\/#article\",\"isPartOf\":{\"@id\":\"https:\\\/\\\/regiaonews.net.br\\\/2022\\\/2023\\\/06\\\/17\\\/brasil-goleia-guine-em-amistoso-em-jogo-do-racismo\\\/\"},\"author\":{\"name\":\"Roberto\",\"@id\":\"https:\\\/\\\/regiaonews.net.br\\\/2022\\\/#\\\/schema\\\/person\\\/2d205a608a5aa97ac279d7a5e6d89ad8\"},\"headline\":\"Brasil goleia Guin\u00e9 em amistoso em jogo contra o racismo\",\"datePublished\":\"2023-06-17T21:53:23+00:00\",\"dateModified\":\"2023-06-17T22:21:41+00:00\",\"mainEntityOfPage\":{\"@id\":\"https:\\\/\\\/regiaonews.net.br\\\/2022\\\/2023\\\/06\\\/17\\\/brasil-goleia-guine-em-amistoso-em-jogo-do-racismo\\\/\"},\"wordCount\":297,\"commentCount\":0,\"publisher\":{\"@id\":\"https:\\\/\\\/regiaonews.net.br\\\/2022\\\/#organization\"},\"image\":{\"@id\":\"https:\\\/\\\/regiaonews.net.br\\\/2022\\\/2023\\\/06\\\/17\\\/brasil-goleia-guine-em-amistoso-em-jogo-do-racismo\\\/#primaryimage\"},\"thumbnailUrl\":\"https:\\\/\\\/regiaonews.net.br\\\/2022\\\/wp-content\\\/uploads\\\/2023\\\/06\\\/20230617181001_614.jpeg\",\"articleSection\":[\"Esporte\",\"Mundo\"],\"inLanguage\":\"pt-BR\",\"potentialAction\":[{\"@type\":\"CommentAction\",\"name\":\"Comment\",\"target\":[\"https:\\\/\\\/regiaonews.net.br\\\/2022\\\/2023\\\/06\\\/17\\\/brasil-goleia-guine-em-amistoso-em-jogo-do-racismo\\\/#respond\"]}]},{\"@type\":\"WebPage\",\"@id\":\"https:\\\/\\\/regiaonews.net.br\\\/2022\\\/2023\\\/06\\\/17\\\/brasil-goleia-guine-em-amistoso-em-jogo-do-racismo\\\/\",\"url\":\"https:\\\/\\\/regiaonews.net.br\\\/2022\\\/2023\\\/06\\\/17\\\/brasil-goleia-guine-em-amistoso-em-jogo-do-racismo\\\/\",\"name\":\"Brasil goleia Guin\u00e9 em amistoso em jogo contra o racismo - Regi\u00e3o News\",\"isPartOf\":{\"@id\":\"https:\\\/\\\/regiaonews.net.br\\\/2022\\\/#website\"},\"primaryImageOfPage\":{\"@id\":\"https:\\\/\\\/regiaonews.net.br\\\/2022\\\/2023\\\/06\\\/17\\\/brasil-goleia-guine-em-amistoso-em-jogo-do-racismo\\\/#primaryimage\"},\"image\":{\"@id\":\"https:\\\/\\\/regiaonews.net.br\\\/2022\\\/2023\\\/06\\\/17\\\/brasil-goleia-guine-em-amistoso-em-jogo-do-racismo\\\/#primaryimage\"},\"thumbnailUrl\":\"https:\\\/\\\/regiaonews.net.br\\\/2022\\\/wp-content\\\/uploads\\\/2023\\\/06\\\/20230617181001_614.jpeg\",\"datePublished\":\"2023-06-17T21:53:23+00:00\",\"dateModified\":\"2023-06-17T22:21:41+00:00\",\"description\":\"A sele\u00e7\u00e3o brasileira bateu Guin\u00e9 por 4 a 1,\",\"breadcrumb\":{\"@id\":\"https:\\\/\\\/regiaonews.net.br\\\/2022\\\/2023\\\/06\\\/17\\\/brasil-goleia-guine-em-amistoso-em-jogo-do-racismo\\\/#breadcrumb\"},\"inLanguage\":\"pt-BR\",\"potentialAction\":[{\"@type\":\"ReadAction\",\"target\":[\"https:\\\/\\\/regiaonews.net.br\\\/2022\\\/2023\\\/06\\\/17\\\/brasil-goleia-guine-em-amistoso-em-jogo-do-racismo\\\/\"]}]},{\"@type\":\"ImageObject\",\"inLanguage\":\"pt-BR\",\"@id\":\"https:\\\/\\\/regiaonews.net.br\\\/2022\\\/2023\\\/06\\\/17\\\/brasil-goleia-guine-em-amistoso-em-jogo-do-racismo\\\/#primaryimage\",\"url\":\"https:\\\/\\\/regiaonews.net.br\\\/2022\\\/wp-content\\\/uploads\\\/2023\\\/06\\\/20230617181001_614.jpeg\",\"contentUrl\":\"https:\\\/\\\/regiaonews.net.br\\\/2022\\\/wp-content\\\/uploads\\\/2023\\\/06\\\/20230617181001_614.jpeg\",\"width\":910,\"height\":590},{\"@type\":\"BreadcrumbList\",\"@id\":\"https:\\\/\\\/regiaonews.net.br\\\/2022\\\/2023\\\/06\\\/17\\\/brasil-goleia-guine-em-amistoso-em-jogo-do-racismo\\\/#breadcrumb\",\"itemListElement\":[{\"@type\":\"ListItem\",\"position\":1,\"name\":\"In\u00edcio\",\"item\":\"https:\\\/\\\/regiaonews.net.br\\\/2022\\\/\"},{\"@type\":\"ListItem\",\"position\":2,\"name\":\"Brasil goleia Guin\u00e9 em amistoso em jogo contra o racismo\"}]},{\"@type\":\"WebSite\",\"@id\":\"https:\\\/\\\/regiaonews.net.br\\\/2022\\\/#website\",\"url\":\"https:\\\/\\\/regiaonews.net.br\\\/2022\\\/\",\"name\":\"Regi\u00e3o News\",\"description\":\"Site de Not\u00edcias de Barretos e regi\u00e3o\",\"publisher\":{\"@id\":\"https:\\\/\\\/regiaonews.net.br\\\/2022\\\/#organization\"},\"potentialAction\":[{\"@type\":\"SearchAction\",\"target\":{\"@type\":\"EntryPoint\",\"urlTemplate\":\"https:\\\/\\\/regiaonews.net.br\\\/2022\\\/?s={search_term_string}\"},\"query-input\":{\"@type\":\"PropertyValueSpecification\",\"valueRequired\":true,\"valueName\":\"search_term_string\"}}],\"inLanguage\":\"pt-BR\"},{\"@type\":\"Organization\",\"@id\":\"https:\\\/\\\/regiaonews.net.br\\\/2022\\\/#organization\",\"name\":\"Regi\u00e3o News\",\"url\":\"https:\\\/\\\/regiaonews.net.br\\\/2022\\\/\",\"logo\":{\"@type\":\"ImageObject\",\"inLanguage\":\"pt-BR\",\"@id\":\"https:\\\/\\\/regiaonews.net.br\\\/2022\\\/#\\\/schema\\\/logo\\\/image\\\/\",\"url\":\"https:\\\/\\\/regiaonews.net.br\\\/2022\\\/wp-content\\\/uploads\\\/2026\\\/03\\\/regiao-13-anos-scaled.jpg\",\"contentUrl\":\"https:\\\/\\\/regiaonews.net.br\\\/2022\\\/wp-content\\\/uploads\\\/2026\\\/03\\\/regiao-13-anos-scaled.jpg\",\"width\":2560,\"height\":635,\"caption\":\"Regi\u00e3o News\"},\"image\":{\"@id\":\"https:\\\/\\\/regiaonews.net.br\\\/2022\\\/#\\\/schema\\\/logo\\\/image\\\/\"}},{\"@type\":\"Person\",\"@id\":\"https:\\\/\\\/regiaonews.net.br\\\/2022\\\/#\\\/schema\\\/person\\\/2d205a608a5aa97ac279d7a5e6d89ad8\",\"name\":\"Roberto\",\"image\":{\"@type\":\"ImageObject\",\"inLanguage\":\"pt-BR\",\"@id\":\"https:\\\/\\\/secure.gravatar.com\\\/avatar\\\/42749d8b712ff9d59ca93dc150494e5b55a44134482993f5baeb97e61b7ecc89?s=96&d=mm&r=g\",\"url\":\"https:\\\/\\\/secure.gravatar.com\\\/avatar\\\/42749d8b712ff9d59ca93dc150494e5b55a44134482993f5baeb97e61b7ecc89?s=96&d=mm&r=g\",\"contentUrl\":\"https:\\\/\\\/secure.gravatar.com\\\/avatar\\\/42749d8b712ff9d59ca93dc150494e5b55a44134482993f5baeb97e61b7ecc89?s=96&d=mm&r=g\",\"caption\":\"Roberto\"},\"url\":\"https:\\\/\\\/regiaonews.net.br\\\/2022\\\/author\\\/roberto\\\/\"}]}<\/script>\n<!-- \/ Yoast SEO plugin. -->","yoast_head_json":{"title":"Brasil goleia Guin\u00e9 em amistoso em jogo contra o racismo - Regi\u00e3o News","description":"A sele\u00e7\u00e3o brasileira bateu Guin\u00e9 por 4 a 1,","robots":{"index":"index","follow":"follow","max-snippet":"max-snippet:-1","max-image-preview":"max-image-preview:large","max-video-preview":"max-video-preview:-1"},"canonical":"https:\/\/regiaonews.net.br\/2022\/2023\/06\/17\/brasil-goleia-guine-em-amistoso-em-jogo-do-racismo\/","og_locale":"pt_BR","og_type":"article","og_title":"Brasil goleia Guin\u00e9 em amistoso em jogo contra o racismo - Regi\u00e3o News","og_description":"A sele\u00e7\u00e3o brasileira bateu Guin\u00e9 por 4 a 1,","og_url":"https:\/\/regiaonews.net.br\/2022\/2023\/06\/17\/brasil-goleia-guine-em-amistoso-em-jogo-do-racismo\/","og_site_name":"Regi\u00e3o News","article_published_time":"2023-06-17T21:53:23+00:00","article_modified_time":"2023-06-17T22:21:41+00:00","og_image":[{"width":910,"height":590,"url":"https:\/\/regiaonews.net.br\/2022\/wp-content\/uploads\/2023\/06\/20230617181001_614.jpeg","type":"image\/jpeg"}],"author":"Roberto","twitter_card":"summary_large_image","twitter_misc":{"Escrito por":"Roberto","Est. tempo de leitura":"2 minutos"},"schema":{"@context":"https:\/\/schema.org","@graph":[{"@type":"Article","@id":"https:\/\/regiaonews.net.br\/2022\/2023\/06\/17\/brasil-goleia-guine-em-amistoso-em-jogo-do-racismo\/#article","isPartOf":{"@id":"https:\/\/regiaonews.net.br\/2022\/2023\/06\/17\/brasil-goleia-guine-em-amistoso-em-jogo-do-racismo\/"},"author":{"name":"Roberto","@id":"https:\/\/regiaonews.net.br\/2022\/#\/schema\/person\/2d205a608a5aa97ac279d7a5e6d89ad8"},"headline":"Brasil goleia Guin\u00e9 em amistoso em jogo contra o racismo","datePublished":"2023-06-17T21:53:23+00:00","dateModified":"2023-06-17T22:21:41+00:00","mainEntityOfPage":{"@id":"https:\/\/regiaonews.net.br\/2022\/2023\/06\/17\/brasil-goleia-guine-em-amistoso-em-jogo-do-racismo\/"},"wordCount":297,"commentCount":0,"publisher":{"@id":"https:\/\/regiaonews.net.br\/2022\/#organization"},"image":{"@id":"https:\/\/regiaonews.net.br\/2022\/2023\/06\/17\/brasil-goleia-guine-em-amistoso-em-jogo-do-racismo\/#primaryimage"},"thumbnailUrl":"https:\/\/regiaonews.net.br\/2022\/wp-content\/uploads\/2023\/06\/20230617181001_614.jpeg","articleSection":["Esporte","Mundo"],"inLanguage":"pt-BR","potentialAction":[{"@type":"CommentAction","name":"Comment","target":["https:\/\/regiaonews.net.br\/2022\/2023\/06\/17\/brasil-goleia-guine-em-amistoso-em-jogo-do-racismo\/#respond"]}]},{"@type":"WebPage","@id":"https:\/\/regiaonews.net.br\/2022\/2023\/06\/17\/brasil-goleia-guine-em-amistoso-em-jogo-do-racismo\/","url":"https:\/\/regiaonews.net.br\/2022\/2023\/06\/17\/brasil-goleia-guine-em-amistoso-em-jogo-do-racismo\/","name":"Brasil goleia Guin\u00e9 em amistoso em jogo contra o racismo - Regi\u00e3o News","isPartOf":{"@id":"https:\/\/regiaonews.net.br\/2022\/#website"},"primaryImageOfPage":{"@id":"https:\/\/regiaonews.net.br\/2022\/2023\/06\/17\/brasil-goleia-guine-em-amistoso-em-jogo-do-racismo\/#primaryimage"},"image":{"@id":"https:\/\/regiaonews.net.br\/2022\/2023\/06\/17\/brasil-goleia-guine-em-amistoso-em-jogo-do-racismo\/#primaryimage"},"thumbnailUrl":"https:\/\/regiaonews.net.br\/2022\/wp-content\/uploads\/2023\/06\/20230617181001_614.jpeg","datePublished":"2023-06-17T21:53:23+00:00","dateModified":"2023-06-17T22:21:41+00:00","description":"A sele\u00e7\u00e3o brasileira bateu Guin\u00e9 por 4 a 1,","breadcrumb":{"@id":"https:\/\/regiaonews.net.br\/2022\/2023\/06\/17\/brasil-goleia-guine-em-amistoso-em-jogo-do-racismo\/#breadcrumb"},"inLanguage":"pt-BR","potentialAction":[{"@type":"ReadAction","target":["https:\/\/regiaonews.net.br\/2022\/2023\/06\/17\/brasil-goleia-guine-em-amistoso-em-jogo-do-racismo\/"]}]},{"@type":"ImageObject","inLanguage":"pt-BR","@id":"https:\/\/regiaonews.net.br\/2022\/2023\/06\/17\/brasil-goleia-guine-em-amistoso-em-jogo-do-racismo\/#primaryimage","url":"https:\/\/regiaonews.net.br\/2022\/wp-content\/uploads\/2023\/06\/20230617181001_614.jpeg","contentUrl":"https:\/\/regiaonews.net.br\/2022\/wp-content\/uploads\/2023\/06\/20230617181001_614.jpeg","width":910,"height":590},{"@type":"BreadcrumbList","@id":"https:\/\/regiaonews.net.br\/2022\/2023\/06\/17\/brasil-goleia-guine-em-amistoso-em-jogo-do-racismo\/#breadcrumb","itemListElement":[{"@type":"ListItem","position":1,"name":"In\u00edcio","item":"https:\/\/regiaonews.net.br\/2022\/"},{"@type":"ListItem","position":2,"name":"Brasil goleia Guin\u00e9 em amistoso em jogo contra o racismo"}]},{"@type":"WebSite","@id":"https:\/\/regiaonews.net.br\/2022\/#website","url":"https:\/\/regiaonews.net.br\/2022\/","name":"Regi\u00e3o News","description":"Site de Not\u00edcias de Barretos e regi\u00e3o","publisher":{"@id":"https:\/\/regiaonews.net.br\/2022\/#organization"},"potentialAction":[{"@type":"SearchAction","target":{"@type":"EntryPoint","urlTemplate":"https:\/\/regiaonews.net.br\/2022\/?s={search_term_string}"},"query-input":{"@type":"PropertyValueSpecification","valueRequired":true,"valueName":"search_term_string"}}],"inLanguage":"pt-BR"},{"@type":"Organization","@id":"https:\/\/regiaonews.net.br\/2022\/#organization","name":"Regi\u00e3o News","url":"https:\/\/regiaonews.net.br\/2022\/","logo":{"@type":"ImageObject","inLanguage":"pt-BR","@id":"https:\/\/regiaonews.net.br\/2022\/#\/schema\/logo\/image\/","url":"https:\/\/regiaonews.net.br\/2022\/wp-content\/uploads\/2026\/03\/regiao-13-anos-scaled.jpg","contentUrl":"https:\/\/regiaonews.net.br\/2022\/wp-content\/uploads\/2026\/03\/regiao-13-anos-scaled.jpg","width":2560,"height":635,"caption":"Regi\u00e3o News"},"image":{"@id":"https:\/\/regiaonews.net.br\/2022\/#\/schema\/logo\/image\/"}},{"@type":"Person","@id":"https:\/\/regiaonews.net.br\/2022\/#\/schema\/person\/2d205a608a5aa97ac279d7a5e6d89ad8","name":"Roberto","image":{"@type":"ImageObject","inLanguage":"pt-BR","@id":"https:\/\/secure.gravatar.com\/avatar\/42749d8b712ff9d59ca93dc150494e5b55a44134482993f5baeb97e61b7ecc89?s=96&d=mm&r=g","url":"https:\/\/secure.gravatar.com\/avatar\/42749d8b712ff9d59ca93dc150494e5b55a44134482993f5baeb97e61b7ecc89?s=96&d=mm&r=g","contentUrl":"https:\/\/secure.gravatar.com\/avatar\/42749d8b712ff9d59ca93dc150494e5b55a44134482993f5baeb97e61b7ecc89?s=96&d=mm&r=g","caption":"Roberto"},"url":"https:\/\/regiaonews.net.br\/2022\/author\/roberto\/"}]}},"publishpress_future_action":{"enabled":false,"date":"2026-05-03 03:43:26","action":"change-status","newStatus":"draft","terms":[],"taxonomy":"category","extraData":[]},"publishpress_future_workflow_manual_trigger":{"enabledWorkflows":[]},"_links":{"self":[{"href":"https:\/\/regiaonews.net.br\/2022\/wp-json\/wp\/v2\/posts\/90180","targetHints":{"allow":["GET"]}}],"collection":[{"href":"https:\/\/regiaonews.net.br\/2022\/wp-json\/wp\/v2\/posts"}],"about":[{"href":"https:\/\/regiaonews.net.br\/2022\/wp-json\/wp\/v2\/types\/post"}],"author":[{"embeddable":true,"href":"https:\/\/regiaonews.net.br\/2022\/wp-json\/wp\/v2\/users\/2"}],"replies":[{"embeddable":true,"href":"https:\/\/regiaonews.net.br\/2022\/wp-json\/wp\/v2\/comments?post=90180"}],"version-history":[{"count":3,"href":"https:\/\/regiaonews.net.br\/2022\/wp-json\/wp\/v2\/posts\/90180\/revisions"}],"predecessor-version":[{"id":90184,"href":"https:\/\/regiaonews.net.br\/2022\/wp-json\/wp\/v2\/posts\/90180\/revisions\/90184"}],"wp:featuredmedia":[{"embeddable":true,"href":"https:\/\/regiaonews.net.br\/2022\/wp-json\/wp\/v2\/media\/90181"}],"wp:attachment":[{"href":"https:\/\/regiaonews.net.br\/2022\/wp-json\/wp\/v2\/media?parent=90180"}],"wp:term":[{"taxonomy":"category","embeddable":true,"href":"https:\/\/regiaonews.net.br\/2022\/wp-json\/wp\/v2\/categories?post=90180"},{"taxonomy":"post_tag","embeddable":true,"href":"https:\/\/regiaonews.net.br\/2022\/wp-json\/wp\/v2\/tags?post=90180"}],"curies":[{"name":"wp","href":"https:\/\/api.w.org\/{rel}","templated":true}]}}