{"id":90166,"date":"2023-06-17T10:36:28","date_gmt":"2023-06-17T13:36:28","guid":{"rendered":"https:\/\/regiaonews.net.br\/2022\/?p=90166"},"modified":"2023-06-17T10:36:28","modified_gmt":"2023-06-17T13:36:28","slug":"prefeitura-de-colina-realiza-a-13a-conferencia-municipal-de-assistencia-social","status":"publish","type":"post","link":"https:\/\/regiaonews.net.br\/2022\/2023\/06\/17\/prefeitura-de-colina-realiza-a-13a-conferencia-municipal-de-assistencia-social\/","title":{"rendered":"Prefeitura de Colina realiza a 13\u00aa Confer\u00eancia Municipal de Assist\u00eancia Social"},"content":{"rendered":"<p>A Prefeitura Municipal de Colina, por meio da Secretaria Municipal de Desenvolvimento Social e do Conselho Municipal de Assist\u00eancia Social, vai realizar a 13\u00aa. Confer\u00eancia Municipal de Assist\u00eancia Social na manh\u00e3 do dia 19 de junho, no Audit\u00f3rio da Secretaria Municipal de Educa\u00e7\u00e3o.<\/p>\n<p>A Confer\u00eancia tem como objetivo avaliar a Pol\u00edtica Nacional de Assist\u00eancia Social e propor diretrizes para o aperfei\u00e7oamento do Sistema \u00danico de Assist\u00eancia Social \u2013 SUAS. A 13\u00aa edi\u00e7\u00e3o vai abordar o tema<em>\u00a0\u201cReconstru\u00e7\u00e3o do SUAS: o SUAS que temos e o SUAS que queremos!\u201d.<\/em><\/p>\n<p>Vale ressaltar que a Confer\u00eancia Municipal de Assist\u00eancia Social refere-se \u00e0 um processo que oportuniza a participa\u00e7\u00e3o social e, portanto, \u00e9 aberta \u00e0 participa\u00e7\u00e3o da popula\u00e7\u00e3o.<\/p>\n<p>Assim, a 13\u00aa. Confer\u00eancia \u00e9 um espa\u00e7o de debate coletivo, no qual ir\u00e1 priorizar um tempo para discuss\u00f5es e avalia\u00e7\u00f5es das a\u00e7\u00f5es governamentais. Al\u00e9m disso, o evento ir\u00e1 decidir quais as prioridades para a Assist\u00eancia Social nos pr\u00f3ximos anos.<\/p>\n<p>Portanto \u00e9 imprescind\u00edvel a participa\u00e7\u00e3o popular, considerando que a Confer\u00eancia \u00e9 uma oportunidade de reuni\u00e3o dos governos Municipal, Estadual e Federal, com a da Sociedade Civil, ou seja, com a popula\u00e7\u00e3o em geral e, em especial, com os usu\u00e1rios atuais dessa pol\u00edtica, para debater e decidir as prioridades nas pol\u00edticas p\u00fablicas para os pr\u00f3ximos anos.<\/p>\n","protected":false},"excerpt":{"rendered":"<p>A Prefeitura Municipal de Colina, por meio da Secretaria Municipal<\/p>\n","protected":false},"author":2,"featured_media":90167,"comment_status":"open","ping_status":"open","sticky":false,"template":"","format":"standard","meta":{"footnotes":""},"categories":[25,5],"tags":[],"class_list":["post-90166","post","type-post","status-publish","format-standard","has-post-thumbnail","hentry","category-cidades","category-colina"],"yoast_head":"<!-- This site is optimized with the Yoast SEO plugin v27.5 - https:\/\/yoast.com\/product\/yoast-seo-wordpress\/ -->\n<title>Prefeitura de Colina realiza a 13\u00aa Confer\u00eancia Municipal de Assist\u00eancia Social - Regi\u00e3o News<\/title>\n<meta name=\"robots\" content=\"index, follow, max-snippet:-1, max-image-preview:large, max-video-preview:-1\" \/>\n<link rel=\"canonical\" href=\"https:\/\/regiaonews.net.br\/2022\/2023\/06\/17\/prefeitura-de-colina-realiza-a-13a-conferencia-municipal-de-assistencia-social\/\" \/>\n<meta property=\"og:locale\" content=\"pt_BR\" \/>\n<meta property=\"og:type\" content=\"article\" \/>\n<meta property=\"og:title\" content=\"Prefeitura de Colina realiza a 13\u00aa Confer\u00eancia Municipal de Assist\u00eancia Social - Regi\u00e3o News\" \/>\n<meta property=\"og:description\" content=\"A Prefeitura Municipal de Colina, por meio da Secretaria Municipal\" \/>\n<meta property=\"og:url\" content=\"https:\/\/regiaonews.net.br\/2022\/2023\/06\/17\/prefeitura-de-colina-realiza-a-13a-conferencia-municipal-de-assistencia-social\/\" \/>\n<meta property=\"og:site_name\" content=\"Regi\u00e3o News\" \/>\n<meta property=\"article:published_time\" content=\"2023-06-17T13:36:28+00:00\" \/>\n<meta property=\"og:image\" content=\"https:\/\/regiaonews.net.br\/2022\/wp-content\/uploads\/2023\/06\/Educacao-Colina.jpg\" \/>\n\t<meta property=\"og:image:width\" content=\"494\" \/>\n\t<meta property=\"og:image:height\" content=\"309\" \/>\n\t<meta property=\"og:image:type\" content=\"image\/jpeg\" \/>\n<meta name=\"author\" content=\"Roberto\" \/>\n<meta name=\"twitter:card\" content=\"summary_large_image\" \/>\n<meta name=\"twitter:label1\" content=\"Escrito por\" \/>\n\t<meta name=\"twitter:data1\" content=\"Roberto\" \/>\n\t<meta name=\"twitter:label2\" content=\"Est. tempo de leitura\" \/>\n\t<meta name=\"twitter:data2\" content=\"2 minutos\" \/>\n<script type=\"application\/ld+json\" class=\"yoast-schema-graph\">{\"@context\":\"https:\\\/\\\/schema.org\",\"@graph\":[{\"@type\":\"Article\",\"@id\":\"https:\\\/\\\/regiaonews.net.br\\\/2022\\\/2023\\\/06\\\/17\\\/prefeitura-de-colina-realiza-a-13a-conferencia-municipal-de-assistencia-social\\\/#article\",\"isPartOf\":{\"@id\":\"https:\\\/\\\/regiaonews.net.br\\\/2022\\\/2023\\\/06\\\/17\\\/prefeitura-de-colina-realiza-a-13a-conferencia-municipal-de-assistencia-social\\\/\"},\"author\":{\"name\":\"Roberto\",\"@id\":\"https:\\\/\\\/regiaonews.net.br\\\/2022\\\/#\\\/schema\\\/person\\\/2d205a608a5aa97ac279d7a5e6d89ad8\"},\"headline\":\"Prefeitura de Colina realiza a 13\u00aa Confer\u00eancia Municipal de Assist\u00eancia Social\",\"datePublished\":\"2023-06-17T13:36:28+00:00\",\"mainEntityOfPage\":{\"@id\":\"https:\\\/\\\/regiaonews.net.br\\\/2022\\\/2023\\\/06\\\/17\\\/prefeitura-de-colina-realiza-a-13a-conferencia-municipal-de-assistencia-social\\\/\"},\"wordCount\":244,\"commentCount\":0,\"publisher\":{\"@id\":\"https:\\\/\\\/regiaonews.net.br\\\/2022\\\/#organization\"},\"image\":{\"@id\":\"https:\\\/\\\/regiaonews.net.br\\\/2022\\\/2023\\\/06\\\/17\\\/prefeitura-de-colina-realiza-a-13a-conferencia-municipal-de-assistencia-social\\\/#primaryimage\"},\"thumbnailUrl\":\"https:\\\/\\\/regiaonews.net.br\\\/2022\\\/wp-content\\\/uploads\\\/2023\\\/06\\\/Educacao-Colina.jpg\",\"articleSection\":[\"Cidades\",\"Colina\"],\"inLanguage\":\"pt-BR\",\"potentialAction\":[{\"@type\":\"CommentAction\",\"name\":\"Comment\",\"target\":[\"https:\\\/\\\/regiaonews.net.br\\\/2022\\\/2023\\\/06\\\/17\\\/prefeitura-de-colina-realiza-a-13a-conferencia-municipal-de-assistencia-social\\\/#respond\"]}]},{\"@type\":\"WebPage\",\"@id\":\"https:\\\/\\\/regiaonews.net.br\\\/2022\\\/2023\\\/06\\\/17\\\/prefeitura-de-colina-realiza-a-13a-conferencia-municipal-de-assistencia-social\\\/\",\"url\":\"https:\\\/\\\/regiaonews.net.br\\\/2022\\\/2023\\\/06\\\/17\\\/prefeitura-de-colina-realiza-a-13a-conferencia-municipal-de-assistencia-social\\\/\",\"name\":\"Prefeitura de Colina realiza a 13\u00aa Confer\u00eancia Municipal de Assist\u00eancia Social - Regi\u00e3o News\",\"isPartOf\":{\"@id\":\"https:\\\/\\\/regiaonews.net.br\\\/2022\\\/#website\"},\"primaryImageOfPage\":{\"@id\":\"https:\\\/\\\/regiaonews.net.br\\\/2022\\\/2023\\\/06\\\/17\\\/prefeitura-de-colina-realiza-a-13a-conferencia-municipal-de-assistencia-social\\\/#primaryimage\"},\"image\":{\"@id\":\"https:\\\/\\\/regiaonews.net.br\\\/2022\\\/2023\\\/06\\\/17\\\/prefeitura-de-colina-realiza-a-13a-conferencia-municipal-de-assistencia-social\\\/#primaryimage\"},\"thumbnailUrl\":\"https:\\\/\\\/regiaonews.net.br\\\/2022\\\/wp-content\\\/uploads\\\/2023\\\/06\\\/Educacao-Colina.jpg\",\"datePublished\":\"2023-06-17T13:36:28+00:00\",\"breadcrumb\":{\"@id\":\"https:\\\/\\\/regiaonews.net.br\\\/2022\\\/2023\\\/06\\\/17\\\/prefeitura-de-colina-realiza-a-13a-conferencia-municipal-de-assistencia-social\\\/#breadcrumb\"},\"inLanguage\":\"pt-BR\",\"potentialAction\":[{\"@type\":\"ReadAction\",\"target\":[\"https:\\\/\\\/regiaonews.net.br\\\/2022\\\/2023\\\/06\\\/17\\\/prefeitura-de-colina-realiza-a-13a-conferencia-municipal-de-assistencia-social\\\/\"]}]},{\"@type\":\"ImageObject\",\"inLanguage\":\"pt-BR\",\"@id\":\"https:\\\/\\\/regiaonews.net.br\\\/2022\\\/2023\\\/06\\\/17\\\/prefeitura-de-colina-realiza-a-13a-conferencia-municipal-de-assistencia-social\\\/#primaryimage\",\"url\":\"https:\\\/\\\/regiaonews.net.br\\\/2022\\\/wp-content\\\/uploads\\\/2023\\\/06\\\/Educacao-Colina.jpg\",\"contentUrl\":\"https:\\\/\\\/regiaonews.net.br\\\/2022\\\/wp-content\\\/uploads\\\/2023\\\/06\\\/Educacao-Colina.jpg\",\"width\":494,\"height\":309},{\"@type\":\"BreadcrumbList\",\"@id\":\"https:\\\/\\\/regiaonews.net.br\\\/2022\\\/2023\\\/06\\\/17\\\/prefeitura-de-colina-realiza-a-13a-conferencia-municipal-de-assistencia-social\\\/#breadcrumb\",\"itemListElement\":[{\"@type\":\"ListItem\",\"position\":1,\"name\":\"In\u00edcio\",\"item\":\"https:\\\/\\\/regiaonews.net.br\\\/2022\\\/\"},{\"@type\":\"ListItem\",\"position\":2,\"name\":\"Prefeitura de Colina realiza a 13\u00aa Confer\u00eancia Municipal de Assist\u00eancia Social\"}]},{\"@type\":\"WebSite\",\"@id\":\"https:\\\/\\\/regiaonews.net.br\\\/2022\\\/#website\",\"url\":\"https:\\\/\\\/regiaonews.net.br\\\/2022\\\/\",\"name\":\"Regi\u00e3o News\",\"description\":\"Site de Not\u00edcias de Barretos e regi\u00e3o\",\"publisher\":{\"@id\":\"https:\\\/\\\/regiaonews.net.br\\\/2022\\\/#organization\"},\"potentialAction\":[{\"@type\":\"SearchAction\",\"target\":{\"@type\":\"EntryPoint\",\"urlTemplate\":\"https:\\\/\\\/regiaonews.net.br\\\/2022\\\/?s={search_term_string}\"},\"query-input\":{\"@type\":\"PropertyValueSpecification\",\"valueRequired\":true,\"valueName\":\"search_term_string\"}}],\"inLanguage\":\"pt-BR\"},{\"@type\":\"Organization\",\"@id\":\"https:\\\/\\\/regiaonews.net.br\\\/2022\\\/#organization\",\"name\":\"Regi\u00e3o News\",\"url\":\"https:\\\/\\\/regiaonews.net.br\\\/2022\\\/\",\"logo\":{\"@type\":\"ImageObject\",\"inLanguage\":\"pt-BR\",\"@id\":\"https:\\\/\\\/regiaonews.net.br\\\/2022\\\/#\\\/schema\\\/logo\\\/image\\\/\",\"url\":\"https:\\\/\\\/regiaonews.net.br\\\/2022\\\/wp-content\\\/uploads\\\/2026\\\/03\\\/regiao-13-anos-scaled.jpg\",\"contentUrl\":\"https:\\\/\\\/regiaonews.net.br\\\/2022\\\/wp-content\\\/uploads\\\/2026\\\/03\\\/regiao-13-anos-scaled.jpg\",\"width\":2560,\"height\":635,\"caption\":\"Regi\u00e3o News\"},\"image\":{\"@id\":\"https:\\\/\\\/regiaonews.net.br\\\/2022\\\/#\\\/schema\\\/logo\\\/image\\\/\"}},{\"@type\":\"Person\",\"@id\":\"https:\\\/\\\/regiaonews.net.br\\\/2022\\\/#\\\/schema\\\/person\\\/2d205a608a5aa97ac279d7a5e6d89ad8\",\"name\":\"Roberto\",\"image\":{\"@type\":\"ImageObject\",\"inLanguage\":\"pt-BR\",\"@id\":\"https:\\\/\\\/secure.gravatar.com\\\/avatar\\\/42749d8b712ff9d59ca93dc150494e5b55a44134482993f5baeb97e61b7ecc89?s=96&d=mm&r=g\",\"url\":\"https:\\\/\\\/secure.gravatar.com\\\/avatar\\\/42749d8b712ff9d59ca93dc150494e5b55a44134482993f5baeb97e61b7ecc89?s=96&d=mm&r=g\",\"contentUrl\":\"https:\\\/\\\/secure.gravatar.com\\\/avatar\\\/42749d8b712ff9d59ca93dc150494e5b55a44134482993f5baeb97e61b7ecc89?s=96&d=mm&r=g\",\"caption\":\"Roberto\"},\"url\":\"https:\\\/\\\/regiaonews.net.br\\\/2022\\\/author\\\/roberto\\\/\"}]}<\/script>\n<!-- \/ Yoast SEO plugin. -->","yoast_head_json":{"title":"Prefeitura de Colina realiza a 13\u00aa Confer\u00eancia Municipal de Assist\u00eancia Social - Regi\u00e3o News","robots":{"index":"index","follow":"follow","max-snippet":"max-snippet:-1","max-image-preview":"max-image-preview:large","max-video-preview":"max-video-preview:-1"},"canonical":"https:\/\/regiaonews.net.br\/2022\/2023\/06\/17\/prefeitura-de-colina-realiza-a-13a-conferencia-municipal-de-assistencia-social\/","og_locale":"pt_BR","og_type":"article","og_title":"Prefeitura de Colina realiza a 13\u00aa Confer\u00eancia Municipal de Assist\u00eancia Social - Regi\u00e3o News","og_description":"A Prefeitura Municipal de Colina, por meio da Secretaria Municipal","og_url":"https:\/\/regiaonews.net.br\/2022\/2023\/06\/17\/prefeitura-de-colina-realiza-a-13a-conferencia-municipal-de-assistencia-social\/","og_site_name":"Regi\u00e3o News","article_published_time":"2023-06-17T13:36:28+00:00","og_image":[{"width":494,"height":309,"url":"https:\/\/regiaonews.net.br\/2022\/wp-content\/uploads\/2023\/06\/Educacao-Colina.jpg","type":"image\/jpeg"}],"author":"Roberto","twitter_card":"summary_large_image","twitter_misc":{"Escrito por":"Roberto","Est. tempo de leitura":"2 minutos"},"schema":{"@context":"https:\/\/schema.org","@graph":[{"@type":"Article","@id":"https:\/\/regiaonews.net.br\/2022\/2023\/06\/17\/prefeitura-de-colina-realiza-a-13a-conferencia-municipal-de-assistencia-social\/#article","isPartOf":{"@id":"https:\/\/regiaonews.net.br\/2022\/2023\/06\/17\/prefeitura-de-colina-realiza-a-13a-conferencia-municipal-de-assistencia-social\/"},"author":{"name":"Roberto","@id":"https:\/\/regiaonews.net.br\/2022\/#\/schema\/person\/2d205a608a5aa97ac279d7a5e6d89ad8"},"headline":"Prefeitura de Colina realiza a 13\u00aa Confer\u00eancia Municipal de Assist\u00eancia Social","datePublished":"2023-06-17T13:36:28+00:00","mainEntityOfPage":{"@id":"https:\/\/regiaonews.net.br\/2022\/2023\/06\/17\/prefeitura-de-colina-realiza-a-13a-conferencia-municipal-de-assistencia-social\/"},"wordCount":244,"commentCount":0,"publisher":{"@id":"https:\/\/regiaonews.net.br\/2022\/#organization"},"image":{"@id":"https:\/\/regiaonews.net.br\/2022\/2023\/06\/17\/prefeitura-de-colina-realiza-a-13a-conferencia-municipal-de-assistencia-social\/#primaryimage"},"thumbnailUrl":"https:\/\/regiaonews.net.br\/2022\/wp-content\/uploads\/2023\/06\/Educacao-Colina.jpg","articleSection":["Cidades","Colina"],"inLanguage":"pt-BR","potentialAction":[{"@type":"CommentAction","name":"Comment","target":["https:\/\/regiaonews.net.br\/2022\/2023\/06\/17\/prefeitura-de-colina-realiza-a-13a-conferencia-municipal-de-assistencia-social\/#respond"]}]},{"@type":"WebPage","@id":"https:\/\/regiaonews.net.br\/2022\/2023\/06\/17\/prefeitura-de-colina-realiza-a-13a-conferencia-municipal-de-assistencia-social\/","url":"https:\/\/regiaonews.net.br\/2022\/2023\/06\/17\/prefeitura-de-colina-realiza-a-13a-conferencia-municipal-de-assistencia-social\/","name":"Prefeitura de Colina realiza a 13\u00aa Confer\u00eancia Municipal de Assist\u00eancia Social - Regi\u00e3o News","isPartOf":{"@id":"https:\/\/regiaonews.net.br\/2022\/#website"},"primaryImageOfPage":{"@id":"https:\/\/regiaonews.net.br\/2022\/2023\/06\/17\/prefeitura-de-colina-realiza-a-13a-conferencia-municipal-de-assistencia-social\/#primaryimage"},"image":{"@id":"https:\/\/regiaonews.net.br\/2022\/2023\/06\/17\/prefeitura-de-colina-realiza-a-13a-conferencia-municipal-de-assistencia-social\/#primaryimage"},"thumbnailUrl":"https:\/\/regiaonews.net.br\/2022\/wp-content\/uploads\/2023\/06\/Educacao-Colina.jpg","datePublished":"2023-06-17T13:36:28+00:00","breadcrumb":{"@id":"https:\/\/regiaonews.net.br\/2022\/2023\/06\/17\/prefeitura-de-colina-realiza-a-13a-conferencia-municipal-de-assistencia-social\/#breadcrumb"},"inLanguage":"pt-BR","potentialAction":[{"@type":"ReadAction","target":["https:\/\/regiaonews.net.br\/2022\/2023\/06\/17\/prefeitura-de-colina-realiza-a-13a-conferencia-municipal-de-assistencia-social\/"]}]},{"@type":"ImageObject","inLanguage":"pt-BR","@id":"https:\/\/regiaonews.net.br\/2022\/2023\/06\/17\/prefeitura-de-colina-realiza-a-13a-conferencia-municipal-de-assistencia-social\/#primaryimage","url":"https:\/\/regiaonews.net.br\/2022\/wp-content\/uploads\/2023\/06\/Educacao-Colina.jpg","contentUrl":"https:\/\/regiaonews.net.br\/2022\/wp-content\/uploads\/2023\/06\/Educacao-Colina.jpg","width":494,"height":309},{"@type":"BreadcrumbList","@id":"https:\/\/regiaonews.net.br\/2022\/2023\/06\/17\/prefeitura-de-colina-realiza-a-13a-conferencia-municipal-de-assistencia-social\/#breadcrumb","itemListElement":[{"@type":"ListItem","position":1,"name":"In\u00edcio","item":"https:\/\/regiaonews.net.br\/2022\/"},{"@type":"ListItem","position":2,"name":"Prefeitura de Colina realiza a 13\u00aa Confer\u00eancia Municipal de Assist\u00eancia Social"}]},{"@type":"WebSite","@id":"https:\/\/regiaonews.net.br\/2022\/#website","url":"https:\/\/regiaonews.net.br\/2022\/","name":"Regi\u00e3o News","description":"Site de Not\u00edcias de Barretos e regi\u00e3o","publisher":{"@id":"https:\/\/regiaonews.net.br\/2022\/#organization"},"potentialAction":[{"@type":"SearchAction","target":{"@type":"EntryPoint","urlTemplate":"https:\/\/regiaonews.net.br\/2022\/?s={search_term_string}"},"query-input":{"@type":"PropertyValueSpecification","valueRequired":true,"valueName":"search_term_string"}}],"inLanguage":"pt-BR"},{"@type":"Organization","@id":"https:\/\/regiaonews.net.br\/2022\/#organization","name":"Regi\u00e3o News","url":"https:\/\/regiaonews.net.br\/2022\/","logo":{"@type":"ImageObject","inLanguage":"pt-BR","@id":"https:\/\/regiaonews.net.br\/2022\/#\/schema\/logo\/image\/","url":"https:\/\/regiaonews.net.br\/2022\/wp-content\/uploads\/2026\/03\/regiao-13-anos-scaled.jpg","contentUrl":"https:\/\/regiaonews.net.br\/2022\/wp-content\/uploads\/2026\/03\/regiao-13-anos-scaled.jpg","width":2560,"height":635,"caption":"Regi\u00e3o News"},"image":{"@id":"https:\/\/regiaonews.net.br\/2022\/#\/schema\/logo\/image\/"}},{"@type":"Person","@id":"https:\/\/regiaonews.net.br\/2022\/#\/schema\/person\/2d205a608a5aa97ac279d7a5e6d89ad8","name":"Roberto","image":{"@type":"ImageObject","inLanguage":"pt-BR","@id":"https:\/\/secure.gravatar.com\/avatar\/42749d8b712ff9d59ca93dc150494e5b55a44134482993f5baeb97e61b7ecc89?s=96&d=mm&r=g","url":"https:\/\/secure.gravatar.com\/avatar\/42749d8b712ff9d59ca93dc150494e5b55a44134482993f5baeb97e61b7ecc89?s=96&d=mm&r=g","contentUrl":"https:\/\/secure.gravatar.com\/avatar\/42749d8b712ff9d59ca93dc150494e5b55a44134482993f5baeb97e61b7ecc89?s=96&d=mm&r=g","caption":"Roberto"},"url":"https:\/\/regiaonews.net.br\/2022\/author\/roberto\/"}]}},"publishpress_future_action":{"enabled":false,"date":"2026-05-10 07:37:54","action":"change-status","newStatus":"draft","terms":[],"taxonomy":"category","extraData":[]},"publishpress_future_workflow_manual_trigger":{"enabledWorkflows":[]},"_links":{"self":[{"href":"https:\/\/regiaonews.net.br\/2022\/wp-json\/wp\/v2\/posts\/90166","targetHints":{"allow":["GET"]}}],"collection":[{"href":"https:\/\/regiaonews.net.br\/2022\/wp-json\/wp\/v2\/posts"}],"about":[{"href":"https:\/\/regiaonews.net.br\/2022\/wp-json\/wp\/v2\/types\/post"}],"author":[{"embeddable":true,"href":"https:\/\/regiaonews.net.br\/2022\/wp-json\/wp\/v2\/users\/2"}],"replies":[{"embeddable":true,"href":"https:\/\/regiaonews.net.br\/2022\/wp-json\/wp\/v2\/comments?post=90166"}],"version-history":[{"count":1,"href":"https:\/\/regiaonews.net.br\/2022\/wp-json\/wp\/v2\/posts\/90166\/revisions"}],"predecessor-version":[{"id":90168,"href":"https:\/\/regiaonews.net.br\/2022\/wp-json\/wp\/v2\/posts\/90166\/revisions\/90168"}],"wp:featuredmedia":[{"embeddable":true,"href":"https:\/\/regiaonews.net.br\/2022\/wp-json\/wp\/v2\/media\/90167"}],"wp:attachment":[{"href":"https:\/\/regiaonews.net.br\/2022\/wp-json\/wp\/v2\/media?parent=90166"}],"wp:term":[{"taxonomy":"category","embeddable":true,"href":"https:\/\/regiaonews.net.br\/2022\/wp-json\/wp\/v2\/categories?post=90166"},{"taxonomy":"post_tag","embeddable":true,"href":"https:\/\/regiaonews.net.br\/2022\/wp-json\/wp\/v2\/tags?post=90166"}],"curies":[{"name":"wp","href":"https:\/\/api.w.org\/{rel}","templated":true}]}}