{"id":90133,"date":"2023-06-16T18:50:45","date_gmt":"2023-06-16T21:50:45","guid":{"rendered":"https:\/\/regiaonews.net.br\/2022\/?p=90133"},"modified":"2023-06-16T18:50:45","modified_gmt":"2023-06-16T21:50:45","slug":"a-media-de-moradores-por-residencia-caiu-de-312-em-2010-para-266-em-2022","status":"publish","type":"post","link":"https:\/\/regiaonews.net.br\/2022\/2023\/06\/16\/a-media-de-moradores-por-residencia-caiu-de-312-em-2010-para-266-em-2022\/","title":{"rendered":"A m\u00e9dia de moradores por resid\u00eancia caiu de 3,12 em 2010 para 2,66 em 2022."},"content":{"rendered":"<p>Censo 2022 apresenta dados preliminares<\/p>\n<p>Gua\u00edra tem 39.190 habitantes em 2010 (\u00faltimo Censo) eram 37.404<\/p>\n<p>Os t\u00e9cnicos do IBGE\/Regional Barretos estiveram nesta sexta-feira, dia 16 de junho, no plen\u00e1rio da C\u00e2mara Municipal de Gua\u00edra para apresentar os dados preliminares do Censo 2022. O coordenador do IBGE regional\/Barretos, J\u00falio C\u00e9sar Moura, e os t\u00e9cnicos do IBGE, Jefferson Joel de Carvalho Junior e Thales Gonzaga Antonietti, esclareceram como ocorreu o Censo e apresentaram os n\u00fameros preliminares.<\/p>\n<p>Os dados oficiais devem ser apresentados nacionalmente pelo IBGE no dia 28 de junho. Assim os n\u00fameros preliminares podem sofrer altera\u00e7\u00e3o, uma vez que c\u00e1lculos estat\u00edsticos devem ser aplicados para contabilizar moradores de domic\u00edlios onde n\u00e3o foram poss\u00edveis as entrevistas.<\/p>\n<p>De acordo com os dados apresentados, Gua\u00edra tem hoje 39.190 habitantes, um aumento de 4,78% em rela\u00e7\u00e3o ao \u00faltimo Censo em 2010, quando foram registrados 37.404 habitantes. Pelos dados do censo, o munic\u00edpio possui 16.958 domic\u00edlios, sendo que 14.700 foram visitados pelos agentes do Censo. Apenas 38 domic\u00edlios, classificados como ocupados, constaram como fechados ou n\u00e3o visitados.<\/p>\n<p>&nbsp;<\/p>\n<p>Pelos dados levantados pelo IBGE, Gua\u00edra tem 1.563 domic\u00edlios vagos, sem moradores, e outros 695 de uso ocasional, como casas de festas ou ranchos para recrea\u00e7\u00e3o.<\/p>\n<p>&nbsp;<\/p>\n<p>O IBGE utiliza ferramentas de cruzamentos de dados com outras institui\u00e7\u00f5es que t\u00eam informa\u00e7\u00f5es sobre ocupa\u00e7\u00e3o e im\u00f3veis, como Aneel (Agencia Nacional de Energia El\u00e9trica), e com coleta de dados digitalizada, tamb\u00e9m rastreada por sat\u00e9lite, \u00e9 poss\u00edvel monitorar a qualidade do levantamento de dados. O Instituto alcan\u00e7ou a marca de 99,74% de domic\u00edlios de Gua\u00edra com entrevistas realizadas.<\/p>\n<p>O IBGE aponta como fatores para o aumento ou queda de crescimento demogr\u00e1fico, a baixa natalidade das mulheres e a sa\u00edda dos jovens, que v\u00e3o estudar ou trabalhar em outras cidades, principalmente grandes centros.<\/p>\n<p>Os dados preliminares do Censo 2022 em Gua\u00edra s\u00e3o importantes para a gest\u00e3o municipal e para o planejamento de pol\u00edticas p\u00fablicas. A partir desses dados, \u00e9 poss\u00edvel identificar as necessidades da popula\u00e7\u00e3o e planejar melhorias nas \u00e1reas de sa\u00fade, educa\u00e7\u00e3o, saneamento b\u00e1sico, entre outras.<\/p>\n<p>\u201cA apresenta\u00e7\u00e3o dos dados do Censo pelo IBGE evidencia a import\u00e2ncia desse levantamento para o desenvolvimento de nossa cidade. O Censo \u00e9 a forma mais completa de retratar a realidade da popula\u00e7\u00e3o, e os dados coletados s\u00e3o indispens\u00e1veis para a nossa gest\u00e3o nortear o planejamento\u201d, comentou o Prefeito Jun\u00e3o.<\/p>\n","protected":false},"excerpt":{"rendered":"<p>Censo 2022 apresenta dados preliminares Gua\u00edra tem 39.190 habitantes em<\/p>\n","protected":false},"author":2,"featured_media":78137,"comment_status":"open","ping_status":"open","sticky":false,"template":"","format":"standard","meta":{"footnotes":""},"categories":[25,8],"tags":[],"class_list":["post-90133","post","type-post","status-publish","format-standard","has-post-thumbnail","hentry","category-cidades","category-guaira"],"yoast_head":"<!-- This site is optimized with the Yoast SEO plugin v27.5 - https:\/\/yoast.com\/product\/yoast-seo-wordpress\/ -->\n<title>A m\u00e9dia de moradores por resid\u00eancia caiu de 3,12 em 2010 para 2,66 em 2022. - Regi\u00e3o News<\/title>\n<meta name=\"robots\" content=\"index, follow, max-snippet:-1, max-image-preview:large, max-video-preview:-1\" \/>\n<link rel=\"canonical\" href=\"https:\/\/regiaonews.net.br\/2022\/2023\/06\/16\/a-media-de-moradores-por-residencia-caiu-de-312-em-2010-para-266-em-2022\/\" \/>\n<meta property=\"og:locale\" content=\"pt_BR\" \/>\n<meta property=\"og:type\" content=\"article\" \/>\n<meta property=\"og:title\" content=\"A m\u00e9dia de moradores por resid\u00eancia caiu de 3,12 em 2010 para 2,66 em 2022. - Regi\u00e3o News\" \/>\n<meta property=\"og:description\" content=\"Censo 2022 apresenta dados preliminares Gua\u00edra tem 39.190 habitantes em\" \/>\n<meta property=\"og:url\" content=\"https:\/\/regiaonews.net.br\/2022\/2023\/06\/16\/a-media-de-moradores-por-residencia-caiu-de-312-em-2010-para-266-em-2022\/\" \/>\n<meta property=\"og:site_name\" content=\"Regi\u00e3o News\" \/>\n<meta property=\"article:published_time\" content=\"2023-06-16T21:50:45+00:00\" \/>\n<meta property=\"og:image\" content=\"https:\/\/regiaonews.net.br\/2022\/wp-content\/uploads\/2022\/09\/selecaoibge_home.jpg\" \/>\n\t<meta property=\"og:image:width\" content=\"1170\" \/>\n\t<meta property=\"og:image:height\" content=\"700\" \/>\n\t<meta property=\"og:image:type\" content=\"image\/jpeg\" \/>\n<meta name=\"author\" content=\"Roberto\" \/>\n<meta name=\"twitter:card\" content=\"summary_large_image\" \/>\n<meta name=\"twitter:label1\" content=\"Escrito por\" \/>\n\t<meta name=\"twitter:data1\" content=\"Roberto\" \/>\n\t<meta name=\"twitter:label2\" content=\"Est. tempo de leitura\" \/>\n\t<meta name=\"twitter:data2\" content=\"3 minutos\" \/>\n<script type=\"application\/ld+json\" class=\"yoast-schema-graph\">{\"@context\":\"https:\\\/\\\/schema.org\",\"@graph\":[{\"@type\":\"Article\",\"@id\":\"https:\\\/\\\/regiaonews.net.br\\\/2022\\\/2023\\\/06\\\/16\\\/a-media-de-moradores-por-residencia-caiu-de-312-em-2010-para-266-em-2022\\\/#article\",\"isPartOf\":{\"@id\":\"https:\\\/\\\/regiaonews.net.br\\\/2022\\\/2023\\\/06\\\/16\\\/a-media-de-moradores-por-residencia-caiu-de-312-em-2010-para-266-em-2022\\\/\"},\"author\":{\"name\":\"Roberto\",\"@id\":\"https:\\\/\\\/regiaonews.net.br\\\/2022\\\/#\\\/schema\\\/person\\\/2d205a608a5aa97ac279d7a5e6d89ad8\"},\"headline\":\"A m\u00e9dia de moradores por resid\u00eancia caiu de 3,12 em 2010 para 2,66 em 2022.\",\"datePublished\":\"2023-06-16T21:50:45+00:00\",\"mainEntityOfPage\":{\"@id\":\"https:\\\/\\\/regiaonews.net.br\\\/2022\\\/2023\\\/06\\\/16\\\/a-media-de-moradores-por-residencia-caiu-de-312-em-2010-para-266-em-2022\\\/\"},\"wordCount\":435,\"commentCount\":0,\"publisher\":{\"@id\":\"https:\\\/\\\/regiaonews.net.br\\\/2022\\\/#organization\"},\"image\":{\"@id\":\"https:\\\/\\\/regiaonews.net.br\\\/2022\\\/2023\\\/06\\\/16\\\/a-media-de-moradores-por-residencia-caiu-de-312-em-2010-para-266-em-2022\\\/#primaryimage\"},\"thumbnailUrl\":\"https:\\\/\\\/regiaonews.net.br\\\/2022\\\/wp-content\\\/uploads\\\/2022\\\/09\\\/selecaoibge_home.jpg\",\"articleSection\":[\"Cidades\",\"Gua\u00edra\"],\"inLanguage\":\"pt-BR\",\"potentialAction\":[{\"@type\":\"CommentAction\",\"name\":\"Comment\",\"target\":[\"https:\\\/\\\/regiaonews.net.br\\\/2022\\\/2023\\\/06\\\/16\\\/a-media-de-moradores-por-residencia-caiu-de-312-em-2010-para-266-em-2022\\\/#respond\"]}]},{\"@type\":\"WebPage\",\"@id\":\"https:\\\/\\\/regiaonews.net.br\\\/2022\\\/2023\\\/06\\\/16\\\/a-media-de-moradores-por-residencia-caiu-de-312-em-2010-para-266-em-2022\\\/\",\"url\":\"https:\\\/\\\/regiaonews.net.br\\\/2022\\\/2023\\\/06\\\/16\\\/a-media-de-moradores-por-residencia-caiu-de-312-em-2010-para-266-em-2022\\\/\",\"name\":\"A m\u00e9dia de moradores por resid\u00eancia caiu de 3,12 em 2010 para 2,66 em 2022. - Regi\u00e3o News\",\"isPartOf\":{\"@id\":\"https:\\\/\\\/regiaonews.net.br\\\/2022\\\/#website\"},\"primaryImageOfPage\":{\"@id\":\"https:\\\/\\\/regiaonews.net.br\\\/2022\\\/2023\\\/06\\\/16\\\/a-media-de-moradores-por-residencia-caiu-de-312-em-2010-para-266-em-2022\\\/#primaryimage\"},\"image\":{\"@id\":\"https:\\\/\\\/regiaonews.net.br\\\/2022\\\/2023\\\/06\\\/16\\\/a-media-de-moradores-por-residencia-caiu-de-312-em-2010-para-266-em-2022\\\/#primaryimage\"},\"thumbnailUrl\":\"https:\\\/\\\/regiaonews.net.br\\\/2022\\\/wp-content\\\/uploads\\\/2022\\\/09\\\/selecaoibge_home.jpg\",\"datePublished\":\"2023-06-16T21:50:45+00:00\",\"breadcrumb\":{\"@id\":\"https:\\\/\\\/regiaonews.net.br\\\/2022\\\/2023\\\/06\\\/16\\\/a-media-de-moradores-por-residencia-caiu-de-312-em-2010-para-266-em-2022\\\/#breadcrumb\"},\"inLanguage\":\"pt-BR\",\"potentialAction\":[{\"@type\":\"ReadAction\",\"target\":[\"https:\\\/\\\/regiaonews.net.br\\\/2022\\\/2023\\\/06\\\/16\\\/a-media-de-moradores-por-residencia-caiu-de-312-em-2010-para-266-em-2022\\\/\"]}]},{\"@type\":\"ImageObject\",\"inLanguage\":\"pt-BR\",\"@id\":\"https:\\\/\\\/regiaonews.net.br\\\/2022\\\/2023\\\/06\\\/16\\\/a-media-de-moradores-por-residencia-caiu-de-312-em-2010-para-266-em-2022\\\/#primaryimage\",\"url\":\"https:\\\/\\\/regiaonews.net.br\\\/2022\\\/wp-content\\\/uploads\\\/2022\\\/09\\\/selecaoibge_home.jpg\",\"contentUrl\":\"https:\\\/\\\/regiaonews.net.br\\\/2022\\\/wp-content\\\/uploads\\\/2022\\\/09\\\/selecaoibge_home.jpg\",\"width\":1170,\"height\":700,\"caption\":\"recenseadores e agentes censit\u00e1rios do IBGE\"},{\"@type\":\"BreadcrumbList\",\"@id\":\"https:\\\/\\\/regiaonews.net.br\\\/2022\\\/2023\\\/06\\\/16\\\/a-media-de-moradores-por-residencia-caiu-de-312-em-2010-para-266-em-2022\\\/#breadcrumb\",\"itemListElement\":[{\"@type\":\"ListItem\",\"position\":1,\"name\":\"In\u00edcio\",\"item\":\"https:\\\/\\\/regiaonews.net.br\\\/2022\\\/\"},{\"@type\":\"ListItem\",\"position\":2,\"name\":\"A m\u00e9dia de moradores por resid\u00eancia caiu de 3,12 em 2010 para 2,66 em 2022.\"}]},{\"@type\":\"WebSite\",\"@id\":\"https:\\\/\\\/regiaonews.net.br\\\/2022\\\/#website\",\"url\":\"https:\\\/\\\/regiaonews.net.br\\\/2022\\\/\",\"name\":\"Regi\u00e3o News\",\"description\":\"Site de Not\u00edcias de Barretos e regi\u00e3o\",\"publisher\":{\"@id\":\"https:\\\/\\\/regiaonews.net.br\\\/2022\\\/#organization\"},\"potentialAction\":[{\"@type\":\"SearchAction\",\"target\":{\"@type\":\"EntryPoint\",\"urlTemplate\":\"https:\\\/\\\/regiaonews.net.br\\\/2022\\\/?s={search_term_string}\"},\"query-input\":{\"@type\":\"PropertyValueSpecification\",\"valueRequired\":true,\"valueName\":\"search_term_string\"}}],\"inLanguage\":\"pt-BR\"},{\"@type\":\"Organization\",\"@id\":\"https:\\\/\\\/regiaonews.net.br\\\/2022\\\/#organization\",\"name\":\"Regi\u00e3o News\",\"url\":\"https:\\\/\\\/regiaonews.net.br\\\/2022\\\/\",\"logo\":{\"@type\":\"ImageObject\",\"inLanguage\":\"pt-BR\",\"@id\":\"https:\\\/\\\/regiaonews.net.br\\\/2022\\\/#\\\/schema\\\/logo\\\/image\\\/\",\"url\":\"https:\\\/\\\/regiaonews.net.br\\\/2022\\\/wp-content\\\/uploads\\\/2026\\\/03\\\/regiao-13-anos-scaled.jpg\",\"contentUrl\":\"https:\\\/\\\/regiaonews.net.br\\\/2022\\\/wp-content\\\/uploads\\\/2026\\\/03\\\/regiao-13-anos-scaled.jpg\",\"width\":2560,\"height\":635,\"caption\":\"Regi\u00e3o News\"},\"image\":{\"@id\":\"https:\\\/\\\/regiaonews.net.br\\\/2022\\\/#\\\/schema\\\/logo\\\/image\\\/\"}},{\"@type\":\"Person\",\"@id\":\"https:\\\/\\\/regiaonews.net.br\\\/2022\\\/#\\\/schema\\\/person\\\/2d205a608a5aa97ac279d7a5e6d89ad8\",\"name\":\"Roberto\",\"image\":{\"@type\":\"ImageObject\",\"inLanguage\":\"pt-BR\",\"@id\":\"https:\\\/\\\/secure.gravatar.com\\\/avatar\\\/42749d8b712ff9d59ca93dc150494e5b55a44134482993f5baeb97e61b7ecc89?s=96&d=mm&r=g\",\"url\":\"https:\\\/\\\/secure.gravatar.com\\\/avatar\\\/42749d8b712ff9d59ca93dc150494e5b55a44134482993f5baeb97e61b7ecc89?s=96&d=mm&r=g\",\"contentUrl\":\"https:\\\/\\\/secure.gravatar.com\\\/avatar\\\/42749d8b712ff9d59ca93dc150494e5b55a44134482993f5baeb97e61b7ecc89?s=96&d=mm&r=g\",\"caption\":\"Roberto\"},\"url\":\"https:\\\/\\\/regiaonews.net.br\\\/2022\\\/author\\\/roberto\\\/\"}]}<\/script>\n<!-- \/ Yoast SEO plugin. -->","yoast_head_json":{"title":"A m\u00e9dia de moradores por resid\u00eancia caiu de 3,12 em 2010 para 2,66 em 2022. - Regi\u00e3o News","robots":{"index":"index","follow":"follow","max-snippet":"max-snippet:-1","max-image-preview":"max-image-preview:large","max-video-preview":"max-video-preview:-1"},"canonical":"https:\/\/regiaonews.net.br\/2022\/2023\/06\/16\/a-media-de-moradores-por-residencia-caiu-de-312-em-2010-para-266-em-2022\/","og_locale":"pt_BR","og_type":"article","og_title":"A m\u00e9dia de moradores por resid\u00eancia caiu de 3,12 em 2010 para 2,66 em 2022. - Regi\u00e3o News","og_description":"Censo 2022 apresenta dados preliminares Gua\u00edra tem 39.190 habitantes em","og_url":"https:\/\/regiaonews.net.br\/2022\/2023\/06\/16\/a-media-de-moradores-por-residencia-caiu-de-312-em-2010-para-266-em-2022\/","og_site_name":"Regi\u00e3o News","article_published_time":"2023-06-16T21:50:45+00:00","og_image":[{"width":1170,"height":700,"url":"https:\/\/regiaonews.net.br\/2022\/wp-content\/uploads\/2022\/09\/selecaoibge_home.jpg","type":"image\/jpeg"}],"author":"Roberto","twitter_card":"summary_large_image","twitter_misc":{"Escrito por":"Roberto","Est. tempo de leitura":"3 minutos"},"schema":{"@context":"https:\/\/schema.org","@graph":[{"@type":"Article","@id":"https:\/\/regiaonews.net.br\/2022\/2023\/06\/16\/a-media-de-moradores-por-residencia-caiu-de-312-em-2010-para-266-em-2022\/#article","isPartOf":{"@id":"https:\/\/regiaonews.net.br\/2022\/2023\/06\/16\/a-media-de-moradores-por-residencia-caiu-de-312-em-2010-para-266-em-2022\/"},"author":{"name":"Roberto","@id":"https:\/\/regiaonews.net.br\/2022\/#\/schema\/person\/2d205a608a5aa97ac279d7a5e6d89ad8"},"headline":"A m\u00e9dia de moradores por resid\u00eancia caiu de 3,12 em 2010 para 2,66 em 2022.","datePublished":"2023-06-16T21:50:45+00:00","mainEntityOfPage":{"@id":"https:\/\/regiaonews.net.br\/2022\/2023\/06\/16\/a-media-de-moradores-por-residencia-caiu-de-312-em-2010-para-266-em-2022\/"},"wordCount":435,"commentCount":0,"publisher":{"@id":"https:\/\/regiaonews.net.br\/2022\/#organization"},"image":{"@id":"https:\/\/regiaonews.net.br\/2022\/2023\/06\/16\/a-media-de-moradores-por-residencia-caiu-de-312-em-2010-para-266-em-2022\/#primaryimage"},"thumbnailUrl":"https:\/\/regiaonews.net.br\/2022\/wp-content\/uploads\/2022\/09\/selecaoibge_home.jpg","articleSection":["Cidades","Gua\u00edra"],"inLanguage":"pt-BR","potentialAction":[{"@type":"CommentAction","name":"Comment","target":["https:\/\/regiaonews.net.br\/2022\/2023\/06\/16\/a-media-de-moradores-por-residencia-caiu-de-312-em-2010-para-266-em-2022\/#respond"]}]},{"@type":"WebPage","@id":"https:\/\/regiaonews.net.br\/2022\/2023\/06\/16\/a-media-de-moradores-por-residencia-caiu-de-312-em-2010-para-266-em-2022\/","url":"https:\/\/regiaonews.net.br\/2022\/2023\/06\/16\/a-media-de-moradores-por-residencia-caiu-de-312-em-2010-para-266-em-2022\/","name":"A m\u00e9dia de moradores por resid\u00eancia caiu de 3,12 em 2010 para 2,66 em 2022. - Regi\u00e3o News","isPartOf":{"@id":"https:\/\/regiaonews.net.br\/2022\/#website"},"primaryImageOfPage":{"@id":"https:\/\/regiaonews.net.br\/2022\/2023\/06\/16\/a-media-de-moradores-por-residencia-caiu-de-312-em-2010-para-266-em-2022\/#primaryimage"},"image":{"@id":"https:\/\/regiaonews.net.br\/2022\/2023\/06\/16\/a-media-de-moradores-por-residencia-caiu-de-312-em-2010-para-266-em-2022\/#primaryimage"},"thumbnailUrl":"https:\/\/regiaonews.net.br\/2022\/wp-content\/uploads\/2022\/09\/selecaoibge_home.jpg","datePublished":"2023-06-16T21:50:45+00:00","breadcrumb":{"@id":"https:\/\/regiaonews.net.br\/2022\/2023\/06\/16\/a-media-de-moradores-por-residencia-caiu-de-312-em-2010-para-266-em-2022\/#breadcrumb"},"inLanguage":"pt-BR","potentialAction":[{"@type":"ReadAction","target":["https:\/\/regiaonews.net.br\/2022\/2023\/06\/16\/a-media-de-moradores-por-residencia-caiu-de-312-em-2010-para-266-em-2022\/"]}]},{"@type":"ImageObject","inLanguage":"pt-BR","@id":"https:\/\/regiaonews.net.br\/2022\/2023\/06\/16\/a-media-de-moradores-por-residencia-caiu-de-312-em-2010-para-266-em-2022\/#primaryimage","url":"https:\/\/regiaonews.net.br\/2022\/wp-content\/uploads\/2022\/09\/selecaoibge_home.jpg","contentUrl":"https:\/\/regiaonews.net.br\/2022\/wp-content\/uploads\/2022\/09\/selecaoibge_home.jpg","width":1170,"height":700,"caption":"recenseadores e agentes censit\u00e1rios do IBGE"},{"@type":"BreadcrumbList","@id":"https:\/\/regiaonews.net.br\/2022\/2023\/06\/16\/a-media-de-moradores-por-residencia-caiu-de-312-em-2010-para-266-em-2022\/#breadcrumb","itemListElement":[{"@type":"ListItem","position":1,"name":"In\u00edcio","item":"https:\/\/regiaonews.net.br\/2022\/"},{"@type":"ListItem","position":2,"name":"A m\u00e9dia de moradores por resid\u00eancia caiu de 3,12 em 2010 para 2,66 em 2022."}]},{"@type":"WebSite","@id":"https:\/\/regiaonews.net.br\/2022\/#website","url":"https:\/\/regiaonews.net.br\/2022\/","name":"Regi\u00e3o News","description":"Site de Not\u00edcias de Barretos e regi\u00e3o","publisher":{"@id":"https:\/\/regiaonews.net.br\/2022\/#organization"},"potentialAction":[{"@type":"SearchAction","target":{"@type":"EntryPoint","urlTemplate":"https:\/\/regiaonews.net.br\/2022\/?s={search_term_string}"},"query-input":{"@type":"PropertyValueSpecification","valueRequired":true,"valueName":"search_term_string"}}],"inLanguage":"pt-BR"},{"@type":"Organization","@id":"https:\/\/regiaonews.net.br\/2022\/#organization","name":"Regi\u00e3o News","url":"https:\/\/regiaonews.net.br\/2022\/","logo":{"@type":"ImageObject","inLanguage":"pt-BR","@id":"https:\/\/regiaonews.net.br\/2022\/#\/schema\/logo\/image\/","url":"https:\/\/regiaonews.net.br\/2022\/wp-content\/uploads\/2026\/03\/regiao-13-anos-scaled.jpg","contentUrl":"https:\/\/regiaonews.net.br\/2022\/wp-content\/uploads\/2026\/03\/regiao-13-anos-scaled.jpg","width":2560,"height":635,"caption":"Regi\u00e3o News"},"image":{"@id":"https:\/\/regiaonews.net.br\/2022\/#\/schema\/logo\/image\/"}},{"@type":"Person","@id":"https:\/\/regiaonews.net.br\/2022\/#\/schema\/person\/2d205a608a5aa97ac279d7a5e6d89ad8","name":"Roberto","image":{"@type":"ImageObject","inLanguage":"pt-BR","@id":"https:\/\/secure.gravatar.com\/avatar\/42749d8b712ff9d59ca93dc150494e5b55a44134482993f5baeb97e61b7ecc89?s=96&d=mm&r=g","url":"https:\/\/secure.gravatar.com\/avatar\/42749d8b712ff9d59ca93dc150494e5b55a44134482993f5baeb97e61b7ecc89?s=96&d=mm&r=g","contentUrl":"https:\/\/secure.gravatar.com\/avatar\/42749d8b712ff9d59ca93dc150494e5b55a44134482993f5baeb97e61b7ecc89?s=96&d=mm&r=g","caption":"Roberto"},"url":"https:\/\/regiaonews.net.br\/2022\/author\/roberto\/"}]}},"publishpress_future_action":{"enabled":false,"date":"2026-05-10 05:48:25","action":"change-status","newStatus":"draft","terms":[],"taxonomy":"category","extraData":[]},"publishpress_future_workflow_manual_trigger":{"enabledWorkflows":[]},"_links":{"self":[{"href":"https:\/\/regiaonews.net.br\/2022\/wp-json\/wp\/v2\/posts\/90133","targetHints":{"allow":["GET"]}}],"collection":[{"href":"https:\/\/regiaonews.net.br\/2022\/wp-json\/wp\/v2\/posts"}],"about":[{"href":"https:\/\/regiaonews.net.br\/2022\/wp-json\/wp\/v2\/types\/post"}],"author":[{"embeddable":true,"href":"https:\/\/regiaonews.net.br\/2022\/wp-json\/wp\/v2\/users\/2"}],"replies":[{"embeddable":true,"href":"https:\/\/regiaonews.net.br\/2022\/wp-json\/wp\/v2\/comments?post=90133"}],"version-history":[{"count":1,"href":"https:\/\/regiaonews.net.br\/2022\/wp-json\/wp\/v2\/posts\/90133\/revisions"}],"predecessor-version":[{"id":90134,"href":"https:\/\/regiaonews.net.br\/2022\/wp-json\/wp\/v2\/posts\/90133\/revisions\/90134"}],"wp:featuredmedia":[{"embeddable":true,"href":"https:\/\/regiaonews.net.br\/2022\/wp-json\/wp\/v2\/media\/78137"}],"wp:attachment":[{"href":"https:\/\/regiaonews.net.br\/2022\/wp-json\/wp\/v2\/media?parent=90133"}],"wp:term":[{"taxonomy":"category","embeddable":true,"href":"https:\/\/regiaonews.net.br\/2022\/wp-json\/wp\/v2\/categories?post=90133"},{"taxonomy":"post_tag","embeddable":true,"href":"https:\/\/regiaonews.net.br\/2022\/wp-json\/wp\/v2\/tags?post=90133"}],"curies":[{"name":"wp","href":"https:\/\/api.w.org\/{rel}","templated":true}]}}