{"id":90130,"date":"2023-06-16T18:48:41","date_gmt":"2023-06-16T21:48:41","guid":{"rendered":"https:\/\/regiaonews.net.br\/2022\/?p=90130"},"modified":"2023-06-16T18:48:41","modified_gmt":"2023-06-16T21:48:41","slug":"febre-maculosa-saiba-mais-sobre-as-principais-medidas-de-combate-e-prevencao","status":"publish","type":"post","link":"https:\/\/regiaonews.net.br\/2022\/2023\/06\/16\/febre-maculosa-saiba-mais-sobre-as-principais-medidas-de-combate-e-prevencao\/","title":{"rendered":"Febre Maculosa: saiba mais sobre as principais medidas de combate e preven\u00e7\u00e3o"},"content":{"rendered":"<p>Olha a\u00ed, se liga nos alertas e cuidados de como se proteger da febre maculosa.<\/p>\n<p>A doen\u00e7a causada por bact\u00e9ria \u00e9 transmitida por picada de carrapato e os sintomas s\u00e3o febre alta, dores e manchas avermelhadas no corpo.<\/p>\n<p>&#x1f3b6; # (Sonora da Diretora do Centro de Vigil\u00e2ncia Epidemiol\u00f3gica do Estado de SP \u2013 Tatiana Lang D\u2019Agostini) # &#x1f3b6;<\/p>\n<p>A Secretaria de Estado da Sa\u00fade de S\u00e3o Paulo alerta para que as pessoas que estiveram na Fazenda Santa Margarida, na regi\u00e3o de Campinas, no per\u00edodo de 27 de maio \u00e0 11 de junho e apresentarem febre e dor pelo corpo, dor cabe\u00e7a ou manchas avermelhadas pelo corpo, procure atendimento m\u00e9dico imediatamente e informe ao m\u00e9dico que esteve na regi\u00e3o.<\/p>\n<p>\u00c9 importante que todos que frequentaram a Fazenda fiquem atentos aos sintomas e comuniquem ao servi\u00e7o m\u00e9dico. Essas informa\u00e7\u00f5es s\u00e3o fundamentais para fazer um tratamento precoce e evitar o agravamento da doen\u00e7a. Al\u00e9m da fazenda onde os eventos foram realizados, as regi\u00f5es com maior frequ\u00eancia de casos s\u00e3o as de Campinas, Piracicaba, Assis e Sorocaba.<\/p>\n<p>&#x1f4dd; Saiba Mais: https:\/\/www.saopaulo.sp.gov.br\/spnoticias\/febre-maculosa-saiba-mais-sobre-as-principais-medidas-de-combate-e-prevencao\/<\/p>\n<p>Abaixo segue o \u00e1udio da Tatiana Lang<\/p>\n<div style=\"width: 352px;\" class=\"wp-video\"><video class=\"wp-video-shortcode\" id=\"video-90130-1\" width=\"352\" height=\"640\" preload=\"metadata\" controls=\"controls\"><source type=\"video\/mp4\" src=\"https:\/\/regiaonews.net.br\/2022\/wp-content\/uploads\/2023\/06\/WhatsApp-Video-2023-06-16-at-18.02.18.mp4?_=1\" \/><a href=\"https:\/\/regiaonews.net.br\/2022\/wp-content\/uploads\/2023\/06\/WhatsApp-Video-2023-06-16-at-18.02.18.mp4\">https:\/\/regiaonews.net.br\/2022\/wp-content\/uploads\/2023\/06\/WhatsApp-Video-2023-06-16-at-18.02.18.mp4<\/a><\/video><\/div>\n","protected":false},"excerpt":{"rendered":"<p>Olha a\u00ed, se liga nos alertas e cuidados de como<\/p>\n","protected":false},"author":2,"featured_media":45346,"comment_status":"open","ping_status":"open","sticky":false,"template":"","format":"standard","meta":{"footnotes":""},"categories":[25,7],"tags":[],"class_list":["post-90130","post","type-post","status-publish","format-standard","has-post-thumbnail","hentry","category-cidades","category-estado-de-sao-paulo"],"yoast_head":"<!-- This site is optimized with the Yoast SEO plugin v27.5 - https:\/\/yoast.com\/product\/yoast-seo-wordpress\/ -->\n<title>Febre Maculosa: saiba mais sobre as principais medidas de combate e preven\u00e7\u00e3o - Regi\u00e3o News<\/title>\n<meta name=\"robots\" content=\"index, follow, max-snippet:-1, max-image-preview:large, max-video-preview:-1\" \/>\n<link rel=\"canonical\" href=\"https:\/\/regiaonews.net.br\/2022\/2023\/06\/16\/febre-maculosa-saiba-mais-sobre-as-principais-medidas-de-combate-e-prevencao\/\" \/>\n<meta property=\"og:locale\" content=\"pt_BR\" \/>\n<meta property=\"og:type\" content=\"article\" \/>\n<meta property=\"og:title\" content=\"Febre Maculosa: saiba mais sobre as principais medidas de combate e preven\u00e7\u00e3o - Regi\u00e3o News\" \/>\n<meta property=\"og:description\" content=\"Olha a\u00ed, se liga nos alertas e cuidados de como\" \/>\n<meta property=\"og:url\" content=\"https:\/\/regiaonews.net.br\/2022\/2023\/06\/16\/febre-maculosa-saiba-mais-sobre-as-principais-medidas-de-combate-e-prevencao\/\" \/>\n<meta property=\"og:site_name\" content=\"Regi\u00e3o News\" \/>\n<meta property=\"article:published_time\" content=\"2023-06-16T21:48:41+00:00\" \/>\n<meta property=\"og:image\" content=\"https:\/\/regiaonews.net.br\/2022\/wp-content\/uploads\/2021\/04\/leitos-de-uti-e-enfermaria-para-covid-19-em-hospitais-do-interior-de-sp-18dez.jpeg\" \/>\n\t<meta property=\"og:image:width\" content=\"804\" \/>\n\t<meta property=\"og:image:height\" content=\"452\" \/>\n\t<meta property=\"og:image:type\" content=\"image\/jpeg\" \/>\n<meta name=\"author\" content=\"Roberto\" \/>\n<meta name=\"twitter:card\" content=\"summary_large_image\" \/>\n<meta name=\"twitter:label1\" content=\"Escrito por\" \/>\n\t<meta name=\"twitter:data1\" content=\"Roberto\" \/>\n\t<meta name=\"twitter:label2\" content=\"Est. tempo de leitura\" \/>\n\t<meta name=\"twitter:data2\" content=\"2 minutos\" \/>\n<script type=\"application\/ld+json\" class=\"yoast-schema-graph\">{\"@context\":\"https:\\\/\\\/schema.org\",\"@graph\":[{\"@type\":\"Article\",\"@id\":\"https:\\\/\\\/regiaonews.net.br\\\/2022\\\/2023\\\/06\\\/16\\\/febre-maculosa-saiba-mais-sobre-as-principais-medidas-de-combate-e-prevencao\\\/#article\",\"isPartOf\":{\"@id\":\"https:\\\/\\\/regiaonews.net.br\\\/2022\\\/2023\\\/06\\\/16\\\/febre-maculosa-saiba-mais-sobre-as-principais-medidas-de-combate-e-prevencao\\\/\"},\"author\":{\"name\":\"Roberto\",\"@id\":\"https:\\\/\\\/regiaonews.net.br\\\/2022\\\/#\\\/schema\\\/person\\\/2d205a608a5aa97ac279d7a5e6d89ad8\"},\"headline\":\"Febre Maculosa: saiba mais sobre as principais medidas de combate e preven\u00e7\u00e3o\",\"datePublished\":\"2023-06-16T21:48:41+00:00\",\"mainEntityOfPage\":{\"@id\":\"https:\\\/\\\/regiaonews.net.br\\\/2022\\\/2023\\\/06\\\/16\\\/febre-maculosa-saiba-mais-sobre-as-principais-medidas-de-combate-e-prevencao\\\/\"},\"wordCount\":241,\"commentCount\":0,\"publisher\":{\"@id\":\"https:\\\/\\\/regiaonews.net.br\\\/2022\\\/#organization\"},\"image\":{\"@id\":\"https:\\\/\\\/regiaonews.net.br\\\/2022\\\/2023\\\/06\\\/16\\\/febre-maculosa-saiba-mais-sobre-as-principais-medidas-de-combate-e-prevencao\\\/#primaryimage\"},\"thumbnailUrl\":\"https:\\\/\\\/regiaonews.net.br\\\/2022\\\/wp-content\\\/uploads\\\/2021\\\/04\\\/leitos-de-uti-e-enfermaria-para-covid-19-em-hospitais-do-interior-de-sp-18dez.jpeg\",\"articleSection\":[\"Cidades\",\"Estado de S\u00e3o Paulo\"],\"inLanguage\":\"pt-BR\",\"potentialAction\":[{\"@type\":\"CommentAction\",\"name\":\"Comment\",\"target\":[\"https:\\\/\\\/regiaonews.net.br\\\/2022\\\/2023\\\/06\\\/16\\\/febre-maculosa-saiba-mais-sobre-as-principais-medidas-de-combate-e-prevencao\\\/#respond\"]}]},{\"@type\":\"WebPage\",\"@id\":\"https:\\\/\\\/regiaonews.net.br\\\/2022\\\/2023\\\/06\\\/16\\\/febre-maculosa-saiba-mais-sobre-as-principais-medidas-de-combate-e-prevencao\\\/\",\"url\":\"https:\\\/\\\/regiaonews.net.br\\\/2022\\\/2023\\\/06\\\/16\\\/febre-maculosa-saiba-mais-sobre-as-principais-medidas-de-combate-e-prevencao\\\/\",\"name\":\"Febre Maculosa: saiba mais sobre as principais medidas de combate e preven\u00e7\u00e3o - Regi\u00e3o News\",\"isPartOf\":{\"@id\":\"https:\\\/\\\/regiaonews.net.br\\\/2022\\\/#website\"},\"primaryImageOfPage\":{\"@id\":\"https:\\\/\\\/regiaonews.net.br\\\/2022\\\/2023\\\/06\\\/16\\\/febre-maculosa-saiba-mais-sobre-as-principais-medidas-de-combate-e-prevencao\\\/#primaryimage\"},\"image\":{\"@id\":\"https:\\\/\\\/regiaonews.net.br\\\/2022\\\/2023\\\/06\\\/16\\\/febre-maculosa-saiba-mais-sobre-as-principais-medidas-de-combate-e-prevencao\\\/#primaryimage\"},\"thumbnailUrl\":\"https:\\\/\\\/regiaonews.net.br\\\/2022\\\/wp-content\\\/uploads\\\/2021\\\/04\\\/leitos-de-uti-e-enfermaria-para-covid-19-em-hospitais-do-interior-de-sp-18dez.jpeg\",\"datePublished\":\"2023-06-16T21:48:41+00:00\",\"breadcrumb\":{\"@id\":\"https:\\\/\\\/regiaonews.net.br\\\/2022\\\/2023\\\/06\\\/16\\\/febre-maculosa-saiba-mais-sobre-as-principais-medidas-de-combate-e-prevencao\\\/#breadcrumb\"},\"inLanguage\":\"pt-BR\",\"potentialAction\":[{\"@type\":\"ReadAction\",\"target\":[\"https:\\\/\\\/regiaonews.net.br\\\/2022\\\/2023\\\/06\\\/16\\\/febre-maculosa-saiba-mais-sobre-as-principais-medidas-de-combate-e-prevencao\\\/\"]}]},{\"@type\":\"ImageObject\",\"inLanguage\":\"pt-BR\",\"@id\":\"https:\\\/\\\/regiaonews.net.br\\\/2022\\\/2023\\\/06\\\/16\\\/febre-maculosa-saiba-mais-sobre-as-principais-medidas-de-combate-e-prevencao\\\/#primaryimage\",\"url\":\"https:\\\/\\\/regiaonews.net.br\\\/2022\\\/wp-content\\\/uploads\\\/2021\\\/04\\\/leitos-de-uti-e-enfermaria-para-covid-19-em-hospitais-do-interior-de-sp-18dez.jpeg\",\"contentUrl\":\"https:\\\/\\\/regiaonews.net.br\\\/2022\\\/wp-content\\\/uploads\\\/2021\\\/04\\\/leitos-de-uti-e-enfermaria-para-covid-19-em-hospitais-do-interior-de-sp-18dez.jpeg\",\"width\":804,\"height\":452},{\"@type\":\"BreadcrumbList\",\"@id\":\"https:\\\/\\\/regiaonews.net.br\\\/2022\\\/2023\\\/06\\\/16\\\/febre-maculosa-saiba-mais-sobre-as-principais-medidas-de-combate-e-prevencao\\\/#breadcrumb\",\"itemListElement\":[{\"@type\":\"ListItem\",\"position\":1,\"name\":\"In\u00edcio\",\"item\":\"https:\\\/\\\/regiaonews.net.br\\\/2022\\\/\"},{\"@type\":\"ListItem\",\"position\":2,\"name\":\"Febre Maculosa: saiba mais sobre as principais medidas de combate e preven\u00e7\u00e3o\"}]},{\"@type\":\"WebSite\",\"@id\":\"https:\\\/\\\/regiaonews.net.br\\\/2022\\\/#website\",\"url\":\"https:\\\/\\\/regiaonews.net.br\\\/2022\\\/\",\"name\":\"Regi\u00e3o News\",\"description\":\"Site de Not\u00edcias de Barretos e regi\u00e3o\",\"publisher\":{\"@id\":\"https:\\\/\\\/regiaonews.net.br\\\/2022\\\/#organization\"},\"potentialAction\":[{\"@type\":\"SearchAction\",\"target\":{\"@type\":\"EntryPoint\",\"urlTemplate\":\"https:\\\/\\\/regiaonews.net.br\\\/2022\\\/?s={search_term_string}\"},\"query-input\":{\"@type\":\"PropertyValueSpecification\",\"valueRequired\":true,\"valueName\":\"search_term_string\"}}],\"inLanguage\":\"pt-BR\"},{\"@type\":\"Organization\",\"@id\":\"https:\\\/\\\/regiaonews.net.br\\\/2022\\\/#organization\",\"name\":\"Regi\u00e3o News\",\"url\":\"https:\\\/\\\/regiaonews.net.br\\\/2022\\\/\",\"logo\":{\"@type\":\"ImageObject\",\"inLanguage\":\"pt-BR\",\"@id\":\"https:\\\/\\\/regiaonews.net.br\\\/2022\\\/#\\\/schema\\\/logo\\\/image\\\/\",\"url\":\"https:\\\/\\\/regiaonews.net.br\\\/2022\\\/wp-content\\\/uploads\\\/2026\\\/03\\\/regiao-13-anos-scaled.jpg\",\"contentUrl\":\"https:\\\/\\\/regiaonews.net.br\\\/2022\\\/wp-content\\\/uploads\\\/2026\\\/03\\\/regiao-13-anos-scaled.jpg\",\"width\":2560,\"height\":635,\"caption\":\"Regi\u00e3o News\"},\"image\":{\"@id\":\"https:\\\/\\\/regiaonews.net.br\\\/2022\\\/#\\\/schema\\\/logo\\\/image\\\/\"}},{\"@type\":\"Person\",\"@id\":\"https:\\\/\\\/regiaonews.net.br\\\/2022\\\/#\\\/schema\\\/person\\\/2d205a608a5aa97ac279d7a5e6d89ad8\",\"name\":\"Roberto\",\"image\":{\"@type\":\"ImageObject\",\"inLanguage\":\"pt-BR\",\"@id\":\"https:\\\/\\\/secure.gravatar.com\\\/avatar\\\/42749d8b712ff9d59ca93dc150494e5b55a44134482993f5baeb97e61b7ecc89?s=96&d=mm&r=g\",\"url\":\"https:\\\/\\\/secure.gravatar.com\\\/avatar\\\/42749d8b712ff9d59ca93dc150494e5b55a44134482993f5baeb97e61b7ecc89?s=96&d=mm&r=g\",\"contentUrl\":\"https:\\\/\\\/secure.gravatar.com\\\/avatar\\\/42749d8b712ff9d59ca93dc150494e5b55a44134482993f5baeb97e61b7ecc89?s=96&d=mm&r=g\",\"caption\":\"Roberto\"},\"url\":\"https:\\\/\\\/regiaonews.net.br\\\/2022\\\/author\\\/roberto\\\/\"}]}<\/script>\n<!-- \/ Yoast SEO plugin. -->","yoast_head_json":{"title":"Febre Maculosa: saiba mais sobre as principais medidas de combate e preven\u00e7\u00e3o - Regi\u00e3o News","robots":{"index":"index","follow":"follow","max-snippet":"max-snippet:-1","max-image-preview":"max-image-preview:large","max-video-preview":"max-video-preview:-1"},"canonical":"https:\/\/regiaonews.net.br\/2022\/2023\/06\/16\/febre-maculosa-saiba-mais-sobre-as-principais-medidas-de-combate-e-prevencao\/","og_locale":"pt_BR","og_type":"article","og_title":"Febre Maculosa: saiba mais sobre as principais medidas de combate e preven\u00e7\u00e3o - Regi\u00e3o News","og_description":"Olha a\u00ed, se liga nos alertas e cuidados de como","og_url":"https:\/\/regiaonews.net.br\/2022\/2023\/06\/16\/febre-maculosa-saiba-mais-sobre-as-principais-medidas-de-combate-e-prevencao\/","og_site_name":"Regi\u00e3o News","article_published_time":"2023-06-16T21:48:41+00:00","og_image":[{"width":804,"height":452,"url":"https:\/\/regiaonews.net.br\/2022\/wp-content\/uploads\/2021\/04\/leitos-de-uti-e-enfermaria-para-covid-19-em-hospitais-do-interior-de-sp-18dez.jpeg","type":"image\/jpeg"}],"author":"Roberto","twitter_card":"summary_large_image","twitter_misc":{"Escrito por":"Roberto","Est. tempo de leitura":"2 minutos"},"schema":{"@context":"https:\/\/schema.org","@graph":[{"@type":"Article","@id":"https:\/\/regiaonews.net.br\/2022\/2023\/06\/16\/febre-maculosa-saiba-mais-sobre-as-principais-medidas-de-combate-e-prevencao\/#article","isPartOf":{"@id":"https:\/\/regiaonews.net.br\/2022\/2023\/06\/16\/febre-maculosa-saiba-mais-sobre-as-principais-medidas-de-combate-e-prevencao\/"},"author":{"name":"Roberto","@id":"https:\/\/regiaonews.net.br\/2022\/#\/schema\/person\/2d205a608a5aa97ac279d7a5e6d89ad8"},"headline":"Febre Maculosa: saiba mais sobre as principais medidas de combate e preven\u00e7\u00e3o","datePublished":"2023-06-16T21:48:41+00:00","mainEntityOfPage":{"@id":"https:\/\/regiaonews.net.br\/2022\/2023\/06\/16\/febre-maculosa-saiba-mais-sobre-as-principais-medidas-de-combate-e-prevencao\/"},"wordCount":241,"commentCount":0,"publisher":{"@id":"https:\/\/regiaonews.net.br\/2022\/#organization"},"image":{"@id":"https:\/\/regiaonews.net.br\/2022\/2023\/06\/16\/febre-maculosa-saiba-mais-sobre-as-principais-medidas-de-combate-e-prevencao\/#primaryimage"},"thumbnailUrl":"https:\/\/regiaonews.net.br\/2022\/wp-content\/uploads\/2021\/04\/leitos-de-uti-e-enfermaria-para-covid-19-em-hospitais-do-interior-de-sp-18dez.jpeg","articleSection":["Cidades","Estado de S\u00e3o Paulo"],"inLanguage":"pt-BR","potentialAction":[{"@type":"CommentAction","name":"Comment","target":["https:\/\/regiaonews.net.br\/2022\/2023\/06\/16\/febre-maculosa-saiba-mais-sobre-as-principais-medidas-de-combate-e-prevencao\/#respond"]}]},{"@type":"WebPage","@id":"https:\/\/regiaonews.net.br\/2022\/2023\/06\/16\/febre-maculosa-saiba-mais-sobre-as-principais-medidas-de-combate-e-prevencao\/","url":"https:\/\/regiaonews.net.br\/2022\/2023\/06\/16\/febre-maculosa-saiba-mais-sobre-as-principais-medidas-de-combate-e-prevencao\/","name":"Febre Maculosa: saiba mais sobre as principais medidas de combate e preven\u00e7\u00e3o - Regi\u00e3o News","isPartOf":{"@id":"https:\/\/regiaonews.net.br\/2022\/#website"},"primaryImageOfPage":{"@id":"https:\/\/regiaonews.net.br\/2022\/2023\/06\/16\/febre-maculosa-saiba-mais-sobre-as-principais-medidas-de-combate-e-prevencao\/#primaryimage"},"image":{"@id":"https:\/\/regiaonews.net.br\/2022\/2023\/06\/16\/febre-maculosa-saiba-mais-sobre-as-principais-medidas-de-combate-e-prevencao\/#primaryimage"},"thumbnailUrl":"https:\/\/regiaonews.net.br\/2022\/wp-content\/uploads\/2021\/04\/leitos-de-uti-e-enfermaria-para-covid-19-em-hospitais-do-interior-de-sp-18dez.jpeg","datePublished":"2023-06-16T21:48:41+00:00","breadcrumb":{"@id":"https:\/\/regiaonews.net.br\/2022\/2023\/06\/16\/febre-maculosa-saiba-mais-sobre-as-principais-medidas-de-combate-e-prevencao\/#breadcrumb"},"inLanguage":"pt-BR","potentialAction":[{"@type":"ReadAction","target":["https:\/\/regiaonews.net.br\/2022\/2023\/06\/16\/febre-maculosa-saiba-mais-sobre-as-principais-medidas-de-combate-e-prevencao\/"]}]},{"@type":"ImageObject","inLanguage":"pt-BR","@id":"https:\/\/regiaonews.net.br\/2022\/2023\/06\/16\/febre-maculosa-saiba-mais-sobre-as-principais-medidas-de-combate-e-prevencao\/#primaryimage","url":"https:\/\/regiaonews.net.br\/2022\/wp-content\/uploads\/2021\/04\/leitos-de-uti-e-enfermaria-para-covid-19-em-hospitais-do-interior-de-sp-18dez.jpeg","contentUrl":"https:\/\/regiaonews.net.br\/2022\/wp-content\/uploads\/2021\/04\/leitos-de-uti-e-enfermaria-para-covid-19-em-hospitais-do-interior-de-sp-18dez.jpeg","width":804,"height":452},{"@type":"BreadcrumbList","@id":"https:\/\/regiaonews.net.br\/2022\/2023\/06\/16\/febre-maculosa-saiba-mais-sobre-as-principais-medidas-de-combate-e-prevencao\/#breadcrumb","itemListElement":[{"@type":"ListItem","position":1,"name":"In\u00edcio","item":"https:\/\/regiaonews.net.br\/2022\/"},{"@type":"ListItem","position":2,"name":"Febre Maculosa: saiba mais sobre as principais medidas de combate e preven\u00e7\u00e3o"}]},{"@type":"WebSite","@id":"https:\/\/regiaonews.net.br\/2022\/#website","url":"https:\/\/regiaonews.net.br\/2022\/","name":"Regi\u00e3o News","description":"Site de Not\u00edcias de Barretos e regi\u00e3o","publisher":{"@id":"https:\/\/regiaonews.net.br\/2022\/#organization"},"potentialAction":[{"@type":"SearchAction","target":{"@type":"EntryPoint","urlTemplate":"https:\/\/regiaonews.net.br\/2022\/?s={search_term_string}"},"query-input":{"@type":"PropertyValueSpecification","valueRequired":true,"valueName":"search_term_string"}}],"inLanguage":"pt-BR"},{"@type":"Organization","@id":"https:\/\/regiaonews.net.br\/2022\/#organization","name":"Regi\u00e3o News","url":"https:\/\/regiaonews.net.br\/2022\/","logo":{"@type":"ImageObject","inLanguage":"pt-BR","@id":"https:\/\/regiaonews.net.br\/2022\/#\/schema\/logo\/image\/","url":"https:\/\/regiaonews.net.br\/2022\/wp-content\/uploads\/2026\/03\/regiao-13-anos-scaled.jpg","contentUrl":"https:\/\/regiaonews.net.br\/2022\/wp-content\/uploads\/2026\/03\/regiao-13-anos-scaled.jpg","width":2560,"height":635,"caption":"Regi\u00e3o News"},"image":{"@id":"https:\/\/regiaonews.net.br\/2022\/#\/schema\/logo\/image\/"}},{"@type":"Person","@id":"https:\/\/regiaonews.net.br\/2022\/#\/schema\/person\/2d205a608a5aa97ac279d7a5e6d89ad8","name":"Roberto","image":{"@type":"ImageObject","inLanguage":"pt-BR","@id":"https:\/\/secure.gravatar.com\/avatar\/42749d8b712ff9d59ca93dc150494e5b55a44134482993f5baeb97e61b7ecc89?s=96&d=mm&r=g","url":"https:\/\/secure.gravatar.com\/avatar\/42749d8b712ff9d59ca93dc150494e5b55a44134482993f5baeb97e61b7ecc89?s=96&d=mm&r=g","contentUrl":"https:\/\/secure.gravatar.com\/avatar\/42749d8b712ff9d59ca93dc150494e5b55a44134482993f5baeb97e61b7ecc89?s=96&d=mm&r=g","caption":"Roberto"},"url":"https:\/\/regiaonews.net.br\/2022\/author\/roberto\/"}]}},"publishpress_future_action":{"enabled":false,"date":"2026-05-10 08:45:21","action":"change-status","newStatus":"draft","terms":[],"taxonomy":"category","extraData":[]},"publishpress_future_workflow_manual_trigger":{"enabledWorkflows":[]},"_links":{"self":[{"href":"https:\/\/regiaonews.net.br\/2022\/wp-json\/wp\/v2\/posts\/90130","targetHints":{"allow":["GET"]}}],"collection":[{"href":"https:\/\/regiaonews.net.br\/2022\/wp-json\/wp\/v2\/posts"}],"about":[{"href":"https:\/\/regiaonews.net.br\/2022\/wp-json\/wp\/v2\/types\/post"}],"author":[{"embeddable":true,"href":"https:\/\/regiaonews.net.br\/2022\/wp-json\/wp\/v2\/users\/2"}],"replies":[{"embeddable":true,"href":"https:\/\/regiaonews.net.br\/2022\/wp-json\/wp\/v2\/comments?post=90130"}],"version-history":[{"count":1,"href":"https:\/\/regiaonews.net.br\/2022\/wp-json\/wp\/v2\/posts\/90130\/revisions"}],"predecessor-version":[{"id":90132,"href":"https:\/\/regiaonews.net.br\/2022\/wp-json\/wp\/v2\/posts\/90130\/revisions\/90132"}],"wp:featuredmedia":[{"embeddable":true,"href":"https:\/\/regiaonews.net.br\/2022\/wp-json\/wp\/v2\/media\/45346"}],"wp:attachment":[{"href":"https:\/\/regiaonews.net.br\/2022\/wp-json\/wp\/v2\/media?parent=90130"}],"wp:term":[{"taxonomy":"category","embeddable":true,"href":"https:\/\/regiaonews.net.br\/2022\/wp-json\/wp\/v2\/categories?post=90130"},{"taxonomy":"post_tag","embeddable":true,"href":"https:\/\/regiaonews.net.br\/2022\/wp-json\/wp\/v2\/tags?post=90130"}],"curies":[{"name":"wp","href":"https:\/\/api.w.org\/{rel}","templated":true}]}}