{"id":90109,"date":"2023-06-16T15:18:45","date_gmt":"2023-06-16T18:18:45","guid":{"rendered":"https:\/\/regiaonews.net.br\/2022\/?p=90109"},"modified":"2023-06-16T18:35:13","modified_gmt":"2023-06-16T21:35:13","slug":"festa-do-peao-de-barretos-programacao-esportiva-tem-finais-de-campeonatos-e-comemoracao-de-30-anos-de-rodeio-internacional","status":"publish","type":"post","link":"https:\/\/regiaonews.net.br\/2022\/2023\/06\/16\/festa-do-peao-de-barretos-programacao-esportiva-tem-finais-de-campeonatos-e-comemoracao-de-30-anos-de-rodeio-internacional\/","title":{"rendered":"Festa do Pe\u00e3o de Barretos: programa\u00e7\u00e3o esportiva tem finais de campeonatos e comemora\u00e7\u00e3o de 30 anos de rodeio internacional"},"content":{"rendered":"<h3 style=\"text-align: center;\">Finais da PBR Brazil e da LNR \u2013 Liga Nacional de Rodeio acontecem durante o evento que recebe tamb\u00e9m competi\u00e7\u00f5es de provas cronometradas e o Barretos International Rodeo.<\/h3>\n<p>Ao longo dos 11 dias de programa\u00e7\u00e3o, a 68\u00aa Festa do Pe\u00e3o de Barretos receber\u00e1 mais de 600 competidores disputando o rodeio e as provas cronometradas que movimentam o Parque do Pe\u00e3o. Como ocorre tradicionalmente, o evento \u2013 que neste ano acontece de 17 a 27 de agosto \u2013 sedia as principais finais do esporte no Pa\u00eds e promove o mais disputado e almejado campeonato do calend\u00e1rio, o Barretos International Rodeo.<\/p>\n<p>Entre os destaques desta edi\u00e7\u00e3o, est\u00e1 a comemora\u00e7\u00e3o dos 30 anos do rodeio internacional: o primeiro do Brasil a receber competidores de outros pa\u00edses e marco do in\u00edcio da proje\u00e7\u00e3o no exterior de atletas brasileiros.<\/p>\n<p>\u201cAs competi\u00e7\u00f5es da Festa do Pe\u00e3o de Barretos trazem grande visibilidade aos competidores, abrindo um universo de oportunidades para t\u00e3o sonhados rodeios fora do Brasil. Este ano \u00e9 um momento bastante especial por conta das comemora\u00e7\u00f5es dos 30 anos do Barretos International Rodeo. Al\u00e9m disso, receberemos as finais da PBR Brazil e Liga Nacional de Rodeio, que tamb\u00e9m s\u00e3o campeonatos reconhecidos por projetarem os atletas brasileiros internacionalmente.\u201d, afirma Hussein Gemha Junior, presidente de Os Independentes, associa\u00e7\u00e3o realizadora da Festa.<\/p>\n<p>Finais de campeonatos e provas cronometradas<\/p>\n<p><a href=\"https:\/\/regiaonews.net.br\/2022\/wp-content\/uploads\/2023\/06\/WhatsApp-Image-2023-06-16-at-14.46.17.jpeg\"><img loading=\"lazy\" decoding=\"async\" class=\"alignnone size-medium wp-image-90122\" src=\"https:\/\/regiaonews.net.br\/2022\/wp-content\/uploads\/2023\/06\/WhatsApp-Image-2023-06-16-at-14.46.17-300x200.jpeg\" alt=\"\" width=\"300\" height=\"200\" srcset=\"https:\/\/regiaonews.net.br\/2022\/wp-content\/uploads\/2023\/06\/WhatsApp-Image-2023-06-16-at-14.46.17-300x200.jpeg 300w, https:\/\/regiaonews.net.br\/2022\/wp-content\/uploads\/2023\/06\/WhatsApp-Image-2023-06-16-at-14.46.17-768x513.jpeg 768w, https:\/\/regiaonews.net.br\/2022\/wp-content\/uploads\/2023\/06\/WhatsApp-Image-2023-06-16-at-14.46.17-250x167.jpeg 250w, https:\/\/regiaonews.net.br\/2022\/wp-content\/uploads\/2023\/06\/WhatsApp-Image-2023-06-16-at-14.46.17-900x600.jpeg 900w, https:\/\/regiaonews.net.br\/2022\/wp-content\/uploads\/2023\/06\/WhatsApp-Image-2023-06-16-at-14.46.17.jpeg 1024w\" sizes=\"auto, (max-width: 300px) 100vw, 300px\" \/><\/a><br \/>\nDe 17 a 20 de agosto, Barretos sedia a final do campeonato de montarias em touros da PBR Brazil \u2013 Professional Bull Riders, recebendo competidores ranqueados ao longo do ano para a grande final na Festa.<\/p>\n<p><a href=\"https:\/\/regiaonews.net.br\/2022\/wp-content\/uploads\/2023\/06\/Imagem-do-WhatsApp-de-2023-06-16-as-14.37.49.jpg\"><img loading=\"lazy\" decoding=\"async\" class=\"alignnone size-medium wp-image-90110\" src=\"https:\/\/regiaonews.net.br\/2022\/wp-content\/uploads\/2023\/06\/Imagem-do-WhatsApp-de-2023-06-16-as-14.37.49-300x200.jpg\" alt=\"\" width=\"300\" height=\"200\" srcset=\"https:\/\/regiaonews.net.br\/2022\/wp-content\/uploads\/2023\/06\/Imagem-do-WhatsApp-de-2023-06-16-as-14.37.49-300x200.jpg 300w, https:\/\/regiaonews.net.br\/2022\/wp-content\/uploads\/2023\/06\/Imagem-do-WhatsApp-de-2023-06-16-as-14.37.49-768x513.jpg 768w, https:\/\/regiaonews.net.br\/2022\/wp-content\/uploads\/2023\/06\/Imagem-do-WhatsApp-de-2023-06-16-as-14.37.49-250x167.jpg 250w, https:\/\/regiaonews.net.br\/2022\/wp-content\/uploads\/2023\/06\/Imagem-do-WhatsApp-de-2023-06-16-as-14.37.49-900x600.jpg 900w, https:\/\/regiaonews.net.br\/2022\/wp-content\/uploads\/2023\/06\/Imagem-do-WhatsApp-de-2023-06-16-as-14.37.49.jpg 1024w\" sizes=\"auto, (max-width: 300px) 100vw, 300px\" \/><\/a><\/p>\n<p>J\u00e1 de 21 a 23 e 26, a arena do Est\u00e1dio de Rodeios recebe as montarias nacionais e a final\u00edssima pela LNR \u2013 Liga Nacional de Rodeio, oportunidade em que os ranqueados de todas as etapas da LNR competem pelo t\u00edtulo de campe\u00e3o em Barretos. Os melhores colocados s\u00e3o ainda classificados para o The American Rodeo, competi\u00e7\u00e3o milion\u00e1ria que ocorre no Texas\/Estados Unidos.<\/p>\n<p>Para o diretor de rodeio, Marcos Abud, \u201cpor receber competidores e animais ranqueados ao longo das competi\u00e7\u00f5es, Barretos \u00e9 sempre palco de um grande espet\u00e1culo de rodeio nos 11 dias da Festa\u201d, avalia. Al\u00e9m das montarias, diariamente a H\u00edpica do Parque do Pe\u00e3o receber\u00e1 disputas de Tr\u00eas Tambores e Team Penning, com finais no Est\u00e1dio de Rodeios. Tamb\u00e9m est\u00e1 previsto o Rodeio Junior \u2013 com competidores iniciantes de montarias em touros.<\/p>\n<p>30 anos Barretos International Rodeo<br \/>\nEm 1993, a Festa do Pe\u00e3o de Barretos deu in\u00edcio a um novo momento para o rodeio brasileiro, com a realiza\u00e7\u00e3o do Barretos International Rodeo. Desde ent\u00e3o, Barretos come\u00e7ou a projetar e abrir portas para os brasileiros no exterior, al\u00e9m de receber grandes competidores do mundo. \u201cA marca comemorativa dos 30 anos traz exatamente o conceito de \u2018onde as porteiras do mundo se abrem\u2019, porque a partir desta iniciativa, o esporte e os atletas brasileiros come\u00e7aram a ganhar mais for\u00e7a e espa\u00e7o no mundo\u201d, explica Gemha Junior.<\/p>\n<p><a href=\"https:\/\/regiaonews.net.br\/2022\/wp-content\/uploads\/2023\/06\/WhatsApp-Image-2023-06-16-at-14.46.18-1.jpeg\"><img loading=\"lazy\" decoding=\"async\" class=\"alignnone size-medium wp-image-90123\" src=\"https:\/\/regiaonews.net.br\/2022\/wp-content\/uploads\/2023\/06\/WhatsApp-Image-2023-06-16-at-14.46.18-1-300x200.jpeg\" alt=\"\" width=\"300\" height=\"200\" srcset=\"https:\/\/regiaonews.net.br\/2022\/wp-content\/uploads\/2023\/06\/WhatsApp-Image-2023-06-16-at-14.46.18-1-300x200.jpeg 300w, https:\/\/regiaonews.net.br\/2022\/wp-content\/uploads\/2023\/06\/WhatsApp-Image-2023-06-16-at-14.46.18-1-768x513.jpeg 768w, https:\/\/regiaonews.net.br\/2022\/wp-content\/uploads\/2023\/06\/WhatsApp-Image-2023-06-16-at-14.46.18-1-250x167.jpeg 250w, https:\/\/regiaonews.net.br\/2022\/wp-content\/uploads\/2023\/06\/WhatsApp-Image-2023-06-16-at-14.46.18-1-900x600.jpeg 900w, https:\/\/regiaonews.net.br\/2022\/wp-content\/uploads\/2023\/06\/WhatsApp-Image-2023-06-16-at-14.46.18-1.jpeg 1024w\" sizes=\"auto, (max-width: 300px) 100vw, 300px\" \/><\/a><\/p>\n<p>O Barretos International Rodeo acontece de 24 a 27 de agosto com provas de montarias em touros, cutiano, sela americana, bareback, tr\u00eas tambores e team penning. \u201cAl\u00e9m dos melhores colocados da PBR e da LNR que j\u00e1 fazem suas finais em Barretos, o International recebe competidores ranqueados de outros circuitos brasileiros e convidados renomados\u201d, afirma Marcos Abud.<\/p>\n<p>Os competidores participantes s\u00e3o ranqueados nos campeonatos nacionais que integram a Confedera\u00e7\u00e3o Nacional de Rodeio (CNAR) \u2013 LNR, PBR, Circuito Rancho Primavera e Equip Rozeta, al\u00e9m de convidados do evento.<\/p>\n<p>J\u00e1 nas montarias em cavalo estilo cutiano, s\u00e3o atletas classificados pela Sele\u00e7\u00e3o Brasileira do Cutiano, Equip Rozeta e convidados.<\/p>\n<p>O Encantador de Cavalos<br \/>\nEntre as a\u00e7\u00f5es de comemora\u00e7\u00e3o dos 30 anos do torneio internacional, a abertura da competi\u00e7\u00e3o no dia 24 de agosto contar\u00e1 com a participa\u00e7\u00e3o de Monty Roberts, treinador norte-americano reconhecido como \u201cEncantador de Cavalos\u201d, criador do m\u00e9todo \u201cdoma gentil\u201d.<\/p>\n<p>A programa\u00e7\u00e3o completa do evento est\u00e1 dispon\u00edvel no site independentes.com.br\/festadopeao. Os ingressos j\u00e1\u00a0est\u00e3o\u00a0\u00e0\u00a0venda.<\/p>\n<p>Cr\u00e9dito Fotos : Andr\u00e9 Monteiro<\/p>\n","protected":false},"excerpt":{"rendered":"<p>Finais da PBR Brazil e da LNR \u2013 Liga Nacional<\/p>\n","protected":false},"author":2,"featured_media":90119,"comment_status":"open","ping_status":"open","sticky":false,"template":"","format":"standard","meta":{"footnotes":""},"categories":[14,3],"tags":[],"class_list":["post-90109","post","type-post","status-publish","format-standard","has-post-thumbnail","hentry","category-barretos","category-geral"],"yoast_head":"<!-- This site is optimized with the Yoast SEO plugin v27.5 - https:\/\/yoast.com\/product\/yoast-seo-wordpress\/ -->\n<title>Festa do Pe\u00e3o de Barretos: programa\u00e7\u00e3o esportiva tem finais de campeonatos e comemora\u00e7\u00e3o de 30 anos de rodeio internacional - Regi\u00e3o News<\/title>\n<meta name=\"description\" content=\"Barretos International Rodeo\" \/>\n<meta name=\"robots\" content=\"index, follow, max-snippet:-1, max-image-preview:large, max-video-preview:-1\" \/>\n<link rel=\"canonical\" href=\"https:\/\/regiaonews.net.br\/2022\/2023\/06\/16\/festa-do-peao-de-barretos-programacao-esportiva-tem-finais-de-campeonatos-e-comemoracao-de-30-anos-de-rodeio-internacional\/\" \/>\n<meta property=\"og:locale\" content=\"pt_BR\" \/>\n<meta property=\"og:type\" content=\"article\" \/>\n<meta property=\"og:title\" content=\"Festa do Pe\u00e3o de Barretos: programa\u00e7\u00e3o esportiva tem finais de campeonatos e comemora\u00e7\u00e3o de 30 anos de rodeio internacional - Regi\u00e3o News\" \/>\n<meta property=\"og:description\" content=\"Barretos International Rodeo\" \/>\n<meta property=\"og:url\" content=\"https:\/\/regiaonews.net.br\/2022\/2023\/06\/16\/festa-do-peao-de-barretos-programacao-esportiva-tem-finais-de-campeonatos-e-comemoracao-de-30-anos-de-rodeio-internacional\/\" \/>\n<meta property=\"og:site_name\" content=\"Regi\u00e3o News\" \/>\n<meta property=\"article:published_time\" content=\"2023-06-16T18:18:45+00:00\" \/>\n<meta property=\"article:modified_time\" content=\"2023-06-16T21:35:13+00:00\" \/>\n<meta property=\"og:image\" content=\"https:\/\/regiaonews.net.br\/2022\/wp-content\/uploads\/2023\/06\/WhatsApp-Image-2023-06-16-at-14.46.18.jpeg\" \/>\n\t<meta property=\"og:image:width\" content=\"1024\" \/>\n\t<meta property=\"og:image:height\" content=\"576\" \/>\n\t<meta property=\"og:image:type\" content=\"image\/jpeg\" \/>\n<meta name=\"author\" content=\"Roberto\" \/>\n<meta name=\"twitter:card\" content=\"summary_large_image\" \/>\n<meta name=\"twitter:label1\" content=\"Escrito por\" \/>\n\t<meta name=\"twitter:data1\" content=\"Roberto\" \/>\n\t<meta name=\"twitter:label2\" content=\"Est. tempo de leitura\" \/>\n\t<meta name=\"twitter:data2\" content=\"5 minutos\" \/>\n<script type=\"application\/ld+json\" class=\"yoast-schema-graph\">{\"@context\":\"https:\\\/\\\/schema.org\",\"@graph\":[{\"@type\":\"Article\",\"@id\":\"https:\\\/\\\/regiaonews.net.br\\\/2022\\\/2023\\\/06\\\/16\\\/festa-do-peao-de-barretos-programacao-esportiva-tem-finais-de-campeonatos-e-comemoracao-de-30-anos-de-rodeio-internacional\\\/#article\",\"isPartOf\":{\"@id\":\"https:\\\/\\\/regiaonews.net.br\\\/2022\\\/2023\\\/06\\\/16\\\/festa-do-peao-de-barretos-programacao-esportiva-tem-finais-de-campeonatos-e-comemoracao-de-30-anos-de-rodeio-internacional\\\/\"},\"author\":{\"name\":\"Roberto\",\"@id\":\"https:\\\/\\\/regiaonews.net.br\\\/2022\\\/#\\\/schema\\\/person\\\/2d205a608a5aa97ac279d7a5e6d89ad8\"},\"headline\":\"Festa do Pe\u00e3o de Barretos: programa\u00e7\u00e3o esportiva tem finais de campeonatos e comemora\u00e7\u00e3o de 30 anos de rodeio internacional\",\"datePublished\":\"2023-06-16T18:18:45+00:00\",\"dateModified\":\"2023-06-16T21:35:13+00:00\",\"mainEntityOfPage\":{\"@id\":\"https:\\\/\\\/regiaonews.net.br\\\/2022\\\/2023\\\/06\\\/16\\\/festa-do-peao-de-barretos-programacao-esportiva-tem-finais-de-campeonatos-e-comemoracao-de-30-anos-de-rodeio-internacional\\\/\"},\"wordCount\":705,\"commentCount\":0,\"publisher\":{\"@id\":\"https:\\\/\\\/regiaonews.net.br\\\/2022\\\/#organization\"},\"image\":{\"@id\":\"https:\\\/\\\/regiaonews.net.br\\\/2022\\\/2023\\\/06\\\/16\\\/festa-do-peao-de-barretos-programacao-esportiva-tem-finais-de-campeonatos-e-comemoracao-de-30-anos-de-rodeio-internacional\\\/#primaryimage\"},\"thumbnailUrl\":\"https:\\\/\\\/regiaonews.net.br\\\/2022\\\/wp-content\\\/uploads\\\/2023\\\/06\\\/WhatsApp-Image-2023-06-16-at-14.46.18.jpeg\",\"articleSection\":[\"Barretos\",\"Geral\"],\"inLanguage\":\"pt-BR\",\"potentialAction\":[{\"@type\":\"CommentAction\",\"name\":\"Comment\",\"target\":[\"https:\\\/\\\/regiaonews.net.br\\\/2022\\\/2023\\\/06\\\/16\\\/festa-do-peao-de-barretos-programacao-esportiva-tem-finais-de-campeonatos-e-comemoracao-de-30-anos-de-rodeio-internacional\\\/#respond\"]}]},{\"@type\":\"WebPage\",\"@id\":\"https:\\\/\\\/regiaonews.net.br\\\/2022\\\/2023\\\/06\\\/16\\\/festa-do-peao-de-barretos-programacao-esportiva-tem-finais-de-campeonatos-e-comemoracao-de-30-anos-de-rodeio-internacional\\\/\",\"url\":\"https:\\\/\\\/regiaonews.net.br\\\/2022\\\/2023\\\/06\\\/16\\\/festa-do-peao-de-barretos-programacao-esportiva-tem-finais-de-campeonatos-e-comemoracao-de-30-anos-de-rodeio-internacional\\\/\",\"name\":\"Festa do Pe\u00e3o de Barretos: programa\u00e7\u00e3o esportiva tem finais de campeonatos e comemora\u00e7\u00e3o de 30 anos de rodeio internacional - Regi\u00e3o News\",\"isPartOf\":{\"@id\":\"https:\\\/\\\/regiaonews.net.br\\\/2022\\\/#website\"},\"primaryImageOfPage\":{\"@id\":\"https:\\\/\\\/regiaonews.net.br\\\/2022\\\/2023\\\/06\\\/16\\\/festa-do-peao-de-barretos-programacao-esportiva-tem-finais-de-campeonatos-e-comemoracao-de-30-anos-de-rodeio-internacional\\\/#primaryimage\"},\"image\":{\"@id\":\"https:\\\/\\\/regiaonews.net.br\\\/2022\\\/2023\\\/06\\\/16\\\/festa-do-peao-de-barretos-programacao-esportiva-tem-finais-de-campeonatos-e-comemoracao-de-30-anos-de-rodeio-internacional\\\/#primaryimage\"},\"thumbnailUrl\":\"https:\\\/\\\/regiaonews.net.br\\\/2022\\\/wp-content\\\/uploads\\\/2023\\\/06\\\/WhatsApp-Image-2023-06-16-at-14.46.18.jpeg\",\"datePublished\":\"2023-06-16T18:18:45+00:00\",\"dateModified\":\"2023-06-16T21:35:13+00:00\",\"description\":\"Barretos International Rodeo\",\"breadcrumb\":{\"@id\":\"https:\\\/\\\/regiaonews.net.br\\\/2022\\\/2023\\\/06\\\/16\\\/festa-do-peao-de-barretos-programacao-esportiva-tem-finais-de-campeonatos-e-comemoracao-de-30-anos-de-rodeio-internacional\\\/#breadcrumb\"},\"inLanguage\":\"pt-BR\",\"potentialAction\":[{\"@type\":\"ReadAction\",\"target\":[\"https:\\\/\\\/regiaonews.net.br\\\/2022\\\/2023\\\/06\\\/16\\\/festa-do-peao-de-barretos-programacao-esportiva-tem-finais-de-campeonatos-e-comemoracao-de-30-anos-de-rodeio-internacional\\\/\"]}]},{\"@type\":\"ImageObject\",\"inLanguage\":\"pt-BR\",\"@id\":\"https:\\\/\\\/regiaonews.net.br\\\/2022\\\/2023\\\/06\\\/16\\\/festa-do-peao-de-barretos-programacao-esportiva-tem-finais-de-campeonatos-e-comemoracao-de-30-anos-de-rodeio-internacional\\\/#primaryimage\",\"url\":\"https:\\\/\\\/regiaonews.net.br\\\/2022\\\/wp-content\\\/uploads\\\/2023\\\/06\\\/WhatsApp-Image-2023-06-16-at-14.46.18.jpeg\",\"contentUrl\":\"https:\\\/\\\/regiaonews.net.br\\\/2022\\\/wp-content\\\/uploads\\\/2023\\\/06\\\/WhatsApp-Image-2023-06-16-at-14.46.18.jpeg\",\"width\":1024,\"height\":576},{\"@type\":\"BreadcrumbList\",\"@id\":\"https:\\\/\\\/regiaonews.net.br\\\/2022\\\/2023\\\/06\\\/16\\\/festa-do-peao-de-barretos-programacao-esportiva-tem-finais-de-campeonatos-e-comemoracao-de-30-anos-de-rodeio-internacional\\\/#breadcrumb\",\"itemListElement\":[{\"@type\":\"ListItem\",\"position\":1,\"name\":\"In\u00edcio\",\"item\":\"https:\\\/\\\/regiaonews.net.br\\\/2022\\\/\"},{\"@type\":\"ListItem\",\"position\":2,\"name\":\"Festa do Pe\u00e3o de Barretos: programa\u00e7\u00e3o esportiva tem finais de campeonatos e comemora\u00e7\u00e3o de 30 anos de rodeio internacional\"}]},{\"@type\":\"WebSite\",\"@id\":\"https:\\\/\\\/regiaonews.net.br\\\/2022\\\/#website\",\"url\":\"https:\\\/\\\/regiaonews.net.br\\\/2022\\\/\",\"name\":\"Regi\u00e3o News\",\"description\":\"Site de Not\u00edcias de Barretos e regi\u00e3o\",\"publisher\":{\"@id\":\"https:\\\/\\\/regiaonews.net.br\\\/2022\\\/#organization\"},\"potentialAction\":[{\"@type\":\"SearchAction\",\"target\":{\"@type\":\"EntryPoint\",\"urlTemplate\":\"https:\\\/\\\/regiaonews.net.br\\\/2022\\\/?s={search_term_string}\"},\"query-input\":{\"@type\":\"PropertyValueSpecification\",\"valueRequired\":true,\"valueName\":\"search_term_string\"}}],\"inLanguage\":\"pt-BR\"},{\"@type\":\"Organization\",\"@id\":\"https:\\\/\\\/regiaonews.net.br\\\/2022\\\/#organization\",\"name\":\"Regi\u00e3o News\",\"url\":\"https:\\\/\\\/regiaonews.net.br\\\/2022\\\/\",\"logo\":{\"@type\":\"ImageObject\",\"inLanguage\":\"pt-BR\",\"@id\":\"https:\\\/\\\/regiaonews.net.br\\\/2022\\\/#\\\/schema\\\/logo\\\/image\\\/\",\"url\":\"https:\\\/\\\/regiaonews.net.br\\\/2022\\\/wp-content\\\/uploads\\\/2026\\\/03\\\/regiao-13-anos-scaled.jpg\",\"contentUrl\":\"https:\\\/\\\/regiaonews.net.br\\\/2022\\\/wp-content\\\/uploads\\\/2026\\\/03\\\/regiao-13-anos-scaled.jpg\",\"width\":2560,\"height\":635,\"caption\":\"Regi\u00e3o News\"},\"image\":{\"@id\":\"https:\\\/\\\/regiaonews.net.br\\\/2022\\\/#\\\/schema\\\/logo\\\/image\\\/\"}},{\"@type\":\"Person\",\"@id\":\"https:\\\/\\\/regiaonews.net.br\\\/2022\\\/#\\\/schema\\\/person\\\/2d205a608a5aa97ac279d7a5e6d89ad8\",\"name\":\"Roberto\",\"image\":{\"@type\":\"ImageObject\",\"inLanguage\":\"pt-BR\",\"@id\":\"https:\\\/\\\/secure.gravatar.com\\\/avatar\\\/42749d8b712ff9d59ca93dc150494e5b55a44134482993f5baeb97e61b7ecc89?s=96&d=mm&r=g\",\"url\":\"https:\\\/\\\/secure.gravatar.com\\\/avatar\\\/42749d8b712ff9d59ca93dc150494e5b55a44134482993f5baeb97e61b7ecc89?s=96&d=mm&r=g\",\"contentUrl\":\"https:\\\/\\\/secure.gravatar.com\\\/avatar\\\/42749d8b712ff9d59ca93dc150494e5b55a44134482993f5baeb97e61b7ecc89?s=96&d=mm&r=g\",\"caption\":\"Roberto\"},\"url\":\"https:\\\/\\\/regiaonews.net.br\\\/2022\\\/author\\\/roberto\\\/\"}]}<\/script>\n<!-- \/ Yoast SEO plugin. -->","yoast_head_json":{"title":"Festa do Pe\u00e3o de Barretos: programa\u00e7\u00e3o esportiva tem finais de campeonatos e comemora\u00e7\u00e3o de 30 anos de rodeio internacional - Regi\u00e3o News","description":"Barretos International Rodeo","robots":{"index":"index","follow":"follow","max-snippet":"max-snippet:-1","max-image-preview":"max-image-preview:large","max-video-preview":"max-video-preview:-1"},"canonical":"https:\/\/regiaonews.net.br\/2022\/2023\/06\/16\/festa-do-peao-de-barretos-programacao-esportiva-tem-finais-de-campeonatos-e-comemoracao-de-30-anos-de-rodeio-internacional\/","og_locale":"pt_BR","og_type":"article","og_title":"Festa do Pe\u00e3o de Barretos: programa\u00e7\u00e3o esportiva tem finais de campeonatos e comemora\u00e7\u00e3o de 30 anos de rodeio internacional - Regi\u00e3o News","og_description":"Barretos International Rodeo","og_url":"https:\/\/regiaonews.net.br\/2022\/2023\/06\/16\/festa-do-peao-de-barretos-programacao-esportiva-tem-finais-de-campeonatos-e-comemoracao-de-30-anos-de-rodeio-internacional\/","og_site_name":"Regi\u00e3o News","article_published_time":"2023-06-16T18:18:45+00:00","article_modified_time":"2023-06-16T21:35:13+00:00","og_image":[{"width":1024,"height":576,"url":"https:\/\/regiaonews.net.br\/2022\/wp-content\/uploads\/2023\/06\/WhatsApp-Image-2023-06-16-at-14.46.18.jpeg","type":"image\/jpeg"}],"author":"Roberto","twitter_card":"summary_large_image","twitter_misc":{"Escrito por":"Roberto","Est. tempo de leitura":"5 minutos"},"schema":{"@context":"https:\/\/schema.org","@graph":[{"@type":"Article","@id":"https:\/\/regiaonews.net.br\/2022\/2023\/06\/16\/festa-do-peao-de-barretos-programacao-esportiva-tem-finais-de-campeonatos-e-comemoracao-de-30-anos-de-rodeio-internacional\/#article","isPartOf":{"@id":"https:\/\/regiaonews.net.br\/2022\/2023\/06\/16\/festa-do-peao-de-barretos-programacao-esportiva-tem-finais-de-campeonatos-e-comemoracao-de-30-anos-de-rodeio-internacional\/"},"author":{"name":"Roberto","@id":"https:\/\/regiaonews.net.br\/2022\/#\/schema\/person\/2d205a608a5aa97ac279d7a5e6d89ad8"},"headline":"Festa do Pe\u00e3o de Barretos: programa\u00e7\u00e3o esportiva tem finais de campeonatos e comemora\u00e7\u00e3o de 30 anos de rodeio internacional","datePublished":"2023-06-16T18:18:45+00:00","dateModified":"2023-06-16T21:35:13+00:00","mainEntityOfPage":{"@id":"https:\/\/regiaonews.net.br\/2022\/2023\/06\/16\/festa-do-peao-de-barretos-programacao-esportiva-tem-finais-de-campeonatos-e-comemoracao-de-30-anos-de-rodeio-internacional\/"},"wordCount":705,"commentCount":0,"publisher":{"@id":"https:\/\/regiaonews.net.br\/2022\/#organization"},"image":{"@id":"https:\/\/regiaonews.net.br\/2022\/2023\/06\/16\/festa-do-peao-de-barretos-programacao-esportiva-tem-finais-de-campeonatos-e-comemoracao-de-30-anos-de-rodeio-internacional\/#primaryimage"},"thumbnailUrl":"https:\/\/regiaonews.net.br\/2022\/wp-content\/uploads\/2023\/06\/WhatsApp-Image-2023-06-16-at-14.46.18.jpeg","articleSection":["Barretos","Geral"],"inLanguage":"pt-BR","potentialAction":[{"@type":"CommentAction","name":"Comment","target":["https:\/\/regiaonews.net.br\/2022\/2023\/06\/16\/festa-do-peao-de-barretos-programacao-esportiva-tem-finais-de-campeonatos-e-comemoracao-de-30-anos-de-rodeio-internacional\/#respond"]}]},{"@type":"WebPage","@id":"https:\/\/regiaonews.net.br\/2022\/2023\/06\/16\/festa-do-peao-de-barretos-programacao-esportiva-tem-finais-de-campeonatos-e-comemoracao-de-30-anos-de-rodeio-internacional\/","url":"https:\/\/regiaonews.net.br\/2022\/2023\/06\/16\/festa-do-peao-de-barretos-programacao-esportiva-tem-finais-de-campeonatos-e-comemoracao-de-30-anos-de-rodeio-internacional\/","name":"Festa do Pe\u00e3o de Barretos: programa\u00e7\u00e3o esportiva tem finais de campeonatos e comemora\u00e7\u00e3o de 30 anos de rodeio internacional - Regi\u00e3o News","isPartOf":{"@id":"https:\/\/regiaonews.net.br\/2022\/#website"},"primaryImageOfPage":{"@id":"https:\/\/regiaonews.net.br\/2022\/2023\/06\/16\/festa-do-peao-de-barretos-programacao-esportiva-tem-finais-de-campeonatos-e-comemoracao-de-30-anos-de-rodeio-internacional\/#primaryimage"},"image":{"@id":"https:\/\/regiaonews.net.br\/2022\/2023\/06\/16\/festa-do-peao-de-barretos-programacao-esportiva-tem-finais-de-campeonatos-e-comemoracao-de-30-anos-de-rodeio-internacional\/#primaryimage"},"thumbnailUrl":"https:\/\/regiaonews.net.br\/2022\/wp-content\/uploads\/2023\/06\/WhatsApp-Image-2023-06-16-at-14.46.18.jpeg","datePublished":"2023-06-16T18:18:45+00:00","dateModified":"2023-06-16T21:35:13+00:00","description":"Barretos International Rodeo","breadcrumb":{"@id":"https:\/\/regiaonews.net.br\/2022\/2023\/06\/16\/festa-do-peao-de-barretos-programacao-esportiva-tem-finais-de-campeonatos-e-comemoracao-de-30-anos-de-rodeio-internacional\/#breadcrumb"},"inLanguage":"pt-BR","potentialAction":[{"@type":"ReadAction","target":["https:\/\/regiaonews.net.br\/2022\/2023\/06\/16\/festa-do-peao-de-barretos-programacao-esportiva-tem-finais-de-campeonatos-e-comemoracao-de-30-anos-de-rodeio-internacional\/"]}]},{"@type":"ImageObject","inLanguage":"pt-BR","@id":"https:\/\/regiaonews.net.br\/2022\/2023\/06\/16\/festa-do-peao-de-barretos-programacao-esportiva-tem-finais-de-campeonatos-e-comemoracao-de-30-anos-de-rodeio-internacional\/#primaryimage","url":"https:\/\/regiaonews.net.br\/2022\/wp-content\/uploads\/2023\/06\/WhatsApp-Image-2023-06-16-at-14.46.18.jpeg","contentUrl":"https:\/\/regiaonews.net.br\/2022\/wp-content\/uploads\/2023\/06\/WhatsApp-Image-2023-06-16-at-14.46.18.jpeg","width":1024,"height":576},{"@type":"BreadcrumbList","@id":"https:\/\/regiaonews.net.br\/2022\/2023\/06\/16\/festa-do-peao-de-barretos-programacao-esportiva-tem-finais-de-campeonatos-e-comemoracao-de-30-anos-de-rodeio-internacional\/#breadcrumb","itemListElement":[{"@type":"ListItem","position":1,"name":"In\u00edcio","item":"https:\/\/regiaonews.net.br\/2022\/"},{"@type":"ListItem","position":2,"name":"Festa do Pe\u00e3o de Barretos: programa\u00e7\u00e3o esportiva tem finais de campeonatos e comemora\u00e7\u00e3o de 30 anos de rodeio internacional"}]},{"@type":"WebSite","@id":"https:\/\/regiaonews.net.br\/2022\/#website","url":"https:\/\/regiaonews.net.br\/2022\/","name":"Regi\u00e3o News","description":"Site de Not\u00edcias de Barretos e regi\u00e3o","publisher":{"@id":"https:\/\/regiaonews.net.br\/2022\/#organization"},"potentialAction":[{"@type":"SearchAction","target":{"@type":"EntryPoint","urlTemplate":"https:\/\/regiaonews.net.br\/2022\/?s={search_term_string}"},"query-input":{"@type":"PropertyValueSpecification","valueRequired":true,"valueName":"search_term_string"}}],"inLanguage":"pt-BR"},{"@type":"Organization","@id":"https:\/\/regiaonews.net.br\/2022\/#organization","name":"Regi\u00e3o News","url":"https:\/\/regiaonews.net.br\/2022\/","logo":{"@type":"ImageObject","inLanguage":"pt-BR","@id":"https:\/\/regiaonews.net.br\/2022\/#\/schema\/logo\/image\/","url":"https:\/\/regiaonews.net.br\/2022\/wp-content\/uploads\/2026\/03\/regiao-13-anos-scaled.jpg","contentUrl":"https:\/\/regiaonews.net.br\/2022\/wp-content\/uploads\/2026\/03\/regiao-13-anos-scaled.jpg","width":2560,"height":635,"caption":"Regi\u00e3o News"},"image":{"@id":"https:\/\/regiaonews.net.br\/2022\/#\/schema\/logo\/image\/"}},{"@type":"Person","@id":"https:\/\/regiaonews.net.br\/2022\/#\/schema\/person\/2d205a608a5aa97ac279d7a5e6d89ad8","name":"Roberto","image":{"@type":"ImageObject","inLanguage":"pt-BR","@id":"https:\/\/secure.gravatar.com\/avatar\/42749d8b712ff9d59ca93dc150494e5b55a44134482993f5baeb97e61b7ecc89?s=96&d=mm&r=g","url":"https:\/\/secure.gravatar.com\/avatar\/42749d8b712ff9d59ca93dc150494e5b55a44134482993f5baeb97e61b7ecc89?s=96&d=mm&r=g","contentUrl":"https:\/\/secure.gravatar.com\/avatar\/42749d8b712ff9d59ca93dc150494e5b55a44134482993f5baeb97e61b7ecc89?s=96&d=mm&r=g","caption":"Roberto"},"url":"https:\/\/regiaonews.net.br\/2022\/author\/roberto\/"}]}},"publishpress_future_action":{"enabled":false,"date":"2026-05-10 11:21:45","action":"change-status","newStatus":"draft","terms":[],"taxonomy":"category","extraData":[]},"publishpress_future_workflow_manual_trigger":{"enabledWorkflows":[]},"_links":{"self":[{"href":"https:\/\/regiaonews.net.br\/2022\/wp-json\/wp\/v2\/posts\/90109","targetHints":{"allow":["GET"]}}],"collection":[{"href":"https:\/\/regiaonews.net.br\/2022\/wp-json\/wp\/v2\/posts"}],"about":[{"href":"https:\/\/regiaonews.net.br\/2022\/wp-json\/wp\/v2\/types\/post"}],"author":[{"embeddable":true,"href":"https:\/\/regiaonews.net.br\/2022\/wp-json\/wp\/v2\/users\/2"}],"replies":[{"embeddable":true,"href":"https:\/\/regiaonews.net.br\/2022\/wp-json\/wp\/v2\/comments?post=90109"}],"version-history":[{"count":4,"href":"https:\/\/regiaonews.net.br\/2022\/wp-json\/wp\/v2\/posts\/90109\/revisions"}],"predecessor-version":[{"id":90124,"href":"https:\/\/regiaonews.net.br\/2022\/wp-json\/wp\/v2\/posts\/90109\/revisions\/90124"}],"wp:featuredmedia":[{"embeddable":true,"href":"https:\/\/regiaonews.net.br\/2022\/wp-json\/wp\/v2\/media\/90119"}],"wp:attachment":[{"href":"https:\/\/regiaonews.net.br\/2022\/wp-json\/wp\/v2\/media?parent=90109"}],"wp:term":[{"taxonomy":"category","embeddable":true,"href":"https:\/\/regiaonews.net.br\/2022\/wp-json\/wp\/v2\/categories?post=90109"},{"taxonomy":"post_tag","embeddable":true,"href":"https:\/\/regiaonews.net.br\/2022\/wp-json\/wp\/v2\/tags?post=90109"}],"curies":[{"name":"wp","href":"https:\/\/api.w.org\/{rel}","templated":true}]}}