{"id":89709,"date":"2023-06-09T16:41:33","date_gmt":"2023-06-09T19:41:33","guid":{"rendered":"https:\/\/regiaonews.net.br\/2022\/?p=89709"},"modified":"2023-06-09T16:41:33","modified_gmt":"2023-06-09T19:41:33","slug":"inscricoes-de-selecao-para-candidatos-a-membros-do-conselho-curador-da-feb-sao-prorrogadas","status":"publish","type":"post","link":"https:\/\/regiaonews.net.br\/2022\/2023\/06\/09\/inscricoes-de-selecao-para-candidatos-a-membros-do-conselho-curador-da-feb-sao-prorrogadas\/","title":{"rendered":"Inscri\u00e7\u00f5es de sele\u00e7\u00e3o para candidatos a membros do Conselho Curador da FEB s\u00e3o prorrogadas"},"content":{"rendered":"<h3 style=\"text-align: center;\"><b>Os interessados podem se inscrever at\u00e9 a pr\u00f3xima quarta-feira, dia 14\/06.<\/b><\/h3>\n<p>Foram prorrogadas as inscri\u00e7\u00f5es para a sele\u00e7\u00e3o de candidatos a novos membros do Conselho Curador da FEB (Funda\u00e7\u00e3o Educacional de Barretos). A Comiss\u00e3o Eleitoral anunciou que os interessados devem se inscrever at\u00e9 a pr\u00f3xima quarta-feira, dia 14\/06. Podem participar do processo de sele\u00e7\u00e3o advogados, administradores, contabilistas, engenheiros ou arquitetos, cirurgi\u00f5es-dentistas, farmac\u00eauticos, m\u00e9dicos-veterin\u00e1rios e m\u00e9dicos, devidamente inscritos no conselho de classe da \u00e1rea em que atuam, al\u00e9m de outros requisitos constantes no Regulamento Eleitoral.<\/p>\n<p>As inscri\u00e7\u00f5es s\u00e3o realizadas mediante envio da ficha de inscri\u00e7\u00e3o e curr\u00edculo no e-mail\u00a0<a href=\"mailto:comissaoeleitoralconselho2023@unifeb.edu.br\" target=\"_blank\" rel=\"noopener\">comissaoeleitoralconsel<wbr \/>ho2023@unifeb.edu.br<\/a>\u00a0seguindo as regras dispon\u00edveis no edital, que pode ser acessado pelo link:\u00a0<a href=\"https:\/\/www.unifeb.edu.br\/institucional\/conselho-curador\" target=\"_blank\" rel=\"noopener\" data-saferedirecturl=\"https:\/\/www.google.com\/url?q=https:\/\/www.unifeb.edu.br\/institucional\/conselho-curador&amp;source=gmail&amp;ust=1686426046481000&amp;usg=AOvVaw3ffO0gTepKTeqmoUsY97mB\">https:\/\/www.unifeb.edu.<wbr \/>br\/institucional\/conselho-<wbr \/>curador<\/a>.<\/p>\n<p>Os inscritos ser\u00e3o submetidos a uma pr\u00e9-sele\u00e7\u00e3o, inclusive com entrevista, para defini\u00e7\u00e3o de cinco candidatos por \u00e1rea de atua\u00e7\u00e3o. A vota\u00e7\u00e3o dos novos membros ser\u00e1 realizada pelos conselheiros atuais em data e hor\u00e1rio pr\u00e9-definidos no edital seguindo o rigor do tr\u00e2mite. O mandato dos conselheiros eleitos se iniciar\u00e1 em 07\/07\/2023 e se encerrar\u00e1 em 31\/12\/2026.<\/p>\n<p><b>O que \u00e9 o Conselho Curador?\u00a0<\/b><\/p>\n<p>\u00c9 um \u00f3rg\u00e3o colegiado respons\u00e1vel por fiscalizar as a\u00e7\u00f5es administrativas, financeiras, acad\u00eamicas e operacionais do UNIFEB (Centro Universit\u00e1rio da Funda\u00e7\u00e3o Educacional de Barretos).<\/p>\n<p>A fun\u00e7\u00e3o de conselheiro n\u00e3o \u00e9 remunerada e tamb\u00e9m n\u00e3o s\u00e3o concedidas vantagens ou benef\u00edcios direta ou indiretamente, por qualquer forma ou t\u00edtulo, em raz\u00e3o das compet\u00eancias, das fun\u00e7\u00f5es ou das atividades que lhes sejam atribu\u00eddas pelo Estatuto da FEB.<\/p>\n","protected":false},"excerpt":{"rendered":"<p>Os interessados podem se inscrever at\u00e9 a pr\u00f3xima quarta-feira, dia<\/p>\n","protected":false},"author":2,"featured_media":89710,"comment_status":"open","ping_status":"open","sticky":false,"template":"","format":"standard","meta":{"footnotes":""},"categories":[14,3],"tags":[],"class_list":["post-89709","post","type-post","status-publish","format-standard","has-post-thumbnail","hentry","category-barretos","category-geral"],"yoast_head":"<!-- This site is optimized with the Yoast SEO plugin v27.4 - https:\/\/yoast.com\/product\/yoast-seo-wordpress\/ -->\n<title>Inscri\u00e7\u00f5es de sele\u00e7\u00e3o para candidatos a membros do Conselho Curador da FEB s\u00e3o prorrogadas - Regi\u00e3o News<\/title>\n<meta name=\"robots\" content=\"index, follow, max-snippet:-1, max-image-preview:large, max-video-preview:-1\" \/>\n<link rel=\"canonical\" href=\"https:\/\/regiaonews.net.br\/2022\/2023\/06\/09\/inscricoes-de-selecao-para-candidatos-a-membros-do-conselho-curador-da-feb-sao-prorrogadas\/\" \/>\n<meta property=\"og:locale\" content=\"pt_BR\" \/>\n<meta property=\"og:type\" content=\"article\" \/>\n<meta property=\"og:title\" content=\"Inscri\u00e7\u00f5es de sele\u00e7\u00e3o para candidatos a membros do Conselho Curador da FEB s\u00e3o prorrogadas - Regi\u00e3o News\" \/>\n<meta property=\"og:description\" content=\"Os interessados podem se inscrever at\u00e9 a pr\u00f3xima quarta-feira, dia\" \/>\n<meta property=\"og:url\" content=\"https:\/\/regiaonews.net.br\/2022\/2023\/06\/09\/inscricoes-de-selecao-para-candidatos-a-membros-do-conselho-curador-da-feb-sao-prorrogadas\/\" \/>\n<meta property=\"og:site_name\" content=\"Regi\u00e3o News\" \/>\n<meta property=\"article:published_time\" content=\"2023-06-09T19:41:33+00:00\" \/>\n<meta property=\"og:image\" content=\"https:\/\/regiaonews.net.br\/2022\/wp-content\/uploads\/2023\/06\/UNIFEB.jpg\" \/>\n\t<meta property=\"og:image:width\" content=\"1280\" \/>\n\t<meta property=\"og:image:height\" content=\"960\" \/>\n\t<meta property=\"og:image:type\" content=\"image\/jpeg\" \/>\n<meta name=\"author\" content=\"Roberto\" \/>\n<meta name=\"twitter:card\" content=\"summary_large_image\" \/>\n<meta name=\"twitter:label1\" content=\"Escrito por\" \/>\n\t<meta name=\"twitter:data1\" content=\"Roberto\" \/>\n\t<meta name=\"twitter:label2\" content=\"Est. tempo de leitura\" \/>\n\t<meta name=\"twitter:data2\" content=\"2 minutos\" \/>\n<script type=\"application\/ld+json\" class=\"yoast-schema-graph\">{\"@context\":\"https:\\\/\\\/schema.org\",\"@graph\":[{\"@type\":\"Article\",\"@id\":\"https:\\\/\\\/regiaonews.net.br\\\/2022\\\/2023\\\/06\\\/09\\\/inscricoes-de-selecao-para-candidatos-a-membros-do-conselho-curador-da-feb-sao-prorrogadas\\\/#article\",\"isPartOf\":{\"@id\":\"https:\\\/\\\/regiaonews.net.br\\\/2022\\\/2023\\\/06\\\/09\\\/inscricoes-de-selecao-para-candidatos-a-membros-do-conselho-curador-da-feb-sao-prorrogadas\\\/\"},\"author\":{\"name\":\"Roberto\",\"@id\":\"https:\\\/\\\/regiaonews.net.br\\\/2022\\\/#\\\/schema\\\/person\\\/2d205a608a5aa97ac279d7a5e6d89ad8\"},\"headline\":\"Inscri\u00e7\u00f5es de sele\u00e7\u00e3o para candidatos a membros do Conselho Curador da FEB s\u00e3o prorrogadas\",\"datePublished\":\"2023-06-09T19:41:33+00:00\",\"mainEntityOfPage\":{\"@id\":\"https:\\\/\\\/regiaonews.net.br\\\/2022\\\/2023\\\/06\\\/09\\\/inscricoes-de-selecao-para-candidatos-a-membros-do-conselho-curador-da-feb-sao-prorrogadas\\\/\"},\"wordCount\":299,\"commentCount\":0,\"publisher\":{\"@id\":\"https:\\\/\\\/regiaonews.net.br\\\/2022\\\/#organization\"},\"image\":{\"@id\":\"https:\\\/\\\/regiaonews.net.br\\\/2022\\\/2023\\\/06\\\/09\\\/inscricoes-de-selecao-para-candidatos-a-membros-do-conselho-curador-da-feb-sao-prorrogadas\\\/#primaryimage\"},\"thumbnailUrl\":\"https:\\\/\\\/regiaonews.net.br\\\/2022\\\/wp-content\\\/uploads\\\/2023\\\/06\\\/UNIFEB.jpg\",\"articleSection\":[\"Barretos\",\"Geral\"],\"inLanguage\":\"pt-BR\",\"potentialAction\":[{\"@type\":\"CommentAction\",\"name\":\"Comment\",\"target\":[\"https:\\\/\\\/regiaonews.net.br\\\/2022\\\/2023\\\/06\\\/09\\\/inscricoes-de-selecao-para-candidatos-a-membros-do-conselho-curador-da-feb-sao-prorrogadas\\\/#respond\"]}]},{\"@type\":\"WebPage\",\"@id\":\"https:\\\/\\\/regiaonews.net.br\\\/2022\\\/2023\\\/06\\\/09\\\/inscricoes-de-selecao-para-candidatos-a-membros-do-conselho-curador-da-feb-sao-prorrogadas\\\/\",\"url\":\"https:\\\/\\\/regiaonews.net.br\\\/2022\\\/2023\\\/06\\\/09\\\/inscricoes-de-selecao-para-candidatos-a-membros-do-conselho-curador-da-feb-sao-prorrogadas\\\/\",\"name\":\"Inscri\u00e7\u00f5es de sele\u00e7\u00e3o para candidatos a membros do Conselho Curador da FEB s\u00e3o prorrogadas - Regi\u00e3o News\",\"isPartOf\":{\"@id\":\"https:\\\/\\\/regiaonews.net.br\\\/2022\\\/#website\"},\"primaryImageOfPage\":{\"@id\":\"https:\\\/\\\/regiaonews.net.br\\\/2022\\\/2023\\\/06\\\/09\\\/inscricoes-de-selecao-para-candidatos-a-membros-do-conselho-curador-da-feb-sao-prorrogadas\\\/#primaryimage\"},\"image\":{\"@id\":\"https:\\\/\\\/regiaonews.net.br\\\/2022\\\/2023\\\/06\\\/09\\\/inscricoes-de-selecao-para-candidatos-a-membros-do-conselho-curador-da-feb-sao-prorrogadas\\\/#primaryimage\"},\"thumbnailUrl\":\"https:\\\/\\\/regiaonews.net.br\\\/2022\\\/wp-content\\\/uploads\\\/2023\\\/06\\\/UNIFEB.jpg\",\"datePublished\":\"2023-06-09T19:41:33+00:00\",\"breadcrumb\":{\"@id\":\"https:\\\/\\\/regiaonews.net.br\\\/2022\\\/2023\\\/06\\\/09\\\/inscricoes-de-selecao-para-candidatos-a-membros-do-conselho-curador-da-feb-sao-prorrogadas\\\/#breadcrumb\"},\"inLanguage\":\"pt-BR\",\"potentialAction\":[{\"@type\":\"ReadAction\",\"target\":[\"https:\\\/\\\/regiaonews.net.br\\\/2022\\\/2023\\\/06\\\/09\\\/inscricoes-de-selecao-para-candidatos-a-membros-do-conselho-curador-da-feb-sao-prorrogadas\\\/\"]}]},{\"@type\":\"ImageObject\",\"inLanguage\":\"pt-BR\",\"@id\":\"https:\\\/\\\/regiaonews.net.br\\\/2022\\\/2023\\\/06\\\/09\\\/inscricoes-de-selecao-para-candidatos-a-membros-do-conselho-curador-da-feb-sao-prorrogadas\\\/#primaryimage\",\"url\":\"https:\\\/\\\/regiaonews.net.br\\\/2022\\\/wp-content\\\/uploads\\\/2023\\\/06\\\/UNIFEB.jpg\",\"contentUrl\":\"https:\\\/\\\/regiaonews.net.br\\\/2022\\\/wp-content\\\/uploads\\\/2023\\\/06\\\/UNIFEB.jpg\",\"width\":1280,\"height\":960},{\"@type\":\"BreadcrumbList\",\"@id\":\"https:\\\/\\\/regiaonews.net.br\\\/2022\\\/2023\\\/06\\\/09\\\/inscricoes-de-selecao-para-candidatos-a-membros-do-conselho-curador-da-feb-sao-prorrogadas\\\/#breadcrumb\",\"itemListElement\":[{\"@type\":\"ListItem\",\"position\":1,\"name\":\"In\u00edcio\",\"item\":\"https:\\\/\\\/regiaonews.net.br\\\/2022\\\/\"},{\"@type\":\"ListItem\",\"position\":2,\"name\":\"Inscri\u00e7\u00f5es de sele\u00e7\u00e3o para candidatos a membros do Conselho Curador da FEB s\u00e3o prorrogadas\"}]},{\"@type\":\"WebSite\",\"@id\":\"https:\\\/\\\/regiaonews.net.br\\\/2022\\\/#website\",\"url\":\"https:\\\/\\\/regiaonews.net.br\\\/2022\\\/\",\"name\":\"Regi\u00e3o News\",\"description\":\"Site de Not\u00edcias de Barretos e regi\u00e3o\",\"publisher\":{\"@id\":\"https:\\\/\\\/regiaonews.net.br\\\/2022\\\/#organization\"},\"potentialAction\":[{\"@type\":\"SearchAction\",\"target\":{\"@type\":\"EntryPoint\",\"urlTemplate\":\"https:\\\/\\\/regiaonews.net.br\\\/2022\\\/?s={search_term_string}\"},\"query-input\":{\"@type\":\"PropertyValueSpecification\",\"valueRequired\":true,\"valueName\":\"search_term_string\"}}],\"inLanguage\":\"pt-BR\"},{\"@type\":\"Organization\",\"@id\":\"https:\\\/\\\/regiaonews.net.br\\\/2022\\\/#organization\",\"name\":\"Regi\u00e3o News\",\"url\":\"https:\\\/\\\/regiaonews.net.br\\\/2022\\\/\",\"logo\":{\"@type\":\"ImageObject\",\"inLanguage\":\"pt-BR\",\"@id\":\"https:\\\/\\\/regiaonews.net.br\\\/2022\\\/#\\\/schema\\\/logo\\\/image\\\/\",\"url\":\"https:\\\/\\\/regiaonews.net.br\\\/2022\\\/wp-content\\\/uploads\\\/2026\\\/03\\\/regiao-13-anos-scaled.jpg\",\"contentUrl\":\"https:\\\/\\\/regiaonews.net.br\\\/2022\\\/wp-content\\\/uploads\\\/2026\\\/03\\\/regiao-13-anos-scaled.jpg\",\"width\":2560,\"height\":635,\"caption\":\"Regi\u00e3o News\"},\"image\":{\"@id\":\"https:\\\/\\\/regiaonews.net.br\\\/2022\\\/#\\\/schema\\\/logo\\\/image\\\/\"}},{\"@type\":\"Person\",\"@id\":\"https:\\\/\\\/regiaonews.net.br\\\/2022\\\/#\\\/schema\\\/person\\\/2d205a608a5aa97ac279d7a5e6d89ad8\",\"name\":\"Roberto\",\"image\":{\"@type\":\"ImageObject\",\"inLanguage\":\"pt-BR\",\"@id\":\"https:\\\/\\\/secure.gravatar.com\\\/avatar\\\/42749d8b712ff9d59ca93dc150494e5b55a44134482993f5baeb97e61b7ecc89?s=96&d=mm&r=g\",\"url\":\"https:\\\/\\\/secure.gravatar.com\\\/avatar\\\/42749d8b712ff9d59ca93dc150494e5b55a44134482993f5baeb97e61b7ecc89?s=96&d=mm&r=g\",\"contentUrl\":\"https:\\\/\\\/secure.gravatar.com\\\/avatar\\\/42749d8b712ff9d59ca93dc150494e5b55a44134482993f5baeb97e61b7ecc89?s=96&d=mm&r=g\",\"caption\":\"Roberto\"},\"url\":\"https:\\\/\\\/regiaonews.net.br\\\/2022\\\/author\\\/roberto\\\/\"}]}<\/script>\n<!-- \/ Yoast SEO plugin. -->","yoast_head_json":{"title":"Inscri\u00e7\u00f5es de sele\u00e7\u00e3o para candidatos a membros do Conselho Curador da FEB s\u00e3o prorrogadas - Regi\u00e3o News","robots":{"index":"index","follow":"follow","max-snippet":"max-snippet:-1","max-image-preview":"max-image-preview:large","max-video-preview":"max-video-preview:-1"},"canonical":"https:\/\/regiaonews.net.br\/2022\/2023\/06\/09\/inscricoes-de-selecao-para-candidatos-a-membros-do-conselho-curador-da-feb-sao-prorrogadas\/","og_locale":"pt_BR","og_type":"article","og_title":"Inscri\u00e7\u00f5es de sele\u00e7\u00e3o para candidatos a membros do Conselho Curador da FEB s\u00e3o prorrogadas - Regi\u00e3o News","og_description":"Os interessados podem se inscrever at\u00e9 a pr\u00f3xima quarta-feira, dia","og_url":"https:\/\/regiaonews.net.br\/2022\/2023\/06\/09\/inscricoes-de-selecao-para-candidatos-a-membros-do-conselho-curador-da-feb-sao-prorrogadas\/","og_site_name":"Regi\u00e3o News","article_published_time":"2023-06-09T19:41:33+00:00","og_image":[{"width":1280,"height":960,"url":"https:\/\/regiaonews.net.br\/2022\/wp-content\/uploads\/2023\/06\/UNIFEB.jpg","type":"image\/jpeg"}],"author":"Roberto","twitter_card":"summary_large_image","twitter_misc":{"Escrito por":"Roberto","Est. tempo de leitura":"2 minutos"},"schema":{"@context":"https:\/\/schema.org","@graph":[{"@type":"Article","@id":"https:\/\/regiaonews.net.br\/2022\/2023\/06\/09\/inscricoes-de-selecao-para-candidatos-a-membros-do-conselho-curador-da-feb-sao-prorrogadas\/#article","isPartOf":{"@id":"https:\/\/regiaonews.net.br\/2022\/2023\/06\/09\/inscricoes-de-selecao-para-candidatos-a-membros-do-conselho-curador-da-feb-sao-prorrogadas\/"},"author":{"name":"Roberto","@id":"https:\/\/regiaonews.net.br\/2022\/#\/schema\/person\/2d205a608a5aa97ac279d7a5e6d89ad8"},"headline":"Inscri\u00e7\u00f5es de sele\u00e7\u00e3o para candidatos a membros do Conselho Curador da FEB s\u00e3o prorrogadas","datePublished":"2023-06-09T19:41:33+00:00","mainEntityOfPage":{"@id":"https:\/\/regiaonews.net.br\/2022\/2023\/06\/09\/inscricoes-de-selecao-para-candidatos-a-membros-do-conselho-curador-da-feb-sao-prorrogadas\/"},"wordCount":299,"commentCount":0,"publisher":{"@id":"https:\/\/regiaonews.net.br\/2022\/#organization"},"image":{"@id":"https:\/\/regiaonews.net.br\/2022\/2023\/06\/09\/inscricoes-de-selecao-para-candidatos-a-membros-do-conselho-curador-da-feb-sao-prorrogadas\/#primaryimage"},"thumbnailUrl":"https:\/\/regiaonews.net.br\/2022\/wp-content\/uploads\/2023\/06\/UNIFEB.jpg","articleSection":["Barretos","Geral"],"inLanguage":"pt-BR","potentialAction":[{"@type":"CommentAction","name":"Comment","target":["https:\/\/regiaonews.net.br\/2022\/2023\/06\/09\/inscricoes-de-selecao-para-candidatos-a-membros-do-conselho-curador-da-feb-sao-prorrogadas\/#respond"]}]},{"@type":"WebPage","@id":"https:\/\/regiaonews.net.br\/2022\/2023\/06\/09\/inscricoes-de-selecao-para-candidatos-a-membros-do-conselho-curador-da-feb-sao-prorrogadas\/","url":"https:\/\/regiaonews.net.br\/2022\/2023\/06\/09\/inscricoes-de-selecao-para-candidatos-a-membros-do-conselho-curador-da-feb-sao-prorrogadas\/","name":"Inscri\u00e7\u00f5es de sele\u00e7\u00e3o para candidatos a membros do Conselho Curador da FEB s\u00e3o prorrogadas - Regi\u00e3o News","isPartOf":{"@id":"https:\/\/regiaonews.net.br\/2022\/#website"},"primaryImageOfPage":{"@id":"https:\/\/regiaonews.net.br\/2022\/2023\/06\/09\/inscricoes-de-selecao-para-candidatos-a-membros-do-conselho-curador-da-feb-sao-prorrogadas\/#primaryimage"},"image":{"@id":"https:\/\/regiaonews.net.br\/2022\/2023\/06\/09\/inscricoes-de-selecao-para-candidatos-a-membros-do-conselho-curador-da-feb-sao-prorrogadas\/#primaryimage"},"thumbnailUrl":"https:\/\/regiaonews.net.br\/2022\/wp-content\/uploads\/2023\/06\/UNIFEB.jpg","datePublished":"2023-06-09T19:41:33+00:00","breadcrumb":{"@id":"https:\/\/regiaonews.net.br\/2022\/2023\/06\/09\/inscricoes-de-selecao-para-candidatos-a-membros-do-conselho-curador-da-feb-sao-prorrogadas\/#breadcrumb"},"inLanguage":"pt-BR","potentialAction":[{"@type":"ReadAction","target":["https:\/\/regiaonews.net.br\/2022\/2023\/06\/09\/inscricoes-de-selecao-para-candidatos-a-membros-do-conselho-curador-da-feb-sao-prorrogadas\/"]}]},{"@type":"ImageObject","inLanguage":"pt-BR","@id":"https:\/\/regiaonews.net.br\/2022\/2023\/06\/09\/inscricoes-de-selecao-para-candidatos-a-membros-do-conselho-curador-da-feb-sao-prorrogadas\/#primaryimage","url":"https:\/\/regiaonews.net.br\/2022\/wp-content\/uploads\/2023\/06\/UNIFEB.jpg","contentUrl":"https:\/\/regiaonews.net.br\/2022\/wp-content\/uploads\/2023\/06\/UNIFEB.jpg","width":1280,"height":960},{"@type":"BreadcrumbList","@id":"https:\/\/regiaonews.net.br\/2022\/2023\/06\/09\/inscricoes-de-selecao-para-candidatos-a-membros-do-conselho-curador-da-feb-sao-prorrogadas\/#breadcrumb","itemListElement":[{"@type":"ListItem","position":1,"name":"In\u00edcio","item":"https:\/\/regiaonews.net.br\/2022\/"},{"@type":"ListItem","position":2,"name":"Inscri\u00e7\u00f5es de sele\u00e7\u00e3o para candidatos a membros do Conselho Curador da FEB s\u00e3o prorrogadas"}]},{"@type":"WebSite","@id":"https:\/\/regiaonews.net.br\/2022\/#website","url":"https:\/\/regiaonews.net.br\/2022\/","name":"Regi\u00e3o News","description":"Site de Not\u00edcias de Barretos e regi\u00e3o","publisher":{"@id":"https:\/\/regiaonews.net.br\/2022\/#organization"},"potentialAction":[{"@type":"SearchAction","target":{"@type":"EntryPoint","urlTemplate":"https:\/\/regiaonews.net.br\/2022\/?s={search_term_string}"},"query-input":{"@type":"PropertyValueSpecification","valueRequired":true,"valueName":"search_term_string"}}],"inLanguage":"pt-BR"},{"@type":"Organization","@id":"https:\/\/regiaonews.net.br\/2022\/#organization","name":"Regi\u00e3o News","url":"https:\/\/regiaonews.net.br\/2022\/","logo":{"@type":"ImageObject","inLanguage":"pt-BR","@id":"https:\/\/regiaonews.net.br\/2022\/#\/schema\/logo\/image\/","url":"https:\/\/regiaonews.net.br\/2022\/wp-content\/uploads\/2026\/03\/regiao-13-anos-scaled.jpg","contentUrl":"https:\/\/regiaonews.net.br\/2022\/wp-content\/uploads\/2026\/03\/regiao-13-anos-scaled.jpg","width":2560,"height":635,"caption":"Regi\u00e3o News"},"image":{"@id":"https:\/\/regiaonews.net.br\/2022\/#\/schema\/logo\/image\/"}},{"@type":"Person","@id":"https:\/\/regiaonews.net.br\/2022\/#\/schema\/person\/2d205a608a5aa97ac279d7a5e6d89ad8","name":"Roberto","image":{"@type":"ImageObject","inLanguage":"pt-BR","@id":"https:\/\/secure.gravatar.com\/avatar\/42749d8b712ff9d59ca93dc150494e5b55a44134482993f5baeb97e61b7ecc89?s=96&d=mm&r=g","url":"https:\/\/secure.gravatar.com\/avatar\/42749d8b712ff9d59ca93dc150494e5b55a44134482993f5baeb97e61b7ecc89?s=96&d=mm&r=g","contentUrl":"https:\/\/secure.gravatar.com\/avatar\/42749d8b712ff9d59ca93dc150494e5b55a44134482993f5baeb97e61b7ecc89?s=96&d=mm&r=g","caption":"Roberto"},"url":"https:\/\/regiaonews.net.br\/2022\/author\/roberto\/"}]}},"publishpress_future_action":{"enabled":false,"date":"2026-05-03 08:48:05","action":"change-status","newStatus":"draft","terms":[],"taxonomy":"category","extraData":[]},"publishpress_future_workflow_manual_trigger":{"enabledWorkflows":[]},"_links":{"self":[{"href":"https:\/\/regiaonews.net.br\/2022\/wp-json\/wp\/v2\/posts\/89709","targetHints":{"allow":["GET"]}}],"collection":[{"href":"https:\/\/regiaonews.net.br\/2022\/wp-json\/wp\/v2\/posts"}],"about":[{"href":"https:\/\/regiaonews.net.br\/2022\/wp-json\/wp\/v2\/types\/post"}],"author":[{"embeddable":true,"href":"https:\/\/regiaonews.net.br\/2022\/wp-json\/wp\/v2\/users\/2"}],"replies":[{"embeddable":true,"href":"https:\/\/regiaonews.net.br\/2022\/wp-json\/wp\/v2\/comments?post=89709"}],"version-history":[{"count":1,"href":"https:\/\/regiaonews.net.br\/2022\/wp-json\/wp\/v2\/posts\/89709\/revisions"}],"predecessor-version":[{"id":89711,"href":"https:\/\/regiaonews.net.br\/2022\/wp-json\/wp\/v2\/posts\/89709\/revisions\/89711"}],"wp:featuredmedia":[{"embeddable":true,"href":"https:\/\/regiaonews.net.br\/2022\/wp-json\/wp\/v2\/media\/89710"}],"wp:attachment":[{"href":"https:\/\/regiaonews.net.br\/2022\/wp-json\/wp\/v2\/media?parent=89709"}],"wp:term":[{"taxonomy":"category","embeddable":true,"href":"https:\/\/regiaonews.net.br\/2022\/wp-json\/wp\/v2\/categories?post=89709"},{"taxonomy":"post_tag","embeddable":true,"href":"https:\/\/regiaonews.net.br\/2022\/wp-json\/wp\/v2\/tags?post=89709"}],"curies":[{"name":"wp","href":"https:\/\/api.w.org\/{rel}","templated":true}]}}