{"id":89538,"date":"2023-06-07T12:29:28","date_gmt":"2023-06-07T15:29:28","guid":{"rendered":"https:\/\/regiaonews.net.br\/2022\/?p=89538"},"modified":"2023-06-07T12:29:28","modified_gmt":"2023-06-07T15:29:28","slug":"nucleo-pro-falcemico-de-barretos-sera-inaugurado-no-dia-16","status":"publish","type":"post","link":"https:\/\/regiaonews.net.br\/2022\/2023\/06\/07\/nucleo-pro-falcemico-de-barretos-sera-inaugurado-no-dia-16\/","title":{"rendered":"N\u00facleo Pr\u00f3-Falc\u00eamico de Barretos ser\u00e1 inaugurado no dia 16"},"content":{"rendered":"<p>A Rede APROFe (Associa\u00e7\u00e3o Pr\u00f3-Falc\u00eamicos) S\u00e3o Paulo inaugura em Barretos no dia 16, \u00e0s 19 horas, o N\u00facleo Pr\u00f3-Falc\u00eamico no ponto de cultura &#8220;Casa Euri Silva&#8221;, localizado no anexo do Complexo CSU, bairro Nadir Kenan, que tem a coordena\u00e7\u00e3o de Osni Pinheiro. A inaugura\u00e7\u00e3o contar\u00e1 com a presen\u00e7a da diretora da APROFe S\u00e3o Paulo, Sheila Ventura Pereira e o coordenador de Projetos e Financeiro, Nadir Francisco do Amaral, al\u00e9m de autoridades da cidade. O evento \u00e9 aberto ao p\u00fablico, e conta com a parceria do COMPPIR (Coordenadoria Municipal de Promo\u00e7\u00e3o de Pol\u00edticas de Igualdade Racial), COMIR (Conselho Municipal de Igualdade Racial) e Prefeitura de Barretos.<br \/>\nSegundo Ana Paula Febatis, presidente do COMIR, no dia 19, \u00e0s 19h30, est\u00e1 agendado um Dia da Conscientiza\u00e7\u00e3o sobre a Doen\u00e7a Falciforme, que ter\u00e1 como convidado, o m\u00e9dico Hematologista da Facisb Carlos Sita, na Casa Afro &#8220;\u00c1lvaro de Oliveira&#8221;, localizada na rua Clarice das Dores Rodrigues n\u00ba 300, no Parque Novo Jockey. \u201cO objetivo \u00e9 informar a popula\u00e7\u00e3o sobre a Doen\u00e7a Falciforme e a necessidade de dialogar sobre a import\u00e2ncia de Pol\u00edticas P\u00fablicas para atender a Sa\u00fade da Popula\u00e7\u00e3o Negra\u201d,\u00a0explicou\u00a0Ana.<\/p>\n<p>Foto \u2013 O coordenador Osni Pinheiro e a diretora Sheila Pereira<br \/>\nFoto \u2013 Divulga\u00e7\u00e3o<\/p>\n","protected":false},"excerpt":{"rendered":"<p>A Rede APROFe (Associa\u00e7\u00e3o Pr\u00f3-Falc\u00eamicos) S\u00e3o Paulo inaugura em Barretos<\/p>\n","protected":false},"author":2,"featured_media":89539,"comment_status":"open","ping_status":"open","sticky":false,"template":"","format":"standard","meta":{"footnotes":""},"categories":[14,3],"tags":[],"class_list":["post-89538","post","type-post","status-publish","format-standard","has-post-thumbnail","hentry","category-barretos","category-geral"],"yoast_head":"<!-- This site is optimized with the Yoast SEO plugin v27.4 - https:\/\/yoast.com\/product\/yoast-seo-wordpress\/ -->\n<title>N\u00facleo Pr\u00f3-Falc\u00eamico de Barretos ser\u00e1 inaugurado no dia 16 - Regi\u00e3o News<\/title>\n<meta name=\"robots\" content=\"index, follow, max-snippet:-1, max-image-preview:large, max-video-preview:-1\" \/>\n<link rel=\"canonical\" href=\"https:\/\/regiaonews.net.br\/2022\/2023\/06\/07\/nucleo-pro-falcemico-de-barretos-sera-inaugurado-no-dia-16\/\" \/>\n<meta property=\"og:locale\" content=\"pt_BR\" \/>\n<meta property=\"og:type\" content=\"article\" \/>\n<meta property=\"og:title\" content=\"N\u00facleo Pr\u00f3-Falc\u00eamico de Barretos ser\u00e1 inaugurado no dia 16 - Regi\u00e3o News\" \/>\n<meta property=\"og:description\" content=\"A Rede APROFe (Associa\u00e7\u00e3o Pr\u00f3-Falc\u00eamicos) S\u00e3o Paulo inaugura em Barretos\" \/>\n<meta property=\"og:url\" content=\"https:\/\/regiaonews.net.br\/2022\/2023\/06\/07\/nucleo-pro-falcemico-de-barretos-sera-inaugurado-no-dia-16\/\" \/>\n<meta property=\"og:site_name\" content=\"Regi\u00e3o News\" \/>\n<meta property=\"article:published_time\" content=\"2023-06-07T15:29:28+00:00\" \/>\n<meta property=\"og:image\" content=\"https:\/\/regiaonews.net.br\/2022\/wp-content\/uploads\/2023\/06\/Imagem-do-WhatsApp-de-2023-06-07-as-12.01.47.jpg\" \/>\n\t<meta property=\"og:image:width\" content=\"720\" \/>\n\t<meta property=\"og:image:height\" content=\"713\" \/>\n\t<meta property=\"og:image:type\" content=\"image\/jpeg\" \/>\n<meta name=\"author\" content=\"Roberto\" \/>\n<meta name=\"twitter:card\" content=\"summary_large_image\" \/>\n<meta name=\"twitter:label1\" content=\"Escrito por\" \/>\n\t<meta name=\"twitter:data1\" content=\"Roberto\" \/>\n\t<meta name=\"twitter:label2\" content=\"Est. tempo de leitura\" \/>\n\t<meta name=\"twitter:data2\" content=\"2 minutos\" \/>\n<script type=\"application\/ld+json\" class=\"yoast-schema-graph\">{\"@context\":\"https:\\\/\\\/schema.org\",\"@graph\":[{\"@type\":\"Article\",\"@id\":\"https:\\\/\\\/regiaonews.net.br\\\/2022\\\/2023\\\/06\\\/07\\\/nucleo-pro-falcemico-de-barretos-sera-inaugurado-no-dia-16\\\/#article\",\"isPartOf\":{\"@id\":\"https:\\\/\\\/regiaonews.net.br\\\/2022\\\/2023\\\/06\\\/07\\\/nucleo-pro-falcemico-de-barretos-sera-inaugurado-no-dia-16\\\/\"},\"author\":{\"name\":\"Roberto\",\"@id\":\"https:\\\/\\\/regiaonews.net.br\\\/2022\\\/#\\\/schema\\\/person\\\/2d205a608a5aa97ac279d7a5e6d89ad8\"},\"headline\":\"N\u00facleo Pr\u00f3-Falc\u00eamico de Barretos ser\u00e1 inaugurado no dia 16\",\"datePublished\":\"2023-06-07T15:29:28+00:00\",\"mainEntityOfPage\":{\"@id\":\"https:\\\/\\\/regiaonews.net.br\\\/2022\\\/2023\\\/06\\\/07\\\/nucleo-pro-falcemico-de-barretos-sera-inaugurado-no-dia-16\\\/\"},\"wordCount\":230,\"commentCount\":0,\"publisher\":{\"@id\":\"https:\\\/\\\/regiaonews.net.br\\\/2022\\\/#organization\"},\"image\":{\"@id\":\"https:\\\/\\\/regiaonews.net.br\\\/2022\\\/2023\\\/06\\\/07\\\/nucleo-pro-falcemico-de-barretos-sera-inaugurado-no-dia-16\\\/#primaryimage\"},\"thumbnailUrl\":\"https:\\\/\\\/regiaonews.net.br\\\/2022\\\/wp-content\\\/uploads\\\/2023\\\/06\\\/Imagem-do-WhatsApp-de-2023-06-07-as-12.01.47.jpg\",\"articleSection\":[\"Barretos\",\"Geral\"],\"inLanguage\":\"pt-BR\",\"potentialAction\":[{\"@type\":\"CommentAction\",\"name\":\"Comment\",\"target\":[\"https:\\\/\\\/regiaonews.net.br\\\/2022\\\/2023\\\/06\\\/07\\\/nucleo-pro-falcemico-de-barretos-sera-inaugurado-no-dia-16\\\/#respond\"]}]},{\"@type\":\"WebPage\",\"@id\":\"https:\\\/\\\/regiaonews.net.br\\\/2022\\\/2023\\\/06\\\/07\\\/nucleo-pro-falcemico-de-barretos-sera-inaugurado-no-dia-16\\\/\",\"url\":\"https:\\\/\\\/regiaonews.net.br\\\/2022\\\/2023\\\/06\\\/07\\\/nucleo-pro-falcemico-de-barretos-sera-inaugurado-no-dia-16\\\/\",\"name\":\"N\u00facleo Pr\u00f3-Falc\u00eamico de Barretos ser\u00e1 inaugurado no dia 16 - Regi\u00e3o News\",\"isPartOf\":{\"@id\":\"https:\\\/\\\/regiaonews.net.br\\\/2022\\\/#website\"},\"primaryImageOfPage\":{\"@id\":\"https:\\\/\\\/regiaonews.net.br\\\/2022\\\/2023\\\/06\\\/07\\\/nucleo-pro-falcemico-de-barretos-sera-inaugurado-no-dia-16\\\/#primaryimage\"},\"image\":{\"@id\":\"https:\\\/\\\/regiaonews.net.br\\\/2022\\\/2023\\\/06\\\/07\\\/nucleo-pro-falcemico-de-barretos-sera-inaugurado-no-dia-16\\\/#primaryimage\"},\"thumbnailUrl\":\"https:\\\/\\\/regiaonews.net.br\\\/2022\\\/wp-content\\\/uploads\\\/2023\\\/06\\\/Imagem-do-WhatsApp-de-2023-06-07-as-12.01.47.jpg\",\"datePublished\":\"2023-06-07T15:29:28+00:00\",\"breadcrumb\":{\"@id\":\"https:\\\/\\\/regiaonews.net.br\\\/2022\\\/2023\\\/06\\\/07\\\/nucleo-pro-falcemico-de-barretos-sera-inaugurado-no-dia-16\\\/#breadcrumb\"},\"inLanguage\":\"pt-BR\",\"potentialAction\":[{\"@type\":\"ReadAction\",\"target\":[\"https:\\\/\\\/regiaonews.net.br\\\/2022\\\/2023\\\/06\\\/07\\\/nucleo-pro-falcemico-de-barretos-sera-inaugurado-no-dia-16\\\/\"]}]},{\"@type\":\"ImageObject\",\"inLanguage\":\"pt-BR\",\"@id\":\"https:\\\/\\\/regiaonews.net.br\\\/2022\\\/2023\\\/06\\\/07\\\/nucleo-pro-falcemico-de-barretos-sera-inaugurado-no-dia-16\\\/#primaryimage\",\"url\":\"https:\\\/\\\/regiaonews.net.br\\\/2022\\\/wp-content\\\/uploads\\\/2023\\\/06\\\/Imagem-do-WhatsApp-de-2023-06-07-as-12.01.47.jpg\",\"contentUrl\":\"https:\\\/\\\/regiaonews.net.br\\\/2022\\\/wp-content\\\/uploads\\\/2023\\\/06\\\/Imagem-do-WhatsApp-de-2023-06-07-as-12.01.47.jpg\",\"width\":720,\"height\":713},{\"@type\":\"BreadcrumbList\",\"@id\":\"https:\\\/\\\/regiaonews.net.br\\\/2022\\\/2023\\\/06\\\/07\\\/nucleo-pro-falcemico-de-barretos-sera-inaugurado-no-dia-16\\\/#breadcrumb\",\"itemListElement\":[{\"@type\":\"ListItem\",\"position\":1,\"name\":\"In\u00edcio\",\"item\":\"https:\\\/\\\/regiaonews.net.br\\\/2022\\\/\"},{\"@type\":\"ListItem\",\"position\":2,\"name\":\"N\u00facleo Pr\u00f3-Falc\u00eamico de Barretos ser\u00e1 inaugurado no dia 16\"}]},{\"@type\":\"WebSite\",\"@id\":\"https:\\\/\\\/regiaonews.net.br\\\/2022\\\/#website\",\"url\":\"https:\\\/\\\/regiaonews.net.br\\\/2022\\\/\",\"name\":\"Regi\u00e3o News\",\"description\":\"Site de Not\u00edcias de Barretos e regi\u00e3o\",\"publisher\":{\"@id\":\"https:\\\/\\\/regiaonews.net.br\\\/2022\\\/#organization\"},\"potentialAction\":[{\"@type\":\"SearchAction\",\"target\":{\"@type\":\"EntryPoint\",\"urlTemplate\":\"https:\\\/\\\/regiaonews.net.br\\\/2022\\\/?s={search_term_string}\"},\"query-input\":{\"@type\":\"PropertyValueSpecification\",\"valueRequired\":true,\"valueName\":\"search_term_string\"}}],\"inLanguage\":\"pt-BR\"},{\"@type\":\"Organization\",\"@id\":\"https:\\\/\\\/regiaonews.net.br\\\/2022\\\/#organization\",\"name\":\"Regi\u00e3o News\",\"url\":\"https:\\\/\\\/regiaonews.net.br\\\/2022\\\/\",\"logo\":{\"@type\":\"ImageObject\",\"inLanguage\":\"pt-BR\",\"@id\":\"https:\\\/\\\/regiaonews.net.br\\\/2022\\\/#\\\/schema\\\/logo\\\/image\\\/\",\"url\":\"https:\\\/\\\/regiaonews.net.br\\\/2022\\\/wp-content\\\/uploads\\\/2026\\\/03\\\/regiao-13-anos-scaled.jpg\",\"contentUrl\":\"https:\\\/\\\/regiaonews.net.br\\\/2022\\\/wp-content\\\/uploads\\\/2026\\\/03\\\/regiao-13-anos-scaled.jpg\",\"width\":2560,\"height\":635,\"caption\":\"Regi\u00e3o News\"},\"image\":{\"@id\":\"https:\\\/\\\/regiaonews.net.br\\\/2022\\\/#\\\/schema\\\/logo\\\/image\\\/\"}},{\"@type\":\"Person\",\"@id\":\"https:\\\/\\\/regiaonews.net.br\\\/2022\\\/#\\\/schema\\\/person\\\/2d205a608a5aa97ac279d7a5e6d89ad8\",\"name\":\"Roberto\",\"image\":{\"@type\":\"ImageObject\",\"inLanguage\":\"pt-BR\",\"@id\":\"https:\\\/\\\/secure.gravatar.com\\\/avatar\\\/42749d8b712ff9d59ca93dc150494e5b55a44134482993f5baeb97e61b7ecc89?s=96&d=mm&r=g\",\"url\":\"https:\\\/\\\/secure.gravatar.com\\\/avatar\\\/42749d8b712ff9d59ca93dc150494e5b55a44134482993f5baeb97e61b7ecc89?s=96&d=mm&r=g\",\"contentUrl\":\"https:\\\/\\\/secure.gravatar.com\\\/avatar\\\/42749d8b712ff9d59ca93dc150494e5b55a44134482993f5baeb97e61b7ecc89?s=96&d=mm&r=g\",\"caption\":\"Roberto\"},\"url\":\"https:\\\/\\\/regiaonews.net.br\\\/2022\\\/author\\\/roberto\\\/\"}]}<\/script>\n<!-- \/ Yoast SEO plugin. -->","yoast_head_json":{"title":"N\u00facleo Pr\u00f3-Falc\u00eamico de Barretos ser\u00e1 inaugurado no dia 16 - Regi\u00e3o News","robots":{"index":"index","follow":"follow","max-snippet":"max-snippet:-1","max-image-preview":"max-image-preview:large","max-video-preview":"max-video-preview:-1"},"canonical":"https:\/\/regiaonews.net.br\/2022\/2023\/06\/07\/nucleo-pro-falcemico-de-barretos-sera-inaugurado-no-dia-16\/","og_locale":"pt_BR","og_type":"article","og_title":"N\u00facleo Pr\u00f3-Falc\u00eamico de Barretos ser\u00e1 inaugurado no dia 16 - Regi\u00e3o News","og_description":"A Rede APROFe (Associa\u00e7\u00e3o Pr\u00f3-Falc\u00eamicos) S\u00e3o Paulo inaugura em Barretos","og_url":"https:\/\/regiaonews.net.br\/2022\/2023\/06\/07\/nucleo-pro-falcemico-de-barretos-sera-inaugurado-no-dia-16\/","og_site_name":"Regi\u00e3o News","article_published_time":"2023-06-07T15:29:28+00:00","og_image":[{"width":720,"height":713,"url":"https:\/\/regiaonews.net.br\/2022\/wp-content\/uploads\/2023\/06\/Imagem-do-WhatsApp-de-2023-06-07-as-12.01.47.jpg","type":"image\/jpeg"}],"author":"Roberto","twitter_card":"summary_large_image","twitter_misc":{"Escrito por":"Roberto","Est. tempo de leitura":"2 minutos"},"schema":{"@context":"https:\/\/schema.org","@graph":[{"@type":"Article","@id":"https:\/\/regiaonews.net.br\/2022\/2023\/06\/07\/nucleo-pro-falcemico-de-barretos-sera-inaugurado-no-dia-16\/#article","isPartOf":{"@id":"https:\/\/regiaonews.net.br\/2022\/2023\/06\/07\/nucleo-pro-falcemico-de-barretos-sera-inaugurado-no-dia-16\/"},"author":{"name":"Roberto","@id":"https:\/\/regiaonews.net.br\/2022\/#\/schema\/person\/2d205a608a5aa97ac279d7a5e6d89ad8"},"headline":"N\u00facleo Pr\u00f3-Falc\u00eamico de Barretos ser\u00e1 inaugurado no dia 16","datePublished":"2023-06-07T15:29:28+00:00","mainEntityOfPage":{"@id":"https:\/\/regiaonews.net.br\/2022\/2023\/06\/07\/nucleo-pro-falcemico-de-barretos-sera-inaugurado-no-dia-16\/"},"wordCount":230,"commentCount":0,"publisher":{"@id":"https:\/\/regiaonews.net.br\/2022\/#organization"},"image":{"@id":"https:\/\/regiaonews.net.br\/2022\/2023\/06\/07\/nucleo-pro-falcemico-de-barretos-sera-inaugurado-no-dia-16\/#primaryimage"},"thumbnailUrl":"https:\/\/regiaonews.net.br\/2022\/wp-content\/uploads\/2023\/06\/Imagem-do-WhatsApp-de-2023-06-07-as-12.01.47.jpg","articleSection":["Barretos","Geral"],"inLanguage":"pt-BR","potentialAction":[{"@type":"CommentAction","name":"Comment","target":["https:\/\/regiaonews.net.br\/2022\/2023\/06\/07\/nucleo-pro-falcemico-de-barretos-sera-inaugurado-no-dia-16\/#respond"]}]},{"@type":"WebPage","@id":"https:\/\/regiaonews.net.br\/2022\/2023\/06\/07\/nucleo-pro-falcemico-de-barretos-sera-inaugurado-no-dia-16\/","url":"https:\/\/regiaonews.net.br\/2022\/2023\/06\/07\/nucleo-pro-falcemico-de-barretos-sera-inaugurado-no-dia-16\/","name":"N\u00facleo Pr\u00f3-Falc\u00eamico de Barretos ser\u00e1 inaugurado no dia 16 - Regi\u00e3o News","isPartOf":{"@id":"https:\/\/regiaonews.net.br\/2022\/#website"},"primaryImageOfPage":{"@id":"https:\/\/regiaonews.net.br\/2022\/2023\/06\/07\/nucleo-pro-falcemico-de-barretos-sera-inaugurado-no-dia-16\/#primaryimage"},"image":{"@id":"https:\/\/regiaonews.net.br\/2022\/2023\/06\/07\/nucleo-pro-falcemico-de-barretos-sera-inaugurado-no-dia-16\/#primaryimage"},"thumbnailUrl":"https:\/\/regiaonews.net.br\/2022\/wp-content\/uploads\/2023\/06\/Imagem-do-WhatsApp-de-2023-06-07-as-12.01.47.jpg","datePublished":"2023-06-07T15:29:28+00:00","breadcrumb":{"@id":"https:\/\/regiaonews.net.br\/2022\/2023\/06\/07\/nucleo-pro-falcemico-de-barretos-sera-inaugurado-no-dia-16\/#breadcrumb"},"inLanguage":"pt-BR","potentialAction":[{"@type":"ReadAction","target":["https:\/\/regiaonews.net.br\/2022\/2023\/06\/07\/nucleo-pro-falcemico-de-barretos-sera-inaugurado-no-dia-16\/"]}]},{"@type":"ImageObject","inLanguage":"pt-BR","@id":"https:\/\/regiaonews.net.br\/2022\/2023\/06\/07\/nucleo-pro-falcemico-de-barretos-sera-inaugurado-no-dia-16\/#primaryimage","url":"https:\/\/regiaonews.net.br\/2022\/wp-content\/uploads\/2023\/06\/Imagem-do-WhatsApp-de-2023-06-07-as-12.01.47.jpg","contentUrl":"https:\/\/regiaonews.net.br\/2022\/wp-content\/uploads\/2023\/06\/Imagem-do-WhatsApp-de-2023-06-07-as-12.01.47.jpg","width":720,"height":713},{"@type":"BreadcrumbList","@id":"https:\/\/regiaonews.net.br\/2022\/2023\/06\/07\/nucleo-pro-falcemico-de-barretos-sera-inaugurado-no-dia-16\/#breadcrumb","itemListElement":[{"@type":"ListItem","position":1,"name":"In\u00edcio","item":"https:\/\/regiaonews.net.br\/2022\/"},{"@type":"ListItem","position":2,"name":"N\u00facleo Pr\u00f3-Falc\u00eamico de Barretos ser\u00e1 inaugurado no dia 16"}]},{"@type":"WebSite","@id":"https:\/\/regiaonews.net.br\/2022\/#website","url":"https:\/\/regiaonews.net.br\/2022\/","name":"Regi\u00e3o News","description":"Site de Not\u00edcias de Barretos e regi\u00e3o","publisher":{"@id":"https:\/\/regiaonews.net.br\/2022\/#organization"},"potentialAction":[{"@type":"SearchAction","target":{"@type":"EntryPoint","urlTemplate":"https:\/\/regiaonews.net.br\/2022\/?s={search_term_string}"},"query-input":{"@type":"PropertyValueSpecification","valueRequired":true,"valueName":"search_term_string"}}],"inLanguage":"pt-BR"},{"@type":"Organization","@id":"https:\/\/regiaonews.net.br\/2022\/#organization","name":"Regi\u00e3o News","url":"https:\/\/regiaonews.net.br\/2022\/","logo":{"@type":"ImageObject","inLanguage":"pt-BR","@id":"https:\/\/regiaonews.net.br\/2022\/#\/schema\/logo\/image\/","url":"https:\/\/regiaonews.net.br\/2022\/wp-content\/uploads\/2026\/03\/regiao-13-anos-scaled.jpg","contentUrl":"https:\/\/regiaonews.net.br\/2022\/wp-content\/uploads\/2026\/03\/regiao-13-anos-scaled.jpg","width":2560,"height":635,"caption":"Regi\u00e3o News"},"image":{"@id":"https:\/\/regiaonews.net.br\/2022\/#\/schema\/logo\/image\/"}},{"@type":"Person","@id":"https:\/\/regiaonews.net.br\/2022\/#\/schema\/person\/2d205a608a5aa97ac279d7a5e6d89ad8","name":"Roberto","image":{"@type":"ImageObject","inLanguage":"pt-BR","@id":"https:\/\/secure.gravatar.com\/avatar\/42749d8b712ff9d59ca93dc150494e5b55a44134482993f5baeb97e61b7ecc89?s=96&d=mm&r=g","url":"https:\/\/secure.gravatar.com\/avatar\/42749d8b712ff9d59ca93dc150494e5b55a44134482993f5baeb97e61b7ecc89?s=96&d=mm&r=g","contentUrl":"https:\/\/secure.gravatar.com\/avatar\/42749d8b712ff9d59ca93dc150494e5b55a44134482993f5baeb97e61b7ecc89?s=96&d=mm&r=g","caption":"Roberto"},"url":"https:\/\/regiaonews.net.br\/2022\/author\/roberto\/"}]}},"publishpress_future_action":{"enabled":false,"date":"2026-05-03 08:48:46","action":"change-status","newStatus":"draft","terms":[],"taxonomy":"category","extraData":[]},"publishpress_future_workflow_manual_trigger":{"enabledWorkflows":[]},"_links":{"self":[{"href":"https:\/\/regiaonews.net.br\/2022\/wp-json\/wp\/v2\/posts\/89538","targetHints":{"allow":["GET"]}}],"collection":[{"href":"https:\/\/regiaonews.net.br\/2022\/wp-json\/wp\/v2\/posts"}],"about":[{"href":"https:\/\/regiaonews.net.br\/2022\/wp-json\/wp\/v2\/types\/post"}],"author":[{"embeddable":true,"href":"https:\/\/regiaonews.net.br\/2022\/wp-json\/wp\/v2\/users\/2"}],"replies":[{"embeddable":true,"href":"https:\/\/regiaonews.net.br\/2022\/wp-json\/wp\/v2\/comments?post=89538"}],"version-history":[{"count":1,"href":"https:\/\/regiaonews.net.br\/2022\/wp-json\/wp\/v2\/posts\/89538\/revisions"}],"predecessor-version":[{"id":89540,"href":"https:\/\/regiaonews.net.br\/2022\/wp-json\/wp\/v2\/posts\/89538\/revisions\/89540"}],"wp:featuredmedia":[{"embeddable":true,"href":"https:\/\/regiaonews.net.br\/2022\/wp-json\/wp\/v2\/media\/89539"}],"wp:attachment":[{"href":"https:\/\/regiaonews.net.br\/2022\/wp-json\/wp\/v2\/media?parent=89538"}],"wp:term":[{"taxonomy":"category","embeddable":true,"href":"https:\/\/regiaonews.net.br\/2022\/wp-json\/wp\/v2\/categories?post=89538"},{"taxonomy":"post_tag","embeddable":true,"href":"https:\/\/regiaonews.net.br\/2022\/wp-json\/wp\/v2\/tags?post=89538"}],"curies":[{"name":"wp","href":"https:\/\/api.w.org\/{rel}","templated":true}]}}