{"id":89436,"date":"2023-06-05T22:13:20","date_gmt":"2023-06-06T01:13:20","guid":{"rendered":"https:\/\/regiaonews.net.br\/2022\/?p=89436"},"modified":"2023-06-06T11:51:40","modified_gmt":"2023-06-06T14:51:40","slug":"morre-na-upa-a-adolescente-maria-clara-modelis","status":"publish","type":"post","link":"https:\/\/regiaonews.net.br\/2022\/2023\/06\/05\/morre-na-upa-a-adolescente-maria-clara-modelis\/","title":{"rendered":"Morre na UPA a adolescente Maria Clara Modelis"},"content":{"rendered":"<p>&nbsp;<\/p>\n<div class=\"single-news-content\">\n<div class=\"news-detail clearfix\">\n<div class=\"news-content editor-content-entry\">\n<p>A adolescente Maria Clara Modelis de Jesus,\u00a0 15 anos, morreu na noite desta segunda-feira (5), na UPA (Unidade de Pronto Atendimento). Segundo o av\u00f4, Gilmar Modelis, Inglezinho, a jovem que vivia desde 1 m\u00eas de vida acamada, recebendo os cuidados da\u00a0 fam\u00edlia, passou mal na noite desta segunda, foi socorrida pelo SAMU at\u00e9 a UPA onde foi confirmado o seu \u00f3bito.\u00a0O vel\u00f3rio ser\u00e1 realizado hoje, a partir das 12h no Vel\u00f3rio Municipal e o sepultamento est\u00e1 agendado para \u00e0s 17h, no Cemit\u00e9rio Municipal. \u201cEu sai para trabalhar ela estava bem, logo depois recebi uma liga\u00e7\u00e3o informando que ela havia falecido\u201d, afirmou.<\/p>\n<p>Hist\u00f3ria<\/p>\n<p>Com o falecimento da m\u00e3e, Maria Clara que tinha apenas 80 cent\u00edmetros de comprimento, passou a viver sob\u00a0 os cuidados do av\u00f4 Gilmar Modelis, \u201cInglezinho\u201d e sua esposa, na resid\u00eancia da fam\u00edlia na bairro Gomes, onde comunicava-se\u00a0 com os familiares apenas atrav\u00e9s de gestos. \u201cA Maria Clara sempre foi uma\u00a0 ben\u00e7\u00e3o de Deus para a minha fam\u00edlia. Lutamos ao longo destes anos, j\u00e1 que n\u00e3o andava e n\u00e3o falava, e tinha em \u00a0mente que era uma \u00a0crian\u00e7a de apenas 1 ano\u201d, afirmou Gilmar.<\/p>\n<p>O av\u00f4 lembrou que sua neta, Maria Clara, desde o seu nascimento foi desenganada pelos m\u00e9dicos e completaria 16 anos no m\u00eas de julho. Em 2022, a fam\u00edlia comemorou o seu anivers\u00e1rio de 15 anos, com uma festa.<\/p>\n<p><a href=\"https:\/\/regiaonews.net.br\/2022\/wp-content\/uploads\/2023\/06\/IMG-20230605-WA0476.jpg\"><img loading=\"lazy\" decoding=\"async\" class=\"alignnone size-medium wp-image-89441\" src=\"https:\/\/regiaonews.net.br\/2022\/wp-content\/uploads\/2023\/06\/IMG-20230605-WA0476-225x300.jpg\" alt=\"\" width=\"225\" height=\"300\" srcset=\"https:\/\/regiaonews.net.br\/2022\/wp-content\/uploads\/2023\/06\/IMG-20230605-WA0476-225x300.jpg 225w, https:\/\/regiaonews.net.br\/2022\/wp-content\/uploads\/2023\/06\/IMG-20230605-WA0476-768x1024.jpg 768w, https:\/\/regiaonews.net.br\/2022\/wp-content\/uploads\/2023\/06\/IMG-20230605-WA0476-1152x1536.jpg 1152w, https:\/\/regiaonews.net.br\/2022\/wp-content\/uploads\/2023\/06\/IMG-20230605-WA0476-250x333.jpg 250w, https:\/\/regiaonews.net.br\/2022\/wp-content\/uploads\/2023\/06\/IMG-20230605-WA0476.jpg 1200w\" sizes=\"auto, (max-width: 225px) 100vw, 225px\" \/><\/a><\/p>\n<\/div>\n<\/div>\n<\/div>\n","protected":false},"excerpt":{"rendered":"<p>&nbsp; A adolescente Maria Clara Modelis de Jesus,\u00a0 15 anos,<\/p>\n","protected":false},"author":2,"featured_media":75789,"comment_status":"open","ping_status":"open","sticky":false,"template":"","format":"standard","meta":{"footnotes":""},"categories":[14,25,88],"tags":[],"class_list":["post-89436","post","type-post","status-publish","format-standard","has-post-thumbnail","hentry","category-barretos","category-cidades","category-falecimento"],"yoast_head":"<!-- This site is optimized with the Yoast SEO plugin v27.4 - https:\/\/yoast.com\/product\/yoast-seo-wordpress\/ -->\n<title>Morre na UPA a adolescente Maria Clara Modelis - Regi\u00e3o News<\/title>\n<meta name=\"robots\" content=\"index, follow, max-snippet:-1, max-image-preview:large, max-video-preview:-1\" \/>\n<link rel=\"canonical\" href=\"https:\/\/regiaonews.net.br\/2022\/2023\/06\/05\/morre-na-upa-a-adolescente-maria-clara-modelis\/\" \/>\n<meta property=\"og:locale\" content=\"pt_BR\" \/>\n<meta property=\"og:type\" content=\"article\" \/>\n<meta property=\"og:title\" content=\"Morre na UPA a adolescente Maria Clara Modelis - Regi\u00e3o News\" \/>\n<meta property=\"og:description\" content=\"&nbsp; A adolescente Maria Clara Modelis de Jesus,\u00a0 15 anos,\" \/>\n<meta property=\"og:url\" content=\"https:\/\/regiaonews.net.br\/2022\/2023\/06\/05\/morre-na-upa-a-adolescente-maria-clara-modelis\/\" \/>\n<meta property=\"og:site_name\" content=\"Regi\u00e3o News\" \/>\n<meta property=\"article:published_time\" content=\"2023-06-06T01:13:20+00:00\" \/>\n<meta property=\"article:modified_time\" content=\"2023-06-06T14:51:40+00:00\" \/>\n<meta property=\"og:image\" content=\"https:\/\/regiaonews.net.br\/2022\/wp-content\/uploads\/2022\/07\/WhatsApp-Image-2022-07-29-at-15.54.38.jpeg\" \/>\n\t<meta property=\"og:image:width\" content=\"640\" \/>\n\t<meta property=\"og:image:height\" content=\"640\" \/>\n\t<meta property=\"og:image:type\" content=\"image\/jpeg\" \/>\n<meta name=\"author\" content=\"Roberto\" \/>\n<meta name=\"twitter:card\" content=\"summary_large_image\" \/>\n<meta name=\"twitter:label1\" content=\"Escrito por\" \/>\n\t<meta name=\"twitter:data1\" content=\"Roberto\" \/>\n\t<meta name=\"twitter:label2\" content=\"Est. tempo de leitura\" \/>\n\t<meta name=\"twitter:data2\" content=\"2 minutos\" \/>\n<script type=\"application\/ld+json\" class=\"yoast-schema-graph\">{\"@context\":\"https:\\\/\\\/schema.org\",\"@graph\":[{\"@type\":\"Article\",\"@id\":\"https:\\\/\\\/regiaonews.net.br\\\/2022\\\/2023\\\/06\\\/05\\\/morre-na-upa-a-adolescente-maria-clara-modelis\\\/#article\",\"isPartOf\":{\"@id\":\"https:\\\/\\\/regiaonews.net.br\\\/2022\\\/2023\\\/06\\\/05\\\/morre-na-upa-a-adolescente-maria-clara-modelis\\\/\"},\"author\":{\"name\":\"Roberto\",\"@id\":\"https:\\\/\\\/regiaonews.net.br\\\/2022\\\/#\\\/schema\\\/person\\\/2d205a608a5aa97ac279d7a5e6d89ad8\"},\"headline\":\"Morre na UPA a adolescente Maria Clara Modelis\",\"datePublished\":\"2023-06-06T01:13:20+00:00\",\"dateModified\":\"2023-06-06T14:51:40+00:00\",\"mainEntityOfPage\":{\"@id\":\"https:\\\/\\\/regiaonews.net.br\\\/2022\\\/2023\\\/06\\\/05\\\/morre-na-upa-a-adolescente-maria-clara-modelis\\\/\"},\"wordCount\":246,\"commentCount\":0,\"publisher\":{\"@id\":\"https:\\\/\\\/regiaonews.net.br\\\/2022\\\/#organization\"},\"image\":{\"@id\":\"https:\\\/\\\/regiaonews.net.br\\\/2022\\\/2023\\\/06\\\/05\\\/morre-na-upa-a-adolescente-maria-clara-modelis\\\/#primaryimage\"},\"thumbnailUrl\":\"https:\\\/\\\/regiaonews.net.br\\\/2022\\\/wp-content\\\/uploads\\\/2022\\\/07\\\/WhatsApp-Image-2022-07-29-at-15.54.38.jpeg\",\"articleSection\":[\"Barretos\",\"Cidades\",\"Falecimento\"],\"inLanguage\":\"pt-BR\",\"potentialAction\":[{\"@type\":\"CommentAction\",\"name\":\"Comment\",\"target\":[\"https:\\\/\\\/regiaonews.net.br\\\/2022\\\/2023\\\/06\\\/05\\\/morre-na-upa-a-adolescente-maria-clara-modelis\\\/#respond\"]}]},{\"@type\":\"WebPage\",\"@id\":\"https:\\\/\\\/regiaonews.net.br\\\/2022\\\/2023\\\/06\\\/05\\\/morre-na-upa-a-adolescente-maria-clara-modelis\\\/\",\"url\":\"https:\\\/\\\/regiaonews.net.br\\\/2022\\\/2023\\\/06\\\/05\\\/morre-na-upa-a-adolescente-maria-clara-modelis\\\/\",\"name\":\"Morre na UPA a adolescente Maria Clara Modelis - Regi\u00e3o News\",\"isPartOf\":{\"@id\":\"https:\\\/\\\/regiaonews.net.br\\\/2022\\\/#website\"},\"primaryImageOfPage\":{\"@id\":\"https:\\\/\\\/regiaonews.net.br\\\/2022\\\/2023\\\/06\\\/05\\\/morre-na-upa-a-adolescente-maria-clara-modelis\\\/#primaryimage\"},\"image\":{\"@id\":\"https:\\\/\\\/regiaonews.net.br\\\/2022\\\/2023\\\/06\\\/05\\\/morre-na-upa-a-adolescente-maria-clara-modelis\\\/#primaryimage\"},\"thumbnailUrl\":\"https:\\\/\\\/regiaonews.net.br\\\/2022\\\/wp-content\\\/uploads\\\/2022\\\/07\\\/WhatsApp-Image-2022-07-29-at-15.54.38.jpeg\",\"datePublished\":\"2023-06-06T01:13:20+00:00\",\"dateModified\":\"2023-06-06T14:51:40+00:00\",\"breadcrumb\":{\"@id\":\"https:\\\/\\\/regiaonews.net.br\\\/2022\\\/2023\\\/06\\\/05\\\/morre-na-upa-a-adolescente-maria-clara-modelis\\\/#breadcrumb\"},\"inLanguage\":\"pt-BR\",\"potentialAction\":[{\"@type\":\"ReadAction\",\"target\":[\"https:\\\/\\\/regiaonews.net.br\\\/2022\\\/2023\\\/06\\\/05\\\/morre-na-upa-a-adolescente-maria-clara-modelis\\\/\"]}]},{\"@type\":\"ImageObject\",\"inLanguage\":\"pt-BR\",\"@id\":\"https:\\\/\\\/regiaonews.net.br\\\/2022\\\/2023\\\/06\\\/05\\\/morre-na-upa-a-adolescente-maria-clara-modelis\\\/#primaryimage\",\"url\":\"https:\\\/\\\/regiaonews.net.br\\\/2022\\\/wp-content\\\/uploads\\\/2022\\\/07\\\/WhatsApp-Image-2022-07-29-at-15.54.38.jpeg\",\"contentUrl\":\"https:\\\/\\\/regiaonews.net.br\\\/2022\\\/wp-content\\\/uploads\\\/2022\\\/07\\\/WhatsApp-Image-2022-07-29-at-15.54.38.jpeg\",\"width\":640,\"height\":640,\"caption\":\"Maria Clara ao lado do av\u00f4, Gilmar Modelis\"},{\"@type\":\"BreadcrumbList\",\"@id\":\"https:\\\/\\\/regiaonews.net.br\\\/2022\\\/2023\\\/06\\\/05\\\/morre-na-upa-a-adolescente-maria-clara-modelis\\\/#breadcrumb\",\"itemListElement\":[{\"@type\":\"ListItem\",\"position\":1,\"name\":\"In\u00edcio\",\"item\":\"https:\\\/\\\/regiaonews.net.br\\\/2022\\\/\"},{\"@type\":\"ListItem\",\"position\":2,\"name\":\"Morre na UPA a adolescente Maria Clara Modelis\"}]},{\"@type\":\"WebSite\",\"@id\":\"https:\\\/\\\/regiaonews.net.br\\\/2022\\\/#website\",\"url\":\"https:\\\/\\\/regiaonews.net.br\\\/2022\\\/\",\"name\":\"Regi\u00e3o News\",\"description\":\"Site de Not\u00edcias de Barretos e regi\u00e3o\",\"publisher\":{\"@id\":\"https:\\\/\\\/regiaonews.net.br\\\/2022\\\/#organization\"},\"potentialAction\":[{\"@type\":\"SearchAction\",\"target\":{\"@type\":\"EntryPoint\",\"urlTemplate\":\"https:\\\/\\\/regiaonews.net.br\\\/2022\\\/?s={search_term_string}\"},\"query-input\":{\"@type\":\"PropertyValueSpecification\",\"valueRequired\":true,\"valueName\":\"search_term_string\"}}],\"inLanguage\":\"pt-BR\"},{\"@type\":\"Organization\",\"@id\":\"https:\\\/\\\/regiaonews.net.br\\\/2022\\\/#organization\",\"name\":\"Regi\u00e3o News\",\"url\":\"https:\\\/\\\/regiaonews.net.br\\\/2022\\\/\",\"logo\":{\"@type\":\"ImageObject\",\"inLanguage\":\"pt-BR\",\"@id\":\"https:\\\/\\\/regiaonews.net.br\\\/2022\\\/#\\\/schema\\\/logo\\\/image\\\/\",\"url\":\"https:\\\/\\\/regiaonews.net.br\\\/2022\\\/wp-content\\\/uploads\\\/2026\\\/03\\\/regiao-13-anos-scaled.jpg\",\"contentUrl\":\"https:\\\/\\\/regiaonews.net.br\\\/2022\\\/wp-content\\\/uploads\\\/2026\\\/03\\\/regiao-13-anos-scaled.jpg\",\"width\":2560,\"height\":635,\"caption\":\"Regi\u00e3o News\"},\"image\":{\"@id\":\"https:\\\/\\\/regiaonews.net.br\\\/2022\\\/#\\\/schema\\\/logo\\\/image\\\/\"}},{\"@type\":\"Person\",\"@id\":\"https:\\\/\\\/regiaonews.net.br\\\/2022\\\/#\\\/schema\\\/person\\\/2d205a608a5aa97ac279d7a5e6d89ad8\",\"name\":\"Roberto\",\"image\":{\"@type\":\"ImageObject\",\"inLanguage\":\"pt-BR\",\"@id\":\"https:\\\/\\\/secure.gravatar.com\\\/avatar\\\/42749d8b712ff9d59ca93dc150494e5b55a44134482993f5baeb97e61b7ecc89?s=96&d=mm&r=g\",\"url\":\"https:\\\/\\\/secure.gravatar.com\\\/avatar\\\/42749d8b712ff9d59ca93dc150494e5b55a44134482993f5baeb97e61b7ecc89?s=96&d=mm&r=g\",\"contentUrl\":\"https:\\\/\\\/secure.gravatar.com\\\/avatar\\\/42749d8b712ff9d59ca93dc150494e5b55a44134482993f5baeb97e61b7ecc89?s=96&d=mm&r=g\",\"caption\":\"Roberto\"},\"url\":\"https:\\\/\\\/regiaonews.net.br\\\/2022\\\/author\\\/roberto\\\/\"}]}<\/script>\n<!-- \/ Yoast SEO plugin. -->","yoast_head_json":{"title":"Morre na UPA a adolescente Maria Clara Modelis - Regi\u00e3o News","robots":{"index":"index","follow":"follow","max-snippet":"max-snippet:-1","max-image-preview":"max-image-preview:large","max-video-preview":"max-video-preview:-1"},"canonical":"https:\/\/regiaonews.net.br\/2022\/2023\/06\/05\/morre-na-upa-a-adolescente-maria-clara-modelis\/","og_locale":"pt_BR","og_type":"article","og_title":"Morre na UPA a adolescente Maria Clara Modelis - Regi\u00e3o News","og_description":"&nbsp; A adolescente Maria Clara Modelis de Jesus,\u00a0 15 anos,","og_url":"https:\/\/regiaonews.net.br\/2022\/2023\/06\/05\/morre-na-upa-a-adolescente-maria-clara-modelis\/","og_site_name":"Regi\u00e3o News","article_published_time":"2023-06-06T01:13:20+00:00","article_modified_time":"2023-06-06T14:51:40+00:00","og_image":[{"width":640,"height":640,"url":"https:\/\/regiaonews.net.br\/2022\/wp-content\/uploads\/2022\/07\/WhatsApp-Image-2022-07-29-at-15.54.38.jpeg","type":"image\/jpeg"}],"author":"Roberto","twitter_card":"summary_large_image","twitter_misc":{"Escrito por":"Roberto","Est. tempo de leitura":"2 minutos"},"schema":{"@context":"https:\/\/schema.org","@graph":[{"@type":"Article","@id":"https:\/\/regiaonews.net.br\/2022\/2023\/06\/05\/morre-na-upa-a-adolescente-maria-clara-modelis\/#article","isPartOf":{"@id":"https:\/\/regiaonews.net.br\/2022\/2023\/06\/05\/morre-na-upa-a-adolescente-maria-clara-modelis\/"},"author":{"name":"Roberto","@id":"https:\/\/regiaonews.net.br\/2022\/#\/schema\/person\/2d205a608a5aa97ac279d7a5e6d89ad8"},"headline":"Morre na UPA a adolescente Maria Clara Modelis","datePublished":"2023-06-06T01:13:20+00:00","dateModified":"2023-06-06T14:51:40+00:00","mainEntityOfPage":{"@id":"https:\/\/regiaonews.net.br\/2022\/2023\/06\/05\/morre-na-upa-a-adolescente-maria-clara-modelis\/"},"wordCount":246,"commentCount":0,"publisher":{"@id":"https:\/\/regiaonews.net.br\/2022\/#organization"},"image":{"@id":"https:\/\/regiaonews.net.br\/2022\/2023\/06\/05\/morre-na-upa-a-adolescente-maria-clara-modelis\/#primaryimage"},"thumbnailUrl":"https:\/\/regiaonews.net.br\/2022\/wp-content\/uploads\/2022\/07\/WhatsApp-Image-2022-07-29-at-15.54.38.jpeg","articleSection":["Barretos","Cidades","Falecimento"],"inLanguage":"pt-BR","potentialAction":[{"@type":"CommentAction","name":"Comment","target":["https:\/\/regiaonews.net.br\/2022\/2023\/06\/05\/morre-na-upa-a-adolescente-maria-clara-modelis\/#respond"]}]},{"@type":"WebPage","@id":"https:\/\/regiaonews.net.br\/2022\/2023\/06\/05\/morre-na-upa-a-adolescente-maria-clara-modelis\/","url":"https:\/\/regiaonews.net.br\/2022\/2023\/06\/05\/morre-na-upa-a-adolescente-maria-clara-modelis\/","name":"Morre na UPA a adolescente Maria Clara Modelis - Regi\u00e3o News","isPartOf":{"@id":"https:\/\/regiaonews.net.br\/2022\/#website"},"primaryImageOfPage":{"@id":"https:\/\/regiaonews.net.br\/2022\/2023\/06\/05\/morre-na-upa-a-adolescente-maria-clara-modelis\/#primaryimage"},"image":{"@id":"https:\/\/regiaonews.net.br\/2022\/2023\/06\/05\/morre-na-upa-a-adolescente-maria-clara-modelis\/#primaryimage"},"thumbnailUrl":"https:\/\/regiaonews.net.br\/2022\/wp-content\/uploads\/2022\/07\/WhatsApp-Image-2022-07-29-at-15.54.38.jpeg","datePublished":"2023-06-06T01:13:20+00:00","dateModified":"2023-06-06T14:51:40+00:00","breadcrumb":{"@id":"https:\/\/regiaonews.net.br\/2022\/2023\/06\/05\/morre-na-upa-a-adolescente-maria-clara-modelis\/#breadcrumb"},"inLanguage":"pt-BR","potentialAction":[{"@type":"ReadAction","target":["https:\/\/regiaonews.net.br\/2022\/2023\/06\/05\/morre-na-upa-a-adolescente-maria-clara-modelis\/"]}]},{"@type":"ImageObject","inLanguage":"pt-BR","@id":"https:\/\/regiaonews.net.br\/2022\/2023\/06\/05\/morre-na-upa-a-adolescente-maria-clara-modelis\/#primaryimage","url":"https:\/\/regiaonews.net.br\/2022\/wp-content\/uploads\/2022\/07\/WhatsApp-Image-2022-07-29-at-15.54.38.jpeg","contentUrl":"https:\/\/regiaonews.net.br\/2022\/wp-content\/uploads\/2022\/07\/WhatsApp-Image-2022-07-29-at-15.54.38.jpeg","width":640,"height":640,"caption":"Maria Clara ao lado do av\u00f4, Gilmar Modelis"},{"@type":"BreadcrumbList","@id":"https:\/\/regiaonews.net.br\/2022\/2023\/06\/05\/morre-na-upa-a-adolescente-maria-clara-modelis\/#breadcrumb","itemListElement":[{"@type":"ListItem","position":1,"name":"In\u00edcio","item":"https:\/\/regiaonews.net.br\/2022\/"},{"@type":"ListItem","position":2,"name":"Morre na UPA a adolescente Maria Clara Modelis"}]},{"@type":"WebSite","@id":"https:\/\/regiaonews.net.br\/2022\/#website","url":"https:\/\/regiaonews.net.br\/2022\/","name":"Regi\u00e3o News","description":"Site de Not\u00edcias de Barretos e regi\u00e3o","publisher":{"@id":"https:\/\/regiaonews.net.br\/2022\/#organization"},"potentialAction":[{"@type":"SearchAction","target":{"@type":"EntryPoint","urlTemplate":"https:\/\/regiaonews.net.br\/2022\/?s={search_term_string}"},"query-input":{"@type":"PropertyValueSpecification","valueRequired":true,"valueName":"search_term_string"}}],"inLanguage":"pt-BR"},{"@type":"Organization","@id":"https:\/\/regiaonews.net.br\/2022\/#organization","name":"Regi\u00e3o News","url":"https:\/\/regiaonews.net.br\/2022\/","logo":{"@type":"ImageObject","inLanguage":"pt-BR","@id":"https:\/\/regiaonews.net.br\/2022\/#\/schema\/logo\/image\/","url":"https:\/\/regiaonews.net.br\/2022\/wp-content\/uploads\/2026\/03\/regiao-13-anos-scaled.jpg","contentUrl":"https:\/\/regiaonews.net.br\/2022\/wp-content\/uploads\/2026\/03\/regiao-13-anos-scaled.jpg","width":2560,"height":635,"caption":"Regi\u00e3o News"},"image":{"@id":"https:\/\/regiaonews.net.br\/2022\/#\/schema\/logo\/image\/"}},{"@type":"Person","@id":"https:\/\/regiaonews.net.br\/2022\/#\/schema\/person\/2d205a608a5aa97ac279d7a5e6d89ad8","name":"Roberto","image":{"@type":"ImageObject","inLanguage":"pt-BR","@id":"https:\/\/secure.gravatar.com\/avatar\/42749d8b712ff9d59ca93dc150494e5b55a44134482993f5baeb97e61b7ecc89?s=96&d=mm&r=g","url":"https:\/\/secure.gravatar.com\/avatar\/42749d8b712ff9d59ca93dc150494e5b55a44134482993f5baeb97e61b7ecc89?s=96&d=mm&r=g","contentUrl":"https:\/\/secure.gravatar.com\/avatar\/42749d8b712ff9d59ca93dc150494e5b55a44134482993f5baeb97e61b7ecc89?s=96&d=mm&r=g","caption":"Roberto"},"url":"https:\/\/regiaonews.net.br\/2022\/author\/roberto\/"}]}},"publishpress_future_action":{"enabled":false,"date":"2026-05-02 06:50:32","action":"change-status","newStatus":"draft","terms":[],"taxonomy":"category","extraData":[]},"publishpress_future_workflow_manual_trigger":{"enabledWorkflows":[]},"_links":{"self":[{"href":"https:\/\/regiaonews.net.br\/2022\/wp-json\/wp\/v2\/posts\/89436","targetHints":{"allow":["GET"]}}],"collection":[{"href":"https:\/\/regiaonews.net.br\/2022\/wp-json\/wp\/v2\/posts"}],"about":[{"href":"https:\/\/regiaonews.net.br\/2022\/wp-json\/wp\/v2\/types\/post"}],"author":[{"embeddable":true,"href":"https:\/\/regiaonews.net.br\/2022\/wp-json\/wp\/v2\/users\/2"}],"replies":[{"embeddable":true,"href":"https:\/\/regiaonews.net.br\/2022\/wp-json\/wp\/v2\/comments?post=89436"}],"version-history":[{"count":6,"href":"https:\/\/regiaonews.net.br\/2022\/wp-json\/wp\/v2\/posts\/89436\/revisions"}],"predecessor-version":[{"id":89471,"href":"https:\/\/regiaonews.net.br\/2022\/wp-json\/wp\/v2\/posts\/89436\/revisions\/89471"}],"wp:featuredmedia":[{"embeddable":true,"href":"https:\/\/regiaonews.net.br\/2022\/wp-json\/wp\/v2\/media\/75789"}],"wp:attachment":[{"href":"https:\/\/regiaonews.net.br\/2022\/wp-json\/wp\/v2\/media?parent=89436"}],"wp:term":[{"taxonomy":"category","embeddable":true,"href":"https:\/\/regiaonews.net.br\/2022\/wp-json\/wp\/v2\/categories?post=89436"},{"taxonomy":"post_tag","embeddable":true,"href":"https:\/\/regiaonews.net.br\/2022\/wp-json\/wp\/v2\/tags?post=89436"}],"curies":[{"name":"wp","href":"https:\/\/api.w.org\/{rel}","templated":true}]}}