{"id":89366,"date":"2023-06-04T18:20:00","date_gmt":"2023-06-04T21:20:00","guid":{"rendered":"https:\/\/regiaonews.net.br\/2022\/?p=89366"},"modified":"2023-06-04T18:20:00","modified_gmt":"2023-06-04T21:20:00","slug":"policia-civil-prende-cinco-e-evita-furtos-a-residencia-nos-jardins-na-zona-oeste-de-sp","status":"publish","type":"post","link":"https:\/\/regiaonews.net.br\/2022\/2023\/06\/04\/policia-civil-prende-cinco-e-evita-furtos-a-residencia-nos-jardins-na-zona-oeste-de-sp\/","title":{"rendered":"Pol\u00edcia Civil prende cinco e evita furtos \u00e0 resid\u00eancia nos Jardins na zona oeste de SP"},"content":{"rendered":"<div>\n<h1 class=\"chapeu2 ng-binding\"><\/h1>\n<h2 class=\"titulopreto ng-binding\">A a\u00e7\u00e3o foi realizada ap\u00f3s investiga\u00e7\u00f5es da Cerco Sul (2\u00aa Seccional)<\/h2>\n<p><center><\/p>\n<h2 class=\"titulopreto ng-binding\"><\/h2>\n<p><\/center><\/div>\n<div id=\"notCorpo\" class=\"ng-binding\">\n<div>Policiais civis do Cerco Sul (2\u00aa seccional) prenderam na tarde de hoje (4), cinco pessoas, integrantes de uma quadrilha especializada em roubo a resid\u00eancias dos Jardins, zona oeste da Capital.<\/div>\n<div><\/div>\n<div>A equipe policial recebeu informa\u00e7\u00e3o de que um ve\u00edculo Jeep, roubado, estava sendo utilizado por furtadores de resid\u00eancia, sendo que, na data de hoje, os suspeitos agiriam novamente. Ap\u00f3s diversas dilig\u00eancias, encontraram na rua Doutor Davi Campista o autom\u00f3vel. Ele foi abordado com tr\u00eas homens dentro, que confessaram que iriam praticar furtos.<\/div>\n<div><\/div>\n<div>No momento da abordagem, um dos indiv\u00edduos falava no telefone, e a equipe descobriu que a comunica\u00e7\u00e3o era feita com dois rapazes que vinham atr\u00e1s, em ve\u00edculo Meriva, o qual tamb\u00e9m era utilizado para o crime.<\/div>\n<div><\/div>\n<div>O grupo foi autuado pelos crimes de associa\u00e7\u00e3o, al\u00e9m de recepta\u00e7\u00e3o e adultera\u00e7\u00e3o de sinal identificador de ve\u00edculo, no Cerco da 2\u00aa Seccional.<\/div>\n<\/div>\n","protected":false},"excerpt":{"rendered":"<p>A a\u00e7\u00e3o foi realizada ap\u00f3s investiga\u00e7\u00f5es da Cerco Sul (2\u00aa<\/p>\n","protected":false},"author":2,"featured_media":0,"comment_status":"open","ping_status":"open","sticky":false,"template":"","format":"standard","meta":{"footnotes":""},"categories":[23,29],"tags":[],"class_list":["post-89366","post","type-post","status-publish","format-standard","hentry","category-policia","category-sao-paulo"],"yoast_head":"<!-- This site is optimized with the Yoast SEO plugin v27.4 - https:\/\/yoast.com\/product\/yoast-seo-wordpress\/ -->\n<title>Pol\u00edcia Civil prende cinco e evita furtos \u00e0 resid\u00eancia nos Jardins na zona oeste de SP - Regi\u00e3o News<\/title>\n<meta name=\"robots\" content=\"index, follow, max-snippet:-1, max-image-preview:large, max-video-preview:-1\" \/>\n<link rel=\"canonical\" href=\"https:\/\/regiaonews.net.br\/2022\/2023\/06\/04\/policia-civil-prende-cinco-e-evita-furtos-a-residencia-nos-jardins-na-zona-oeste-de-sp\/\" \/>\n<meta property=\"og:locale\" content=\"pt_BR\" \/>\n<meta property=\"og:type\" content=\"article\" \/>\n<meta property=\"og:title\" content=\"Pol\u00edcia Civil prende cinco e evita furtos \u00e0 resid\u00eancia nos Jardins na zona oeste de SP - Regi\u00e3o News\" \/>\n<meta property=\"og:description\" content=\"A a\u00e7\u00e3o foi realizada ap\u00f3s investiga\u00e7\u00f5es da Cerco Sul (2\u00aa\" \/>\n<meta property=\"og:url\" content=\"https:\/\/regiaonews.net.br\/2022\/2023\/06\/04\/policia-civil-prende-cinco-e-evita-furtos-a-residencia-nos-jardins-na-zona-oeste-de-sp\/\" \/>\n<meta property=\"og:site_name\" content=\"Regi\u00e3o News\" \/>\n<meta property=\"article:published_time\" content=\"2023-06-04T21:20:00+00:00\" \/>\n<meta name=\"author\" content=\"Roberto\" \/>\n<meta name=\"twitter:card\" content=\"summary_large_image\" \/>\n<meta name=\"twitter:label1\" content=\"Escrito por\" \/>\n\t<meta name=\"twitter:data1\" content=\"Roberto\" \/>\n\t<meta name=\"twitter:label2\" content=\"Est. tempo de leitura\" \/>\n\t<meta name=\"twitter:data2\" content=\"1 minuto\" \/>\n<script type=\"application\/ld+json\" class=\"yoast-schema-graph\">{\"@context\":\"https:\\\/\\\/schema.org\",\"@graph\":[{\"@type\":\"Article\",\"@id\":\"https:\\\/\\\/regiaonews.net.br\\\/2022\\\/2023\\\/06\\\/04\\\/policia-civil-prende-cinco-e-evita-furtos-a-residencia-nos-jardins-na-zona-oeste-de-sp\\\/#article\",\"isPartOf\":{\"@id\":\"https:\\\/\\\/regiaonews.net.br\\\/2022\\\/2023\\\/06\\\/04\\\/policia-civil-prende-cinco-e-evita-furtos-a-residencia-nos-jardins-na-zona-oeste-de-sp\\\/\"},\"author\":{\"name\":\"Roberto\",\"@id\":\"https:\\\/\\\/regiaonews.net.br\\\/2022\\\/#\\\/schema\\\/person\\\/2d205a608a5aa97ac279d7a5e6d89ad8\"},\"headline\":\"Pol\u00edcia Civil prende cinco e evita furtos \u00e0 resid\u00eancia nos Jardins na zona oeste de SP\",\"datePublished\":\"2023-06-04T21:20:00+00:00\",\"mainEntityOfPage\":{\"@id\":\"https:\\\/\\\/regiaonews.net.br\\\/2022\\\/2023\\\/06\\\/04\\\/policia-civil-prende-cinco-e-evita-furtos-a-residencia-nos-jardins-na-zona-oeste-de-sp\\\/\"},\"wordCount\":186,\"commentCount\":0,\"publisher\":{\"@id\":\"https:\\\/\\\/regiaonews.net.br\\\/2022\\\/#organization\"},\"articleSection\":[\"Policia\",\"S\u00e3o Paulo\"],\"inLanguage\":\"pt-BR\",\"potentialAction\":[{\"@type\":\"CommentAction\",\"name\":\"Comment\",\"target\":[\"https:\\\/\\\/regiaonews.net.br\\\/2022\\\/2023\\\/06\\\/04\\\/policia-civil-prende-cinco-e-evita-furtos-a-residencia-nos-jardins-na-zona-oeste-de-sp\\\/#respond\"]}]},{\"@type\":\"WebPage\",\"@id\":\"https:\\\/\\\/regiaonews.net.br\\\/2022\\\/2023\\\/06\\\/04\\\/policia-civil-prende-cinco-e-evita-furtos-a-residencia-nos-jardins-na-zona-oeste-de-sp\\\/\",\"url\":\"https:\\\/\\\/regiaonews.net.br\\\/2022\\\/2023\\\/06\\\/04\\\/policia-civil-prende-cinco-e-evita-furtos-a-residencia-nos-jardins-na-zona-oeste-de-sp\\\/\",\"name\":\"Pol\u00edcia Civil prende cinco e evita furtos \u00e0 resid\u00eancia nos Jardins na zona oeste de SP - Regi\u00e3o News\",\"isPartOf\":{\"@id\":\"https:\\\/\\\/regiaonews.net.br\\\/2022\\\/#website\"},\"datePublished\":\"2023-06-04T21:20:00+00:00\",\"breadcrumb\":{\"@id\":\"https:\\\/\\\/regiaonews.net.br\\\/2022\\\/2023\\\/06\\\/04\\\/policia-civil-prende-cinco-e-evita-furtos-a-residencia-nos-jardins-na-zona-oeste-de-sp\\\/#breadcrumb\"},\"inLanguage\":\"pt-BR\",\"potentialAction\":[{\"@type\":\"ReadAction\",\"target\":[\"https:\\\/\\\/regiaonews.net.br\\\/2022\\\/2023\\\/06\\\/04\\\/policia-civil-prende-cinco-e-evita-furtos-a-residencia-nos-jardins-na-zona-oeste-de-sp\\\/\"]}]},{\"@type\":\"BreadcrumbList\",\"@id\":\"https:\\\/\\\/regiaonews.net.br\\\/2022\\\/2023\\\/06\\\/04\\\/policia-civil-prende-cinco-e-evita-furtos-a-residencia-nos-jardins-na-zona-oeste-de-sp\\\/#breadcrumb\",\"itemListElement\":[{\"@type\":\"ListItem\",\"position\":1,\"name\":\"In\u00edcio\",\"item\":\"https:\\\/\\\/regiaonews.net.br\\\/2022\\\/\"},{\"@type\":\"ListItem\",\"position\":2,\"name\":\"Pol\u00edcia Civil prende cinco e evita furtos \u00e0 resid\u00eancia nos Jardins na zona oeste de SP\"}]},{\"@type\":\"WebSite\",\"@id\":\"https:\\\/\\\/regiaonews.net.br\\\/2022\\\/#website\",\"url\":\"https:\\\/\\\/regiaonews.net.br\\\/2022\\\/\",\"name\":\"Regi\u00e3o News\",\"description\":\"Site de Not\u00edcias de Barretos e regi\u00e3o\",\"publisher\":{\"@id\":\"https:\\\/\\\/regiaonews.net.br\\\/2022\\\/#organization\"},\"potentialAction\":[{\"@type\":\"SearchAction\",\"target\":{\"@type\":\"EntryPoint\",\"urlTemplate\":\"https:\\\/\\\/regiaonews.net.br\\\/2022\\\/?s={search_term_string}\"},\"query-input\":{\"@type\":\"PropertyValueSpecification\",\"valueRequired\":true,\"valueName\":\"search_term_string\"}}],\"inLanguage\":\"pt-BR\"},{\"@type\":\"Organization\",\"@id\":\"https:\\\/\\\/regiaonews.net.br\\\/2022\\\/#organization\",\"name\":\"Regi\u00e3o News\",\"url\":\"https:\\\/\\\/regiaonews.net.br\\\/2022\\\/\",\"logo\":{\"@type\":\"ImageObject\",\"inLanguage\":\"pt-BR\",\"@id\":\"https:\\\/\\\/regiaonews.net.br\\\/2022\\\/#\\\/schema\\\/logo\\\/image\\\/\",\"url\":\"https:\\\/\\\/regiaonews.net.br\\\/2022\\\/wp-content\\\/uploads\\\/2026\\\/03\\\/regiao-13-anos-scaled.jpg\",\"contentUrl\":\"https:\\\/\\\/regiaonews.net.br\\\/2022\\\/wp-content\\\/uploads\\\/2026\\\/03\\\/regiao-13-anos-scaled.jpg\",\"width\":2560,\"height\":635,\"caption\":\"Regi\u00e3o News\"},\"image\":{\"@id\":\"https:\\\/\\\/regiaonews.net.br\\\/2022\\\/#\\\/schema\\\/logo\\\/image\\\/\"}},{\"@type\":\"Person\",\"@id\":\"https:\\\/\\\/regiaonews.net.br\\\/2022\\\/#\\\/schema\\\/person\\\/2d205a608a5aa97ac279d7a5e6d89ad8\",\"name\":\"Roberto\",\"image\":{\"@type\":\"ImageObject\",\"inLanguage\":\"pt-BR\",\"@id\":\"https:\\\/\\\/secure.gravatar.com\\\/avatar\\\/42749d8b712ff9d59ca93dc150494e5b55a44134482993f5baeb97e61b7ecc89?s=96&d=mm&r=g\",\"url\":\"https:\\\/\\\/secure.gravatar.com\\\/avatar\\\/42749d8b712ff9d59ca93dc150494e5b55a44134482993f5baeb97e61b7ecc89?s=96&d=mm&r=g\",\"contentUrl\":\"https:\\\/\\\/secure.gravatar.com\\\/avatar\\\/42749d8b712ff9d59ca93dc150494e5b55a44134482993f5baeb97e61b7ecc89?s=96&d=mm&r=g\",\"caption\":\"Roberto\"},\"url\":\"https:\\\/\\\/regiaonews.net.br\\\/2022\\\/author\\\/roberto\\\/\"}]}<\/script>\n<!-- \/ Yoast SEO plugin. -->","yoast_head_json":{"title":"Pol\u00edcia Civil prende cinco e evita furtos \u00e0 resid\u00eancia nos Jardins na zona oeste de SP - Regi\u00e3o News","robots":{"index":"index","follow":"follow","max-snippet":"max-snippet:-1","max-image-preview":"max-image-preview:large","max-video-preview":"max-video-preview:-1"},"canonical":"https:\/\/regiaonews.net.br\/2022\/2023\/06\/04\/policia-civil-prende-cinco-e-evita-furtos-a-residencia-nos-jardins-na-zona-oeste-de-sp\/","og_locale":"pt_BR","og_type":"article","og_title":"Pol\u00edcia Civil prende cinco e evita furtos \u00e0 resid\u00eancia nos Jardins na zona oeste de SP - Regi\u00e3o News","og_description":"A a\u00e7\u00e3o foi realizada ap\u00f3s investiga\u00e7\u00f5es da Cerco Sul (2\u00aa","og_url":"https:\/\/regiaonews.net.br\/2022\/2023\/06\/04\/policia-civil-prende-cinco-e-evita-furtos-a-residencia-nos-jardins-na-zona-oeste-de-sp\/","og_site_name":"Regi\u00e3o News","article_published_time":"2023-06-04T21:20:00+00:00","author":"Roberto","twitter_card":"summary_large_image","twitter_misc":{"Escrito por":"Roberto","Est. tempo de leitura":"1 minuto"},"schema":{"@context":"https:\/\/schema.org","@graph":[{"@type":"Article","@id":"https:\/\/regiaonews.net.br\/2022\/2023\/06\/04\/policia-civil-prende-cinco-e-evita-furtos-a-residencia-nos-jardins-na-zona-oeste-de-sp\/#article","isPartOf":{"@id":"https:\/\/regiaonews.net.br\/2022\/2023\/06\/04\/policia-civil-prende-cinco-e-evita-furtos-a-residencia-nos-jardins-na-zona-oeste-de-sp\/"},"author":{"name":"Roberto","@id":"https:\/\/regiaonews.net.br\/2022\/#\/schema\/person\/2d205a608a5aa97ac279d7a5e6d89ad8"},"headline":"Pol\u00edcia Civil prende cinco e evita furtos \u00e0 resid\u00eancia nos Jardins na zona oeste de SP","datePublished":"2023-06-04T21:20:00+00:00","mainEntityOfPage":{"@id":"https:\/\/regiaonews.net.br\/2022\/2023\/06\/04\/policia-civil-prende-cinco-e-evita-furtos-a-residencia-nos-jardins-na-zona-oeste-de-sp\/"},"wordCount":186,"commentCount":0,"publisher":{"@id":"https:\/\/regiaonews.net.br\/2022\/#organization"},"articleSection":["Policia","S\u00e3o Paulo"],"inLanguage":"pt-BR","potentialAction":[{"@type":"CommentAction","name":"Comment","target":["https:\/\/regiaonews.net.br\/2022\/2023\/06\/04\/policia-civil-prende-cinco-e-evita-furtos-a-residencia-nos-jardins-na-zona-oeste-de-sp\/#respond"]}]},{"@type":"WebPage","@id":"https:\/\/regiaonews.net.br\/2022\/2023\/06\/04\/policia-civil-prende-cinco-e-evita-furtos-a-residencia-nos-jardins-na-zona-oeste-de-sp\/","url":"https:\/\/regiaonews.net.br\/2022\/2023\/06\/04\/policia-civil-prende-cinco-e-evita-furtos-a-residencia-nos-jardins-na-zona-oeste-de-sp\/","name":"Pol\u00edcia Civil prende cinco e evita furtos \u00e0 resid\u00eancia nos Jardins na zona oeste de SP - Regi\u00e3o News","isPartOf":{"@id":"https:\/\/regiaonews.net.br\/2022\/#website"},"datePublished":"2023-06-04T21:20:00+00:00","breadcrumb":{"@id":"https:\/\/regiaonews.net.br\/2022\/2023\/06\/04\/policia-civil-prende-cinco-e-evita-furtos-a-residencia-nos-jardins-na-zona-oeste-de-sp\/#breadcrumb"},"inLanguage":"pt-BR","potentialAction":[{"@type":"ReadAction","target":["https:\/\/regiaonews.net.br\/2022\/2023\/06\/04\/policia-civil-prende-cinco-e-evita-furtos-a-residencia-nos-jardins-na-zona-oeste-de-sp\/"]}]},{"@type":"BreadcrumbList","@id":"https:\/\/regiaonews.net.br\/2022\/2023\/06\/04\/policia-civil-prende-cinco-e-evita-furtos-a-residencia-nos-jardins-na-zona-oeste-de-sp\/#breadcrumb","itemListElement":[{"@type":"ListItem","position":1,"name":"In\u00edcio","item":"https:\/\/regiaonews.net.br\/2022\/"},{"@type":"ListItem","position":2,"name":"Pol\u00edcia Civil prende cinco e evita furtos \u00e0 resid\u00eancia nos Jardins na zona oeste de SP"}]},{"@type":"WebSite","@id":"https:\/\/regiaonews.net.br\/2022\/#website","url":"https:\/\/regiaonews.net.br\/2022\/","name":"Regi\u00e3o News","description":"Site de Not\u00edcias de Barretos e regi\u00e3o","publisher":{"@id":"https:\/\/regiaonews.net.br\/2022\/#organization"},"potentialAction":[{"@type":"SearchAction","target":{"@type":"EntryPoint","urlTemplate":"https:\/\/regiaonews.net.br\/2022\/?s={search_term_string}"},"query-input":{"@type":"PropertyValueSpecification","valueRequired":true,"valueName":"search_term_string"}}],"inLanguage":"pt-BR"},{"@type":"Organization","@id":"https:\/\/regiaonews.net.br\/2022\/#organization","name":"Regi\u00e3o News","url":"https:\/\/regiaonews.net.br\/2022\/","logo":{"@type":"ImageObject","inLanguage":"pt-BR","@id":"https:\/\/regiaonews.net.br\/2022\/#\/schema\/logo\/image\/","url":"https:\/\/regiaonews.net.br\/2022\/wp-content\/uploads\/2026\/03\/regiao-13-anos-scaled.jpg","contentUrl":"https:\/\/regiaonews.net.br\/2022\/wp-content\/uploads\/2026\/03\/regiao-13-anos-scaled.jpg","width":2560,"height":635,"caption":"Regi\u00e3o News"},"image":{"@id":"https:\/\/regiaonews.net.br\/2022\/#\/schema\/logo\/image\/"}},{"@type":"Person","@id":"https:\/\/regiaonews.net.br\/2022\/#\/schema\/person\/2d205a608a5aa97ac279d7a5e6d89ad8","name":"Roberto","image":{"@type":"ImageObject","inLanguage":"pt-BR","@id":"https:\/\/secure.gravatar.com\/avatar\/42749d8b712ff9d59ca93dc150494e5b55a44134482993f5baeb97e61b7ecc89?s=96&d=mm&r=g","url":"https:\/\/secure.gravatar.com\/avatar\/42749d8b712ff9d59ca93dc150494e5b55a44134482993f5baeb97e61b7ecc89?s=96&d=mm&r=g","contentUrl":"https:\/\/secure.gravatar.com\/avatar\/42749d8b712ff9d59ca93dc150494e5b55a44134482993f5baeb97e61b7ecc89?s=96&d=mm&r=g","caption":"Roberto"},"url":"https:\/\/regiaonews.net.br\/2022\/author\/roberto\/"}]}},"publishpress_future_action":{"enabled":false,"date":"2026-05-02 06:50:15","action":"change-status","newStatus":"draft","terms":[],"taxonomy":"category","extraData":[]},"publishpress_future_workflow_manual_trigger":{"enabledWorkflows":[]},"_links":{"self":[{"href":"https:\/\/regiaonews.net.br\/2022\/wp-json\/wp\/v2\/posts\/89366","targetHints":{"allow":["GET"]}}],"collection":[{"href":"https:\/\/regiaonews.net.br\/2022\/wp-json\/wp\/v2\/posts"}],"about":[{"href":"https:\/\/regiaonews.net.br\/2022\/wp-json\/wp\/v2\/types\/post"}],"author":[{"embeddable":true,"href":"https:\/\/regiaonews.net.br\/2022\/wp-json\/wp\/v2\/users\/2"}],"replies":[{"embeddable":true,"href":"https:\/\/regiaonews.net.br\/2022\/wp-json\/wp\/v2\/comments?post=89366"}],"version-history":[{"count":1,"href":"https:\/\/regiaonews.net.br\/2022\/wp-json\/wp\/v2\/posts\/89366\/revisions"}],"predecessor-version":[{"id":89367,"href":"https:\/\/regiaonews.net.br\/2022\/wp-json\/wp\/v2\/posts\/89366\/revisions\/89367"}],"wp:attachment":[{"href":"https:\/\/regiaonews.net.br\/2022\/wp-json\/wp\/v2\/media?parent=89366"}],"wp:term":[{"taxonomy":"category","embeddable":true,"href":"https:\/\/regiaonews.net.br\/2022\/wp-json\/wp\/v2\/categories?post=89366"},{"taxonomy":"post_tag","embeddable":true,"href":"https:\/\/regiaonews.net.br\/2022\/wp-json\/wp\/v2\/tags?post=89366"}],"curies":[{"name":"wp","href":"https:\/\/api.w.org\/{rel}","templated":true}]}}