{"id":89288,"date":"2023-06-02T19:29:17","date_gmt":"2023-06-02T22:29:17","guid":{"rendered":"https:\/\/regiaonews.net.br\/2022\/?p=89288"},"modified":"2023-06-02T19:29:17","modified_gmt":"2023-06-02T22:29:17","slug":"policia-civil-prende-falsa-medica-que-atendia-pacientes-sem-licenca-em-perdizes","status":"publish","type":"post","link":"https:\/\/regiaonews.net.br\/2022\/2023\/06\/02\/policia-civil-prende-falsa-medica-que-atendia-pacientes-sem-licenca-em-perdizes\/","title":{"rendered":"Pol\u00edcia Civil prende falsa m\u00e9dica que atendia pacientes sem licen\u00e7a em Perdizes"},"content":{"rendered":"<div>\n<h1 class=\"chapeu2 ng-binding\"><\/h1>\n<h2 class=\"titulopreto ng-binding\">A mulher ainda usava as informa\u00e7\u00f5es pessoais e carimbo de uma outra pessoa formada na \u00e1rea<\/h2>\n<p><center><\/p>\n<h2 class=\"titulopreto ng-binding\"><\/h2>\n<p><\/center><\/div>\n<div id=\"notCorpo\" class=\"ng-binding\">\n<div>A Pol\u00edcia Civil prendeu em flagrante uma mulher, de 37 anos, por falsidade ideol\u00f3gica. A suspeita n\u00e3o tinha licen\u00e7a m\u00e9dica e, por isso, usava o nome e o carimbo de uma profissional da \u00e1rea. A pris\u00e3o aconteceu na tarde desta ter\u00e7a-feira (30), no local dos atendimentos, em Perdizes, zona oeste de SP.<\/div>\n<div><\/div>\n<div>Os policiais receberam den\u00fancias sobre o consult\u00f3rio onde a suspeita realizava o exerc\u00edcio irregular da medicina. Ao chegarem no local, encontraram a mulher com um carimbo que continha o CRM, n\u00famero de registro m\u00e9dico, de uma profissional regulada. A suspeita se passava pela m\u00e9dica, de 40 anos, e ainda usava o nome e dados dela para atender pacientes e receitar rem\u00e9dios. O carimbo foi recolhido e encaminhado \u00e0 delegacia.<\/div>\n<div><\/div>\n<div>A v\u00edtima acompanhou os agentes at\u00e9 o consult\u00f3rio, onde a falsa m\u00e9dica foi flagrada. Ap\u00f3s as investiga\u00e7\u00f5es, os policiais descobriram que a mulher era formada somente em farm\u00e1cia, mas que n\u00e3o havia terminado o curso de medicina. Ela confessou o crime de falsidade ideol\u00f3gica e foi encaminhada \u00e0 cadeia.<\/div>\n<div><\/div>\n<div>O caso foi apresentado como exerc\u00edcio ilegal da medicina, arte dent\u00e1ria ou farmac\u00eautica e falsidade ideol\u00f3gica na Delegacia 3\u00aa Oeste.<\/div>\n<\/div>\n","protected":false},"excerpt":{"rendered":"<p>A mulher ainda usava as informa\u00e7\u00f5es pessoais e carimbo de<\/p>\n","protected":false},"author":2,"featured_media":89289,"comment_status":"open","ping_status":"open","sticky":false,"template":"","format":"standard","meta":{"footnotes":""},"categories":[23,29],"tags":[],"class_list":["post-89288","post","type-post","status-publish","format-standard","has-post-thumbnail","hentry","category-policia","category-sao-paulo"],"yoast_head":"<!-- This site is optimized with the Yoast SEO plugin v27.4 - https:\/\/yoast.com\/product\/yoast-seo-wordpress\/ -->\n<title>Pol\u00edcia Civil prende falsa m\u00e9dica que atendia pacientes sem licen\u00e7a em Perdizes - Regi\u00e3o News<\/title>\n<meta name=\"robots\" content=\"index, follow, max-snippet:-1, max-image-preview:large, max-video-preview:-1\" \/>\n<link rel=\"canonical\" href=\"https:\/\/regiaonews.net.br\/2022\/2023\/06\/02\/policia-civil-prende-falsa-medica-que-atendia-pacientes-sem-licenca-em-perdizes\/\" \/>\n<meta property=\"og:locale\" content=\"pt_BR\" \/>\n<meta property=\"og:type\" content=\"article\" \/>\n<meta property=\"og:title\" content=\"Pol\u00edcia Civil prende falsa m\u00e9dica que atendia pacientes sem licen\u00e7a em Perdizes - Regi\u00e3o News\" \/>\n<meta property=\"og:description\" content=\"A mulher ainda usava as informa\u00e7\u00f5es pessoais e carimbo de\" \/>\n<meta property=\"og:url\" content=\"https:\/\/regiaonews.net.br\/2022\/2023\/06\/02\/policia-civil-prende-falsa-medica-que-atendia-pacientes-sem-licenca-em-perdizes\/\" \/>\n<meta property=\"og:site_name\" content=\"Regi\u00e3o News\" \/>\n<meta property=\"article:published_time\" content=\"2023-06-02T22:29:17+00:00\" \/>\n<meta property=\"og:image\" content=\"https:\/\/regiaonews.net.br\/2022\/wp-content\/uploads\/2023\/06\/00050608.jpeg\" \/>\n\t<meta property=\"og:image:width\" content=\"800\" \/>\n\t<meta property=\"og:image:height\" content=\"530\" \/>\n\t<meta property=\"og:image:type\" content=\"image\/jpeg\" \/>\n<meta name=\"author\" content=\"Roberto\" \/>\n<meta name=\"twitter:card\" content=\"summary_large_image\" \/>\n<meta name=\"twitter:label1\" content=\"Escrito por\" \/>\n\t<meta name=\"twitter:data1\" content=\"Roberto\" \/>\n\t<meta name=\"twitter:label2\" content=\"Est. tempo de leitura\" \/>\n\t<meta name=\"twitter:data2\" content=\"2 minutos\" \/>\n<script type=\"application\/ld+json\" class=\"yoast-schema-graph\">{\"@context\":\"https:\\\/\\\/schema.org\",\"@graph\":[{\"@type\":\"Article\",\"@id\":\"https:\\\/\\\/regiaonews.net.br\\\/2022\\\/2023\\\/06\\\/02\\\/policia-civil-prende-falsa-medica-que-atendia-pacientes-sem-licenca-em-perdizes\\\/#article\",\"isPartOf\":{\"@id\":\"https:\\\/\\\/regiaonews.net.br\\\/2022\\\/2023\\\/06\\\/02\\\/policia-civil-prende-falsa-medica-que-atendia-pacientes-sem-licenca-em-perdizes\\\/\"},\"author\":{\"name\":\"Roberto\",\"@id\":\"https:\\\/\\\/regiaonews.net.br\\\/2022\\\/#\\\/schema\\\/person\\\/2d205a608a5aa97ac279d7a5e6d89ad8\"},\"headline\":\"Pol\u00edcia Civil prende falsa m\u00e9dica que atendia pacientes sem licen\u00e7a em Perdizes\",\"datePublished\":\"2023-06-02T22:29:17+00:00\",\"mainEntityOfPage\":{\"@id\":\"https:\\\/\\\/regiaonews.net.br\\\/2022\\\/2023\\\/06\\\/02\\\/policia-civil-prende-falsa-medica-que-atendia-pacientes-sem-licenca-em-perdizes\\\/\"},\"wordCount\":242,\"commentCount\":0,\"publisher\":{\"@id\":\"https:\\\/\\\/regiaonews.net.br\\\/2022\\\/#organization\"},\"image\":{\"@id\":\"https:\\\/\\\/regiaonews.net.br\\\/2022\\\/2023\\\/06\\\/02\\\/policia-civil-prende-falsa-medica-que-atendia-pacientes-sem-licenca-em-perdizes\\\/#primaryimage\"},\"thumbnailUrl\":\"https:\\\/\\\/regiaonews.net.br\\\/2022\\\/wp-content\\\/uploads\\\/2023\\\/06\\\/00050608.jpeg\",\"articleSection\":[\"Policia\",\"S\u00e3o Paulo\"],\"inLanguage\":\"pt-BR\",\"potentialAction\":[{\"@type\":\"CommentAction\",\"name\":\"Comment\",\"target\":[\"https:\\\/\\\/regiaonews.net.br\\\/2022\\\/2023\\\/06\\\/02\\\/policia-civil-prende-falsa-medica-que-atendia-pacientes-sem-licenca-em-perdizes\\\/#respond\"]}]},{\"@type\":\"WebPage\",\"@id\":\"https:\\\/\\\/regiaonews.net.br\\\/2022\\\/2023\\\/06\\\/02\\\/policia-civil-prende-falsa-medica-que-atendia-pacientes-sem-licenca-em-perdizes\\\/\",\"url\":\"https:\\\/\\\/regiaonews.net.br\\\/2022\\\/2023\\\/06\\\/02\\\/policia-civil-prende-falsa-medica-que-atendia-pacientes-sem-licenca-em-perdizes\\\/\",\"name\":\"Pol\u00edcia Civil prende falsa m\u00e9dica que atendia pacientes sem licen\u00e7a em Perdizes - Regi\u00e3o News\",\"isPartOf\":{\"@id\":\"https:\\\/\\\/regiaonews.net.br\\\/2022\\\/#website\"},\"primaryImageOfPage\":{\"@id\":\"https:\\\/\\\/regiaonews.net.br\\\/2022\\\/2023\\\/06\\\/02\\\/policia-civil-prende-falsa-medica-que-atendia-pacientes-sem-licenca-em-perdizes\\\/#primaryimage\"},\"image\":{\"@id\":\"https:\\\/\\\/regiaonews.net.br\\\/2022\\\/2023\\\/06\\\/02\\\/policia-civil-prende-falsa-medica-que-atendia-pacientes-sem-licenca-em-perdizes\\\/#primaryimage\"},\"thumbnailUrl\":\"https:\\\/\\\/regiaonews.net.br\\\/2022\\\/wp-content\\\/uploads\\\/2023\\\/06\\\/00050608.jpeg\",\"datePublished\":\"2023-06-02T22:29:17+00:00\",\"breadcrumb\":{\"@id\":\"https:\\\/\\\/regiaonews.net.br\\\/2022\\\/2023\\\/06\\\/02\\\/policia-civil-prende-falsa-medica-que-atendia-pacientes-sem-licenca-em-perdizes\\\/#breadcrumb\"},\"inLanguage\":\"pt-BR\",\"potentialAction\":[{\"@type\":\"ReadAction\",\"target\":[\"https:\\\/\\\/regiaonews.net.br\\\/2022\\\/2023\\\/06\\\/02\\\/policia-civil-prende-falsa-medica-que-atendia-pacientes-sem-licenca-em-perdizes\\\/\"]}]},{\"@type\":\"ImageObject\",\"inLanguage\":\"pt-BR\",\"@id\":\"https:\\\/\\\/regiaonews.net.br\\\/2022\\\/2023\\\/06\\\/02\\\/policia-civil-prende-falsa-medica-que-atendia-pacientes-sem-licenca-em-perdizes\\\/#primaryimage\",\"url\":\"https:\\\/\\\/regiaonews.net.br\\\/2022\\\/wp-content\\\/uploads\\\/2023\\\/06\\\/00050608.jpeg\",\"contentUrl\":\"https:\\\/\\\/regiaonews.net.br\\\/2022\\\/wp-content\\\/uploads\\\/2023\\\/06\\\/00050608.jpeg\",\"width\":800,\"height\":530},{\"@type\":\"BreadcrumbList\",\"@id\":\"https:\\\/\\\/regiaonews.net.br\\\/2022\\\/2023\\\/06\\\/02\\\/policia-civil-prende-falsa-medica-que-atendia-pacientes-sem-licenca-em-perdizes\\\/#breadcrumb\",\"itemListElement\":[{\"@type\":\"ListItem\",\"position\":1,\"name\":\"In\u00edcio\",\"item\":\"https:\\\/\\\/regiaonews.net.br\\\/2022\\\/\"},{\"@type\":\"ListItem\",\"position\":2,\"name\":\"Pol\u00edcia Civil prende falsa m\u00e9dica que atendia pacientes sem licen\u00e7a em Perdizes\"}]},{\"@type\":\"WebSite\",\"@id\":\"https:\\\/\\\/regiaonews.net.br\\\/2022\\\/#website\",\"url\":\"https:\\\/\\\/regiaonews.net.br\\\/2022\\\/\",\"name\":\"Regi\u00e3o News\",\"description\":\"Site de Not\u00edcias de Barretos e regi\u00e3o\",\"publisher\":{\"@id\":\"https:\\\/\\\/regiaonews.net.br\\\/2022\\\/#organization\"},\"potentialAction\":[{\"@type\":\"SearchAction\",\"target\":{\"@type\":\"EntryPoint\",\"urlTemplate\":\"https:\\\/\\\/regiaonews.net.br\\\/2022\\\/?s={search_term_string}\"},\"query-input\":{\"@type\":\"PropertyValueSpecification\",\"valueRequired\":true,\"valueName\":\"search_term_string\"}}],\"inLanguage\":\"pt-BR\"},{\"@type\":\"Organization\",\"@id\":\"https:\\\/\\\/regiaonews.net.br\\\/2022\\\/#organization\",\"name\":\"Regi\u00e3o News\",\"url\":\"https:\\\/\\\/regiaonews.net.br\\\/2022\\\/\",\"logo\":{\"@type\":\"ImageObject\",\"inLanguage\":\"pt-BR\",\"@id\":\"https:\\\/\\\/regiaonews.net.br\\\/2022\\\/#\\\/schema\\\/logo\\\/image\\\/\",\"url\":\"https:\\\/\\\/regiaonews.net.br\\\/2022\\\/wp-content\\\/uploads\\\/2026\\\/03\\\/regiao-13-anos-scaled.jpg\",\"contentUrl\":\"https:\\\/\\\/regiaonews.net.br\\\/2022\\\/wp-content\\\/uploads\\\/2026\\\/03\\\/regiao-13-anos-scaled.jpg\",\"width\":2560,\"height\":635,\"caption\":\"Regi\u00e3o News\"},\"image\":{\"@id\":\"https:\\\/\\\/regiaonews.net.br\\\/2022\\\/#\\\/schema\\\/logo\\\/image\\\/\"}},{\"@type\":\"Person\",\"@id\":\"https:\\\/\\\/regiaonews.net.br\\\/2022\\\/#\\\/schema\\\/person\\\/2d205a608a5aa97ac279d7a5e6d89ad8\",\"name\":\"Roberto\",\"image\":{\"@type\":\"ImageObject\",\"inLanguage\":\"pt-BR\",\"@id\":\"https:\\\/\\\/secure.gravatar.com\\\/avatar\\\/42749d8b712ff9d59ca93dc150494e5b55a44134482993f5baeb97e61b7ecc89?s=96&d=mm&r=g\",\"url\":\"https:\\\/\\\/secure.gravatar.com\\\/avatar\\\/42749d8b712ff9d59ca93dc150494e5b55a44134482993f5baeb97e61b7ecc89?s=96&d=mm&r=g\",\"contentUrl\":\"https:\\\/\\\/secure.gravatar.com\\\/avatar\\\/42749d8b712ff9d59ca93dc150494e5b55a44134482993f5baeb97e61b7ecc89?s=96&d=mm&r=g\",\"caption\":\"Roberto\"},\"url\":\"https:\\\/\\\/regiaonews.net.br\\\/2022\\\/author\\\/roberto\\\/\"}]}<\/script>\n<!-- \/ Yoast SEO plugin. -->","yoast_head_json":{"title":"Pol\u00edcia Civil prende falsa m\u00e9dica que atendia pacientes sem licen\u00e7a em Perdizes - Regi\u00e3o News","robots":{"index":"index","follow":"follow","max-snippet":"max-snippet:-1","max-image-preview":"max-image-preview:large","max-video-preview":"max-video-preview:-1"},"canonical":"https:\/\/regiaonews.net.br\/2022\/2023\/06\/02\/policia-civil-prende-falsa-medica-que-atendia-pacientes-sem-licenca-em-perdizes\/","og_locale":"pt_BR","og_type":"article","og_title":"Pol\u00edcia Civil prende falsa m\u00e9dica que atendia pacientes sem licen\u00e7a em Perdizes - Regi\u00e3o News","og_description":"A mulher ainda usava as informa\u00e7\u00f5es pessoais e carimbo de","og_url":"https:\/\/regiaonews.net.br\/2022\/2023\/06\/02\/policia-civil-prende-falsa-medica-que-atendia-pacientes-sem-licenca-em-perdizes\/","og_site_name":"Regi\u00e3o News","article_published_time":"2023-06-02T22:29:17+00:00","og_image":[{"width":800,"height":530,"url":"https:\/\/regiaonews.net.br\/2022\/wp-content\/uploads\/2023\/06\/00050608.jpeg","type":"image\/jpeg"}],"author":"Roberto","twitter_card":"summary_large_image","twitter_misc":{"Escrito por":"Roberto","Est. tempo de leitura":"2 minutos"},"schema":{"@context":"https:\/\/schema.org","@graph":[{"@type":"Article","@id":"https:\/\/regiaonews.net.br\/2022\/2023\/06\/02\/policia-civil-prende-falsa-medica-que-atendia-pacientes-sem-licenca-em-perdizes\/#article","isPartOf":{"@id":"https:\/\/regiaonews.net.br\/2022\/2023\/06\/02\/policia-civil-prende-falsa-medica-que-atendia-pacientes-sem-licenca-em-perdizes\/"},"author":{"name":"Roberto","@id":"https:\/\/regiaonews.net.br\/2022\/#\/schema\/person\/2d205a608a5aa97ac279d7a5e6d89ad8"},"headline":"Pol\u00edcia Civil prende falsa m\u00e9dica que atendia pacientes sem licen\u00e7a em Perdizes","datePublished":"2023-06-02T22:29:17+00:00","mainEntityOfPage":{"@id":"https:\/\/regiaonews.net.br\/2022\/2023\/06\/02\/policia-civil-prende-falsa-medica-que-atendia-pacientes-sem-licenca-em-perdizes\/"},"wordCount":242,"commentCount":0,"publisher":{"@id":"https:\/\/regiaonews.net.br\/2022\/#organization"},"image":{"@id":"https:\/\/regiaonews.net.br\/2022\/2023\/06\/02\/policia-civil-prende-falsa-medica-que-atendia-pacientes-sem-licenca-em-perdizes\/#primaryimage"},"thumbnailUrl":"https:\/\/regiaonews.net.br\/2022\/wp-content\/uploads\/2023\/06\/00050608.jpeg","articleSection":["Policia","S\u00e3o Paulo"],"inLanguage":"pt-BR","potentialAction":[{"@type":"CommentAction","name":"Comment","target":["https:\/\/regiaonews.net.br\/2022\/2023\/06\/02\/policia-civil-prende-falsa-medica-que-atendia-pacientes-sem-licenca-em-perdizes\/#respond"]}]},{"@type":"WebPage","@id":"https:\/\/regiaonews.net.br\/2022\/2023\/06\/02\/policia-civil-prende-falsa-medica-que-atendia-pacientes-sem-licenca-em-perdizes\/","url":"https:\/\/regiaonews.net.br\/2022\/2023\/06\/02\/policia-civil-prende-falsa-medica-que-atendia-pacientes-sem-licenca-em-perdizes\/","name":"Pol\u00edcia Civil prende falsa m\u00e9dica que atendia pacientes sem licen\u00e7a em Perdizes - Regi\u00e3o News","isPartOf":{"@id":"https:\/\/regiaonews.net.br\/2022\/#website"},"primaryImageOfPage":{"@id":"https:\/\/regiaonews.net.br\/2022\/2023\/06\/02\/policia-civil-prende-falsa-medica-que-atendia-pacientes-sem-licenca-em-perdizes\/#primaryimage"},"image":{"@id":"https:\/\/regiaonews.net.br\/2022\/2023\/06\/02\/policia-civil-prende-falsa-medica-que-atendia-pacientes-sem-licenca-em-perdizes\/#primaryimage"},"thumbnailUrl":"https:\/\/regiaonews.net.br\/2022\/wp-content\/uploads\/2023\/06\/00050608.jpeg","datePublished":"2023-06-02T22:29:17+00:00","breadcrumb":{"@id":"https:\/\/regiaonews.net.br\/2022\/2023\/06\/02\/policia-civil-prende-falsa-medica-que-atendia-pacientes-sem-licenca-em-perdizes\/#breadcrumb"},"inLanguage":"pt-BR","potentialAction":[{"@type":"ReadAction","target":["https:\/\/regiaonews.net.br\/2022\/2023\/06\/02\/policia-civil-prende-falsa-medica-que-atendia-pacientes-sem-licenca-em-perdizes\/"]}]},{"@type":"ImageObject","inLanguage":"pt-BR","@id":"https:\/\/regiaonews.net.br\/2022\/2023\/06\/02\/policia-civil-prende-falsa-medica-que-atendia-pacientes-sem-licenca-em-perdizes\/#primaryimage","url":"https:\/\/regiaonews.net.br\/2022\/wp-content\/uploads\/2023\/06\/00050608.jpeg","contentUrl":"https:\/\/regiaonews.net.br\/2022\/wp-content\/uploads\/2023\/06\/00050608.jpeg","width":800,"height":530},{"@type":"BreadcrumbList","@id":"https:\/\/regiaonews.net.br\/2022\/2023\/06\/02\/policia-civil-prende-falsa-medica-que-atendia-pacientes-sem-licenca-em-perdizes\/#breadcrumb","itemListElement":[{"@type":"ListItem","position":1,"name":"In\u00edcio","item":"https:\/\/regiaonews.net.br\/2022\/"},{"@type":"ListItem","position":2,"name":"Pol\u00edcia Civil prende falsa m\u00e9dica que atendia pacientes sem licen\u00e7a em Perdizes"}]},{"@type":"WebSite","@id":"https:\/\/regiaonews.net.br\/2022\/#website","url":"https:\/\/regiaonews.net.br\/2022\/","name":"Regi\u00e3o News","description":"Site de Not\u00edcias de Barretos e regi\u00e3o","publisher":{"@id":"https:\/\/regiaonews.net.br\/2022\/#organization"},"potentialAction":[{"@type":"SearchAction","target":{"@type":"EntryPoint","urlTemplate":"https:\/\/regiaonews.net.br\/2022\/?s={search_term_string}"},"query-input":{"@type":"PropertyValueSpecification","valueRequired":true,"valueName":"search_term_string"}}],"inLanguage":"pt-BR"},{"@type":"Organization","@id":"https:\/\/regiaonews.net.br\/2022\/#organization","name":"Regi\u00e3o News","url":"https:\/\/regiaonews.net.br\/2022\/","logo":{"@type":"ImageObject","inLanguage":"pt-BR","@id":"https:\/\/regiaonews.net.br\/2022\/#\/schema\/logo\/image\/","url":"https:\/\/regiaonews.net.br\/2022\/wp-content\/uploads\/2026\/03\/regiao-13-anos-scaled.jpg","contentUrl":"https:\/\/regiaonews.net.br\/2022\/wp-content\/uploads\/2026\/03\/regiao-13-anos-scaled.jpg","width":2560,"height":635,"caption":"Regi\u00e3o News"},"image":{"@id":"https:\/\/regiaonews.net.br\/2022\/#\/schema\/logo\/image\/"}},{"@type":"Person","@id":"https:\/\/regiaonews.net.br\/2022\/#\/schema\/person\/2d205a608a5aa97ac279d7a5e6d89ad8","name":"Roberto","image":{"@type":"ImageObject","inLanguage":"pt-BR","@id":"https:\/\/secure.gravatar.com\/avatar\/42749d8b712ff9d59ca93dc150494e5b55a44134482993f5baeb97e61b7ecc89?s=96&d=mm&r=g","url":"https:\/\/secure.gravatar.com\/avatar\/42749d8b712ff9d59ca93dc150494e5b55a44134482993f5baeb97e61b7ecc89?s=96&d=mm&r=g","contentUrl":"https:\/\/secure.gravatar.com\/avatar\/42749d8b712ff9d59ca93dc150494e5b55a44134482993f5baeb97e61b7ecc89?s=96&d=mm&r=g","caption":"Roberto"},"url":"https:\/\/regiaonews.net.br\/2022\/author\/roberto\/"}]}},"publishpress_future_action":{"enabled":false,"date":"2026-05-02 06:51:30","action":"change-status","newStatus":"draft","terms":[],"taxonomy":"category","extraData":[]},"publishpress_future_workflow_manual_trigger":{"enabledWorkflows":[]},"_links":{"self":[{"href":"https:\/\/regiaonews.net.br\/2022\/wp-json\/wp\/v2\/posts\/89288","targetHints":{"allow":["GET"]}}],"collection":[{"href":"https:\/\/regiaonews.net.br\/2022\/wp-json\/wp\/v2\/posts"}],"about":[{"href":"https:\/\/regiaonews.net.br\/2022\/wp-json\/wp\/v2\/types\/post"}],"author":[{"embeddable":true,"href":"https:\/\/regiaonews.net.br\/2022\/wp-json\/wp\/v2\/users\/2"}],"replies":[{"embeddable":true,"href":"https:\/\/regiaonews.net.br\/2022\/wp-json\/wp\/v2\/comments?post=89288"}],"version-history":[{"count":1,"href":"https:\/\/regiaonews.net.br\/2022\/wp-json\/wp\/v2\/posts\/89288\/revisions"}],"predecessor-version":[{"id":89290,"href":"https:\/\/regiaonews.net.br\/2022\/wp-json\/wp\/v2\/posts\/89288\/revisions\/89290"}],"wp:featuredmedia":[{"embeddable":true,"href":"https:\/\/regiaonews.net.br\/2022\/wp-json\/wp\/v2\/media\/89289"}],"wp:attachment":[{"href":"https:\/\/regiaonews.net.br\/2022\/wp-json\/wp\/v2\/media?parent=89288"}],"wp:term":[{"taxonomy":"category","embeddable":true,"href":"https:\/\/regiaonews.net.br\/2022\/wp-json\/wp\/v2\/categories?post=89288"},{"taxonomy":"post_tag","embeddable":true,"href":"https:\/\/regiaonews.net.br\/2022\/wp-json\/wp\/v2\/tags?post=89288"}],"curies":[{"name":"wp","href":"https:\/\/api.w.org\/{rel}","templated":true}]}}