{"id":89285,"date":"2023-06-02T16:37:16","date_gmt":"2023-06-02T19:37:16","guid":{"rendered":"https:\/\/regiaonews.net.br\/2022\/?p=89285"},"modified":"2023-06-02T16:37:16","modified_gmt":"2023-06-02T19:37:16","slug":"polo-colina-de-educacao-a-distancia-unirp-abre-inscricoes-para-o-vestibular-2023-2","status":"publish","type":"post","link":"https:\/\/regiaonews.net.br\/2022\/2023\/06\/02\/polo-colina-de-educacao-a-distancia-unirp-abre-inscricoes-para-o-vestibular-2023-2\/","title":{"rendered":"Polo Colina de Educa\u00e7\u00e3o a Dist\u00e2ncia UNIRP abre inscri\u00e7\u00f5es para o Vestibular 2023"},"content":{"rendered":"<p>Est\u00e3o abertas at\u00e9 o pr\u00f3ximo dia 10 de junho, as inscri\u00e7\u00f5es para o vestibular de 2023, para os cursos superiores na modalidade de educa\u00e7\u00e3o a dist\u00e2ncia \u2013 EaD, oferecidos no Polo Colina UNIRP, sediado na Escola Municipal de Ensino Fundamental \u201cCel. Jos\u00e9 Ven\u00e2ncio Dias\u201d.<\/p>\n<p>&nbsp;<\/p>\n<p>Concurso de Bolsas\u00a0 \u2013 as pessoas interessadas que se inscreverem at\u00e9 o pr\u00f3ximo dia 10 de junho, participar\u00e3o do Concurso de Bolsas, com desconto de at\u00e9 50% sobre o valor integral das mensalidades escolares. As inscri\u00e7\u00f5es devem ser feitas no site www.unirp.edu.br.<\/p>\n<p>&nbsp;<\/p>\n<p>Os cursos dispon\u00edveis no Polo Colina UNIRP s\u00e3o: Administra\u00e7\u00e3o; Ci\u00eancias Cont\u00e1beis; Pedagogia; Servi\u00e7o Social; 2\u00aa.\u00a0 Licenciatura em Pedagogia, e os Tecn\u00f3logos em: Gest\u00e3o de Recursos Humanos; Gest\u00e3o Financeira; Gest\u00e3o Hospitalar; Gest\u00e3o P\u00fablica; Log\u00edstica; Marketing e Processos Gerenciais.<\/p>\n<p>&nbsp;<\/p>\n<p>Os cursos s\u00e3o todos em Ensino a Dist\u00e2ncia e o Polo na Escola Municipal \u201cCel. Jos\u00e9 Ven\u00e2ncio Dias\u201d disponibiliza acesso a internet, sala de aula, biblioteca e laborat\u00f3rio de inform\u00e1tica, de segundas \u00e0s sextas-feiras, das 13h \u00e0s 17h e das 18h30 \u00e0s 22h, para os alunos estudarem e fazerem as provas.<\/p>\n<p>&nbsp;<\/p>\n<p>As mensalidades t\u00eam pre\u00e7os muito acess\u00edveis e os funcion\u00e1rios p\u00fablicos da Prefeitura de Colina que desejarem ingressar no ensino a dist\u00e2ncia UNIRP, ter\u00e3o uma ajuda de custo de 60% do valor.<\/p>\n<p>&nbsp;<\/p>\n<p>Mais informa\u00e7\u00f5es podem ser obtidas pelo telefone: (17) 3341-1355, no Polo Colina \u2013 EMEF \u201cCel. Jos\u00e9 Ven\u00e2ncio Dias\u201d.<\/p>\n<p>&nbsp;<\/p>\n","protected":false},"excerpt":{"rendered":"<p>Est\u00e3o abertas at\u00e9 o pr\u00f3ximo dia 10 de junho, as<\/p>\n","protected":false},"author":2,"featured_media":89286,"comment_status":"open","ping_status":"open","sticky":false,"template":"","format":"standard","meta":{"footnotes":""},"categories":[5,111],"tags":[],"class_list":["post-89285","post","type-post","status-publish","format-standard","has-post-thumbnail","hentry","category-colina","category-cotidiano"],"yoast_head":"<!-- This site is optimized with the Yoast SEO plugin v27.4 - https:\/\/yoast.com\/product\/yoast-seo-wordpress\/ -->\n<title>Polo Colina de Educa\u00e7\u00e3o a Dist\u00e2ncia UNIRP abre inscri\u00e7\u00f5es para o Vestibular 2023 - Regi\u00e3o News<\/title>\n<meta name=\"robots\" content=\"index, follow, max-snippet:-1, max-image-preview:large, max-video-preview:-1\" \/>\n<link rel=\"canonical\" href=\"https:\/\/regiaonews.net.br\/2022\/2023\/06\/02\/polo-colina-de-educacao-a-distancia-unirp-abre-inscricoes-para-o-vestibular-2023-2\/\" \/>\n<meta property=\"og:locale\" content=\"pt_BR\" \/>\n<meta property=\"og:type\" content=\"article\" \/>\n<meta property=\"og:title\" content=\"Polo Colina de Educa\u00e7\u00e3o a Dist\u00e2ncia UNIRP abre inscri\u00e7\u00f5es para o Vestibular 2023 - Regi\u00e3o News\" \/>\n<meta property=\"og:description\" content=\"Est\u00e3o abertas at\u00e9 o pr\u00f3ximo dia 10 de junho, as\" \/>\n<meta property=\"og:url\" content=\"https:\/\/regiaonews.net.br\/2022\/2023\/06\/02\/polo-colina-de-educacao-a-distancia-unirp-abre-inscricoes-para-o-vestibular-2023-2\/\" \/>\n<meta property=\"og:site_name\" content=\"Regi\u00e3o News\" \/>\n<meta property=\"article:published_time\" content=\"2023-06-02T19:37:16+00:00\" \/>\n<meta property=\"og:image\" content=\"https:\/\/regiaonews.net.br\/2022\/wp-content\/uploads\/2023\/06\/Bolsa-de-estudo.jpg\" \/>\n\t<meta property=\"og:image:width\" content=\"694\" \/>\n\t<meta property=\"og:image:height\" content=\"551\" \/>\n\t<meta property=\"og:image:type\" content=\"image\/jpeg\" \/>\n<meta name=\"author\" content=\"Roberto\" \/>\n<meta name=\"twitter:card\" content=\"summary_large_image\" \/>\n<meta name=\"twitter:label1\" content=\"Escrito por\" \/>\n\t<meta name=\"twitter:data1\" content=\"Roberto\" \/>\n\t<meta name=\"twitter:label2\" content=\"Est. tempo de leitura\" \/>\n\t<meta name=\"twitter:data2\" content=\"2 minutos\" \/>\n<script type=\"application\/ld+json\" class=\"yoast-schema-graph\">{\"@context\":\"https:\\\/\\\/schema.org\",\"@graph\":[{\"@type\":\"Article\",\"@id\":\"https:\\\/\\\/regiaonews.net.br\\\/2022\\\/2023\\\/06\\\/02\\\/polo-colina-de-educacao-a-distancia-unirp-abre-inscricoes-para-o-vestibular-2023-2\\\/#article\",\"isPartOf\":{\"@id\":\"https:\\\/\\\/regiaonews.net.br\\\/2022\\\/2023\\\/06\\\/02\\\/polo-colina-de-educacao-a-distancia-unirp-abre-inscricoes-para-o-vestibular-2023-2\\\/\"},\"author\":{\"name\":\"Roberto\",\"@id\":\"https:\\\/\\\/regiaonews.net.br\\\/2022\\\/#\\\/schema\\\/person\\\/2d205a608a5aa97ac279d7a5e6d89ad8\"},\"headline\":\"Polo Colina de Educa\u00e7\u00e3o a Dist\u00e2ncia UNIRP abre inscri\u00e7\u00f5es para o Vestibular 2023\",\"datePublished\":\"2023-06-02T19:37:16+00:00\",\"mainEntityOfPage\":{\"@id\":\"https:\\\/\\\/regiaonews.net.br\\\/2022\\\/2023\\\/06\\\/02\\\/polo-colina-de-educacao-a-distancia-unirp-abre-inscricoes-para-o-vestibular-2023-2\\\/\"},\"wordCount\":273,\"commentCount\":0,\"publisher\":{\"@id\":\"https:\\\/\\\/regiaonews.net.br\\\/2022\\\/#organization\"},\"image\":{\"@id\":\"https:\\\/\\\/regiaonews.net.br\\\/2022\\\/2023\\\/06\\\/02\\\/polo-colina-de-educacao-a-distancia-unirp-abre-inscricoes-para-o-vestibular-2023-2\\\/#primaryimage\"},\"thumbnailUrl\":\"https:\\\/\\\/regiaonews.net.br\\\/2022\\\/wp-content\\\/uploads\\\/2023\\\/06\\\/Bolsa-de-estudo.jpg\",\"articleSection\":[\"Colina\",\"Cotidiano\"],\"inLanguage\":\"pt-BR\",\"potentialAction\":[{\"@type\":\"CommentAction\",\"name\":\"Comment\",\"target\":[\"https:\\\/\\\/regiaonews.net.br\\\/2022\\\/2023\\\/06\\\/02\\\/polo-colina-de-educacao-a-distancia-unirp-abre-inscricoes-para-o-vestibular-2023-2\\\/#respond\"]}]},{\"@type\":\"WebPage\",\"@id\":\"https:\\\/\\\/regiaonews.net.br\\\/2022\\\/2023\\\/06\\\/02\\\/polo-colina-de-educacao-a-distancia-unirp-abre-inscricoes-para-o-vestibular-2023-2\\\/\",\"url\":\"https:\\\/\\\/regiaonews.net.br\\\/2022\\\/2023\\\/06\\\/02\\\/polo-colina-de-educacao-a-distancia-unirp-abre-inscricoes-para-o-vestibular-2023-2\\\/\",\"name\":\"Polo Colina de Educa\u00e7\u00e3o a Dist\u00e2ncia UNIRP abre inscri\u00e7\u00f5es para o Vestibular 2023 - Regi\u00e3o News\",\"isPartOf\":{\"@id\":\"https:\\\/\\\/regiaonews.net.br\\\/2022\\\/#website\"},\"primaryImageOfPage\":{\"@id\":\"https:\\\/\\\/regiaonews.net.br\\\/2022\\\/2023\\\/06\\\/02\\\/polo-colina-de-educacao-a-distancia-unirp-abre-inscricoes-para-o-vestibular-2023-2\\\/#primaryimage\"},\"image\":{\"@id\":\"https:\\\/\\\/regiaonews.net.br\\\/2022\\\/2023\\\/06\\\/02\\\/polo-colina-de-educacao-a-distancia-unirp-abre-inscricoes-para-o-vestibular-2023-2\\\/#primaryimage\"},\"thumbnailUrl\":\"https:\\\/\\\/regiaonews.net.br\\\/2022\\\/wp-content\\\/uploads\\\/2023\\\/06\\\/Bolsa-de-estudo.jpg\",\"datePublished\":\"2023-06-02T19:37:16+00:00\",\"breadcrumb\":{\"@id\":\"https:\\\/\\\/regiaonews.net.br\\\/2022\\\/2023\\\/06\\\/02\\\/polo-colina-de-educacao-a-distancia-unirp-abre-inscricoes-para-o-vestibular-2023-2\\\/#breadcrumb\"},\"inLanguage\":\"pt-BR\",\"potentialAction\":[{\"@type\":\"ReadAction\",\"target\":[\"https:\\\/\\\/regiaonews.net.br\\\/2022\\\/2023\\\/06\\\/02\\\/polo-colina-de-educacao-a-distancia-unirp-abre-inscricoes-para-o-vestibular-2023-2\\\/\"]}]},{\"@type\":\"ImageObject\",\"inLanguage\":\"pt-BR\",\"@id\":\"https:\\\/\\\/regiaonews.net.br\\\/2022\\\/2023\\\/06\\\/02\\\/polo-colina-de-educacao-a-distancia-unirp-abre-inscricoes-para-o-vestibular-2023-2\\\/#primaryimage\",\"url\":\"https:\\\/\\\/regiaonews.net.br\\\/2022\\\/wp-content\\\/uploads\\\/2023\\\/06\\\/Bolsa-de-estudo.jpg\",\"contentUrl\":\"https:\\\/\\\/regiaonews.net.br\\\/2022\\\/wp-content\\\/uploads\\\/2023\\\/06\\\/Bolsa-de-estudo.jpg\",\"width\":694,\"height\":551},{\"@type\":\"BreadcrumbList\",\"@id\":\"https:\\\/\\\/regiaonews.net.br\\\/2022\\\/2023\\\/06\\\/02\\\/polo-colina-de-educacao-a-distancia-unirp-abre-inscricoes-para-o-vestibular-2023-2\\\/#breadcrumb\",\"itemListElement\":[{\"@type\":\"ListItem\",\"position\":1,\"name\":\"In\u00edcio\",\"item\":\"https:\\\/\\\/regiaonews.net.br\\\/2022\\\/\"},{\"@type\":\"ListItem\",\"position\":2,\"name\":\"Polo Colina de Educa\u00e7\u00e3o a Dist\u00e2ncia UNIRP abre inscri\u00e7\u00f5es para o Vestibular 2023\"}]},{\"@type\":\"WebSite\",\"@id\":\"https:\\\/\\\/regiaonews.net.br\\\/2022\\\/#website\",\"url\":\"https:\\\/\\\/regiaonews.net.br\\\/2022\\\/\",\"name\":\"Regi\u00e3o News\",\"description\":\"Site de Not\u00edcias de Barretos e regi\u00e3o\",\"publisher\":{\"@id\":\"https:\\\/\\\/regiaonews.net.br\\\/2022\\\/#organization\"},\"potentialAction\":[{\"@type\":\"SearchAction\",\"target\":{\"@type\":\"EntryPoint\",\"urlTemplate\":\"https:\\\/\\\/regiaonews.net.br\\\/2022\\\/?s={search_term_string}\"},\"query-input\":{\"@type\":\"PropertyValueSpecification\",\"valueRequired\":true,\"valueName\":\"search_term_string\"}}],\"inLanguage\":\"pt-BR\"},{\"@type\":\"Organization\",\"@id\":\"https:\\\/\\\/regiaonews.net.br\\\/2022\\\/#organization\",\"name\":\"Regi\u00e3o News\",\"url\":\"https:\\\/\\\/regiaonews.net.br\\\/2022\\\/\",\"logo\":{\"@type\":\"ImageObject\",\"inLanguage\":\"pt-BR\",\"@id\":\"https:\\\/\\\/regiaonews.net.br\\\/2022\\\/#\\\/schema\\\/logo\\\/image\\\/\",\"url\":\"https:\\\/\\\/regiaonews.net.br\\\/2022\\\/wp-content\\\/uploads\\\/2026\\\/03\\\/regiao-13-anos-scaled.jpg\",\"contentUrl\":\"https:\\\/\\\/regiaonews.net.br\\\/2022\\\/wp-content\\\/uploads\\\/2026\\\/03\\\/regiao-13-anos-scaled.jpg\",\"width\":2560,\"height\":635,\"caption\":\"Regi\u00e3o News\"},\"image\":{\"@id\":\"https:\\\/\\\/regiaonews.net.br\\\/2022\\\/#\\\/schema\\\/logo\\\/image\\\/\"}},{\"@type\":\"Person\",\"@id\":\"https:\\\/\\\/regiaonews.net.br\\\/2022\\\/#\\\/schema\\\/person\\\/2d205a608a5aa97ac279d7a5e6d89ad8\",\"name\":\"Roberto\",\"image\":{\"@type\":\"ImageObject\",\"inLanguage\":\"pt-BR\",\"@id\":\"https:\\\/\\\/secure.gravatar.com\\\/avatar\\\/42749d8b712ff9d59ca93dc150494e5b55a44134482993f5baeb97e61b7ecc89?s=96&d=mm&r=g\",\"url\":\"https:\\\/\\\/secure.gravatar.com\\\/avatar\\\/42749d8b712ff9d59ca93dc150494e5b55a44134482993f5baeb97e61b7ecc89?s=96&d=mm&r=g\",\"contentUrl\":\"https:\\\/\\\/secure.gravatar.com\\\/avatar\\\/42749d8b712ff9d59ca93dc150494e5b55a44134482993f5baeb97e61b7ecc89?s=96&d=mm&r=g\",\"caption\":\"Roberto\"},\"url\":\"https:\\\/\\\/regiaonews.net.br\\\/2022\\\/author\\\/roberto\\\/\"}]}<\/script>\n<!-- \/ Yoast SEO plugin. -->","yoast_head_json":{"title":"Polo Colina de Educa\u00e7\u00e3o a Dist\u00e2ncia UNIRP abre inscri\u00e7\u00f5es para o Vestibular 2023 - Regi\u00e3o News","robots":{"index":"index","follow":"follow","max-snippet":"max-snippet:-1","max-image-preview":"max-image-preview:large","max-video-preview":"max-video-preview:-1"},"canonical":"https:\/\/regiaonews.net.br\/2022\/2023\/06\/02\/polo-colina-de-educacao-a-distancia-unirp-abre-inscricoes-para-o-vestibular-2023-2\/","og_locale":"pt_BR","og_type":"article","og_title":"Polo Colina de Educa\u00e7\u00e3o a Dist\u00e2ncia UNIRP abre inscri\u00e7\u00f5es para o Vestibular 2023 - Regi\u00e3o News","og_description":"Est\u00e3o abertas at\u00e9 o pr\u00f3ximo dia 10 de junho, as","og_url":"https:\/\/regiaonews.net.br\/2022\/2023\/06\/02\/polo-colina-de-educacao-a-distancia-unirp-abre-inscricoes-para-o-vestibular-2023-2\/","og_site_name":"Regi\u00e3o News","article_published_time":"2023-06-02T19:37:16+00:00","og_image":[{"width":694,"height":551,"url":"https:\/\/regiaonews.net.br\/2022\/wp-content\/uploads\/2023\/06\/Bolsa-de-estudo.jpg","type":"image\/jpeg"}],"author":"Roberto","twitter_card":"summary_large_image","twitter_misc":{"Escrito por":"Roberto","Est. tempo de leitura":"2 minutos"},"schema":{"@context":"https:\/\/schema.org","@graph":[{"@type":"Article","@id":"https:\/\/regiaonews.net.br\/2022\/2023\/06\/02\/polo-colina-de-educacao-a-distancia-unirp-abre-inscricoes-para-o-vestibular-2023-2\/#article","isPartOf":{"@id":"https:\/\/regiaonews.net.br\/2022\/2023\/06\/02\/polo-colina-de-educacao-a-distancia-unirp-abre-inscricoes-para-o-vestibular-2023-2\/"},"author":{"name":"Roberto","@id":"https:\/\/regiaonews.net.br\/2022\/#\/schema\/person\/2d205a608a5aa97ac279d7a5e6d89ad8"},"headline":"Polo Colina de Educa\u00e7\u00e3o a Dist\u00e2ncia UNIRP abre inscri\u00e7\u00f5es para o Vestibular 2023","datePublished":"2023-06-02T19:37:16+00:00","mainEntityOfPage":{"@id":"https:\/\/regiaonews.net.br\/2022\/2023\/06\/02\/polo-colina-de-educacao-a-distancia-unirp-abre-inscricoes-para-o-vestibular-2023-2\/"},"wordCount":273,"commentCount":0,"publisher":{"@id":"https:\/\/regiaonews.net.br\/2022\/#organization"},"image":{"@id":"https:\/\/regiaonews.net.br\/2022\/2023\/06\/02\/polo-colina-de-educacao-a-distancia-unirp-abre-inscricoes-para-o-vestibular-2023-2\/#primaryimage"},"thumbnailUrl":"https:\/\/regiaonews.net.br\/2022\/wp-content\/uploads\/2023\/06\/Bolsa-de-estudo.jpg","articleSection":["Colina","Cotidiano"],"inLanguage":"pt-BR","potentialAction":[{"@type":"CommentAction","name":"Comment","target":["https:\/\/regiaonews.net.br\/2022\/2023\/06\/02\/polo-colina-de-educacao-a-distancia-unirp-abre-inscricoes-para-o-vestibular-2023-2\/#respond"]}]},{"@type":"WebPage","@id":"https:\/\/regiaonews.net.br\/2022\/2023\/06\/02\/polo-colina-de-educacao-a-distancia-unirp-abre-inscricoes-para-o-vestibular-2023-2\/","url":"https:\/\/regiaonews.net.br\/2022\/2023\/06\/02\/polo-colina-de-educacao-a-distancia-unirp-abre-inscricoes-para-o-vestibular-2023-2\/","name":"Polo Colina de Educa\u00e7\u00e3o a Dist\u00e2ncia UNIRP abre inscri\u00e7\u00f5es para o Vestibular 2023 - Regi\u00e3o News","isPartOf":{"@id":"https:\/\/regiaonews.net.br\/2022\/#website"},"primaryImageOfPage":{"@id":"https:\/\/regiaonews.net.br\/2022\/2023\/06\/02\/polo-colina-de-educacao-a-distancia-unirp-abre-inscricoes-para-o-vestibular-2023-2\/#primaryimage"},"image":{"@id":"https:\/\/regiaonews.net.br\/2022\/2023\/06\/02\/polo-colina-de-educacao-a-distancia-unirp-abre-inscricoes-para-o-vestibular-2023-2\/#primaryimage"},"thumbnailUrl":"https:\/\/regiaonews.net.br\/2022\/wp-content\/uploads\/2023\/06\/Bolsa-de-estudo.jpg","datePublished":"2023-06-02T19:37:16+00:00","breadcrumb":{"@id":"https:\/\/regiaonews.net.br\/2022\/2023\/06\/02\/polo-colina-de-educacao-a-distancia-unirp-abre-inscricoes-para-o-vestibular-2023-2\/#breadcrumb"},"inLanguage":"pt-BR","potentialAction":[{"@type":"ReadAction","target":["https:\/\/regiaonews.net.br\/2022\/2023\/06\/02\/polo-colina-de-educacao-a-distancia-unirp-abre-inscricoes-para-o-vestibular-2023-2\/"]}]},{"@type":"ImageObject","inLanguage":"pt-BR","@id":"https:\/\/regiaonews.net.br\/2022\/2023\/06\/02\/polo-colina-de-educacao-a-distancia-unirp-abre-inscricoes-para-o-vestibular-2023-2\/#primaryimage","url":"https:\/\/regiaonews.net.br\/2022\/wp-content\/uploads\/2023\/06\/Bolsa-de-estudo.jpg","contentUrl":"https:\/\/regiaonews.net.br\/2022\/wp-content\/uploads\/2023\/06\/Bolsa-de-estudo.jpg","width":694,"height":551},{"@type":"BreadcrumbList","@id":"https:\/\/regiaonews.net.br\/2022\/2023\/06\/02\/polo-colina-de-educacao-a-distancia-unirp-abre-inscricoes-para-o-vestibular-2023-2\/#breadcrumb","itemListElement":[{"@type":"ListItem","position":1,"name":"In\u00edcio","item":"https:\/\/regiaonews.net.br\/2022\/"},{"@type":"ListItem","position":2,"name":"Polo Colina de Educa\u00e7\u00e3o a Dist\u00e2ncia UNIRP abre inscri\u00e7\u00f5es para o Vestibular 2023"}]},{"@type":"WebSite","@id":"https:\/\/regiaonews.net.br\/2022\/#website","url":"https:\/\/regiaonews.net.br\/2022\/","name":"Regi\u00e3o News","description":"Site de Not\u00edcias de Barretos e regi\u00e3o","publisher":{"@id":"https:\/\/regiaonews.net.br\/2022\/#organization"},"potentialAction":[{"@type":"SearchAction","target":{"@type":"EntryPoint","urlTemplate":"https:\/\/regiaonews.net.br\/2022\/?s={search_term_string}"},"query-input":{"@type":"PropertyValueSpecification","valueRequired":true,"valueName":"search_term_string"}}],"inLanguage":"pt-BR"},{"@type":"Organization","@id":"https:\/\/regiaonews.net.br\/2022\/#organization","name":"Regi\u00e3o News","url":"https:\/\/regiaonews.net.br\/2022\/","logo":{"@type":"ImageObject","inLanguage":"pt-BR","@id":"https:\/\/regiaonews.net.br\/2022\/#\/schema\/logo\/image\/","url":"https:\/\/regiaonews.net.br\/2022\/wp-content\/uploads\/2026\/03\/regiao-13-anos-scaled.jpg","contentUrl":"https:\/\/regiaonews.net.br\/2022\/wp-content\/uploads\/2026\/03\/regiao-13-anos-scaled.jpg","width":2560,"height":635,"caption":"Regi\u00e3o News"},"image":{"@id":"https:\/\/regiaonews.net.br\/2022\/#\/schema\/logo\/image\/"}},{"@type":"Person","@id":"https:\/\/regiaonews.net.br\/2022\/#\/schema\/person\/2d205a608a5aa97ac279d7a5e6d89ad8","name":"Roberto","image":{"@type":"ImageObject","inLanguage":"pt-BR","@id":"https:\/\/secure.gravatar.com\/avatar\/42749d8b712ff9d59ca93dc150494e5b55a44134482993f5baeb97e61b7ecc89?s=96&d=mm&r=g","url":"https:\/\/secure.gravatar.com\/avatar\/42749d8b712ff9d59ca93dc150494e5b55a44134482993f5baeb97e61b7ecc89?s=96&d=mm&r=g","contentUrl":"https:\/\/secure.gravatar.com\/avatar\/42749d8b712ff9d59ca93dc150494e5b55a44134482993f5baeb97e61b7ecc89?s=96&d=mm&r=g","caption":"Roberto"},"url":"https:\/\/regiaonews.net.br\/2022\/author\/roberto\/"}]}},"publishpress_future_action":{"enabled":false,"date":"2026-05-02 05:20:07","action":"change-status","newStatus":"draft","terms":[],"taxonomy":"category","extraData":[]},"publishpress_future_workflow_manual_trigger":{"enabledWorkflows":[]},"_links":{"self":[{"href":"https:\/\/regiaonews.net.br\/2022\/wp-json\/wp\/v2\/posts\/89285","targetHints":{"allow":["GET"]}}],"collection":[{"href":"https:\/\/regiaonews.net.br\/2022\/wp-json\/wp\/v2\/posts"}],"about":[{"href":"https:\/\/regiaonews.net.br\/2022\/wp-json\/wp\/v2\/types\/post"}],"author":[{"embeddable":true,"href":"https:\/\/regiaonews.net.br\/2022\/wp-json\/wp\/v2\/users\/2"}],"replies":[{"embeddable":true,"href":"https:\/\/regiaonews.net.br\/2022\/wp-json\/wp\/v2\/comments?post=89285"}],"version-history":[{"count":1,"href":"https:\/\/regiaonews.net.br\/2022\/wp-json\/wp\/v2\/posts\/89285\/revisions"}],"predecessor-version":[{"id":89287,"href":"https:\/\/regiaonews.net.br\/2022\/wp-json\/wp\/v2\/posts\/89285\/revisions\/89287"}],"wp:featuredmedia":[{"embeddable":true,"href":"https:\/\/regiaonews.net.br\/2022\/wp-json\/wp\/v2\/media\/89286"}],"wp:attachment":[{"href":"https:\/\/regiaonews.net.br\/2022\/wp-json\/wp\/v2\/media?parent=89285"}],"wp:term":[{"taxonomy":"category","embeddable":true,"href":"https:\/\/regiaonews.net.br\/2022\/wp-json\/wp\/v2\/categories?post=89285"},{"taxonomy":"post_tag","embeddable":true,"href":"https:\/\/regiaonews.net.br\/2022\/wp-json\/wp\/v2\/tags?post=89285"}],"curies":[{"name":"wp","href":"https:\/\/api.w.org\/{rel}","templated":true}]}}