{"id":89233,"date":"2023-06-01T19:37:54","date_gmt":"2023-06-01T22:37:54","guid":{"rendered":"https:\/\/regiaonews.net.br\/2022\/?p=89233"},"modified":"2023-06-01T19:37:54","modified_gmt":"2023-06-01T22:37:54","slug":"ppa-regioes-de-franca-e-barretos-encerram-discussoes-do-orcamento-do-estado-dos-proximos-anos","status":"publish","type":"post","link":"https:\/\/regiaonews.net.br\/2022\/2023\/06\/01\/ppa-regioes-de-franca-e-barretos-encerram-discussoes-do-orcamento-do-estado-dos-proximos-anos\/","title":{"rendered":"PPA: regi\u00f5es de Franca e Barretos encerram discuss\u00f5es do Or\u00e7amento do Estado dos pr\u00f3ximos anos"},"content":{"rendered":"<p>&nbsp;<\/p>\n<p aria-hidden=\"true\">\n<p><i>Cidad\u00e3os podem participar com sugest\u00f5es em benef\u00edcio dos munic\u00edpios; audi\u00eancias ser\u00e3o nesta<\/i><\/p>\n<p><i>quinta-feira (1\u00b0), \u00e0s 9h e 14h, respectivamente<\/i><\/p>\n<p aria-hidden=\"true\">\n<p>A Secretaria da Fazenda e Planejamento do Estado de S\u00e3o Paulo (Sefaz-SP) encerra, nesta quinta-feira (1\u00b0 de junho), o calend\u00e1rio das audi\u00eancias p\u00fablicas do PPA 2024-2027 nas regi\u00f5es administrativas de Franca e Barretos. A reuni\u00e3o virtual ser\u00e1 realizada \u00e0s 9h (Franca) e \u00e0s 14h (Barretos), de forma virtual pelo\u00a0<a title=\"Protegido pelo Outlook: https:\/\/s2305.envioscomunicacao.com\/link.php?code=bDpodHRwcyUzQSUyRiUyRnRlYW1zLm1pY3Jvc29mdC5jb20lMkZkbCUyRmxhdW5jaGVyJTJGbGF1bmNoZXIuaHRtbCUzRnVybCUzRCUyNTJGXyUyNTIzJTI1MkZsJTI1MkZtZWV0dXAtam9pbiUyNTJGMTklMjUzQW1lZXRpbmdfTnpnME9EaGxOR0V0WWpkbE1TMDBZMlZpTFdFNU1HWXRaVEEzT0RSbE9XVTROVE5rJTI1NDB0aHJlYWQudjIlMjUyRjAlMjUzRmNvbnRleHQlMjUzRCUyNTI1N2IlMjUyNTIyVGlkJTI1MjUyMiUyNTNBJTI1MjUyMmNjYjNhOGY1LTdlNDAtNGUyMC05YjczLTJhNmJkMGJlNjFhNCUyNTI1MjIlMjUyNTJjJTI1MjUyMk9pZCUyNTI1MjIlMjUzQSUyNTI1MjI5ODIxNThjNy02MTNhLTQ5MTUtOThkOC02ZGViNTliZWQyMmIlMjUyNTIyJTI1MjU3ZCUyNTI2YW5vbiUyNTNEdHJ1ZSUyNnR5cGUlM0RtZWV0dXAtam9pbiUyNmRlZXBsaW5rSWQlM0Q4ZjkzYmE5NC1iNTNkLTRlOTMtYTYwMi1hMTY2MTE1ZTFlZjElMjZkaXJlY3REbCUzRHRydWUlMjZtc0xhdW5jaCUzRHRydWUlMjZlbmFibGVNb2JpbGVQYWdlJTNEdHJ1ZSUyNnN1cHByZXNzUHJvbXB0JTNEdHJ1ZTo4MjYzMTIzNTU6cm9iZXJ0b2pvc2UzMEBob3RtYWlsLmNvbTpkMGVlNDk6NDk=. Clique ou toque para seguir o link.\" href=\"https:\/\/na01.safelinks.protection.outlook.com\/?url=https%3A%2F%2Fs2305.envioscomunicacao.com%2Flink.php%3Fcode%3DbDpodHRwcyUzQSUyRiUyRnRlYW1zLm1pY3Jvc29mdC5jb20lMkZkbCUyRmxhdW5jaGVyJTJGbGF1bmNoZXIuaHRtbCUzRnVybCUzRCUyNTJGXyUyNTIzJTI1MkZsJTI1MkZtZWV0dXAtam9pbiUyNTJGMTklMjUzQW1lZXRpbmdfTnpnME9EaGxOR0V0WWpkbE1TMDBZMlZpTFdFNU1HWXRaVEEzT0RSbE9XVTROVE5rJTI1NDB0aHJlYWQudjIlMjUyRjAlMjUzRmNvbnRleHQlMjUzRCUyNTI1N2IlMjUyNTIyVGlkJTI1MjUyMiUyNTNBJTI1MjUyMmNjYjNhOGY1LTdlNDAtNGUyMC05YjczLTJhNmJkMGJlNjFhNCUyNTI1MjIlMjUyNTJjJTI1MjUyMk9pZCUyNTI1MjIlMjUzQSUyNTI1MjI5ODIxNThjNy02MTNhLTQ5MTUtOThkOC02ZGViNTliZWQyMmIlMjUyNTIyJTI1MjU3ZCUyNTI2YW5vbiUyNTNEdHJ1ZSUyNnR5cGUlM0RtZWV0dXAtam9pbiUyNmRlZXBsaW5rSWQlM0Q4ZjkzYmE5NC1iNTNkLTRlOTMtYTYwMi1hMTY2MTE1ZTFlZjElMjZkaXJlY3REbCUzRHRydWUlMjZtc0xhdW5jaCUzRHRydWUlMjZlbmFibGVNb2JpbGVQYWdlJTNEdHJ1ZSUyNnN1cHByZXNzUHJvbXB0JTNEdHJ1ZTo4MjYzMTIzNTU6cm9iZXJ0b2pvc2UzMEBob3RtYWlsLmNvbTpkMGVlNDk6NDk%3D&amp;data=05%7C01%7C%7C4f34a27ae76741c27e5b08db620ab5dd%7C84df9e7fe9f640afb435aaaaaaaaaaaa%7C1%7C0%7C638211570366786371%7CUnknown%7CTWFpbGZsb3d8eyJWIjoiMC4wLjAwMDAiLCJQIjoiV2luMzIiLCJBTiI6Ik1haWwiLCJXVCI6Mn0%3D%7C3000%7C%7C%7C&amp;sdata=A4KM%2FBL86LAlMwMa8O3V3Cd%2BazszN5fRblmNhg1vAnQ%3D&amp;reserved=0\" target=\"_blank\" rel=\"noopener noreferrer\" data-auth=\"Verified\" data-linkindex=\"0\">Teams<\/a>\u00a0(link na tabela abaixo).<\/p>\n<p aria-hidden=\"true\">\n<p>O PPA plano define as diretrizes e os objetivos estrat\u00e9gicos de Governo e os programas para alcan\u00e7\u00e1-los.\u00a0<i>\u201cO Governo Tarc\u00edsio de Freitas conta com tr\u00eas diretrizes, e uma delas \u00e9 o di\u00e1logo. Para fomentar esse di\u00e1logo, precisamos que os cidad\u00e3os participem das audi\u00eancias p\u00fablicas\u201d<\/i>, coloca o secret\u00e1rio da Sefaz-SP, Samuel Kinoshita. \u201cPrecisamos do maior n\u00famero de informa\u00e7\u00f5es para elaboramos uma pe\u00e7a or\u00e7ament\u00e1ria o mais aderente poss\u00edvel aos anseios das pessoas\u201d, completa.<\/p>\n<p aria-hidden=\"true\">\n<p>A popula\u00e7\u00e3o pode, por exemplo, elencar projetos nas \u00e1reas de sa\u00fade, educa\u00e7\u00e3o, seguran\u00e7a p\u00fablica, assist\u00eancia social, infraestrutura, mobilidade urbana, entre outros.<\/p>\n<p aria-hidden=\"true\">\n<p>A Sefaz-SP iniciou, em 4 de maio, as audi\u00eancias p\u00fablicas do PPA 2024-2027 na Regi\u00e3o Administrativa Central (Araraquara e S\u00e3o Carlos). Na sequ\u00eancia, foram contempladas as regi\u00f5es de Bauru, Sorocaba, Campinas, Piracicaba, S\u00e3o Jos\u00e9 do Rio Preto, Ara\u00e7atuba, Ribeir\u00e3o Preto, Capital, Jundia\u00ed, Presidente Prudente, Baixada Santista, Vale do Para\u00edba\/Litoral Norte e Baixada Santista. Na \u00faltima ter\u00e7a-feira (30), as discuss\u00f5es ocorreram nas regi\u00f5es de Itapeva e Registro.<\/p>\n<p aria-hidden=\"true\">\n<p>As reuni\u00f5es d\u00e3o oportunidade aos cidad\u00e3os elencarem os projetos priorit\u00e1rios para cada regi\u00e3o, al\u00e9m de serem essenciais na identifica\u00e7\u00e3o das prioridades para a promo\u00e7\u00e3o do desenvolvimento paulista. O p\u00fablico-alvo contempla a popula\u00e7\u00e3o paulista em geral, entidades representativas e servidores de prefeituras e \u00f3rg\u00e3os p\u00fablicos municipais.<\/p>\n<p aria-hidden=\"true\">\n<p>O objetivo da iniciativa \u00e9 ampliar a participa\u00e7\u00e3o a toda a popula\u00e7\u00e3o, ofertando um espa\u00e7o democr\u00e1tico que al\u00e9m de dar transpar\u00eancia, legitima o processo de planejamento or\u00e7ament\u00e1rio estadual.\u00a0A opini\u00e3o e sugest\u00f5es da popula\u00e7\u00e3o paulista constituem o ponto central na constru\u00e7\u00e3o do planejamento para o pr\u00f3ximo PPA.<\/p>\n<p aria-hidden=\"true\">\n<p><strong>Ambiente de vota\u00e7\u00e3o<\/strong><\/p>\n<p aria-hidden=\"true\">\n<p>Simultaneamente \u00e0s audi\u00eancias p\u00fablicas, estar\u00e1 dispon\u00edvel at\u00e9 1\u00b0 de junho o\u00a0<a title=\"Protegido pelo Outlook: https:\/\/s2305.envioscomunicacao.com\/link.php?code=bDpodHRwcyUzQSUyRiUyRmF1ZGllbmNpYXB1YmxpY2EucGxhbmVqYW1lbnRvLnNwLmdvdi5iciUyRnBvcnRhbC5wb3J0YWxhdWRpZW5jaWFwdWJsaWNhLmFzcHg6ODI2MzEyMzU1OnJvYmVydG9qb3NlMzBAaG90bWFpbC5jb206MTFmZmJjOjQ5. Clique ou toque para seguir o link.\" href=\"https:\/\/na01.safelinks.protection.outlook.com\/?url=https%3A%2F%2Fs2305.envioscomunicacao.com%2Flink.php%3Fcode%3DbDpodHRwcyUzQSUyRiUyRmF1ZGllbmNpYXB1YmxpY2EucGxhbmVqYW1lbnRvLnNwLmdvdi5iciUyRnBvcnRhbC5wb3J0YWxhdWRpZW5jaWFwdWJsaWNhLmFzcHg6ODI2MzEyMzU1OnJvYmVydG9qb3NlMzBAaG90bWFpbC5jb206MTFmZmJjOjQ5&amp;data=05%7C01%7C%7C4f34a27ae76741c27e5b08db620ab5dd%7C84df9e7fe9f640afb435aaaaaaaaaaaa%7C1%7C0%7C638211570366786371%7CUnknown%7CTWFpbGZsb3d8eyJWIjoiMC4wLjAwMDAiLCJQIjoiV2luMzIiLCJBTiI6Ik1haWwiLCJXVCI6Mn0%3D%7C3000%7C%7C%7C&amp;sdata=2YL167Si63xPQLg8a3KcifckIlN4e4KlkLui1xDCH0A%3D&amp;reserved=0\" target=\"_blank\" rel=\"noopener noreferrer\" data-auth=\"Verified\" data-linkindex=\"1\">ambiente de vota\u00e7\u00e3o do PPA-2024-2027<\/a>, para que os cidad\u00e3o possam escolher as \u00e1reas e projetos que, em sua opini\u00e3o, colaborem para o desenvolvimento da regi\u00e3o em que vivem.<\/p>\n<p aria-hidden=\"true\">\n<p>O processo \u00e9 bem simples: basta acessar o\u00a0<a title=\"Protegido pelo Outlook: https:\/\/s2305.envioscomunicacao.com\/link.php?code=bDpodHRwcyUzQSUyRiUyRmF1ZGllbmNpYXB1YmxpY2EucGxhbmVqYW1lbnRvLnNwLmdvdi5iciUyRnBvcnRhbC5wb3J0YWxhdWRpZW5jaWFwdWJsaWNhLmFzcHg6ODI2MzEyMzU1OnJvYmVydG9qb3NlMzBAaG90bWFpbC5jb206MTFmZmJjOjQ5. Clique ou toque para seguir o link.\" href=\"https:\/\/na01.safelinks.protection.outlook.com\/?url=https%3A%2F%2Fs2305.envioscomunicacao.com%2Flink.php%3Fcode%3DbDpodHRwcyUzQSUyRiUyRmF1ZGllbmNpYXB1YmxpY2EucGxhbmVqYW1lbnRvLnNwLmdvdi5iciUyRnBvcnRhbC5wb3J0YWxhdWRpZW5jaWFwdWJsaWNhLmFzcHg6ODI2MzEyMzU1OnJvYmVydG9qb3NlMzBAaG90bWFpbC5jb206MTFmZmJjOjQ5&amp;data=05%7C01%7C%7C4f34a27ae76741c27e5b08db620ab5dd%7C84df9e7fe9f640afb435aaaaaaaaaaaa%7C1%7C0%7C638211570366786371%7CUnknown%7CTWFpbGZsb3d8eyJWIjoiMC4wLjAwMDAiLCJQIjoiV2luMzIiLCJBTiI6Ik1haWwiLCJXVCI6Mn0%3D%7C3000%7C%7C%7C&amp;sdata=2YL167Si63xPQLg8a3KcifckIlN4e4KlkLui1xDCH0A%3D&amp;reserved=0\" target=\"_blank\" rel=\"noopener noreferrer\" data-auth=\"Verified\" data-linkindex=\"2\">ambiente de vota\u00e7\u00e3o<\/a>\u00a0e dar a sua opini\u00e3o. O sistema tamb\u00e9m permite aos cidad\u00e3os a possibilidade de fazer coment\u00e1rios que qualifiquem suas escolhas.<\/p>\n<p aria-hidden=\"true\">\n<p>Conforme Kinoshita, o PPA n\u00e3o \u00e9 apenas um instrumento de planejamento governamental, mas tamb\u00e9m de transforma\u00e7\u00e3o social, com destaque \u00e0 promo\u00e7\u00e3o do bem-estar social e ao desenvolvimento sustent\u00e1vel do Estado de S\u00e3o Paulo.<\/p>\n<p aria-hidden=\"true\">\n<p>Na elabora\u00e7\u00e3o do PPA 2024-2027, o atual Governo pretende dar continuidade \u00e0s experi\u00eancias bem-sucedidas, mas dar foco \u00e0 melhoria da qualidade do gasto. N\u00e3o h\u00e1 compromisso deste Governo com programas mal desenhados ou com entregas controversas e o Plano Plurianual \u00e9 o instrumento privilegiado para uma profunda revis\u00e3o daquilo que vem sendo implementado.<\/p>\n<p aria-hidden=\"true\">\n<p>\u00c9 preciso buscar compreender o contexto atual e planejar programas consistentes e capazes de enfrentar os desafios do pr\u00f3ximo quadri\u00eanio.<\/p>\n<p aria-hidden=\"true\">\n<p>O Projeto de Lei contendo o Plano Plurianual de 2024\/2027 deve ficar pronto para ser enviado \u00e0 Alesp at\u00e9 o dia 11 de agosto deste ano, quatro dias antes do prazo constitucional.<\/p>\n","protected":false},"excerpt":{"rendered":"<p>&nbsp; Cidad\u00e3os podem participar com sugest\u00f5es em benef\u00edcio dos munic\u00edpios;<\/p>\n","protected":false},"author":2,"featured_media":87274,"comment_status":"open","ping_status":"open","sticky":false,"template":"","format":"standard","meta":{"footnotes":""},"categories":[7],"tags":[],"class_list":["post-89233","post","type-post","status-publish","format-standard","has-post-thumbnail","hentry","category-estado-de-sao-paulo"],"yoast_head":"<!-- This site is optimized with the Yoast SEO plugin v27.4 - https:\/\/yoast.com\/product\/yoast-seo-wordpress\/ -->\n<title>PPA: regi\u00f5es de Franca e Barretos encerram discuss\u00f5es do Or\u00e7amento do Estado dos pr\u00f3ximos anos - Regi\u00e3o News<\/title>\n<meta name=\"robots\" content=\"index, follow, max-snippet:-1, max-image-preview:large, max-video-preview:-1\" \/>\n<link rel=\"canonical\" href=\"https:\/\/regiaonews.net.br\/2022\/2023\/06\/01\/ppa-regioes-de-franca-e-barretos-encerram-discussoes-do-orcamento-do-estado-dos-proximos-anos\/\" \/>\n<meta property=\"og:locale\" content=\"pt_BR\" \/>\n<meta property=\"og:type\" content=\"article\" \/>\n<meta property=\"og:title\" content=\"PPA: regi\u00f5es de Franca e Barretos encerram discuss\u00f5es do Or\u00e7amento do Estado dos pr\u00f3ximos anos - Regi\u00e3o News\" \/>\n<meta property=\"og:description\" content=\"&nbsp; Cidad\u00e3os podem participar com sugest\u00f5es em benef\u00edcio dos munic\u00edpios;\" \/>\n<meta property=\"og:url\" content=\"https:\/\/regiaonews.net.br\/2022\/2023\/06\/01\/ppa-regioes-de-franca-e-barretos-encerram-discussoes-do-orcamento-do-estado-dos-proximos-anos\/\" \/>\n<meta property=\"og:site_name\" content=\"Regi\u00e3o News\" \/>\n<meta property=\"article:published_time\" content=\"2023-06-01T22:37:54+00:00\" \/>\n<meta property=\"og:image\" content=\"https:\/\/regiaonews.net.br\/2022\/wp-content\/uploads\/2023\/04\/real_moeda_dinheiro_mcajr_2904223667.jpg\" \/>\n\t<meta property=\"og:image:width\" content=\"1170\" \/>\n\t<meta property=\"og:image:height\" content=\"700\" \/>\n\t<meta property=\"og:image:type\" content=\"image\/jpeg\" \/>\n<meta name=\"author\" content=\"Roberto\" \/>\n<meta name=\"twitter:card\" content=\"summary_large_image\" \/>\n<meta name=\"twitter:label1\" content=\"Escrito por\" \/>\n\t<meta name=\"twitter:data1\" content=\"Roberto\" \/>\n\t<meta name=\"twitter:label2\" content=\"Est. tempo de leitura\" \/>\n\t<meta name=\"twitter:data2\" content=\"3 minutos\" \/>\n<script type=\"application\/ld+json\" class=\"yoast-schema-graph\">{\"@context\":\"https:\\\/\\\/schema.org\",\"@graph\":[{\"@type\":\"Article\",\"@id\":\"https:\\\/\\\/regiaonews.net.br\\\/2022\\\/2023\\\/06\\\/01\\\/ppa-regioes-de-franca-e-barretos-encerram-discussoes-do-orcamento-do-estado-dos-proximos-anos\\\/#article\",\"isPartOf\":{\"@id\":\"https:\\\/\\\/regiaonews.net.br\\\/2022\\\/2023\\\/06\\\/01\\\/ppa-regioes-de-franca-e-barretos-encerram-discussoes-do-orcamento-do-estado-dos-proximos-anos\\\/\"},\"author\":{\"name\":\"Roberto\",\"@id\":\"https:\\\/\\\/regiaonews.net.br\\\/2022\\\/#\\\/schema\\\/person\\\/2d205a608a5aa97ac279d7a5e6d89ad8\"},\"headline\":\"PPA: regi\u00f5es de Franca e Barretos encerram discuss\u00f5es do Or\u00e7amento do Estado dos pr\u00f3ximos anos\",\"datePublished\":\"2023-06-01T22:37:54+00:00\",\"mainEntityOfPage\":{\"@id\":\"https:\\\/\\\/regiaonews.net.br\\\/2022\\\/2023\\\/06\\\/01\\\/ppa-regioes-de-franca-e-barretos-encerram-discussoes-do-orcamento-do-estado-dos-proximos-anos\\\/\"},\"wordCount\":637,\"commentCount\":0,\"publisher\":{\"@id\":\"https:\\\/\\\/regiaonews.net.br\\\/2022\\\/#organization\"},\"image\":{\"@id\":\"https:\\\/\\\/regiaonews.net.br\\\/2022\\\/2023\\\/06\\\/01\\\/ppa-regioes-de-franca-e-barretos-encerram-discussoes-do-orcamento-do-estado-dos-proximos-anos\\\/#primaryimage\"},\"thumbnailUrl\":\"https:\\\/\\\/regiaonews.net.br\\\/2022\\\/wp-content\\\/uploads\\\/2023\\\/04\\\/real_moeda_dinheiro_mcajr_2904223667.jpg\",\"articleSection\":[\"Estado de S\u00e3o Paulo\"],\"inLanguage\":\"pt-BR\",\"potentialAction\":[{\"@type\":\"CommentAction\",\"name\":\"Comment\",\"target\":[\"https:\\\/\\\/regiaonews.net.br\\\/2022\\\/2023\\\/06\\\/01\\\/ppa-regioes-de-franca-e-barretos-encerram-discussoes-do-orcamento-do-estado-dos-proximos-anos\\\/#respond\"]}]},{\"@type\":\"WebPage\",\"@id\":\"https:\\\/\\\/regiaonews.net.br\\\/2022\\\/2023\\\/06\\\/01\\\/ppa-regioes-de-franca-e-barretos-encerram-discussoes-do-orcamento-do-estado-dos-proximos-anos\\\/\",\"url\":\"https:\\\/\\\/regiaonews.net.br\\\/2022\\\/2023\\\/06\\\/01\\\/ppa-regioes-de-franca-e-barretos-encerram-discussoes-do-orcamento-do-estado-dos-proximos-anos\\\/\",\"name\":\"PPA: regi\u00f5es de Franca e Barretos encerram discuss\u00f5es do Or\u00e7amento do Estado dos pr\u00f3ximos anos - Regi\u00e3o News\",\"isPartOf\":{\"@id\":\"https:\\\/\\\/regiaonews.net.br\\\/2022\\\/#website\"},\"primaryImageOfPage\":{\"@id\":\"https:\\\/\\\/regiaonews.net.br\\\/2022\\\/2023\\\/06\\\/01\\\/ppa-regioes-de-franca-e-barretos-encerram-discussoes-do-orcamento-do-estado-dos-proximos-anos\\\/#primaryimage\"},\"image\":{\"@id\":\"https:\\\/\\\/regiaonews.net.br\\\/2022\\\/2023\\\/06\\\/01\\\/ppa-regioes-de-franca-e-barretos-encerram-discussoes-do-orcamento-do-estado-dos-proximos-anos\\\/#primaryimage\"},\"thumbnailUrl\":\"https:\\\/\\\/regiaonews.net.br\\\/2022\\\/wp-content\\\/uploads\\\/2023\\\/04\\\/real_moeda_dinheiro_mcajr_2904223667.jpg\",\"datePublished\":\"2023-06-01T22:37:54+00:00\",\"breadcrumb\":{\"@id\":\"https:\\\/\\\/regiaonews.net.br\\\/2022\\\/2023\\\/06\\\/01\\\/ppa-regioes-de-franca-e-barretos-encerram-discussoes-do-orcamento-do-estado-dos-proximos-anos\\\/#breadcrumb\"},\"inLanguage\":\"pt-BR\",\"potentialAction\":[{\"@type\":\"ReadAction\",\"target\":[\"https:\\\/\\\/regiaonews.net.br\\\/2022\\\/2023\\\/06\\\/01\\\/ppa-regioes-de-franca-e-barretos-encerram-discussoes-do-orcamento-do-estado-dos-proximos-anos\\\/\"]}]},{\"@type\":\"ImageObject\",\"inLanguage\":\"pt-BR\",\"@id\":\"https:\\\/\\\/regiaonews.net.br\\\/2022\\\/2023\\\/06\\\/01\\\/ppa-regioes-de-franca-e-barretos-encerram-discussoes-do-orcamento-do-estado-dos-proximos-anos\\\/#primaryimage\",\"url\":\"https:\\\/\\\/regiaonews.net.br\\\/2022\\\/wp-content\\\/uploads\\\/2023\\\/04\\\/real_moeda_dinheiro_mcajr_2904223667.jpg\",\"contentUrl\":\"https:\\\/\\\/regiaonews.net.br\\\/2022\\\/wp-content\\\/uploads\\\/2023\\\/04\\\/real_moeda_dinheiro_mcajr_2904223667.jpg\",\"width\":1170,\"height\":700,\"caption\":\"Real Moeda brasileira\"},{\"@type\":\"BreadcrumbList\",\"@id\":\"https:\\\/\\\/regiaonews.net.br\\\/2022\\\/2023\\\/06\\\/01\\\/ppa-regioes-de-franca-e-barretos-encerram-discussoes-do-orcamento-do-estado-dos-proximos-anos\\\/#breadcrumb\",\"itemListElement\":[{\"@type\":\"ListItem\",\"position\":1,\"name\":\"In\u00edcio\",\"item\":\"https:\\\/\\\/regiaonews.net.br\\\/2022\\\/\"},{\"@type\":\"ListItem\",\"position\":2,\"name\":\"PPA: regi\u00f5es de Franca e Barretos encerram discuss\u00f5es do Or\u00e7amento do Estado dos pr\u00f3ximos anos\"}]},{\"@type\":\"WebSite\",\"@id\":\"https:\\\/\\\/regiaonews.net.br\\\/2022\\\/#website\",\"url\":\"https:\\\/\\\/regiaonews.net.br\\\/2022\\\/\",\"name\":\"Regi\u00e3o News\",\"description\":\"Site de Not\u00edcias de Barretos e regi\u00e3o\",\"publisher\":{\"@id\":\"https:\\\/\\\/regiaonews.net.br\\\/2022\\\/#organization\"},\"potentialAction\":[{\"@type\":\"SearchAction\",\"target\":{\"@type\":\"EntryPoint\",\"urlTemplate\":\"https:\\\/\\\/regiaonews.net.br\\\/2022\\\/?s={search_term_string}\"},\"query-input\":{\"@type\":\"PropertyValueSpecification\",\"valueRequired\":true,\"valueName\":\"search_term_string\"}}],\"inLanguage\":\"pt-BR\"},{\"@type\":\"Organization\",\"@id\":\"https:\\\/\\\/regiaonews.net.br\\\/2022\\\/#organization\",\"name\":\"Regi\u00e3o News\",\"url\":\"https:\\\/\\\/regiaonews.net.br\\\/2022\\\/\",\"logo\":{\"@type\":\"ImageObject\",\"inLanguage\":\"pt-BR\",\"@id\":\"https:\\\/\\\/regiaonews.net.br\\\/2022\\\/#\\\/schema\\\/logo\\\/image\\\/\",\"url\":\"https:\\\/\\\/regiaonews.net.br\\\/2022\\\/wp-content\\\/uploads\\\/2026\\\/03\\\/regiao-13-anos-scaled.jpg\",\"contentUrl\":\"https:\\\/\\\/regiaonews.net.br\\\/2022\\\/wp-content\\\/uploads\\\/2026\\\/03\\\/regiao-13-anos-scaled.jpg\",\"width\":2560,\"height\":635,\"caption\":\"Regi\u00e3o News\"},\"image\":{\"@id\":\"https:\\\/\\\/regiaonews.net.br\\\/2022\\\/#\\\/schema\\\/logo\\\/image\\\/\"}},{\"@type\":\"Person\",\"@id\":\"https:\\\/\\\/regiaonews.net.br\\\/2022\\\/#\\\/schema\\\/person\\\/2d205a608a5aa97ac279d7a5e6d89ad8\",\"name\":\"Roberto\",\"image\":{\"@type\":\"ImageObject\",\"inLanguage\":\"pt-BR\",\"@id\":\"https:\\\/\\\/secure.gravatar.com\\\/avatar\\\/42749d8b712ff9d59ca93dc150494e5b55a44134482993f5baeb97e61b7ecc89?s=96&d=mm&r=g\",\"url\":\"https:\\\/\\\/secure.gravatar.com\\\/avatar\\\/42749d8b712ff9d59ca93dc150494e5b55a44134482993f5baeb97e61b7ecc89?s=96&d=mm&r=g\",\"contentUrl\":\"https:\\\/\\\/secure.gravatar.com\\\/avatar\\\/42749d8b712ff9d59ca93dc150494e5b55a44134482993f5baeb97e61b7ecc89?s=96&d=mm&r=g\",\"caption\":\"Roberto\"},\"url\":\"https:\\\/\\\/regiaonews.net.br\\\/2022\\\/author\\\/roberto\\\/\"}]}<\/script>\n<!-- \/ Yoast SEO plugin. -->","yoast_head_json":{"title":"PPA: regi\u00f5es de Franca e Barretos encerram discuss\u00f5es do Or\u00e7amento do Estado dos pr\u00f3ximos anos - Regi\u00e3o News","robots":{"index":"index","follow":"follow","max-snippet":"max-snippet:-1","max-image-preview":"max-image-preview:large","max-video-preview":"max-video-preview:-1"},"canonical":"https:\/\/regiaonews.net.br\/2022\/2023\/06\/01\/ppa-regioes-de-franca-e-barretos-encerram-discussoes-do-orcamento-do-estado-dos-proximos-anos\/","og_locale":"pt_BR","og_type":"article","og_title":"PPA: regi\u00f5es de Franca e Barretos encerram discuss\u00f5es do Or\u00e7amento do Estado dos pr\u00f3ximos anos - Regi\u00e3o News","og_description":"&nbsp; Cidad\u00e3os podem participar com sugest\u00f5es em benef\u00edcio dos munic\u00edpios;","og_url":"https:\/\/regiaonews.net.br\/2022\/2023\/06\/01\/ppa-regioes-de-franca-e-barretos-encerram-discussoes-do-orcamento-do-estado-dos-proximos-anos\/","og_site_name":"Regi\u00e3o News","article_published_time":"2023-06-01T22:37:54+00:00","og_image":[{"width":1170,"height":700,"url":"https:\/\/regiaonews.net.br\/2022\/wp-content\/uploads\/2023\/04\/real_moeda_dinheiro_mcajr_2904223667.jpg","type":"image\/jpeg"}],"author":"Roberto","twitter_card":"summary_large_image","twitter_misc":{"Escrito por":"Roberto","Est. tempo de leitura":"3 minutos"},"schema":{"@context":"https:\/\/schema.org","@graph":[{"@type":"Article","@id":"https:\/\/regiaonews.net.br\/2022\/2023\/06\/01\/ppa-regioes-de-franca-e-barretos-encerram-discussoes-do-orcamento-do-estado-dos-proximos-anos\/#article","isPartOf":{"@id":"https:\/\/regiaonews.net.br\/2022\/2023\/06\/01\/ppa-regioes-de-franca-e-barretos-encerram-discussoes-do-orcamento-do-estado-dos-proximos-anos\/"},"author":{"name":"Roberto","@id":"https:\/\/regiaonews.net.br\/2022\/#\/schema\/person\/2d205a608a5aa97ac279d7a5e6d89ad8"},"headline":"PPA: regi\u00f5es de Franca e Barretos encerram discuss\u00f5es do Or\u00e7amento do Estado dos pr\u00f3ximos anos","datePublished":"2023-06-01T22:37:54+00:00","mainEntityOfPage":{"@id":"https:\/\/regiaonews.net.br\/2022\/2023\/06\/01\/ppa-regioes-de-franca-e-barretos-encerram-discussoes-do-orcamento-do-estado-dos-proximos-anos\/"},"wordCount":637,"commentCount":0,"publisher":{"@id":"https:\/\/regiaonews.net.br\/2022\/#organization"},"image":{"@id":"https:\/\/regiaonews.net.br\/2022\/2023\/06\/01\/ppa-regioes-de-franca-e-barretos-encerram-discussoes-do-orcamento-do-estado-dos-proximos-anos\/#primaryimage"},"thumbnailUrl":"https:\/\/regiaonews.net.br\/2022\/wp-content\/uploads\/2023\/04\/real_moeda_dinheiro_mcajr_2904223667.jpg","articleSection":["Estado de S\u00e3o Paulo"],"inLanguage":"pt-BR","potentialAction":[{"@type":"CommentAction","name":"Comment","target":["https:\/\/regiaonews.net.br\/2022\/2023\/06\/01\/ppa-regioes-de-franca-e-barretos-encerram-discussoes-do-orcamento-do-estado-dos-proximos-anos\/#respond"]}]},{"@type":"WebPage","@id":"https:\/\/regiaonews.net.br\/2022\/2023\/06\/01\/ppa-regioes-de-franca-e-barretos-encerram-discussoes-do-orcamento-do-estado-dos-proximos-anos\/","url":"https:\/\/regiaonews.net.br\/2022\/2023\/06\/01\/ppa-regioes-de-franca-e-barretos-encerram-discussoes-do-orcamento-do-estado-dos-proximos-anos\/","name":"PPA: regi\u00f5es de Franca e Barretos encerram discuss\u00f5es do Or\u00e7amento do Estado dos pr\u00f3ximos anos - Regi\u00e3o News","isPartOf":{"@id":"https:\/\/regiaonews.net.br\/2022\/#website"},"primaryImageOfPage":{"@id":"https:\/\/regiaonews.net.br\/2022\/2023\/06\/01\/ppa-regioes-de-franca-e-barretos-encerram-discussoes-do-orcamento-do-estado-dos-proximos-anos\/#primaryimage"},"image":{"@id":"https:\/\/regiaonews.net.br\/2022\/2023\/06\/01\/ppa-regioes-de-franca-e-barretos-encerram-discussoes-do-orcamento-do-estado-dos-proximos-anos\/#primaryimage"},"thumbnailUrl":"https:\/\/regiaonews.net.br\/2022\/wp-content\/uploads\/2023\/04\/real_moeda_dinheiro_mcajr_2904223667.jpg","datePublished":"2023-06-01T22:37:54+00:00","breadcrumb":{"@id":"https:\/\/regiaonews.net.br\/2022\/2023\/06\/01\/ppa-regioes-de-franca-e-barretos-encerram-discussoes-do-orcamento-do-estado-dos-proximos-anos\/#breadcrumb"},"inLanguage":"pt-BR","potentialAction":[{"@type":"ReadAction","target":["https:\/\/regiaonews.net.br\/2022\/2023\/06\/01\/ppa-regioes-de-franca-e-barretos-encerram-discussoes-do-orcamento-do-estado-dos-proximos-anos\/"]}]},{"@type":"ImageObject","inLanguage":"pt-BR","@id":"https:\/\/regiaonews.net.br\/2022\/2023\/06\/01\/ppa-regioes-de-franca-e-barretos-encerram-discussoes-do-orcamento-do-estado-dos-proximos-anos\/#primaryimage","url":"https:\/\/regiaonews.net.br\/2022\/wp-content\/uploads\/2023\/04\/real_moeda_dinheiro_mcajr_2904223667.jpg","contentUrl":"https:\/\/regiaonews.net.br\/2022\/wp-content\/uploads\/2023\/04\/real_moeda_dinheiro_mcajr_2904223667.jpg","width":1170,"height":700,"caption":"Real Moeda brasileira"},{"@type":"BreadcrumbList","@id":"https:\/\/regiaonews.net.br\/2022\/2023\/06\/01\/ppa-regioes-de-franca-e-barretos-encerram-discussoes-do-orcamento-do-estado-dos-proximos-anos\/#breadcrumb","itemListElement":[{"@type":"ListItem","position":1,"name":"In\u00edcio","item":"https:\/\/regiaonews.net.br\/2022\/"},{"@type":"ListItem","position":2,"name":"PPA: regi\u00f5es de Franca e Barretos encerram discuss\u00f5es do Or\u00e7amento do Estado dos pr\u00f3ximos anos"}]},{"@type":"WebSite","@id":"https:\/\/regiaonews.net.br\/2022\/#website","url":"https:\/\/regiaonews.net.br\/2022\/","name":"Regi\u00e3o News","description":"Site de Not\u00edcias de Barretos e regi\u00e3o","publisher":{"@id":"https:\/\/regiaonews.net.br\/2022\/#organization"},"potentialAction":[{"@type":"SearchAction","target":{"@type":"EntryPoint","urlTemplate":"https:\/\/regiaonews.net.br\/2022\/?s={search_term_string}"},"query-input":{"@type":"PropertyValueSpecification","valueRequired":true,"valueName":"search_term_string"}}],"inLanguage":"pt-BR"},{"@type":"Organization","@id":"https:\/\/regiaonews.net.br\/2022\/#organization","name":"Regi\u00e3o News","url":"https:\/\/regiaonews.net.br\/2022\/","logo":{"@type":"ImageObject","inLanguage":"pt-BR","@id":"https:\/\/regiaonews.net.br\/2022\/#\/schema\/logo\/image\/","url":"https:\/\/regiaonews.net.br\/2022\/wp-content\/uploads\/2026\/03\/regiao-13-anos-scaled.jpg","contentUrl":"https:\/\/regiaonews.net.br\/2022\/wp-content\/uploads\/2026\/03\/regiao-13-anos-scaled.jpg","width":2560,"height":635,"caption":"Regi\u00e3o News"},"image":{"@id":"https:\/\/regiaonews.net.br\/2022\/#\/schema\/logo\/image\/"}},{"@type":"Person","@id":"https:\/\/regiaonews.net.br\/2022\/#\/schema\/person\/2d205a608a5aa97ac279d7a5e6d89ad8","name":"Roberto","image":{"@type":"ImageObject","inLanguage":"pt-BR","@id":"https:\/\/secure.gravatar.com\/avatar\/42749d8b712ff9d59ca93dc150494e5b55a44134482993f5baeb97e61b7ecc89?s=96&d=mm&r=g","url":"https:\/\/secure.gravatar.com\/avatar\/42749d8b712ff9d59ca93dc150494e5b55a44134482993f5baeb97e61b7ecc89?s=96&d=mm&r=g","contentUrl":"https:\/\/secure.gravatar.com\/avatar\/42749d8b712ff9d59ca93dc150494e5b55a44134482993f5baeb97e61b7ecc89?s=96&d=mm&r=g","caption":"Roberto"},"url":"https:\/\/regiaonews.net.br\/2022\/author\/roberto\/"}]}},"publishpress_future_action":{"enabled":false,"date":"2026-05-03 05:51:56","action":"change-status","newStatus":"draft","terms":[],"taxonomy":"category","extraData":[]},"publishpress_future_workflow_manual_trigger":{"enabledWorkflows":[]},"_links":{"self":[{"href":"https:\/\/regiaonews.net.br\/2022\/wp-json\/wp\/v2\/posts\/89233","targetHints":{"allow":["GET"]}}],"collection":[{"href":"https:\/\/regiaonews.net.br\/2022\/wp-json\/wp\/v2\/posts"}],"about":[{"href":"https:\/\/regiaonews.net.br\/2022\/wp-json\/wp\/v2\/types\/post"}],"author":[{"embeddable":true,"href":"https:\/\/regiaonews.net.br\/2022\/wp-json\/wp\/v2\/users\/2"}],"replies":[{"embeddable":true,"href":"https:\/\/regiaonews.net.br\/2022\/wp-json\/wp\/v2\/comments?post=89233"}],"version-history":[{"count":1,"href":"https:\/\/regiaonews.net.br\/2022\/wp-json\/wp\/v2\/posts\/89233\/revisions"}],"predecessor-version":[{"id":89234,"href":"https:\/\/regiaonews.net.br\/2022\/wp-json\/wp\/v2\/posts\/89233\/revisions\/89234"}],"wp:featuredmedia":[{"embeddable":true,"href":"https:\/\/regiaonews.net.br\/2022\/wp-json\/wp\/v2\/media\/87274"}],"wp:attachment":[{"href":"https:\/\/regiaonews.net.br\/2022\/wp-json\/wp\/v2\/media?parent=89233"}],"wp:term":[{"taxonomy":"category","embeddable":true,"href":"https:\/\/regiaonews.net.br\/2022\/wp-json\/wp\/v2\/categories?post=89233"},{"taxonomy":"post_tag","embeddable":true,"href":"https:\/\/regiaonews.net.br\/2022\/wp-json\/wp\/v2\/tags?post=89233"}],"curies":[{"name":"wp","href":"https:\/\/api.w.org\/{rel}","templated":true}]}}