{"id":89208,"date":"2023-06-01T11:29:25","date_gmt":"2023-06-01T14:29:25","guid":{"rendered":"https:\/\/regiaonews.net.br\/2022\/?p=89208"},"modified":"2023-06-01T11:29:25","modified_gmt":"2023-06-01T14:29:25","slug":"empresas-varejistas-devem-aprender-com-erros-da-concorrencia-a-fim-de-evitar-dificuldades-no-futuro-diz-advogada","status":"publish","type":"post","link":"https:\/\/regiaonews.net.br\/2022\/2023\/06\/01\/empresas-varejistas-devem-aprender-com-erros-da-concorrencia-a-fim-de-evitar-dificuldades-no-futuro-diz-advogada\/","title":{"rendered":"\u201cEmpresas varejistas devem aprender com erros da concorr\u00eancia, a fim de evitar dificuldades no futuro\u201d, diz advogada"},"content":{"rendered":"<p>Recentemente, in\u00fameras empresas do setor varejista foram mencionadas pela imprensa, no sentido de rombos e quebras econ\u00f4micas. Empresas respeitadas pelo brasileiro, que causaram preocupa\u00e7\u00e3o pelas not\u00edcias divulgadas. O caso mais recente envolve o nome das Lojas Marisa, onde credores entraram na Justi\u00e7a com pedido de fal\u00eancia.<\/p>\n<p>De acordo com a advogada Ana Franco Toledo, todo empreendimento comercial est\u00e1 sujeito a risco, o qual \u00e9 ainda maior quando a atividade principal da empresa \u00e9 o com\u00e9rcio de produtos no varejo.<\/p>\n<p>&#8211; \u201cA necessidade de penetra\u00e7\u00e3o no mercado e amplia\u00e7\u00e3o do cr\u00e9dito s\u00e3o fatores que exp\u00f5em as empresas deste ramo \u00e0s oscila\u00e7\u00f5es do mercado de uma maneira bem forte. Isso sem mencionar que o setor sofreu direta e intensamente os abalos trazidos pela pandemia. Nas \u00faltimas semanas, tivemos not\u00edcias de rombos e quebras de v\u00e1rias das mais renomadas varejistas brasileiras, come\u00e7ando pelas Americanas, passando pela Tok Stok, Livraria Cultura e Marisa\u201d, explicou.<\/p>\n<p>Apesar de cada uma delas terem suas caracter\u00edsticas pr\u00f3prias, todas t\u00eam em comum o fato de parcelarem os seus produtos em muitas vezes, o que traz a elas uma exposi\u00e7\u00e3o maior aos juros, infla\u00e7\u00e3o, inadimpl\u00eancia e concorr\u00eancia, inclusive internacional, por parte de empresas tais como Amazon, Shoppee, Shein e outras. Isso faz com que as empresas acabem tendo problemas de fluxo de caixa, ou seja, a entrada de recursos n\u00e3o ocorre de maneira ou no tempo adequados para que elas possam honrar suas d\u00edvidas.<\/p>\n<p>Segundo a advogada, com a pandemia, o fechamento de postos de trabalho e de com\u00e9rcio, e n\u00e3o obstante os esfor\u00e7os de diversos governos para minimizar este impacto negativo, por meio de aux\u00edlios e incentivos, houve uma retra\u00e7\u00e3o e desestrutura\u00e7\u00e3o de toda a cadeia produtiva e de fornecimento, e as varejistas tiveram que se adaptar aos novos cen\u00e1rios, inclusive \u00e0 intensifica\u00e7\u00e3o do com\u00e9rcio digital. Empresas que conseguiram realizar este movimento a tempo, tais como a Magazine Luiza, Casas Bahia e outras, enfrentaram esses desafios com mais galhardia, mas outras, que n\u00e3o conseguiram fazer tais ajustes, tiveram que enfrentar, al\u00e9m das perdas trazidas pela pandemia, o bom desempenho dos varejistas estrangeiros com pre\u00e7os abaixo daqueles praticados no pa\u00eds.<\/p>\n<p>&#8211; \u201cO governo recentemente reestabeleceu a cobran\u00e7a de impostos sobre os produtos importados, a fim de diminuir a desvantagem que as varejistas brasileiras enfrentam com rela\u00e7\u00e3o aos sites estrangeiros.<br \/>\n\u00c9 de se questionar, tamb\u00e9m, a atua\u00e7\u00e3o das empresas de auditoria, que acompanharam por anos, por exemplo, o rombo das Americanas, sem apont\u00e1-lo adequadamente e a tempo ao mercado\u201d, ressaltou.<\/p>\n<p>Segundo ela, neste momento de ajustes da economia, vemos algumas varejistas, como a Riachuelo e Lojas Marisa, fechando lojas f\u00edsicas, demitindo pessoas e lutando para manterem suas atividades. Algumas, tais como a Livraria Cultura e a Amaro, pediram recupera\u00e7\u00e3o judicial. Outras, est\u00e3o evitando esses pedidos e tratando com credores para evitar pedidos de fal\u00eancia.<\/p>\n<p>&#8211; \u201cComo vimos, algumas empresas enfrentam problemas com o fluxo de caixa, gerados tamb\u00e9m pela retra\u00e7\u00e3o de segmentos do mercado, outras, sofreram com m\u00e1 gest\u00e3o e apura\u00e7\u00e3o de fraudes ou erros grosseiros de controle. A despeito de tudo isso, o varejo brasileiro, que j\u00e1 enfrentou crises nas d\u00e9cadas de 80 e 90, tem uma grande capacidade de se recuperar e se reinventar. O importante, para o empres\u00e1rio, \u00e9 adotar regras de governan\u00e7a e gest\u00e3o efetivas, capazes de mensurar os riscos e pontos fracos de seus neg\u00f3cios de forma que elas consigam contornar os obst\u00e1culos que as realidades financeira, econ\u00f4mica e cultural apresentam para este setor da economia\u201d,\u00a0finalizou.<\/p>\n","protected":false},"excerpt":{"rendered":"<p>Recentemente, in\u00fameras empresas do setor varejista foram mencionadas pela imprensa,<\/p>\n","protected":false},"author":2,"featured_media":89209,"comment_status":"open","ping_status":"open","sticky":false,"template":"","format":"standard","meta":{"footnotes":""},"categories":[14,3],"tags":[],"class_list":["post-89208","post","type-post","status-publish","format-standard","has-post-thumbnail","hentry","category-barretos","category-geral"],"yoast_head":"<!-- This site is optimized with the Yoast SEO plugin v27.4 - https:\/\/yoast.com\/product\/yoast-seo-wordpress\/ -->\n<title>\u201cEmpresas varejistas devem aprender com erros da concorr\u00eancia, a fim de evitar dificuldades no futuro\u201d, diz advogada - Regi\u00e3o News<\/title>\n<meta name=\"robots\" content=\"index, follow, max-snippet:-1, max-image-preview:large, max-video-preview:-1\" \/>\n<link rel=\"canonical\" href=\"https:\/\/regiaonews.net.br\/2022\/2023\/06\/01\/empresas-varejistas-devem-aprender-com-erros-da-concorrencia-a-fim-de-evitar-dificuldades-no-futuro-diz-advogada\/\" \/>\n<meta property=\"og:locale\" content=\"pt_BR\" \/>\n<meta property=\"og:type\" content=\"article\" \/>\n<meta property=\"og:title\" content=\"\u201cEmpresas varejistas devem aprender com erros da concorr\u00eancia, a fim de evitar dificuldades no futuro\u201d, diz advogada - Regi\u00e3o News\" \/>\n<meta property=\"og:description\" content=\"Recentemente, in\u00fameras empresas do setor varejista foram mencionadas pela imprensa,\" \/>\n<meta property=\"og:url\" content=\"https:\/\/regiaonews.net.br\/2022\/2023\/06\/01\/empresas-varejistas-devem-aprender-com-erros-da-concorrencia-a-fim-de-evitar-dificuldades-no-futuro-diz-advogada\/\" \/>\n<meta property=\"og:site_name\" content=\"Regi\u00e3o News\" \/>\n<meta property=\"article:published_time\" content=\"2023-06-01T14:29:25+00:00\" \/>\n<meta property=\"og:image\" content=\"https:\/\/regiaonews.net.br\/2022\/wp-content\/uploads\/2023\/06\/Imagem-do-WhatsApp-de-2023-06-01-as-11.15.19.jpg\" \/>\n\t<meta property=\"og:image:width\" content=\"640\" \/>\n\t<meta property=\"og:image:height\" content=\"640\" \/>\n\t<meta property=\"og:image:type\" content=\"image\/jpeg\" \/>\n<meta name=\"author\" content=\"Roberto\" \/>\n<meta name=\"twitter:card\" content=\"summary_large_image\" \/>\n<meta name=\"twitter:label1\" content=\"Escrito por\" \/>\n\t<meta name=\"twitter:data1\" content=\"Roberto\" \/>\n\t<meta name=\"twitter:label2\" content=\"Est. tempo de leitura\" \/>\n\t<meta name=\"twitter:data2\" content=\"4 minutos\" \/>\n<script type=\"application\/ld+json\" class=\"yoast-schema-graph\">{\"@context\":\"https:\\\/\\\/schema.org\",\"@graph\":[{\"@type\":\"Article\",\"@id\":\"https:\\\/\\\/regiaonews.net.br\\\/2022\\\/2023\\\/06\\\/01\\\/empresas-varejistas-devem-aprender-com-erros-da-concorrencia-a-fim-de-evitar-dificuldades-no-futuro-diz-advogada\\\/#article\",\"isPartOf\":{\"@id\":\"https:\\\/\\\/regiaonews.net.br\\\/2022\\\/2023\\\/06\\\/01\\\/empresas-varejistas-devem-aprender-com-erros-da-concorrencia-a-fim-de-evitar-dificuldades-no-futuro-diz-advogada\\\/\"},\"author\":{\"name\":\"Roberto\",\"@id\":\"https:\\\/\\\/regiaonews.net.br\\\/2022\\\/#\\\/schema\\\/person\\\/2d205a608a5aa97ac279d7a5e6d89ad8\"},\"headline\":\"\u201cEmpresas varejistas devem aprender com erros da concorr\u00eancia, a fim de evitar dificuldades no futuro\u201d, diz advogada\",\"datePublished\":\"2023-06-01T14:29:25+00:00\",\"mainEntityOfPage\":{\"@id\":\"https:\\\/\\\/regiaonews.net.br\\\/2022\\\/2023\\\/06\\\/01\\\/empresas-varejistas-devem-aprender-com-erros-da-concorrencia-a-fim-de-evitar-dificuldades-no-futuro-diz-advogada\\\/\"},\"wordCount\":640,\"commentCount\":0,\"publisher\":{\"@id\":\"https:\\\/\\\/regiaonews.net.br\\\/2022\\\/#organization\"},\"image\":{\"@id\":\"https:\\\/\\\/regiaonews.net.br\\\/2022\\\/2023\\\/06\\\/01\\\/empresas-varejistas-devem-aprender-com-erros-da-concorrencia-a-fim-de-evitar-dificuldades-no-futuro-diz-advogada\\\/#primaryimage\"},\"thumbnailUrl\":\"https:\\\/\\\/regiaonews.net.br\\\/2022\\\/wp-content\\\/uploads\\\/2023\\\/06\\\/Imagem-do-WhatsApp-de-2023-06-01-as-11.15.19.jpg\",\"articleSection\":[\"Barretos\",\"Geral\"],\"inLanguage\":\"pt-BR\",\"potentialAction\":[{\"@type\":\"CommentAction\",\"name\":\"Comment\",\"target\":[\"https:\\\/\\\/regiaonews.net.br\\\/2022\\\/2023\\\/06\\\/01\\\/empresas-varejistas-devem-aprender-com-erros-da-concorrencia-a-fim-de-evitar-dificuldades-no-futuro-diz-advogada\\\/#respond\"]}]},{\"@type\":\"WebPage\",\"@id\":\"https:\\\/\\\/regiaonews.net.br\\\/2022\\\/2023\\\/06\\\/01\\\/empresas-varejistas-devem-aprender-com-erros-da-concorrencia-a-fim-de-evitar-dificuldades-no-futuro-diz-advogada\\\/\",\"url\":\"https:\\\/\\\/regiaonews.net.br\\\/2022\\\/2023\\\/06\\\/01\\\/empresas-varejistas-devem-aprender-com-erros-da-concorrencia-a-fim-de-evitar-dificuldades-no-futuro-diz-advogada\\\/\",\"name\":\"\u201cEmpresas varejistas devem aprender com erros da concorr\u00eancia, a fim de evitar dificuldades no futuro\u201d, diz advogada - Regi\u00e3o News\",\"isPartOf\":{\"@id\":\"https:\\\/\\\/regiaonews.net.br\\\/2022\\\/#website\"},\"primaryImageOfPage\":{\"@id\":\"https:\\\/\\\/regiaonews.net.br\\\/2022\\\/2023\\\/06\\\/01\\\/empresas-varejistas-devem-aprender-com-erros-da-concorrencia-a-fim-de-evitar-dificuldades-no-futuro-diz-advogada\\\/#primaryimage\"},\"image\":{\"@id\":\"https:\\\/\\\/regiaonews.net.br\\\/2022\\\/2023\\\/06\\\/01\\\/empresas-varejistas-devem-aprender-com-erros-da-concorrencia-a-fim-de-evitar-dificuldades-no-futuro-diz-advogada\\\/#primaryimage\"},\"thumbnailUrl\":\"https:\\\/\\\/regiaonews.net.br\\\/2022\\\/wp-content\\\/uploads\\\/2023\\\/06\\\/Imagem-do-WhatsApp-de-2023-06-01-as-11.15.19.jpg\",\"datePublished\":\"2023-06-01T14:29:25+00:00\",\"breadcrumb\":{\"@id\":\"https:\\\/\\\/regiaonews.net.br\\\/2022\\\/2023\\\/06\\\/01\\\/empresas-varejistas-devem-aprender-com-erros-da-concorrencia-a-fim-de-evitar-dificuldades-no-futuro-diz-advogada\\\/#breadcrumb\"},\"inLanguage\":\"pt-BR\",\"potentialAction\":[{\"@type\":\"ReadAction\",\"target\":[\"https:\\\/\\\/regiaonews.net.br\\\/2022\\\/2023\\\/06\\\/01\\\/empresas-varejistas-devem-aprender-com-erros-da-concorrencia-a-fim-de-evitar-dificuldades-no-futuro-diz-advogada\\\/\"]}]},{\"@type\":\"ImageObject\",\"inLanguage\":\"pt-BR\",\"@id\":\"https:\\\/\\\/regiaonews.net.br\\\/2022\\\/2023\\\/06\\\/01\\\/empresas-varejistas-devem-aprender-com-erros-da-concorrencia-a-fim-de-evitar-dificuldades-no-futuro-diz-advogada\\\/#primaryimage\",\"url\":\"https:\\\/\\\/regiaonews.net.br\\\/2022\\\/wp-content\\\/uploads\\\/2023\\\/06\\\/Imagem-do-WhatsApp-de-2023-06-01-as-11.15.19.jpg\",\"contentUrl\":\"https:\\\/\\\/regiaonews.net.br\\\/2022\\\/wp-content\\\/uploads\\\/2023\\\/06\\\/Imagem-do-WhatsApp-de-2023-06-01-as-11.15.19.jpg\",\"width\":640,\"height\":640},{\"@type\":\"BreadcrumbList\",\"@id\":\"https:\\\/\\\/regiaonews.net.br\\\/2022\\\/2023\\\/06\\\/01\\\/empresas-varejistas-devem-aprender-com-erros-da-concorrencia-a-fim-de-evitar-dificuldades-no-futuro-diz-advogada\\\/#breadcrumb\",\"itemListElement\":[{\"@type\":\"ListItem\",\"position\":1,\"name\":\"In\u00edcio\",\"item\":\"https:\\\/\\\/regiaonews.net.br\\\/2022\\\/\"},{\"@type\":\"ListItem\",\"position\":2,\"name\":\"\u201cEmpresas varejistas devem aprender com erros da concorr\u00eancia, a fim de evitar dificuldades no futuro\u201d, diz advogada\"}]},{\"@type\":\"WebSite\",\"@id\":\"https:\\\/\\\/regiaonews.net.br\\\/2022\\\/#website\",\"url\":\"https:\\\/\\\/regiaonews.net.br\\\/2022\\\/\",\"name\":\"Regi\u00e3o News\",\"description\":\"Site de Not\u00edcias de Barretos e regi\u00e3o\",\"publisher\":{\"@id\":\"https:\\\/\\\/regiaonews.net.br\\\/2022\\\/#organization\"},\"potentialAction\":[{\"@type\":\"SearchAction\",\"target\":{\"@type\":\"EntryPoint\",\"urlTemplate\":\"https:\\\/\\\/regiaonews.net.br\\\/2022\\\/?s={search_term_string}\"},\"query-input\":{\"@type\":\"PropertyValueSpecification\",\"valueRequired\":true,\"valueName\":\"search_term_string\"}}],\"inLanguage\":\"pt-BR\"},{\"@type\":\"Organization\",\"@id\":\"https:\\\/\\\/regiaonews.net.br\\\/2022\\\/#organization\",\"name\":\"Regi\u00e3o News\",\"url\":\"https:\\\/\\\/regiaonews.net.br\\\/2022\\\/\",\"logo\":{\"@type\":\"ImageObject\",\"inLanguage\":\"pt-BR\",\"@id\":\"https:\\\/\\\/regiaonews.net.br\\\/2022\\\/#\\\/schema\\\/logo\\\/image\\\/\",\"url\":\"https:\\\/\\\/regiaonews.net.br\\\/2022\\\/wp-content\\\/uploads\\\/2026\\\/03\\\/regiao-13-anos-scaled.jpg\",\"contentUrl\":\"https:\\\/\\\/regiaonews.net.br\\\/2022\\\/wp-content\\\/uploads\\\/2026\\\/03\\\/regiao-13-anos-scaled.jpg\",\"width\":2560,\"height\":635,\"caption\":\"Regi\u00e3o News\"},\"image\":{\"@id\":\"https:\\\/\\\/regiaonews.net.br\\\/2022\\\/#\\\/schema\\\/logo\\\/image\\\/\"}},{\"@type\":\"Person\",\"@id\":\"https:\\\/\\\/regiaonews.net.br\\\/2022\\\/#\\\/schema\\\/person\\\/2d205a608a5aa97ac279d7a5e6d89ad8\",\"name\":\"Roberto\",\"image\":{\"@type\":\"ImageObject\",\"inLanguage\":\"pt-BR\",\"@id\":\"https:\\\/\\\/secure.gravatar.com\\\/avatar\\\/42749d8b712ff9d59ca93dc150494e5b55a44134482993f5baeb97e61b7ecc89?s=96&d=mm&r=g\",\"url\":\"https:\\\/\\\/secure.gravatar.com\\\/avatar\\\/42749d8b712ff9d59ca93dc150494e5b55a44134482993f5baeb97e61b7ecc89?s=96&d=mm&r=g\",\"contentUrl\":\"https:\\\/\\\/secure.gravatar.com\\\/avatar\\\/42749d8b712ff9d59ca93dc150494e5b55a44134482993f5baeb97e61b7ecc89?s=96&d=mm&r=g\",\"caption\":\"Roberto\"},\"url\":\"https:\\\/\\\/regiaonews.net.br\\\/2022\\\/author\\\/roberto\\\/\"}]}<\/script>\n<!-- \/ Yoast SEO plugin. -->","yoast_head_json":{"title":"\u201cEmpresas varejistas devem aprender com erros da concorr\u00eancia, a fim de evitar dificuldades no futuro\u201d, diz advogada - Regi\u00e3o News","robots":{"index":"index","follow":"follow","max-snippet":"max-snippet:-1","max-image-preview":"max-image-preview:large","max-video-preview":"max-video-preview:-1"},"canonical":"https:\/\/regiaonews.net.br\/2022\/2023\/06\/01\/empresas-varejistas-devem-aprender-com-erros-da-concorrencia-a-fim-de-evitar-dificuldades-no-futuro-diz-advogada\/","og_locale":"pt_BR","og_type":"article","og_title":"\u201cEmpresas varejistas devem aprender com erros da concorr\u00eancia, a fim de evitar dificuldades no futuro\u201d, diz advogada - Regi\u00e3o News","og_description":"Recentemente, in\u00fameras empresas do setor varejista foram mencionadas pela imprensa,","og_url":"https:\/\/regiaonews.net.br\/2022\/2023\/06\/01\/empresas-varejistas-devem-aprender-com-erros-da-concorrencia-a-fim-de-evitar-dificuldades-no-futuro-diz-advogada\/","og_site_name":"Regi\u00e3o News","article_published_time":"2023-06-01T14:29:25+00:00","og_image":[{"width":640,"height":640,"url":"https:\/\/regiaonews.net.br\/2022\/wp-content\/uploads\/2023\/06\/Imagem-do-WhatsApp-de-2023-06-01-as-11.15.19.jpg","type":"image\/jpeg"}],"author":"Roberto","twitter_card":"summary_large_image","twitter_misc":{"Escrito por":"Roberto","Est. tempo de leitura":"4 minutos"},"schema":{"@context":"https:\/\/schema.org","@graph":[{"@type":"Article","@id":"https:\/\/regiaonews.net.br\/2022\/2023\/06\/01\/empresas-varejistas-devem-aprender-com-erros-da-concorrencia-a-fim-de-evitar-dificuldades-no-futuro-diz-advogada\/#article","isPartOf":{"@id":"https:\/\/regiaonews.net.br\/2022\/2023\/06\/01\/empresas-varejistas-devem-aprender-com-erros-da-concorrencia-a-fim-de-evitar-dificuldades-no-futuro-diz-advogada\/"},"author":{"name":"Roberto","@id":"https:\/\/regiaonews.net.br\/2022\/#\/schema\/person\/2d205a608a5aa97ac279d7a5e6d89ad8"},"headline":"\u201cEmpresas varejistas devem aprender com erros da concorr\u00eancia, a fim de evitar dificuldades no futuro\u201d, diz advogada","datePublished":"2023-06-01T14:29:25+00:00","mainEntityOfPage":{"@id":"https:\/\/regiaonews.net.br\/2022\/2023\/06\/01\/empresas-varejistas-devem-aprender-com-erros-da-concorrencia-a-fim-de-evitar-dificuldades-no-futuro-diz-advogada\/"},"wordCount":640,"commentCount":0,"publisher":{"@id":"https:\/\/regiaonews.net.br\/2022\/#organization"},"image":{"@id":"https:\/\/regiaonews.net.br\/2022\/2023\/06\/01\/empresas-varejistas-devem-aprender-com-erros-da-concorrencia-a-fim-de-evitar-dificuldades-no-futuro-diz-advogada\/#primaryimage"},"thumbnailUrl":"https:\/\/regiaonews.net.br\/2022\/wp-content\/uploads\/2023\/06\/Imagem-do-WhatsApp-de-2023-06-01-as-11.15.19.jpg","articleSection":["Barretos","Geral"],"inLanguage":"pt-BR","potentialAction":[{"@type":"CommentAction","name":"Comment","target":["https:\/\/regiaonews.net.br\/2022\/2023\/06\/01\/empresas-varejistas-devem-aprender-com-erros-da-concorrencia-a-fim-de-evitar-dificuldades-no-futuro-diz-advogada\/#respond"]}]},{"@type":"WebPage","@id":"https:\/\/regiaonews.net.br\/2022\/2023\/06\/01\/empresas-varejistas-devem-aprender-com-erros-da-concorrencia-a-fim-de-evitar-dificuldades-no-futuro-diz-advogada\/","url":"https:\/\/regiaonews.net.br\/2022\/2023\/06\/01\/empresas-varejistas-devem-aprender-com-erros-da-concorrencia-a-fim-de-evitar-dificuldades-no-futuro-diz-advogada\/","name":"\u201cEmpresas varejistas devem aprender com erros da concorr\u00eancia, a fim de evitar dificuldades no futuro\u201d, diz advogada - Regi\u00e3o News","isPartOf":{"@id":"https:\/\/regiaonews.net.br\/2022\/#website"},"primaryImageOfPage":{"@id":"https:\/\/regiaonews.net.br\/2022\/2023\/06\/01\/empresas-varejistas-devem-aprender-com-erros-da-concorrencia-a-fim-de-evitar-dificuldades-no-futuro-diz-advogada\/#primaryimage"},"image":{"@id":"https:\/\/regiaonews.net.br\/2022\/2023\/06\/01\/empresas-varejistas-devem-aprender-com-erros-da-concorrencia-a-fim-de-evitar-dificuldades-no-futuro-diz-advogada\/#primaryimage"},"thumbnailUrl":"https:\/\/regiaonews.net.br\/2022\/wp-content\/uploads\/2023\/06\/Imagem-do-WhatsApp-de-2023-06-01-as-11.15.19.jpg","datePublished":"2023-06-01T14:29:25+00:00","breadcrumb":{"@id":"https:\/\/regiaonews.net.br\/2022\/2023\/06\/01\/empresas-varejistas-devem-aprender-com-erros-da-concorrencia-a-fim-de-evitar-dificuldades-no-futuro-diz-advogada\/#breadcrumb"},"inLanguage":"pt-BR","potentialAction":[{"@type":"ReadAction","target":["https:\/\/regiaonews.net.br\/2022\/2023\/06\/01\/empresas-varejistas-devem-aprender-com-erros-da-concorrencia-a-fim-de-evitar-dificuldades-no-futuro-diz-advogada\/"]}]},{"@type":"ImageObject","inLanguage":"pt-BR","@id":"https:\/\/regiaonews.net.br\/2022\/2023\/06\/01\/empresas-varejistas-devem-aprender-com-erros-da-concorrencia-a-fim-de-evitar-dificuldades-no-futuro-diz-advogada\/#primaryimage","url":"https:\/\/regiaonews.net.br\/2022\/wp-content\/uploads\/2023\/06\/Imagem-do-WhatsApp-de-2023-06-01-as-11.15.19.jpg","contentUrl":"https:\/\/regiaonews.net.br\/2022\/wp-content\/uploads\/2023\/06\/Imagem-do-WhatsApp-de-2023-06-01-as-11.15.19.jpg","width":640,"height":640},{"@type":"BreadcrumbList","@id":"https:\/\/regiaonews.net.br\/2022\/2023\/06\/01\/empresas-varejistas-devem-aprender-com-erros-da-concorrencia-a-fim-de-evitar-dificuldades-no-futuro-diz-advogada\/#breadcrumb","itemListElement":[{"@type":"ListItem","position":1,"name":"In\u00edcio","item":"https:\/\/regiaonews.net.br\/2022\/"},{"@type":"ListItem","position":2,"name":"\u201cEmpresas varejistas devem aprender com erros da concorr\u00eancia, a fim de evitar dificuldades no futuro\u201d, diz advogada"}]},{"@type":"WebSite","@id":"https:\/\/regiaonews.net.br\/2022\/#website","url":"https:\/\/regiaonews.net.br\/2022\/","name":"Regi\u00e3o News","description":"Site de Not\u00edcias de Barretos e regi\u00e3o","publisher":{"@id":"https:\/\/regiaonews.net.br\/2022\/#organization"},"potentialAction":[{"@type":"SearchAction","target":{"@type":"EntryPoint","urlTemplate":"https:\/\/regiaonews.net.br\/2022\/?s={search_term_string}"},"query-input":{"@type":"PropertyValueSpecification","valueRequired":true,"valueName":"search_term_string"}}],"inLanguage":"pt-BR"},{"@type":"Organization","@id":"https:\/\/regiaonews.net.br\/2022\/#organization","name":"Regi\u00e3o News","url":"https:\/\/regiaonews.net.br\/2022\/","logo":{"@type":"ImageObject","inLanguage":"pt-BR","@id":"https:\/\/regiaonews.net.br\/2022\/#\/schema\/logo\/image\/","url":"https:\/\/regiaonews.net.br\/2022\/wp-content\/uploads\/2026\/03\/regiao-13-anos-scaled.jpg","contentUrl":"https:\/\/regiaonews.net.br\/2022\/wp-content\/uploads\/2026\/03\/regiao-13-anos-scaled.jpg","width":2560,"height":635,"caption":"Regi\u00e3o News"},"image":{"@id":"https:\/\/regiaonews.net.br\/2022\/#\/schema\/logo\/image\/"}},{"@type":"Person","@id":"https:\/\/regiaonews.net.br\/2022\/#\/schema\/person\/2d205a608a5aa97ac279d7a5e6d89ad8","name":"Roberto","image":{"@type":"ImageObject","inLanguage":"pt-BR","@id":"https:\/\/secure.gravatar.com\/avatar\/42749d8b712ff9d59ca93dc150494e5b55a44134482993f5baeb97e61b7ecc89?s=96&d=mm&r=g","url":"https:\/\/secure.gravatar.com\/avatar\/42749d8b712ff9d59ca93dc150494e5b55a44134482993f5baeb97e61b7ecc89?s=96&d=mm&r=g","contentUrl":"https:\/\/secure.gravatar.com\/avatar\/42749d8b712ff9d59ca93dc150494e5b55a44134482993f5baeb97e61b7ecc89?s=96&d=mm&r=g","caption":"Roberto"},"url":"https:\/\/regiaonews.net.br\/2022\/author\/roberto\/"}]}},"publishpress_future_action":{"enabled":false,"date":"2026-05-03 14:02:27","action":"change-status","newStatus":"draft","terms":[],"taxonomy":"category","extraData":[]},"publishpress_future_workflow_manual_trigger":{"enabledWorkflows":[]},"_links":{"self":[{"href":"https:\/\/regiaonews.net.br\/2022\/wp-json\/wp\/v2\/posts\/89208","targetHints":{"allow":["GET"]}}],"collection":[{"href":"https:\/\/regiaonews.net.br\/2022\/wp-json\/wp\/v2\/posts"}],"about":[{"href":"https:\/\/regiaonews.net.br\/2022\/wp-json\/wp\/v2\/types\/post"}],"author":[{"embeddable":true,"href":"https:\/\/regiaonews.net.br\/2022\/wp-json\/wp\/v2\/users\/2"}],"replies":[{"embeddable":true,"href":"https:\/\/regiaonews.net.br\/2022\/wp-json\/wp\/v2\/comments?post=89208"}],"version-history":[{"count":1,"href":"https:\/\/regiaonews.net.br\/2022\/wp-json\/wp\/v2\/posts\/89208\/revisions"}],"predecessor-version":[{"id":89210,"href":"https:\/\/regiaonews.net.br\/2022\/wp-json\/wp\/v2\/posts\/89208\/revisions\/89210"}],"wp:featuredmedia":[{"embeddable":true,"href":"https:\/\/regiaonews.net.br\/2022\/wp-json\/wp\/v2\/media\/89209"}],"wp:attachment":[{"href":"https:\/\/regiaonews.net.br\/2022\/wp-json\/wp\/v2\/media?parent=89208"}],"wp:term":[{"taxonomy":"category","embeddable":true,"href":"https:\/\/regiaonews.net.br\/2022\/wp-json\/wp\/v2\/categories?post=89208"},{"taxonomy":"post_tag","embeddable":true,"href":"https:\/\/regiaonews.net.br\/2022\/wp-json\/wp\/v2\/tags?post=89208"}],"curies":[{"name":"wp","href":"https:\/\/api.w.org\/{rel}","templated":true}]}}