{"id":89205,"date":"2023-06-01T09:43:01","date_gmt":"2023-06-01T12:43:01","guid":{"rendered":"https:\/\/regiaonews.net.br\/2022\/?p=89205"},"modified":"2023-06-01T09:43:01","modified_gmt":"2023-06-01T12:43:01","slug":"operacao-da-policia-civil-faz-grande-apreensao-em-barretos","status":"publish","type":"post","link":"https:\/\/regiaonews.net.br\/2022\/2023\/06\/01\/operacao-da-policia-civil-faz-grande-apreensao-em-barretos\/","title":{"rendered":"Opera\u00e7\u00e3o da Pol\u00edcia Civil faz grande apreens\u00e3o em\u00a0Barretos"},"content":{"rendered":"<p>A Pol\u00edcia Civil, atrav\u00e9s dos policiais civis DISE de Barretos, deflagrou opera\u00e7\u00e3o policial nominada como \u201cApostasia\u201d, investiga\u00e7\u00e3o que se iniciou ap\u00f3s a pris\u00e3o em flagrante delito pelo crime de tr\u00e1fico de drogas, oportunidade em que era transportado 12 quilos de coca\u00edna pela Rodovia Assis Chateaubriand. Desse jeito, foi poss\u00edvel identificar um grupo criminoso voltado para o tr\u00e1fico de drogas e os criminosos eram dos munic\u00edpios de Bebedouro, Monte Azul Paulista, Gua\u00edra, Ribeir\u00e3o Preto e Mendon\u00e7a.<br \/>\nAo total nove pessoas foram investigadas por tr\u00e1fico e associa\u00e7\u00e3o para o tr\u00e1fico, tendo sido expedidos 10 mandados de busca e apreens\u00e3o e 06 de pris\u00e3o tempor\u00e1ria. Dos mandados de pris\u00e3o, quatro foram devidamente cumpridos.<br \/>\nNum dos locais alvo da busca, munic\u00edpio de Gua\u00edra, foi poss\u00edvel prender em flagrante duas pessoas e apreendidos 20,536 quilos de maconha, 231 gramas de coca\u00edna, 2 quilos de cafe\u00edna, um vidro de \u00e9ter e outro de acetona.<br \/>\nA opera\u00e7\u00e3o, al\u00e9m dos Policiais Civis da DISE, contou com o apoio de Policiais Civis das Delegacias de Pol\u00edcia de Altair, Ol\u00edmpia, Bebedouro, Colina, Gua\u00edra, DIG e CPJ de Barretos, 2\u00aa DISE\/DEIC de Ribeir\u00e3o Preto.<br \/>\nO efetivo empregado na opera\u00e7\u00e3o foram de 38 Policiais Civis\u00a0e\u00a012\u00a0viaturas.<\/p>\n","protected":false},"excerpt":{"rendered":"<p>A Pol\u00edcia Civil, atrav\u00e9s dos policiais civis DISE de Barretos,<\/p>\n","protected":false},"author":2,"featured_media":89206,"comment_status":"open","ping_status":"open","sticky":false,"template":"","format":"standard","meta":{"footnotes":""},"categories":[14,23],"tags":[],"class_list":["post-89205","post","type-post","status-publish","format-standard","has-post-thumbnail","hentry","category-barretos","category-policia"],"yoast_head":"<!-- This site is optimized with the Yoast SEO plugin v27.4 - https:\/\/yoast.com\/product\/yoast-seo-wordpress\/ -->\n<title>Opera\u00e7\u00e3o da Pol\u00edcia Civil faz grande apreens\u00e3o em\u00a0Barretos - Regi\u00e3o News<\/title>\n<meta name=\"robots\" content=\"index, follow, max-snippet:-1, max-image-preview:large, max-video-preview:-1\" \/>\n<link rel=\"canonical\" href=\"https:\/\/regiaonews.net.br\/2022\/2023\/06\/01\/operacao-da-policia-civil-faz-grande-apreensao-em-barretos\/\" \/>\n<meta property=\"og:locale\" content=\"pt_BR\" \/>\n<meta property=\"og:type\" content=\"article\" \/>\n<meta property=\"og:title\" content=\"Opera\u00e7\u00e3o da Pol\u00edcia Civil faz grande apreens\u00e3o em\u00a0Barretos - Regi\u00e3o News\" \/>\n<meta property=\"og:description\" content=\"A Pol\u00edcia Civil, atrav\u00e9s dos policiais civis DISE de Barretos,\" \/>\n<meta property=\"og:url\" content=\"https:\/\/regiaonews.net.br\/2022\/2023\/06\/01\/operacao-da-policia-civil-faz-grande-apreensao-em-barretos\/\" \/>\n<meta property=\"og:site_name\" content=\"Regi\u00e3o News\" \/>\n<meta property=\"article:published_time\" content=\"2023-06-01T12:43:01+00:00\" \/>\n<meta property=\"og:image\" content=\"https:\/\/regiaonews.net.br\/2022\/wp-content\/uploads\/2023\/06\/Imagem-do-WhatsApp-de-2023-06-01-as-09.37.30.jpg\" \/>\n\t<meta property=\"og:image:width\" content=\"1600\" \/>\n\t<meta property=\"og:image:height\" content=\"1200\" \/>\n\t<meta property=\"og:image:type\" content=\"image\/jpeg\" \/>\n<meta name=\"author\" content=\"Roberto\" \/>\n<meta name=\"twitter:card\" content=\"summary_large_image\" \/>\n<meta name=\"twitter:label1\" content=\"Escrito por\" \/>\n\t<meta name=\"twitter:data1\" content=\"Roberto\" \/>\n\t<meta name=\"twitter:label2\" content=\"Est. tempo de leitura\" \/>\n\t<meta name=\"twitter:data2\" content=\"2 minutos\" \/>\n<script type=\"application\/ld+json\" class=\"yoast-schema-graph\">{\"@context\":\"https:\\\/\\\/schema.org\",\"@graph\":[{\"@type\":\"Article\",\"@id\":\"https:\\\/\\\/regiaonews.net.br\\\/2022\\\/2023\\\/06\\\/01\\\/operacao-da-policia-civil-faz-grande-apreensao-em-barretos\\\/#article\",\"isPartOf\":{\"@id\":\"https:\\\/\\\/regiaonews.net.br\\\/2022\\\/2023\\\/06\\\/01\\\/operacao-da-policia-civil-faz-grande-apreensao-em-barretos\\\/\"},\"author\":{\"name\":\"Roberto\",\"@id\":\"https:\\\/\\\/regiaonews.net.br\\\/2022\\\/#\\\/schema\\\/person\\\/2d205a608a5aa97ac279d7a5e6d89ad8\"},\"headline\":\"Opera\u00e7\u00e3o da Pol\u00edcia Civil faz grande apreens\u00e3o em\u00a0Barretos\",\"datePublished\":\"2023-06-01T12:43:01+00:00\",\"mainEntityOfPage\":{\"@id\":\"https:\\\/\\\/regiaonews.net.br\\\/2022\\\/2023\\\/06\\\/01\\\/operacao-da-policia-civil-faz-grande-apreensao-em-barretos\\\/\"},\"wordCount\":233,\"commentCount\":0,\"publisher\":{\"@id\":\"https:\\\/\\\/regiaonews.net.br\\\/2022\\\/#organization\"},\"image\":{\"@id\":\"https:\\\/\\\/regiaonews.net.br\\\/2022\\\/2023\\\/06\\\/01\\\/operacao-da-policia-civil-faz-grande-apreensao-em-barretos\\\/#primaryimage\"},\"thumbnailUrl\":\"https:\\\/\\\/regiaonews.net.br\\\/2022\\\/wp-content\\\/uploads\\\/2023\\\/06\\\/Imagem-do-WhatsApp-de-2023-06-01-as-09.37.30.jpg\",\"articleSection\":[\"Barretos\",\"Policia\"],\"inLanguage\":\"pt-BR\",\"potentialAction\":[{\"@type\":\"CommentAction\",\"name\":\"Comment\",\"target\":[\"https:\\\/\\\/regiaonews.net.br\\\/2022\\\/2023\\\/06\\\/01\\\/operacao-da-policia-civil-faz-grande-apreensao-em-barretos\\\/#respond\"]}]},{\"@type\":\"WebPage\",\"@id\":\"https:\\\/\\\/regiaonews.net.br\\\/2022\\\/2023\\\/06\\\/01\\\/operacao-da-policia-civil-faz-grande-apreensao-em-barretos\\\/\",\"url\":\"https:\\\/\\\/regiaonews.net.br\\\/2022\\\/2023\\\/06\\\/01\\\/operacao-da-policia-civil-faz-grande-apreensao-em-barretos\\\/\",\"name\":\"Opera\u00e7\u00e3o da Pol\u00edcia Civil faz grande apreens\u00e3o em\u00a0Barretos - Regi\u00e3o News\",\"isPartOf\":{\"@id\":\"https:\\\/\\\/regiaonews.net.br\\\/2022\\\/#website\"},\"primaryImageOfPage\":{\"@id\":\"https:\\\/\\\/regiaonews.net.br\\\/2022\\\/2023\\\/06\\\/01\\\/operacao-da-policia-civil-faz-grande-apreensao-em-barretos\\\/#primaryimage\"},\"image\":{\"@id\":\"https:\\\/\\\/regiaonews.net.br\\\/2022\\\/2023\\\/06\\\/01\\\/operacao-da-policia-civil-faz-grande-apreensao-em-barretos\\\/#primaryimage\"},\"thumbnailUrl\":\"https:\\\/\\\/regiaonews.net.br\\\/2022\\\/wp-content\\\/uploads\\\/2023\\\/06\\\/Imagem-do-WhatsApp-de-2023-06-01-as-09.37.30.jpg\",\"datePublished\":\"2023-06-01T12:43:01+00:00\",\"breadcrumb\":{\"@id\":\"https:\\\/\\\/regiaonews.net.br\\\/2022\\\/2023\\\/06\\\/01\\\/operacao-da-policia-civil-faz-grande-apreensao-em-barretos\\\/#breadcrumb\"},\"inLanguage\":\"pt-BR\",\"potentialAction\":[{\"@type\":\"ReadAction\",\"target\":[\"https:\\\/\\\/regiaonews.net.br\\\/2022\\\/2023\\\/06\\\/01\\\/operacao-da-policia-civil-faz-grande-apreensao-em-barretos\\\/\"]}]},{\"@type\":\"ImageObject\",\"inLanguage\":\"pt-BR\",\"@id\":\"https:\\\/\\\/regiaonews.net.br\\\/2022\\\/2023\\\/06\\\/01\\\/operacao-da-policia-civil-faz-grande-apreensao-em-barretos\\\/#primaryimage\",\"url\":\"https:\\\/\\\/regiaonews.net.br\\\/2022\\\/wp-content\\\/uploads\\\/2023\\\/06\\\/Imagem-do-WhatsApp-de-2023-06-01-as-09.37.30.jpg\",\"contentUrl\":\"https:\\\/\\\/regiaonews.net.br\\\/2022\\\/wp-content\\\/uploads\\\/2023\\\/06\\\/Imagem-do-WhatsApp-de-2023-06-01-as-09.37.30.jpg\",\"width\":1600,\"height\":1200},{\"@type\":\"BreadcrumbList\",\"@id\":\"https:\\\/\\\/regiaonews.net.br\\\/2022\\\/2023\\\/06\\\/01\\\/operacao-da-policia-civil-faz-grande-apreensao-em-barretos\\\/#breadcrumb\",\"itemListElement\":[{\"@type\":\"ListItem\",\"position\":1,\"name\":\"In\u00edcio\",\"item\":\"https:\\\/\\\/regiaonews.net.br\\\/2022\\\/\"},{\"@type\":\"ListItem\",\"position\":2,\"name\":\"Opera\u00e7\u00e3o da Pol\u00edcia Civil faz grande apreens\u00e3o em\u00a0Barretos\"}]},{\"@type\":\"WebSite\",\"@id\":\"https:\\\/\\\/regiaonews.net.br\\\/2022\\\/#website\",\"url\":\"https:\\\/\\\/regiaonews.net.br\\\/2022\\\/\",\"name\":\"Regi\u00e3o News\",\"description\":\"Site de Not\u00edcias de Barretos e regi\u00e3o\",\"publisher\":{\"@id\":\"https:\\\/\\\/regiaonews.net.br\\\/2022\\\/#organization\"},\"potentialAction\":[{\"@type\":\"SearchAction\",\"target\":{\"@type\":\"EntryPoint\",\"urlTemplate\":\"https:\\\/\\\/regiaonews.net.br\\\/2022\\\/?s={search_term_string}\"},\"query-input\":{\"@type\":\"PropertyValueSpecification\",\"valueRequired\":true,\"valueName\":\"search_term_string\"}}],\"inLanguage\":\"pt-BR\"},{\"@type\":\"Organization\",\"@id\":\"https:\\\/\\\/regiaonews.net.br\\\/2022\\\/#organization\",\"name\":\"Regi\u00e3o News\",\"url\":\"https:\\\/\\\/regiaonews.net.br\\\/2022\\\/\",\"logo\":{\"@type\":\"ImageObject\",\"inLanguage\":\"pt-BR\",\"@id\":\"https:\\\/\\\/regiaonews.net.br\\\/2022\\\/#\\\/schema\\\/logo\\\/image\\\/\",\"url\":\"https:\\\/\\\/regiaonews.net.br\\\/2022\\\/wp-content\\\/uploads\\\/2026\\\/03\\\/regiao-13-anos-scaled.jpg\",\"contentUrl\":\"https:\\\/\\\/regiaonews.net.br\\\/2022\\\/wp-content\\\/uploads\\\/2026\\\/03\\\/regiao-13-anos-scaled.jpg\",\"width\":2560,\"height\":635,\"caption\":\"Regi\u00e3o News\"},\"image\":{\"@id\":\"https:\\\/\\\/regiaonews.net.br\\\/2022\\\/#\\\/schema\\\/logo\\\/image\\\/\"}},{\"@type\":\"Person\",\"@id\":\"https:\\\/\\\/regiaonews.net.br\\\/2022\\\/#\\\/schema\\\/person\\\/2d205a608a5aa97ac279d7a5e6d89ad8\",\"name\":\"Roberto\",\"image\":{\"@type\":\"ImageObject\",\"inLanguage\":\"pt-BR\",\"@id\":\"https:\\\/\\\/secure.gravatar.com\\\/avatar\\\/42749d8b712ff9d59ca93dc150494e5b55a44134482993f5baeb97e61b7ecc89?s=96&d=mm&r=g\",\"url\":\"https:\\\/\\\/secure.gravatar.com\\\/avatar\\\/42749d8b712ff9d59ca93dc150494e5b55a44134482993f5baeb97e61b7ecc89?s=96&d=mm&r=g\",\"contentUrl\":\"https:\\\/\\\/secure.gravatar.com\\\/avatar\\\/42749d8b712ff9d59ca93dc150494e5b55a44134482993f5baeb97e61b7ecc89?s=96&d=mm&r=g\",\"caption\":\"Roberto\"},\"url\":\"https:\\\/\\\/regiaonews.net.br\\\/2022\\\/author\\\/roberto\\\/\"}]}<\/script>\n<!-- \/ Yoast SEO plugin. -->","yoast_head_json":{"title":"Opera\u00e7\u00e3o da Pol\u00edcia Civil faz grande apreens\u00e3o em\u00a0Barretos - Regi\u00e3o News","robots":{"index":"index","follow":"follow","max-snippet":"max-snippet:-1","max-image-preview":"max-image-preview:large","max-video-preview":"max-video-preview:-1"},"canonical":"https:\/\/regiaonews.net.br\/2022\/2023\/06\/01\/operacao-da-policia-civil-faz-grande-apreensao-em-barretos\/","og_locale":"pt_BR","og_type":"article","og_title":"Opera\u00e7\u00e3o da Pol\u00edcia Civil faz grande apreens\u00e3o em\u00a0Barretos - Regi\u00e3o News","og_description":"A Pol\u00edcia Civil, atrav\u00e9s dos policiais civis DISE de Barretos,","og_url":"https:\/\/regiaonews.net.br\/2022\/2023\/06\/01\/operacao-da-policia-civil-faz-grande-apreensao-em-barretos\/","og_site_name":"Regi\u00e3o News","article_published_time":"2023-06-01T12:43:01+00:00","og_image":[{"width":1600,"height":1200,"url":"https:\/\/regiaonews.net.br\/2022\/wp-content\/uploads\/2023\/06\/Imagem-do-WhatsApp-de-2023-06-01-as-09.37.30.jpg","type":"image\/jpeg"}],"author":"Roberto","twitter_card":"summary_large_image","twitter_misc":{"Escrito por":"Roberto","Est. tempo de leitura":"2 minutos"},"schema":{"@context":"https:\/\/schema.org","@graph":[{"@type":"Article","@id":"https:\/\/regiaonews.net.br\/2022\/2023\/06\/01\/operacao-da-policia-civil-faz-grande-apreensao-em-barretos\/#article","isPartOf":{"@id":"https:\/\/regiaonews.net.br\/2022\/2023\/06\/01\/operacao-da-policia-civil-faz-grande-apreensao-em-barretos\/"},"author":{"name":"Roberto","@id":"https:\/\/regiaonews.net.br\/2022\/#\/schema\/person\/2d205a608a5aa97ac279d7a5e6d89ad8"},"headline":"Opera\u00e7\u00e3o da Pol\u00edcia Civil faz grande apreens\u00e3o em\u00a0Barretos","datePublished":"2023-06-01T12:43:01+00:00","mainEntityOfPage":{"@id":"https:\/\/regiaonews.net.br\/2022\/2023\/06\/01\/operacao-da-policia-civil-faz-grande-apreensao-em-barretos\/"},"wordCount":233,"commentCount":0,"publisher":{"@id":"https:\/\/regiaonews.net.br\/2022\/#organization"},"image":{"@id":"https:\/\/regiaonews.net.br\/2022\/2023\/06\/01\/operacao-da-policia-civil-faz-grande-apreensao-em-barretos\/#primaryimage"},"thumbnailUrl":"https:\/\/regiaonews.net.br\/2022\/wp-content\/uploads\/2023\/06\/Imagem-do-WhatsApp-de-2023-06-01-as-09.37.30.jpg","articleSection":["Barretos","Policia"],"inLanguage":"pt-BR","potentialAction":[{"@type":"CommentAction","name":"Comment","target":["https:\/\/regiaonews.net.br\/2022\/2023\/06\/01\/operacao-da-policia-civil-faz-grande-apreensao-em-barretos\/#respond"]}]},{"@type":"WebPage","@id":"https:\/\/regiaonews.net.br\/2022\/2023\/06\/01\/operacao-da-policia-civil-faz-grande-apreensao-em-barretos\/","url":"https:\/\/regiaonews.net.br\/2022\/2023\/06\/01\/operacao-da-policia-civil-faz-grande-apreensao-em-barretos\/","name":"Opera\u00e7\u00e3o da Pol\u00edcia Civil faz grande apreens\u00e3o em\u00a0Barretos - Regi\u00e3o News","isPartOf":{"@id":"https:\/\/regiaonews.net.br\/2022\/#website"},"primaryImageOfPage":{"@id":"https:\/\/regiaonews.net.br\/2022\/2023\/06\/01\/operacao-da-policia-civil-faz-grande-apreensao-em-barretos\/#primaryimage"},"image":{"@id":"https:\/\/regiaonews.net.br\/2022\/2023\/06\/01\/operacao-da-policia-civil-faz-grande-apreensao-em-barretos\/#primaryimage"},"thumbnailUrl":"https:\/\/regiaonews.net.br\/2022\/wp-content\/uploads\/2023\/06\/Imagem-do-WhatsApp-de-2023-06-01-as-09.37.30.jpg","datePublished":"2023-06-01T12:43:01+00:00","breadcrumb":{"@id":"https:\/\/regiaonews.net.br\/2022\/2023\/06\/01\/operacao-da-policia-civil-faz-grande-apreensao-em-barretos\/#breadcrumb"},"inLanguage":"pt-BR","potentialAction":[{"@type":"ReadAction","target":["https:\/\/regiaonews.net.br\/2022\/2023\/06\/01\/operacao-da-policia-civil-faz-grande-apreensao-em-barretos\/"]}]},{"@type":"ImageObject","inLanguage":"pt-BR","@id":"https:\/\/regiaonews.net.br\/2022\/2023\/06\/01\/operacao-da-policia-civil-faz-grande-apreensao-em-barretos\/#primaryimage","url":"https:\/\/regiaonews.net.br\/2022\/wp-content\/uploads\/2023\/06\/Imagem-do-WhatsApp-de-2023-06-01-as-09.37.30.jpg","contentUrl":"https:\/\/regiaonews.net.br\/2022\/wp-content\/uploads\/2023\/06\/Imagem-do-WhatsApp-de-2023-06-01-as-09.37.30.jpg","width":1600,"height":1200},{"@type":"BreadcrumbList","@id":"https:\/\/regiaonews.net.br\/2022\/2023\/06\/01\/operacao-da-policia-civil-faz-grande-apreensao-em-barretos\/#breadcrumb","itemListElement":[{"@type":"ListItem","position":1,"name":"In\u00edcio","item":"https:\/\/regiaonews.net.br\/2022\/"},{"@type":"ListItem","position":2,"name":"Opera\u00e7\u00e3o da Pol\u00edcia Civil faz grande apreens\u00e3o em\u00a0Barretos"}]},{"@type":"WebSite","@id":"https:\/\/regiaonews.net.br\/2022\/#website","url":"https:\/\/regiaonews.net.br\/2022\/","name":"Regi\u00e3o News","description":"Site de Not\u00edcias de Barretos e regi\u00e3o","publisher":{"@id":"https:\/\/regiaonews.net.br\/2022\/#organization"},"potentialAction":[{"@type":"SearchAction","target":{"@type":"EntryPoint","urlTemplate":"https:\/\/regiaonews.net.br\/2022\/?s={search_term_string}"},"query-input":{"@type":"PropertyValueSpecification","valueRequired":true,"valueName":"search_term_string"}}],"inLanguage":"pt-BR"},{"@type":"Organization","@id":"https:\/\/regiaonews.net.br\/2022\/#organization","name":"Regi\u00e3o News","url":"https:\/\/regiaonews.net.br\/2022\/","logo":{"@type":"ImageObject","inLanguage":"pt-BR","@id":"https:\/\/regiaonews.net.br\/2022\/#\/schema\/logo\/image\/","url":"https:\/\/regiaonews.net.br\/2022\/wp-content\/uploads\/2026\/03\/regiao-13-anos-scaled.jpg","contentUrl":"https:\/\/regiaonews.net.br\/2022\/wp-content\/uploads\/2026\/03\/regiao-13-anos-scaled.jpg","width":2560,"height":635,"caption":"Regi\u00e3o News"},"image":{"@id":"https:\/\/regiaonews.net.br\/2022\/#\/schema\/logo\/image\/"}},{"@type":"Person","@id":"https:\/\/regiaonews.net.br\/2022\/#\/schema\/person\/2d205a608a5aa97ac279d7a5e6d89ad8","name":"Roberto","image":{"@type":"ImageObject","inLanguage":"pt-BR","@id":"https:\/\/secure.gravatar.com\/avatar\/42749d8b712ff9d59ca93dc150494e5b55a44134482993f5baeb97e61b7ecc89?s=96&d=mm&r=g","url":"https:\/\/secure.gravatar.com\/avatar\/42749d8b712ff9d59ca93dc150494e5b55a44134482993f5baeb97e61b7ecc89?s=96&d=mm&r=g","contentUrl":"https:\/\/secure.gravatar.com\/avatar\/42749d8b712ff9d59ca93dc150494e5b55a44134482993f5baeb97e61b7ecc89?s=96&d=mm&r=g","caption":"Roberto"},"url":"https:\/\/regiaonews.net.br\/2022\/author\/roberto\/"}]}},"publishpress_future_action":{"enabled":false,"date":"2026-05-03 15:33:44","action":"change-status","newStatus":"draft","terms":[],"taxonomy":"category","extraData":[]},"publishpress_future_workflow_manual_trigger":{"enabledWorkflows":[]},"_links":{"self":[{"href":"https:\/\/regiaonews.net.br\/2022\/wp-json\/wp\/v2\/posts\/89205","targetHints":{"allow":["GET"]}}],"collection":[{"href":"https:\/\/regiaonews.net.br\/2022\/wp-json\/wp\/v2\/posts"}],"about":[{"href":"https:\/\/regiaonews.net.br\/2022\/wp-json\/wp\/v2\/types\/post"}],"author":[{"embeddable":true,"href":"https:\/\/regiaonews.net.br\/2022\/wp-json\/wp\/v2\/users\/2"}],"replies":[{"embeddable":true,"href":"https:\/\/regiaonews.net.br\/2022\/wp-json\/wp\/v2\/comments?post=89205"}],"version-history":[{"count":1,"href":"https:\/\/regiaonews.net.br\/2022\/wp-json\/wp\/v2\/posts\/89205\/revisions"}],"predecessor-version":[{"id":89207,"href":"https:\/\/regiaonews.net.br\/2022\/wp-json\/wp\/v2\/posts\/89205\/revisions\/89207"}],"wp:featuredmedia":[{"embeddable":true,"href":"https:\/\/regiaonews.net.br\/2022\/wp-json\/wp\/v2\/media\/89206"}],"wp:attachment":[{"href":"https:\/\/regiaonews.net.br\/2022\/wp-json\/wp\/v2\/media?parent=89205"}],"wp:term":[{"taxonomy":"category","embeddable":true,"href":"https:\/\/regiaonews.net.br\/2022\/wp-json\/wp\/v2\/categories?post=89205"},{"taxonomy":"post_tag","embeddable":true,"href":"https:\/\/regiaonews.net.br\/2022\/wp-json\/wp\/v2\/tags?post=89205"}],"curies":[{"name":"wp","href":"https:\/\/api.w.org\/{rel}","templated":true}]}}