{"id":89184,"date":"2023-05-31T23:47:24","date_gmt":"2023-06-01T02:47:24","guid":{"rendered":"https:\/\/regiaonews.net.br\/2022\/?p=89184"},"modified":"2023-05-31T23:52:38","modified_gmt":"2023-06-01T02:52:38","slug":"palmeiras-classificado-e-santos-e-eliminado-nos-penaltis","status":"publish","type":"post","link":"https:\/\/regiaonews.net.br\/2022\/2023\/05\/31\/palmeiras-classificado-e-santos-e-eliminado-nos-penaltis\/","title":{"rendered":"Copa do Brasil: Palmeiras classificado e Santos sai  nos p\u00eanaltis"},"content":{"rendered":"<p>Foto &#8211; C\u00e9sar Greco<\/p>\n<p>O Palmeiras est\u00e1 classificado \u00e0s quartas de final da Copa do Brasil de 2023. Depois de vencer o jogo de ida, disputado em S\u00e3o Paulo, pelo placar de 3 a 0, o time de Abel Ferreira at\u00e9 foi derrotado pelo Fortaleza, na Arena Castel\u00e3o, por 1 a 0, mas mesmo assim carimbou a vaga para a pr\u00f3xima fase do torneio.<\/p>\n<p>Al\u00e9m da classifica\u00e7\u00e3o \u00e0s quartas de final, o Palmeiras tamb\u00e9m embolsou R$ 4,3 milh\u00f5es como pr\u00eamio. Agora, o novo advers\u00e1rio do mata-mata ser\u00e1 conhecido posteriormente em um sorteio que ser\u00e1 realizado pela CBF nas pr\u00f3ximas semanas. J\u00e1 ao Fortaleza resta apenas a disputa do Brasileir\u00e3o e Sul-Americana.<\/p>\n<p>Santos<\/p>\n<p>Nos p\u00eanaltis, o Santos acabou eliminado na Copa do Brasil para o Bahia, nas oitavas de finais. Depois de um 0 a 0 na Vila Belmiro na ida, os times empataram novamente na noite desta quarta-feira, por 1 a 1, na Arena Fonte Nova, e a vaga foi decidida na marca da cal. Bruno Mezenga, que empatou o duelo nos acr\u00e9scimos, perdeu o p\u00eanalti derradeiro e o Santos acabou derrotado por 4 a 3.<\/p>\n<p>Eliminado, o Santos volta suas aten\u00e7\u00f5es para o Campeonato Brasileiro e Copa Sul-Americana. J\u00e1 o Bahia, aguarda\u00a0o sorteio para saber quem ser\u00e1 o seu oponente nas quartas de finais.<\/p>\n","protected":false},"excerpt":{"rendered":"<p>Foto &#8211; C\u00e9sar Greco O Palmeiras est\u00e1 classificado \u00e0s quartas<\/p>\n","protected":false},"author":2,"featured_media":89188,"comment_status":"open","ping_status":"open","sticky":false,"template":"","format":"standard","meta":{"footnotes":""},"categories":[144,21],"tags":[],"class_list":["post-89184","post","type-post","status-publish","format-standard","has-post-thumbnail","hentry","category-copa-do-brasil","category-esporte"],"yoast_head":"<!-- This site is optimized with the Yoast SEO plugin v27.4 - https:\/\/yoast.com\/product\/yoast-seo-wordpress\/ -->\n<title>Copa do Brasil: Palmeiras classificado e Santos sai nos p\u00eanaltis - Regi\u00e3o News<\/title>\n<meta name=\"robots\" content=\"index, follow, max-snippet:-1, max-image-preview:large, max-video-preview:-1\" \/>\n<link rel=\"canonical\" href=\"https:\/\/regiaonews.net.br\/2022\/2023\/05\/31\/palmeiras-classificado-e-santos-e-eliminado-nos-penaltis\/\" \/>\n<meta property=\"og:locale\" content=\"pt_BR\" \/>\n<meta property=\"og:type\" content=\"article\" \/>\n<meta property=\"og:title\" content=\"Copa do Brasil: Palmeiras classificado e Santos sai nos p\u00eanaltis - Regi\u00e3o News\" \/>\n<meta property=\"og:description\" content=\"Foto &#8211; C\u00e9sar Greco O Palmeiras est\u00e1 classificado \u00e0s quartas\" \/>\n<meta property=\"og:url\" content=\"https:\/\/regiaonews.net.br\/2022\/2023\/05\/31\/palmeiras-classificado-e-santos-e-eliminado-nos-penaltis\/\" \/>\n<meta property=\"og:site_name\" content=\"Regi\u00e3o News\" \/>\n<meta property=\"article:published_time\" content=\"2023-06-01T02:47:24+00:00\" \/>\n<meta property=\"article:modified_time\" content=\"2023-06-01T02:52:38+00:00\" \/>\n<meta property=\"og:image\" content=\"https:\/\/regiaonews.net.br\/2022\/wp-content\/uploads\/2023\/05\/52940972757_902af67df1_z.jpg\" \/>\n\t<meta property=\"og:image:width\" content=\"639\" \/>\n\t<meta property=\"og:image:height\" content=\"577\" \/>\n\t<meta property=\"og:image:type\" content=\"image\/jpeg\" \/>\n<meta name=\"author\" content=\"Roberto\" \/>\n<meta name=\"twitter:card\" content=\"summary_large_image\" \/>\n<meta name=\"twitter:label1\" content=\"Escrito por\" \/>\n\t<meta name=\"twitter:data1\" content=\"Roberto\" \/>\n\t<meta name=\"twitter:label2\" content=\"Est. tempo de leitura\" \/>\n\t<meta name=\"twitter:data2\" content=\"2 minutos\" \/>\n<script type=\"application\/ld+json\" class=\"yoast-schema-graph\">{\"@context\":\"https:\\\/\\\/schema.org\",\"@graph\":[{\"@type\":\"Article\",\"@id\":\"https:\\\/\\\/regiaonews.net.br\\\/2022\\\/2023\\\/05\\\/31\\\/palmeiras-classificado-e-santos-e-eliminado-nos-penaltis\\\/#article\",\"isPartOf\":{\"@id\":\"https:\\\/\\\/regiaonews.net.br\\\/2022\\\/2023\\\/05\\\/31\\\/palmeiras-classificado-e-santos-e-eliminado-nos-penaltis\\\/\"},\"author\":{\"name\":\"Roberto\",\"@id\":\"https:\\\/\\\/regiaonews.net.br\\\/2022\\\/#\\\/schema\\\/person\\\/2d205a608a5aa97ac279d7a5e6d89ad8\"},\"headline\":\"Copa do Brasil: Palmeiras classificado e Santos sai nos p\u00eanaltis\",\"datePublished\":\"2023-06-01T02:47:24+00:00\",\"dateModified\":\"2023-06-01T02:52:38+00:00\",\"mainEntityOfPage\":{\"@id\":\"https:\\\/\\\/regiaonews.net.br\\\/2022\\\/2023\\\/05\\\/31\\\/palmeiras-classificado-e-santos-e-eliminado-nos-penaltis\\\/\"},\"wordCount\":231,\"commentCount\":0,\"publisher\":{\"@id\":\"https:\\\/\\\/regiaonews.net.br\\\/2022\\\/#organization\"},\"image\":{\"@id\":\"https:\\\/\\\/regiaonews.net.br\\\/2022\\\/2023\\\/05\\\/31\\\/palmeiras-classificado-e-santos-e-eliminado-nos-penaltis\\\/#primaryimage\"},\"thumbnailUrl\":\"https:\\\/\\\/regiaonews.net.br\\\/2022\\\/wp-content\\\/uploads\\\/2023\\\/05\\\/52940972757_902af67df1_z.jpg\",\"articleSection\":[\"Copa do Brasil\",\"Esporte\"],\"inLanguage\":\"pt-BR\",\"potentialAction\":[{\"@type\":\"CommentAction\",\"name\":\"Comment\",\"target\":[\"https:\\\/\\\/regiaonews.net.br\\\/2022\\\/2023\\\/05\\\/31\\\/palmeiras-classificado-e-santos-e-eliminado-nos-penaltis\\\/#respond\"]}]},{\"@type\":\"WebPage\",\"@id\":\"https:\\\/\\\/regiaonews.net.br\\\/2022\\\/2023\\\/05\\\/31\\\/palmeiras-classificado-e-santos-e-eliminado-nos-penaltis\\\/\",\"url\":\"https:\\\/\\\/regiaonews.net.br\\\/2022\\\/2023\\\/05\\\/31\\\/palmeiras-classificado-e-santos-e-eliminado-nos-penaltis\\\/\",\"name\":\"Copa do Brasil: Palmeiras classificado e Santos sai nos p\u00eanaltis - Regi\u00e3o News\",\"isPartOf\":{\"@id\":\"https:\\\/\\\/regiaonews.net.br\\\/2022\\\/#website\"},\"primaryImageOfPage\":{\"@id\":\"https:\\\/\\\/regiaonews.net.br\\\/2022\\\/2023\\\/05\\\/31\\\/palmeiras-classificado-e-santos-e-eliminado-nos-penaltis\\\/#primaryimage\"},\"image\":{\"@id\":\"https:\\\/\\\/regiaonews.net.br\\\/2022\\\/2023\\\/05\\\/31\\\/palmeiras-classificado-e-santos-e-eliminado-nos-penaltis\\\/#primaryimage\"},\"thumbnailUrl\":\"https:\\\/\\\/regiaonews.net.br\\\/2022\\\/wp-content\\\/uploads\\\/2023\\\/05\\\/52940972757_902af67df1_z.jpg\",\"datePublished\":\"2023-06-01T02:47:24+00:00\",\"dateModified\":\"2023-06-01T02:52:38+00:00\",\"breadcrumb\":{\"@id\":\"https:\\\/\\\/regiaonews.net.br\\\/2022\\\/2023\\\/05\\\/31\\\/palmeiras-classificado-e-santos-e-eliminado-nos-penaltis\\\/#breadcrumb\"},\"inLanguage\":\"pt-BR\",\"potentialAction\":[{\"@type\":\"ReadAction\",\"target\":[\"https:\\\/\\\/regiaonews.net.br\\\/2022\\\/2023\\\/05\\\/31\\\/palmeiras-classificado-e-santos-e-eliminado-nos-penaltis\\\/\"]}]},{\"@type\":\"ImageObject\",\"inLanguage\":\"pt-BR\",\"@id\":\"https:\\\/\\\/regiaonews.net.br\\\/2022\\\/2023\\\/05\\\/31\\\/palmeiras-classificado-e-santos-e-eliminado-nos-penaltis\\\/#primaryimage\",\"url\":\"https:\\\/\\\/regiaonews.net.br\\\/2022\\\/wp-content\\\/uploads\\\/2023\\\/05\\\/52940972757_902af67df1_z.jpg\",\"contentUrl\":\"https:\\\/\\\/regiaonews.net.br\\\/2022\\\/wp-content\\\/uploads\\\/2023\\\/05\\\/52940972757_902af67df1_z.jpg\",\"width\":639,\"height\":577},{\"@type\":\"BreadcrumbList\",\"@id\":\"https:\\\/\\\/regiaonews.net.br\\\/2022\\\/2023\\\/05\\\/31\\\/palmeiras-classificado-e-santos-e-eliminado-nos-penaltis\\\/#breadcrumb\",\"itemListElement\":[{\"@type\":\"ListItem\",\"position\":1,\"name\":\"In\u00edcio\",\"item\":\"https:\\\/\\\/regiaonews.net.br\\\/2022\\\/\"},{\"@type\":\"ListItem\",\"position\":2,\"name\":\"Copa do Brasil: Palmeiras classificado e Santos sai nos p\u00eanaltis\"}]},{\"@type\":\"WebSite\",\"@id\":\"https:\\\/\\\/regiaonews.net.br\\\/2022\\\/#website\",\"url\":\"https:\\\/\\\/regiaonews.net.br\\\/2022\\\/\",\"name\":\"Regi\u00e3o News\",\"description\":\"Site de Not\u00edcias de Barretos e regi\u00e3o\",\"publisher\":{\"@id\":\"https:\\\/\\\/regiaonews.net.br\\\/2022\\\/#organization\"},\"potentialAction\":[{\"@type\":\"SearchAction\",\"target\":{\"@type\":\"EntryPoint\",\"urlTemplate\":\"https:\\\/\\\/regiaonews.net.br\\\/2022\\\/?s={search_term_string}\"},\"query-input\":{\"@type\":\"PropertyValueSpecification\",\"valueRequired\":true,\"valueName\":\"search_term_string\"}}],\"inLanguage\":\"pt-BR\"},{\"@type\":\"Organization\",\"@id\":\"https:\\\/\\\/regiaonews.net.br\\\/2022\\\/#organization\",\"name\":\"Regi\u00e3o News\",\"url\":\"https:\\\/\\\/regiaonews.net.br\\\/2022\\\/\",\"logo\":{\"@type\":\"ImageObject\",\"inLanguage\":\"pt-BR\",\"@id\":\"https:\\\/\\\/regiaonews.net.br\\\/2022\\\/#\\\/schema\\\/logo\\\/image\\\/\",\"url\":\"https:\\\/\\\/regiaonews.net.br\\\/2022\\\/wp-content\\\/uploads\\\/2026\\\/03\\\/regiao-13-anos-scaled.jpg\",\"contentUrl\":\"https:\\\/\\\/regiaonews.net.br\\\/2022\\\/wp-content\\\/uploads\\\/2026\\\/03\\\/regiao-13-anos-scaled.jpg\",\"width\":2560,\"height\":635,\"caption\":\"Regi\u00e3o News\"},\"image\":{\"@id\":\"https:\\\/\\\/regiaonews.net.br\\\/2022\\\/#\\\/schema\\\/logo\\\/image\\\/\"}},{\"@type\":\"Person\",\"@id\":\"https:\\\/\\\/regiaonews.net.br\\\/2022\\\/#\\\/schema\\\/person\\\/2d205a608a5aa97ac279d7a5e6d89ad8\",\"name\":\"Roberto\",\"image\":{\"@type\":\"ImageObject\",\"inLanguage\":\"pt-BR\",\"@id\":\"https:\\\/\\\/secure.gravatar.com\\\/avatar\\\/42749d8b712ff9d59ca93dc150494e5b55a44134482993f5baeb97e61b7ecc89?s=96&d=mm&r=g\",\"url\":\"https:\\\/\\\/secure.gravatar.com\\\/avatar\\\/42749d8b712ff9d59ca93dc150494e5b55a44134482993f5baeb97e61b7ecc89?s=96&d=mm&r=g\",\"contentUrl\":\"https:\\\/\\\/secure.gravatar.com\\\/avatar\\\/42749d8b712ff9d59ca93dc150494e5b55a44134482993f5baeb97e61b7ecc89?s=96&d=mm&r=g\",\"caption\":\"Roberto\"},\"url\":\"https:\\\/\\\/regiaonews.net.br\\\/2022\\\/author\\\/roberto\\\/\"}]}<\/script>\n<!-- \/ Yoast SEO plugin. -->","yoast_head_json":{"title":"Copa do Brasil: Palmeiras classificado e Santos sai nos p\u00eanaltis - Regi\u00e3o News","robots":{"index":"index","follow":"follow","max-snippet":"max-snippet:-1","max-image-preview":"max-image-preview:large","max-video-preview":"max-video-preview:-1"},"canonical":"https:\/\/regiaonews.net.br\/2022\/2023\/05\/31\/palmeiras-classificado-e-santos-e-eliminado-nos-penaltis\/","og_locale":"pt_BR","og_type":"article","og_title":"Copa do Brasil: Palmeiras classificado e Santos sai nos p\u00eanaltis - Regi\u00e3o News","og_description":"Foto &#8211; C\u00e9sar Greco O Palmeiras est\u00e1 classificado \u00e0s quartas","og_url":"https:\/\/regiaonews.net.br\/2022\/2023\/05\/31\/palmeiras-classificado-e-santos-e-eliminado-nos-penaltis\/","og_site_name":"Regi\u00e3o News","article_published_time":"2023-06-01T02:47:24+00:00","article_modified_time":"2023-06-01T02:52:38+00:00","og_image":[{"width":639,"height":577,"url":"https:\/\/regiaonews.net.br\/2022\/wp-content\/uploads\/2023\/05\/52940972757_902af67df1_z.jpg","type":"image\/jpeg"}],"author":"Roberto","twitter_card":"summary_large_image","twitter_misc":{"Escrito por":"Roberto","Est. tempo de leitura":"2 minutos"},"schema":{"@context":"https:\/\/schema.org","@graph":[{"@type":"Article","@id":"https:\/\/regiaonews.net.br\/2022\/2023\/05\/31\/palmeiras-classificado-e-santos-e-eliminado-nos-penaltis\/#article","isPartOf":{"@id":"https:\/\/regiaonews.net.br\/2022\/2023\/05\/31\/palmeiras-classificado-e-santos-e-eliminado-nos-penaltis\/"},"author":{"name":"Roberto","@id":"https:\/\/regiaonews.net.br\/2022\/#\/schema\/person\/2d205a608a5aa97ac279d7a5e6d89ad8"},"headline":"Copa do Brasil: Palmeiras classificado e Santos sai nos p\u00eanaltis","datePublished":"2023-06-01T02:47:24+00:00","dateModified":"2023-06-01T02:52:38+00:00","mainEntityOfPage":{"@id":"https:\/\/regiaonews.net.br\/2022\/2023\/05\/31\/palmeiras-classificado-e-santos-e-eliminado-nos-penaltis\/"},"wordCount":231,"commentCount":0,"publisher":{"@id":"https:\/\/regiaonews.net.br\/2022\/#organization"},"image":{"@id":"https:\/\/regiaonews.net.br\/2022\/2023\/05\/31\/palmeiras-classificado-e-santos-e-eliminado-nos-penaltis\/#primaryimage"},"thumbnailUrl":"https:\/\/regiaonews.net.br\/2022\/wp-content\/uploads\/2023\/05\/52940972757_902af67df1_z.jpg","articleSection":["Copa do Brasil","Esporte"],"inLanguage":"pt-BR","potentialAction":[{"@type":"CommentAction","name":"Comment","target":["https:\/\/regiaonews.net.br\/2022\/2023\/05\/31\/palmeiras-classificado-e-santos-e-eliminado-nos-penaltis\/#respond"]}]},{"@type":"WebPage","@id":"https:\/\/regiaonews.net.br\/2022\/2023\/05\/31\/palmeiras-classificado-e-santos-e-eliminado-nos-penaltis\/","url":"https:\/\/regiaonews.net.br\/2022\/2023\/05\/31\/palmeiras-classificado-e-santos-e-eliminado-nos-penaltis\/","name":"Copa do Brasil: Palmeiras classificado e Santos sai nos p\u00eanaltis - Regi\u00e3o News","isPartOf":{"@id":"https:\/\/regiaonews.net.br\/2022\/#website"},"primaryImageOfPage":{"@id":"https:\/\/regiaonews.net.br\/2022\/2023\/05\/31\/palmeiras-classificado-e-santos-e-eliminado-nos-penaltis\/#primaryimage"},"image":{"@id":"https:\/\/regiaonews.net.br\/2022\/2023\/05\/31\/palmeiras-classificado-e-santos-e-eliminado-nos-penaltis\/#primaryimage"},"thumbnailUrl":"https:\/\/regiaonews.net.br\/2022\/wp-content\/uploads\/2023\/05\/52940972757_902af67df1_z.jpg","datePublished":"2023-06-01T02:47:24+00:00","dateModified":"2023-06-01T02:52:38+00:00","breadcrumb":{"@id":"https:\/\/regiaonews.net.br\/2022\/2023\/05\/31\/palmeiras-classificado-e-santos-e-eliminado-nos-penaltis\/#breadcrumb"},"inLanguage":"pt-BR","potentialAction":[{"@type":"ReadAction","target":["https:\/\/regiaonews.net.br\/2022\/2023\/05\/31\/palmeiras-classificado-e-santos-e-eliminado-nos-penaltis\/"]}]},{"@type":"ImageObject","inLanguage":"pt-BR","@id":"https:\/\/regiaonews.net.br\/2022\/2023\/05\/31\/palmeiras-classificado-e-santos-e-eliminado-nos-penaltis\/#primaryimage","url":"https:\/\/regiaonews.net.br\/2022\/wp-content\/uploads\/2023\/05\/52940972757_902af67df1_z.jpg","contentUrl":"https:\/\/regiaonews.net.br\/2022\/wp-content\/uploads\/2023\/05\/52940972757_902af67df1_z.jpg","width":639,"height":577},{"@type":"BreadcrumbList","@id":"https:\/\/regiaonews.net.br\/2022\/2023\/05\/31\/palmeiras-classificado-e-santos-e-eliminado-nos-penaltis\/#breadcrumb","itemListElement":[{"@type":"ListItem","position":1,"name":"In\u00edcio","item":"https:\/\/regiaonews.net.br\/2022\/"},{"@type":"ListItem","position":2,"name":"Copa do Brasil: Palmeiras classificado e Santos sai nos p\u00eanaltis"}]},{"@type":"WebSite","@id":"https:\/\/regiaonews.net.br\/2022\/#website","url":"https:\/\/regiaonews.net.br\/2022\/","name":"Regi\u00e3o News","description":"Site de Not\u00edcias de Barretos e regi\u00e3o","publisher":{"@id":"https:\/\/regiaonews.net.br\/2022\/#organization"},"potentialAction":[{"@type":"SearchAction","target":{"@type":"EntryPoint","urlTemplate":"https:\/\/regiaonews.net.br\/2022\/?s={search_term_string}"},"query-input":{"@type":"PropertyValueSpecification","valueRequired":true,"valueName":"search_term_string"}}],"inLanguage":"pt-BR"},{"@type":"Organization","@id":"https:\/\/regiaonews.net.br\/2022\/#organization","name":"Regi\u00e3o News","url":"https:\/\/regiaonews.net.br\/2022\/","logo":{"@type":"ImageObject","inLanguage":"pt-BR","@id":"https:\/\/regiaonews.net.br\/2022\/#\/schema\/logo\/image\/","url":"https:\/\/regiaonews.net.br\/2022\/wp-content\/uploads\/2026\/03\/regiao-13-anos-scaled.jpg","contentUrl":"https:\/\/regiaonews.net.br\/2022\/wp-content\/uploads\/2026\/03\/regiao-13-anos-scaled.jpg","width":2560,"height":635,"caption":"Regi\u00e3o News"},"image":{"@id":"https:\/\/regiaonews.net.br\/2022\/#\/schema\/logo\/image\/"}},{"@type":"Person","@id":"https:\/\/regiaonews.net.br\/2022\/#\/schema\/person\/2d205a608a5aa97ac279d7a5e6d89ad8","name":"Roberto","image":{"@type":"ImageObject","inLanguage":"pt-BR","@id":"https:\/\/secure.gravatar.com\/avatar\/42749d8b712ff9d59ca93dc150494e5b55a44134482993f5baeb97e61b7ecc89?s=96&d=mm&r=g","url":"https:\/\/secure.gravatar.com\/avatar\/42749d8b712ff9d59ca93dc150494e5b55a44134482993f5baeb97e61b7ecc89?s=96&d=mm&r=g","contentUrl":"https:\/\/secure.gravatar.com\/avatar\/42749d8b712ff9d59ca93dc150494e5b55a44134482993f5baeb97e61b7ecc89?s=96&d=mm&r=g","caption":"Roberto"},"url":"https:\/\/regiaonews.net.br\/2022\/author\/roberto\/"}]}},"publishpress_future_action":{"enabled":false,"date":"2026-05-03 20:41:44","action":"change-status","newStatus":"draft","terms":[],"taxonomy":"category","extraData":[]},"publishpress_future_workflow_manual_trigger":{"enabledWorkflows":[]},"_links":{"self":[{"href":"https:\/\/regiaonews.net.br\/2022\/wp-json\/wp\/v2\/posts\/89184","targetHints":{"allow":["GET"]}}],"collection":[{"href":"https:\/\/regiaonews.net.br\/2022\/wp-json\/wp\/v2\/posts"}],"about":[{"href":"https:\/\/regiaonews.net.br\/2022\/wp-json\/wp\/v2\/types\/post"}],"author":[{"embeddable":true,"href":"https:\/\/regiaonews.net.br\/2022\/wp-json\/wp\/v2\/users\/2"}],"replies":[{"embeddable":true,"href":"https:\/\/regiaonews.net.br\/2022\/wp-json\/wp\/v2\/comments?post=89184"}],"version-history":[{"count":4,"href":"https:\/\/regiaonews.net.br\/2022\/wp-json\/wp\/v2\/posts\/89184\/revisions"}],"predecessor-version":[{"id":89189,"href":"https:\/\/regiaonews.net.br\/2022\/wp-json\/wp\/v2\/posts\/89184\/revisions\/89189"}],"wp:featuredmedia":[{"embeddable":true,"href":"https:\/\/regiaonews.net.br\/2022\/wp-json\/wp\/v2\/media\/89188"}],"wp:attachment":[{"href":"https:\/\/regiaonews.net.br\/2022\/wp-json\/wp\/v2\/media?parent=89184"}],"wp:term":[{"taxonomy":"category","embeddable":true,"href":"https:\/\/regiaonews.net.br\/2022\/wp-json\/wp\/v2\/categories?post=89184"},{"taxonomy":"post_tag","embeddable":true,"href":"https:\/\/regiaonews.net.br\/2022\/wp-json\/wp\/v2\/tags?post=89184"}],"curies":[{"name":"wp","href":"https:\/\/api.w.org\/{rel}","templated":true}]}}