{"id":89178,"date":"2023-05-31T19:42:33","date_gmt":"2023-05-31T22:42:33","guid":{"rendered":"https:\/\/regiaonews.net.br\/2022\/?p=89178"},"modified":"2023-05-31T19:42:33","modified_gmt":"2023-05-31T22:42:33","slug":"bom-prato-movel-conclui-primeiro-mes-de-atendimento-no-barretos-2","status":"publish","type":"post","link":"https:\/\/regiaonews.net.br\/2022\/2023\/05\/31\/bom-prato-movel-conclui-primeiro-mes-de-atendimento-no-barretos-2\/","title":{"rendered":"Bom Prato M\u00f3vel conclui primeiro m\u00eas de atendimento no Barretos 2"},"content":{"rendered":"<p>&nbsp;<\/p>\n<p>Mais de 7 mil refei\u00e7\u00f5es foram oferecidas at\u00e9 o momento; unidade permanecer\u00e1 no bairro at\u00e9 o m\u00eas de agosto<\/p>\n<p>O Bom Prato M\u00f3vel conclui o primeiro m\u00eas fornecendo 400 refei\u00e7\u00f5es por dia no almo\u00e7o no Bairro Barretos 2, de segunda a sexta-feira, a R$ 1 cada. O atendimento descentralizado do Bom Prato na Est\u00e2ncia Tur\u00edstica de Barretos come\u00e7ou em setembro de 2022 e, deste ent\u00e3o, este \u00e9 o terceiro local em que o caminh\u00e3o se instala para permanecer por quatro meses. Neste primeiro m\u00eas, j\u00e1 foram servidas mais de 7 mil refei\u00e7\u00f5es no novo endere\u00e7o.<\/p>\n<p>A prefeita Paula Lemos acompanhou nesta quarta-feira, 31, o atendimento do servi\u00e7o aos moradores dessa regi\u00e3o da cidade. \u201cFiz quest\u00e3o de vir ver de perto como esse servi\u00e7o est\u00e1 fazendo a diferen\u00e7a na vida das pessoas em mais uma regi\u00e3o da nossa cidade. Bom demais ver tanta gente podendo comer uma feijoada em um dia mais friozinho como hoje\u201d, afirmou. \u201cO alimento fornecido pelo Bom Prato tem excelente qualidade e para n\u00f3s \u00e9 muito gratificante poder manter a cada dia esse servi\u00e7o em nossa cidade, na parceira entre o Estado e a Prefeitura, que garante uma refei\u00e7\u00e3o balanceada a pre\u00e7o acess\u00edvel para 1.500 barretenses por dia\u201d, destacou. Paula refor\u00e7ou o agradecimento \u00e0s nutricionistas, cozinheiros e a toda equipe do Bom Prato por tamb\u00e9m se empenharem diariamente em garantir a qualidade das refei\u00e7\u00f5es servidas \u00e0 popula\u00e7\u00e3o.<\/p>\n<p>A secret\u00e1ria municipal de Assist\u00eancia Social e Desenvolvimento Humano, Vit\u00f3ria Saretta, tamb\u00e9m acompanhou o fornecimento das refei\u00e7\u00f5es. \u201cAtuando junto com a equipe do Bom Prato, e atendendo ao pedido da prefeita Paula, temos feito todo o esfor\u00e7o para levar esses alimentos, com extrema qualidade, para perto das pessoas que mais est\u00e3o precisando, e podemos constatar que est\u00e1 sendo muito relevante a atua\u00e7\u00e3o neste novo endere\u00e7o\u201d, destacou.<\/p>\n<p>O coordenador do Bom Prato, Kleber Gomes, tamb\u00e9m celebrou o primeiro m\u00eas de atua\u00e7\u00e3o do servi\u00e7o m\u00f3vel no novo endere\u00e7o. \u201cServimos aqui 400 pessoas, que ficam absolutamente alimentadas. As refei\u00e7\u00f5es s\u00e3o montadas na nossa unidade fixa, acondicionamos nessas caixas box, que n\u00e3o perdem temperatura, e trazemos at\u00e9 as pessoas\u201d, explica. Kleber lembra que, ainda na a\u00e7\u00e3o conjunta entre o Estado e o Munic\u00edpio, outras 1.100 refei\u00e7\u00f5es s\u00e3o servidas no almo\u00e7o na unidade fixa, perto do Hospital de Amor (H.A.), tamb\u00e9m a R$ 1 cada, e 300 caf\u00e9s da manh\u00e3, a 50 centavos cada.<\/p>\n<p>A dona de casa Maria Aparecida Cardoso, 62, conta que \u00e9 dif\u00edcil acontecer de ela ir para a regi\u00e3o do H.A., onde fica a unidade fixa, mas que j\u00e1 tinha conhecido naquela unidade a qualidade das refei\u00e7\u00f5es fornecidas pelo Bom Prato. \u201cQuando tenho que ir para aquele lado para fazer algo, j\u00e1 almocei l\u00e1. \u00c9 muito bom. Ficou \u00f3timo o Bom Prato M\u00f3vel aqui e com a qualidade excelente\u201d, destacou.<br \/>\nMorador do Bairro Dom Bosco, Jos\u00e9 Reinaldo Pereira da Silva, de 66 anos, tamb\u00e9m est\u00e1 aproveitando da instala\u00e7\u00e3o do Bom Prato M\u00f3vel no novo endere\u00e7o. \u201cJ\u00e1 como de sexta-feira l\u00e1 no pr\u00e9dio deles, quando vou no Hospital. E agora aqui tamb\u00e9m. \u00c9 \u00f3timo\u201d, afirmou.<br \/>\nDurante a fase de atendimento no Bairro Barretos 2, o caminh\u00e3o do Bom Prato M\u00f3vel fica estacionado na Rua C\u00e2ndido Jos\u00e9 de Paula, n.\u00ba 40, cruzamento com a Avenida Jos\u00e9 Am\u00eandola Neto, at\u00e9 o fim de agosto, servindo as refei\u00e7\u00f5es a partir das 10h30.<\/p>\n","protected":false},"excerpt":{"rendered":"<p>&nbsp; Mais de 7 mil refei\u00e7\u00f5es foram oferecidas at\u00e9 o<\/p>\n","protected":false},"author":2,"featured_media":89179,"comment_status":"open","ping_status":"open","sticky":false,"template":"","format":"standard","meta":{"footnotes":""},"categories":[14,25],"tags":[],"class_list":["post-89178","post","type-post","status-publish","format-standard","has-post-thumbnail","hentry","category-barretos","category-cidades"],"yoast_head":"<!-- This site is optimized with the Yoast SEO plugin v27.4 - https:\/\/yoast.com\/product\/yoast-seo-wordpress\/ -->\n<title>Bom Prato M\u00f3vel conclui primeiro m\u00eas de atendimento no Barretos 2 - Regi\u00e3o News<\/title>\n<meta name=\"robots\" content=\"index, follow, max-snippet:-1, max-image-preview:large, max-video-preview:-1\" \/>\n<link rel=\"canonical\" href=\"https:\/\/regiaonews.net.br\/2022\/2023\/05\/31\/bom-prato-movel-conclui-primeiro-mes-de-atendimento-no-barretos-2\/\" \/>\n<meta property=\"og:locale\" content=\"pt_BR\" \/>\n<meta property=\"og:type\" content=\"article\" \/>\n<meta property=\"og:title\" content=\"Bom Prato M\u00f3vel conclui primeiro m\u00eas de atendimento no Barretos 2 - Regi\u00e3o News\" \/>\n<meta property=\"og:description\" content=\"&nbsp; Mais de 7 mil refei\u00e7\u00f5es foram oferecidas at\u00e9 o\" \/>\n<meta property=\"og:url\" content=\"https:\/\/regiaonews.net.br\/2022\/2023\/05\/31\/bom-prato-movel-conclui-primeiro-mes-de-atendimento-no-barretos-2\/\" \/>\n<meta property=\"og:site_name\" content=\"Regi\u00e3o News\" \/>\n<meta property=\"article:published_time\" content=\"2023-05-31T22:42:33+00:00\" \/>\n<meta property=\"og:image\" content=\"https:\/\/regiaonews.net.br\/2022\/wp-content\/uploads\/2023\/05\/WhatsApp-Image-2023-05-31-at-17.26.38.jpeg\" \/>\n\t<meta property=\"og:image:width\" content=\"1592\" \/>\n\t<meta property=\"og:image:height\" content=\"1060\" \/>\n\t<meta property=\"og:image:type\" content=\"image\/jpeg\" \/>\n<meta name=\"author\" content=\"Roberto\" \/>\n<meta name=\"twitter:card\" content=\"summary_large_image\" \/>\n<meta name=\"twitter:label1\" content=\"Escrito por\" \/>\n\t<meta name=\"twitter:data1\" content=\"Roberto\" \/>\n\t<meta name=\"twitter:label2\" content=\"Est. tempo de leitura\" \/>\n\t<meta name=\"twitter:data2\" content=\"4 minutos\" \/>\n<script type=\"application\/ld+json\" class=\"yoast-schema-graph\">{\"@context\":\"https:\\\/\\\/schema.org\",\"@graph\":[{\"@type\":\"Article\",\"@id\":\"https:\\\/\\\/regiaonews.net.br\\\/2022\\\/2023\\\/05\\\/31\\\/bom-prato-movel-conclui-primeiro-mes-de-atendimento-no-barretos-2\\\/#article\",\"isPartOf\":{\"@id\":\"https:\\\/\\\/regiaonews.net.br\\\/2022\\\/2023\\\/05\\\/31\\\/bom-prato-movel-conclui-primeiro-mes-de-atendimento-no-barretos-2\\\/\"},\"author\":{\"name\":\"Roberto\",\"@id\":\"https:\\\/\\\/regiaonews.net.br\\\/2022\\\/#\\\/schema\\\/person\\\/2d205a608a5aa97ac279d7a5e6d89ad8\"},\"headline\":\"Bom Prato M\u00f3vel conclui primeiro m\u00eas de atendimento no Barretos 2\",\"datePublished\":\"2023-05-31T22:42:33+00:00\",\"mainEntityOfPage\":{\"@id\":\"https:\\\/\\\/regiaonews.net.br\\\/2022\\\/2023\\\/05\\\/31\\\/bom-prato-movel-conclui-primeiro-mes-de-atendimento-no-barretos-2\\\/\"},\"wordCount\":608,\"commentCount\":0,\"publisher\":{\"@id\":\"https:\\\/\\\/regiaonews.net.br\\\/2022\\\/#organization\"},\"image\":{\"@id\":\"https:\\\/\\\/regiaonews.net.br\\\/2022\\\/2023\\\/05\\\/31\\\/bom-prato-movel-conclui-primeiro-mes-de-atendimento-no-barretos-2\\\/#primaryimage\"},\"thumbnailUrl\":\"https:\\\/\\\/regiaonews.net.br\\\/2022\\\/wp-content\\\/uploads\\\/2023\\\/05\\\/WhatsApp-Image-2023-05-31-at-17.26.38.jpeg\",\"articleSection\":[\"Barretos\",\"Cidades\"],\"inLanguage\":\"pt-BR\",\"potentialAction\":[{\"@type\":\"CommentAction\",\"name\":\"Comment\",\"target\":[\"https:\\\/\\\/regiaonews.net.br\\\/2022\\\/2023\\\/05\\\/31\\\/bom-prato-movel-conclui-primeiro-mes-de-atendimento-no-barretos-2\\\/#respond\"]}]},{\"@type\":\"WebPage\",\"@id\":\"https:\\\/\\\/regiaonews.net.br\\\/2022\\\/2023\\\/05\\\/31\\\/bom-prato-movel-conclui-primeiro-mes-de-atendimento-no-barretos-2\\\/\",\"url\":\"https:\\\/\\\/regiaonews.net.br\\\/2022\\\/2023\\\/05\\\/31\\\/bom-prato-movel-conclui-primeiro-mes-de-atendimento-no-barretos-2\\\/\",\"name\":\"Bom Prato M\u00f3vel conclui primeiro m\u00eas de atendimento no Barretos 2 - Regi\u00e3o News\",\"isPartOf\":{\"@id\":\"https:\\\/\\\/regiaonews.net.br\\\/2022\\\/#website\"},\"primaryImageOfPage\":{\"@id\":\"https:\\\/\\\/regiaonews.net.br\\\/2022\\\/2023\\\/05\\\/31\\\/bom-prato-movel-conclui-primeiro-mes-de-atendimento-no-barretos-2\\\/#primaryimage\"},\"image\":{\"@id\":\"https:\\\/\\\/regiaonews.net.br\\\/2022\\\/2023\\\/05\\\/31\\\/bom-prato-movel-conclui-primeiro-mes-de-atendimento-no-barretos-2\\\/#primaryimage\"},\"thumbnailUrl\":\"https:\\\/\\\/regiaonews.net.br\\\/2022\\\/wp-content\\\/uploads\\\/2023\\\/05\\\/WhatsApp-Image-2023-05-31-at-17.26.38.jpeg\",\"datePublished\":\"2023-05-31T22:42:33+00:00\",\"breadcrumb\":{\"@id\":\"https:\\\/\\\/regiaonews.net.br\\\/2022\\\/2023\\\/05\\\/31\\\/bom-prato-movel-conclui-primeiro-mes-de-atendimento-no-barretos-2\\\/#breadcrumb\"},\"inLanguage\":\"pt-BR\",\"potentialAction\":[{\"@type\":\"ReadAction\",\"target\":[\"https:\\\/\\\/regiaonews.net.br\\\/2022\\\/2023\\\/05\\\/31\\\/bom-prato-movel-conclui-primeiro-mes-de-atendimento-no-barretos-2\\\/\"]}]},{\"@type\":\"ImageObject\",\"inLanguage\":\"pt-BR\",\"@id\":\"https:\\\/\\\/regiaonews.net.br\\\/2022\\\/2023\\\/05\\\/31\\\/bom-prato-movel-conclui-primeiro-mes-de-atendimento-no-barretos-2\\\/#primaryimage\",\"url\":\"https:\\\/\\\/regiaonews.net.br\\\/2022\\\/wp-content\\\/uploads\\\/2023\\\/05\\\/WhatsApp-Image-2023-05-31-at-17.26.38.jpeg\",\"contentUrl\":\"https:\\\/\\\/regiaonews.net.br\\\/2022\\\/wp-content\\\/uploads\\\/2023\\\/05\\\/WhatsApp-Image-2023-05-31-at-17.26.38.jpeg\",\"width\":1592,\"height\":1060},{\"@type\":\"BreadcrumbList\",\"@id\":\"https:\\\/\\\/regiaonews.net.br\\\/2022\\\/2023\\\/05\\\/31\\\/bom-prato-movel-conclui-primeiro-mes-de-atendimento-no-barretos-2\\\/#breadcrumb\",\"itemListElement\":[{\"@type\":\"ListItem\",\"position\":1,\"name\":\"In\u00edcio\",\"item\":\"https:\\\/\\\/regiaonews.net.br\\\/2022\\\/\"},{\"@type\":\"ListItem\",\"position\":2,\"name\":\"Bom Prato M\u00f3vel conclui primeiro m\u00eas de atendimento no Barretos 2\"}]},{\"@type\":\"WebSite\",\"@id\":\"https:\\\/\\\/regiaonews.net.br\\\/2022\\\/#website\",\"url\":\"https:\\\/\\\/regiaonews.net.br\\\/2022\\\/\",\"name\":\"Regi\u00e3o News\",\"description\":\"Site de Not\u00edcias de Barretos e regi\u00e3o\",\"publisher\":{\"@id\":\"https:\\\/\\\/regiaonews.net.br\\\/2022\\\/#organization\"},\"potentialAction\":[{\"@type\":\"SearchAction\",\"target\":{\"@type\":\"EntryPoint\",\"urlTemplate\":\"https:\\\/\\\/regiaonews.net.br\\\/2022\\\/?s={search_term_string}\"},\"query-input\":{\"@type\":\"PropertyValueSpecification\",\"valueRequired\":true,\"valueName\":\"search_term_string\"}}],\"inLanguage\":\"pt-BR\"},{\"@type\":\"Organization\",\"@id\":\"https:\\\/\\\/regiaonews.net.br\\\/2022\\\/#organization\",\"name\":\"Regi\u00e3o News\",\"url\":\"https:\\\/\\\/regiaonews.net.br\\\/2022\\\/\",\"logo\":{\"@type\":\"ImageObject\",\"inLanguage\":\"pt-BR\",\"@id\":\"https:\\\/\\\/regiaonews.net.br\\\/2022\\\/#\\\/schema\\\/logo\\\/image\\\/\",\"url\":\"https:\\\/\\\/regiaonews.net.br\\\/2022\\\/wp-content\\\/uploads\\\/2026\\\/03\\\/regiao-13-anos-scaled.jpg\",\"contentUrl\":\"https:\\\/\\\/regiaonews.net.br\\\/2022\\\/wp-content\\\/uploads\\\/2026\\\/03\\\/regiao-13-anos-scaled.jpg\",\"width\":2560,\"height\":635,\"caption\":\"Regi\u00e3o News\"},\"image\":{\"@id\":\"https:\\\/\\\/regiaonews.net.br\\\/2022\\\/#\\\/schema\\\/logo\\\/image\\\/\"}},{\"@type\":\"Person\",\"@id\":\"https:\\\/\\\/regiaonews.net.br\\\/2022\\\/#\\\/schema\\\/person\\\/2d205a608a5aa97ac279d7a5e6d89ad8\",\"name\":\"Roberto\",\"image\":{\"@type\":\"ImageObject\",\"inLanguage\":\"pt-BR\",\"@id\":\"https:\\\/\\\/secure.gravatar.com\\\/avatar\\\/42749d8b712ff9d59ca93dc150494e5b55a44134482993f5baeb97e61b7ecc89?s=96&d=mm&r=g\",\"url\":\"https:\\\/\\\/secure.gravatar.com\\\/avatar\\\/42749d8b712ff9d59ca93dc150494e5b55a44134482993f5baeb97e61b7ecc89?s=96&d=mm&r=g\",\"contentUrl\":\"https:\\\/\\\/secure.gravatar.com\\\/avatar\\\/42749d8b712ff9d59ca93dc150494e5b55a44134482993f5baeb97e61b7ecc89?s=96&d=mm&r=g\",\"caption\":\"Roberto\"},\"url\":\"https:\\\/\\\/regiaonews.net.br\\\/2022\\\/author\\\/roberto\\\/\"}]}<\/script>\n<!-- \/ Yoast SEO plugin. -->","yoast_head_json":{"title":"Bom Prato M\u00f3vel conclui primeiro m\u00eas de atendimento no Barretos 2 - Regi\u00e3o News","robots":{"index":"index","follow":"follow","max-snippet":"max-snippet:-1","max-image-preview":"max-image-preview:large","max-video-preview":"max-video-preview:-1"},"canonical":"https:\/\/regiaonews.net.br\/2022\/2023\/05\/31\/bom-prato-movel-conclui-primeiro-mes-de-atendimento-no-barretos-2\/","og_locale":"pt_BR","og_type":"article","og_title":"Bom Prato M\u00f3vel conclui primeiro m\u00eas de atendimento no Barretos 2 - Regi\u00e3o News","og_description":"&nbsp; Mais de 7 mil refei\u00e7\u00f5es foram oferecidas at\u00e9 o","og_url":"https:\/\/regiaonews.net.br\/2022\/2023\/05\/31\/bom-prato-movel-conclui-primeiro-mes-de-atendimento-no-barretos-2\/","og_site_name":"Regi\u00e3o News","article_published_time":"2023-05-31T22:42:33+00:00","og_image":[{"width":1592,"height":1060,"url":"https:\/\/regiaonews.net.br\/2022\/wp-content\/uploads\/2023\/05\/WhatsApp-Image-2023-05-31-at-17.26.38.jpeg","type":"image\/jpeg"}],"author":"Roberto","twitter_card":"summary_large_image","twitter_misc":{"Escrito por":"Roberto","Est. tempo de leitura":"4 minutos"},"schema":{"@context":"https:\/\/schema.org","@graph":[{"@type":"Article","@id":"https:\/\/regiaonews.net.br\/2022\/2023\/05\/31\/bom-prato-movel-conclui-primeiro-mes-de-atendimento-no-barretos-2\/#article","isPartOf":{"@id":"https:\/\/regiaonews.net.br\/2022\/2023\/05\/31\/bom-prato-movel-conclui-primeiro-mes-de-atendimento-no-barretos-2\/"},"author":{"name":"Roberto","@id":"https:\/\/regiaonews.net.br\/2022\/#\/schema\/person\/2d205a608a5aa97ac279d7a5e6d89ad8"},"headline":"Bom Prato M\u00f3vel conclui primeiro m\u00eas de atendimento no Barretos 2","datePublished":"2023-05-31T22:42:33+00:00","mainEntityOfPage":{"@id":"https:\/\/regiaonews.net.br\/2022\/2023\/05\/31\/bom-prato-movel-conclui-primeiro-mes-de-atendimento-no-barretos-2\/"},"wordCount":608,"commentCount":0,"publisher":{"@id":"https:\/\/regiaonews.net.br\/2022\/#organization"},"image":{"@id":"https:\/\/regiaonews.net.br\/2022\/2023\/05\/31\/bom-prato-movel-conclui-primeiro-mes-de-atendimento-no-barretos-2\/#primaryimage"},"thumbnailUrl":"https:\/\/regiaonews.net.br\/2022\/wp-content\/uploads\/2023\/05\/WhatsApp-Image-2023-05-31-at-17.26.38.jpeg","articleSection":["Barretos","Cidades"],"inLanguage":"pt-BR","potentialAction":[{"@type":"CommentAction","name":"Comment","target":["https:\/\/regiaonews.net.br\/2022\/2023\/05\/31\/bom-prato-movel-conclui-primeiro-mes-de-atendimento-no-barretos-2\/#respond"]}]},{"@type":"WebPage","@id":"https:\/\/regiaonews.net.br\/2022\/2023\/05\/31\/bom-prato-movel-conclui-primeiro-mes-de-atendimento-no-barretos-2\/","url":"https:\/\/regiaonews.net.br\/2022\/2023\/05\/31\/bom-prato-movel-conclui-primeiro-mes-de-atendimento-no-barretos-2\/","name":"Bom Prato M\u00f3vel conclui primeiro m\u00eas de atendimento no Barretos 2 - Regi\u00e3o News","isPartOf":{"@id":"https:\/\/regiaonews.net.br\/2022\/#website"},"primaryImageOfPage":{"@id":"https:\/\/regiaonews.net.br\/2022\/2023\/05\/31\/bom-prato-movel-conclui-primeiro-mes-de-atendimento-no-barretos-2\/#primaryimage"},"image":{"@id":"https:\/\/regiaonews.net.br\/2022\/2023\/05\/31\/bom-prato-movel-conclui-primeiro-mes-de-atendimento-no-barretos-2\/#primaryimage"},"thumbnailUrl":"https:\/\/regiaonews.net.br\/2022\/wp-content\/uploads\/2023\/05\/WhatsApp-Image-2023-05-31-at-17.26.38.jpeg","datePublished":"2023-05-31T22:42:33+00:00","breadcrumb":{"@id":"https:\/\/regiaonews.net.br\/2022\/2023\/05\/31\/bom-prato-movel-conclui-primeiro-mes-de-atendimento-no-barretos-2\/#breadcrumb"},"inLanguage":"pt-BR","potentialAction":[{"@type":"ReadAction","target":["https:\/\/regiaonews.net.br\/2022\/2023\/05\/31\/bom-prato-movel-conclui-primeiro-mes-de-atendimento-no-barretos-2\/"]}]},{"@type":"ImageObject","inLanguage":"pt-BR","@id":"https:\/\/regiaonews.net.br\/2022\/2023\/05\/31\/bom-prato-movel-conclui-primeiro-mes-de-atendimento-no-barretos-2\/#primaryimage","url":"https:\/\/regiaonews.net.br\/2022\/wp-content\/uploads\/2023\/05\/WhatsApp-Image-2023-05-31-at-17.26.38.jpeg","contentUrl":"https:\/\/regiaonews.net.br\/2022\/wp-content\/uploads\/2023\/05\/WhatsApp-Image-2023-05-31-at-17.26.38.jpeg","width":1592,"height":1060},{"@type":"BreadcrumbList","@id":"https:\/\/regiaonews.net.br\/2022\/2023\/05\/31\/bom-prato-movel-conclui-primeiro-mes-de-atendimento-no-barretos-2\/#breadcrumb","itemListElement":[{"@type":"ListItem","position":1,"name":"In\u00edcio","item":"https:\/\/regiaonews.net.br\/2022\/"},{"@type":"ListItem","position":2,"name":"Bom Prato M\u00f3vel conclui primeiro m\u00eas de atendimento no Barretos 2"}]},{"@type":"WebSite","@id":"https:\/\/regiaonews.net.br\/2022\/#website","url":"https:\/\/regiaonews.net.br\/2022\/","name":"Regi\u00e3o News","description":"Site de Not\u00edcias de Barretos e regi\u00e3o","publisher":{"@id":"https:\/\/regiaonews.net.br\/2022\/#organization"},"potentialAction":[{"@type":"SearchAction","target":{"@type":"EntryPoint","urlTemplate":"https:\/\/regiaonews.net.br\/2022\/?s={search_term_string}"},"query-input":{"@type":"PropertyValueSpecification","valueRequired":true,"valueName":"search_term_string"}}],"inLanguage":"pt-BR"},{"@type":"Organization","@id":"https:\/\/regiaonews.net.br\/2022\/#organization","name":"Regi\u00e3o News","url":"https:\/\/regiaonews.net.br\/2022\/","logo":{"@type":"ImageObject","inLanguage":"pt-BR","@id":"https:\/\/regiaonews.net.br\/2022\/#\/schema\/logo\/image\/","url":"https:\/\/regiaonews.net.br\/2022\/wp-content\/uploads\/2026\/03\/regiao-13-anos-scaled.jpg","contentUrl":"https:\/\/regiaonews.net.br\/2022\/wp-content\/uploads\/2026\/03\/regiao-13-anos-scaled.jpg","width":2560,"height":635,"caption":"Regi\u00e3o News"},"image":{"@id":"https:\/\/regiaonews.net.br\/2022\/#\/schema\/logo\/image\/"}},{"@type":"Person","@id":"https:\/\/regiaonews.net.br\/2022\/#\/schema\/person\/2d205a608a5aa97ac279d7a5e6d89ad8","name":"Roberto","image":{"@type":"ImageObject","inLanguage":"pt-BR","@id":"https:\/\/secure.gravatar.com\/avatar\/42749d8b712ff9d59ca93dc150494e5b55a44134482993f5baeb97e61b7ecc89?s=96&d=mm&r=g","url":"https:\/\/secure.gravatar.com\/avatar\/42749d8b712ff9d59ca93dc150494e5b55a44134482993f5baeb97e61b7ecc89?s=96&d=mm&r=g","contentUrl":"https:\/\/secure.gravatar.com\/avatar\/42749d8b712ff9d59ca93dc150494e5b55a44134482993f5baeb97e61b7ecc89?s=96&d=mm&r=g","caption":"Roberto"},"url":"https:\/\/regiaonews.net.br\/2022\/author\/roberto\/"}]}},"publishpress_future_action":{"enabled":false,"date":"2026-05-03 22:26:54","action":"change-status","newStatus":"draft","terms":[],"taxonomy":"category","extraData":[]},"publishpress_future_workflow_manual_trigger":{"enabledWorkflows":[]},"_links":{"self":[{"href":"https:\/\/regiaonews.net.br\/2022\/wp-json\/wp\/v2\/posts\/89178","targetHints":{"allow":["GET"]}}],"collection":[{"href":"https:\/\/regiaonews.net.br\/2022\/wp-json\/wp\/v2\/posts"}],"about":[{"href":"https:\/\/regiaonews.net.br\/2022\/wp-json\/wp\/v2\/types\/post"}],"author":[{"embeddable":true,"href":"https:\/\/regiaonews.net.br\/2022\/wp-json\/wp\/v2\/users\/2"}],"replies":[{"embeddable":true,"href":"https:\/\/regiaonews.net.br\/2022\/wp-json\/wp\/v2\/comments?post=89178"}],"version-history":[{"count":1,"href":"https:\/\/regiaonews.net.br\/2022\/wp-json\/wp\/v2\/posts\/89178\/revisions"}],"predecessor-version":[{"id":89180,"href":"https:\/\/regiaonews.net.br\/2022\/wp-json\/wp\/v2\/posts\/89178\/revisions\/89180"}],"wp:featuredmedia":[{"embeddable":true,"href":"https:\/\/regiaonews.net.br\/2022\/wp-json\/wp\/v2\/media\/89179"}],"wp:attachment":[{"href":"https:\/\/regiaonews.net.br\/2022\/wp-json\/wp\/v2\/media?parent=89178"}],"wp:term":[{"taxonomy":"category","embeddable":true,"href":"https:\/\/regiaonews.net.br\/2022\/wp-json\/wp\/v2\/categories?post=89178"},{"taxonomy":"post_tag","embeddable":true,"href":"https:\/\/regiaonews.net.br\/2022\/wp-json\/wp\/v2\/tags?post=89178"}],"curies":[{"name":"wp","href":"https:\/\/api.w.org\/{rel}","templated":true}]}}