{"id":89169,"date":"2023-05-31T17:07:49","date_gmt":"2023-05-31T20:07:49","guid":{"rendered":"https:\/\/regiaonews.net.br\/2022\/?p=89169"},"modified":"2023-05-31T17:07:49","modified_gmt":"2023-05-31T20:07:49","slug":"feirao-de-emprego-direciona-candidatos-para-processo-seletivo","status":"publish","type":"post","link":"https:\/\/regiaonews.net.br\/2022\/2023\/05\/31\/feirao-de-emprego-direciona-candidatos-para-processo-seletivo\/","title":{"rendered":"Feir\u00e3o de Emprego direciona candidatos para processo seletivo"},"content":{"rendered":"<h3 style=\"text-align: center;\">Empresas que participaram da \u00faltima edi\u00e7\u00e3o do evento, realizada em 20 de maio, captaram cerca de 250 curr\u00edculos.<\/h3>\n<p>A Prefeitura da Est\u00e2ncia Tur\u00edstica de Barretos, por meio da Secretaria Municipal de Desenvolvimento Econ\u00f4mico, promoveu na Casa da Juventude, no \u00faltimo dia 20 de maio, mais um &#8220;Feir\u00e3o de Emprego&#8221; com cerca de 300 vagas em diversas \u00e1reas. O evento, que reuniu dezenas de pessoas em busca do primeiro emprego ou recoloca\u00e7\u00e3o no mercado de trabalho, j\u00e1 come\u00e7a a dar resultados com diversos processos seletivos em andamento.<br \/>\nA prefeita Paula Lemos esteve no local, conversou com candidatos e agradeceu a parceria das empresas participantes. \u201cHoje aconteceu o 3\u00ba Feir\u00e3o de Emprego da nossa gest\u00e3o, dessa vez na Casa da Juventude, com v\u00e1rias empresas participando. Essa \u00e9 uma grande oportunidade para as pessoas que est\u00e3o em busca do primeiro empregou ou de recoloca\u00e7\u00e3o profissional. Agrade\u00e7o cada empresa pela confian\u00e7a e parceria. Estamos juntos em busca de melhorar a vida das pessoas\u201d, disse. O vereador e presidente da C\u00e2mara Municipal, Luis Paulo Vieira, o Lupa, e Vitor Santiago, presidente do Conselho Municipal da Juventude e coordenador da Casa da Juventude, tamb\u00e9m acompanharam o evento.<br \/>\nO feir\u00e3o contou com a participa\u00e7\u00e3o de empresas como a Plastripel, o Barretos Country Park Resort, Minerva Foods, Atacad\u00e3o, Bombas Andrade e JBS, al\u00e9m das vagas oferecidas por meio do Posto de Atendimento ao Trabalhador (PAT) e Programa de Empregabilidade Inclusiva (PEI), para pessoas com ou sem experi\u00eancia em diversos setores e graus de instru\u00e7\u00e3o, inclusive com oportunidades para pessoas com defici\u00eancias.<br \/>\nO secret\u00e1rio de Desenvolvimento Econ\u00f4mico, Thyago Abra\u00e3o, salientou que mais feir\u00f5es devem ser realizados e que a prefeitura seguir\u00e1 investindo na capacita\u00e7\u00e3o da popula\u00e7\u00e3o. \u201cA gente quer juntar as pessoas que necessitam de emprego \u00e0s empresas que necessitam de colaboradores. Barretos est\u00e1 no caminho certo, pois mais empresas est\u00e3o nos procurando para os pr\u00f3ximos feir\u00f5es\u201d, comentou. \u201cPara que as contrata\u00e7\u00f5es sejam efetivas, precisamos capacitar as pessoas, por isso trabalhamos sempre em busca de parcerias para oferecer forma\u00e7\u00e3o aos barretenses, como o Via R\u00e1pida Emprego, com tr\u00eas turmas de cursos na \u00e1rea de hospitalidade formadas esta semana\u201d, destacou<br \/>\nContrata\u00e7\u00f5es e processos seletivos<br \/>\nSegundo Ma\u00edsa Pacheco, do RH do Barretos Country, a empresa captou 67 curr\u00edculos durante a realiza\u00e7\u00e3o do Feir\u00e3o. Deste total foram selecionados 28 candidatos que ser\u00e3o convocados para continuar o processo seletivo, composto por entrevistas e aplica\u00e7\u00e3o de testes.<br \/>\nOutros 121 curr\u00edculos foram captados pelo RH do Atacad\u00e3o, de acordo com Ana Carolina Rodrigues Bertuolo. At\u00e9 sexta-feira, 26, pelo menos 25 candidatos j\u00e1 haviam passado por entrevistas, com tr\u00eas pessoas j\u00e1 na fase de exames para contrata\u00e7\u00e3o.<br \/>\n3\u00b0 Feir\u00e3o<br \/>\nDesde o in\u00edcio desta administra\u00e7\u00e3o, a Prefeitura de Barretos j\u00e1 promoveu tr\u00eas feir\u00f5es de emprego, com oferta de centenas de vagas de trabalho. O primeiro ocorreu em novembro de 2021 e o segundo em junho de 2022, atraindo grande p\u00fablico nas duas edi\u00e7\u00f5es, ambas realizadas no North Shopping Barretos.<\/p>\n<p>Reda\u00e7\u00e3o: Assessoria de Imprensa<br \/>\nFotos:\u00a0Tininho\u00a0Jr.<\/p>\n","protected":false},"excerpt":{"rendered":"<p>Empresas que participaram da \u00faltima edi\u00e7\u00e3o do evento, realizada em<\/p>\n","protected":false},"author":2,"featured_media":89170,"comment_status":"open","ping_status":"open","sticky":false,"template":"","format":"standard","meta":{"footnotes":""},"categories":[14,3],"tags":[],"class_list":["post-89169","post","type-post","status-publish","format-standard","has-post-thumbnail","hentry","category-barretos","category-geral"],"yoast_head":"<!-- This site is optimized with the Yoast SEO plugin v27.4 - https:\/\/yoast.com\/product\/yoast-seo-wordpress\/ -->\n<title>Feir\u00e3o de Emprego direciona candidatos para processo seletivo - Regi\u00e3o News<\/title>\n<meta name=\"robots\" content=\"index, follow, max-snippet:-1, max-image-preview:large, max-video-preview:-1\" \/>\n<link rel=\"canonical\" href=\"https:\/\/regiaonews.net.br\/2022\/2023\/05\/31\/feirao-de-emprego-direciona-candidatos-para-processo-seletivo\/\" \/>\n<meta property=\"og:locale\" content=\"pt_BR\" \/>\n<meta property=\"og:type\" content=\"article\" \/>\n<meta property=\"og:title\" content=\"Feir\u00e3o de Emprego direciona candidatos para processo seletivo - Regi\u00e3o News\" \/>\n<meta property=\"og:description\" content=\"Empresas que participaram da \u00faltima edi\u00e7\u00e3o do evento, realizada em\" \/>\n<meta property=\"og:url\" content=\"https:\/\/regiaonews.net.br\/2022\/2023\/05\/31\/feirao-de-emprego-direciona-candidatos-para-processo-seletivo\/\" \/>\n<meta property=\"og:site_name\" content=\"Regi\u00e3o News\" \/>\n<meta property=\"article:published_time\" content=\"2023-05-31T20:07:49+00:00\" \/>\n<meta property=\"og:image\" content=\"https:\/\/regiaonews.net.br\/2022\/wp-content\/uploads\/2023\/05\/Imagem-do-WhatsApp-de-2023-05-31-as-15.23.29.jpg\" \/>\n\t<meta property=\"og:image:width\" content=\"1600\" \/>\n\t<meta property=\"og:image:height\" content=\"1069\" \/>\n\t<meta property=\"og:image:type\" content=\"image\/jpeg\" \/>\n<meta name=\"author\" content=\"Roberto\" \/>\n<meta name=\"twitter:card\" content=\"summary_large_image\" \/>\n<meta name=\"twitter:label1\" content=\"Escrito por\" \/>\n\t<meta name=\"twitter:data1\" content=\"Roberto\" \/>\n\t<meta name=\"twitter:label2\" content=\"Est. tempo de leitura\" \/>\n\t<meta name=\"twitter:data2\" content=\"3 minutos\" \/>\n<script type=\"application\/ld+json\" class=\"yoast-schema-graph\">{\"@context\":\"https:\\\/\\\/schema.org\",\"@graph\":[{\"@type\":\"Article\",\"@id\":\"https:\\\/\\\/regiaonews.net.br\\\/2022\\\/2023\\\/05\\\/31\\\/feirao-de-emprego-direciona-candidatos-para-processo-seletivo\\\/#article\",\"isPartOf\":{\"@id\":\"https:\\\/\\\/regiaonews.net.br\\\/2022\\\/2023\\\/05\\\/31\\\/feirao-de-emprego-direciona-candidatos-para-processo-seletivo\\\/\"},\"author\":{\"name\":\"Roberto\",\"@id\":\"https:\\\/\\\/regiaonews.net.br\\\/2022\\\/#\\\/schema\\\/person\\\/2d205a608a5aa97ac279d7a5e6d89ad8\"},\"headline\":\"Feir\u00e3o de Emprego direciona candidatos para processo seletivo\",\"datePublished\":\"2023-05-31T20:07:49+00:00\",\"mainEntityOfPage\":{\"@id\":\"https:\\\/\\\/regiaonews.net.br\\\/2022\\\/2023\\\/05\\\/31\\\/feirao-de-emprego-direciona-candidatos-para-processo-seletivo\\\/\"},\"wordCount\":540,\"commentCount\":0,\"publisher\":{\"@id\":\"https:\\\/\\\/regiaonews.net.br\\\/2022\\\/#organization\"},\"image\":{\"@id\":\"https:\\\/\\\/regiaonews.net.br\\\/2022\\\/2023\\\/05\\\/31\\\/feirao-de-emprego-direciona-candidatos-para-processo-seletivo\\\/#primaryimage\"},\"thumbnailUrl\":\"https:\\\/\\\/regiaonews.net.br\\\/2022\\\/wp-content\\\/uploads\\\/2023\\\/05\\\/Imagem-do-WhatsApp-de-2023-05-31-as-15.23.29.jpg\",\"articleSection\":[\"Barretos\",\"Geral\"],\"inLanguage\":\"pt-BR\",\"potentialAction\":[{\"@type\":\"CommentAction\",\"name\":\"Comment\",\"target\":[\"https:\\\/\\\/regiaonews.net.br\\\/2022\\\/2023\\\/05\\\/31\\\/feirao-de-emprego-direciona-candidatos-para-processo-seletivo\\\/#respond\"]}]},{\"@type\":\"WebPage\",\"@id\":\"https:\\\/\\\/regiaonews.net.br\\\/2022\\\/2023\\\/05\\\/31\\\/feirao-de-emprego-direciona-candidatos-para-processo-seletivo\\\/\",\"url\":\"https:\\\/\\\/regiaonews.net.br\\\/2022\\\/2023\\\/05\\\/31\\\/feirao-de-emprego-direciona-candidatos-para-processo-seletivo\\\/\",\"name\":\"Feir\u00e3o de Emprego direciona candidatos para processo seletivo - Regi\u00e3o News\",\"isPartOf\":{\"@id\":\"https:\\\/\\\/regiaonews.net.br\\\/2022\\\/#website\"},\"primaryImageOfPage\":{\"@id\":\"https:\\\/\\\/regiaonews.net.br\\\/2022\\\/2023\\\/05\\\/31\\\/feirao-de-emprego-direciona-candidatos-para-processo-seletivo\\\/#primaryimage\"},\"image\":{\"@id\":\"https:\\\/\\\/regiaonews.net.br\\\/2022\\\/2023\\\/05\\\/31\\\/feirao-de-emprego-direciona-candidatos-para-processo-seletivo\\\/#primaryimage\"},\"thumbnailUrl\":\"https:\\\/\\\/regiaonews.net.br\\\/2022\\\/wp-content\\\/uploads\\\/2023\\\/05\\\/Imagem-do-WhatsApp-de-2023-05-31-as-15.23.29.jpg\",\"datePublished\":\"2023-05-31T20:07:49+00:00\",\"breadcrumb\":{\"@id\":\"https:\\\/\\\/regiaonews.net.br\\\/2022\\\/2023\\\/05\\\/31\\\/feirao-de-emprego-direciona-candidatos-para-processo-seletivo\\\/#breadcrumb\"},\"inLanguage\":\"pt-BR\",\"potentialAction\":[{\"@type\":\"ReadAction\",\"target\":[\"https:\\\/\\\/regiaonews.net.br\\\/2022\\\/2023\\\/05\\\/31\\\/feirao-de-emprego-direciona-candidatos-para-processo-seletivo\\\/\"]}]},{\"@type\":\"ImageObject\",\"inLanguage\":\"pt-BR\",\"@id\":\"https:\\\/\\\/regiaonews.net.br\\\/2022\\\/2023\\\/05\\\/31\\\/feirao-de-emprego-direciona-candidatos-para-processo-seletivo\\\/#primaryimage\",\"url\":\"https:\\\/\\\/regiaonews.net.br\\\/2022\\\/wp-content\\\/uploads\\\/2023\\\/05\\\/Imagem-do-WhatsApp-de-2023-05-31-as-15.23.29.jpg\",\"contentUrl\":\"https:\\\/\\\/regiaonews.net.br\\\/2022\\\/wp-content\\\/uploads\\\/2023\\\/05\\\/Imagem-do-WhatsApp-de-2023-05-31-as-15.23.29.jpg\",\"width\":1600,\"height\":1069},{\"@type\":\"BreadcrumbList\",\"@id\":\"https:\\\/\\\/regiaonews.net.br\\\/2022\\\/2023\\\/05\\\/31\\\/feirao-de-emprego-direciona-candidatos-para-processo-seletivo\\\/#breadcrumb\",\"itemListElement\":[{\"@type\":\"ListItem\",\"position\":1,\"name\":\"In\u00edcio\",\"item\":\"https:\\\/\\\/regiaonews.net.br\\\/2022\\\/\"},{\"@type\":\"ListItem\",\"position\":2,\"name\":\"Feir\u00e3o de Emprego direciona candidatos para processo seletivo\"}]},{\"@type\":\"WebSite\",\"@id\":\"https:\\\/\\\/regiaonews.net.br\\\/2022\\\/#website\",\"url\":\"https:\\\/\\\/regiaonews.net.br\\\/2022\\\/\",\"name\":\"Regi\u00e3o News\",\"description\":\"Site de Not\u00edcias de Barretos e regi\u00e3o\",\"publisher\":{\"@id\":\"https:\\\/\\\/regiaonews.net.br\\\/2022\\\/#organization\"},\"potentialAction\":[{\"@type\":\"SearchAction\",\"target\":{\"@type\":\"EntryPoint\",\"urlTemplate\":\"https:\\\/\\\/regiaonews.net.br\\\/2022\\\/?s={search_term_string}\"},\"query-input\":{\"@type\":\"PropertyValueSpecification\",\"valueRequired\":true,\"valueName\":\"search_term_string\"}}],\"inLanguage\":\"pt-BR\"},{\"@type\":\"Organization\",\"@id\":\"https:\\\/\\\/regiaonews.net.br\\\/2022\\\/#organization\",\"name\":\"Regi\u00e3o News\",\"url\":\"https:\\\/\\\/regiaonews.net.br\\\/2022\\\/\",\"logo\":{\"@type\":\"ImageObject\",\"inLanguage\":\"pt-BR\",\"@id\":\"https:\\\/\\\/regiaonews.net.br\\\/2022\\\/#\\\/schema\\\/logo\\\/image\\\/\",\"url\":\"https:\\\/\\\/regiaonews.net.br\\\/2022\\\/wp-content\\\/uploads\\\/2026\\\/03\\\/regiao-13-anos-scaled.jpg\",\"contentUrl\":\"https:\\\/\\\/regiaonews.net.br\\\/2022\\\/wp-content\\\/uploads\\\/2026\\\/03\\\/regiao-13-anos-scaled.jpg\",\"width\":2560,\"height\":635,\"caption\":\"Regi\u00e3o News\"},\"image\":{\"@id\":\"https:\\\/\\\/regiaonews.net.br\\\/2022\\\/#\\\/schema\\\/logo\\\/image\\\/\"}},{\"@type\":\"Person\",\"@id\":\"https:\\\/\\\/regiaonews.net.br\\\/2022\\\/#\\\/schema\\\/person\\\/2d205a608a5aa97ac279d7a5e6d89ad8\",\"name\":\"Roberto\",\"image\":{\"@type\":\"ImageObject\",\"inLanguage\":\"pt-BR\",\"@id\":\"https:\\\/\\\/secure.gravatar.com\\\/avatar\\\/42749d8b712ff9d59ca93dc150494e5b55a44134482993f5baeb97e61b7ecc89?s=96&d=mm&r=g\",\"url\":\"https:\\\/\\\/secure.gravatar.com\\\/avatar\\\/42749d8b712ff9d59ca93dc150494e5b55a44134482993f5baeb97e61b7ecc89?s=96&d=mm&r=g\",\"contentUrl\":\"https:\\\/\\\/secure.gravatar.com\\\/avatar\\\/42749d8b712ff9d59ca93dc150494e5b55a44134482993f5baeb97e61b7ecc89?s=96&d=mm&r=g\",\"caption\":\"Roberto\"},\"url\":\"https:\\\/\\\/regiaonews.net.br\\\/2022\\\/author\\\/roberto\\\/\"}]}<\/script>\n<!-- \/ Yoast SEO plugin. -->","yoast_head_json":{"title":"Feir\u00e3o de Emprego direciona candidatos para processo seletivo - Regi\u00e3o News","robots":{"index":"index","follow":"follow","max-snippet":"max-snippet:-1","max-image-preview":"max-image-preview:large","max-video-preview":"max-video-preview:-1"},"canonical":"https:\/\/regiaonews.net.br\/2022\/2023\/05\/31\/feirao-de-emprego-direciona-candidatos-para-processo-seletivo\/","og_locale":"pt_BR","og_type":"article","og_title":"Feir\u00e3o de Emprego direciona candidatos para processo seletivo - Regi\u00e3o News","og_description":"Empresas que participaram da \u00faltima edi\u00e7\u00e3o do evento, realizada em","og_url":"https:\/\/regiaonews.net.br\/2022\/2023\/05\/31\/feirao-de-emprego-direciona-candidatos-para-processo-seletivo\/","og_site_name":"Regi\u00e3o News","article_published_time":"2023-05-31T20:07:49+00:00","og_image":[{"width":1600,"height":1069,"url":"https:\/\/regiaonews.net.br\/2022\/wp-content\/uploads\/2023\/05\/Imagem-do-WhatsApp-de-2023-05-31-as-15.23.29.jpg","type":"image\/jpeg"}],"author":"Roberto","twitter_card":"summary_large_image","twitter_misc":{"Escrito por":"Roberto","Est. tempo de leitura":"3 minutos"},"schema":{"@context":"https:\/\/schema.org","@graph":[{"@type":"Article","@id":"https:\/\/regiaonews.net.br\/2022\/2023\/05\/31\/feirao-de-emprego-direciona-candidatos-para-processo-seletivo\/#article","isPartOf":{"@id":"https:\/\/regiaonews.net.br\/2022\/2023\/05\/31\/feirao-de-emprego-direciona-candidatos-para-processo-seletivo\/"},"author":{"name":"Roberto","@id":"https:\/\/regiaonews.net.br\/2022\/#\/schema\/person\/2d205a608a5aa97ac279d7a5e6d89ad8"},"headline":"Feir\u00e3o de Emprego direciona candidatos para processo seletivo","datePublished":"2023-05-31T20:07:49+00:00","mainEntityOfPage":{"@id":"https:\/\/regiaonews.net.br\/2022\/2023\/05\/31\/feirao-de-emprego-direciona-candidatos-para-processo-seletivo\/"},"wordCount":540,"commentCount":0,"publisher":{"@id":"https:\/\/regiaonews.net.br\/2022\/#organization"},"image":{"@id":"https:\/\/regiaonews.net.br\/2022\/2023\/05\/31\/feirao-de-emprego-direciona-candidatos-para-processo-seletivo\/#primaryimage"},"thumbnailUrl":"https:\/\/regiaonews.net.br\/2022\/wp-content\/uploads\/2023\/05\/Imagem-do-WhatsApp-de-2023-05-31-as-15.23.29.jpg","articleSection":["Barretos","Geral"],"inLanguage":"pt-BR","potentialAction":[{"@type":"CommentAction","name":"Comment","target":["https:\/\/regiaonews.net.br\/2022\/2023\/05\/31\/feirao-de-emprego-direciona-candidatos-para-processo-seletivo\/#respond"]}]},{"@type":"WebPage","@id":"https:\/\/regiaonews.net.br\/2022\/2023\/05\/31\/feirao-de-emprego-direciona-candidatos-para-processo-seletivo\/","url":"https:\/\/regiaonews.net.br\/2022\/2023\/05\/31\/feirao-de-emprego-direciona-candidatos-para-processo-seletivo\/","name":"Feir\u00e3o de Emprego direciona candidatos para processo seletivo - Regi\u00e3o News","isPartOf":{"@id":"https:\/\/regiaonews.net.br\/2022\/#website"},"primaryImageOfPage":{"@id":"https:\/\/regiaonews.net.br\/2022\/2023\/05\/31\/feirao-de-emprego-direciona-candidatos-para-processo-seletivo\/#primaryimage"},"image":{"@id":"https:\/\/regiaonews.net.br\/2022\/2023\/05\/31\/feirao-de-emprego-direciona-candidatos-para-processo-seletivo\/#primaryimage"},"thumbnailUrl":"https:\/\/regiaonews.net.br\/2022\/wp-content\/uploads\/2023\/05\/Imagem-do-WhatsApp-de-2023-05-31-as-15.23.29.jpg","datePublished":"2023-05-31T20:07:49+00:00","breadcrumb":{"@id":"https:\/\/regiaonews.net.br\/2022\/2023\/05\/31\/feirao-de-emprego-direciona-candidatos-para-processo-seletivo\/#breadcrumb"},"inLanguage":"pt-BR","potentialAction":[{"@type":"ReadAction","target":["https:\/\/regiaonews.net.br\/2022\/2023\/05\/31\/feirao-de-emprego-direciona-candidatos-para-processo-seletivo\/"]}]},{"@type":"ImageObject","inLanguage":"pt-BR","@id":"https:\/\/regiaonews.net.br\/2022\/2023\/05\/31\/feirao-de-emprego-direciona-candidatos-para-processo-seletivo\/#primaryimage","url":"https:\/\/regiaonews.net.br\/2022\/wp-content\/uploads\/2023\/05\/Imagem-do-WhatsApp-de-2023-05-31-as-15.23.29.jpg","contentUrl":"https:\/\/regiaonews.net.br\/2022\/wp-content\/uploads\/2023\/05\/Imagem-do-WhatsApp-de-2023-05-31-as-15.23.29.jpg","width":1600,"height":1069},{"@type":"BreadcrumbList","@id":"https:\/\/regiaonews.net.br\/2022\/2023\/05\/31\/feirao-de-emprego-direciona-candidatos-para-processo-seletivo\/#breadcrumb","itemListElement":[{"@type":"ListItem","position":1,"name":"In\u00edcio","item":"https:\/\/regiaonews.net.br\/2022\/"},{"@type":"ListItem","position":2,"name":"Feir\u00e3o de Emprego direciona candidatos para processo seletivo"}]},{"@type":"WebSite","@id":"https:\/\/regiaonews.net.br\/2022\/#website","url":"https:\/\/regiaonews.net.br\/2022\/","name":"Regi\u00e3o News","description":"Site de Not\u00edcias de Barretos e regi\u00e3o","publisher":{"@id":"https:\/\/regiaonews.net.br\/2022\/#organization"},"potentialAction":[{"@type":"SearchAction","target":{"@type":"EntryPoint","urlTemplate":"https:\/\/regiaonews.net.br\/2022\/?s={search_term_string}"},"query-input":{"@type":"PropertyValueSpecification","valueRequired":true,"valueName":"search_term_string"}}],"inLanguage":"pt-BR"},{"@type":"Organization","@id":"https:\/\/regiaonews.net.br\/2022\/#organization","name":"Regi\u00e3o News","url":"https:\/\/regiaonews.net.br\/2022\/","logo":{"@type":"ImageObject","inLanguage":"pt-BR","@id":"https:\/\/regiaonews.net.br\/2022\/#\/schema\/logo\/image\/","url":"https:\/\/regiaonews.net.br\/2022\/wp-content\/uploads\/2026\/03\/regiao-13-anos-scaled.jpg","contentUrl":"https:\/\/regiaonews.net.br\/2022\/wp-content\/uploads\/2026\/03\/regiao-13-anos-scaled.jpg","width":2560,"height":635,"caption":"Regi\u00e3o News"},"image":{"@id":"https:\/\/regiaonews.net.br\/2022\/#\/schema\/logo\/image\/"}},{"@type":"Person","@id":"https:\/\/regiaonews.net.br\/2022\/#\/schema\/person\/2d205a608a5aa97ac279d7a5e6d89ad8","name":"Roberto","image":{"@type":"ImageObject","inLanguage":"pt-BR","@id":"https:\/\/secure.gravatar.com\/avatar\/42749d8b712ff9d59ca93dc150494e5b55a44134482993f5baeb97e61b7ecc89?s=96&d=mm&r=g","url":"https:\/\/secure.gravatar.com\/avatar\/42749d8b712ff9d59ca93dc150494e5b55a44134482993f5baeb97e61b7ecc89?s=96&d=mm&r=g","contentUrl":"https:\/\/secure.gravatar.com\/avatar\/42749d8b712ff9d59ca93dc150494e5b55a44134482993f5baeb97e61b7ecc89?s=96&d=mm&r=g","caption":"Roberto"},"url":"https:\/\/regiaonews.net.br\/2022\/author\/roberto\/"}]}},"publishpress_future_action":{"enabled":false,"date":"2026-05-04 03:27:17","action":"change-status","newStatus":"draft","terms":[],"taxonomy":"category","extraData":[]},"publishpress_future_workflow_manual_trigger":{"enabledWorkflows":[]},"_links":{"self":[{"href":"https:\/\/regiaonews.net.br\/2022\/wp-json\/wp\/v2\/posts\/89169","targetHints":{"allow":["GET"]}}],"collection":[{"href":"https:\/\/regiaonews.net.br\/2022\/wp-json\/wp\/v2\/posts"}],"about":[{"href":"https:\/\/regiaonews.net.br\/2022\/wp-json\/wp\/v2\/types\/post"}],"author":[{"embeddable":true,"href":"https:\/\/regiaonews.net.br\/2022\/wp-json\/wp\/v2\/users\/2"}],"replies":[{"embeddable":true,"href":"https:\/\/regiaonews.net.br\/2022\/wp-json\/wp\/v2\/comments?post=89169"}],"version-history":[{"count":1,"href":"https:\/\/regiaonews.net.br\/2022\/wp-json\/wp\/v2\/posts\/89169\/revisions"}],"predecessor-version":[{"id":89171,"href":"https:\/\/regiaonews.net.br\/2022\/wp-json\/wp\/v2\/posts\/89169\/revisions\/89171"}],"wp:featuredmedia":[{"embeddable":true,"href":"https:\/\/regiaonews.net.br\/2022\/wp-json\/wp\/v2\/media\/89170"}],"wp:attachment":[{"href":"https:\/\/regiaonews.net.br\/2022\/wp-json\/wp\/v2\/media?parent=89169"}],"wp:term":[{"taxonomy":"category","embeddable":true,"href":"https:\/\/regiaonews.net.br\/2022\/wp-json\/wp\/v2\/categories?post=89169"},{"taxonomy":"post_tag","embeddable":true,"href":"https:\/\/regiaonews.net.br\/2022\/wp-json\/wp\/v2\/tags?post=89169"}],"curies":[{"name":"wp","href":"https:\/\/api.w.org\/{rel}","templated":true}]}}