{"id":89166,"date":"2023-05-31T13:54:29","date_gmt":"2023-05-31T16:54:29","guid":{"rendered":"https:\/\/regiaonews.net.br\/2022\/?p=89166"},"modified":"2023-05-31T13:54:29","modified_gmt":"2023-05-31T16:54:29","slug":"servico-de-ouvidoria-da-tebe-leva-informacao-para-caminhoneiros-na-campanha-acorda-motorista","status":"publish","type":"post","link":"https:\/\/regiaonews.net.br\/2022\/2023\/05\/31\/servico-de-ouvidoria-da-tebe-leva-informacao-para-caminhoneiros-na-campanha-acorda-motorista\/","title":{"rendered":"Servi\u00e7o de Ouvidoria da TEBE leva informa\u00e7\u00e3o para caminhoneiros na campanha Acorda Motorista"},"content":{"rendered":"<h3 style=\"text-align: center;\" align=\"center\">TEBE informou os usu\u00e1rios quais os servi\u00e7os dispon\u00edveis na ouvidoria.<\/h3>\n<p>Durante a campanha Acorda Motorista, a\u00e7\u00e3o realizada para caminhoneiros que alerta sobre os perigos ao dirigir com sono, realizada no dia 26 de maio de 2023, na Base da Pol\u00edcia Militar Rodovi\u00e1ria em Barretos, na Rodovia Brigadeiro Faria Lima, km 412, em Barretos (SP), a Ouvidoria da TEBE levou informa\u00e7\u00f5es sobre os servi\u00e7os dispon\u00edveis para os usu\u00e1rios que utilizam as rodovias administradas pela empresa.<\/p>\n<p>A ouvidoria \u00e9 um dos principais canais de comunica\u00e7\u00e3o entre a TEBE e os usu\u00e1rios das rodovias. O servi\u00e7o \u00e9 dispon\u00edvel a todos os usu\u00e1rios, integrantes da comunidade, prestadores de servi\u00e7os e representantes de \u00f3rg\u00e3os p\u00fablicos que desejam manifestar sua opini\u00e3o sobre os servi\u00e7os prestados pela Concession\u00e1ria.<\/p>\n<p>A ouvidora Janaina de Freitas Ramos, instruiu os usu\u00e1rios que estiveram presentes na a\u00e7\u00e3o sobre a fun\u00e7\u00e3o da ouvidoria, que \u00e9 contribuir para o processo de desenvolvimento da cidadania, democracia e participa\u00e7\u00e3o dos usu\u00e1rios nos assuntos relacionados aos servi\u00e7os prestados pela concession\u00e1ria. A a\u00e7\u00e3o contou com apoio da ARTESP \u2013 Ag\u00eancia Reguladora de Transportes do Estado de S\u00e3o Paulo.<\/p>\n<div>\n<p><strong>Taisa Montagner<\/strong><\/p>\n<\/div>\n<div>\n<p>Assessoria de Comunica\u00e7\u00e3o<\/p>\n<\/div>\n<div>\n<p>Concession\u00e1ria de Rodovias TEBE<\/p>\n<\/div>\n","protected":false},"excerpt":{"rendered":"<p>TEBE informou os usu\u00e1rios quais os servi\u00e7os dispon\u00edveis na ouvidoria.<\/p>\n","protected":false},"author":2,"featured_media":89167,"comment_status":"open","ping_status":"open","sticky":false,"template":"","format":"standard","meta":{"footnotes":""},"categories":[14,3],"tags":[],"class_list":["post-89166","post","type-post","status-publish","format-standard","has-post-thumbnail","hentry","category-barretos","category-geral"],"yoast_head":"<!-- This site is optimized with the Yoast SEO plugin v27.4 - https:\/\/yoast.com\/product\/yoast-seo-wordpress\/ -->\n<title>Servi\u00e7o de Ouvidoria da TEBE leva informa\u00e7\u00e3o para caminhoneiros na campanha Acorda Motorista - Regi\u00e3o News<\/title>\n<meta name=\"robots\" content=\"index, follow, max-snippet:-1, max-image-preview:large, max-video-preview:-1\" \/>\n<link rel=\"canonical\" href=\"https:\/\/regiaonews.net.br\/2022\/2023\/05\/31\/servico-de-ouvidoria-da-tebe-leva-informacao-para-caminhoneiros-na-campanha-acorda-motorista\/\" \/>\n<meta property=\"og:locale\" content=\"pt_BR\" \/>\n<meta property=\"og:type\" content=\"article\" \/>\n<meta property=\"og:title\" content=\"Servi\u00e7o de Ouvidoria da TEBE leva informa\u00e7\u00e3o para caminhoneiros na campanha Acorda Motorista - Regi\u00e3o News\" \/>\n<meta property=\"og:description\" content=\"TEBE informou os usu\u00e1rios quais os servi\u00e7os dispon\u00edveis na ouvidoria.\" \/>\n<meta property=\"og:url\" content=\"https:\/\/regiaonews.net.br\/2022\/2023\/05\/31\/servico-de-ouvidoria-da-tebe-leva-informacao-para-caminhoneiros-na-campanha-acorda-motorista\/\" \/>\n<meta property=\"og:site_name\" content=\"Regi\u00e3o News\" \/>\n<meta property=\"article:published_time\" content=\"2023-05-31T16:54:29+00:00\" \/>\n<meta property=\"og:image\" content=\"https:\/\/regiaonews.net.br\/2022\/wp-content\/uploads\/2023\/05\/image006.jpg\" \/>\n\t<meta property=\"og:image:width\" content=\"557\" \/>\n\t<meta property=\"og:image:height\" content=\"500\" \/>\n\t<meta property=\"og:image:type\" content=\"image\/jpeg\" \/>\n<meta name=\"author\" content=\"Roberto\" \/>\n<meta name=\"twitter:card\" content=\"summary_large_image\" \/>\n<meta name=\"twitter:label1\" content=\"Escrito por\" \/>\n\t<meta name=\"twitter:data1\" content=\"Roberto\" \/>\n\t<meta name=\"twitter:label2\" content=\"Est. tempo de leitura\" \/>\n\t<meta name=\"twitter:data2\" content=\"2 minutos\" \/>\n<script type=\"application\/ld+json\" class=\"yoast-schema-graph\">{\"@context\":\"https:\\\/\\\/schema.org\",\"@graph\":[{\"@type\":\"Article\",\"@id\":\"https:\\\/\\\/regiaonews.net.br\\\/2022\\\/2023\\\/05\\\/31\\\/servico-de-ouvidoria-da-tebe-leva-informacao-para-caminhoneiros-na-campanha-acorda-motorista\\\/#article\",\"isPartOf\":{\"@id\":\"https:\\\/\\\/regiaonews.net.br\\\/2022\\\/2023\\\/05\\\/31\\\/servico-de-ouvidoria-da-tebe-leva-informacao-para-caminhoneiros-na-campanha-acorda-motorista\\\/\"},\"author\":{\"name\":\"Roberto\",\"@id\":\"https:\\\/\\\/regiaonews.net.br\\\/2022\\\/#\\\/schema\\\/person\\\/2d205a608a5aa97ac279d7a5e6d89ad8\"},\"headline\":\"Servi\u00e7o de Ouvidoria da TEBE leva informa\u00e7\u00e3o para caminhoneiros na campanha Acorda Motorista\",\"datePublished\":\"2023-05-31T16:54:29+00:00\",\"mainEntityOfPage\":{\"@id\":\"https:\\\/\\\/regiaonews.net.br\\\/2022\\\/2023\\\/05\\\/31\\\/servico-de-ouvidoria-da-tebe-leva-informacao-para-caminhoneiros-na-campanha-acorda-motorista\\\/\"},\"wordCount\":230,\"commentCount\":0,\"publisher\":{\"@id\":\"https:\\\/\\\/regiaonews.net.br\\\/2022\\\/#organization\"},\"image\":{\"@id\":\"https:\\\/\\\/regiaonews.net.br\\\/2022\\\/2023\\\/05\\\/31\\\/servico-de-ouvidoria-da-tebe-leva-informacao-para-caminhoneiros-na-campanha-acorda-motorista\\\/#primaryimage\"},\"thumbnailUrl\":\"https:\\\/\\\/regiaonews.net.br\\\/2022\\\/wp-content\\\/uploads\\\/2023\\\/05\\\/image006.jpg\",\"articleSection\":[\"Barretos\",\"Geral\"],\"inLanguage\":\"pt-BR\",\"potentialAction\":[{\"@type\":\"CommentAction\",\"name\":\"Comment\",\"target\":[\"https:\\\/\\\/regiaonews.net.br\\\/2022\\\/2023\\\/05\\\/31\\\/servico-de-ouvidoria-da-tebe-leva-informacao-para-caminhoneiros-na-campanha-acorda-motorista\\\/#respond\"]}]},{\"@type\":\"WebPage\",\"@id\":\"https:\\\/\\\/regiaonews.net.br\\\/2022\\\/2023\\\/05\\\/31\\\/servico-de-ouvidoria-da-tebe-leva-informacao-para-caminhoneiros-na-campanha-acorda-motorista\\\/\",\"url\":\"https:\\\/\\\/regiaonews.net.br\\\/2022\\\/2023\\\/05\\\/31\\\/servico-de-ouvidoria-da-tebe-leva-informacao-para-caminhoneiros-na-campanha-acorda-motorista\\\/\",\"name\":\"Servi\u00e7o de Ouvidoria da TEBE leva informa\u00e7\u00e3o para caminhoneiros na campanha Acorda Motorista - Regi\u00e3o News\",\"isPartOf\":{\"@id\":\"https:\\\/\\\/regiaonews.net.br\\\/2022\\\/#website\"},\"primaryImageOfPage\":{\"@id\":\"https:\\\/\\\/regiaonews.net.br\\\/2022\\\/2023\\\/05\\\/31\\\/servico-de-ouvidoria-da-tebe-leva-informacao-para-caminhoneiros-na-campanha-acorda-motorista\\\/#primaryimage\"},\"image\":{\"@id\":\"https:\\\/\\\/regiaonews.net.br\\\/2022\\\/2023\\\/05\\\/31\\\/servico-de-ouvidoria-da-tebe-leva-informacao-para-caminhoneiros-na-campanha-acorda-motorista\\\/#primaryimage\"},\"thumbnailUrl\":\"https:\\\/\\\/regiaonews.net.br\\\/2022\\\/wp-content\\\/uploads\\\/2023\\\/05\\\/image006.jpg\",\"datePublished\":\"2023-05-31T16:54:29+00:00\",\"breadcrumb\":{\"@id\":\"https:\\\/\\\/regiaonews.net.br\\\/2022\\\/2023\\\/05\\\/31\\\/servico-de-ouvidoria-da-tebe-leva-informacao-para-caminhoneiros-na-campanha-acorda-motorista\\\/#breadcrumb\"},\"inLanguage\":\"pt-BR\",\"potentialAction\":[{\"@type\":\"ReadAction\",\"target\":[\"https:\\\/\\\/regiaonews.net.br\\\/2022\\\/2023\\\/05\\\/31\\\/servico-de-ouvidoria-da-tebe-leva-informacao-para-caminhoneiros-na-campanha-acorda-motorista\\\/\"]}]},{\"@type\":\"ImageObject\",\"inLanguage\":\"pt-BR\",\"@id\":\"https:\\\/\\\/regiaonews.net.br\\\/2022\\\/2023\\\/05\\\/31\\\/servico-de-ouvidoria-da-tebe-leva-informacao-para-caminhoneiros-na-campanha-acorda-motorista\\\/#primaryimage\",\"url\":\"https:\\\/\\\/regiaonews.net.br\\\/2022\\\/wp-content\\\/uploads\\\/2023\\\/05\\\/image006.jpg\",\"contentUrl\":\"https:\\\/\\\/regiaonews.net.br\\\/2022\\\/wp-content\\\/uploads\\\/2023\\\/05\\\/image006.jpg\",\"width\":557,\"height\":500},{\"@type\":\"BreadcrumbList\",\"@id\":\"https:\\\/\\\/regiaonews.net.br\\\/2022\\\/2023\\\/05\\\/31\\\/servico-de-ouvidoria-da-tebe-leva-informacao-para-caminhoneiros-na-campanha-acorda-motorista\\\/#breadcrumb\",\"itemListElement\":[{\"@type\":\"ListItem\",\"position\":1,\"name\":\"In\u00edcio\",\"item\":\"https:\\\/\\\/regiaonews.net.br\\\/2022\\\/\"},{\"@type\":\"ListItem\",\"position\":2,\"name\":\"Servi\u00e7o de Ouvidoria da TEBE leva informa\u00e7\u00e3o para caminhoneiros na campanha Acorda Motorista\"}]},{\"@type\":\"WebSite\",\"@id\":\"https:\\\/\\\/regiaonews.net.br\\\/2022\\\/#website\",\"url\":\"https:\\\/\\\/regiaonews.net.br\\\/2022\\\/\",\"name\":\"Regi\u00e3o News\",\"description\":\"Site de Not\u00edcias de Barretos e regi\u00e3o\",\"publisher\":{\"@id\":\"https:\\\/\\\/regiaonews.net.br\\\/2022\\\/#organization\"},\"potentialAction\":[{\"@type\":\"SearchAction\",\"target\":{\"@type\":\"EntryPoint\",\"urlTemplate\":\"https:\\\/\\\/regiaonews.net.br\\\/2022\\\/?s={search_term_string}\"},\"query-input\":{\"@type\":\"PropertyValueSpecification\",\"valueRequired\":true,\"valueName\":\"search_term_string\"}}],\"inLanguage\":\"pt-BR\"},{\"@type\":\"Organization\",\"@id\":\"https:\\\/\\\/regiaonews.net.br\\\/2022\\\/#organization\",\"name\":\"Regi\u00e3o News\",\"url\":\"https:\\\/\\\/regiaonews.net.br\\\/2022\\\/\",\"logo\":{\"@type\":\"ImageObject\",\"inLanguage\":\"pt-BR\",\"@id\":\"https:\\\/\\\/regiaonews.net.br\\\/2022\\\/#\\\/schema\\\/logo\\\/image\\\/\",\"url\":\"https:\\\/\\\/regiaonews.net.br\\\/2022\\\/wp-content\\\/uploads\\\/2026\\\/03\\\/regiao-13-anos-scaled.jpg\",\"contentUrl\":\"https:\\\/\\\/regiaonews.net.br\\\/2022\\\/wp-content\\\/uploads\\\/2026\\\/03\\\/regiao-13-anos-scaled.jpg\",\"width\":2560,\"height\":635,\"caption\":\"Regi\u00e3o News\"},\"image\":{\"@id\":\"https:\\\/\\\/regiaonews.net.br\\\/2022\\\/#\\\/schema\\\/logo\\\/image\\\/\"}},{\"@type\":\"Person\",\"@id\":\"https:\\\/\\\/regiaonews.net.br\\\/2022\\\/#\\\/schema\\\/person\\\/2d205a608a5aa97ac279d7a5e6d89ad8\",\"name\":\"Roberto\",\"image\":{\"@type\":\"ImageObject\",\"inLanguage\":\"pt-BR\",\"@id\":\"https:\\\/\\\/secure.gravatar.com\\\/avatar\\\/42749d8b712ff9d59ca93dc150494e5b55a44134482993f5baeb97e61b7ecc89?s=96&d=mm&r=g\",\"url\":\"https:\\\/\\\/secure.gravatar.com\\\/avatar\\\/42749d8b712ff9d59ca93dc150494e5b55a44134482993f5baeb97e61b7ecc89?s=96&d=mm&r=g\",\"contentUrl\":\"https:\\\/\\\/secure.gravatar.com\\\/avatar\\\/42749d8b712ff9d59ca93dc150494e5b55a44134482993f5baeb97e61b7ecc89?s=96&d=mm&r=g\",\"caption\":\"Roberto\"},\"url\":\"https:\\\/\\\/regiaonews.net.br\\\/2022\\\/author\\\/roberto\\\/\"}]}<\/script>\n<!-- \/ Yoast SEO plugin. -->","yoast_head_json":{"title":"Servi\u00e7o de Ouvidoria da TEBE leva informa\u00e7\u00e3o para caminhoneiros na campanha Acorda Motorista - Regi\u00e3o News","robots":{"index":"index","follow":"follow","max-snippet":"max-snippet:-1","max-image-preview":"max-image-preview:large","max-video-preview":"max-video-preview:-1"},"canonical":"https:\/\/regiaonews.net.br\/2022\/2023\/05\/31\/servico-de-ouvidoria-da-tebe-leva-informacao-para-caminhoneiros-na-campanha-acorda-motorista\/","og_locale":"pt_BR","og_type":"article","og_title":"Servi\u00e7o de Ouvidoria da TEBE leva informa\u00e7\u00e3o para caminhoneiros na campanha Acorda Motorista - Regi\u00e3o News","og_description":"TEBE informou os usu\u00e1rios quais os servi\u00e7os dispon\u00edveis na ouvidoria.","og_url":"https:\/\/regiaonews.net.br\/2022\/2023\/05\/31\/servico-de-ouvidoria-da-tebe-leva-informacao-para-caminhoneiros-na-campanha-acorda-motorista\/","og_site_name":"Regi\u00e3o News","article_published_time":"2023-05-31T16:54:29+00:00","og_image":[{"width":557,"height":500,"url":"https:\/\/regiaonews.net.br\/2022\/wp-content\/uploads\/2023\/05\/image006.jpg","type":"image\/jpeg"}],"author":"Roberto","twitter_card":"summary_large_image","twitter_misc":{"Escrito por":"Roberto","Est. tempo de leitura":"2 minutos"},"schema":{"@context":"https:\/\/schema.org","@graph":[{"@type":"Article","@id":"https:\/\/regiaonews.net.br\/2022\/2023\/05\/31\/servico-de-ouvidoria-da-tebe-leva-informacao-para-caminhoneiros-na-campanha-acorda-motorista\/#article","isPartOf":{"@id":"https:\/\/regiaonews.net.br\/2022\/2023\/05\/31\/servico-de-ouvidoria-da-tebe-leva-informacao-para-caminhoneiros-na-campanha-acorda-motorista\/"},"author":{"name":"Roberto","@id":"https:\/\/regiaonews.net.br\/2022\/#\/schema\/person\/2d205a608a5aa97ac279d7a5e6d89ad8"},"headline":"Servi\u00e7o de Ouvidoria da TEBE leva informa\u00e7\u00e3o para caminhoneiros na campanha Acorda Motorista","datePublished":"2023-05-31T16:54:29+00:00","mainEntityOfPage":{"@id":"https:\/\/regiaonews.net.br\/2022\/2023\/05\/31\/servico-de-ouvidoria-da-tebe-leva-informacao-para-caminhoneiros-na-campanha-acorda-motorista\/"},"wordCount":230,"commentCount":0,"publisher":{"@id":"https:\/\/regiaonews.net.br\/2022\/#organization"},"image":{"@id":"https:\/\/regiaonews.net.br\/2022\/2023\/05\/31\/servico-de-ouvidoria-da-tebe-leva-informacao-para-caminhoneiros-na-campanha-acorda-motorista\/#primaryimage"},"thumbnailUrl":"https:\/\/regiaonews.net.br\/2022\/wp-content\/uploads\/2023\/05\/image006.jpg","articleSection":["Barretos","Geral"],"inLanguage":"pt-BR","potentialAction":[{"@type":"CommentAction","name":"Comment","target":["https:\/\/regiaonews.net.br\/2022\/2023\/05\/31\/servico-de-ouvidoria-da-tebe-leva-informacao-para-caminhoneiros-na-campanha-acorda-motorista\/#respond"]}]},{"@type":"WebPage","@id":"https:\/\/regiaonews.net.br\/2022\/2023\/05\/31\/servico-de-ouvidoria-da-tebe-leva-informacao-para-caminhoneiros-na-campanha-acorda-motorista\/","url":"https:\/\/regiaonews.net.br\/2022\/2023\/05\/31\/servico-de-ouvidoria-da-tebe-leva-informacao-para-caminhoneiros-na-campanha-acorda-motorista\/","name":"Servi\u00e7o de Ouvidoria da TEBE leva informa\u00e7\u00e3o para caminhoneiros na campanha Acorda Motorista - Regi\u00e3o News","isPartOf":{"@id":"https:\/\/regiaonews.net.br\/2022\/#website"},"primaryImageOfPage":{"@id":"https:\/\/regiaonews.net.br\/2022\/2023\/05\/31\/servico-de-ouvidoria-da-tebe-leva-informacao-para-caminhoneiros-na-campanha-acorda-motorista\/#primaryimage"},"image":{"@id":"https:\/\/regiaonews.net.br\/2022\/2023\/05\/31\/servico-de-ouvidoria-da-tebe-leva-informacao-para-caminhoneiros-na-campanha-acorda-motorista\/#primaryimage"},"thumbnailUrl":"https:\/\/regiaonews.net.br\/2022\/wp-content\/uploads\/2023\/05\/image006.jpg","datePublished":"2023-05-31T16:54:29+00:00","breadcrumb":{"@id":"https:\/\/regiaonews.net.br\/2022\/2023\/05\/31\/servico-de-ouvidoria-da-tebe-leva-informacao-para-caminhoneiros-na-campanha-acorda-motorista\/#breadcrumb"},"inLanguage":"pt-BR","potentialAction":[{"@type":"ReadAction","target":["https:\/\/regiaonews.net.br\/2022\/2023\/05\/31\/servico-de-ouvidoria-da-tebe-leva-informacao-para-caminhoneiros-na-campanha-acorda-motorista\/"]}]},{"@type":"ImageObject","inLanguage":"pt-BR","@id":"https:\/\/regiaonews.net.br\/2022\/2023\/05\/31\/servico-de-ouvidoria-da-tebe-leva-informacao-para-caminhoneiros-na-campanha-acorda-motorista\/#primaryimage","url":"https:\/\/regiaonews.net.br\/2022\/wp-content\/uploads\/2023\/05\/image006.jpg","contentUrl":"https:\/\/regiaonews.net.br\/2022\/wp-content\/uploads\/2023\/05\/image006.jpg","width":557,"height":500},{"@type":"BreadcrumbList","@id":"https:\/\/regiaonews.net.br\/2022\/2023\/05\/31\/servico-de-ouvidoria-da-tebe-leva-informacao-para-caminhoneiros-na-campanha-acorda-motorista\/#breadcrumb","itemListElement":[{"@type":"ListItem","position":1,"name":"In\u00edcio","item":"https:\/\/regiaonews.net.br\/2022\/"},{"@type":"ListItem","position":2,"name":"Servi\u00e7o de Ouvidoria da TEBE leva informa\u00e7\u00e3o para caminhoneiros na campanha Acorda Motorista"}]},{"@type":"WebSite","@id":"https:\/\/regiaonews.net.br\/2022\/#website","url":"https:\/\/regiaonews.net.br\/2022\/","name":"Regi\u00e3o News","description":"Site de Not\u00edcias de Barretos e regi\u00e3o","publisher":{"@id":"https:\/\/regiaonews.net.br\/2022\/#organization"},"potentialAction":[{"@type":"SearchAction","target":{"@type":"EntryPoint","urlTemplate":"https:\/\/regiaonews.net.br\/2022\/?s={search_term_string}"},"query-input":{"@type":"PropertyValueSpecification","valueRequired":true,"valueName":"search_term_string"}}],"inLanguage":"pt-BR"},{"@type":"Organization","@id":"https:\/\/regiaonews.net.br\/2022\/#organization","name":"Regi\u00e3o News","url":"https:\/\/regiaonews.net.br\/2022\/","logo":{"@type":"ImageObject","inLanguage":"pt-BR","@id":"https:\/\/regiaonews.net.br\/2022\/#\/schema\/logo\/image\/","url":"https:\/\/regiaonews.net.br\/2022\/wp-content\/uploads\/2026\/03\/regiao-13-anos-scaled.jpg","contentUrl":"https:\/\/regiaonews.net.br\/2022\/wp-content\/uploads\/2026\/03\/regiao-13-anos-scaled.jpg","width":2560,"height":635,"caption":"Regi\u00e3o News"},"image":{"@id":"https:\/\/regiaonews.net.br\/2022\/#\/schema\/logo\/image\/"}},{"@type":"Person","@id":"https:\/\/regiaonews.net.br\/2022\/#\/schema\/person\/2d205a608a5aa97ac279d7a5e6d89ad8","name":"Roberto","image":{"@type":"ImageObject","inLanguage":"pt-BR","@id":"https:\/\/secure.gravatar.com\/avatar\/42749d8b712ff9d59ca93dc150494e5b55a44134482993f5baeb97e61b7ecc89?s=96&d=mm&r=g","url":"https:\/\/secure.gravatar.com\/avatar\/42749d8b712ff9d59ca93dc150494e5b55a44134482993f5baeb97e61b7ecc89?s=96&d=mm&r=g","contentUrl":"https:\/\/secure.gravatar.com\/avatar\/42749d8b712ff9d59ca93dc150494e5b55a44134482993f5baeb97e61b7ecc89?s=96&d=mm&r=g","caption":"Roberto"},"url":"https:\/\/regiaonews.net.br\/2022\/author\/roberto\/"}]}},"publishpress_future_action":{"enabled":false,"date":"2026-05-04 05:04:40","action":"change-status","newStatus":"draft","terms":[],"taxonomy":"category","extraData":[]},"publishpress_future_workflow_manual_trigger":{"enabledWorkflows":[]},"_links":{"self":[{"href":"https:\/\/regiaonews.net.br\/2022\/wp-json\/wp\/v2\/posts\/89166","targetHints":{"allow":["GET"]}}],"collection":[{"href":"https:\/\/regiaonews.net.br\/2022\/wp-json\/wp\/v2\/posts"}],"about":[{"href":"https:\/\/regiaonews.net.br\/2022\/wp-json\/wp\/v2\/types\/post"}],"author":[{"embeddable":true,"href":"https:\/\/regiaonews.net.br\/2022\/wp-json\/wp\/v2\/users\/2"}],"replies":[{"embeddable":true,"href":"https:\/\/regiaonews.net.br\/2022\/wp-json\/wp\/v2\/comments?post=89166"}],"version-history":[{"count":1,"href":"https:\/\/regiaonews.net.br\/2022\/wp-json\/wp\/v2\/posts\/89166\/revisions"}],"predecessor-version":[{"id":89168,"href":"https:\/\/regiaonews.net.br\/2022\/wp-json\/wp\/v2\/posts\/89166\/revisions\/89168"}],"wp:featuredmedia":[{"embeddable":true,"href":"https:\/\/regiaonews.net.br\/2022\/wp-json\/wp\/v2\/media\/89167"}],"wp:attachment":[{"href":"https:\/\/regiaonews.net.br\/2022\/wp-json\/wp\/v2\/media?parent=89166"}],"wp:term":[{"taxonomy":"category","embeddable":true,"href":"https:\/\/regiaonews.net.br\/2022\/wp-json\/wp\/v2\/categories?post=89166"},{"taxonomy":"post_tag","embeddable":true,"href":"https:\/\/regiaonews.net.br\/2022\/wp-json\/wp\/v2\/tags?post=89166"}],"curies":[{"name":"wp","href":"https:\/\/api.w.org\/{rel}","templated":true}]}}