{"id":89163,"date":"2023-05-31T13:52:03","date_gmt":"2023-05-31T16:52:03","guid":{"rendered":"https:\/\/regiaonews.net.br\/2022\/?p=89163"},"modified":"2023-05-31T13:52:03","modified_gmt":"2023-05-31T16:52:03","slug":"camara-economiza-e-devolve-mais-r-350-mil-ao-municipio-em-abril-e-maio-de-2023","status":"publish","type":"post","link":"https:\/\/regiaonews.net.br\/2022\/2023\/05\/31\/camara-economiza-e-devolve-mais-r-350-mil-ao-municipio-em-abril-e-maio-de-2023\/","title":{"rendered":"C\u00e2mara economiza e devolve mais R$ 350 mil ao Munic\u00edpio em abril e maio de 2023"},"content":{"rendered":"<h3 style=\"text-align: center;\">Total devolvido no ano chega a R$ 900 mil. Transfer\u00eancia foi realizada na tarde de ter\u00e7a-feira (30\/maio). Dinheiro poder\u00e1 ser utilizado para melhorias em diversas \u00e1reas da cidade.<\/h3>\n<p dir=\"ltr\">A C\u00e2mara de Barretos devolveu\u00a0<strong>R$ 350 mil\u00a0<\/strong>\u00e0 Prefeitura na tarde de ter\u00e7a-feira (30\/maio). O valor \u00e9 referente \u00e0s economias dos duod\u00e9cimos feitas pela\u00a0<a title=\"\" href=\"https:\/\/camarabarretos.sp.gov.br\/mesa-diretora\" target=\"_blank\" rel=\"noopener\" data-original-title=\"\">Mesa Diretora<\/a>\u00a0\u00a0do Legislativo nos\u00a0<strong>meses de abril e maio de 2023.\u00a0<\/strong><\/p>\n<p dir=\"ltr\"><strong>O\u00a0dinheiro foi enviado por transfer\u00eancia banc\u00e1ria e poder\u00e1 ser utilizado pela Prefeitura para a realiza\u00e7\u00e3o de melhorias em diversas \u00e1reas da cidade<\/strong>.<\/p>\n<p dir=\"ltr\">Essa \u00e9 a segunda devolu\u00e7\u00e3o feita pela atual Mesa Diretora no ano.\u00a0<strong>Entre janeiro e mar\u00e7o\u00a0<a title=\"\" href=\"https:\/\/camarabarretos.sp.gov.br\/noticia\/camara-economiza-e-devolve-mais-de-meio-milhao-ao-municipio-no-primeiro-trimestre-de-2023!5370\" target=\"_blank\" rel=\"noopener\" data-original-title=\"\">foram devolvidos R$ 550 mil<\/a>.<\/strong><\/p>\n<p dir=\"ltr\"><strong>Ao todo, em 2023, a C\u00e2mara j\u00e1 devolveu\u00a0R$ 900 mil dos duod\u00e9cimos \u00e0 Prefeitura.<\/strong><\/p>\n<p dir=\"ltr\">De acordo com Constitui\u00e7\u00e3o Federal, os valores que a C\u00e2mara recebe da Prefeitura por meio dos \u201cduod\u00e9cimos\u201d (repasses mensais at\u00e9 o dia 20) e que n\u00e3o forem utilizados no decorrer do Exerc\u00edcio, precisam ser devolvidos aos cofres do Munic\u00edpio at\u00e9 o \u00faltimo dia \u00fatil do ano.\u00a0Por\u00e9m,\u00a0<strong>o Presidente da C\u00e2mara,\u00a0<\/strong><strong>vereador Lu\u00eds Paulo Vieira &#8211; Lupa (PRTB),<\/strong><strong>\u00a0atendendo \u00e0 recomenda\u00e7\u00e3o do Tribunal de Contas, \u00a0anunciou que vai fazer as devolu\u00e7\u00f5es \u00e0 Prefeitura de forma bimestral.\u00a0<\/strong><\/p>\n<p dir=\"ltr\"><strong><u>MAIS ECONOMIA:\u00a0<\/u>REDU\u00c7\u00c3O DE R$ 4,5 MILH\u00d5ES NO OR\u00c7AMENTO PARA 2023<\/strong><\/p>\n<p dir=\"ltr\">No final de 2022, os vereadores aprovaram a\u00a0<strong>redu\u00e7\u00e3o no valor do Or\u00e7amento da C\u00e2mara para 2023.<\/strong><\/p>\n<p dir=\"ltr\">De acordo com o\u00a0<a title=\"\" href=\"http:\/\/www.senado.leg.br\/atividade\/const\/con1988\/CON1988_15.09.2015\/art_29-A_.asp\" data-original-title=\"\">Art. 29-A da Constitui\u00e7\u00e3o Federal<\/a>\u00a0, o\u00a0<strong>Or\u00e7amento da C\u00e2mara\u00a0poderia ser de R$ 21,2 milh\u00f5es<\/strong>. Por\u00e9m, ap\u00f3s uma diminui\u00e7\u00e3o dos gastos e\u00a0digitaliza\u00e7\u00e3o de processos legislativos, a Mesa Diretora (2021-2022) &#8211; com apoio dos vereadores &#8211;\u00a0<strong>fixou o Or\u00e7amento da C\u00e2mara em R$ 16,7 milh\u00f5es, gerando uma economia imediata de R$ 4,5 milh\u00f5es ao Munic\u00edpio.<\/strong><\/p>\n","protected":false},"excerpt":{"rendered":"<p>Total devolvido no ano chega a R$ 900 mil. Transfer\u00eancia<\/p>\n","protected":false},"author":2,"featured_media":89164,"comment_status":"open","ping_status":"open","sticky":false,"template":"","format":"standard","meta":{"footnotes":""},"categories":[14,22],"tags":[],"class_list":["post-89163","post","type-post","status-publish","format-standard","has-post-thumbnail","hentry","category-barretos","category-politica"],"yoast_head":"<!-- This site is optimized with the Yoast SEO plugin v27.4 - https:\/\/yoast.com\/product\/yoast-seo-wordpress\/ -->\n<title>C\u00e2mara economiza e devolve mais R$ 350 mil ao Munic\u00edpio em abril e maio de 2023 - Regi\u00e3o News<\/title>\n<meta name=\"robots\" content=\"index, follow, max-snippet:-1, max-image-preview:large, max-video-preview:-1\" \/>\n<link rel=\"canonical\" href=\"https:\/\/regiaonews.net.br\/2022\/2023\/05\/31\/camara-economiza-e-devolve-mais-r-350-mil-ao-municipio-em-abril-e-maio-de-2023\/\" \/>\n<meta property=\"og:locale\" content=\"pt_BR\" \/>\n<meta property=\"og:type\" content=\"article\" \/>\n<meta property=\"og:title\" content=\"C\u00e2mara economiza e devolve mais R$ 350 mil ao Munic\u00edpio em abril e maio de 2023 - Regi\u00e3o News\" \/>\n<meta property=\"og:description\" content=\"Total devolvido no ano chega a R$ 900 mil. Transfer\u00eancia\" \/>\n<meta property=\"og:url\" content=\"https:\/\/regiaonews.net.br\/2022\/2023\/05\/31\/camara-economiza-e-devolve-mais-r-350-mil-ao-municipio-em-abril-e-maio-de-2023\/\" \/>\n<meta property=\"og:site_name\" content=\"Regi\u00e3o News\" \/>\n<meta property=\"article:published_time\" content=\"2023-05-31T16:52:03+00:00\" \/>\n<meta property=\"og:image\" content=\"https:\/\/regiaonews.net.br\/2022\/wp-content\/uploads\/2023\/05\/alta_168554849964776dd3f2ddc.jpg\" \/>\n\t<meta property=\"og:image:width\" content=\"1080\" \/>\n\t<meta property=\"og:image:height\" content=\"1080\" \/>\n\t<meta property=\"og:image:type\" content=\"image\/jpeg\" \/>\n<meta name=\"author\" content=\"Roberto\" \/>\n<meta name=\"twitter:card\" content=\"summary_large_image\" \/>\n<meta name=\"twitter:label1\" content=\"Escrito por\" \/>\n\t<meta name=\"twitter:data1\" content=\"Roberto\" \/>\n\t<meta name=\"twitter:label2\" content=\"Est. tempo de leitura\" \/>\n\t<meta name=\"twitter:data2\" content=\"2 minutos\" \/>\n<script type=\"application\/ld+json\" class=\"yoast-schema-graph\">{\"@context\":\"https:\\\/\\\/schema.org\",\"@graph\":[{\"@type\":\"Article\",\"@id\":\"https:\\\/\\\/regiaonews.net.br\\\/2022\\\/2023\\\/05\\\/31\\\/camara-economiza-e-devolve-mais-r-350-mil-ao-municipio-em-abril-e-maio-de-2023\\\/#article\",\"isPartOf\":{\"@id\":\"https:\\\/\\\/regiaonews.net.br\\\/2022\\\/2023\\\/05\\\/31\\\/camara-economiza-e-devolve-mais-r-350-mil-ao-municipio-em-abril-e-maio-de-2023\\\/\"},\"author\":{\"name\":\"Roberto\",\"@id\":\"https:\\\/\\\/regiaonews.net.br\\\/2022\\\/#\\\/schema\\\/person\\\/2d205a608a5aa97ac279d7a5e6d89ad8\"},\"headline\":\"C\u00e2mara economiza e devolve mais R$ 350 mil ao Munic\u00edpio em abril e maio de 2023\",\"datePublished\":\"2023-05-31T16:52:03+00:00\",\"mainEntityOfPage\":{\"@id\":\"https:\\\/\\\/regiaonews.net.br\\\/2022\\\/2023\\\/05\\\/31\\\/camara-economiza-e-devolve-mais-r-350-mil-ao-municipio-em-abril-e-maio-de-2023\\\/\"},\"wordCount\":325,\"commentCount\":0,\"publisher\":{\"@id\":\"https:\\\/\\\/regiaonews.net.br\\\/2022\\\/#organization\"},\"image\":{\"@id\":\"https:\\\/\\\/regiaonews.net.br\\\/2022\\\/2023\\\/05\\\/31\\\/camara-economiza-e-devolve-mais-r-350-mil-ao-municipio-em-abril-e-maio-de-2023\\\/#primaryimage\"},\"thumbnailUrl\":\"https:\\\/\\\/regiaonews.net.br\\\/2022\\\/wp-content\\\/uploads\\\/2023\\\/05\\\/alta_168554849964776dd3f2ddc.jpg\",\"articleSection\":[\"Barretos\",\"Pol\u00edtica\"],\"inLanguage\":\"pt-BR\",\"potentialAction\":[{\"@type\":\"CommentAction\",\"name\":\"Comment\",\"target\":[\"https:\\\/\\\/regiaonews.net.br\\\/2022\\\/2023\\\/05\\\/31\\\/camara-economiza-e-devolve-mais-r-350-mil-ao-municipio-em-abril-e-maio-de-2023\\\/#respond\"]}]},{\"@type\":\"WebPage\",\"@id\":\"https:\\\/\\\/regiaonews.net.br\\\/2022\\\/2023\\\/05\\\/31\\\/camara-economiza-e-devolve-mais-r-350-mil-ao-municipio-em-abril-e-maio-de-2023\\\/\",\"url\":\"https:\\\/\\\/regiaonews.net.br\\\/2022\\\/2023\\\/05\\\/31\\\/camara-economiza-e-devolve-mais-r-350-mil-ao-municipio-em-abril-e-maio-de-2023\\\/\",\"name\":\"C\u00e2mara economiza e devolve mais R$ 350 mil ao Munic\u00edpio em abril e maio de 2023 - Regi\u00e3o News\",\"isPartOf\":{\"@id\":\"https:\\\/\\\/regiaonews.net.br\\\/2022\\\/#website\"},\"primaryImageOfPage\":{\"@id\":\"https:\\\/\\\/regiaonews.net.br\\\/2022\\\/2023\\\/05\\\/31\\\/camara-economiza-e-devolve-mais-r-350-mil-ao-municipio-em-abril-e-maio-de-2023\\\/#primaryimage\"},\"image\":{\"@id\":\"https:\\\/\\\/regiaonews.net.br\\\/2022\\\/2023\\\/05\\\/31\\\/camara-economiza-e-devolve-mais-r-350-mil-ao-municipio-em-abril-e-maio-de-2023\\\/#primaryimage\"},\"thumbnailUrl\":\"https:\\\/\\\/regiaonews.net.br\\\/2022\\\/wp-content\\\/uploads\\\/2023\\\/05\\\/alta_168554849964776dd3f2ddc.jpg\",\"datePublished\":\"2023-05-31T16:52:03+00:00\",\"breadcrumb\":{\"@id\":\"https:\\\/\\\/regiaonews.net.br\\\/2022\\\/2023\\\/05\\\/31\\\/camara-economiza-e-devolve-mais-r-350-mil-ao-municipio-em-abril-e-maio-de-2023\\\/#breadcrumb\"},\"inLanguage\":\"pt-BR\",\"potentialAction\":[{\"@type\":\"ReadAction\",\"target\":[\"https:\\\/\\\/regiaonews.net.br\\\/2022\\\/2023\\\/05\\\/31\\\/camara-economiza-e-devolve-mais-r-350-mil-ao-municipio-em-abril-e-maio-de-2023\\\/\"]}]},{\"@type\":\"ImageObject\",\"inLanguage\":\"pt-BR\",\"@id\":\"https:\\\/\\\/regiaonews.net.br\\\/2022\\\/2023\\\/05\\\/31\\\/camara-economiza-e-devolve-mais-r-350-mil-ao-municipio-em-abril-e-maio-de-2023\\\/#primaryimage\",\"url\":\"https:\\\/\\\/regiaonews.net.br\\\/2022\\\/wp-content\\\/uploads\\\/2023\\\/05\\\/alta_168554849964776dd3f2ddc.jpg\",\"contentUrl\":\"https:\\\/\\\/regiaonews.net.br\\\/2022\\\/wp-content\\\/uploads\\\/2023\\\/05\\\/alta_168554849964776dd3f2ddc.jpg\",\"width\":1080,\"height\":1080},{\"@type\":\"BreadcrumbList\",\"@id\":\"https:\\\/\\\/regiaonews.net.br\\\/2022\\\/2023\\\/05\\\/31\\\/camara-economiza-e-devolve-mais-r-350-mil-ao-municipio-em-abril-e-maio-de-2023\\\/#breadcrumb\",\"itemListElement\":[{\"@type\":\"ListItem\",\"position\":1,\"name\":\"In\u00edcio\",\"item\":\"https:\\\/\\\/regiaonews.net.br\\\/2022\\\/\"},{\"@type\":\"ListItem\",\"position\":2,\"name\":\"C\u00e2mara economiza e devolve mais R$ 350 mil ao Munic\u00edpio em abril e maio de 2023\"}]},{\"@type\":\"WebSite\",\"@id\":\"https:\\\/\\\/regiaonews.net.br\\\/2022\\\/#website\",\"url\":\"https:\\\/\\\/regiaonews.net.br\\\/2022\\\/\",\"name\":\"Regi\u00e3o News\",\"description\":\"Site de Not\u00edcias de Barretos e regi\u00e3o\",\"publisher\":{\"@id\":\"https:\\\/\\\/regiaonews.net.br\\\/2022\\\/#organization\"},\"potentialAction\":[{\"@type\":\"SearchAction\",\"target\":{\"@type\":\"EntryPoint\",\"urlTemplate\":\"https:\\\/\\\/regiaonews.net.br\\\/2022\\\/?s={search_term_string}\"},\"query-input\":{\"@type\":\"PropertyValueSpecification\",\"valueRequired\":true,\"valueName\":\"search_term_string\"}}],\"inLanguage\":\"pt-BR\"},{\"@type\":\"Organization\",\"@id\":\"https:\\\/\\\/regiaonews.net.br\\\/2022\\\/#organization\",\"name\":\"Regi\u00e3o News\",\"url\":\"https:\\\/\\\/regiaonews.net.br\\\/2022\\\/\",\"logo\":{\"@type\":\"ImageObject\",\"inLanguage\":\"pt-BR\",\"@id\":\"https:\\\/\\\/regiaonews.net.br\\\/2022\\\/#\\\/schema\\\/logo\\\/image\\\/\",\"url\":\"https:\\\/\\\/regiaonews.net.br\\\/2022\\\/wp-content\\\/uploads\\\/2026\\\/03\\\/regiao-13-anos-scaled.jpg\",\"contentUrl\":\"https:\\\/\\\/regiaonews.net.br\\\/2022\\\/wp-content\\\/uploads\\\/2026\\\/03\\\/regiao-13-anos-scaled.jpg\",\"width\":2560,\"height\":635,\"caption\":\"Regi\u00e3o News\"},\"image\":{\"@id\":\"https:\\\/\\\/regiaonews.net.br\\\/2022\\\/#\\\/schema\\\/logo\\\/image\\\/\"}},{\"@type\":\"Person\",\"@id\":\"https:\\\/\\\/regiaonews.net.br\\\/2022\\\/#\\\/schema\\\/person\\\/2d205a608a5aa97ac279d7a5e6d89ad8\",\"name\":\"Roberto\",\"image\":{\"@type\":\"ImageObject\",\"inLanguage\":\"pt-BR\",\"@id\":\"https:\\\/\\\/secure.gravatar.com\\\/avatar\\\/42749d8b712ff9d59ca93dc150494e5b55a44134482993f5baeb97e61b7ecc89?s=96&d=mm&r=g\",\"url\":\"https:\\\/\\\/secure.gravatar.com\\\/avatar\\\/42749d8b712ff9d59ca93dc150494e5b55a44134482993f5baeb97e61b7ecc89?s=96&d=mm&r=g\",\"contentUrl\":\"https:\\\/\\\/secure.gravatar.com\\\/avatar\\\/42749d8b712ff9d59ca93dc150494e5b55a44134482993f5baeb97e61b7ecc89?s=96&d=mm&r=g\",\"caption\":\"Roberto\"},\"url\":\"https:\\\/\\\/regiaonews.net.br\\\/2022\\\/author\\\/roberto\\\/\"}]}<\/script>\n<!-- \/ Yoast SEO plugin. -->","yoast_head_json":{"title":"C\u00e2mara economiza e devolve mais R$ 350 mil ao Munic\u00edpio em abril e maio de 2023 - Regi\u00e3o News","robots":{"index":"index","follow":"follow","max-snippet":"max-snippet:-1","max-image-preview":"max-image-preview:large","max-video-preview":"max-video-preview:-1"},"canonical":"https:\/\/regiaonews.net.br\/2022\/2023\/05\/31\/camara-economiza-e-devolve-mais-r-350-mil-ao-municipio-em-abril-e-maio-de-2023\/","og_locale":"pt_BR","og_type":"article","og_title":"C\u00e2mara economiza e devolve mais R$ 350 mil ao Munic\u00edpio em abril e maio de 2023 - Regi\u00e3o News","og_description":"Total devolvido no ano chega a R$ 900 mil. Transfer\u00eancia","og_url":"https:\/\/regiaonews.net.br\/2022\/2023\/05\/31\/camara-economiza-e-devolve-mais-r-350-mil-ao-municipio-em-abril-e-maio-de-2023\/","og_site_name":"Regi\u00e3o News","article_published_time":"2023-05-31T16:52:03+00:00","og_image":[{"width":1080,"height":1080,"url":"https:\/\/regiaonews.net.br\/2022\/wp-content\/uploads\/2023\/05\/alta_168554849964776dd3f2ddc.jpg","type":"image\/jpeg"}],"author":"Roberto","twitter_card":"summary_large_image","twitter_misc":{"Escrito por":"Roberto","Est. tempo de leitura":"2 minutos"},"schema":{"@context":"https:\/\/schema.org","@graph":[{"@type":"Article","@id":"https:\/\/regiaonews.net.br\/2022\/2023\/05\/31\/camara-economiza-e-devolve-mais-r-350-mil-ao-municipio-em-abril-e-maio-de-2023\/#article","isPartOf":{"@id":"https:\/\/regiaonews.net.br\/2022\/2023\/05\/31\/camara-economiza-e-devolve-mais-r-350-mil-ao-municipio-em-abril-e-maio-de-2023\/"},"author":{"name":"Roberto","@id":"https:\/\/regiaonews.net.br\/2022\/#\/schema\/person\/2d205a608a5aa97ac279d7a5e6d89ad8"},"headline":"C\u00e2mara economiza e devolve mais R$ 350 mil ao Munic\u00edpio em abril e maio de 2023","datePublished":"2023-05-31T16:52:03+00:00","mainEntityOfPage":{"@id":"https:\/\/regiaonews.net.br\/2022\/2023\/05\/31\/camara-economiza-e-devolve-mais-r-350-mil-ao-municipio-em-abril-e-maio-de-2023\/"},"wordCount":325,"commentCount":0,"publisher":{"@id":"https:\/\/regiaonews.net.br\/2022\/#organization"},"image":{"@id":"https:\/\/regiaonews.net.br\/2022\/2023\/05\/31\/camara-economiza-e-devolve-mais-r-350-mil-ao-municipio-em-abril-e-maio-de-2023\/#primaryimage"},"thumbnailUrl":"https:\/\/regiaonews.net.br\/2022\/wp-content\/uploads\/2023\/05\/alta_168554849964776dd3f2ddc.jpg","articleSection":["Barretos","Pol\u00edtica"],"inLanguage":"pt-BR","potentialAction":[{"@type":"CommentAction","name":"Comment","target":["https:\/\/regiaonews.net.br\/2022\/2023\/05\/31\/camara-economiza-e-devolve-mais-r-350-mil-ao-municipio-em-abril-e-maio-de-2023\/#respond"]}]},{"@type":"WebPage","@id":"https:\/\/regiaonews.net.br\/2022\/2023\/05\/31\/camara-economiza-e-devolve-mais-r-350-mil-ao-municipio-em-abril-e-maio-de-2023\/","url":"https:\/\/regiaonews.net.br\/2022\/2023\/05\/31\/camara-economiza-e-devolve-mais-r-350-mil-ao-municipio-em-abril-e-maio-de-2023\/","name":"C\u00e2mara economiza e devolve mais R$ 350 mil ao Munic\u00edpio em abril e maio de 2023 - Regi\u00e3o News","isPartOf":{"@id":"https:\/\/regiaonews.net.br\/2022\/#website"},"primaryImageOfPage":{"@id":"https:\/\/regiaonews.net.br\/2022\/2023\/05\/31\/camara-economiza-e-devolve-mais-r-350-mil-ao-municipio-em-abril-e-maio-de-2023\/#primaryimage"},"image":{"@id":"https:\/\/regiaonews.net.br\/2022\/2023\/05\/31\/camara-economiza-e-devolve-mais-r-350-mil-ao-municipio-em-abril-e-maio-de-2023\/#primaryimage"},"thumbnailUrl":"https:\/\/regiaonews.net.br\/2022\/wp-content\/uploads\/2023\/05\/alta_168554849964776dd3f2ddc.jpg","datePublished":"2023-05-31T16:52:03+00:00","breadcrumb":{"@id":"https:\/\/regiaonews.net.br\/2022\/2023\/05\/31\/camara-economiza-e-devolve-mais-r-350-mil-ao-municipio-em-abril-e-maio-de-2023\/#breadcrumb"},"inLanguage":"pt-BR","potentialAction":[{"@type":"ReadAction","target":["https:\/\/regiaonews.net.br\/2022\/2023\/05\/31\/camara-economiza-e-devolve-mais-r-350-mil-ao-municipio-em-abril-e-maio-de-2023\/"]}]},{"@type":"ImageObject","inLanguage":"pt-BR","@id":"https:\/\/regiaonews.net.br\/2022\/2023\/05\/31\/camara-economiza-e-devolve-mais-r-350-mil-ao-municipio-em-abril-e-maio-de-2023\/#primaryimage","url":"https:\/\/regiaonews.net.br\/2022\/wp-content\/uploads\/2023\/05\/alta_168554849964776dd3f2ddc.jpg","contentUrl":"https:\/\/regiaonews.net.br\/2022\/wp-content\/uploads\/2023\/05\/alta_168554849964776dd3f2ddc.jpg","width":1080,"height":1080},{"@type":"BreadcrumbList","@id":"https:\/\/regiaonews.net.br\/2022\/2023\/05\/31\/camara-economiza-e-devolve-mais-r-350-mil-ao-municipio-em-abril-e-maio-de-2023\/#breadcrumb","itemListElement":[{"@type":"ListItem","position":1,"name":"In\u00edcio","item":"https:\/\/regiaonews.net.br\/2022\/"},{"@type":"ListItem","position":2,"name":"C\u00e2mara economiza e devolve mais R$ 350 mil ao Munic\u00edpio em abril e maio de 2023"}]},{"@type":"WebSite","@id":"https:\/\/regiaonews.net.br\/2022\/#website","url":"https:\/\/regiaonews.net.br\/2022\/","name":"Regi\u00e3o News","description":"Site de Not\u00edcias de Barretos e regi\u00e3o","publisher":{"@id":"https:\/\/regiaonews.net.br\/2022\/#organization"},"potentialAction":[{"@type":"SearchAction","target":{"@type":"EntryPoint","urlTemplate":"https:\/\/regiaonews.net.br\/2022\/?s={search_term_string}"},"query-input":{"@type":"PropertyValueSpecification","valueRequired":true,"valueName":"search_term_string"}}],"inLanguage":"pt-BR"},{"@type":"Organization","@id":"https:\/\/regiaonews.net.br\/2022\/#organization","name":"Regi\u00e3o News","url":"https:\/\/regiaonews.net.br\/2022\/","logo":{"@type":"ImageObject","inLanguage":"pt-BR","@id":"https:\/\/regiaonews.net.br\/2022\/#\/schema\/logo\/image\/","url":"https:\/\/regiaonews.net.br\/2022\/wp-content\/uploads\/2026\/03\/regiao-13-anos-scaled.jpg","contentUrl":"https:\/\/regiaonews.net.br\/2022\/wp-content\/uploads\/2026\/03\/regiao-13-anos-scaled.jpg","width":2560,"height":635,"caption":"Regi\u00e3o News"},"image":{"@id":"https:\/\/regiaonews.net.br\/2022\/#\/schema\/logo\/image\/"}},{"@type":"Person","@id":"https:\/\/regiaonews.net.br\/2022\/#\/schema\/person\/2d205a608a5aa97ac279d7a5e6d89ad8","name":"Roberto","image":{"@type":"ImageObject","inLanguage":"pt-BR","@id":"https:\/\/secure.gravatar.com\/avatar\/42749d8b712ff9d59ca93dc150494e5b55a44134482993f5baeb97e61b7ecc89?s=96&d=mm&r=g","url":"https:\/\/secure.gravatar.com\/avatar\/42749d8b712ff9d59ca93dc150494e5b55a44134482993f5baeb97e61b7ecc89?s=96&d=mm&r=g","contentUrl":"https:\/\/secure.gravatar.com\/avatar\/42749d8b712ff9d59ca93dc150494e5b55a44134482993f5baeb97e61b7ecc89?s=96&d=mm&r=g","caption":"Roberto"},"url":"https:\/\/regiaonews.net.br\/2022\/author\/roberto\/"}]}},"publishpress_future_action":{"enabled":false,"date":"2026-05-04 08:07:02","action":"change-status","newStatus":"draft","terms":[],"taxonomy":"category","extraData":[]},"publishpress_future_workflow_manual_trigger":{"enabledWorkflows":[]},"_links":{"self":[{"href":"https:\/\/regiaonews.net.br\/2022\/wp-json\/wp\/v2\/posts\/89163","targetHints":{"allow":["GET"]}}],"collection":[{"href":"https:\/\/regiaonews.net.br\/2022\/wp-json\/wp\/v2\/posts"}],"about":[{"href":"https:\/\/regiaonews.net.br\/2022\/wp-json\/wp\/v2\/types\/post"}],"author":[{"embeddable":true,"href":"https:\/\/regiaonews.net.br\/2022\/wp-json\/wp\/v2\/users\/2"}],"replies":[{"embeddable":true,"href":"https:\/\/regiaonews.net.br\/2022\/wp-json\/wp\/v2\/comments?post=89163"}],"version-history":[{"count":1,"href":"https:\/\/regiaonews.net.br\/2022\/wp-json\/wp\/v2\/posts\/89163\/revisions"}],"predecessor-version":[{"id":89165,"href":"https:\/\/regiaonews.net.br\/2022\/wp-json\/wp\/v2\/posts\/89163\/revisions\/89165"}],"wp:featuredmedia":[{"embeddable":true,"href":"https:\/\/regiaonews.net.br\/2022\/wp-json\/wp\/v2\/media\/89164"}],"wp:attachment":[{"href":"https:\/\/regiaonews.net.br\/2022\/wp-json\/wp\/v2\/media?parent=89163"}],"wp:term":[{"taxonomy":"category","embeddable":true,"href":"https:\/\/regiaonews.net.br\/2022\/wp-json\/wp\/v2\/categories?post=89163"},{"taxonomy":"post_tag","embeddable":true,"href":"https:\/\/regiaonews.net.br\/2022\/wp-json\/wp\/v2\/tags?post=89163"}],"curies":[{"name":"wp","href":"https:\/\/api.w.org\/{rel}","templated":true}]}}