{"id":89125,"date":"2023-05-30T23:15:22","date_gmt":"2023-05-31T02:15:22","guid":{"rendered":"https:\/\/regiaonews.net.br\/2022\/?p=89125"},"modified":"2023-05-30T23:15:22","modified_gmt":"2023-05-31T02:15:22","slug":"fundo-social-de-colina-lanca-a-campanha-do-agasalho-2023","status":"publish","type":"post","link":"https:\/\/regiaonews.net.br\/2022\/2023\/05\/30\/fundo-social-de-colina-lanca-a-campanha-do-agasalho-2023\/","title":{"rendered":"Fundo Social de Colina lan\u00e7a a Campanha do Agasalho 2023"},"content":{"rendered":"<header class=\"site-header wrapper\" data-font-size=\"\">\n<nav id=\"menu-principal\" class=\"site-nav menu-fixed noPrint\">&nbsp;<\/p>\n<\/nav>\n<\/header>\n<section data-font-size=\"\">\n<section class=\"page-content wrapper\">\n<div data-grid=\"spacing\">\n<div data-cell=\"3of4\">\n<section class=\"post\">\n<div class=\"post-image\"><img decoding=\"async\" src=\"https:\/\/ecrie.com.br\/sistema\/conteudos\/imagem\/m_62_0_1_30052023113000.jpg\" alt=\"Fundo Social de Colina lan\u00e7a a Campanha do Agasalho 2023 no munic\u00edpio\" \/><\/div>\n<div class=\"post-content\">\n<article class=\"post-text\">A Presidente do Fundo Social de Solidariedade de Colina, Prof\u00aa. Liliana Jorge Drubi Taha realizou a abertura oficial da Campanha do Agasalho 2023 no munic\u00edpio. A reuni\u00e3o de lan\u00e7amento ocorreu na ter\u00e7a-feira, dia 23 de maio, na sede da Prefeitura Municipal.<\/p>\n<p>Na oportunidade, estiveram presentes a Prof\u00aa. Elizabete Milani Neme, respons\u00e1vel pelo expediente da Secretaria Municipal de Educa\u00e7\u00e3o e Cultura; a Secret\u00e1ria Municipal de Desenvolvimento Social, Lilian Rodrigues Domeneguetti; o Secret\u00e1rio Municipal de Ind\u00fastria, Com\u00e9rcio e Agricultura, Ren\u00ea Angelo Sasaki de Souza;\u00a0a Coordenadora Municipal de Sa\u00fade, Ana L\u00edvia Rachella Bianchini Terribas e a Coordenadora do Centro de Educa\u00e7\u00e3o Complementar \u201cAntonio Hideo Ikuma\u201d, Prof\u00aa. Loide Ferreira Rosa Fernandes.<\/p>\n<p>As doa\u00e7\u00f5es podem ser feitas nos postos de recolhimento, instalados em locais de grande fluxo de pessoas, como por exemplo, em todos os pr\u00e9dios p\u00fablicos municipais (Fundo Social de Solidariedade; Prefeitura Municipal; Escolas da Rede Municipal de Ensino; Unidades B\u00e1sicas de Sa\u00fade e na sede das Secretarias Municipais); e em diversos pontos do com\u00e9rcio local, tais como: lojas, supermercados e academias.<\/p>\n<p>A Campanha do Agasalho edi\u00e7\u00e3o 2023 acompanha o tema do Governo do Estado de S\u00e3o Paulo, que \u00e9:<em>\u00a0\u201cDoe amor pra quem precisa de calor\u201d,\u00a0<\/em>\u00a0e busca engajar a sociedade para promover um inverno mais digno, solid\u00e1rio e aquecido, \u00e0 popula\u00e7\u00e3o que necessita.<\/p>\n<p>As fam\u00edlias colinenses que necessitam receber as doa\u00e7\u00f5es devem cadastrar-se novamente. Os cadastros dos anos anteriores n\u00e3o ser\u00e3o v\u00e1lidos porque a montagem dos kits de roupas \u00e9 bastante detalhada e os dados da fam\u00edlia devem estar atualizados.<\/p>\n<p>O cadastramento deve ser efetuado na Secretaria Municipal de Desenvolvimento Social, situada na<br \/>\nAvenida Cel. Jos\u00e9 Ven\u00e2ncio, n\u00ba. 51, com atendimento de segunda \u00e0 sexta-feira, das 7h30 \u00e0s 17h. Mais informa\u00e7\u00f5es podem ser obtidas pelos telefones: (17) 3341-3933 e (17) 3341-1126.<\/p>\n<p>A Presidente do Fundo colinense, Prof\u00aa. Liliana Taha refor\u00e7ou a necessidade de pe\u00e7as em bom estado, para que outras pessoas tenham condi\u00e7\u00f5es de utiliz\u00e1-las e informou que durante a arrecada\u00e7\u00e3o, s\u00e3o aceitas pe\u00e7as de inverno e ver\u00e3o. \u201cPor\u00e9m, \u00e9 muito importante destacar que nossa maior necessidade s\u00e3o roupas de inverno masculinas e femininas (adulto e infantil), como por exemplo: cobertores, conjuntos de moletons, palet\u00f3s, camisas e blusas de manga longa. Contamos com a solidariedade de toda a comunidade colinense para que possamos ajudar as fam\u00edlias necessitadas neste inverno. Esta \u00e9 uma Campanha muito importante e tenho certeza que ser\u00e1 bem sucedida\u201d, finalizou.<\/p>\n<p>&nbsp;<\/p>\n<\/article>\n<\/div>\n<\/section>\n<\/div>\n<\/div>\n<\/section>\n<\/section>\n","protected":false},"excerpt":{"rendered":"<p>&nbsp; A Presidente do Fundo Social de Solidariedade de Colina,<\/p>\n","protected":false},"author":2,"featured_media":89126,"comment_status":"open","ping_status":"open","sticky":false,"template":"","format":"standard","meta":{"footnotes":""},"categories":[5,111],"tags":[],"class_list":["post-89125","post","type-post","status-publish","format-standard","has-post-thumbnail","hentry","category-colina","category-cotidiano"],"yoast_head":"<!-- This site is optimized with the Yoast SEO plugin v27.4 - https:\/\/yoast.com\/product\/yoast-seo-wordpress\/ -->\n<title>Fundo Social de Colina lan\u00e7a a Campanha do Agasalho 2023 - Regi\u00e3o News<\/title>\n<meta name=\"robots\" content=\"index, follow, max-snippet:-1, max-image-preview:large, max-video-preview:-1\" \/>\n<link rel=\"canonical\" href=\"https:\/\/regiaonews.net.br\/2022\/2023\/05\/30\/fundo-social-de-colina-lanca-a-campanha-do-agasalho-2023\/\" \/>\n<meta property=\"og:locale\" content=\"pt_BR\" \/>\n<meta property=\"og:type\" content=\"article\" \/>\n<meta property=\"og:title\" content=\"Fundo Social de Colina lan\u00e7a a Campanha do Agasalho 2023 - Regi\u00e3o News\" \/>\n<meta property=\"og:description\" content=\"&nbsp; A Presidente do Fundo Social de Solidariedade de Colina,\" \/>\n<meta property=\"og:url\" content=\"https:\/\/regiaonews.net.br\/2022\/2023\/05\/30\/fundo-social-de-colina-lanca-a-campanha-do-agasalho-2023\/\" \/>\n<meta property=\"og:site_name\" content=\"Regi\u00e3o News\" \/>\n<meta property=\"article:published_time\" content=\"2023-05-31T02:15:22+00:00\" \/>\n<meta property=\"og:image\" content=\"https:\/\/regiaonews.net.br\/2022\/wp-content\/uploads\/2023\/05\/m_62_0_1_30052023113000.jpg\" \/>\n\t<meta property=\"og:image:width\" content=\"900\" \/>\n\t<meta property=\"og:image:height\" content=\"599\" \/>\n\t<meta property=\"og:image:type\" content=\"image\/jpeg\" \/>\n<meta name=\"author\" content=\"Roberto\" \/>\n<meta name=\"twitter:card\" content=\"summary_large_image\" \/>\n<meta name=\"twitter:label1\" content=\"Escrito por\" \/>\n\t<meta name=\"twitter:data1\" content=\"Roberto\" \/>\n\t<meta name=\"twitter:label2\" content=\"Est. tempo de leitura\" \/>\n\t<meta name=\"twitter:data2\" content=\"3 minutos\" \/>\n<script type=\"application\/ld+json\" class=\"yoast-schema-graph\">{\"@context\":\"https:\\\/\\\/schema.org\",\"@graph\":[{\"@type\":\"Article\",\"@id\":\"https:\\\/\\\/regiaonews.net.br\\\/2022\\\/2023\\\/05\\\/30\\\/fundo-social-de-colina-lanca-a-campanha-do-agasalho-2023\\\/#article\",\"isPartOf\":{\"@id\":\"https:\\\/\\\/regiaonews.net.br\\\/2022\\\/2023\\\/05\\\/30\\\/fundo-social-de-colina-lanca-a-campanha-do-agasalho-2023\\\/\"},\"author\":{\"name\":\"Roberto\",\"@id\":\"https:\\\/\\\/regiaonews.net.br\\\/2022\\\/#\\\/schema\\\/person\\\/2d205a608a5aa97ac279d7a5e6d89ad8\"},\"headline\":\"Fundo Social de Colina lan\u00e7a a Campanha do Agasalho 2023\",\"datePublished\":\"2023-05-31T02:15:22+00:00\",\"mainEntityOfPage\":{\"@id\":\"https:\\\/\\\/regiaonews.net.br\\\/2022\\\/2023\\\/05\\\/30\\\/fundo-social-de-colina-lanca-a-campanha-do-agasalho-2023\\\/\"},\"wordCount\":435,\"commentCount\":0,\"publisher\":{\"@id\":\"https:\\\/\\\/regiaonews.net.br\\\/2022\\\/#organization\"},\"image\":{\"@id\":\"https:\\\/\\\/regiaonews.net.br\\\/2022\\\/2023\\\/05\\\/30\\\/fundo-social-de-colina-lanca-a-campanha-do-agasalho-2023\\\/#primaryimage\"},\"thumbnailUrl\":\"https:\\\/\\\/regiaonews.net.br\\\/2022\\\/wp-content\\\/uploads\\\/2023\\\/05\\\/m_62_0_1_30052023113000.jpg\",\"articleSection\":[\"Colina\",\"Cotidiano\"],\"inLanguage\":\"pt-BR\",\"potentialAction\":[{\"@type\":\"CommentAction\",\"name\":\"Comment\",\"target\":[\"https:\\\/\\\/regiaonews.net.br\\\/2022\\\/2023\\\/05\\\/30\\\/fundo-social-de-colina-lanca-a-campanha-do-agasalho-2023\\\/#respond\"]}]},{\"@type\":\"WebPage\",\"@id\":\"https:\\\/\\\/regiaonews.net.br\\\/2022\\\/2023\\\/05\\\/30\\\/fundo-social-de-colina-lanca-a-campanha-do-agasalho-2023\\\/\",\"url\":\"https:\\\/\\\/regiaonews.net.br\\\/2022\\\/2023\\\/05\\\/30\\\/fundo-social-de-colina-lanca-a-campanha-do-agasalho-2023\\\/\",\"name\":\"Fundo Social de Colina lan\u00e7a a Campanha do Agasalho 2023 - Regi\u00e3o News\",\"isPartOf\":{\"@id\":\"https:\\\/\\\/regiaonews.net.br\\\/2022\\\/#website\"},\"primaryImageOfPage\":{\"@id\":\"https:\\\/\\\/regiaonews.net.br\\\/2022\\\/2023\\\/05\\\/30\\\/fundo-social-de-colina-lanca-a-campanha-do-agasalho-2023\\\/#primaryimage\"},\"image\":{\"@id\":\"https:\\\/\\\/regiaonews.net.br\\\/2022\\\/2023\\\/05\\\/30\\\/fundo-social-de-colina-lanca-a-campanha-do-agasalho-2023\\\/#primaryimage\"},\"thumbnailUrl\":\"https:\\\/\\\/regiaonews.net.br\\\/2022\\\/wp-content\\\/uploads\\\/2023\\\/05\\\/m_62_0_1_30052023113000.jpg\",\"datePublished\":\"2023-05-31T02:15:22+00:00\",\"breadcrumb\":{\"@id\":\"https:\\\/\\\/regiaonews.net.br\\\/2022\\\/2023\\\/05\\\/30\\\/fundo-social-de-colina-lanca-a-campanha-do-agasalho-2023\\\/#breadcrumb\"},\"inLanguage\":\"pt-BR\",\"potentialAction\":[{\"@type\":\"ReadAction\",\"target\":[\"https:\\\/\\\/regiaonews.net.br\\\/2022\\\/2023\\\/05\\\/30\\\/fundo-social-de-colina-lanca-a-campanha-do-agasalho-2023\\\/\"]}]},{\"@type\":\"ImageObject\",\"inLanguage\":\"pt-BR\",\"@id\":\"https:\\\/\\\/regiaonews.net.br\\\/2022\\\/2023\\\/05\\\/30\\\/fundo-social-de-colina-lanca-a-campanha-do-agasalho-2023\\\/#primaryimage\",\"url\":\"https:\\\/\\\/regiaonews.net.br\\\/2022\\\/wp-content\\\/uploads\\\/2023\\\/05\\\/m_62_0_1_30052023113000.jpg\",\"contentUrl\":\"https:\\\/\\\/regiaonews.net.br\\\/2022\\\/wp-content\\\/uploads\\\/2023\\\/05\\\/m_62_0_1_30052023113000.jpg\",\"width\":900,\"height\":599},{\"@type\":\"BreadcrumbList\",\"@id\":\"https:\\\/\\\/regiaonews.net.br\\\/2022\\\/2023\\\/05\\\/30\\\/fundo-social-de-colina-lanca-a-campanha-do-agasalho-2023\\\/#breadcrumb\",\"itemListElement\":[{\"@type\":\"ListItem\",\"position\":1,\"name\":\"In\u00edcio\",\"item\":\"https:\\\/\\\/regiaonews.net.br\\\/2022\\\/\"},{\"@type\":\"ListItem\",\"position\":2,\"name\":\"Fundo Social de Colina lan\u00e7a a Campanha do Agasalho 2023\"}]},{\"@type\":\"WebSite\",\"@id\":\"https:\\\/\\\/regiaonews.net.br\\\/2022\\\/#website\",\"url\":\"https:\\\/\\\/regiaonews.net.br\\\/2022\\\/\",\"name\":\"Regi\u00e3o News\",\"description\":\"Site de Not\u00edcias de Barretos e regi\u00e3o\",\"publisher\":{\"@id\":\"https:\\\/\\\/regiaonews.net.br\\\/2022\\\/#organization\"},\"potentialAction\":[{\"@type\":\"SearchAction\",\"target\":{\"@type\":\"EntryPoint\",\"urlTemplate\":\"https:\\\/\\\/regiaonews.net.br\\\/2022\\\/?s={search_term_string}\"},\"query-input\":{\"@type\":\"PropertyValueSpecification\",\"valueRequired\":true,\"valueName\":\"search_term_string\"}}],\"inLanguage\":\"pt-BR\"},{\"@type\":\"Organization\",\"@id\":\"https:\\\/\\\/regiaonews.net.br\\\/2022\\\/#organization\",\"name\":\"Regi\u00e3o News\",\"url\":\"https:\\\/\\\/regiaonews.net.br\\\/2022\\\/\",\"logo\":{\"@type\":\"ImageObject\",\"inLanguage\":\"pt-BR\",\"@id\":\"https:\\\/\\\/regiaonews.net.br\\\/2022\\\/#\\\/schema\\\/logo\\\/image\\\/\",\"url\":\"https:\\\/\\\/regiaonews.net.br\\\/2022\\\/wp-content\\\/uploads\\\/2026\\\/03\\\/regiao-13-anos-scaled.jpg\",\"contentUrl\":\"https:\\\/\\\/regiaonews.net.br\\\/2022\\\/wp-content\\\/uploads\\\/2026\\\/03\\\/regiao-13-anos-scaled.jpg\",\"width\":2560,\"height\":635,\"caption\":\"Regi\u00e3o News\"},\"image\":{\"@id\":\"https:\\\/\\\/regiaonews.net.br\\\/2022\\\/#\\\/schema\\\/logo\\\/image\\\/\"}},{\"@type\":\"Person\",\"@id\":\"https:\\\/\\\/regiaonews.net.br\\\/2022\\\/#\\\/schema\\\/person\\\/2d205a608a5aa97ac279d7a5e6d89ad8\",\"name\":\"Roberto\",\"image\":{\"@type\":\"ImageObject\",\"inLanguage\":\"pt-BR\",\"@id\":\"https:\\\/\\\/secure.gravatar.com\\\/avatar\\\/42749d8b712ff9d59ca93dc150494e5b55a44134482993f5baeb97e61b7ecc89?s=96&d=mm&r=g\",\"url\":\"https:\\\/\\\/secure.gravatar.com\\\/avatar\\\/42749d8b712ff9d59ca93dc150494e5b55a44134482993f5baeb97e61b7ecc89?s=96&d=mm&r=g\",\"contentUrl\":\"https:\\\/\\\/secure.gravatar.com\\\/avatar\\\/42749d8b712ff9d59ca93dc150494e5b55a44134482993f5baeb97e61b7ecc89?s=96&d=mm&r=g\",\"caption\":\"Roberto\"},\"url\":\"https:\\\/\\\/regiaonews.net.br\\\/2022\\\/author\\\/roberto\\\/\"}]}<\/script>\n<!-- \/ Yoast SEO plugin. -->","yoast_head_json":{"title":"Fundo Social de Colina lan\u00e7a a Campanha do Agasalho 2023 - Regi\u00e3o News","robots":{"index":"index","follow":"follow","max-snippet":"max-snippet:-1","max-image-preview":"max-image-preview:large","max-video-preview":"max-video-preview:-1"},"canonical":"https:\/\/regiaonews.net.br\/2022\/2023\/05\/30\/fundo-social-de-colina-lanca-a-campanha-do-agasalho-2023\/","og_locale":"pt_BR","og_type":"article","og_title":"Fundo Social de Colina lan\u00e7a a Campanha do Agasalho 2023 - Regi\u00e3o News","og_description":"&nbsp; A Presidente do Fundo Social de Solidariedade de Colina,","og_url":"https:\/\/regiaonews.net.br\/2022\/2023\/05\/30\/fundo-social-de-colina-lanca-a-campanha-do-agasalho-2023\/","og_site_name":"Regi\u00e3o News","article_published_time":"2023-05-31T02:15:22+00:00","og_image":[{"width":900,"height":599,"url":"https:\/\/regiaonews.net.br\/2022\/wp-content\/uploads\/2023\/05\/m_62_0_1_30052023113000.jpg","type":"image\/jpeg"}],"author":"Roberto","twitter_card":"summary_large_image","twitter_misc":{"Escrito por":"Roberto","Est. tempo de leitura":"3 minutos"},"schema":{"@context":"https:\/\/schema.org","@graph":[{"@type":"Article","@id":"https:\/\/regiaonews.net.br\/2022\/2023\/05\/30\/fundo-social-de-colina-lanca-a-campanha-do-agasalho-2023\/#article","isPartOf":{"@id":"https:\/\/regiaonews.net.br\/2022\/2023\/05\/30\/fundo-social-de-colina-lanca-a-campanha-do-agasalho-2023\/"},"author":{"name":"Roberto","@id":"https:\/\/regiaonews.net.br\/2022\/#\/schema\/person\/2d205a608a5aa97ac279d7a5e6d89ad8"},"headline":"Fundo Social de Colina lan\u00e7a a Campanha do Agasalho 2023","datePublished":"2023-05-31T02:15:22+00:00","mainEntityOfPage":{"@id":"https:\/\/regiaonews.net.br\/2022\/2023\/05\/30\/fundo-social-de-colina-lanca-a-campanha-do-agasalho-2023\/"},"wordCount":435,"commentCount":0,"publisher":{"@id":"https:\/\/regiaonews.net.br\/2022\/#organization"},"image":{"@id":"https:\/\/regiaonews.net.br\/2022\/2023\/05\/30\/fundo-social-de-colina-lanca-a-campanha-do-agasalho-2023\/#primaryimage"},"thumbnailUrl":"https:\/\/regiaonews.net.br\/2022\/wp-content\/uploads\/2023\/05\/m_62_0_1_30052023113000.jpg","articleSection":["Colina","Cotidiano"],"inLanguage":"pt-BR","potentialAction":[{"@type":"CommentAction","name":"Comment","target":["https:\/\/regiaonews.net.br\/2022\/2023\/05\/30\/fundo-social-de-colina-lanca-a-campanha-do-agasalho-2023\/#respond"]}]},{"@type":"WebPage","@id":"https:\/\/regiaonews.net.br\/2022\/2023\/05\/30\/fundo-social-de-colina-lanca-a-campanha-do-agasalho-2023\/","url":"https:\/\/regiaonews.net.br\/2022\/2023\/05\/30\/fundo-social-de-colina-lanca-a-campanha-do-agasalho-2023\/","name":"Fundo Social de Colina lan\u00e7a a Campanha do Agasalho 2023 - Regi\u00e3o News","isPartOf":{"@id":"https:\/\/regiaonews.net.br\/2022\/#website"},"primaryImageOfPage":{"@id":"https:\/\/regiaonews.net.br\/2022\/2023\/05\/30\/fundo-social-de-colina-lanca-a-campanha-do-agasalho-2023\/#primaryimage"},"image":{"@id":"https:\/\/regiaonews.net.br\/2022\/2023\/05\/30\/fundo-social-de-colina-lanca-a-campanha-do-agasalho-2023\/#primaryimage"},"thumbnailUrl":"https:\/\/regiaonews.net.br\/2022\/wp-content\/uploads\/2023\/05\/m_62_0_1_30052023113000.jpg","datePublished":"2023-05-31T02:15:22+00:00","breadcrumb":{"@id":"https:\/\/regiaonews.net.br\/2022\/2023\/05\/30\/fundo-social-de-colina-lanca-a-campanha-do-agasalho-2023\/#breadcrumb"},"inLanguage":"pt-BR","potentialAction":[{"@type":"ReadAction","target":["https:\/\/regiaonews.net.br\/2022\/2023\/05\/30\/fundo-social-de-colina-lanca-a-campanha-do-agasalho-2023\/"]}]},{"@type":"ImageObject","inLanguage":"pt-BR","@id":"https:\/\/regiaonews.net.br\/2022\/2023\/05\/30\/fundo-social-de-colina-lanca-a-campanha-do-agasalho-2023\/#primaryimage","url":"https:\/\/regiaonews.net.br\/2022\/wp-content\/uploads\/2023\/05\/m_62_0_1_30052023113000.jpg","contentUrl":"https:\/\/regiaonews.net.br\/2022\/wp-content\/uploads\/2023\/05\/m_62_0_1_30052023113000.jpg","width":900,"height":599},{"@type":"BreadcrumbList","@id":"https:\/\/regiaonews.net.br\/2022\/2023\/05\/30\/fundo-social-de-colina-lanca-a-campanha-do-agasalho-2023\/#breadcrumb","itemListElement":[{"@type":"ListItem","position":1,"name":"In\u00edcio","item":"https:\/\/regiaonews.net.br\/2022\/"},{"@type":"ListItem","position":2,"name":"Fundo Social de Colina lan\u00e7a a Campanha do Agasalho 2023"}]},{"@type":"WebSite","@id":"https:\/\/regiaonews.net.br\/2022\/#website","url":"https:\/\/regiaonews.net.br\/2022\/","name":"Regi\u00e3o News","description":"Site de Not\u00edcias de Barretos e regi\u00e3o","publisher":{"@id":"https:\/\/regiaonews.net.br\/2022\/#organization"},"potentialAction":[{"@type":"SearchAction","target":{"@type":"EntryPoint","urlTemplate":"https:\/\/regiaonews.net.br\/2022\/?s={search_term_string}"},"query-input":{"@type":"PropertyValueSpecification","valueRequired":true,"valueName":"search_term_string"}}],"inLanguage":"pt-BR"},{"@type":"Organization","@id":"https:\/\/regiaonews.net.br\/2022\/#organization","name":"Regi\u00e3o News","url":"https:\/\/regiaonews.net.br\/2022\/","logo":{"@type":"ImageObject","inLanguage":"pt-BR","@id":"https:\/\/regiaonews.net.br\/2022\/#\/schema\/logo\/image\/","url":"https:\/\/regiaonews.net.br\/2022\/wp-content\/uploads\/2026\/03\/regiao-13-anos-scaled.jpg","contentUrl":"https:\/\/regiaonews.net.br\/2022\/wp-content\/uploads\/2026\/03\/regiao-13-anos-scaled.jpg","width":2560,"height":635,"caption":"Regi\u00e3o News"},"image":{"@id":"https:\/\/regiaonews.net.br\/2022\/#\/schema\/logo\/image\/"}},{"@type":"Person","@id":"https:\/\/regiaonews.net.br\/2022\/#\/schema\/person\/2d205a608a5aa97ac279d7a5e6d89ad8","name":"Roberto","image":{"@type":"ImageObject","inLanguage":"pt-BR","@id":"https:\/\/secure.gravatar.com\/avatar\/42749d8b712ff9d59ca93dc150494e5b55a44134482993f5baeb97e61b7ecc89?s=96&d=mm&r=g","url":"https:\/\/secure.gravatar.com\/avatar\/42749d8b712ff9d59ca93dc150494e5b55a44134482993f5baeb97e61b7ecc89?s=96&d=mm&r=g","contentUrl":"https:\/\/secure.gravatar.com\/avatar\/42749d8b712ff9d59ca93dc150494e5b55a44134482993f5baeb97e61b7ecc89?s=96&d=mm&r=g","caption":"Roberto"},"url":"https:\/\/regiaonews.net.br\/2022\/author\/roberto\/"}]}},"publishpress_future_action":{"enabled":false,"date":"2026-05-02 05:08:46","action":"change-status","newStatus":"draft","terms":[],"taxonomy":"category","extraData":[]},"publishpress_future_workflow_manual_trigger":{"enabledWorkflows":[]},"_links":{"self":[{"href":"https:\/\/regiaonews.net.br\/2022\/wp-json\/wp\/v2\/posts\/89125","targetHints":{"allow":["GET"]}}],"collection":[{"href":"https:\/\/regiaonews.net.br\/2022\/wp-json\/wp\/v2\/posts"}],"about":[{"href":"https:\/\/regiaonews.net.br\/2022\/wp-json\/wp\/v2\/types\/post"}],"author":[{"embeddable":true,"href":"https:\/\/regiaonews.net.br\/2022\/wp-json\/wp\/v2\/users\/2"}],"replies":[{"embeddable":true,"href":"https:\/\/regiaonews.net.br\/2022\/wp-json\/wp\/v2\/comments?post=89125"}],"version-history":[{"count":2,"href":"https:\/\/regiaonews.net.br\/2022\/wp-json\/wp\/v2\/posts\/89125\/revisions"}],"predecessor-version":[{"id":89128,"href":"https:\/\/regiaonews.net.br\/2022\/wp-json\/wp\/v2\/posts\/89125\/revisions\/89128"}],"wp:featuredmedia":[{"embeddable":true,"href":"https:\/\/regiaonews.net.br\/2022\/wp-json\/wp\/v2\/media\/89126"}],"wp:attachment":[{"href":"https:\/\/regiaonews.net.br\/2022\/wp-json\/wp\/v2\/media?parent=89125"}],"wp:term":[{"taxonomy":"category","embeddable":true,"href":"https:\/\/regiaonews.net.br\/2022\/wp-json\/wp\/v2\/categories?post=89125"},{"taxonomy":"post_tag","embeddable":true,"href":"https:\/\/regiaonews.net.br\/2022\/wp-json\/wp\/v2\/tags?post=89125"}],"curies":[{"name":"wp","href":"https:\/\/api.w.org\/{rel}","templated":true}]}}