{"id":89076,"date":"2023-05-30T10:36:47","date_gmt":"2023-05-30T13:36:47","guid":{"rendered":"https:\/\/regiaonews.net.br\/2022\/?p=89076"},"modified":"2023-05-30T10:36:47","modified_gmt":"2023-05-30T13:36:47","slug":"secretaria-de-cultura-divulga-agenda-de-atividades-do-programa-pontos-mis","status":"publish","type":"post","link":"https:\/\/regiaonews.net.br\/2022\/2023\/05\/30\/secretaria-de-cultura-divulga-agenda-de-atividades-do-programa-pontos-mis\/","title":{"rendered":"Secretaria de Cultura divulga agenda de atividades do Programa Pontos MIS"},"content":{"rendered":"<h3 style=\"text-align: center;\">Mostra \u201cAnima\u00e7\u00f5es Nacionais\u201d, no Cine Barretos, e oficina \u201cFilme Sem C\u00e2mera\u201d, no CEU das Artes, fazem parte da programa\u00e7\u00e3o.<\/h3>\n<p>A Secretaria Municipal de Cultura divulgou as pr\u00f3ximas atividades do Programa Pontos MIS, parceria entre Museu da Imagem e do Som de S\u00e3o Paulo e Prefeitura da Est\u00e2ncia Tur\u00edstica do Munic\u00edpio de Barretos. Nesta quarta-feira, dia 31, ser\u00e1 realizada a mostra \u201cAnima\u00e7\u00f5es Nacionais\u201d, com exibi\u00e7\u00f5es, no Cine Barretos, dos filmes \u201cGaroto C\u00f3smico\u201d, \u00e0s14h, e \u201cO Menino e o Mundo\u201d, \u00e0s 19h.<\/p>\n<p>No dia 5 de junho, o CEU das Artes ser\u00e1 palco da oficina \u201cFilme Sem C\u00e2mera\u201d, direcionada para crian\u00e7as acima de 8 anos. A atividade tem quatro horas de dura\u00e7\u00e3o, das 14h \u00e0s 18h, e oferece 12 vagas. As inscri\u00e7\u00f5es podem ser feitas na sede da Secretaria Municipal de Cultura, localizada na Av. 15, esquina com a rua 18, 724 (antigo pr\u00e9dio do F\u00f3rum), das 9 \u00e0s 17h. As vagas ser\u00e3o preenchidas mediante ordem de inscri\u00e7\u00e3o. Mais informa\u00e7\u00f5es podem ser obtidas pelo telefone da secretaria: (17) 3612-2775.<\/p>\n<p>Mostra \u201cAnima\u00e7\u00f5es Nacionais\u201d<\/p>\n<p>Local: Centro Cultural \u201cOs\u00f3rio Falleiros da Rocha\u201d \u2013 Cine Barretos<\/p>\n<p>Endere\u00e7o: Rua 20, 864 \u2013 Centro<\/p>\n<p>&nbsp;<\/p>\n<p>Dia: 31 de maio (quarta-feira)<\/p>\n<p>Hor\u00e1rio: 14h<\/p>\n<p>Filme: GAROTO C\u00d3SMICO<\/p>\n<p>Classifica\u00e7\u00e3o: Livre<\/p>\n<p>Ingresso: GRATUITO<\/p>\n<p>Dire\u00e7\u00e3o: Al\u00ea Abreu.<\/p>\n<p>Pa\u00eds de produ\u00e7\u00e3o: Brasil.<\/p>\n<p>Tempo de dura\u00e7\u00e3o: 76 minutos.<\/p>\n<p>Ano: 2007.<\/p>\n<p>Sinopse: Tr\u00eas crian\u00e7as, C\u00f3smico, Luna e Maninho, vivem em um mundo futurista, onde as vidas s\u00e3o totalmente programadas. Certa noite, enquanto tentam obter pontos para ganhar um b\u00f4nus na escola, eles se perdem no espa\u00e7o e descobrem um universo infinito.<\/p>\n<p>Dia: 31 de maio (quarta-feira)<\/p>\n<p>Hor\u00e1rio: 19h<\/p>\n<p>Filme: \u201cO Menino e o Mundo\u201d<\/p>\n<p>Classifica\u00e7\u00e3o: Livre<\/p>\n<p>Dire\u00e7\u00e3o: Al\u00ea Abreu.<\/p>\n<p>Pa\u00eds (es) de produ\u00e7\u00e3o: Brasil.<\/p>\n<p>Tempo de dura\u00e7\u00e3o: 80 minutos.<\/p>\n<p>Ano: 2014.<\/p>\n<p>Sinopse: Sofrendo com a falta do pai, um menino deixa sua aldeia e descobre um mundo fant\u00e1stico dominado por m\u00e1quinas-bichos e estranhos seres. Para a sua surpresa, a crian\u00e7a encontra uma sociedade marcada pela pobreza, explora\u00e7\u00e3o de trabalhadores e falta de perspectivas.<\/p>\n<p>Pr\u00eamios: Lan\u00e7ado em 2014, levou mais de 100 mil espectadores aos cinemas franceses e conquistou o Pr\u00eamio Cristal de melhor longa-metragem no 38\u00ba Festival de cinema de Annecy, na Fran\u00e7a, considerado o maior pr\u00eamio da anima\u00e7\u00e3o mundial.<\/p>\n<p>____<\/p>\n<p>OFICINA \u201cFilme sem c\u00e2mera\u201d<\/p>\n<p>Dia: 5 de junho (Segunda-feira)<\/p>\n<p>Hor\u00e1rio: das 14 \u00e0s 18h<\/p>\n<p>Dura\u00e7\u00e3o: 4 horas<\/p>\n<p>P\u00fablico: crian\u00e7as a partir dos 8 anos<\/p>\n<p>Local de realiza\u00e7\u00e3o: CEU das Artes &#8211; Rua S\u00e3o Jos\u00e9, 803 &#8211; Jd. Universit\u00e1rio. Barretos\/SP.<\/p>\n<p>Local de inscri\u00e7\u00e3o: Secretaria da Cultura, av. 15, esquina com a rua 18, 724 (antigo pr\u00e9dio do F\u00f3rum)<\/p>\n<p>Vagas: 12<\/p>\n<p>Sele\u00e7\u00e3o: primeiros inscritos<\/p>\n<p>Sinopse: Oficina de experimenta\u00e7\u00f5es l\u00fadicas com materiais do mundo do filme anal\u00f3gico (pel\u00edcula super8mm). Partindo de brincadeiras e jogos sensoriais, descobriremos como podemos criar um filme feito de cores e muita divers\u00e3o.<\/p>\n<p>A atividade ser\u00e1 ministrada pelo film-designer, educador e programador, Kak\u00e1. Seus filmes, video-instala\u00e7\u00f5es e textos foram expostos em festivais, galerias e museus tais como: SFMOmA -Cinemateque (Crossroads 2018)- EUA; Pantalla Global CCCB-Barcelona; Museo San Telmo -San Sebasti\u00e1n-Espanha; EAC (Espacio de Arte Contemporaneo)-Uruguay; Microscope Gallery;13 Bienal de Artes Mediales (Temblor)- Chile; Berwick Film &amp; Media Fesitival-Reino Unido; Programa de Exposi\u00e7\u00f5es CCSP-SP-Brazil(solo); Revista ArtContexto- Brazil; 19 Fest CurtasBH-Brazil; 13 CineOP-Brazil; CantorGallery, Massachusetts &#8211; USA; VisArts\u2013 Frame &amp; Frequency 3\u2013 Rockville- USA; CCEG- Centro Cultural Espa\u00f1a-Guatemala; La Darsena &#8211; Argentina; Sala Nordeste -MinC- Brazil; Museu da Imagem e do Som (MIS)- Brazil; Dobra Festival Internacional do Cinema Experimental- Cinemateca MAM- Rio de Janeiro, entre outros. Como educador coordenou (2014-2016) o programa de forma\u00e7\u00e3o em audiovisual &#8220;&#8221;Fazer o Mundo Fazendo Video&#8221;&#8221;, patrocinado pela Petrobr\u00e1s e a a\u00e7\u00e3o educativa SSS_South Small Sister; trabalhou junto aos &#8211; Guarani mbyas- (Ventana a la Diversidad) entre outro.Em 2015 co-programou o ciclo &#8220;&#8221;Imagem-Pensamento&#8221;&#8221; no Bc\u00fabico em Recife, em 2016 programou uma sess\u00e3o no Dobra Festival-Cinemateca MAM Rio de Janeiro e a Mostra SocioAmbientall de filmes. Em 2017 um ciclo de seis meses de interven\u00e7\u00e3o no Cinema da Matilha Cultural e em 2019 a homenagem a Jonas Mekas, no CCBB-SP e na Cinemateca do MAM, Rio de Janeiro.<\/p>\n<p>Reda\u00e7\u00e3o: Assessoria de Imprensa \/ Secretaria Municipal de Cultura<\/p>\n","protected":false},"excerpt":{"rendered":"<p>Mostra \u201cAnima\u00e7\u00f5es Nacionais\u201d, no Cine Barretos, e oficina \u201cFilme Sem<\/p>\n","protected":false},"author":2,"featured_media":89077,"comment_status":"open","ping_status":"open","sticky":false,"template":"","format":"standard","meta":{"footnotes":""},"categories":[14,3],"tags":[],"class_list":["post-89076","post","type-post","status-publish","format-standard","has-post-thumbnail","hentry","category-barretos","category-geral"],"yoast_head":"<!-- This site is optimized with the Yoast SEO plugin v27.4 - https:\/\/yoast.com\/product\/yoast-seo-wordpress\/ -->\n<title>Secretaria de Cultura divulga agenda de atividades do Programa Pontos MIS - Regi\u00e3o News<\/title>\n<meta name=\"robots\" content=\"index, follow, max-snippet:-1, max-image-preview:large, max-video-preview:-1\" \/>\n<link rel=\"canonical\" href=\"https:\/\/regiaonews.net.br\/2022\/2023\/05\/30\/secretaria-de-cultura-divulga-agenda-de-atividades-do-programa-pontos-mis\/\" \/>\n<meta property=\"og:locale\" content=\"pt_BR\" \/>\n<meta property=\"og:type\" content=\"article\" \/>\n<meta property=\"og:title\" content=\"Secretaria de Cultura divulga agenda de atividades do Programa Pontos MIS - Regi\u00e3o News\" \/>\n<meta property=\"og:description\" content=\"Mostra \u201cAnima\u00e7\u00f5es Nacionais\u201d, no Cine Barretos, e oficina \u201cFilme Sem\" \/>\n<meta property=\"og:url\" content=\"https:\/\/regiaonews.net.br\/2022\/2023\/05\/30\/secretaria-de-cultura-divulga-agenda-de-atividades-do-programa-pontos-mis\/\" \/>\n<meta property=\"og:site_name\" content=\"Regi\u00e3o News\" \/>\n<meta property=\"article:published_time\" content=\"2023-05-30T13:36:47+00:00\" \/>\n<meta property=\"og:image\" content=\"https:\/\/regiaonews.net.br\/2022\/wp-content\/uploads\/2023\/05\/Imagem-do-WhatsApp-de-2023-05-30-as-10.32.42.jpg\" \/>\n\t<meta property=\"og:image:width\" content=\"1080\" \/>\n\t<meta property=\"og:image:height\" content=\"1080\" \/>\n\t<meta property=\"og:image:type\" content=\"image\/jpeg\" \/>\n<meta name=\"author\" content=\"Roberto\" \/>\n<meta name=\"twitter:card\" content=\"summary_large_image\" \/>\n<meta name=\"twitter:label1\" content=\"Escrito por\" \/>\n\t<meta name=\"twitter:data1\" content=\"Roberto\" \/>\n\t<meta name=\"twitter:label2\" content=\"Est. tempo de leitura\" \/>\n\t<meta name=\"twitter:data2\" content=\"4 minutos\" \/>\n<script type=\"application\/ld+json\" class=\"yoast-schema-graph\">{\"@context\":\"https:\\\/\\\/schema.org\",\"@graph\":[{\"@type\":\"Article\",\"@id\":\"https:\\\/\\\/regiaonews.net.br\\\/2022\\\/2023\\\/05\\\/30\\\/secretaria-de-cultura-divulga-agenda-de-atividades-do-programa-pontos-mis\\\/#article\",\"isPartOf\":{\"@id\":\"https:\\\/\\\/regiaonews.net.br\\\/2022\\\/2023\\\/05\\\/30\\\/secretaria-de-cultura-divulga-agenda-de-atividades-do-programa-pontos-mis\\\/\"},\"author\":{\"name\":\"Roberto\",\"@id\":\"https:\\\/\\\/regiaonews.net.br\\\/2022\\\/#\\\/schema\\\/person\\\/2d205a608a5aa97ac279d7a5e6d89ad8\"},\"headline\":\"Secretaria de Cultura divulga agenda de atividades do Programa Pontos MIS\",\"datePublished\":\"2023-05-30T13:36:47+00:00\",\"mainEntityOfPage\":{\"@id\":\"https:\\\/\\\/regiaonews.net.br\\\/2022\\\/2023\\\/05\\\/30\\\/secretaria-de-cultura-divulga-agenda-de-atividades-do-programa-pontos-mis\\\/\"},\"wordCount\":736,\"commentCount\":0,\"publisher\":{\"@id\":\"https:\\\/\\\/regiaonews.net.br\\\/2022\\\/#organization\"},\"image\":{\"@id\":\"https:\\\/\\\/regiaonews.net.br\\\/2022\\\/2023\\\/05\\\/30\\\/secretaria-de-cultura-divulga-agenda-de-atividades-do-programa-pontos-mis\\\/#primaryimage\"},\"thumbnailUrl\":\"https:\\\/\\\/regiaonews.net.br\\\/2022\\\/wp-content\\\/uploads\\\/2023\\\/05\\\/Imagem-do-WhatsApp-de-2023-05-30-as-10.32.42.jpg\",\"articleSection\":[\"Barretos\",\"Geral\"],\"inLanguage\":\"pt-BR\",\"potentialAction\":[{\"@type\":\"CommentAction\",\"name\":\"Comment\",\"target\":[\"https:\\\/\\\/regiaonews.net.br\\\/2022\\\/2023\\\/05\\\/30\\\/secretaria-de-cultura-divulga-agenda-de-atividades-do-programa-pontos-mis\\\/#respond\"]}]},{\"@type\":\"WebPage\",\"@id\":\"https:\\\/\\\/regiaonews.net.br\\\/2022\\\/2023\\\/05\\\/30\\\/secretaria-de-cultura-divulga-agenda-de-atividades-do-programa-pontos-mis\\\/\",\"url\":\"https:\\\/\\\/regiaonews.net.br\\\/2022\\\/2023\\\/05\\\/30\\\/secretaria-de-cultura-divulga-agenda-de-atividades-do-programa-pontos-mis\\\/\",\"name\":\"Secretaria de Cultura divulga agenda de atividades do Programa Pontos MIS - Regi\u00e3o News\",\"isPartOf\":{\"@id\":\"https:\\\/\\\/regiaonews.net.br\\\/2022\\\/#website\"},\"primaryImageOfPage\":{\"@id\":\"https:\\\/\\\/regiaonews.net.br\\\/2022\\\/2023\\\/05\\\/30\\\/secretaria-de-cultura-divulga-agenda-de-atividades-do-programa-pontos-mis\\\/#primaryimage\"},\"image\":{\"@id\":\"https:\\\/\\\/regiaonews.net.br\\\/2022\\\/2023\\\/05\\\/30\\\/secretaria-de-cultura-divulga-agenda-de-atividades-do-programa-pontos-mis\\\/#primaryimage\"},\"thumbnailUrl\":\"https:\\\/\\\/regiaonews.net.br\\\/2022\\\/wp-content\\\/uploads\\\/2023\\\/05\\\/Imagem-do-WhatsApp-de-2023-05-30-as-10.32.42.jpg\",\"datePublished\":\"2023-05-30T13:36:47+00:00\",\"breadcrumb\":{\"@id\":\"https:\\\/\\\/regiaonews.net.br\\\/2022\\\/2023\\\/05\\\/30\\\/secretaria-de-cultura-divulga-agenda-de-atividades-do-programa-pontos-mis\\\/#breadcrumb\"},\"inLanguage\":\"pt-BR\",\"potentialAction\":[{\"@type\":\"ReadAction\",\"target\":[\"https:\\\/\\\/regiaonews.net.br\\\/2022\\\/2023\\\/05\\\/30\\\/secretaria-de-cultura-divulga-agenda-de-atividades-do-programa-pontos-mis\\\/\"]}]},{\"@type\":\"ImageObject\",\"inLanguage\":\"pt-BR\",\"@id\":\"https:\\\/\\\/regiaonews.net.br\\\/2022\\\/2023\\\/05\\\/30\\\/secretaria-de-cultura-divulga-agenda-de-atividades-do-programa-pontos-mis\\\/#primaryimage\",\"url\":\"https:\\\/\\\/regiaonews.net.br\\\/2022\\\/wp-content\\\/uploads\\\/2023\\\/05\\\/Imagem-do-WhatsApp-de-2023-05-30-as-10.32.42.jpg\",\"contentUrl\":\"https:\\\/\\\/regiaonews.net.br\\\/2022\\\/wp-content\\\/uploads\\\/2023\\\/05\\\/Imagem-do-WhatsApp-de-2023-05-30-as-10.32.42.jpg\",\"width\":1080,\"height\":1080},{\"@type\":\"BreadcrumbList\",\"@id\":\"https:\\\/\\\/regiaonews.net.br\\\/2022\\\/2023\\\/05\\\/30\\\/secretaria-de-cultura-divulga-agenda-de-atividades-do-programa-pontos-mis\\\/#breadcrumb\",\"itemListElement\":[{\"@type\":\"ListItem\",\"position\":1,\"name\":\"In\u00edcio\",\"item\":\"https:\\\/\\\/regiaonews.net.br\\\/2022\\\/\"},{\"@type\":\"ListItem\",\"position\":2,\"name\":\"Secretaria de Cultura divulga agenda de atividades do Programa Pontos MIS\"}]},{\"@type\":\"WebSite\",\"@id\":\"https:\\\/\\\/regiaonews.net.br\\\/2022\\\/#website\",\"url\":\"https:\\\/\\\/regiaonews.net.br\\\/2022\\\/\",\"name\":\"Regi\u00e3o News\",\"description\":\"Site de Not\u00edcias de Barretos e regi\u00e3o\",\"publisher\":{\"@id\":\"https:\\\/\\\/regiaonews.net.br\\\/2022\\\/#organization\"},\"potentialAction\":[{\"@type\":\"SearchAction\",\"target\":{\"@type\":\"EntryPoint\",\"urlTemplate\":\"https:\\\/\\\/regiaonews.net.br\\\/2022\\\/?s={search_term_string}\"},\"query-input\":{\"@type\":\"PropertyValueSpecification\",\"valueRequired\":true,\"valueName\":\"search_term_string\"}}],\"inLanguage\":\"pt-BR\"},{\"@type\":\"Organization\",\"@id\":\"https:\\\/\\\/regiaonews.net.br\\\/2022\\\/#organization\",\"name\":\"Regi\u00e3o News\",\"url\":\"https:\\\/\\\/regiaonews.net.br\\\/2022\\\/\",\"logo\":{\"@type\":\"ImageObject\",\"inLanguage\":\"pt-BR\",\"@id\":\"https:\\\/\\\/regiaonews.net.br\\\/2022\\\/#\\\/schema\\\/logo\\\/image\\\/\",\"url\":\"https:\\\/\\\/regiaonews.net.br\\\/2022\\\/wp-content\\\/uploads\\\/2026\\\/03\\\/regiao-13-anos-scaled.jpg\",\"contentUrl\":\"https:\\\/\\\/regiaonews.net.br\\\/2022\\\/wp-content\\\/uploads\\\/2026\\\/03\\\/regiao-13-anos-scaled.jpg\",\"width\":2560,\"height\":635,\"caption\":\"Regi\u00e3o News\"},\"image\":{\"@id\":\"https:\\\/\\\/regiaonews.net.br\\\/2022\\\/#\\\/schema\\\/logo\\\/image\\\/\"}},{\"@type\":\"Person\",\"@id\":\"https:\\\/\\\/regiaonews.net.br\\\/2022\\\/#\\\/schema\\\/person\\\/2d205a608a5aa97ac279d7a5e6d89ad8\",\"name\":\"Roberto\",\"image\":{\"@type\":\"ImageObject\",\"inLanguage\":\"pt-BR\",\"@id\":\"https:\\\/\\\/secure.gravatar.com\\\/avatar\\\/42749d8b712ff9d59ca93dc150494e5b55a44134482993f5baeb97e61b7ecc89?s=96&d=mm&r=g\",\"url\":\"https:\\\/\\\/secure.gravatar.com\\\/avatar\\\/42749d8b712ff9d59ca93dc150494e5b55a44134482993f5baeb97e61b7ecc89?s=96&d=mm&r=g\",\"contentUrl\":\"https:\\\/\\\/secure.gravatar.com\\\/avatar\\\/42749d8b712ff9d59ca93dc150494e5b55a44134482993f5baeb97e61b7ecc89?s=96&d=mm&r=g\",\"caption\":\"Roberto\"},\"url\":\"https:\\\/\\\/regiaonews.net.br\\\/2022\\\/author\\\/roberto\\\/\"}]}<\/script>\n<!-- \/ Yoast SEO plugin. -->","yoast_head_json":{"title":"Secretaria de Cultura divulga agenda de atividades do Programa Pontos MIS - Regi\u00e3o News","robots":{"index":"index","follow":"follow","max-snippet":"max-snippet:-1","max-image-preview":"max-image-preview:large","max-video-preview":"max-video-preview:-1"},"canonical":"https:\/\/regiaonews.net.br\/2022\/2023\/05\/30\/secretaria-de-cultura-divulga-agenda-de-atividades-do-programa-pontos-mis\/","og_locale":"pt_BR","og_type":"article","og_title":"Secretaria de Cultura divulga agenda de atividades do Programa Pontos MIS - Regi\u00e3o News","og_description":"Mostra \u201cAnima\u00e7\u00f5es Nacionais\u201d, no Cine Barretos, e oficina \u201cFilme Sem","og_url":"https:\/\/regiaonews.net.br\/2022\/2023\/05\/30\/secretaria-de-cultura-divulga-agenda-de-atividades-do-programa-pontos-mis\/","og_site_name":"Regi\u00e3o News","article_published_time":"2023-05-30T13:36:47+00:00","og_image":[{"width":1080,"height":1080,"url":"https:\/\/regiaonews.net.br\/2022\/wp-content\/uploads\/2023\/05\/Imagem-do-WhatsApp-de-2023-05-30-as-10.32.42.jpg","type":"image\/jpeg"}],"author":"Roberto","twitter_card":"summary_large_image","twitter_misc":{"Escrito por":"Roberto","Est. tempo de leitura":"4 minutos"},"schema":{"@context":"https:\/\/schema.org","@graph":[{"@type":"Article","@id":"https:\/\/regiaonews.net.br\/2022\/2023\/05\/30\/secretaria-de-cultura-divulga-agenda-de-atividades-do-programa-pontos-mis\/#article","isPartOf":{"@id":"https:\/\/regiaonews.net.br\/2022\/2023\/05\/30\/secretaria-de-cultura-divulga-agenda-de-atividades-do-programa-pontos-mis\/"},"author":{"name":"Roberto","@id":"https:\/\/regiaonews.net.br\/2022\/#\/schema\/person\/2d205a608a5aa97ac279d7a5e6d89ad8"},"headline":"Secretaria de Cultura divulga agenda de atividades do Programa Pontos MIS","datePublished":"2023-05-30T13:36:47+00:00","mainEntityOfPage":{"@id":"https:\/\/regiaonews.net.br\/2022\/2023\/05\/30\/secretaria-de-cultura-divulga-agenda-de-atividades-do-programa-pontos-mis\/"},"wordCount":736,"commentCount":0,"publisher":{"@id":"https:\/\/regiaonews.net.br\/2022\/#organization"},"image":{"@id":"https:\/\/regiaonews.net.br\/2022\/2023\/05\/30\/secretaria-de-cultura-divulga-agenda-de-atividades-do-programa-pontos-mis\/#primaryimage"},"thumbnailUrl":"https:\/\/regiaonews.net.br\/2022\/wp-content\/uploads\/2023\/05\/Imagem-do-WhatsApp-de-2023-05-30-as-10.32.42.jpg","articleSection":["Barretos","Geral"],"inLanguage":"pt-BR","potentialAction":[{"@type":"CommentAction","name":"Comment","target":["https:\/\/regiaonews.net.br\/2022\/2023\/05\/30\/secretaria-de-cultura-divulga-agenda-de-atividades-do-programa-pontos-mis\/#respond"]}]},{"@type":"WebPage","@id":"https:\/\/regiaonews.net.br\/2022\/2023\/05\/30\/secretaria-de-cultura-divulga-agenda-de-atividades-do-programa-pontos-mis\/","url":"https:\/\/regiaonews.net.br\/2022\/2023\/05\/30\/secretaria-de-cultura-divulga-agenda-de-atividades-do-programa-pontos-mis\/","name":"Secretaria de Cultura divulga agenda de atividades do Programa Pontos MIS - Regi\u00e3o News","isPartOf":{"@id":"https:\/\/regiaonews.net.br\/2022\/#website"},"primaryImageOfPage":{"@id":"https:\/\/regiaonews.net.br\/2022\/2023\/05\/30\/secretaria-de-cultura-divulga-agenda-de-atividades-do-programa-pontos-mis\/#primaryimage"},"image":{"@id":"https:\/\/regiaonews.net.br\/2022\/2023\/05\/30\/secretaria-de-cultura-divulga-agenda-de-atividades-do-programa-pontos-mis\/#primaryimage"},"thumbnailUrl":"https:\/\/regiaonews.net.br\/2022\/wp-content\/uploads\/2023\/05\/Imagem-do-WhatsApp-de-2023-05-30-as-10.32.42.jpg","datePublished":"2023-05-30T13:36:47+00:00","breadcrumb":{"@id":"https:\/\/regiaonews.net.br\/2022\/2023\/05\/30\/secretaria-de-cultura-divulga-agenda-de-atividades-do-programa-pontos-mis\/#breadcrumb"},"inLanguage":"pt-BR","potentialAction":[{"@type":"ReadAction","target":["https:\/\/regiaonews.net.br\/2022\/2023\/05\/30\/secretaria-de-cultura-divulga-agenda-de-atividades-do-programa-pontos-mis\/"]}]},{"@type":"ImageObject","inLanguage":"pt-BR","@id":"https:\/\/regiaonews.net.br\/2022\/2023\/05\/30\/secretaria-de-cultura-divulga-agenda-de-atividades-do-programa-pontos-mis\/#primaryimage","url":"https:\/\/regiaonews.net.br\/2022\/wp-content\/uploads\/2023\/05\/Imagem-do-WhatsApp-de-2023-05-30-as-10.32.42.jpg","contentUrl":"https:\/\/regiaonews.net.br\/2022\/wp-content\/uploads\/2023\/05\/Imagem-do-WhatsApp-de-2023-05-30-as-10.32.42.jpg","width":1080,"height":1080},{"@type":"BreadcrumbList","@id":"https:\/\/regiaonews.net.br\/2022\/2023\/05\/30\/secretaria-de-cultura-divulga-agenda-de-atividades-do-programa-pontos-mis\/#breadcrumb","itemListElement":[{"@type":"ListItem","position":1,"name":"In\u00edcio","item":"https:\/\/regiaonews.net.br\/2022\/"},{"@type":"ListItem","position":2,"name":"Secretaria de Cultura divulga agenda de atividades do Programa Pontos MIS"}]},{"@type":"WebSite","@id":"https:\/\/regiaonews.net.br\/2022\/#website","url":"https:\/\/regiaonews.net.br\/2022\/","name":"Regi\u00e3o News","description":"Site de Not\u00edcias de Barretos e regi\u00e3o","publisher":{"@id":"https:\/\/regiaonews.net.br\/2022\/#organization"},"potentialAction":[{"@type":"SearchAction","target":{"@type":"EntryPoint","urlTemplate":"https:\/\/regiaonews.net.br\/2022\/?s={search_term_string}"},"query-input":{"@type":"PropertyValueSpecification","valueRequired":true,"valueName":"search_term_string"}}],"inLanguage":"pt-BR"},{"@type":"Organization","@id":"https:\/\/regiaonews.net.br\/2022\/#organization","name":"Regi\u00e3o News","url":"https:\/\/regiaonews.net.br\/2022\/","logo":{"@type":"ImageObject","inLanguage":"pt-BR","@id":"https:\/\/regiaonews.net.br\/2022\/#\/schema\/logo\/image\/","url":"https:\/\/regiaonews.net.br\/2022\/wp-content\/uploads\/2026\/03\/regiao-13-anos-scaled.jpg","contentUrl":"https:\/\/regiaonews.net.br\/2022\/wp-content\/uploads\/2026\/03\/regiao-13-anos-scaled.jpg","width":2560,"height":635,"caption":"Regi\u00e3o News"},"image":{"@id":"https:\/\/regiaonews.net.br\/2022\/#\/schema\/logo\/image\/"}},{"@type":"Person","@id":"https:\/\/regiaonews.net.br\/2022\/#\/schema\/person\/2d205a608a5aa97ac279d7a5e6d89ad8","name":"Roberto","image":{"@type":"ImageObject","inLanguage":"pt-BR","@id":"https:\/\/secure.gravatar.com\/avatar\/42749d8b712ff9d59ca93dc150494e5b55a44134482993f5baeb97e61b7ecc89?s=96&d=mm&r=g","url":"https:\/\/secure.gravatar.com\/avatar\/42749d8b712ff9d59ca93dc150494e5b55a44134482993f5baeb97e61b7ecc89?s=96&d=mm&r=g","contentUrl":"https:\/\/secure.gravatar.com\/avatar\/42749d8b712ff9d59ca93dc150494e5b55a44134482993f5baeb97e61b7ecc89?s=96&d=mm&r=g","caption":"Roberto"},"url":"https:\/\/regiaonews.net.br\/2022\/author\/roberto\/"}]}},"publishpress_future_action":{"enabled":false,"date":"2026-05-03 03:43:54","action":"change-status","newStatus":"draft","terms":[],"taxonomy":"category","extraData":[]},"publishpress_future_workflow_manual_trigger":{"enabledWorkflows":[]},"_links":{"self":[{"href":"https:\/\/regiaonews.net.br\/2022\/wp-json\/wp\/v2\/posts\/89076","targetHints":{"allow":["GET"]}}],"collection":[{"href":"https:\/\/regiaonews.net.br\/2022\/wp-json\/wp\/v2\/posts"}],"about":[{"href":"https:\/\/regiaonews.net.br\/2022\/wp-json\/wp\/v2\/types\/post"}],"author":[{"embeddable":true,"href":"https:\/\/regiaonews.net.br\/2022\/wp-json\/wp\/v2\/users\/2"}],"replies":[{"embeddable":true,"href":"https:\/\/regiaonews.net.br\/2022\/wp-json\/wp\/v2\/comments?post=89076"}],"version-history":[{"count":1,"href":"https:\/\/regiaonews.net.br\/2022\/wp-json\/wp\/v2\/posts\/89076\/revisions"}],"predecessor-version":[{"id":89078,"href":"https:\/\/regiaonews.net.br\/2022\/wp-json\/wp\/v2\/posts\/89076\/revisions\/89078"}],"wp:featuredmedia":[{"embeddable":true,"href":"https:\/\/regiaonews.net.br\/2022\/wp-json\/wp\/v2\/media\/89077"}],"wp:attachment":[{"href":"https:\/\/regiaonews.net.br\/2022\/wp-json\/wp\/v2\/media?parent=89076"}],"wp:term":[{"taxonomy":"category","embeddable":true,"href":"https:\/\/regiaonews.net.br\/2022\/wp-json\/wp\/v2\/categories?post=89076"},{"taxonomy":"post_tag","embeddable":true,"href":"https:\/\/regiaonews.net.br\/2022\/wp-json\/wp\/v2\/tags?post=89076"}],"curies":[{"name":"wp","href":"https:\/\/api.w.org\/{rel}","templated":true}]}}