{"id":89067,"date":"2023-05-30T08:43:37","date_gmt":"2023-05-30T11:43:37","guid":{"rendered":"https:\/\/regiaonews.net.br\/2022\/?p=89067"},"modified":"2023-05-30T08:43:37","modified_gmt":"2023-05-30T11:43:37","slug":"prefeitura-inaugura-o-sistema-integrado-de-seguranca-sis","status":"publish","type":"post","link":"https:\/\/regiaonews.net.br\/2022\/2023\/05\/30\/prefeitura-inaugura-o-sistema-integrado-de-seguranca-sis\/","title":{"rendered":"Prefeitura inaugura o Sistema Integrado de Seguran\u00e7a (SIS)"},"content":{"rendered":"<p>&nbsp;<\/p>\n<p>A Prefeitura de Bebedouro realizou a inaugura\u00e7\u00e3o do Sistema Integrado de Seguran\u00e7a (SIS). O evento aconteceu na manh\u00e3 da sexta-feira (26\/05), na Rua Marechal Deodoro da Fonseca, n\u00ba 280, centro.<\/p>\n<p>O SIS funcionar\u00e1 24 horas por dia, sete dias por semana, sendo composto de 200 pontos de monitoramento por c\u00e2meras, que ser\u00e3o operados por 15 GCMs, que trabalhar\u00e3o em turnos ininterruptos de revezamento, sendo que tais agentes, ser\u00e3o coordenados por um inspetor, Andr\u00e9 Rosa.<\/p>\n<p>O prefeito, Lucas Seren, observou que o SIS \u00e9 uma grande conquista para a seguran\u00e7a de Bebedouro. \u201cEstamos entregando para a cidade um sistema t\u00e3o importante que coloca a seguran\u00e7a em outro patamar trazendo mais qualidade de vida \u00e0 popula\u00e7\u00e3o. S\u00e3o pontos monitorados com c\u00e2meras inteligentes que fazem leitura de placa e caracteres integrado ao sistema mais moderno que existe, o Detecta. As c\u00e2meras n\u00e3o s\u00e3o destinadas ao controle da velocidade dos ve\u00edculos, tendo como objetivo inibir os crimes tanto em Bebedouro como nos distritos de Botafogo e Turv\u00ednea que tamb\u00e9m possuem c\u00e2meras. Os pr\u00f3ximos locais que tamb\u00e9m ser\u00e3o monitorados ser\u00e3o as escolas municipais\u201d, afirma o prefeito.<\/p>\n<p>O ex-prefeito, Fernando Galv\u00e3o, esteve presente no evento e lembrou dos esfor\u00e7os iniciais para a conquista desse sistema de seguran\u00e7a enfatizando desde o princ\u00edpio a participa\u00e7\u00e3o do prefeito, Lucas Seren. \u201cEsta ferramenta dar\u00e1 \u00e0 seguran\u00e7a p\u00fablica muitas condi\u00e7\u00f5es de fazer um enfrentamento correto contra o crime. Dando continuidade ao desenvolvimento da cidade que conta com a conquista do Hospital Regional, Cargill, ETEC e FATEC do Agro, Po\u00e7o Profundo, entre outras que vir\u00e3o\u201d, comenta Galv\u00e3o.<\/p>\n<p>O secret\u00e1rio de Seguran\u00e7a, Rog\u00e9rio Valverde, informa que o projeto da SIS teve in\u00edcio no governo do ex-prefeito, Fernando Galv\u00e3o, sendo continuado pelo prefeito, Lucas Seren. \u201cA partir de agora Bebedouro e toda a regi\u00e3o entra em um novo patamar em rela\u00e7\u00e3o \u00e0 seguran\u00e7a p\u00fablica. O SIS contempla uma muralha virtual monitorando todas as entradas da cidade seja na zona urbana ou rural. Possibilitando r\u00e1pida a\u00e7\u00e3o logo ap\u00f3s a constata\u00e7\u00e3o do crime ou atitude suspeita. O sistema est\u00e1 integrado com a Pol\u00edcia Militar, Civil e banco de dados do Governo Federal\u201d, diz o secret\u00e1rio.<\/p>\n<p>O comandante da Guarda Civil Municipal, Lorival Padovan, explica que os GCMs respons\u00e1veis pelo monitoramento j\u00e1 receberam treinamento. \u201cCom a entrada dos Guardas Municipais para o SIS, os demais GCMs ser\u00e3o realocados para atender com tranquilidade toda a demanda, n\u00e3o havendo preju\u00edzo dos servi\u00e7os\u201d, esclarece o comandante.<\/p>\n<p>Estiveram presentes no evento os vereadores Paulo Bianchini, Rog\u00e9rio Mazzonetto, Gilberto Viana, Jo\u00e3o Vitor Martins, Marcelo dos Santos de Oliveira- Tchel\u00e3o, Wagner de Castro Souza, representantes dos vereadores da Mari\u00e2ngela Mussolini, Jorge Cardoso, Chanel e Ivanete Xavier.<\/p>\n<p>Al\u00e9m dos delegados da Pol\u00edcia Civil, Maur\u00edcio Vieira, Jo\u00e3o Vitor Silv\u00e9rio, Tenente Coronel da PM, Fl\u00e1vio Mira Darbo, Capit\u00e3o da PM, Rodrigo, Tenente da PM, Gabriel, Sargento do Corpo de Bombeiros, Joaquim Lima de Souza- Bacaninha.<\/p>\n<p>Presentes no evento, O diretor de Departamento Municipal de Tr\u00e2nsito, Archibaldo Brasil, Presidente da OAB Bebedouro, Leandro Contro, comandante da Defesa Civil de Bebedouro, Luiz Ant\u00f4nio Luciano da Silva, os empres\u00e1rios, Jos\u00e9 Francisco dos Santos (JF Citrus), Luiz Gustavo Turchetto dos Santos (JF Bricks), Marcos Mutton(ACIAB), Ant\u00f4nio Sobrinho (CDL), Manoel Vasco(Sincom\u00e9rcio), Ad\u00e3o Messias (Cifal), Jovane Mariano (JM Galeria), Ivo Ac\u00e1cio Anjos (Mercebens), Eliezer Sampaio (Granol), Renato Marcussi(Bebedouro Ca\u00e7ambas), At\u00edlio Palim (Ampare).<\/p>\n","protected":false},"excerpt":{"rendered":"<p>&nbsp; A Prefeitura de Bebedouro realizou a inaugura\u00e7\u00e3o do Sistema<\/p>\n","protected":false},"author":2,"featured_media":89068,"comment_status":"open","ping_status":"open","sticky":false,"template":"","format":"standard","meta":{"footnotes":""},"categories":[4,25],"tags":[],"class_list":["post-89067","post","type-post","status-publish","format-standard","has-post-thumbnail","hentry","category-bebedouro","category-cidades"],"yoast_head":"<!-- This site is optimized with the Yoast SEO plugin v27.4 - https:\/\/yoast.com\/product\/yoast-seo-wordpress\/ -->\n<title>Prefeitura inaugura o Sistema Integrado de Seguran\u00e7a (SIS) - Regi\u00e3o News<\/title>\n<meta name=\"robots\" content=\"index, follow, max-snippet:-1, max-image-preview:large, max-video-preview:-1\" \/>\n<link rel=\"canonical\" href=\"https:\/\/regiaonews.net.br\/2022\/2023\/05\/30\/prefeitura-inaugura-o-sistema-integrado-de-seguranca-sis\/\" \/>\n<meta property=\"og:locale\" content=\"pt_BR\" \/>\n<meta property=\"og:type\" content=\"article\" \/>\n<meta property=\"og:title\" content=\"Prefeitura inaugura o Sistema Integrado de Seguran\u00e7a (SIS) - Regi\u00e3o News\" \/>\n<meta property=\"og:description\" content=\"&nbsp; A Prefeitura de Bebedouro realizou a inaugura\u00e7\u00e3o do Sistema\" \/>\n<meta property=\"og:url\" content=\"https:\/\/regiaonews.net.br\/2022\/2023\/05\/30\/prefeitura-inaugura-o-sistema-integrado-de-seguranca-sis\/\" \/>\n<meta property=\"og:site_name\" content=\"Regi\u00e3o News\" \/>\n<meta property=\"article:published_time\" content=\"2023-05-30T11:43:37+00:00\" \/>\n<meta property=\"og:image\" content=\"https:\/\/regiaonews.net.br\/2022\/wp-content\/uploads\/2023\/05\/WhatsApp-Image-2023-05-30-at-04.43.44.jpeg\" \/>\n\t<meta property=\"og:image:width\" content=\"1600\" \/>\n\t<meta property=\"og:image:height\" content=\"1200\" \/>\n\t<meta property=\"og:image:type\" content=\"image\/jpeg\" \/>\n<meta name=\"author\" content=\"Roberto\" \/>\n<meta name=\"twitter:card\" content=\"summary_large_image\" \/>\n<meta name=\"twitter:label1\" content=\"Escrito por\" \/>\n\t<meta name=\"twitter:data1\" content=\"Roberto\" \/>\n\t<meta name=\"twitter:label2\" content=\"Est. tempo de leitura\" \/>\n\t<meta name=\"twitter:data2\" content=\"3 minutos\" \/>\n<script type=\"application\/ld+json\" class=\"yoast-schema-graph\">{\"@context\":\"https:\\\/\\\/schema.org\",\"@graph\":[{\"@type\":\"Article\",\"@id\":\"https:\\\/\\\/regiaonews.net.br\\\/2022\\\/2023\\\/05\\\/30\\\/prefeitura-inaugura-o-sistema-integrado-de-seguranca-sis\\\/#article\",\"isPartOf\":{\"@id\":\"https:\\\/\\\/regiaonews.net.br\\\/2022\\\/2023\\\/05\\\/30\\\/prefeitura-inaugura-o-sistema-integrado-de-seguranca-sis\\\/\"},\"author\":{\"name\":\"Roberto\",\"@id\":\"https:\\\/\\\/regiaonews.net.br\\\/2022\\\/#\\\/schema\\\/person\\\/2d205a608a5aa97ac279d7a5e6d89ad8\"},\"headline\":\"Prefeitura inaugura o Sistema Integrado de Seguran\u00e7a (SIS)\",\"datePublished\":\"2023-05-30T11:43:37+00:00\",\"mainEntityOfPage\":{\"@id\":\"https:\\\/\\\/regiaonews.net.br\\\/2022\\\/2023\\\/05\\\/30\\\/prefeitura-inaugura-o-sistema-integrado-de-seguranca-sis\\\/\"},\"wordCount\":618,\"commentCount\":0,\"publisher\":{\"@id\":\"https:\\\/\\\/regiaonews.net.br\\\/2022\\\/#organization\"},\"image\":{\"@id\":\"https:\\\/\\\/regiaonews.net.br\\\/2022\\\/2023\\\/05\\\/30\\\/prefeitura-inaugura-o-sistema-integrado-de-seguranca-sis\\\/#primaryimage\"},\"thumbnailUrl\":\"https:\\\/\\\/regiaonews.net.br\\\/2022\\\/wp-content\\\/uploads\\\/2023\\\/05\\\/WhatsApp-Image-2023-05-30-at-04.43.44.jpeg\",\"articleSection\":[\"Bebedouro\",\"Cidades\"],\"inLanguage\":\"pt-BR\",\"potentialAction\":[{\"@type\":\"CommentAction\",\"name\":\"Comment\",\"target\":[\"https:\\\/\\\/regiaonews.net.br\\\/2022\\\/2023\\\/05\\\/30\\\/prefeitura-inaugura-o-sistema-integrado-de-seguranca-sis\\\/#respond\"]}]},{\"@type\":\"WebPage\",\"@id\":\"https:\\\/\\\/regiaonews.net.br\\\/2022\\\/2023\\\/05\\\/30\\\/prefeitura-inaugura-o-sistema-integrado-de-seguranca-sis\\\/\",\"url\":\"https:\\\/\\\/regiaonews.net.br\\\/2022\\\/2023\\\/05\\\/30\\\/prefeitura-inaugura-o-sistema-integrado-de-seguranca-sis\\\/\",\"name\":\"Prefeitura inaugura o Sistema Integrado de Seguran\u00e7a (SIS) - Regi\u00e3o News\",\"isPartOf\":{\"@id\":\"https:\\\/\\\/regiaonews.net.br\\\/2022\\\/#website\"},\"primaryImageOfPage\":{\"@id\":\"https:\\\/\\\/regiaonews.net.br\\\/2022\\\/2023\\\/05\\\/30\\\/prefeitura-inaugura-o-sistema-integrado-de-seguranca-sis\\\/#primaryimage\"},\"image\":{\"@id\":\"https:\\\/\\\/regiaonews.net.br\\\/2022\\\/2023\\\/05\\\/30\\\/prefeitura-inaugura-o-sistema-integrado-de-seguranca-sis\\\/#primaryimage\"},\"thumbnailUrl\":\"https:\\\/\\\/regiaonews.net.br\\\/2022\\\/wp-content\\\/uploads\\\/2023\\\/05\\\/WhatsApp-Image-2023-05-30-at-04.43.44.jpeg\",\"datePublished\":\"2023-05-30T11:43:37+00:00\",\"breadcrumb\":{\"@id\":\"https:\\\/\\\/regiaonews.net.br\\\/2022\\\/2023\\\/05\\\/30\\\/prefeitura-inaugura-o-sistema-integrado-de-seguranca-sis\\\/#breadcrumb\"},\"inLanguage\":\"pt-BR\",\"potentialAction\":[{\"@type\":\"ReadAction\",\"target\":[\"https:\\\/\\\/regiaonews.net.br\\\/2022\\\/2023\\\/05\\\/30\\\/prefeitura-inaugura-o-sistema-integrado-de-seguranca-sis\\\/\"]}]},{\"@type\":\"ImageObject\",\"inLanguage\":\"pt-BR\",\"@id\":\"https:\\\/\\\/regiaonews.net.br\\\/2022\\\/2023\\\/05\\\/30\\\/prefeitura-inaugura-o-sistema-integrado-de-seguranca-sis\\\/#primaryimage\",\"url\":\"https:\\\/\\\/regiaonews.net.br\\\/2022\\\/wp-content\\\/uploads\\\/2023\\\/05\\\/WhatsApp-Image-2023-05-30-at-04.43.44.jpeg\",\"contentUrl\":\"https:\\\/\\\/regiaonews.net.br\\\/2022\\\/wp-content\\\/uploads\\\/2023\\\/05\\\/WhatsApp-Image-2023-05-30-at-04.43.44.jpeg\",\"width\":1600,\"height\":1200},{\"@type\":\"BreadcrumbList\",\"@id\":\"https:\\\/\\\/regiaonews.net.br\\\/2022\\\/2023\\\/05\\\/30\\\/prefeitura-inaugura-o-sistema-integrado-de-seguranca-sis\\\/#breadcrumb\",\"itemListElement\":[{\"@type\":\"ListItem\",\"position\":1,\"name\":\"In\u00edcio\",\"item\":\"https:\\\/\\\/regiaonews.net.br\\\/2022\\\/\"},{\"@type\":\"ListItem\",\"position\":2,\"name\":\"Prefeitura inaugura o Sistema Integrado de Seguran\u00e7a (SIS)\"}]},{\"@type\":\"WebSite\",\"@id\":\"https:\\\/\\\/regiaonews.net.br\\\/2022\\\/#website\",\"url\":\"https:\\\/\\\/regiaonews.net.br\\\/2022\\\/\",\"name\":\"Regi\u00e3o News\",\"description\":\"Site de Not\u00edcias de Barretos e regi\u00e3o\",\"publisher\":{\"@id\":\"https:\\\/\\\/regiaonews.net.br\\\/2022\\\/#organization\"},\"potentialAction\":[{\"@type\":\"SearchAction\",\"target\":{\"@type\":\"EntryPoint\",\"urlTemplate\":\"https:\\\/\\\/regiaonews.net.br\\\/2022\\\/?s={search_term_string}\"},\"query-input\":{\"@type\":\"PropertyValueSpecification\",\"valueRequired\":true,\"valueName\":\"search_term_string\"}}],\"inLanguage\":\"pt-BR\"},{\"@type\":\"Organization\",\"@id\":\"https:\\\/\\\/regiaonews.net.br\\\/2022\\\/#organization\",\"name\":\"Regi\u00e3o News\",\"url\":\"https:\\\/\\\/regiaonews.net.br\\\/2022\\\/\",\"logo\":{\"@type\":\"ImageObject\",\"inLanguage\":\"pt-BR\",\"@id\":\"https:\\\/\\\/regiaonews.net.br\\\/2022\\\/#\\\/schema\\\/logo\\\/image\\\/\",\"url\":\"https:\\\/\\\/regiaonews.net.br\\\/2022\\\/wp-content\\\/uploads\\\/2026\\\/03\\\/regiao-13-anos-scaled.jpg\",\"contentUrl\":\"https:\\\/\\\/regiaonews.net.br\\\/2022\\\/wp-content\\\/uploads\\\/2026\\\/03\\\/regiao-13-anos-scaled.jpg\",\"width\":2560,\"height\":635,\"caption\":\"Regi\u00e3o News\"},\"image\":{\"@id\":\"https:\\\/\\\/regiaonews.net.br\\\/2022\\\/#\\\/schema\\\/logo\\\/image\\\/\"}},{\"@type\":\"Person\",\"@id\":\"https:\\\/\\\/regiaonews.net.br\\\/2022\\\/#\\\/schema\\\/person\\\/2d205a608a5aa97ac279d7a5e6d89ad8\",\"name\":\"Roberto\",\"image\":{\"@type\":\"ImageObject\",\"inLanguage\":\"pt-BR\",\"@id\":\"https:\\\/\\\/secure.gravatar.com\\\/avatar\\\/42749d8b712ff9d59ca93dc150494e5b55a44134482993f5baeb97e61b7ecc89?s=96&d=mm&r=g\",\"url\":\"https:\\\/\\\/secure.gravatar.com\\\/avatar\\\/42749d8b712ff9d59ca93dc150494e5b55a44134482993f5baeb97e61b7ecc89?s=96&d=mm&r=g\",\"contentUrl\":\"https:\\\/\\\/secure.gravatar.com\\\/avatar\\\/42749d8b712ff9d59ca93dc150494e5b55a44134482993f5baeb97e61b7ecc89?s=96&d=mm&r=g\",\"caption\":\"Roberto\"},\"url\":\"https:\\\/\\\/regiaonews.net.br\\\/2022\\\/author\\\/roberto\\\/\"}]}<\/script>\n<!-- \/ Yoast SEO plugin. -->","yoast_head_json":{"title":"Prefeitura inaugura o Sistema Integrado de Seguran\u00e7a (SIS) - Regi\u00e3o News","robots":{"index":"index","follow":"follow","max-snippet":"max-snippet:-1","max-image-preview":"max-image-preview:large","max-video-preview":"max-video-preview:-1"},"canonical":"https:\/\/regiaonews.net.br\/2022\/2023\/05\/30\/prefeitura-inaugura-o-sistema-integrado-de-seguranca-sis\/","og_locale":"pt_BR","og_type":"article","og_title":"Prefeitura inaugura o Sistema Integrado de Seguran\u00e7a (SIS) - Regi\u00e3o News","og_description":"&nbsp; A Prefeitura de Bebedouro realizou a inaugura\u00e7\u00e3o do Sistema","og_url":"https:\/\/regiaonews.net.br\/2022\/2023\/05\/30\/prefeitura-inaugura-o-sistema-integrado-de-seguranca-sis\/","og_site_name":"Regi\u00e3o News","article_published_time":"2023-05-30T11:43:37+00:00","og_image":[{"width":1600,"height":1200,"url":"https:\/\/regiaonews.net.br\/2022\/wp-content\/uploads\/2023\/05\/WhatsApp-Image-2023-05-30-at-04.43.44.jpeg","type":"image\/jpeg"}],"author":"Roberto","twitter_card":"summary_large_image","twitter_misc":{"Escrito por":"Roberto","Est. tempo de leitura":"3 minutos"},"schema":{"@context":"https:\/\/schema.org","@graph":[{"@type":"Article","@id":"https:\/\/regiaonews.net.br\/2022\/2023\/05\/30\/prefeitura-inaugura-o-sistema-integrado-de-seguranca-sis\/#article","isPartOf":{"@id":"https:\/\/regiaonews.net.br\/2022\/2023\/05\/30\/prefeitura-inaugura-o-sistema-integrado-de-seguranca-sis\/"},"author":{"name":"Roberto","@id":"https:\/\/regiaonews.net.br\/2022\/#\/schema\/person\/2d205a608a5aa97ac279d7a5e6d89ad8"},"headline":"Prefeitura inaugura o Sistema Integrado de Seguran\u00e7a (SIS)","datePublished":"2023-05-30T11:43:37+00:00","mainEntityOfPage":{"@id":"https:\/\/regiaonews.net.br\/2022\/2023\/05\/30\/prefeitura-inaugura-o-sistema-integrado-de-seguranca-sis\/"},"wordCount":618,"commentCount":0,"publisher":{"@id":"https:\/\/regiaonews.net.br\/2022\/#organization"},"image":{"@id":"https:\/\/regiaonews.net.br\/2022\/2023\/05\/30\/prefeitura-inaugura-o-sistema-integrado-de-seguranca-sis\/#primaryimage"},"thumbnailUrl":"https:\/\/regiaonews.net.br\/2022\/wp-content\/uploads\/2023\/05\/WhatsApp-Image-2023-05-30-at-04.43.44.jpeg","articleSection":["Bebedouro","Cidades"],"inLanguage":"pt-BR","potentialAction":[{"@type":"CommentAction","name":"Comment","target":["https:\/\/regiaonews.net.br\/2022\/2023\/05\/30\/prefeitura-inaugura-o-sistema-integrado-de-seguranca-sis\/#respond"]}]},{"@type":"WebPage","@id":"https:\/\/regiaonews.net.br\/2022\/2023\/05\/30\/prefeitura-inaugura-o-sistema-integrado-de-seguranca-sis\/","url":"https:\/\/regiaonews.net.br\/2022\/2023\/05\/30\/prefeitura-inaugura-o-sistema-integrado-de-seguranca-sis\/","name":"Prefeitura inaugura o Sistema Integrado de Seguran\u00e7a (SIS) - Regi\u00e3o News","isPartOf":{"@id":"https:\/\/regiaonews.net.br\/2022\/#website"},"primaryImageOfPage":{"@id":"https:\/\/regiaonews.net.br\/2022\/2023\/05\/30\/prefeitura-inaugura-o-sistema-integrado-de-seguranca-sis\/#primaryimage"},"image":{"@id":"https:\/\/regiaonews.net.br\/2022\/2023\/05\/30\/prefeitura-inaugura-o-sistema-integrado-de-seguranca-sis\/#primaryimage"},"thumbnailUrl":"https:\/\/regiaonews.net.br\/2022\/wp-content\/uploads\/2023\/05\/WhatsApp-Image-2023-05-30-at-04.43.44.jpeg","datePublished":"2023-05-30T11:43:37+00:00","breadcrumb":{"@id":"https:\/\/regiaonews.net.br\/2022\/2023\/05\/30\/prefeitura-inaugura-o-sistema-integrado-de-seguranca-sis\/#breadcrumb"},"inLanguage":"pt-BR","potentialAction":[{"@type":"ReadAction","target":["https:\/\/regiaonews.net.br\/2022\/2023\/05\/30\/prefeitura-inaugura-o-sistema-integrado-de-seguranca-sis\/"]}]},{"@type":"ImageObject","inLanguage":"pt-BR","@id":"https:\/\/regiaonews.net.br\/2022\/2023\/05\/30\/prefeitura-inaugura-o-sistema-integrado-de-seguranca-sis\/#primaryimage","url":"https:\/\/regiaonews.net.br\/2022\/wp-content\/uploads\/2023\/05\/WhatsApp-Image-2023-05-30-at-04.43.44.jpeg","contentUrl":"https:\/\/regiaonews.net.br\/2022\/wp-content\/uploads\/2023\/05\/WhatsApp-Image-2023-05-30-at-04.43.44.jpeg","width":1600,"height":1200},{"@type":"BreadcrumbList","@id":"https:\/\/regiaonews.net.br\/2022\/2023\/05\/30\/prefeitura-inaugura-o-sistema-integrado-de-seguranca-sis\/#breadcrumb","itemListElement":[{"@type":"ListItem","position":1,"name":"In\u00edcio","item":"https:\/\/regiaonews.net.br\/2022\/"},{"@type":"ListItem","position":2,"name":"Prefeitura inaugura o Sistema Integrado de Seguran\u00e7a (SIS)"}]},{"@type":"WebSite","@id":"https:\/\/regiaonews.net.br\/2022\/#website","url":"https:\/\/regiaonews.net.br\/2022\/","name":"Regi\u00e3o News","description":"Site de Not\u00edcias de Barretos e regi\u00e3o","publisher":{"@id":"https:\/\/regiaonews.net.br\/2022\/#organization"},"potentialAction":[{"@type":"SearchAction","target":{"@type":"EntryPoint","urlTemplate":"https:\/\/regiaonews.net.br\/2022\/?s={search_term_string}"},"query-input":{"@type":"PropertyValueSpecification","valueRequired":true,"valueName":"search_term_string"}}],"inLanguage":"pt-BR"},{"@type":"Organization","@id":"https:\/\/regiaonews.net.br\/2022\/#organization","name":"Regi\u00e3o News","url":"https:\/\/regiaonews.net.br\/2022\/","logo":{"@type":"ImageObject","inLanguage":"pt-BR","@id":"https:\/\/regiaonews.net.br\/2022\/#\/schema\/logo\/image\/","url":"https:\/\/regiaonews.net.br\/2022\/wp-content\/uploads\/2026\/03\/regiao-13-anos-scaled.jpg","contentUrl":"https:\/\/regiaonews.net.br\/2022\/wp-content\/uploads\/2026\/03\/regiao-13-anos-scaled.jpg","width":2560,"height":635,"caption":"Regi\u00e3o News"},"image":{"@id":"https:\/\/regiaonews.net.br\/2022\/#\/schema\/logo\/image\/"}},{"@type":"Person","@id":"https:\/\/regiaonews.net.br\/2022\/#\/schema\/person\/2d205a608a5aa97ac279d7a5e6d89ad8","name":"Roberto","image":{"@type":"ImageObject","inLanguage":"pt-BR","@id":"https:\/\/secure.gravatar.com\/avatar\/42749d8b712ff9d59ca93dc150494e5b55a44134482993f5baeb97e61b7ecc89?s=96&d=mm&r=g","url":"https:\/\/secure.gravatar.com\/avatar\/42749d8b712ff9d59ca93dc150494e5b55a44134482993f5baeb97e61b7ecc89?s=96&d=mm&r=g","contentUrl":"https:\/\/secure.gravatar.com\/avatar\/42749d8b712ff9d59ca93dc150494e5b55a44134482993f5baeb97e61b7ecc89?s=96&d=mm&r=g","caption":"Roberto"},"url":"https:\/\/regiaonews.net.br\/2022\/author\/roberto\/"}]}},"publishpress_future_action":{"enabled":false,"date":"2026-05-03 08:38:13","action":"change-status","newStatus":"draft","terms":[],"taxonomy":"category","extraData":[]},"publishpress_future_workflow_manual_trigger":{"enabledWorkflows":[]},"_links":{"self":[{"href":"https:\/\/regiaonews.net.br\/2022\/wp-json\/wp\/v2\/posts\/89067","targetHints":{"allow":["GET"]}}],"collection":[{"href":"https:\/\/regiaonews.net.br\/2022\/wp-json\/wp\/v2\/posts"}],"about":[{"href":"https:\/\/regiaonews.net.br\/2022\/wp-json\/wp\/v2\/types\/post"}],"author":[{"embeddable":true,"href":"https:\/\/regiaonews.net.br\/2022\/wp-json\/wp\/v2\/users\/2"}],"replies":[{"embeddable":true,"href":"https:\/\/regiaonews.net.br\/2022\/wp-json\/wp\/v2\/comments?post=89067"}],"version-history":[{"count":1,"href":"https:\/\/regiaonews.net.br\/2022\/wp-json\/wp\/v2\/posts\/89067\/revisions"}],"predecessor-version":[{"id":89069,"href":"https:\/\/regiaonews.net.br\/2022\/wp-json\/wp\/v2\/posts\/89067\/revisions\/89069"}],"wp:featuredmedia":[{"embeddable":true,"href":"https:\/\/regiaonews.net.br\/2022\/wp-json\/wp\/v2\/media\/89068"}],"wp:attachment":[{"href":"https:\/\/regiaonews.net.br\/2022\/wp-json\/wp\/v2\/media?parent=89067"}],"wp:term":[{"taxonomy":"category","embeddable":true,"href":"https:\/\/regiaonews.net.br\/2022\/wp-json\/wp\/v2\/categories?post=89067"},{"taxonomy":"post_tag","embeddable":true,"href":"https:\/\/regiaonews.net.br\/2022\/wp-json\/wp\/v2\/tags?post=89067"}],"curies":[{"name":"wp","href":"https:\/\/api.w.org\/{rel}","templated":true}]}}