{"id":88967,"date":"2023-05-28T19:20:45","date_gmt":"2023-05-28T22:20:45","guid":{"rendered":"https:\/\/regiaonews.net.br\/2022\/?p=88967"},"modified":"2023-05-28T19:24:04","modified_gmt":"2023-05-28T22:24:04","slug":"corinthians-volta-a-vencer-com-dois-gols-roger-guedes","status":"publish","type":"post","link":"https:\/\/regiaonews.net.br\/2022\/2023\/05\/28\/corinthians-volta-a-vencer-com-dois-gols-roger-guedes\/","title":{"rendered":"Corinthians volta a vencer com dois gols Roger Guedes"},"content":{"rendered":"<div id=\"wrap\">\n<div id=\"container_wrap\">\n<div id=\"conteudo\" class=\"container\">\n<div id=\"main\">\n<article id=\"noticia\" class=\"default\">Foto &#8211; Danilo Fernandes\/Meu Tim\u00e3o<\/p>\n<div class=\"texto\">\n<p>O\u00a0<a class=\"hotword\" href=\"https:\/\/www.meutimao.com.br\/\" target=\"_blank\" rel=\"noopener\">Corinthians<\/a> venceu o <a class=\"hotword\" href=\"https:\/\/netflu.com.br\/\" target=\"_blank\" rel=\"noopener\">Fluminense,<\/a>\u00a0na\u00a0<a class=\"hotword\" href=\"https:\/\/www.meutimao.com.br\/estadio-do-corinthians\/\" target=\"_blank\" rel=\"noopener\">Neo Qu\u00edmica Arena,<\/a>\u00a0em partida v\u00e1lida pela oitava rodada do\u00a0<a class=\"hotword\" href=\"https:\/\/www.meutimao.com.br\/tabela-de-classificacao\/campeonato_brasileiro\/\" target=\"_blank\" rel=\"noopener\">Campeonato Brasileiro<\/a>\u00a02023. O placar do jogo terminou 2 a 0 para o Tim\u00e3o, com\u00a0<a class=\"hotword\" href=\"https:\/\/www.meutimao.com.br\/jogador-do-corinthians\/roger-guedes\" target=\"_blank\" rel=\"noopener\">R\u00f3ger Guedes<\/a> sendo o artilheiro da tarde em Itaquera, com dois gols marcados. A vit\u00f3ria foi a primeira do treinador Vanderlei Luxemburgo no retorno ao Corinthians.<\/p>\n<p>No primeiro tempo, o Fluminense foi superior e criou as melhores chances. O Corinthians at\u00e9 tentava escapar mas n\u00e3o conseguia passar pelo sistema defensivo carioca e entregava a bola de gra\u00e7a para o advers\u00e1rio. F\u00e1bio foi pouco exigido, enquanto que\u00a0<a class=\"hotword\" href=\"https:\/\/www.meutimao.com.br\/jogador-do-corinthians\/cassio\" target=\"_blank\" rel=\"noopener\">C\u00e1ssio<\/a>\u00a0precisou fazer duas grandes defesas.<\/p>\n<p>Na etapa final, o Tim\u00e3o mudou de postura e passou a frequentar mais o campo de ataque. Logo aos 15 minutos, o Corinthians abriu o placar e s\u00f3 melhorou no jogo, criando diversas chances para ampliar o marcador. Na defesa, os jogadores se entregavam e n\u00e3o deixavam o Fluminense chegar com facilidade. Na reta final, R\u00f3ger Guedes marcou o segundo e fechou o placar.<\/p>\n<p>Na pr\u00f3xima quarta-feira, o Corinthians volta para a Neo Qu\u00edmica Arena, por\u00e9m desta vez em duelo v\u00e1lido pelas oitavas de final da Copa do Brasil, contra o Atl\u00e9tico-MG. A bola rola \u00e0s 21h30 pelo jogo de volta do confronto com a equipe mineira.<\/p>\n<div class=\"pbmt publicidade_300x250 pbmt_container \">\n<div class=\"pbmt\">\n<div class=\"pbmt publicidade_arroba publicidade_300x250\">\n<div id=\"place_gam_29\" data-prebid=\"true\" data-aps=\"true\" data-google-query-id=\"CICG07qEmf8CFcU4uQYdEuoMBg\">\n<div id=\"google_ads_iframe_\/3600946\/29_0__container__\">\n<div id=\"google_ads_iframe_\/3600946\/29_0\" class=\"clever-core-ads\" tabindex=\"0\" title=\"3rd party ad content\" role=\"region\" aria-label=\"Advertisement\" data-load-complete=\"true\" data-google-container-id=\"4\">\n<div id=\"clever-66855-cube\"><img decoding=\"async\" id=\"clever-66855-cube-overlay\" src=\"data:image\/gif;base64,R0lGODlhAQABAIAAAP\/\/\/wAAACH5BAEAAAAALAAAAAABAAEAAAICRAEAOw==\" alt=\"overlay-clever\" \/><\/div>\n<\/div>\n<\/div>\n<\/div>\n<\/div>\n<\/div>\n<\/div>\n<\/div>\n<\/article>\n<\/div>\n<\/div>\n<\/div>\n<\/div>\n<div id=\"pbmt_sticky_mobile\" class=\"pbmt publicidade_320x50 bg\">\n<div class=\"pbmt\">\n<div>\n<div class=\"pbmt publicidade_mobile_leaderboard publicidade_320x100\">\n<div id=\"place_gam_Conteudo\" data-prebid=\"true\" data-aps=\"true\" data-google-query-id=\"CPrb1LqEmf8CFZ4yuQYdbTwNAA\"><\/div>\n<\/div>\n<\/div>\n<\/div>\n<\/div>\n","protected":false},"excerpt":{"rendered":"<p>Foto &#8211; Danilo Fernandes\/Meu Tim\u00e3o O\u00a0Corinthians venceu o Fluminense,\u00a0na\u00a0Neo Qu\u00edmica<\/p>\n","protected":false},"author":2,"featured_media":88970,"comment_status":"open","ping_status":"open","sticky":false,"template":"","format":"standard","meta":{"footnotes":""},"categories":[127,21],"tags":[],"class_list":["post-88967","post","type-post","status-publish","format-standard","has-post-thumbnail","hentry","category-brasileirao","category-esporte"],"yoast_head":"<!-- This site is optimized with the Yoast SEO plugin v27.4 - https:\/\/yoast.com\/product\/yoast-seo-wordpress\/ -->\n<title>Corinthians volta a vencer com dois gols Roger Guedes - Regi\u00e3o News<\/title>\n<meta name=\"robots\" content=\"index, follow, max-snippet:-1, max-image-preview:large, max-video-preview:-1\" \/>\n<link rel=\"canonical\" href=\"https:\/\/regiaonews.net.br\/2022\/2023\/05\/28\/corinthians-volta-a-vencer-com-dois-gols-roger-guedes\/\" \/>\n<meta property=\"og:locale\" content=\"pt_BR\" \/>\n<meta property=\"og:type\" content=\"article\" \/>\n<meta property=\"og:title\" content=\"Corinthians volta a vencer com dois gols Roger Guedes - Regi\u00e3o News\" \/>\n<meta property=\"og:description\" content=\"Foto &#8211; Danilo Fernandes\/Meu Tim\u00e3o O\u00a0Corinthians venceu o Fluminense,\u00a0na\u00a0Neo Qu\u00edmica\" \/>\n<meta property=\"og:url\" content=\"https:\/\/regiaonews.net.br\/2022\/2023\/05\/28\/corinthians-volta-a-vencer-com-dois-gols-roger-guedes\/\" \/>\n<meta property=\"og:site_name\" content=\"Regi\u00e3o News\" \/>\n<meta property=\"article:published_time\" content=\"2023-05-28T22:20:45+00:00\" \/>\n<meta property=\"article:modified_time\" content=\"2023-05-28T22:24:04+00:00\" \/>\n<meta property=\"og:image\" content=\"https:\/\/regiaonews.net.br\/2022\/wp-content\/uploads\/2023\/05\/cassio_e_roger_guedes_comemoram_em_duelo_contra_ttkb.jpg\" \/>\n\t<meta property=\"og:image:width\" content=\"614\" \/>\n\t<meta property=\"og:image:height\" content=\"409\" \/>\n\t<meta property=\"og:image:type\" content=\"image\/jpeg\" \/>\n<meta name=\"author\" content=\"Roberto\" \/>\n<meta name=\"twitter:card\" content=\"summary_large_image\" \/>\n<meta name=\"twitter:label1\" content=\"Escrito por\" \/>\n\t<meta name=\"twitter:data1\" content=\"Roberto\" \/>\n\t<meta name=\"twitter:label2\" content=\"Est. tempo de leitura\" \/>\n\t<meta name=\"twitter:data2\" content=\"2 minutos\" \/>\n<script type=\"application\/ld+json\" class=\"yoast-schema-graph\">{\"@context\":\"https:\\\/\\\/schema.org\",\"@graph\":[{\"@type\":\"Article\",\"@id\":\"https:\\\/\\\/regiaonews.net.br\\\/2022\\\/2023\\\/05\\\/28\\\/corinthians-volta-a-vencer-com-dois-gols-roger-guedes\\\/#article\",\"isPartOf\":{\"@id\":\"https:\\\/\\\/regiaonews.net.br\\\/2022\\\/2023\\\/05\\\/28\\\/corinthians-volta-a-vencer-com-dois-gols-roger-guedes\\\/\"},\"author\":{\"name\":\"Roberto\",\"@id\":\"https:\\\/\\\/regiaonews.net.br\\\/2022\\\/#\\\/schema\\\/person\\\/2d205a608a5aa97ac279d7a5e6d89ad8\"},\"headline\":\"Corinthians volta a vencer com dois gols Roger Guedes\",\"datePublished\":\"2023-05-28T22:20:45+00:00\",\"dateModified\":\"2023-05-28T22:24:04+00:00\",\"mainEntityOfPage\":{\"@id\":\"https:\\\/\\\/regiaonews.net.br\\\/2022\\\/2023\\\/05\\\/28\\\/corinthians-volta-a-vencer-com-dois-gols-roger-guedes\\\/\"},\"wordCount\":240,\"commentCount\":0,\"publisher\":{\"@id\":\"https:\\\/\\\/regiaonews.net.br\\\/2022\\\/#organization\"},\"image\":{\"@id\":\"https:\\\/\\\/regiaonews.net.br\\\/2022\\\/2023\\\/05\\\/28\\\/corinthians-volta-a-vencer-com-dois-gols-roger-guedes\\\/#primaryimage\"},\"thumbnailUrl\":\"https:\\\/\\\/regiaonews.net.br\\\/2022\\\/wp-content\\\/uploads\\\/2023\\\/05\\\/cassio_e_roger_guedes_comemoram_em_duelo_contra_ttkb.jpg\",\"articleSection\":[\"Brasileir\u00e3o\",\"Esporte\"],\"inLanguage\":\"pt-BR\",\"potentialAction\":[{\"@type\":\"CommentAction\",\"name\":\"Comment\",\"target\":[\"https:\\\/\\\/regiaonews.net.br\\\/2022\\\/2023\\\/05\\\/28\\\/corinthians-volta-a-vencer-com-dois-gols-roger-guedes\\\/#respond\"]}]},{\"@type\":\"WebPage\",\"@id\":\"https:\\\/\\\/regiaonews.net.br\\\/2022\\\/2023\\\/05\\\/28\\\/corinthians-volta-a-vencer-com-dois-gols-roger-guedes\\\/\",\"url\":\"https:\\\/\\\/regiaonews.net.br\\\/2022\\\/2023\\\/05\\\/28\\\/corinthians-volta-a-vencer-com-dois-gols-roger-guedes\\\/\",\"name\":\"Corinthians volta a vencer com dois gols Roger Guedes - Regi\u00e3o News\",\"isPartOf\":{\"@id\":\"https:\\\/\\\/regiaonews.net.br\\\/2022\\\/#website\"},\"primaryImageOfPage\":{\"@id\":\"https:\\\/\\\/regiaonews.net.br\\\/2022\\\/2023\\\/05\\\/28\\\/corinthians-volta-a-vencer-com-dois-gols-roger-guedes\\\/#primaryimage\"},\"image\":{\"@id\":\"https:\\\/\\\/regiaonews.net.br\\\/2022\\\/2023\\\/05\\\/28\\\/corinthians-volta-a-vencer-com-dois-gols-roger-guedes\\\/#primaryimage\"},\"thumbnailUrl\":\"https:\\\/\\\/regiaonews.net.br\\\/2022\\\/wp-content\\\/uploads\\\/2023\\\/05\\\/cassio_e_roger_guedes_comemoram_em_duelo_contra_ttkb.jpg\",\"datePublished\":\"2023-05-28T22:20:45+00:00\",\"dateModified\":\"2023-05-28T22:24:04+00:00\",\"breadcrumb\":{\"@id\":\"https:\\\/\\\/regiaonews.net.br\\\/2022\\\/2023\\\/05\\\/28\\\/corinthians-volta-a-vencer-com-dois-gols-roger-guedes\\\/#breadcrumb\"},\"inLanguage\":\"pt-BR\",\"potentialAction\":[{\"@type\":\"ReadAction\",\"target\":[\"https:\\\/\\\/regiaonews.net.br\\\/2022\\\/2023\\\/05\\\/28\\\/corinthians-volta-a-vencer-com-dois-gols-roger-guedes\\\/\"]}]},{\"@type\":\"ImageObject\",\"inLanguage\":\"pt-BR\",\"@id\":\"https:\\\/\\\/regiaonews.net.br\\\/2022\\\/2023\\\/05\\\/28\\\/corinthians-volta-a-vencer-com-dois-gols-roger-guedes\\\/#primaryimage\",\"url\":\"https:\\\/\\\/regiaonews.net.br\\\/2022\\\/wp-content\\\/uploads\\\/2023\\\/05\\\/cassio_e_roger_guedes_comemoram_em_duelo_contra_ttkb.jpg\",\"contentUrl\":\"https:\\\/\\\/regiaonews.net.br\\\/2022\\\/wp-content\\\/uploads\\\/2023\\\/05\\\/cassio_e_roger_guedes_comemoram_em_duelo_contra_ttkb.jpg\",\"width\":614,\"height\":409},{\"@type\":\"BreadcrumbList\",\"@id\":\"https:\\\/\\\/regiaonews.net.br\\\/2022\\\/2023\\\/05\\\/28\\\/corinthians-volta-a-vencer-com-dois-gols-roger-guedes\\\/#breadcrumb\",\"itemListElement\":[{\"@type\":\"ListItem\",\"position\":1,\"name\":\"In\u00edcio\",\"item\":\"https:\\\/\\\/regiaonews.net.br\\\/2022\\\/\"},{\"@type\":\"ListItem\",\"position\":2,\"name\":\"Corinthians volta a vencer com dois gols Roger Guedes\"}]},{\"@type\":\"WebSite\",\"@id\":\"https:\\\/\\\/regiaonews.net.br\\\/2022\\\/#website\",\"url\":\"https:\\\/\\\/regiaonews.net.br\\\/2022\\\/\",\"name\":\"Regi\u00e3o News\",\"description\":\"Site de Not\u00edcias de Barretos e regi\u00e3o\",\"publisher\":{\"@id\":\"https:\\\/\\\/regiaonews.net.br\\\/2022\\\/#organization\"},\"potentialAction\":[{\"@type\":\"SearchAction\",\"target\":{\"@type\":\"EntryPoint\",\"urlTemplate\":\"https:\\\/\\\/regiaonews.net.br\\\/2022\\\/?s={search_term_string}\"},\"query-input\":{\"@type\":\"PropertyValueSpecification\",\"valueRequired\":true,\"valueName\":\"search_term_string\"}}],\"inLanguage\":\"pt-BR\"},{\"@type\":\"Organization\",\"@id\":\"https:\\\/\\\/regiaonews.net.br\\\/2022\\\/#organization\",\"name\":\"Regi\u00e3o News\",\"url\":\"https:\\\/\\\/regiaonews.net.br\\\/2022\\\/\",\"logo\":{\"@type\":\"ImageObject\",\"inLanguage\":\"pt-BR\",\"@id\":\"https:\\\/\\\/regiaonews.net.br\\\/2022\\\/#\\\/schema\\\/logo\\\/image\\\/\",\"url\":\"https:\\\/\\\/regiaonews.net.br\\\/2022\\\/wp-content\\\/uploads\\\/2026\\\/03\\\/regiao-13-anos-scaled.jpg\",\"contentUrl\":\"https:\\\/\\\/regiaonews.net.br\\\/2022\\\/wp-content\\\/uploads\\\/2026\\\/03\\\/regiao-13-anos-scaled.jpg\",\"width\":2560,\"height\":635,\"caption\":\"Regi\u00e3o News\"},\"image\":{\"@id\":\"https:\\\/\\\/regiaonews.net.br\\\/2022\\\/#\\\/schema\\\/logo\\\/image\\\/\"}},{\"@type\":\"Person\",\"@id\":\"https:\\\/\\\/regiaonews.net.br\\\/2022\\\/#\\\/schema\\\/person\\\/2d205a608a5aa97ac279d7a5e6d89ad8\",\"name\":\"Roberto\",\"image\":{\"@type\":\"ImageObject\",\"inLanguage\":\"pt-BR\",\"@id\":\"https:\\\/\\\/secure.gravatar.com\\\/avatar\\\/42749d8b712ff9d59ca93dc150494e5b55a44134482993f5baeb97e61b7ecc89?s=96&d=mm&r=g\",\"url\":\"https:\\\/\\\/secure.gravatar.com\\\/avatar\\\/42749d8b712ff9d59ca93dc150494e5b55a44134482993f5baeb97e61b7ecc89?s=96&d=mm&r=g\",\"contentUrl\":\"https:\\\/\\\/secure.gravatar.com\\\/avatar\\\/42749d8b712ff9d59ca93dc150494e5b55a44134482993f5baeb97e61b7ecc89?s=96&d=mm&r=g\",\"caption\":\"Roberto\"},\"url\":\"https:\\\/\\\/regiaonews.net.br\\\/2022\\\/author\\\/roberto\\\/\"}]}<\/script>\n<!-- \/ Yoast SEO plugin. -->","yoast_head_json":{"title":"Corinthians volta a vencer com dois gols Roger Guedes - Regi\u00e3o News","robots":{"index":"index","follow":"follow","max-snippet":"max-snippet:-1","max-image-preview":"max-image-preview:large","max-video-preview":"max-video-preview:-1"},"canonical":"https:\/\/regiaonews.net.br\/2022\/2023\/05\/28\/corinthians-volta-a-vencer-com-dois-gols-roger-guedes\/","og_locale":"pt_BR","og_type":"article","og_title":"Corinthians volta a vencer com dois gols Roger Guedes - Regi\u00e3o News","og_description":"Foto &#8211; Danilo Fernandes\/Meu Tim\u00e3o O\u00a0Corinthians venceu o Fluminense,\u00a0na\u00a0Neo Qu\u00edmica","og_url":"https:\/\/regiaonews.net.br\/2022\/2023\/05\/28\/corinthians-volta-a-vencer-com-dois-gols-roger-guedes\/","og_site_name":"Regi\u00e3o News","article_published_time":"2023-05-28T22:20:45+00:00","article_modified_time":"2023-05-28T22:24:04+00:00","og_image":[{"width":614,"height":409,"url":"https:\/\/regiaonews.net.br\/2022\/wp-content\/uploads\/2023\/05\/cassio_e_roger_guedes_comemoram_em_duelo_contra_ttkb.jpg","type":"image\/jpeg"}],"author":"Roberto","twitter_card":"summary_large_image","twitter_misc":{"Escrito por":"Roberto","Est. tempo de leitura":"2 minutos"},"schema":{"@context":"https:\/\/schema.org","@graph":[{"@type":"Article","@id":"https:\/\/regiaonews.net.br\/2022\/2023\/05\/28\/corinthians-volta-a-vencer-com-dois-gols-roger-guedes\/#article","isPartOf":{"@id":"https:\/\/regiaonews.net.br\/2022\/2023\/05\/28\/corinthians-volta-a-vencer-com-dois-gols-roger-guedes\/"},"author":{"name":"Roberto","@id":"https:\/\/regiaonews.net.br\/2022\/#\/schema\/person\/2d205a608a5aa97ac279d7a5e6d89ad8"},"headline":"Corinthians volta a vencer com dois gols Roger Guedes","datePublished":"2023-05-28T22:20:45+00:00","dateModified":"2023-05-28T22:24:04+00:00","mainEntityOfPage":{"@id":"https:\/\/regiaonews.net.br\/2022\/2023\/05\/28\/corinthians-volta-a-vencer-com-dois-gols-roger-guedes\/"},"wordCount":240,"commentCount":0,"publisher":{"@id":"https:\/\/regiaonews.net.br\/2022\/#organization"},"image":{"@id":"https:\/\/regiaonews.net.br\/2022\/2023\/05\/28\/corinthians-volta-a-vencer-com-dois-gols-roger-guedes\/#primaryimage"},"thumbnailUrl":"https:\/\/regiaonews.net.br\/2022\/wp-content\/uploads\/2023\/05\/cassio_e_roger_guedes_comemoram_em_duelo_contra_ttkb.jpg","articleSection":["Brasileir\u00e3o","Esporte"],"inLanguage":"pt-BR","potentialAction":[{"@type":"CommentAction","name":"Comment","target":["https:\/\/regiaonews.net.br\/2022\/2023\/05\/28\/corinthians-volta-a-vencer-com-dois-gols-roger-guedes\/#respond"]}]},{"@type":"WebPage","@id":"https:\/\/regiaonews.net.br\/2022\/2023\/05\/28\/corinthians-volta-a-vencer-com-dois-gols-roger-guedes\/","url":"https:\/\/regiaonews.net.br\/2022\/2023\/05\/28\/corinthians-volta-a-vencer-com-dois-gols-roger-guedes\/","name":"Corinthians volta a vencer com dois gols Roger Guedes - Regi\u00e3o News","isPartOf":{"@id":"https:\/\/regiaonews.net.br\/2022\/#website"},"primaryImageOfPage":{"@id":"https:\/\/regiaonews.net.br\/2022\/2023\/05\/28\/corinthians-volta-a-vencer-com-dois-gols-roger-guedes\/#primaryimage"},"image":{"@id":"https:\/\/regiaonews.net.br\/2022\/2023\/05\/28\/corinthians-volta-a-vencer-com-dois-gols-roger-guedes\/#primaryimage"},"thumbnailUrl":"https:\/\/regiaonews.net.br\/2022\/wp-content\/uploads\/2023\/05\/cassio_e_roger_guedes_comemoram_em_duelo_contra_ttkb.jpg","datePublished":"2023-05-28T22:20:45+00:00","dateModified":"2023-05-28T22:24:04+00:00","breadcrumb":{"@id":"https:\/\/regiaonews.net.br\/2022\/2023\/05\/28\/corinthians-volta-a-vencer-com-dois-gols-roger-guedes\/#breadcrumb"},"inLanguage":"pt-BR","potentialAction":[{"@type":"ReadAction","target":["https:\/\/regiaonews.net.br\/2022\/2023\/05\/28\/corinthians-volta-a-vencer-com-dois-gols-roger-guedes\/"]}]},{"@type":"ImageObject","inLanguage":"pt-BR","@id":"https:\/\/regiaonews.net.br\/2022\/2023\/05\/28\/corinthians-volta-a-vencer-com-dois-gols-roger-guedes\/#primaryimage","url":"https:\/\/regiaonews.net.br\/2022\/wp-content\/uploads\/2023\/05\/cassio_e_roger_guedes_comemoram_em_duelo_contra_ttkb.jpg","contentUrl":"https:\/\/regiaonews.net.br\/2022\/wp-content\/uploads\/2023\/05\/cassio_e_roger_guedes_comemoram_em_duelo_contra_ttkb.jpg","width":614,"height":409},{"@type":"BreadcrumbList","@id":"https:\/\/regiaonews.net.br\/2022\/2023\/05\/28\/corinthians-volta-a-vencer-com-dois-gols-roger-guedes\/#breadcrumb","itemListElement":[{"@type":"ListItem","position":1,"name":"In\u00edcio","item":"https:\/\/regiaonews.net.br\/2022\/"},{"@type":"ListItem","position":2,"name":"Corinthians volta a vencer com dois gols Roger Guedes"}]},{"@type":"WebSite","@id":"https:\/\/regiaonews.net.br\/2022\/#website","url":"https:\/\/regiaonews.net.br\/2022\/","name":"Regi\u00e3o News","description":"Site de Not\u00edcias de Barretos e regi\u00e3o","publisher":{"@id":"https:\/\/regiaonews.net.br\/2022\/#organization"},"potentialAction":[{"@type":"SearchAction","target":{"@type":"EntryPoint","urlTemplate":"https:\/\/regiaonews.net.br\/2022\/?s={search_term_string}"},"query-input":{"@type":"PropertyValueSpecification","valueRequired":true,"valueName":"search_term_string"}}],"inLanguage":"pt-BR"},{"@type":"Organization","@id":"https:\/\/regiaonews.net.br\/2022\/#organization","name":"Regi\u00e3o News","url":"https:\/\/regiaonews.net.br\/2022\/","logo":{"@type":"ImageObject","inLanguage":"pt-BR","@id":"https:\/\/regiaonews.net.br\/2022\/#\/schema\/logo\/image\/","url":"https:\/\/regiaonews.net.br\/2022\/wp-content\/uploads\/2026\/03\/regiao-13-anos-scaled.jpg","contentUrl":"https:\/\/regiaonews.net.br\/2022\/wp-content\/uploads\/2026\/03\/regiao-13-anos-scaled.jpg","width":2560,"height":635,"caption":"Regi\u00e3o News"},"image":{"@id":"https:\/\/regiaonews.net.br\/2022\/#\/schema\/logo\/image\/"}},{"@type":"Person","@id":"https:\/\/regiaonews.net.br\/2022\/#\/schema\/person\/2d205a608a5aa97ac279d7a5e6d89ad8","name":"Roberto","image":{"@type":"ImageObject","inLanguage":"pt-BR","@id":"https:\/\/secure.gravatar.com\/avatar\/42749d8b712ff9d59ca93dc150494e5b55a44134482993f5baeb97e61b7ecc89?s=96&d=mm&r=g","url":"https:\/\/secure.gravatar.com\/avatar\/42749d8b712ff9d59ca93dc150494e5b55a44134482993f5baeb97e61b7ecc89?s=96&d=mm&r=g","contentUrl":"https:\/\/secure.gravatar.com\/avatar\/42749d8b712ff9d59ca93dc150494e5b55a44134482993f5baeb97e61b7ecc89?s=96&d=mm&r=g","caption":"Roberto"},"url":"https:\/\/regiaonews.net.br\/2022\/author\/roberto\/"}]}},"publishpress_future_action":{"enabled":false,"date":"2026-05-02 01:45:44","action":"change-status","newStatus":"draft","terms":[],"taxonomy":"category","extraData":[]},"publishpress_future_workflow_manual_trigger":{"enabledWorkflows":[]},"_links":{"self":[{"href":"https:\/\/regiaonews.net.br\/2022\/wp-json\/wp\/v2\/posts\/88967","targetHints":{"allow":["GET"]}}],"collection":[{"href":"https:\/\/regiaonews.net.br\/2022\/wp-json\/wp\/v2\/posts"}],"about":[{"href":"https:\/\/regiaonews.net.br\/2022\/wp-json\/wp\/v2\/types\/post"}],"author":[{"embeddable":true,"href":"https:\/\/regiaonews.net.br\/2022\/wp-json\/wp\/v2\/users\/2"}],"replies":[{"embeddable":true,"href":"https:\/\/regiaonews.net.br\/2022\/wp-json\/wp\/v2\/comments?post=88967"}],"version-history":[{"count":3,"href":"https:\/\/regiaonews.net.br\/2022\/wp-json\/wp\/v2\/posts\/88967\/revisions"}],"predecessor-version":[{"id":88972,"href":"https:\/\/regiaonews.net.br\/2022\/wp-json\/wp\/v2\/posts\/88967\/revisions\/88972"}],"wp:featuredmedia":[{"embeddable":true,"href":"https:\/\/regiaonews.net.br\/2022\/wp-json\/wp\/v2\/media\/88970"}],"wp:attachment":[{"href":"https:\/\/regiaonews.net.br\/2022\/wp-json\/wp\/v2\/media?parent=88967"}],"wp:term":[{"taxonomy":"category","embeddable":true,"href":"https:\/\/regiaonews.net.br\/2022\/wp-json\/wp\/v2\/categories?post=88967"},{"taxonomy":"post_tag","embeddable":true,"href":"https:\/\/regiaonews.net.br\/2022\/wp-json\/wp\/v2\/tags?post=88967"}],"curies":[{"name":"wp","href":"https:\/\/api.w.org\/{rel}","templated":true}]}}