{"id":88873,"date":"2023-05-26T22:59:43","date_gmt":"2023-05-27T01:59:43","guid":{"rendered":"https:\/\/regiaonews.net.br\/2022\/?p=88873"},"modified":"2023-05-28T07:41:58","modified_gmt":"2023-05-28T10:41:58","slug":"firmado-acordo-para-reembolso-de-creditos-de-aplicativo-da-e-so-parar","status":"publish","type":"post","link":"https:\/\/regiaonews.net.br\/2022\/2023\/05\/26\/firmado-acordo-para-reembolso-de-creditos-de-aplicativo-da-e-so-parar\/","title":{"rendered":"Firmado acordo para reembolso de cr\u00e9ditos de aplicativo da \u201cE S\u00f3 Parar\u201d"},"content":{"rendered":"<p>&nbsp;<\/p>\n<p>O defensor p\u00fablico, F\u00e1bio Esposto, informou que foi firmado na tarde desta sexta-feira (26), um acordo com a Prefeitura de Barretos, relativos aos cr\u00e9ditos existentes por usu\u00e1rios do servi\u00e7o de Zona Azul, operado pela antiga empresa \u00c9 S\u00f3 Parar.<br \/>\nSegundo ele, o munic\u00edpio ir\u00e1 disponibilizar os valores que os mun\u00edcipes possuam de cr\u00e9dito no aplicativo da antiga concession\u00e1ria, em cr\u00e9dito no aplicativo da nova concession\u00e1ria a empresa Serttel Solu\u00e7\u00f5es em Mobilidade e Seguran\u00e7a Urbana Ltda para quem comprar o direito ao reembolso.<br \/>\nSegundo o acordo, o a comprova\u00e7\u00e3o ser\u00e1 pessoalmente na secretaria de Ordem P\u00fablica, na antiga prefeitura, no per\u00edodo de 1\u00ba de junho a 31 de julho deste ano, das 8h \u00e0s 16h. O usu\u00e1rio dever\u00e1 apresentar documento com foto e acessar o aplicativo da antiga empresa e apresentar o cr\u00e9dito existente para o funcion\u00e1rio, sendo o cr\u00e9dito disponibilizado de imediato no mesmo valor no aplicativo da nova concession\u00e1ria.<\/p>\n","protected":false},"excerpt":{"rendered":"<p>&nbsp; O defensor p\u00fablico, F\u00e1bio Esposto, informou que foi firmado<\/p>\n","protected":false},"author":2,"featured_media":88874,"comment_status":"open","ping_status":"open","sticky":false,"template":"","format":"standard","meta":{"footnotes":""},"categories":[14,111],"tags":[],"class_list":["post-88873","post","type-post","status-publish","format-standard","has-post-thumbnail","hentry","category-barretos","category-cotidiano"],"yoast_head":"<!-- This site is optimized with the Yoast SEO plugin v27.4 - https:\/\/yoast.com\/product\/yoast-seo-wordpress\/ -->\n<title>Firmado acordo para reembolso de cr\u00e9ditos de aplicativo da \u201cE S\u00f3 Parar\u201d - Regi\u00e3o News<\/title>\n<meta name=\"robots\" content=\"index, follow, max-snippet:-1, max-image-preview:large, max-video-preview:-1\" \/>\n<link rel=\"canonical\" href=\"https:\/\/regiaonews.net.br\/2022\/2023\/05\/26\/firmado-acordo-para-reembolso-de-creditos-de-aplicativo-da-e-so-parar\/\" \/>\n<meta property=\"og:locale\" content=\"pt_BR\" \/>\n<meta property=\"og:type\" content=\"article\" \/>\n<meta property=\"og:title\" content=\"Firmado acordo para reembolso de cr\u00e9ditos de aplicativo da \u201cE S\u00f3 Parar\u201d - Regi\u00e3o News\" \/>\n<meta property=\"og:description\" content=\"&nbsp; O defensor p\u00fablico, F\u00e1bio Esposto, informou que foi firmado\" \/>\n<meta property=\"og:url\" content=\"https:\/\/regiaonews.net.br\/2022\/2023\/05\/26\/firmado-acordo-para-reembolso-de-creditos-de-aplicativo-da-e-so-parar\/\" \/>\n<meta property=\"og:site_name\" content=\"Regi\u00e3o News\" \/>\n<meta property=\"article:published_time\" content=\"2023-05-27T01:59:43+00:00\" \/>\n<meta property=\"article:modified_time\" content=\"2023-05-28T10:41:58+00:00\" \/>\n<meta property=\"og:image\" content=\"https:\/\/regiaonews.net.br\/2022\/wp-content\/uploads\/2023\/05\/IMG-20230526-WA0606.jpg\" \/>\n\t<meta property=\"og:image:width\" content=\"1512\" \/>\n\t<meta property=\"og:image:height\" content=\"1512\" \/>\n\t<meta property=\"og:image:type\" content=\"image\/jpeg\" \/>\n<meta name=\"author\" content=\"Roberto\" \/>\n<meta name=\"twitter:card\" content=\"summary_large_image\" \/>\n<meta name=\"twitter:label1\" content=\"Escrito por\" \/>\n\t<meta name=\"twitter:data1\" content=\"Roberto\" \/>\n\t<meta name=\"twitter:label2\" content=\"Est. tempo de leitura\" \/>\n\t<meta name=\"twitter:data2\" content=\"1 minuto\" \/>\n<script type=\"application\/ld+json\" class=\"yoast-schema-graph\">{\"@context\":\"https:\\\/\\\/schema.org\",\"@graph\":[{\"@type\":\"Article\",\"@id\":\"https:\\\/\\\/regiaonews.net.br\\\/2022\\\/2023\\\/05\\\/26\\\/firmado-acordo-para-reembolso-de-creditos-de-aplicativo-da-e-so-parar\\\/#article\",\"isPartOf\":{\"@id\":\"https:\\\/\\\/regiaonews.net.br\\\/2022\\\/2023\\\/05\\\/26\\\/firmado-acordo-para-reembolso-de-creditos-de-aplicativo-da-e-so-parar\\\/\"},\"author\":{\"name\":\"Roberto\",\"@id\":\"https:\\\/\\\/regiaonews.net.br\\\/2022\\\/#\\\/schema\\\/person\\\/2d205a608a5aa97ac279d7a5e6d89ad8\"},\"headline\":\"Firmado acordo para reembolso de cr\u00e9ditos de aplicativo da \u201cE S\u00f3 Parar\u201d\",\"datePublished\":\"2023-05-27T01:59:43+00:00\",\"dateModified\":\"2023-05-28T10:41:58+00:00\",\"mainEntityOfPage\":{\"@id\":\"https:\\\/\\\/regiaonews.net.br\\\/2022\\\/2023\\\/05\\\/26\\\/firmado-acordo-para-reembolso-de-creditos-de-aplicativo-da-e-so-parar\\\/\"},\"wordCount\":181,\"commentCount\":0,\"publisher\":{\"@id\":\"https:\\\/\\\/regiaonews.net.br\\\/2022\\\/#organization\"},\"image\":{\"@id\":\"https:\\\/\\\/regiaonews.net.br\\\/2022\\\/2023\\\/05\\\/26\\\/firmado-acordo-para-reembolso-de-creditos-de-aplicativo-da-e-so-parar\\\/#primaryimage\"},\"thumbnailUrl\":\"https:\\\/\\\/regiaonews.net.br\\\/2022\\\/wp-content\\\/uploads\\\/2023\\\/05\\\/IMG-20230526-WA0606.jpg\",\"articleSection\":[\"Barretos\",\"Cotidiano\"],\"inLanguage\":\"pt-BR\",\"potentialAction\":[{\"@type\":\"CommentAction\",\"name\":\"Comment\",\"target\":[\"https:\\\/\\\/regiaonews.net.br\\\/2022\\\/2023\\\/05\\\/26\\\/firmado-acordo-para-reembolso-de-creditos-de-aplicativo-da-e-so-parar\\\/#respond\"]}]},{\"@type\":\"WebPage\",\"@id\":\"https:\\\/\\\/regiaonews.net.br\\\/2022\\\/2023\\\/05\\\/26\\\/firmado-acordo-para-reembolso-de-creditos-de-aplicativo-da-e-so-parar\\\/\",\"url\":\"https:\\\/\\\/regiaonews.net.br\\\/2022\\\/2023\\\/05\\\/26\\\/firmado-acordo-para-reembolso-de-creditos-de-aplicativo-da-e-so-parar\\\/\",\"name\":\"Firmado acordo para reembolso de cr\u00e9ditos de aplicativo da \u201cE S\u00f3 Parar\u201d - Regi\u00e3o News\",\"isPartOf\":{\"@id\":\"https:\\\/\\\/regiaonews.net.br\\\/2022\\\/#website\"},\"primaryImageOfPage\":{\"@id\":\"https:\\\/\\\/regiaonews.net.br\\\/2022\\\/2023\\\/05\\\/26\\\/firmado-acordo-para-reembolso-de-creditos-de-aplicativo-da-e-so-parar\\\/#primaryimage\"},\"image\":{\"@id\":\"https:\\\/\\\/regiaonews.net.br\\\/2022\\\/2023\\\/05\\\/26\\\/firmado-acordo-para-reembolso-de-creditos-de-aplicativo-da-e-so-parar\\\/#primaryimage\"},\"thumbnailUrl\":\"https:\\\/\\\/regiaonews.net.br\\\/2022\\\/wp-content\\\/uploads\\\/2023\\\/05\\\/IMG-20230526-WA0606.jpg\",\"datePublished\":\"2023-05-27T01:59:43+00:00\",\"dateModified\":\"2023-05-28T10:41:58+00:00\",\"breadcrumb\":{\"@id\":\"https:\\\/\\\/regiaonews.net.br\\\/2022\\\/2023\\\/05\\\/26\\\/firmado-acordo-para-reembolso-de-creditos-de-aplicativo-da-e-so-parar\\\/#breadcrumb\"},\"inLanguage\":\"pt-BR\",\"potentialAction\":[{\"@type\":\"ReadAction\",\"target\":[\"https:\\\/\\\/regiaonews.net.br\\\/2022\\\/2023\\\/05\\\/26\\\/firmado-acordo-para-reembolso-de-creditos-de-aplicativo-da-e-so-parar\\\/\"]}]},{\"@type\":\"ImageObject\",\"inLanguage\":\"pt-BR\",\"@id\":\"https:\\\/\\\/regiaonews.net.br\\\/2022\\\/2023\\\/05\\\/26\\\/firmado-acordo-para-reembolso-de-creditos-de-aplicativo-da-e-so-parar\\\/#primaryimage\",\"url\":\"https:\\\/\\\/regiaonews.net.br\\\/2022\\\/wp-content\\\/uploads\\\/2023\\\/05\\\/IMG-20230526-WA0606.jpg\",\"contentUrl\":\"https:\\\/\\\/regiaonews.net.br\\\/2022\\\/wp-content\\\/uploads\\\/2023\\\/05\\\/IMG-20230526-WA0606.jpg\",\"width\":1512,\"height\":1512},{\"@type\":\"BreadcrumbList\",\"@id\":\"https:\\\/\\\/regiaonews.net.br\\\/2022\\\/2023\\\/05\\\/26\\\/firmado-acordo-para-reembolso-de-creditos-de-aplicativo-da-e-so-parar\\\/#breadcrumb\",\"itemListElement\":[{\"@type\":\"ListItem\",\"position\":1,\"name\":\"In\u00edcio\",\"item\":\"https:\\\/\\\/regiaonews.net.br\\\/2022\\\/\"},{\"@type\":\"ListItem\",\"position\":2,\"name\":\"Firmado acordo para reembolso de cr\u00e9ditos de aplicativo da \u201cE S\u00f3 Parar\u201d\"}]},{\"@type\":\"WebSite\",\"@id\":\"https:\\\/\\\/regiaonews.net.br\\\/2022\\\/#website\",\"url\":\"https:\\\/\\\/regiaonews.net.br\\\/2022\\\/\",\"name\":\"Regi\u00e3o News\",\"description\":\"Site de Not\u00edcias de Barretos e regi\u00e3o\",\"publisher\":{\"@id\":\"https:\\\/\\\/regiaonews.net.br\\\/2022\\\/#organization\"},\"potentialAction\":[{\"@type\":\"SearchAction\",\"target\":{\"@type\":\"EntryPoint\",\"urlTemplate\":\"https:\\\/\\\/regiaonews.net.br\\\/2022\\\/?s={search_term_string}\"},\"query-input\":{\"@type\":\"PropertyValueSpecification\",\"valueRequired\":true,\"valueName\":\"search_term_string\"}}],\"inLanguage\":\"pt-BR\"},{\"@type\":\"Organization\",\"@id\":\"https:\\\/\\\/regiaonews.net.br\\\/2022\\\/#organization\",\"name\":\"Regi\u00e3o News\",\"url\":\"https:\\\/\\\/regiaonews.net.br\\\/2022\\\/\",\"logo\":{\"@type\":\"ImageObject\",\"inLanguage\":\"pt-BR\",\"@id\":\"https:\\\/\\\/regiaonews.net.br\\\/2022\\\/#\\\/schema\\\/logo\\\/image\\\/\",\"url\":\"https:\\\/\\\/regiaonews.net.br\\\/2022\\\/wp-content\\\/uploads\\\/2026\\\/03\\\/regiao-13-anos-scaled.jpg\",\"contentUrl\":\"https:\\\/\\\/regiaonews.net.br\\\/2022\\\/wp-content\\\/uploads\\\/2026\\\/03\\\/regiao-13-anos-scaled.jpg\",\"width\":2560,\"height\":635,\"caption\":\"Regi\u00e3o News\"},\"image\":{\"@id\":\"https:\\\/\\\/regiaonews.net.br\\\/2022\\\/#\\\/schema\\\/logo\\\/image\\\/\"}},{\"@type\":\"Person\",\"@id\":\"https:\\\/\\\/regiaonews.net.br\\\/2022\\\/#\\\/schema\\\/person\\\/2d205a608a5aa97ac279d7a5e6d89ad8\",\"name\":\"Roberto\",\"image\":{\"@type\":\"ImageObject\",\"inLanguage\":\"pt-BR\",\"@id\":\"https:\\\/\\\/secure.gravatar.com\\\/avatar\\\/42749d8b712ff9d59ca93dc150494e5b55a44134482993f5baeb97e61b7ecc89?s=96&d=mm&r=g\",\"url\":\"https:\\\/\\\/secure.gravatar.com\\\/avatar\\\/42749d8b712ff9d59ca93dc150494e5b55a44134482993f5baeb97e61b7ecc89?s=96&d=mm&r=g\",\"contentUrl\":\"https:\\\/\\\/secure.gravatar.com\\\/avatar\\\/42749d8b712ff9d59ca93dc150494e5b55a44134482993f5baeb97e61b7ecc89?s=96&d=mm&r=g\",\"caption\":\"Roberto\"},\"url\":\"https:\\\/\\\/regiaonews.net.br\\\/2022\\\/author\\\/roberto\\\/\"}]}<\/script>\n<!-- \/ Yoast SEO plugin. -->","yoast_head_json":{"title":"Firmado acordo para reembolso de cr\u00e9ditos de aplicativo da \u201cE S\u00f3 Parar\u201d - Regi\u00e3o News","robots":{"index":"index","follow":"follow","max-snippet":"max-snippet:-1","max-image-preview":"max-image-preview:large","max-video-preview":"max-video-preview:-1"},"canonical":"https:\/\/regiaonews.net.br\/2022\/2023\/05\/26\/firmado-acordo-para-reembolso-de-creditos-de-aplicativo-da-e-so-parar\/","og_locale":"pt_BR","og_type":"article","og_title":"Firmado acordo para reembolso de cr\u00e9ditos de aplicativo da \u201cE S\u00f3 Parar\u201d - Regi\u00e3o News","og_description":"&nbsp; O defensor p\u00fablico, F\u00e1bio Esposto, informou que foi firmado","og_url":"https:\/\/regiaonews.net.br\/2022\/2023\/05\/26\/firmado-acordo-para-reembolso-de-creditos-de-aplicativo-da-e-so-parar\/","og_site_name":"Regi\u00e3o News","article_published_time":"2023-05-27T01:59:43+00:00","article_modified_time":"2023-05-28T10:41:58+00:00","og_image":[{"width":1512,"height":1512,"url":"https:\/\/regiaonews.net.br\/2022\/wp-content\/uploads\/2023\/05\/IMG-20230526-WA0606.jpg","type":"image\/jpeg"}],"author":"Roberto","twitter_card":"summary_large_image","twitter_misc":{"Escrito por":"Roberto","Est. tempo de leitura":"1 minuto"},"schema":{"@context":"https:\/\/schema.org","@graph":[{"@type":"Article","@id":"https:\/\/regiaonews.net.br\/2022\/2023\/05\/26\/firmado-acordo-para-reembolso-de-creditos-de-aplicativo-da-e-so-parar\/#article","isPartOf":{"@id":"https:\/\/regiaonews.net.br\/2022\/2023\/05\/26\/firmado-acordo-para-reembolso-de-creditos-de-aplicativo-da-e-so-parar\/"},"author":{"name":"Roberto","@id":"https:\/\/regiaonews.net.br\/2022\/#\/schema\/person\/2d205a608a5aa97ac279d7a5e6d89ad8"},"headline":"Firmado acordo para reembolso de cr\u00e9ditos de aplicativo da \u201cE S\u00f3 Parar\u201d","datePublished":"2023-05-27T01:59:43+00:00","dateModified":"2023-05-28T10:41:58+00:00","mainEntityOfPage":{"@id":"https:\/\/regiaonews.net.br\/2022\/2023\/05\/26\/firmado-acordo-para-reembolso-de-creditos-de-aplicativo-da-e-so-parar\/"},"wordCount":181,"commentCount":0,"publisher":{"@id":"https:\/\/regiaonews.net.br\/2022\/#organization"},"image":{"@id":"https:\/\/regiaonews.net.br\/2022\/2023\/05\/26\/firmado-acordo-para-reembolso-de-creditos-de-aplicativo-da-e-so-parar\/#primaryimage"},"thumbnailUrl":"https:\/\/regiaonews.net.br\/2022\/wp-content\/uploads\/2023\/05\/IMG-20230526-WA0606.jpg","articleSection":["Barretos","Cotidiano"],"inLanguage":"pt-BR","potentialAction":[{"@type":"CommentAction","name":"Comment","target":["https:\/\/regiaonews.net.br\/2022\/2023\/05\/26\/firmado-acordo-para-reembolso-de-creditos-de-aplicativo-da-e-so-parar\/#respond"]}]},{"@type":"WebPage","@id":"https:\/\/regiaonews.net.br\/2022\/2023\/05\/26\/firmado-acordo-para-reembolso-de-creditos-de-aplicativo-da-e-so-parar\/","url":"https:\/\/regiaonews.net.br\/2022\/2023\/05\/26\/firmado-acordo-para-reembolso-de-creditos-de-aplicativo-da-e-so-parar\/","name":"Firmado acordo para reembolso de cr\u00e9ditos de aplicativo da \u201cE S\u00f3 Parar\u201d - Regi\u00e3o News","isPartOf":{"@id":"https:\/\/regiaonews.net.br\/2022\/#website"},"primaryImageOfPage":{"@id":"https:\/\/regiaonews.net.br\/2022\/2023\/05\/26\/firmado-acordo-para-reembolso-de-creditos-de-aplicativo-da-e-so-parar\/#primaryimage"},"image":{"@id":"https:\/\/regiaonews.net.br\/2022\/2023\/05\/26\/firmado-acordo-para-reembolso-de-creditos-de-aplicativo-da-e-so-parar\/#primaryimage"},"thumbnailUrl":"https:\/\/regiaonews.net.br\/2022\/wp-content\/uploads\/2023\/05\/IMG-20230526-WA0606.jpg","datePublished":"2023-05-27T01:59:43+00:00","dateModified":"2023-05-28T10:41:58+00:00","breadcrumb":{"@id":"https:\/\/regiaonews.net.br\/2022\/2023\/05\/26\/firmado-acordo-para-reembolso-de-creditos-de-aplicativo-da-e-so-parar\/#breadcrumb"},"inLanguage":"pt-BR","potentialAction":[{"@type":"ReadAction","target":["https:\/\/regiaonews.net.br\/2022\/2023\/05\/26\/firmado-acordo-para-reembolso-de-creditos-de-aplicativo-da-e-so-parar\/"]}]},{"@type":"ImageObject","inLanguage":"pt-BR","@id":"https:\/\/regiaonews.net.br\/2022\/2023\/05\/26\/firmado-acordo-para-reembolso-de-creditos-de-aplicativo-da-e-so-parar\/#primaryimage","url":"https:\/\/regiaonews.net.br\/2022\/wp-content\/uploads\/2023\/05\/IMG-20230526-WA0606.jpg","contentUrl":"https:\/\/regiaonews.net.br\/2022\/wp-content\/uploads\/2023\/05\/IMG-20230526-WA0606.jpg","width":1512,"height":1512},{"@type":"BreadcrumbList","@id":"https:\/\/regiaonews.net.br\/2022\/2023\/05\/26\/firmado-acordo-para-reembolso-de-creditos-de-aplicativo-da-e-so-parar\/#breadcrumb","itemListElement":[{"@type":"ListItem","position":1,"name":"In\u00edcio","item":"https:\/\/regiaonews.net.br\/2022\/"},{"@type":"ListItem","position":2,"name":"Firmado acordo para reembolso de cr\u00e9ditos de aplicativo da \u201cE S\u00f3 Parar\u201d"}]},{"@type":"WebSite","@id":"https:\/\/regiaonews.net.br\/2022\/#website","url":"https:\/\/regiaonews.net.br\/2022\/","name":"Regi\u00e3o News","description":"Site de Not\u00edcias de Barretos e regi\u00e3o","publisher":{"@id":"https:\/\/regiaonews.net.br\/2022\/#organization"},"potentialAction":[{"@type":"SearchAction","target":{"@type":"EntryPoint","urlTemplate":"https:\/\/regiaonews.net.br\/2022\/?s={search_term_string}"},"query-input":{"@type":"PropertyValueSpecification","valueRequired":true,"valueName":"search_term_string"}}],"inLanguage":"pt-BR"},{"@type":"Organization","@id":"https:\/\/regiaonews.net.br\/2022\/#organization","name":"Regi\u00e3o News","url":"https:\/\/regiaonews.net.br\/2022\/","logo":{"@type":"ImageObject","inLanguage":"pt-BR","@id":"https:\/\/regiaonews.net.br\/2022\/#\/schema\/logo\/image\/","url":"https:\/\/regiaonews.net.br\/2022\/wp-content\/uploads\/2026\/03\/regiao-13-anos-scaled.jpg","contentUrl":"https:\/\/regiaonews.net.br\/2022\/wp-content\/uploads\/2026\/03\/regiao-13-anos-scaled.jpg","width":2560,"height":635,"caption":"Regi\u00e3o News"},"image":{"@id":"https:\/\/regiaonews.net.br\/2022\/#\/schema\/logo\/image\/"}},{"@type":"Person","@id":"https:\/\/regiaonews.net.br\/2022\/#\/schema\/person\/2d205a608a5aa97ac279d7a5e6d89ad8","name":"Roberto","image":{"@type":"ImageObject","inLanguage":"pt-BR","@id":"https:\/\/secure.gravatar.com\/avatar\/42749d8b712ff9d59ca93dc150494e5b55a44134482993f5baeb97e61b7ecc89?s=96&d=mm&r=g","url":"https:\/\/secure.gravatar.com\/avatar\/42749d8b712ff9d59ca93dc150494e5b55a44134482993f5baeb97e61b7ecc89?s=96&d=mm&r=g","contentUrl":"https:\/\/secure.gravatar.com\/avatar\/42749d8b712ff9d59ca93dc150494e5b55a44134482993f5baeb97e61b7ecc89?s=96&d=mm&r=g","caption":"Roberto"},"url":"https:\/\/regiaonews.net.br\/2022\/author\/roberto\/"}]}},"publishpress_future_action":{"enabled":false,"date":"2026-05-02 05:08:14","action":"change-status","newStatus":"draft","terms":[],"taxonomy":"category","extraData":[]},"publishpress_future_workflow_manual_trigger":{"enabledWorkflows":[]},"_links":{"self":[{"href":"https:\/\/regiaonews.net.br\/2022\/wp-json\/wp\/v2\/posts\/88873","targetHints":{"allow":["GET"]}}],"collection":[{"href":"https:\/\/regiaonews.net.br\/2022\/wp-json\/wp\/v2\/posts"}],"about":[{"href":"https:\/\/regiaonews.net.br\/2022\/wp-json\/wp\/v2\/types\/post"}],"author":[{"embeddable":true,"href":"https:\/\/regiaonews.net.br\/2022\/wp-json\/wp\/v2\/users\/2"}],"replies":[{"embeddable":true,"href":"https:\/\/regiaonews.net.br\/2022\/wp-json\/wp\/v2\/comments?post=88873"}],"version-history":[{"count":1,"href":"https:\/\/regiaonews.net.br\/2022\/wp-json\/wp\/v2\/posts\/88873\/revisions"}],"predecessor-version":[{"id":88875,"href":"https:\/\/regiaonews.net.br\/2022\/wp-json\/wp\/v2\/posts\/88873\/revisions\/88875"}],"wp:featuredmedia":[{"embeddable":true,"href":"https:\/\/regiaonews.net.br\/2022\/wp-json\/wp\/v2\/media\/88874"}],"wp:attachment":[{"href":"https:\/\/regiaonews.net.br\/2022\/wp-json\/wp\/v2\/media?parent=88873"}],"wp:term":[{"taxonomy":"category","embeddable":true,"href":"https:\/\/regiaonews.net.br\/2022\/wp-json\/wp\/v2\/categories?post=88873"},{"taxonomy":"post_tag","embeddable":true,"href":"https:\/\/regiaonews.net.br\/2022\/wp-json\/wp\/v2\/tags?post=88873"}],"curies":[{"name":"wp","href":"https:\/\/api.w.org\/{rel}","templated":true}]}}