{"id":88819,"date":"2023-05-26T13:29:50","date_gmt":"2023-05-26T16:29:50","guid":{"rendered":"https:\/\/regiaonews.net.br\/2022\/?p=88819"},"modified":"2023-05-26T13:29:50","modified_gmt":"2023-05-26T16:29:50","slug":"equipe-colinense-e-campea-da-copa-colina-open-de-li-tchuo-pa-kung-fu","status":"publish","type":"post","link":"https:\/\/regiaonews.net.br\/2022\/2023\/05\/26\/equipe-colinense-e-campea-da-copa-colina-open-de-li-tchuo-pa-kung-fu\/","title":{"rendered":"Equipe colinense \u00e9 campe\u00e3 da Copa Colina Open de Li Tchuo Pa Kung Fu"},"content":{"rendered":"<section data-font-size=\"\">\n<section class=\"page-content wrapper\">\n<div data-grid=\"spacing\">\n<div data-cell=\"3of4\">\n<section class=\"post\">\n<header class=\"post-header\">\n<h1 class=\"post-title\"><\/h1>\n<\/header>\n<div class=\"post-content\">\n<article class=\"post-text\">A Prefeitura Municipal de Colina, por meio da Secretaria Municipal de Esportes, Turismo e Lazer realizou no \u00faltimo domingo, dia 21 de maio, a 1\u00aa Copa Colina Open de Li Tchuo Pa Kung Fu, no Gin\u00e1sio Municipal de Esportes.\u00a0Colina sagrou-se Campe\u00e3.<\/p>\n<p>O evento contou com a participa\u00e7\u00e3o de 10 (dez) delega\u00e7\u00f5es, sendo de 09 (nove) do Estado de S\u00e3o Paulo: Colina, Cravinhos, Guariba, Ituverava, Jaboticabal, Leme, Orl\u00e2ndia, Prad\u00f3polis e Ribeir\u00e3o Preto e 01 (uma) delega\u00e7\u00e3o de Minas Gerais: Uberl\u00e2ndia.<\/p>\n<p>Ao todo foram cerca de 300 inscri\u00e7\u00f5es de atletas, incluindo as participa\u00e7\u00f5es adicionais nas v\u00e1rias categorias de \u201cFormas\u201d e de \u201cCombates\u201d que, nesta Competi\u00e7\u00e3o, contou com a volta oficial da categoria \u201cSANDA\u201d nos eventos realizados pela modalidade Li Tchuo Pa Kung Fu. Vale destacar que houve a participa\u00e7\u00e3o de atletas colinenses na categoria \u201cSANDA\u201d e que, inclusive, foram vitoriosos na modalidade.<\/p>\n<p>A abertura oficial do evento contou com a presen\u00e7a de autoridades, como: o Vice-Prefeito, Sergio Campanholi; o Secret\u00e1rio Municipal de Ind\u00fastria, Com\u00e9rcio e Agricultura, Ren\u00ea \u00c2ngelo Sasaki; o Presidente da Associa\u00e7\u00e3o Drag\u00e3o Branco, Jo\u00e3o Batista Chicale J\u00fanior; a Gr\u00e3 Mestra do Li Tchuo Pa Kung Fu, Tatiane Gola; o respons\u00e1vel pelo in\u00edcio do Projeto Drag\u00e3o Branco em Colina, Professor Valdomiro Soares da Silva e o Professor Donissete Jos\u00e9 de Souza, da Escola T\u00e9cnica Agropecu\u00e1ria Municipal \u201cS\u00e3o Francisco de Assis\u2019.\u00a0 Demais autoridades, como os Mestres e Professores respons\u00e1veis pelas dela\u00e7\u00f5es participantes, tamb\u00e9m fizeram-se presentes.<\/p>\n<p>Durante a cerim\u00f4nia de abertura do evento, houve o desfile das delega\u00e7\u00f5es; a execu\u00e7\u00e3o dos Hinos Nacional e Municipal; e o Juramento do Atleta e Filosofia Aplicada do Li Tchuo Pa Kung Fu. Em seguida houve o pronunciamento de autoridades presentes e, na sequencia, apresenta\u00e7\u00f5es que encantaram o p\u00fablico presente:\u00a0<em>Fac\u00e3o Longo<\/em>\u00a0apresentado pelo Shigung MaTonHua de Uberaba-MG;\u00a0<em>Fu Hok San Yen<\/em>\u00a0apresentado pelo Mestre Severino Ferreira da Rocha de Ribeir\u00e3o Preto e, por fim, a coreografia\u00a0<em>\u201cLe\u00f5es&#8230; Fadas&#8230;. e o Infinito&#8230;\u201d<\/em>\u00a0apresentada pela Equipe Drag\u00e3o Branco de Dan\u00e7a do Le\u00e3o Chin\u00eas de Colina.<\/p>\n<p>Em virtude de compromissos profissionais agendados anteriormente, o Prefeito Municipal de Colina, Dieb Taha esteve presente no encerramento da 1\u00aa Copa Colina Open de Li Tchuo Pa Kung Fu, acompanhando as lutas dos atletas colinenses, que competiram no \u201cSANDA\u201d e na entrega de trof\u00e9us para as delega\u00e7\u00f5es vencedoras.<\/p>\n<p>A equipe de Colina esteve composta por 50 atletas dos Projetos \u201cDrag\u00e3o Branco de Li Tchuo Pa Kung Fu\u201d e \u201cEduca\u00e7\u00e3o Marcial\u201d, e conquistou o trof\u00e9u de Campe\u00e3 do evento pelo maior n\u00famero de medalhas conquistadas. Colina somou 331 pontos com a conquista de 76 medalhas (40 de ouro, 23 de prata e 13 de bronze). N\u00fameros recordes, tanto de n\u00famero de atletas participando na Competi\u00e7\u00e3o como o de medalhas conquistadas.<\/p>\n<p>As demais classificadas foram: Ituverava em segundo lugar com a conquista de 184 pontos e Guariba em terceiro lugar com 151 pontos.<\/p>\n<p>Na abertura, o Vice-prefeito S\u00e9rgio Campanholi, parabenizou as delega\u00e7\u00f5es participantes e em especial, os atletas de Colina. Falou da import\u00e2ncia desta pr\u00e1tica esportiva, que proporciona \u00e0s crian\u00e7as e jovens, sa\u00fade, educa\u00e7\u00e3o e disciplina.<\/p>\n<p>O Prefeito Dieb Taha, no encerramento, enfatizou que todas as modalidades esportivas s\u00e3o importantes para a popula\u00e7\u00e3o de Colina e por isso fazem parte das prioridades da Administra\u00e7\u00e3o Municipal. \u201cSabemos que a pr\u00e1tica esportiva \u00e9 uma grande aliada na qualidade de vida das pessoas, assim, estamos abertos e seremos parceiros sempre que surgirem ideias e iniciativas, que proporcionem sa\u00fade f\u00edsica, entretenimento e cidadania\u201d.<\/p>\n<p>&nbsp;<\/p>\n<p>&nbsp;<\/p>\n<\/article>\n<section class=\"post-gallery gallery-photos gallery__container\" data-gallery=\"\"><a class=\"photo gallery__item\" href=\"https:\/\/ecrie.com.br\/sistema\/conteudos\/imagem\/g_62_0_19_24052023171702.jpg\" target=\"_blank\" rel=\"noopener\"><img decoding=\"async\" class=\"photo-image gallery__img\" src=\"https:\/\/ecrie.com.br\/sistema\/conteudos\/imagem\/p_62_0_19_24052023171702.jpg\" alt=\"KUNG FU - 2\" \/><\/a><a class=\"photo gallery__item\" href=\"https:\/\/ecrie.com.br\/sistema\/conteudos\/imagem\/g_62_1_18_24052023171702.jpg\" target=\"_blank\" rel=\"noopener\"><img decoding=\"async\" class=\"photo-image gallery__img\" src=\"https:\/\/ecrie.com.br\/sistema\/conteudos\/imagem\/p_62_1_18_24052023171702.jpg\" alt=\"KUNG FU - 3\" \/><\/a><a class=\"photo gallery__item\" href=\"https:\/\/ecrie.com.br\/sistema\/conteudos\/imagem\/g_62_2_17_24052023171702.jpg\" target=\"_blank\" rel=\"noopener\"><img decoding=\"async\" class=\"photo-image gallery__img\" src=\"https:\/\/ecrie.com.br\/sistema\/conteudos\/imagem\/p_62_2_17_24052023171702.jpg\" alt=\"KUNG FU - 4\" \/><\/a><a class=\"photo gallery__item\" href=\"https:\/\/ecrie.com.br\/sistema\/conteudos\/imagem\/g_62_3_16_24052023171702.jpg\" target=\"_blank\" rel=\"noopener\"><img decoding=\"async\" class=\"photo-image gallery__img\" src=\"https:\/\/ecrie.com.br\/sistema\/conteudos\/imagem\/p_62_3_16_24052023171702.jpg\" alt=\"KUNG FU - 5\" \/><\/a><a class=\"photo gallery__item\" href=\"https:\/\/ecrie.com.br\/sistema\/conteudos\/imagem\/g_62_4_15_24052023171702.jpg\" target=\"_blank\" rel=\"noopener\"><img decoding=\"async\" class=\"photo-image gallery__img\" src=\"https:\/\/ecrie.com.br\/sistema\/conteudos\/imagem\/p_62_4_15_24052023171702.jpg\" alt=\"KUNG FU - 6\" \/><\/a><a class=\"photo gallery__item\" href=\"https:\/\/ecrie.com.br\/sistema\/conteudos\/imagem\/g_62_5_14_24052023171702.jpg\" target=\"_blank\" rel=\"noopener\"><img decoding=\"async\" class=\"photo-image gallery__img\" src=\"https:\/\/ecrie.com.br\/sistema\/conteudos\/imagem\/p_62_5_14_24052023171702.jpg\" alt=\"KUNG FU - 7\" \/><\/a><a class=\"photo gallery__item\" href=\"https:\/\/ecrie.com.br\/sistema\/conteudos\/imagem\/g_62_6_13_24052023171702.jpg\" target=\"_blank\" rel=\"noopener\"><img decoding=\"async\" class=\"photo-image gallery__img\" src=\"https:\/\/ecrie.com.br\/sistema\/conteudos\/imagem\/p_62_6_13_24052023171702.jpg\" alt=\"KUNG FU - 8\" \/><\/a><a class=\"photo gallery__item\" href=\"https:\/\/ecrie.com.br\/sistema\/conteudos\/imagem\/g_62_7_12_24052023171702.jpg\" target=\"_blank\" rel=\"noopener\"><img decoding=\"async\" class=\"photo-image gallery__img\" src=\"https:\/\/ecrie.com.br\/sistema\/conteudos\/imagem\/p_62_7_12_24052023171702.jpg\" alt=\"KUNG FU - 9\" \/><\/a><a class=\"photo gallery__item\" href=\"https:\/\/ecrie.com.br\/sistema\/conteudos\/imagem\/g_62_8_11_24052023171702.jpg\" target=\"_blank\" rel=\"noopener\"><img decoding=\"async\" class=\"photo-image gallery__img\" src=\"https:\/\/ecrie.com.br\/sistema\/conteudos\/imagem\/p_62_8_11_24052023171702.jpg\" alt=\"KUNG FU - 10\" \/><\/a><a class=\"photo gallery__item\" href=\"https:\/\/ecrie.com.br\/sistema\/conteudos\/imagem\/g_62_9_10_24052023171702.jpg\" target=\"_blank\" rel=\"noopener\"><img decoding=\"async\" class=\"photo-image gallery__img\" src=\"https:\/\/ecrie.com.br\/sistema\/conteudos\/imagem\/p_62_9_10_24052023171702.jpg\" alt=\"KUNG FU - 11\" \/><\/a><a class=\"photo gallery__item\" href=\"https:\/\/ecrie.com.br\/sistema\/conteudos\/imagem\/g_62_10_9_24052023171702.jpg\" target=\"_blank\" rel=\"noopener\"><img decoding=\"async\" class=\"photo-image gallery__img\" src=\"https:\/\/ecrie.com.br\/sistema\/conteudos\/imagem\/p_62_10_9_24052023171702.jpg\" alt=\"KUNG FU - 12\" \/><\/a><a class=\"photo gallery__item\" href=\"https:\/\/ecrie.com.br\/sistema\/conteudos\/imagem\/g_62_11_8_24052023171702.jpg\" target=\"_blank\" rel=\"noopener\"><img decoding=\"async\" class=\"photo-image gallery__img\" src=\"https:\/\/ecrie.com.br\/sistema\/conteudos\/imagem\/p_62_11_8_24052023171702.jpg\" alt=\"KUNG FU - 13\" \/><\/a><a class=\"photo gallery__item\" href=\"https:\/\/ecrie.com.br\/sistema\/conteudos\/imagem\/g_62_12_7_24052023171702.jpg\" target=\"_blank\" rel=\"noopener\"><img decoding=\"async\" class=\"photo-image gallery__img\" src=\"https:\/\/ecrie.com.br\/sistema\/conteudos\/imagem\/p_62_12_7_24052023171702.jpg\" alt=\"KUNG FU - 14\" \/><\/a><a class=\"photo gallery__item\" href=\"https:\/\/ecrie.com.br\/sistema\/conteudos\/imagem\/g_62_13_6_24052023171702.jpg\" target=\"_blank\" rel=\"noopener\"><img decoding=\"async\" class=\"photo-image gallery__img\" src=\"https:\/\/ecrie.com.br\/sistema\/conteudos\/imagem\/p_62_13_6_24052023171702.jpg\" alt=\"KUNG FU - 15\" \/><\/a><a class=\"photo gallery__item\" href=\"https:\/\/ecrie.com.br\/sistema\/conteudos\/imagem\/g_62_14_5_24052023171702.jpg\" target=\"_blank\" rel=\"noopener\"><img decoding=\"async\" class=\"photo-image gallery__img\" src=\"https:\/\/ecrie.com.br\/sistema\/conteudos\/imagem\/p_62_14_5_24052023171702.jpg\" alt=\"KUNG FU - 16\" \/><\/a><a class=\"photo gallery__item\" href=\"https:\/\/ecrie.com.br\/sistema\/conteudos\/imagem\/g_62_15_4_24052023171702.jpg\" target=\"_blank\" rel=\"noopener\"><img decoding=\"async\" class=\"photo-image gallery__img\" src=\"https:\/\/ecrie.com.br\/sistema\/conteudos\/imagem\/p_62_15_4_24052023171702.jpg\" alt=\"KUNG FU - 17 - destaque\" \/><\/a><a class=\"photo gallery__item\" href=\"https:\/\/ecrie.com.br\/sistema\/conteudos\/imagem\/g_62_16_3_24052023171702.jpg\" target=\"_blank\" rel=\"noopener\"><img decoding=\"async\" class=\"photo-image gallery__img\" src=\"https:\/\/ecrie.com.br\/sistema\/conteudos\/imagem\/p_62_16_3_24052023171702.jpg\" alt=\"KUNG FU - 18\" \/><\/a><\/section>\n<\/div>\n<hr \/>\n<aside class=\"post-aside noPrint\">\n<header class=\"page-heading\"><\/header>\n<\/aside>\n<\/section>\n<\/div>\n<\/div>\n<\/section>\n<\/section>\n<div id=\"cookie-container\" class=\"cookie\">\n<p>&nbsp;<\/p>\n<\/div>\n","protected":false},"excerpt":{"rendered":"<p>A Prefeitura Municipal de Colina, por meio da Secretaria Municipal<\/p>\n","protected":false},"author":2,"featured_media":88820,"comment_status":"open","ping_status":"open","sticky":false,"template":"","format":"standard","meta":{"footnotes":""},"categories":[5,111],"tags":[],"class_list":["post-88819","post","type-post","status-publish","format-standard","has-post-thumbnail","hentry","category-colina","category-cotidiano"],"yoast_head":"<!-- This site is optimized with the Yoast SEO plugin v27.5 - https:\/\/yoast.com\/product\/yoast-seo-wordpress\/ -->\n<title>Equipe colinense \u00e9 campe\u00e3 da Copa Colina Open de Li Tchuo Pa Kung Fu - Regi\u00e3o News<\/title>\n<meta name=\"robots\" content=\"index, follow, max-snippet:-1, max-image-preview:large, max-video-preview:-1\" \/>\n<link rel=\"canonical\" href=\"https:\/\/regiaonews.net.br\/2022\/2023\/05\/26\/equipe-colinense-e-campea-da-copa-colina-open-de-li-tchuo-pa-kung-fu\/\" \/>\n<meta property=\"og:locale\" content=\"pt_BR\" \/>\n<meta property=\"og:type\" content=\"article\" \/>\n<meta property=\"og:title\" content=\"Equipe colinense \u00e9 campe\u00e3 da Copa Colina Open de Li Tchuo Pa Kung Fu - Regi\u00e3o News\" \/>\n<meta property=\"og:description\" content=\"A Prefeitura Municipal de Colina, por meio da Secretaria Municipal\" \/>\n<meta property=\"og:url\" content=\"https:\/\/regiaonews.net.br\/2022\/2023\/05\/26\/equipe-colinense-e-campea-da-copa-colina-open-de-li-tchuo-pa-kung-fu\/\" \/>\n<meta property=\"og:site_name\" content=\"Regi\u00e3o News\" \/>\n<meta property=\"article:published_time\" content=\"2023-05-26T16:29:50+00:00\" \/>\n<meta property=\"og:image\" content=\"https:\/\/regiaonews.net.br\/2022\/wp-content\/uploads\/2023\/05\/m_62_15_4_24052023171702.jpg\" \/>\n\t<meta property=\"og:image:width\" content=\"900\" \/>\n\t<meta property=\"og:image:height\" content=\"598\" \/>\n\t<meta property=\"og:image:type\" content=\"image\/jpeg\" \/>\n<meta name=\"author\" content=\"Roberto\" \/>\n<meta name=\"twitter:card\" content=\"summary_large_image\" \/>\n<meta name=\"twitter:label1\" content=\"Escrito por\" \/>\n\t<meta name=\"twitter:data1\" content=\"Roberto\" \/>\n\t<meta name=\"twitter:label2\" content=\"Est. tempo de leitura\" \/>\n\t<meta name=\"twitter:data2\" content=\"7 minutos\" \/>\n<script type=\"application\/ld+json\" class=\"yoast-schema-graph\">{\"@context\":\"https:\\\/\\\/schema.org\",\"@graph\":[{\"@type\":\"Article\",\"@id\":\"https:\\\/\\\/regiaonews.net.br\\\/2022\\\/2023\\\/05\\\/26\\\/equipe-colinense-e-campea-da-copa-colina-open-de-li-tchuo-pa-kung-fu\\\/#article\",\"isPartOf\":{\"@id\":\"https:\\\/\\\/regiaonews.net.br\\\/2022\\\/2023\\\/05\\\/26\\\/equipe-colinense-e-campea-da-copa-colina-open-de-li-tchuo-pa-kung-fu\\\/\"},\"author\":{\"name\":\"Roberto\",\"@id\":\"https:\\\/\\\/regiaonews.net.br\\\/2022\\\/#\\\/schema\\\/person\\\/2d205a608a5aa97ac279d7a5e6d89ad8\"},\"headline\":\"Equipe colinense \u00e9 campe\u00e3 da Copa Colina Open de Li Tchuo Pa Kung Fu\",\"datePublished\":\"2023-05-26T16:29:50+00:00\",\"mainEntityOfPage\":{\"@id\":\"https:\\\/\\\/regiaonews.net.br\\\/2022\\\/2023\\\/05\\\/26\\\/equipe-colinense-e-campea-da-copa-colina-open-de-li-tchuo-pa-kung-fu\\\/\"},\"wordCount\":630,\"commentCount\":0,\"publisher\":{\"@id\":\"https:\\\/\\\/regiaonews.net.br\\\/2022\\\/#organization\"},\"image\":{\"@id\":\"https:\\\/\\\/regiaonews.net.br\\\/2022\\\/2023\\\/05\\\/26\\\/equipe-colinense-e-campea-da-copa-colina-open-de-li-tchuo-pa-kung-fu\\\/#primaryimage\"},\"thumbnailUrl\":\"https:\\\/\\\/regiaonews.net.br\\\/2022\\\/wp-content\\\/uploads\\\/2023\\\/05\\\/m_62_15_4_24052023171702.jpg\",\"articleSection\":[\"Colina\",\"Cotidiano\"],\"inLanguage\":\"pt-BR\",\"potentialAction\":[{\"@type\":\"CommentAction\",\"name\":\"Comment\",\"target\":[\"https:\\\/\\\/regiaonews.net.br\\\/2022\\\/2023\\\/05\\\/26\\\/equipe-colinense-e-campea-da-copa-colina-open-de-li-tchuo-pa-kung-fu\\\/#respond\"]}]},{\"@type\":\"WebPage\",\"@id\":\"https:\\\/\\\/regiaonews.net.br\\\/2022\\\/2023\\\/05\\\/26\\\/equipe-colinense-e-campea-da-copa-colina-open-de-li-tchuo-pa-kung-fu\\\/\",\"url\":\"https:\\\/\\\/regiaonews.net.br\\\/2022\\\/2023\\\/05\\\/26\\\/equipe-colinense-e-campea-da-copa-colina-open-de-li-tchuo-pa-kung-fu\\\/\",\"name\":\"Equipe colinense \u00e9 campe\u00e3 da Copa Colina Open de Li Tchuo Pa Kung Fu - Regi\u00e3o News\",\"isPartOf\":{\"@id\":\"https:\\\/\\\/regiaonews.net.br\\\/2022\\\/#website\"},\"primaryImageOfPage\":{\"@id\":\"https:\\\/\\\/regiaonews.net.br\\\/2022\\\/2023\\\/05\\\/26\\\/equipe-colinense-e-campea-da-copa-colina-open-de-li-tchuo-pa-kung-fu\\\/#primaryimage\"},\"image\":{\"@id\":\"https:\\\/\\\/regiaonews.net.br\\\/2022\\\/2023\\\/05\\\/26\\\/equipe-colinense-e-campea-da-copa-colina-open-de-li-tchuo-pa-kung-fu\\\/#primaryimage\"},\"thumbnailUrl\":\"https:\\\/\\\/regiaonews.net.br\\\/2022\\\/wp-content\\\/uploads\\\/2023\\\/05\\\/m_62_15_4_24052023171702.jpg\",\"datePublished\":\"2023-05-26T16:29:50+00:00\",\"breadcrumb\":{\"@id\":\"https:\\\/\\\/regiaonews.net.br\\\/2022\\\/2023\\\/05\\\/26\\\/equipe-colinense-e-campea-da-copa-colina-open-de-li-tchuo-pa-kung-fu\\\/#breadcrumb\"},\"inLanguage\":\"pt-BR\",\"potentialAction\":[{\"@type\":\"ReadAction\",\"target\":[\"https:\\\/\\\/regiaonews.net.br\\\/2022\\\/2023\\\/05\\\/26\\\/equipe-colinense-e-campea-da-copa-colina-open-de-li-tchuo-pa-kung-fu\\\/\"]}]},{\"@type\":\"ImageObject\",\"inLanguage\":\"pt-BR\",\"@id\":\"https:\\\/\\\/regiaonews.net.br\\\/2022\\\/2023\\\/05\\\/26\\\/equipe-colinense-e-campea-da-copa-colina-open-de-li-tchuo-pa-kung-fu\\\/#primaryimage\",\"url\":\"https:\\\/\\\/regiaonews.net.br\\\/2022\\\/wp-content\\\/uploads\\\/2023\\\/05\\\/m_62_15_4_24052023171702.jpg\",\"contentUrl\":\"https:\\\/\\\/regiaonews.net.br\\\/2022\\\/wp-content\\\/uploads\\\/2023\\\/05\\\/m_62_15_4_24052023171702.jpg\",\"width\":900,\"height\":598},{\"@type\":\"BreadcrumbList\",\"@id\":\"https:\\\/\\\/regiaonews.net.br\\\/2022\\\/2023\\\/05\\\/26\\\/equipe-colinense-e-campea-da-copa-colina-open-de-li-tchuo-pa-kung-fu\\\/#breadcrumb\",\"itemListElement\":[{\"@type\":\"ListItem\",\"position\":1,\"name\":\"In\u00edcio\",\"item\":\"https:\\\/\\\/regiaonews.net.br\\\/2022\\\/\"},{\"@type\":\"ListItem\",\"position\":2,\"name\":\"Equipe colinense \u00e9 campe\u00e3 da Copa Colina Open de Li Tchuo Pa Kung Fu\"}]},{\"@type\":\"WebSite\",\"@id\":\"https:\\\/\\\/regiaonews.net.br\\\/2022\\\/#website\",\"url\":\"https:\\\/\\\/regiaonews.net.br\\\/2022\\\/\",\"name\":\"Regi\u00e3o News\",\"description\":\"Site de Not\u00edcias de Barretos e regi\u00e3o\",\"publisher\":{\"@id\":\"https:\\\/\\\/regiaonews.net.br\\\/2022\\\/#organization\"},\"potentialAction\":[{\"@type\":\"SearchAction\",\"target\":{\"@type\":\"EntryPoint\",\"urlTemplate\":\"https:\\\/\\\/regiaonews.net.br\\\/2022\\\/?s={search_term_string}\"},\"query-input\":{\"@type\":\"PropertyValueSpecification\",\"valueRequired\":true,\"valueName\":\"search_term_string\"}}],\"inLanguage\":\"pt-BR\"},{\"@type\":\"Organization\",\"@id\":\"https:\\\/\\\/regiaonews.net.br\\\/2022\\\/#organization\",\"name\":\"Regi\u00e3o News\",\"url\":\"https:\\\/\\\/regiaonews.net.br\\\/2022\\\/\",\"logo\":{\"@type\":\"ImageObject\",\"inLanguage\":\"pt-BR\",\"@id\":\"https:\\\/\\\/regiaonews.net.br\\\/2022\\\/#\\\/schema\\\/logo\\\/image\\\/\",\"url\":\"https:\\\/\\\/regiaonews.net.br\\\/2022\\\/wp-content\\\/uploads\\\/2026\\\/03\\\/regiao-13-anos-scaled.jpg\",\"contentUrl\":\"https:\\\/\\\/regiaonews.net.br\\\/2022\\\/wp-content\\\/uploads\\\/2026\\\/03\\\/regiao-13-anos-scaled.jpg\",\"width\":2560,\"height\":635,\"caption\":\"Regi\u00e3o News\"},\"image\":{\"@id\":\"https:\\\/\\\/regiaonews.net.br\\\/2022\\\/#\\\/schema\\\/logo\\\/image\\\/\"}},{\"@type\":\"Person\",\"@id\":\"https:\\\/\\\/regiaonews.net.br\\\/2022\\\/#\\\/schema\\\/person\\\/2d205a608a5aa97ac279d7a5e6d89ad8\",\"name\":\"Roberto\",\"image\":{\"@type\":\"ImageObject\",\"inLanguage\":\"pt-BR\",\"@id\":\"https:\\\/\\\/secure.gravatar.com\\\/avatar\\\/42749d8b712ff9d59ca93dc150494e5b55a44134482993f5baeb97e61b7ecc89?s=96&d=mm&r=g\",\"url\":\"https:\\\/\\\/secure.gravatar.com\\\/avatar\\\/42749d8b712ff9d59ca93dc150494e5b55a44134482993f5baeb97e61b7ecc89?s=96&d=mm&r=g\",\"contentUrl\":\"https:\\\/\\\/secure.gravatar.com\\\/avatar\\\/42749d8b712ff9d59ca93dc150494e5b55a44134482993f5baeb97e61b7ecc89?s=96&d=mm&r=g\",\"caption\":\"Roberto\"},\"url\":\"https:\\\/\\\/regiaonews.net.br\\\/2022\\\/author\\\/roberto\\\/\"}]}<\/script>\n<!-- \/ Yoast SEO plugin. -->","yoast_head_json":{"title":"Equipe colinense \u00e9 campe\u00e3 da Copa Colina Open de Li Tchuo Pa Kung Fu - Regi\u00e3o News","robots":{"index":"index","follow":"follow","max-snippet":"max-snippet:-1","max-image-preview":"max-image-preview:large","max-video-preview":"max-video-preview:-1"},"canonical":"https:\/\/regiaonews.net.br\/2022\/2023\/05\/26\/equipe-colinense-e-campea-da-copa-colina-open-de-li-tchuo-pa-kung-fu\/","og_locale":"pt_BR","og_type":"article","og_title":"Equipe colinense \u00e9 campe\u00e3 da Copa Colina Open de Li Tchuo Pa Kung Fu - Regi\u00e3o News","og_description":"A Prefeitura Municipal de Colina, por meio da Secretaria Municipal","og_url":"https:\/\/regiaonews.net.br\/2022\/2023\/05\/26\/equipe-colinense-e-campea-da-copa-colina-open-de-li-tchuo-pa-kung-fu\/","og_site_name":"Regi\u00e3o News","article_published_time":"2023-05-26T16:29:50+00:00","og_image":[{"width":900,"height":598,"url":"https:\/\/regiaonews.net.br\/2022\/wp-content\/uploads\/2023\/05\/m_62_15_4_24052023171702.jpg","type":"image\/jpeg"}],"author":"Roberto","twitter_card":"summary_large_image","twitter_misc":{"Escrito por":"Roberto","Est. tempo de leitura":"7 minutos"},"schema":{"@context":"https:\/\/schema.org","@graph":[{"@type":"Article","@id":"https:\/\/regiaonews.net.br\/2022\/2023\/05\/26\/equipe-colinense-e-campea-da-copa-colina-open-de-li-tchuo-pa-kung-fu\/#article","isPartOf":{"@id":"https:\/\/regiaonews.net.br\/2022\/2023\/05\/26\/equipe-colinense-e-campea-da-copa-colina-open-de-li-tchuo-pa-kung-fu\/"},"author":{"name":"Roberto","@id":"https:\/\/regiaonews.net.br\/2022\/#\/schema\/person\/2d205a608a5aa97ac279d7a5e6d89ad8"},"headline":"Equipe colinense \u00e9 campe\u00e3 da Copa Colina Open de Li Tchuo Pa Kung Fu","datePublished":"2023-05-26T16:29:50+00:00","mainEntityOfPage":{"@id":"https:\/\/regiaonews.net.br\/2022\/2023\/05\/26\/equipe-colinense-e-campea-da-copa-colina-open-de-li-tchuo-pa-kung-fu\/"},"wordCount":630,"commentCount":0,"publisher":{"@id":"https:\/\/regiaonews.net.br\/2022\/#organization"},"image":{"@id":"https:\/\/regiaonews.net.br\/2022\/2023\/05\/26\/equipe-colinense-e-campea-da-copa-colina-open-de-li-tchuo-pa-kung-fu\/#primaryimage"},"thumbnailUrl":"https:\/\/regiaonews.net.br\/2022\/wp-content\/uploads\/2023\/05\/m_62_15_4_24052023171702.jpg","articleSection":["Colina","Cotidiano"],"inLanguage":"pt-BR","potentialAction":[{"@type":"CommentAction","name":"Comment","target":["https:\/\/regiaonews.net.br\/2022\/2023\/05\/26\/equipe-colinense-e-campea-da-copa-colina-open-de-li-tchuo-pa-kung-fu\/#respond"]}]},{"@type":"WebPage","@id":"https:\/\/regiaonews.net.br\/2022\/2023\/05\/26\/equipe-colinense-e-campea-da-copa-colina-open-de-li-tchuo-pa-kung-fu\/","url":"https:\/\/regiaonews.net.br\/2022\/2023\/05\/26\/equipe-colinense-e-campea-da-copa-colina-open-de-li-tchuo-pa-kung-fu\/","name":"Equipe colinense \u00e9 campe\u00e3 da Copa Colina Open de Li Tchuo Pa Kung Fu - Regi\u00e3o News","isPartOf":{"@id":"https:\/\/regiaonews.net.br\/2022\/#website"},"primaryImageOfPage":{"@id":"https:\/\/regiaonews.net.br\/2022\/2023\/05\/26\/equipe-colinense-e-campea-da-copa-colina-open-de-li-tchuo-pa-kung-fu\/#primaryimage"},"image":{"@id":"https:\/\/regiaonews.net.br\/2022\/2023\/05\/26\/equipe-colinense-e-campea-da-copa-colina-open-de-li-tchuo-pa-kung-fu\/#primaryimage"},"thumbnailUrl":"https:\/\/regiaonews.net.br\/2022\/wp-content\/uploads\/2023\/05\/m_62_15_4_24052023171702.jpg","datePublished":"2023-05-26T16:29:50+00:00","breadcrumb":{"@id":"https:\/\/regiaonews.net.br\/2022\/2023\/05\/26\/equipe-colinense-e-campea-da-copa-colina-open-de-li-tchuo-pa-kung-fu\/#breadcrumb"},"inLanguage":"pt-BR","potentialAction":[{"@type":"ReadAction","target":["https:\/\/regiaonews.net.br\/2022\/2023\/05\/26\/equipe-colinense-e-campea-da-copa-colina-open-de-li-tchuo-pa-kung-fu\/"]}]},{"@type":"ImageObject","inLanguage":"pt-BR","@id":"https:\/\/regiaonews.net.br\/2022\/2023\/05\/26\/equipe-colinense-e-campea-da-copa-colina-open-de-li-tchuo-pa-kung-fu\/#primaryimage","url":"https:\/\/regiaonews.net.br\/2022\/wp-content\/uploads\/2023\/05\/m_62_15_4_24052023171702.jpg","contentUrl":"https:\/\/regiaonews.net.br\/2022\/wp-content\/uploads\/2023\/05\/m_62_15_4_24052023171702.jpg","width":900,"height":598},{"@type":"BreadcrumbList","@id":"https:\/\/regiaonews.net.br\/2022\/2023\/05\/26\/equipe-colinense-e-campea-da-copa-colina-open-de-li-tchuo-pa-kung-fu\/#breadcrumb","itemListElement":[{"@type":"ListItem","position":1,"name":"In\u00edcio","item":"https:\/\/regiaonews.net.br\/2022\/"},{"@type":"ListItem","position":2,"name":"Equipe colinense \u00e9 campe\u00e3 da Copa Colina Open de Li Tchuo Pa Kung Fu"}]},{"@type":"WebSite","@id":"https:\/\/regiaonews.net.br\/2022\/#website","url":"https:\/\/regiaonews.net.br\/2022\/","name":"Regi\u00e3o News","description":"Site de Not\u00edcias de Barretos e regi\u00e3o","publisher":{"@id":"https:\/\/regiaonews.net.br\/2022\/#organization"},"potentialAction":[{"@type":"SearchAction","target":{"@type":"EntryPoint","urlTemplate":"https:\/\/regiaonews.net.br\/2022\/?s={search_term_string}"},"query-input":{"@type":"PropertyValueSpecification","valueRequired":true,"valueName":"search_term_string"}}],"inLanguage":"pt-BR"},{"@type":"Organization","@id":"https:\/\/regiaonews.net.br\/2022\/#organization","name":"Regi\u00e3o News","url":"https:\/\/regiaonews.net.br\/2022\/","logo":{"@type":"ImageObject","inLanguage":"pt-BR","@id":"https:\/\/regiaonews.net.br\/2022\/#\/schema\/logo\/image\/","url":"https:\/\/regiaonews.net.br\/2022\/wp-content\/uploads\/2026\/03\/regiao-13-anos-scaled.jpg","contentUrl":"https:\/\/regiaonews.net.br\/2022\/wp-content\/uploads\/2026\/03\/regiao-13-anos-scaled.jpg","width":2560,"height":635,"caption":"Regi\u00e3o News"},"image":{"@id":"https:\/\/regiaonews.net.br\/2022\/#\/schema\/logo\/image\/"}},{"@type":"Person","@id":"https:\/\/regiaonews.net.br\/2022\/#\/schema\/person\/2d205a608a5aa97ac279d7a5e6d89ad8","name":"Roberto","image":{"@type":"ImageObject","inLanguage":"pt-BR","@id":"https:\/\/secure.gravatar.com\/avatar\/42749d8b712ff9d59ca93dc150494e5b55a44134482993f5baeb97e61b7ecc89?s=96&d=mm&r=g","url":"https:\/\/secure.gravatar.com\/avatar\/42749d8b712ff9d59ca93dc150494e5b55a44134482993f5baeb97e61b7ecc89?s=96&d=mm&r=g","contentUrl":"https:\/\/secure.gravatar.com\/avatar\/42749d8b712ff9d59ca93dc150494e5b55a44134482993f5baeb97e61b7ecc89?s=96&d=mm&r=g","caption":"Roberto"},"url":"https:\/\/regiaonews.net.br\/2022\/author\/roberto\/"}]}},"publishpress_future_action":{"enabled":false,"date":"2026-05-10 07:06:10","action":"change-status","newStatus":"draft","terms":[],"taxonomy":"category","extraData":[]},"publishpress_future_workflow_manual_trigger":{"enabledWorkflows":[]},"_links":{"self":[{"href":"https:\/\/regiaonews.net.br\/2022\/wp-json\/wp\/v2\/posts\/88819","targetHints":{"allow":["GET"]}}],"collection":[{"href":"https:\/\/regiaonews.net.br\/2022\/wp-json\/wp\/v2\/posts"}],"about":[{"href":"https:\/\/regiaonews.net.br\/2022\/wp-json\/wp\/v2\/types\/post"}],"author":[{"embeddable":true,"href":"https:\/\/regiaonews.net.br\/2022\/wp-json\/wp\/v2\/users\/2"}],"replies":[{"embeddable":true,"href":"https:\/\/regiaonews.net.br\/2022\/wp-json\/wp\/v2\/comments?post=88819"}],"version-history":[{"count":1,"href":"https:\/\/regiaonews.net.br\/2022\/wp-json\/wp\/v2\/posts\/88819\/revisions"}],"predecessor-version":[{"id":88821,"href":"https:\/\/regiaonews.net.br\/2022\/wp-json\/wp\/v2\/posts\/88819\/revisions\/88821"}],"wp:featuredmedia":[{"embeddable":true,"href":"https:\/\/regiaonews.net.br\/2022\/wp-json\/wp\/v2\/media\/88820"}],"wp:attachment":[{"href":"https:\/\/regiaonews.net.br\/2022\/wp-json\/wp\/v2\/media?parent=88819"}],"wp:term":[{"taxonomy":"category","embeddable":true,"href":"https:\/\/regiaonews.net.br\/2022\/wp-json\/wp\/v2\/categories?post=88819"},{"taxonomy":"post_tag","embeddable":true,"href":"https:\/\/regiaonews.net.br\/2022\/wp-json\/wp\/v2\/tags?post=88819"}],"curies":[{"name":"wp","href":"https:\/\/api.w.org\/{rel}","templated":true}]}}