{"id":88722,"date":"2023-05-24T15:09:35","date_gmt":"2023-05-24T18:09:35","guid":{"rendered":"https:\/\/regiaonews.net.br\/2022\/?p=88722"},"modified":"2023-05-24T15:09:35","modified_gmt":"2023-05-24T18:09:35","slug":"obra-de-recuperacao-da-ponte-do-maisparque-entra-em-fase-final","status":"publish","type":"post","link":"https:\/\/regiaonews.net.br\/2022\/2023\/05\/24\/obra-de-recuperacao-da-ponte-do-maisparque-entra-em-fase-final\/","title":{"rendered":"Obra de recupera\u00e7\u00e3o da ponte do Maisparque entra em fase final"},"content":{"rendered":"<h3 style=\"text-align: center;\">Projeto de reconstru\u00e7\u00e3o \u00e9 assinado pelo engenheiro Pedro Donizete Zacarin, especialista em drenagem e solos.<\/h3>\n<p>A Prefeitura da Est\u00e2ncia Tur\u00edstica de Barretos, por meio da Secretaria Municipal de Planejamento e Desenvolvimento, informa que as obras de recupera\u00e7\u00e3o e reestrutura\u00e7\u00e3o da ponte localizada sob a Rua C-30, no Residencial Maisparque, entraram em sua fase final. Or\u00e7ada em cerca de R$1,4 milh\u00e3o, a obra est\u00e1 sendo financiada pela empresa Emais Urbanismo.<br \/>\nO secret\u00e1rio de Planejamento e Desenvolvimento, Carlos Henrique Goncalves L\u00facio, afirmou que a prefeitura acompanha a obra e que o trabalho segue em ritmo avan\u00e7ado, com a instala\u00e7\u00e3o e realinhamento de aduelas (3&#215;3) de concreto, muros de ala, colch\u00e3o reno e dissipador. \u201cA Emais Urbanismo \u00e9 a respons\u00e1vel financeira da obra, mas com acompanhamento da Administra\u00e7\u00e3o Municipal. A reconstru\u00e7\u00e3o foi viabilizada por meio de um esfor\u00e7o da atual gest\u00e3o para que loteadora, respons\u00e1vel pelo Loteamento Maisparque, mesmo vencido o prazo de garantia, assumisse o compromisso em realizar a reconstru\u00e7\u00e3o, sem \u00f4nus aos cofres p\u00fablicos\u201d, afirmou.<br \/>\nHenrique tamb\u00e9m destacou que o projeto da ponte \u00e9 assinado por Pedro Donizete Zacarin, engenheiro especializado em obras de drenagem e superestruturas. O profissional tamb\u00e9m \u00e9 respons\u00e1vel pelos projetos de macro e micro drenagem em execu\u00e7\u00e3o na regi\u00e3o central da cidade, da ponte da Avenida Fraternidade Paulista, entre os bairros Christiano Carvalho e Zequinha Am\u00eandola (Barretos II), e do vertedouro do lago no Parque Ecol\u00f3gico En\u00e9as Carneiro.<\/p>\n<p>Hist\u00f3rico<br \/>\nA ponte do Maisparque foi mais um dos pontos castigados pelas chuvas em janeiro de in\u00edcio 2022. O local chegou a ser interditado ap\u00f3s ser constatada eros\u00e3o, que causou perda de sustenta\u00e7\u00e3o na base da ponte, devido ao intenso volume de \u00e1gua. Em outubro, a empresa Emais Urbanismo assumiu o compromisso com a Prefeitura de recuperar a ponte e deu in\u00edcio ao projeto.<\/p>\n<p>Reda\u00e7\u00e3o: Assessoria de Imprensa<br \/>\nFotos:\u00a0Tininho\u00a0Jr.<\/p>\n","protected":false},"excerpt":{"rendered":"<p>Projeto de reconstru\u00e7\u00e3o \u00e9 assinado pelo engenheiro Pedro Donizete Zacarin,<\/p>\n","protected":false},"author":2,"featured_media":88723,"comment_status":"open","ping_status":"open","sticky":false,"template":"","format":"standard","meta":{"footnotes":""},"categories":[14,3],"tags":[],"class_list":["post-88722","post","type-post","status-publish","format-standard","has-post-thumbnail","hentry","category-barretos","category-geral"],"yoast_head":"<!-- This site is optimized with the Yoast SEO plugin v27.4 - https:\/\/yoast.com\/product\/yoast-seo-wordpress\/ -->\n<title>Obra de recupera\u00e7\u00e3o da ponte do Maisparque entra em fase final - Regi\u00e3o News<\/title>\n<meta name=\"robots\" content=\"index, follow, max-snippet:-1, max-image-preview:large, max-video-preview:-1\" \/>\n<link rel=\"canonical\" href=\"https:\/\/regiaonews.net.br\/2022\/2023\/05\/24\/obra-de-recuperacao-da-ponte-do-maisparque-entra-em-fase-final\/\" \/>\n<meta property=\"og:locale\" content=\"pt_BR\" \/>\n<meta property=\"og:type\" content=\"article\" \/>\n<meta property=\"og:title\" content=\"Obra de recupera\u00e7\u00e3o da ponte do Maisparque entra em fase final - Regi\u00e3o News\" \/>\n<meta property=\"og:description\" content=\"Projeto de reconstru\u00e7\u00e3o \u00e9 assinado pelo engenheiro Pedro Donizete Zacarin,\" \/>\n<meta property=\"og:url\" content=\"https:\/\/regiaonews.net.br\/2022\/2023\/05\/24\/obra-de-recuperacao-da-ponte-do-maisparque-entra-em-fase-final\/\" \/>\n<meta property=\"og:site_name\" content=\"Regi\u00e3o News\" \/>\n<meta property=\"article:published_time\" content=\"2023-05-24T18:09:35+00:00\" \/>\n<meta property=\"og:image\" content=\"https:\/\/regiaonews.net.br\/2022\/wp-content\/uploads\/2023\/05\/Imagem-do-WhatsApp-de-2023-05-24-as-14.45.32.jpg\" \/>\n\t<meta property=\"og:image:width\" content=\"1600\" \/>\n\t<meta property=\"og:image:height\" content=\"1069\" \/>\n\t<meta property=\"og:image:type\" content=\"image\/jpeg\" \/>\n<meta name=\"author\" content=\"Roberto\" \/>\n<meta name=\"twitter:card\" content=\"summary_large_image\" \/>\n<meta name=\"twitter:label1\" content=\"Escrito por\" \/>\n\t<meta name=\"twitter:data1\" content=\"Roberto\" \/>\n\t<meta name=\"twitter:label2\" content=\"Est. tempo de leitura\" \/>\n\t<meta name=\"twitter:data2\" content=\"2 minutos\" \/>\n<script type=\"application\/ld+json\" class=\"yoast-schema-graph\">{\"@context\":\"https:\\\/\\\/schema.org\",\"@graph\":[{\"@type\":\"Article\",\"@id\":\"https:\\\/\\\/regiaonews.net.br\\\/2022\\\/2023\\\/05\\\/24\\\/obra-de-recuperacao-da-ponte-do-maisparque-entra-em-fase-final\\\/#article\",\"isPartOf\":{\"@id\":\"https:\\\/\\\/regiaonews.net.br\\\/2022\\\/2023\\\/05\\\/24\\\/obra-de-recuperacao-da-ponte-do-maisparque-entra-em-fase-final\\\/\"},\"author\":{\"name\":\"Roberto\",\"@id\":\"https:\\\/\\\/regiaonews.net.br\\\/2022\\\/#\\\/schema\\\/person\\\/2d205a608a5aa97ac279d7a5e6d89ad8\"},\"headline\":\"Obra de recupera\u00e7\u00e3o da ponte do Maisparque entra em fase final\",\"datePublished\":\"2023-05-24T18:09:35+00:00\",\"mainEntityOfPage\":{\"@id\":\"https:\\\/\\\/regiaonews.net.br\\\/2022\\\/2023\\\/05\\\/24\\\/obra-de-recuperacao-da-ponte-do-maisparque-entra-em-fase-final\\\/\"},\"wordCount\":344,\"commentCount\":0,\"publisher\":{\"@id\":\"https:\\\/\\\/regiaonews.net.br\\\/2022\\\/#organization\"},\"image\":{\"@id\":\"https:\\\/\\\/regiaonews.net.br\\\/2022\\\/2023\\\/05\\\/24\\\/obra-de-recuperacao-da-ponte-do-maisparque-entra-em-fase-final\\\/#primaryimage\"},\"thumbnailUrl\":\"https:\\\/\\\/regiaonews.net.br\\\/2022\\\/wp-content\\\/uploads\\\/2023\\\/05\\\/Imagem-do-WhatsApp-de-2023-05-24-as-14.45.32.jpg\",\"articleSection\":[\"Barretos\",\"Geral\"],\"inLanguage\":\"pt-BR\",\"potentialAction\":[{\"@type\":\"CommentAction\",\"name\":\"Comment\",\"target\":[\"https:\\\/\\\/regiaonews.net.br\\\/2022\\\/2023\\\/05\\\/24\\\/obra-de-recuperacao-da-ponte-do-maisparque-entra-em-fase-final\\\/#respond\"]}]},{\"@type\":\"WebPage\",\"@id\":\"https:\\\/\\\/regiaonews.net.br\\\/2022\\\/2023\\\/05\\\/24\\\/obra-de-recuperacao-da-ponte-do-maisparque-entra-em-fase-final\\\/\",\"url\":\"https:\\\/\\\/regiaonews.net.br\\\/2022\\\/2023\\\/05\\\/24\\\/obra-de-recuperacao-da-ponte-do-maisparque-entra-em-fase-final\\\/\",\"name\":\"Obra de recupera\u00e7\u00e3o da ponte do Maisparque entra em fase final - Regi\u00e3o News\",\"isPartOf\":{\"@id\":\"https:\\\/\\\/regiaonews.net.br\\\/2022\\\/#website\"},\"primaryImageOfPage\":{\"@id\":\"https:\\\/\\\/regiaonews.net.br\\\/2022\\\/2023\\\/05\\\/24\\\/obra-de-recuperacao-da-ponte-do-maisparque-entra-em-fase-final\\\/#primaryimage\"},\"image\":{\"@id\":\"https:\\\/\\\/regiaonews.net.br\\\/2022\\\/2023\\\/05\\\/24\\\/obra-de-recuperacao-da-ponte-do-maisparque-entra-em-fase-final\\\/#primaryimage\"},\"thumbnailUrl\":\"https:\\\/\\\/regiaonews.net.br\\\/2022\\\/wp-content\\\/uploads\\\/2023\\\/05\\\/Imagem-do-WhatsApp-de-2023-05-24-as-14.45.32.jpg\",\"datePublished\":\"2023-05-24T18:09:35+00:00\",\"breadcrumb\":{\"@id\":\"https:\\\/\\\/regiaonews.net.br\\\/2022\\\/2023\\\/05\\\/24\\\/obra-de-recuperacao-da-ponte-do-maisparque-entra-em-fase-final\\\/#breadcrumb\"},\"inLanguage\":\"pt-BR\",\"potentialAction\":[{\"@type\":\"ReadAction\",\"target\":[\"https:\\\/\\\/regiaonews.net.br\\\/2022\\\/2023\\\/05\\\/24\\\/obra-de-recuperacao-da-ponte-do-maisparque-entra-em-fase-final\\\/\"]}]},{\"@type\":\"ImageObject\",\"inLanguage\":\"pt-BR\",\"@id\":\"https:\\\/\\\/regiaonews.net.br\\\/2022\\\/2023\\\/05\\\/24\\\/obra-de-recuperacao-da-ponte-do-maisparque-entra-em-fase-final\\\/#primaryimage\",\"url\":\"https:\\\/\\\/regiaonews.net.br\\\/2022\\\/wp-content\\\/uploads\\\/2023\\\/05\\\/Imagem-do-WhatsApp-de-2023-05-24-as-14.45.32.jpg\",\"contentUrl\":\"https:\\\/\\\/regiaonews.net.br\\\/2022\\\/wp-content\\\/uploads\\\/2023\\\/05\\\/Imagem-do-WhatsApp-de-2023-05-24-as-14.45.32.jpg\",\"width\":1600,\"height\":1069},{\"@type\":\"BreadcrumbList\",\"@id\":\"https:\\\/\\\/regiaonews.net.br\\\/2022\\\/2023\\\/05\\\/24\\\/obra-de-recuperacao-da-ponte-do-maisparque-entra-em-fase-final\\\/#breadcrumb\",\"itemListElement\":[{\"@type\":\"ListItem\",\"position\":1,\"name\":\"In\u00edcio\",\"item\":\"https:\\\/\\\/regiaonews.net.br\\\/2022\\\/\"},{\"@type\":\"ListItem\",\"position\":2,\"name\":\"Obra de recupera\u00e7\u00e3o da ponte do Maisparque entra em fase final\"}]},{\"@type\":\"WebSite\",\"@id\":\"https:\\\/\\\/regiaonews.net.br\\\/2022\\\/#website\",\"url\":\"https:\\\/\\\/regiaonews.net.br\\\/2022\\\/\",\"name\":\"Regi\u00e3o News\",\"description\":\"Site de Not\u00edcias de Barretos e regi\u00e3o\",\"publisher\":{\"@id\":\"https:\\\/\\\/regiaonews.net.br\\\/2022\\\/#organization\"},\"potentialAction\":[{\"@type\":\"SearchAction\",\"target\":{\"@type\":\"EntryPoint\",\"urlTemplate\":\"https:\\\/\\\/regiaonews.net.br\\\/2022\\\/?s={search_term_string}\"},\"query-input\":{\"@type\":\"PropertyValueSpecification\",\"valueRequired\":true,\"valueName\":\"search_term_string\"}}],\"inLanguage\":\"pt-BR\"},{\"@type\":\"Organization\",\"@id\":\"https:\\\/\\\/regiaonews.net.br\\\/2022\\\/#organization\",\"name\":\"Regi\u00e3o News\",\"url\":\"https:\\\/\\\/regiaonews.net.br\\\/2022\\\/\",\"logo\":{\"@type\":\"ImageObject\",\"inLanguage\":\"pt-BR\",\"@id\":\"https:\\\/\\\/regiaonews.net.br\\\/2022\\\/#\\\/schema\\\/logo\\\/image\\\/\",\"url\":\"https:\\\/\\\/regiaonews.net.br\\\/2022\\\/wp-content\\\/uploads\\\/2026\\\/03\\\/regiao-13-anos-scaled.jpg\",\"contentUrl\":\"https:\\\/\\\/regiaonews.net.br\\\/2022\\\/wp-content\\\/uploads\\\/2026\\\/03\\\/regiao-13-anos-scaled.jpg\",\"width\":2560,\"height\":635,\"caption\":\"Regi\u00e3o News\"},\"image\":{\"@id\":\"https:\\\/\\\/regiaonews.net.br\\\/2022\\\/#\\\/schema\\\/logo\\\/image\\\/\"}},{\"@type\":\"Person\",\"@id\":\"https:\\\/\\\/regiaonews.net.br\\\/2022\\\/#\\\/schema\\\/person\\\/2d205a608a5aa97ac279d7a5e6d89ad8\",\"name\":\"Roberto\",\"image\":{\"@type\":\"ImageObject\",\"inLanguage\":\"pt-BR\",\"@id\":\"https:\\\/\\\/secure.gravatar.com\\\/avatar\\\/42749d8b712ff9d59ca93dc150494e5b55a44134482993f5baeb97e61b7ecc89?s=96&d=mm&r=g\",\"url\":\"https:\\\/\\\/secure.gravatar.com\\\/avatar\\\/42749d8b712ff9d59ca93dc150494e5b55a44134482993f5baeb97e61b7ecc89?s=96&d=mm&r=g\",\"contentUrl\":\"https:\\\/\\\/secure.gravatar.com\\\/avatar\\\/42749d8b712ff9d59ca93dc150494e5b55a44134482993f5baeb97e61b7ecc89?s=96&d=mm&r=g\",\"caption\":\"Roberto\"},\"url\":\"https:\\\/\\\/regiaonews.net.br\\\/2022\\\/author\\\/roberto\\\/\"}]}<\/script>\n<!-- \/ Yoast SEO plugin. -->","yoast_head_json":{"title":"Obra de recupera\u00e7\u00e3o da ponte do Maisparque entra em fase final - Regi\u00e3o News","robots":{"index":"index","follow":"follow","max-snippet":"max-snippet:-1","max-image-preview":"max-image-preview:large","max-video-preview":"max-video-preview:-1"},"canonical":"https:\/\/regiaonews.net.br\/2022\/2023\/05\/24\/obra-de-recuperacao-da-ponte-do-maisparque-entra-em-fase-final\/","og_locale":"pt_BR","og_type":"article","og_title":"Obra de recupera\u00e7\u00e3o da ponte do Maisparque entra em fase final - Regi\u00e3o News","og_description":"Projeto de reconstru\u00e7\u00e3o \u00e9 assinado pelo engenheiro Pedro Donizete Zacarin,","og_url":"https:\/\/regiaonews.net.br\/2022\/2023\/05\/24\/obra-de-recuperacao-da-ponte-do-maisparque-entra-em-fase-final\/","og_site_name":"Regi\u00e3o News","article_published_time":"2023-05-24T18:09:35+00:00","og_image":[{"width":1600,"height":1069,"url":"https:\/\/regiaonews.net.br\/2022\/wp-content\/uploads\/2023\/05\/Imagem-do-WhatsApp-de-2023-05-24-as-14.45.32.jpg","type":"image\/jpeg"}],"author":"Roberto","twitter_card":"summary_large_image","twitter_misc":{"Escrito por":"Roberto","Est. tempo de leitura":"2 minutos"},"schema":{"@context":"https:\/\/schema.org","@graph":[{"@type":"Article","@id":"https:\/\/regiaonews.net.br\/2022\/2023\/05\/24\/obra-de-recuperacao-da-ponte-do-maisparque-entra-em-fase-final\/#article","isPartOf":{"@id":"https:\/\/regiaonews.net.br\/2022\/2023\/05\/24\/obra-de-recuperacao-da-ponte-do-maisparque-entra-em-fase-final\/"},"author":{"name":"Roberto","@id":"https:\/\/regiaonews.net.br\/2022\/#\/schema\/person\/2d205a608a5aa97ac279d7a5e6d89ad8"},"headline":"Obra de recupera\u00e7\u00e3o da ponte do Maisparque entra em fase final","datePublished":"2023-05-24T18:09:35+00:00","mainEntityOfPage":{"@id":"https:\/\/regiaonews.net.br\/2022\/2023\/05\/24\/obra-de-recuperacao-da-ponte-do-maisparque-entra-em-fase-final\/"},"wordCount":344,"commentCount":0,"publisher":{"@id":"https:\/\/regiaonews.net.br\/2022\/#organization"},"image":{"@id":"https:\/\/regiaonews.net.br\/2022\/2023\/05\/24\/obra-de-recuperacao-da-ponte-do-maisparque-entra-em-fase-final\/#primaryimage"},"thumbnailUrl":"https:\/\/regiaonews.net.br\/2022\/wp-content\/uploads\/2023\/05\/Imagem-do-WhatsApp-de-2023-05-24-as-14.45.32.jpg","articleSection":["Barretos","Geral"],"inLanguage":"pt-BR","potentialAction":[{"@type":"CommentAction","name":"Comment","target":["https:\/\/regiaonews.net.br\/2022\/2023\/05\/24\/obra-de-recuperacao-da-ponte-do-maisparque-entra-em-fase-final\/#respond"]}]},{"@type":"WebPage","@id":"https:\/\/regiaonews.net.br\/2022\/2023\/05\/24\/obra-de-recuperacao-da-ponte-do-maisparque-entra-em-fase-final\/","url":"https:\/\/regiaonews.net.br\/2022\/2023\/05\/24\/obra-de-recuperacao-da-ponte-do-maisparque-entra-em-fase-final\/","name":"Obra de recupera\u00e7\u00e3o da ponte do Maisparque entra em fase final - Regi\u00e3o News","isPartOf":{"@id":"https:\/\/regiaonews.net.br\/2022\/#website"},"primaryImageOfPage":{"@id":"https:\/\/regiaonews.net.br\/2022\/2023\/05\/24\/obra-de-recuperacao-da-ponte-do-maisparque-entra-em-fase-final\/#primaryimage"},"image":{"@id":"https:\/\/regiaonews.net.br\/2022\/2023\/05\/24\/obra-de-recuperacao-da-ponte-do-maisparque-entra-em-fase-final\/#primaryimage"},"thumbnailUrl":"https:\/\/regiaonews.net.br\/2022\/wp-content\/uploads\/2023\/05\/Imagem-do-WhatsApp-de-2023-05-24-as-14.45.32.jpg","datePublished":"2023-05-24T18:09:35+00:00","breadcrumb":{"@id":"https:\/\/regiaonews.net.br\/2022\/2023\/05\/24\/obra-de-recuperacao-da-ponte-do-maisparque-entra-em-fase-final\/#breadcrumb"},"inLanguage":"pt-BR","potentialAction":[{"@type":"ReadAction","target":["https:\/\/regiaonews.net.br\/2022\/2023\/05\/24\/obra-de-recuperacao-da-ponte-do-maisparque-entra-em-fase-final\/"]}]},{"@type":"ImageObject","inLanguage":"pt-BR","@id":"https:\/\/regiaonews.net.br\/2022\/2023\/05\/24\/obra-de-recuperacao-da-ponte-do-maisparque-entra-em-fase-final\/#primaryimage","url":"https:\/\/regiaonews.net.br\/2022\/wp-content\/uploads\/2023\/05\/Imagem-do-WhatsApp-de-2023-05-24-as-14.45.32.jpg","contentUrl":"https:\/\/regiaonews.net.br\/2022\/wp-content\/uploads\/2023\/05\/Imagem-do-WhatsApp-de-2023-05-24-as-14.45.32.jpg","width":1600,"height":1069},{"@type":"BreadcrumbList","@id":"https:\/\/regiaonews.net.br\/2022\/2023\/05\/24\/obra-de-recuperacao-da-ponte-do-maisparque-entra-em-fase-final\/#breadcrumb","itemListElement":[{"@type":"ListItem","position":1,"name":"In\u00edcio","item":"https:\/\/regiaonews.net.br\/2022\/"},{"@type":"ListItem","position":2,"name":"Obra de recupera\u00e7\u00e3o da ponte do Maisparque entra em fase final"}]},{"@type":"WebSite","@id":"https:\/\/regiaonews.net.br\/2022\/#website","url":"https:\/\/regiaonews.net.br\/2022\/","name":"Regi\u00e3o News","description":"Site de Not\u00edcias de Barretos e regi\u00e3o","publisher":{"@id":"https:\/\/regiaonews.net.br\/2022\/#organization"},"potentialAction":[{"@type":"SearchAction","target":{"@type":"EntryPoint","urlTemplate":"https:\/\/regiaonews.net.br\/2022\/?s={search_term_string}"},"query-input":{"@type":"PropertyValueSpecification","valueRequired":true,"valueName":"search_term_string"}}],"inLanguage":"pt-BR"},{"@type":"Organization","@id":"https:\/\/regiaonews.net.br\/2022\/#organization","name":"Regi\u00e3o News","url":"https:\/\/regiaonews.net.br\/2022\/","logo":{"@type":"ImageObject","inLanguage":"pt-BR","@id":"https:\/\/regiaonews.net.br\/2022\/#\/schema\/logo\/image\/","url":"https:\/\/regiaonews.net.br\/2022\/wp-content\/uploads\/2026\/03\/regiao-13-anos-scaled.jpg","contentUrl":"https:\/\/regiaonews.net.br\/2022\/wp-content\/uploads\/2026\/03\/regiao-13-anos-scaled.jpg","width":2560,"height":635,"caption":"Regi\u00e3o News"},"image":{"@id":"https:\/\/regiaonews.net.br\/2022\/#\/schema\/logo\/image\/"}},{"@type":"Person","@id":"https:\/\/regiaonews.net.br\/2022\/#\/schema\/person\/2d205a608a5aa97ac279d7a5e6d89ad8","name":"Roberto","image":{"@type":"ImageObject","inLanguage":"pt-BR","@id":"https:\/\/secure.gravatar.com\/avatar\/42749d8b712ff9d59ca93dc150494e5b55a44134482993f5baeb97e61b7ecc89?s=96&d=mm&r=g","url":"https:\/\/secure.gravatar.com\/avatar\/42749d8b712ff9d59ca93dc150494e5b55a44134482993f5baeb97e61b7ecc89?s=96&d=mm&r=g","contentUrl":"https:\/\/secure.gravatar.com\/avatar\/42749d8b712ff9d59ca93dc150494e5b55a44134482993f5baeb97e61b7ecc89?s=96&d=mm&r=g","caption":"Roberto"},"url":"https:\/\/regiaonews.net.br\/2022\/author\/roberto\/"}]}},"publishpress_future_action":{"enabled":false,"date":"2026-05-03 14:55:05","action":"change-status","newStatus":"draft","terms":[],"taxonomy":"category","extraData":[]},"publishpress_future_workflow_manual_trigger":{"enabledWorkflows":[]},"_links":{"self":[{"href":"https:\/\/regiaonews.net.br\/2022\/wp-json\/wp\/v2\/posts\/88722","targetHints":{"allow":["GET"]}}],"collection":[{"href":"https:\/\/regiaonews.net.br\/2022\/wp-json\/wp\/v2\/posts"}],"about":[{"href":"https:\/\/regiaonews.net.br\/2022\/wp-json\/wp\/v2\/types\/post"}],"author":[{"embeddable":true,"href":"https:\/\/regiaonews.net.br\/2022\/wp-json\/wp\/v2\/users\/2"}],"replies":[{"embeddable":true,"href":"https:\/\/regiaonews.net.br\/2022\/wp-json\/wp\/v2\/comments?post=88722"}],"version-history":[{"count":1,"href":"https:\/\/regiaonews.net.br\/2022\/wp-json\/wp\/v2\/posts\/88722\/revisions"}],"predecessor-version":[{"id":88724,"href":"https:\/\/regiaonews.net.br\/2022\/wp-json\/wp\/v2\/posts\/88722\/revisions\/88724"}],"wp:featuredmedia":[{"embeddable":true,"href":"https:\/\/regiaonews.net.br\/2022\/wp-json\/wp\/v2\/media\/88723"}],"wp:attachment":[{"href":"https:\/\/regiaonews.net.br\/2022\/wp-json\/wp\/v2\/media?parent=88722"}],"wp:term":[{"taxonomy":"category","embeddable":true,"href":"https:\/\/regiaonews.net.br\/2022\/wp-json\/wp\/v2\/categories?post=88722"},{"taxonomy":"post_tag","embeddable":true,"href":"https:\/\/regiaonews.net.br\/2022\/wp-json\/wp\/v2\/tags?post=88722"}],"curies":[{"name":"wp","href":"https:\/\/api.w.org\/{rel}","templated":true}]}}