{"id":88572,"date":"2023-05-22T10:11:29","date_gmt":"2023-05-22T13:11:29","guid":{"rendered":"https:\/\/regiaonews.net.br\/2022\/?p=88572"},"modified":"2023-05-22T10:11:29","modified_gmt":"2023-05-22T13:11:29","slug":"barretos-sedia-de-22-a-28-de-maio-a-25a-edicao-dos-jogos-regionais-da-melhor-idade","status":"publish","type":"post","link":"https:\/\/regiaonews.net.br\/2022\/2023\/05\/22\/barretos-sedia-de-22-a-28-de-maio-a-25a-edicao-dos-jogos-regionais-da-melhor-idade\/","title":{"rendered":"Barretos sedia, de 22 a 28 de maio, a 25\u00aa edi\u00e7\u00e3o dos Jogos Regionais da Melhor Idade"},"content":{"rendered":"<h3 style=\"text-align: center;\">Com 51 cidades confirmadas, cerim\u00f4nia de abertura ser\u00e1 segunda-feira, \u00e0s 15h, no Roch\u00e3o.<\/h3>\n<p>A Est\u00e2ncia Tur\u00edstica de Barretos se prepara para sediar, entre os dias 22 e 28 de maio, a 25\u00aa edi\u00e7\u00e3o dos Jogos Regionais da Melhor Idade (JOMI). A competi\u00e7\u00e3o, realizada pela Secretaria de Esportes do Estado de S\u00e3o Paulo em parceria com a prefeitura, re\u00fane ao longo da semana cerca de 1.600 atletas acima de 60 anos, de 51 cidades da 5\u00aa Regi\u00e3o Esportiva, que tamb\u00e9m conta com as Diretorias de Esporte e Lazer (Drel\u2019s) de Ribeir\u00e3o Preto, Franca e Araraquara.<br \/>\nA prefeita Paula Lemos destacou a import\u00e2ncia do esporte como ferramenta de qualidade de vida. \u201cCom os JOMI estamos promovendo qualidade de vida para essas pessoas que j\u00e1 passaram dos 60 anos e esbanjam vitalidade. Quero agradecer ao Governo do Estado pela parceria e dizer que os atletas, comiss\u00f5es t\u00e9cnicas e visitantes ser\u00e3o recebidos de bra\u00e7os abertos pela nossa Est\u00e2ncia Tur\u00edstica\u201d, disse.<br \/>\nA abertura dos jogos est\u00e1 prevista para \u00e0s 15h, de segunda-feira (22), no Gin\u00e1sio do Complexo Poliesportivo Jo\u00e3o Batista da Rocha, o Roch\u00e3o.<br \/>\nAs modalidades<br \/>\nOs jogos contemplam competi\u00e7\u00f5es de Atletismo, Bocha, Buraco, Coreografia, Damas, Dan\u00e7a de sal\u00e3o, Domin\u00f3, Malha, Nata\u00e7\u00e3o, T\u00eanis, T\u00eanis de Mesa, Truco, Voleibol Adaptado e Xadrez. De acordo com a Secretaria Municipal de Esportes e Lazer, a delega\u00e7\u00e3o barretense ser\u00e1 composta por 94 atletas.<br \/>\nO secret\u00e1rio de Esportes e Lazer, Tony Vieira Carvalho, falou da relev\u00e2ncia dos jogos para o esporte local. \u201cEstamos prontos para sediar uma grande competi\u00e7\u00e3o, com mais de 50 cidades participantes e com uma das maiores delega\u00e7\u00f5es que Barretos j\u00e1 teve. \u00c9 muito gratificante ver Barretos de volta ao cen\u00e1rio esportivo\u201d, disse.<br \/>\nAs disputas ser\u00e3o realizadas no Roch\u00e3o, Funda\u00e7\u00e3o Lugar de Viver Feliz (L.V.F.), Centro De Conviv\u00eancia Do Idoso \u201cIdalina De Jesus Anast\u00e1cio\u201d (CCI &#8211; Fepasa), Clube Rio Das Pedras Country Club (R.P.C.C.), SESI, Gr\u00eamio Liter\u00e1rio e Recreativo de Barretos (Sede de Campo), Espa\u00e7o de Eventos do North Shopping, Cemepe Nova Barretos \u201cManuel Sanchez Barreiro\u201d, Cemepe Mar\u00edlia \u201cDr. C\u00edrio Ribeiro de \u00c1vila\u201d e Centro de Esportes, Lazer e Cultura Dona Racibe Rezek.<br \/>\nRecesso Escolar<br \/>\nDurante a semana, as delega\u00e7\u00f5es de atletas que competir\u00e3o nos JOMI ficar\u00e3o alojadas em Escolas Municipais, Centros Municipais de Educa\u00e7\u00e3o Infantil (Cemeis) e Projetos de Per\u00edodo Integral de Barretos.<br \/>\nNeste per\u00edodo, a Rede Municipal de Ensino estar\u00e1 em recesso, conforme explica a secret\u00e1ria municipal de Educa\u00e7\u00e3o, J\u00e9ssica Maria dos Santos. \u201cAs nossas escolas municipais estar\u00e3o em recesso, pois s\u00e3o sede das delega\u00e7\u00f5es dos idosos que estar\u00e3o na nossa cidade. Como \u00e9 uma atividade prevista em calend\u00e1rio escolar, n\u00e3o h\u00e1 nenhum preju\u00edzo aos alunos, porque os duzentos dias letivos do ano s\u00e3o garantidos\u201d, destacou.<\/p>\n<p>Reda\u00e7\u00e3o: Rinaldo Filho<br \/>\nFotos:\u00a0Andr\u00e9\u00a0Monteiro<\/p>\n","protected":false},"excerpt":{"rendered":"<p>Com 51 cidades confirmadas, cerim\u00f4nia de abertura ser\u00e1 segunda-feira, \u00e0s<\/p>\n","protected":false},"author":2,"featured_media":88573,"comment_status":"open","ping_status":"open","sticky":false,"template":"","format":"standard","meta":{"footnotes":""},"categories":[14,21],"tags":[],"class_list":["post-88572","post","type-post","status-publish","format-standard","has-post-thumbnail","hentry","category-barretos","category-esporte"],"yoast_head":"<!-- This site is optimized with the Yoast SEO plugin v27.4 - https:\/\/yoast.com\/product\/yoast-seo-wordpress\/ -->\n<title>Barretos sedia, de 22 a 28 de maio, a 25\u00aa edi\u00e7\u00e3o dos Jogos Regionais da Melhor Idade - Regi\u00e3o News<\/title>\n<meta name=\"robots\" content=\"index, follow, max-snippet:-1, max-image-preview:large, max-video-preview:-1\" \/>\n<link rel=\"canonical\" href=\"https:\/\/regiaonews.net.br\/2022\/2023\/05\/22\/barretos-sedia-de-22-a-28-de-maio-a-25a-edicao-dos-jogos-regionais-da-melhor-idade\/\" \/>\n<meta property=\"og:locale\" content=\"pt_BR\" \/>\n<meta property=\"og:type\" content=\"article\" \/>\n<meta property=\"og:title\" content=\"Barretos sedia, de 22 a 28 de maio, a 25\u00aa edi\u00e7\u00e3o dos Jogos Regionais da Melhor Idade - Regi\u00e3o News\" \/>\n<meta property=\"og:description\" content=\"Com 51 cidades confirmadas, cerim\u00f4nia de abertura ser\u00e1 segunda-feira, \u00e0s\" \/>\n<meta property=\"og:url\" content=\"https:\/\/regiaonews.net.br\/2022\/2023\/05\/22\/barretos-sedia-de-22-a-28-de-maio-a-25a-edicao-dos-jogos-regionais-da-melhor-idade\/\" \/>\n<meta property=\"og:site_name\" content=\"Regi\u00e3o News\" \/>\n<meta property=\"article:published_time\" content=\"2023-05-22T13:11:29+00:00\" \/>\n<meta property=\"og:image\" content=\"https:\/\/regiaonews.net.br\/2022\/wp-content\/uploads\/2023\/05\/Imagem-do-WhatsApp-de-2023-05-22-as-10.06.37.jpg\" \/>\n\t<meta property=\"og:image:width\" content=\"1600\" \/>\n\t<meta property=\"og:image:height\" content=\"1068\" \/>\n\t<meta property=\"og:image:type\" content=\"image\/jpeg\" \/>\n<meta name=\"author\" content=\"Roberto\" \/>\n<meta name=\"twitter:card\" content=\"summary_large_image\" \/>\n<meta name=\"twitter:label1\" content=\"Escrito por\" \/>\n\t<meta name=\"twitter:data1\" content=\"Roberto\" \/>\n\t<meta name=\"twitter:label2\" content=\"Est. tempo de leitura\" \/>\n\t<meta name=\"twitter:data2\" content=\"3 minutos\" \/>\n<script type=\"application\/ld+json\" class=\"yoast-schema-graph\">{\"@context\":\"https:\\\/\\\/schema.org\",\"@graph\":[{\"@type\":\"Article\",\"@id\":\"https:\\\/\\\/regiaonews.net.br\\\/2022\\\/2023\\\/05\\\/22\\\/barretos-sedia-de-22-a-28-de-maio-a-25a-edicao-dos-jogos-regionais-da-melhor-idade\\\/#article\",\"isPartOf\":{\"@id\":\"https:\\\/\\\/regiaonews.net.br\\\/2022\\\/2023\\\/05\\\/22\\\/barretos-sedia-de-22-a-28-de-maio-a-25a-edicao-dos-jogos-regionais-da-melhor-idade\\\/\"},\"author\":{\"name\":\"Roberto\",\"@id\":\"https:\\\/\\\/regiaonews.net.br\\\/2022\\\/#\\\/schema\\\/person\\\/2d205a608a5aa97ac279d7a5e6d89ad8\"},\"headline\":\"Barretos sedia, de 22 a 28 de maio, a 25\u00aa edi\u00e7\u00e3o dos Jogos Regionais da Melhor Idade\",\"datePublished\":\"2023-05-22T13:11:29+00:00\",\"mainEntityOfPage\":{\"@id\":\"https:\\\/\\\/regiaonews.net.br\\\/2022\\\/2023\\\/05\\\/22\\\/barretos-sedia-de-22-a-28-de-maio-a-25a-edicao-dos-jogos-regionais-da-melhor-idade\\\/\"},\"wordCount\":515,\"commentCount\":0,\"publisher\":{\"@id\":\"https:\\\/\\\/regiaonews.net.br\\\/2022\\\/#organization\"},\"image\":{\"@id\":\"https:\\\/\\\/regiaonews.net.br\\\/2022\\\/2023\\\/05\\\/22\\\/barretos-sedia-de-22-a-28-de-maio-a-25a-edicao-dos-jogos-regionais-da-melhor-idade\\\/#primaryimage\"},\"thumbnailUrl\":\"https:\\\/\\\/regiaonews.net.br\\\/2022\\\/wp-content\\\/uploads\\\/2023\\\/05\\\/Imagem-do-WhatsApp-de-2023-05-22-as-10.06.37.jpg\",\"articleSection\":[\"Barretos\",\"Esporte\"],\"inLanguage\":\"pt-BR\",\"potentialAction\":[{\"@type\":\"CommentAction\",\"name\":\"Comment\",\"target\":[\"https:\\\/\\\/regiaonews.net.br\\\/2022\\\/2023\\\/05\\\/22\\\/barretos-sedia-de-22-a-28-de-maio-a-25a-edicao-dos-jogos-regionais-da-melhor-idade\\\/#respond\"]}]},{\"@type\":\"WebPage\",\"@id\":\"https:\\\/\\\/regiaonews.net.br\\\/2022\\\/2023\\\/05\\\/22\\\/barretos-sedia-de-22-a-28-de-maio-a-25a-edicao-dos-jogos-regionais-da-melhor-idade\\\/\",\"url\":\"https:\\\/\\\/regiaonews.net.br\\\/2022\\\/2023\\\/05\\\/22\\\/barretos-sedia-de-22-a-28-de-maio-a-25a-edicao-dos-jogos-regionais-da-melhor-idade\\\/\",\"name\":\"Barretos sedia, de 22 a 28 de maio, a 25\u00aa edi\u00e7\u00e3o dos Jogos Regionais da Melhor Idade - Regi\u00e3o News\",\"isPartOf\":{\"@id\":\"https:\\\/\\\/regiaonews.net.br\\\/2022\\\/#website\"},\"primaryImageOfPage\":{\"@id\":\"https:\\\/\\\/regiaonews.net.br\\\/2022\\\/2023\\\/05\\\/22\\\/barretos-sedia-de-22-a-28-de-maio-a-25a-edicao-dos-jogos-regionais-da-melhor-idade\\\/#primaryimage\"},\"image\":{\"@id\":\"https:\\\/\\\/regiaonews.net.br\\\/2022\\\/2023\\\/05\\\/22\\\/barretos-sedia-de-22-a-28-de-maio-a-25a-edicao-dos-jogos-regionais-da-melhor-idade\\\/#primaryimage\"},\"thumbnailUrl\":\"https:\\\/\\\/regiaonews.net.br\\\/2022\\\/wp-content\\\/uploads\\\/2023\\\/05\\\/Imagem-do-WhatsApp-de-2023-05-22-as-10.06.37.jpg\",\"datePublished\":\"2023-05-22T13:11:29+00:00\",\"breadcrumb\":{\"@id\":\"https:\\\/\\\/regiaonews.net.br\\\/2022\\\/2023\\\/05\\\/22\\\/barretos-sedia-de-22-a-28-de-maio-a-25a-edicao-dos-jogos-regionais-da-melhor-idade\\\/#breadcrumb\"},\"inLanguage\":\"pt-BR\",\"potentialAction\":[{\"@type\":\"ReadAction\",\"target\":[\"https:\\\/\\\/regiaonews.net.br\\\/2022\\\/2023\\\/05\\\/22\\\/barretos-sedia-de-22-a-28-de-maio-a-25a-edicao-dos-jogos-regionais-da-melhor-idade\\\/\"]}]},{\"@type\":\"ImageObject\",\"inLanguage\":\"pt-BR\",\"@id\":\"https:\\\/\\\/regiaonews.net.br\\\/2022\\\/2023\\\/05\\\/22\\\/barretos-sedia-de-22-a-28-de-maio-a-25a-edicao-dos-jogos-regionais-da-melhor-idade\\\/#primaryimage\",\"url\":\"https:\\\/\\\/regiaonews.net.br\\\/2022\\\/wp-content\\\/uploads\\\/2023\\\/05\\\/Imagem-do-WhatsApp-de-2023-05-22-as-10.06.37.jpg\",\"contentUrl\":\"https:\\\/\\\/regiaonews.net.br\\\/2022\\\/wp-content\\\/uploads\\\/2023\\\/05\\\/Imagem-do-WhatsApp-de-2023-05-22-as-10.06.37.jpg\",\"width\":1600,\"height\":1068},{\"@type\":\"BreadcrumbList\",\"@id\":\"https:\\\/\\\/regiaonews.net.br\\\/2022\\\/2023\\\/05\\\/22\\\/barretos-sedia-de-22-a-28-de-maio-a-25a-edicao-dos-jogos-regionais-da-melhor-idade\\\/#breadcrumb\",\"itemListElement\":[{\"@type\":\"ListItem\",\"position\":1,\"name\":\"In\u00edcio\",\"item\":\"https:\\\/\\\/regiaonews.net.br\\\/2022\\\/\"},{\"@type\":\"ListItem\",\"position\":2,\"name\":\"Barretos sedia, de 22 a 28 de maio, a 25\u00aa edi\u00e7\u00e3o dos Jogos Regionais da Melhor Idade\"}]},{\"@type\":\"WebSite\",\"@id\":\"https:\\\/\\\/regiaonews.net.br\\\/2022\\\/#website\",\"url\":\"https:\\\/\\\/regiaonews.net.br\\\/2022\\\/\",\"name\":\"Regi\u00e3o News\",\"description\":\"Site de Not\u00edcias de Barretos e regi\u00e3o\",\"publisher\":{\"@id\":\"https:\\\/\\\/regiaonews.net.br\\\/2022\\\/#organization\"},\"potentialAction\":[{\"@type\":\"SearchAction\",\"target\":{\"@type\":\"EntryPoint\",\"urlTemplate\":\"https:\\\/\\\/regiaonews.net.br\\\/2022\\\/?s={search_term_string}\"},\"query-input\":{\"@type\":\"PropertyValueSpecification\",\"valueRequired\":true,\"valueName\":\"search_term_string\"}}],\"inLanguage\":\"pt-BR\"},{\"@type\":\"Organization\",\"@id\":\"https:\\\/\\\/regiaonews.net.br\\\/2022\\\/#organization\",\"name\":\"Regi\u00e3o News\",\"url\":\"https:\\\/\\\/regiaonews.net.br\\\/2022\\\/\",\"logo\":{\"@type\":\"ImageObject\",\"inLanguage\":\"pt-BR\",\"@id\":\"https:\\\/\\\/regiaonews.net.br\\\/2022\\\/#\\\/schema\\\/logo\\\/image\\\/\",\"url\":\"https:\\\/\\\/regiaonews.net.br\\\/2022\\\/wp-content\\\/uploads\\\/2026\\\/03\\\/regiao-13-anos-scaled.jpg\",\"contentUrl\":\"https:\\\/\\\/regiaonews.net.br\\\/2022\\\/wp-content\\\/uploads\\\/2026\\\/03\\\/regiao-13-anos-scaled.jpg\",\"width\":2560,\"height\":635,\"caption\":\"Regi\u00e3o News\"},\"image\":{\"@id\":\"https:\\\/\\\/regiaonews.net.br\\\/2022\\\/#\\\/schema\\\/logo\\\/image\\\/\"}},{\"@type\":\"Person\",\"@id\":\"https:\\\/\\\/regiaonews.net.br\\\/2022\\\/#\\\/schema\\\/person\\\/2d205a608a5aa97ac279d7a5e6d89ad8\",\"name\":\"Roberto\",\"image\":{\"@type\":\"ImageObject\",\"inLanguage\":\"pt-BR\",\"@id\":\"https:\\\/\\\/secure.gravatar.com\\\/avatar\\\/42749d8b712ff9d59ca93dc150494e5b55a44134482993f5baeb97e61b7ecc89?s=96&d=mm&r=g\",\"url\":\"https:\\\/\\\/secure.gravatar.com\\\/avatar\\\/42749d8b712ff9d59ca93dc150494e5b55a44134482993f5baeb97e61b7ecc89?s=96&d=mm&r=g\",\"contentUrl\":\"https:\\\/\\\/secure.gravatar.com\\\/avatar\\\/42749d8b712ff9d59ca93dc150494e5b55a44134482993f5baeb97e61b7ecc89?s=96&d=mm&r=g\",\"caption\":\"Roberto\"},\"url\":\"https:\\\/\\\/regiaonews.net.br\\\/2022\\\/author\\\/roberto\\\/\"}]}<\/script>\n<!-- \/ Yoast SEO plugin. -->","yoast_head_json":{"title":"Barretos sedia, de 22 a 28 de maio, a 25\u00aa edi\u00e7\u00e3o dos Jogos Regionais da Melhor Idade - Regi\u00e3o News","robots":{"index":"index","follow":"follow","max-snippet":"max-snippet:-1","max-image-preview":"max-image-preview:large","max-video-preview":"max-video-preview:-1"},"canonical":"https:\/\/regiaonews.net.br\/2022\/2023\/05\/22\/barretos-sedia-de-22-a-28-de-maio-a-25a-edicao-dos-jogos-regionais-da-melhor-idade\/","og_locale":"pt_BR","og_type":"article","og_title":"Barretos sedia, de 22 a 28 de maio, a 25\u00aa edi\u00e7\u00e3o dos Jogos Regionais da Melhor Idade - Regi\u00e3o News","og_description":"Com 51 cidades confirmadas, cerim\u00f4nia de abertura ser\u00e1 segunda-feira, \u00e0s","og_url":"https:\/\/regiaonews.net.br\/2022\/2023\/05\/22\/barretos-sedia-de-22-a-28-de-maio-a-25a-edicao-dos-jogos-regionais-da-melhor-idade\/","og_site_name":"Regi\u00e3o News","article_published_time":"2023-05-22T13:11:29+00:00","og_image":[{"width":1600,"height":1068,"url":"https:\/\/regiaonews.net.br\/2022\/wp-content\/uploads\/2023\/05\/Imagem-do-WhatsApp-de-2023-05-22-as-10.06.37.jpg","type":"image\/jpeg"}],"author":"Roberto","twitter_card":"summary_large_image","twitter_misc":{"Escrito por":"Roberto","Est. tempo de leitura":"3 minutos"},"schema":{"@context":"https:\/\/schema.org","@graph":[{"@type":"Article","@id":"https:\/\/regiaonews.net.br\/2022\/2023\/05\/22\/barretos-sedia-de-22-a-28-de-maio-a-25a-edicao-dos-jogos-regionais-da-melhor-idade\/#article","isPartOf":{"@id":"https:\/\/regiaonews.net.br\/2022\/2023\/05\/22\/barretos-sedia-de-22-a-28-de-maio-a-25a-edicao-dos-jogos-regionais-da-melhor-idade\/"},"author":{"name":"Roberto","@id":"https:\/\/regiaonews.net.br\/2022\/#\/schema\/person\/2d205a608a5aa97ac279d7a5e6d89ad8"},"headline":"Barretos sedia, de 22 a 28 de maio, a 25\u00aa edi\u00e7\u00e3o dos Jogos Regionais da Melhor Idade","datePublished":"2023-05-22T13:11:29+00:00","mainEntityOfPage":{"@id":"https:\/\/regiaonews.net.br\/2022\/2023\/05\/22\/barretos-sedia-de-22-a-28-de-maio-a-25a-edicao-dos-jogos-regionais-da-melhor-idade\/"},"wordCount":515,"commentCount":0,"publisher":{"@id":"https:\/\/regiaonews.net.br\/2022\/#organization"},"image":{"@id":"https:\/\/regiaonews.net.br\/2022\/2023\/05\/22\/barretos-sedia-de-22-a-28-de-maio-a-25a-edicao-dos-jogos-regionais-da-melhor-idade\/#primaryimage"},"thumbnailUrl":"https:\/\/regiaonews.net.br\/2022\/wp-content\/uploads\/2023\/05\/Imagem-do-WhatsApp-de-2023-05-22-as-10.06.37.jpg","articleSection":["Barretos","Esporte"],"inLanguage":"pt-BR","potentialAction":[{"@type":"CommentAction","name":"Comment","target":["https:\/\/regiaonews.net.br\/2022\/2023\/05\/22\/barretos-sedia-de-22-a-28-de-maio-a-25a-edicao-dos-jogos-regionais-da-melhor-idade\/#respond"]}]},{"@type":"WebPage","@id":"https:\/\/regiaonews.net.br\/2022\/2023\/05\/22\/barretos-sedia-de-22-a-28-de-maio-a-25a-edicao-dos-jogos-regionais-da-melhor-idade\/","url":"https:\/\/regiaonews.net.br\/2022\/2023\/05\/22\/barretos-sedia-de-22-a-28-de-maio-a-25a-edicao-dos-jogos-regionais-da-melhor-idade\/","name":"Barretos sedia, de 22 a 28 de maio, a 25\u00aa edi\u00e7\u00e3o dos Jogos Regionais da Melhor Idade - Regi\u00e3o News","isPartOf":{"@id":"https:\/\/regiaonews.net.br\/2022\/#website"},"primaryImageOfPage":{"@id":"https:\/\/regiaonews.net.br\/2022\/2023\/05\/22\/barretos-sedia-de-22-a-28-de-maio-a-25a-edicao-dos-jogos-regionais-da-melhor-idade\/#primaryimage"},"image":{"@id":"https:\/\/regiaonews.net.br\/2022\/2023\/05\/22\/barretos-sedia-de-22-a-28-de-maio-a-25a-edicao-dos-jogos-regionais-da-melhor-idade\/#primaryimage"},"thumbnailUrl":"https:\/\/regiaonews.net.br\/2022\/wp-content\/uploads\/2023\/05\/Imagem-do-WhatsApp-de-2023-05-22-as-10.06.37.jpg","datePublished":"2023-05-22T13:11:29+00:00","breadcrumb":{"@id":"https:\/\/regiaonews.net.br\/2022\/2023\/05\/22\/barretos-sedia-de-22-a-28-de-maio-a-25a-edicao-dos-jogos-regionais-da-melhor-idade\/#breadcrumb"},"inLanguage":"pt-BR","potentialAction":[{"@type":"ReadAction","target":["https:\/\/regiaonews.net.br\/2022\/2023\/05\/22\/barretos-sedia-de-22-a-28-de-maio-a-25a-edicao-dos-jogos-regionais-da-melhor-idade\/"]}]},{"@type":"ImageObject","inLanguage":"pt-BR","@id":"https:\/\/regiaonews.net.br\/2022\/2023\/05\/22\/barretos-sedia-de-22-a-28-de-maio-a-25a-edicao-dos-jogos-regionais-da-melhor-idade\/#primaryimage","url":"https:\/\/regiaonews.net.br\/2022\/wp-content\/uploads\/2023\/05\/Imagem-do-WhatsApp-de-2023-05-22-as-10.06.37.jpg","contentUrl":"https:\/\/regiaonews.net.br\/2022\/wp-content\/uploads\/2023\/05\/Imagem-do-WhatsApp-de-2023-05-22-as-10.06.37.jpg","width":1600,"height":1068},{"@type":"BreadcrumbList","@id":"https:\/\/regiaonews.net.br\/2022\/2023\/05\/22\/barretos-sedia-de-22-a-28-de-maio-a-25a-edicao-dos-jogos-regionais-da-melhor-idade\/#breadcrumb","itemListElement":[{"@type":"ListItem","position":1,"name":"In\u00edcio","item":"https:\/\/regiaonews.net.br\/2022\/"},{"@type":"ListItem","position":2,"name":"Barretos sedia, de 22 a 28 de maio, a 25\u00aa edi\u00e7\u00e3o dos Jogos Regionais da Melhor Idade"}]},{"@type":"WebSite","@id":"https:\/\/regiaonews.net.br\/2022\/#website","url":"https:\/\/regiaonews.net.br\/2022\/","name":"Regi\u00e3o News","description":"Site de Not\u00edcias de Barretos e regi\u00e3o","publisher":{"@id":"https:\/\/regiaonews.net.br\/2022\/#organization"},"potentialAction":[{"@type":"SearchAction","target":{"@type":"EntryPoint","urlTemplate":"https:\/\/regiaonews.net.br\/2022\/?s={search_term_string}"},"query-input":{"@type":"PropertyValueSpecification","valueRequired":true,"valueName":"search_term_string"}}],"inLanguage":"pt-BR"},{"@type":"Organization","@id":"https:\/\/regiaonews.net.br\/2022\/#organization","name":"Regi\u00e3o News","url":"https:\/\/regiaonews.net.br\/2022\/","logo":{"@type":"ImageObject","inLanguage":"pt-BR","@id":"https:\/\/regiaonews.net.br\/2022\/#\/schema\/logo\/image\/","url":"https:\/\/regiaonews.net.br\/2022\/wp-content\/uploads\/2026\/03\/regiao-13-anos-scaled.jpg","contentUrl":"https:\/\/regiaonews.net.br\/2022\/wp-content\/uploads\/2026\/03\/regiao-13-anos-scaled.jpg","width":2560,"height":635,"caption":"Regi\u00e3o News"},"image":{"@id":"https:\/\/regiaonews.net.br\/2022\/#\/schema\/logo\/image\/"}},{"@type":"Person","@id":"https:\/\/regiaonews.net.br\/2022\/#\/schema\/person\/2d205a608a5aa97ac279d7a5e6d89ad8","name":"Roberto","image":{"@type":"ImageObject","inLanguage":"pt-BR","@id":"https:\/\/secure.gravatar.com\/avatar\/42749d8b712ff9d59ca93dc150494e5b55a44134482993f5baeb97e61b7ecc89?s=96&d=mm&r=g","url":"https:\/\/secure.gravatar.com\/avatar\/42749d8b712ff9d59ca93dc150494e5b55a44134482993f5baeb97e61b7ecc89?s=96&d=mm&r=g","contentUrl":"https:\/\/secure.gravatar.com\/avatar\/42749d8b712ff9d59ca93dc150494e5b55a44134482993f5baeb97e61b7ecc89?s=96&d=mm&r=g","caption":"Roberto"},"url":"https:\/\/regiaonews.net.br\/2022\/author\/roberto\/"}]}},"publishpress_future_action":{"enabled":false,"date":"2026-05-02 06:37:35","action":"change-status","newStatus":"draft","terms":[],"taxonomy":"category","extraData":[]},"publishpress_future_workflow_manual_trigger":{"enabledWorkflows":[]},"_links":{"self":[{"href":"https:\/\/regiaonews.net.br\/2022\/wp-json\/wp\/v2\/posts\/88572","targetHints":{"allow":["GET"]}}],"collection":[{"href":"https:\/\/regiaonews.net.br\/2022\/wp-json\/wp\/v2\/posts"}],"about":[{"href":"https:\/\/regiaonews.net.br\/2022\/wp-json\/wp\/v2\/types\/post"}],"author":[{"embeddable":true,"href":"https:\/\/regiaonews.net.br\/2022\/wp-json\/wp\/v2\/users\/2"}],"replies":[{"embeddable":true,"href":"https:\/\/regiaonews.net.br\/2022\/wp-json\/wp\/v2\/comments?post=88572"}],"version-history":[{"count":1,"href":"https:\/\/regiaonews.net.br\/2022\/wp-json\/wp\/v2\/posts\/88572\/revisions"}],"predecessor-version":[{"id":88574,"href":"https:\/\/regiaonews.net.br\/2022\/wp-json\/wp\/v2\/posts\/88572\/revisions\/88574"}],"wp:featuredmedia":[{"embeddable":true,"href":"https:\/\/regiaonews.net.br\/2022\/wp-json\/wp\/v2\/media\/88573"}],"wp:attachment":[{"href":"https:\/\/regiaonews.net.br\/2022\/wp-json\/wp\/v2\/media?parent=88572"}],"wp:term":[{"taxonomy":"category","embeddable":true,"href":"https:\/\/regiaonews.net.br\/2022\/wp-json\/wp\/v2\/categories?post=88572"},{"taxonomy":"post_tag","embeddable":true,"href":"https:\/\/regiaonews.net.br\/2022\/wp-json\/wp\/v2\/tags?post=88572"}],"curies":[{"name":"wp","href":"https:\/\/api.w.org\/{rel}","templated":true}]}}