{"id":88569,"date":"2023-05-22T10:10:00","date_gmt":"2023-05-22T13:10:00","guid":{"rendered":"https:\/\/regiaonews.net.br\/2022\/?p=88569"},"modified":"2023-05-23T22:43:15","modified_gmt":"2023-05-24T01:43:15","slug":"prefeitura-promove-entre-os-dias-22-e-26-de-maio-mutirao-para-regularizacao-de-debitos","status":"publish","type":"post","link":"https:\/\/regiaonews.net.br\/2022\/2023\/05\/22\/prefeitura-promove-entre-os-dias-22-e-26-de-maio-mutirao-para-regularizacao-de-debitos\/","title":{"rendered":"Prefeitura promove, entre os dias 22 e 26 de maio, mutir\u00e3o para regulariza\u00e7\u00e3o de d\u00e9bitos"},"content":{"rendered":"<h3 style=\"text-align: center;\">Atendimento ser\u00e1 realizado pelo N\u00facleo Jur\u00eddico da Faculdade Barretos e contribuintes ser\u00e3o intimidados para audi\u00eancia de concilia\u00e7\u00e3o.<\/h3>\n<p>A Prefeitura da Est\u00e2ncia Tur\u00edstica de Barretos, por meio da secretaria municipal de Finan\u00e7as e Procuradoria Geral, em parceria com o Poder Judici\u00e1rio e com a Faculdade Barretos, realiza entre os dias 22 e 26 de maio, mais uma edi\u00e7\u00e3o do mutir\u00e3o para regulariza\u00e7\u00e3o de d\u00e9bitos, referente a d\u00edvidas de 2022 e anos anteriores.<br \/>\nA a\u00e7\u00e3o tem o objetivo conscientizar a sociedade sobre os meios adequados de solu\u00e7\u00e3o de conflitos, sem a necessidade de interven\u00e7\u00e3o judicial e facilitar o atendimento ao contribuinte que possua d\u00e9bitos junto \u00e0 prefeitura, ajuizados ou n\u00e3o e \u00e9 destinada a pessoas f\u00edsicas e jur\u00eddicas.<br \/>\nO secret\u00e1rio de Finan\u00e7as, Fernando Soares, destacou que esta \u00e9 mais uma oportunidade que o contribuinte ter\u00e1 para ficar quite com a prefeitura. \u201cEssa \u00e9 mais uma oportunidade que estamos proporcionando ao cidad\u00e3o para que ele regularize suas d\u00edvidas junto ao munic\u00edpio, levando este servi\u00e7o para perto da popula\u00e7\u00e3o, num local de f\u00e1cil acesso\u201d, explicou.<br \/>\nO Procurador Geral do Mun\u00edcipio, Rafael Madureira dos Anjos, salientou que durante o mutir\u00e3o ser\u00e3o atendidos os contribuintes previamente agendados para as audi\u00eancias de concilia\u00e7\u00e3o, mas tamb\u00e9m ser\u00e3o prestados atendimentos aos contribuintes que voluntariamente procurarem o n\u00facleo. \u201cSer\u00e3o 40 processos por dia, totalizando 200 atendimentos ao longo da semana&#8221;, disse. As pessoas que n\u00e3o foram agendadas poder\u00e3o se dirigir ao n\u00facleo e passar por atendimento com a equipe de D\u00edvida Ativa da prefeitura, que ir\u00e1 gerar um relat\u00f3rio de d\u00e9bitos. Se houverem processos ajuizados e hor\u00e1rios dispon\u00edveis, o contribuinte poder\u00e1 ser encaixado e realizar concilia\u00e7\u00e3o durante o mutir\u00e3o. Caso contr\u00e1rio, o cidad\u00e3o ser\u00e1 orientado sobre como proceder.<\/p>\n<p>Audi\u00eancias de concilia\u00e7\u00e3o<br \/>\nA notifica\u00e7\u00e3o aos contribuintes ser\u00e1 realizada pela prefeitura, por meio de cartas de intima\u00e7\u00e3o entregues nos endere\u00e7os indicados, que ser\u00e3o impressas pelo Servi\u00e7o Anexo das Fazendas e levar\u00e3o o timbre do Poder Judici\u00e1rio.<br \/>\nSegundo Sandro Alberto Mingorance, Coordenador do Servi\u00e7o Anexo das Fazendas da Comarca de Barretos, as concilia\u00e7\u00f5es prestam uma contribui\u00e7\u00e3o social muito importante. \u201cAl\u00e9m de resolver o problema de forma adequada, ela serve de instrumento para levar informa\u00e7\u00f5es de interesse p\u00fablico para a popula\u00e7\u00e3o, como por exemplos podemos citar as leis de incentivo fiscal, anistias e isen\u00e7\u00f5es, bem como a import\u00e2ncia de quitar ou parcelar as d\u00edvidas tribut\u00e1rias ajuizadas, evitando-se a penhora sobre bens do devedor\u201d, disse.<br \/>\nAs audi\u00eancias de concilia\u00e7\u00e3o tratar\u00e3o de d\u00e9bitos tribut\u00e1rios (IPTU) relacionados ao im\u00f3vel e que s\u00e3o objetos de cobran\u00e7a na presente execu\u00e7\u00e3o fiscal e, no dia da concilia\u00e7\u00e3o o devedor receber\u00e1 um relat\u00f3rio dos d\u00e9bitos, com a aplica\u00e7\u00e3o do desconto (anistia) de multa e redu\u00e7\u00e3o de juros previstos na Lei Municipal, com possibilidade de acordo para pagamento do d\u00e9bito.<br \/>\nNa data agendada, o contribuinte dever\u00e1 comparecer com anteced\u00eancia m\u00ednima de 30 minutos do hor\u00e1rio da audi\u00eancia, portando a carta recebida e documento de identidade com foto e CPF.<br \/>\nO N\u00facleo Jur\u00eddico da Faculdade Barretos, fica rua C-12, n\u00b0. 1.555, Bairro Cristiano de Carvalho. Mais informa\u00e7\u00f5es pelo telefone (17) 3612-2000.<\/p>\n<p>Reda\u00e7\u00e3o: Assessoria de Imprensa<\/p>\n","protected":false},"excerpt":{"rendered":"<p>Atendimento ser\u00e1 realizado pelo N\u00facleo Jur\u00eddico da Faculdade Barretos e<\/p>\n","protected":false},"author":2,"featured_media":88570,"comment_status":"open","ping_status":"open","sticky":false,"template":"","format":"standard","meta":{"footnotes":""},"categories":[14,111,3],"tags":[],"class_list":["post-88569","post","type-post","status-publish","format-standard","has-post-thumbnail","hentry","category-barretos","category-cotidiano","category-geral"],"yoast_head":"<!-- This site is optimized with the Yoast SEO plugin v27.4 - https:\/\/yoast.com\/product\/yoast-seo-wordpress\/ -->\n<title>Prefeitura promove, entre os dias 22 e 26 de maio, mutir\u00e3o para regulariza\u00e7\u00e3o de d\u00e9bitos - Regi\u00e3o News<\/title>\n<meta name=\"robots\" content=\"index, follow, max-snippet:-1, max-image-preview:large, max-video-preview:-1\" \/>\n<link rel=\"canonical\" href=\"https:\/\/regiaonews.net.br\/2022\/2023\/05\/22\/prefeitura-promove-entre-os-dias-22-e-26-de-maio-mutirao-para-regularizacao-de-debitos\/\" \/>\n<meta property=\"og:locale\" content=\"pt_BR\" \/>\n<meta property=\"og:type\" content=\"article\" \/>\n<meta property=\"og:title\" content=\"Prefeitura promove, entre os dias 22 e 26 de maio, mutir\u00e3o para regulariza\u00e7\u00e3o de d\u00e9bitos - Regi\u00e3o News\" \/>\n<meta property=\"og:description\" content=\"Atendimento ser\u00e1 realizado pelo N\u00facleo Jur\u00eddico da Faculdade Barretos e\" \/>\n<meta property=\"og:url\" content=\"https:\/\/regiaonews.net.br\/2022\/2023\/05\/22\/prefeitura-promove-entre-os-dias-22-e-26-de-maio-mutirao-para-regularizacao-de-debitos\/\" \/>\n<meta property=\"og:site_name\" content=\"Regi\u00e3o News\" \/>\n<meta property=\"article:published_time\" content=\"2023-05-22T13:10:00+00:00\" \/>\n<meta property=\"article:modified_time\" content=\"2023-05-24T01:43:15+00:00\" \/>\n<meta property=\"og:image\" content=\"https:\/\/regiaonews.net.br\/2022\/wp-content\/uploads\/2023\/05\/Imagem-do-WhatsApp-de-2023-05-22-as-10.04.05.jpg\" \/>\n\t<meta property=\"og:image:width\" content=\"1080\" \/>\n\t<meta property=\"og:image:height\" content=\"1080\" \/>\n\t<meta property=\"og:image:type\" content=\"image\/jpeg\" \/>\n<meta name=\"author\" content=\"Roberto\" \/>\n<meta name=\"twitter:card\" content=\"summary_large_image\" \/>\n<meta name=\"twitter:label1\" content=\"Escrito por\" \/>\n\t<meta name=\"twitter:data1\" content=\"Roberto\" \/>\n\t<meta name=\"twitter:label2\" content=\"Est. tempo de leitura\" \/>\n\t<meta name=\"twitter:data2\" content=\"3 minutos\" \/>\n<script type=\"application\/ld+json\" class=\"yoast-schema-graph\">{\"@context\":\"https:\\\/\\\/schema.org\",\"@graph\":[{\"@type\":\"Article\",\"@id\":\"https:\\\/\\\/regiaonews.net.br\\\/2022\\\/2023\\\/05\\\/22\\\/prefeitura-promove-entre-os-dias-22-e-26-de-maio-mutirao-para-regularizacao-de-debitos\\\/#article\",\"isPartOf\":{\"@id\":\"https:\\\/\\\/regiaonews.net.br\\\/2022\\\/2023\\\/05\\\/22\\\/prefeitura-promove-entre-os-dias-22-e-26-de-maio-mutirao-para-regularizacao-de-debitos\\\/\"},\"author\":{\"name\":\"Roberto\",\"@id\":\"https:\\\/\\\/regiaonews.net.br\\\/2022\\\/#\\\/schema\\\/person\\\/2d205a608a5aa97ac279d7a5e6d89ad8\"},\"headline\":\"Prefeitura promove, entre os dias 22 e 26 de maio, mutir\u00e3o para regulariza\u00e7\u00e3o de d\u00e9bitos\",\"datePublished\":\"2023-05-22T13:10:00+00:00\",\"dateModified\":\"2023-05-24T01:43:15+00:00\",\"mainEntityOfPage\":{\"@id\":\"https:\\\/\\\/regiaonews.net.br\\\/2022\\\/2023\\\/05\\\/22\\\/prefeitura-promove-entre-os-dias-22-e-26-de-maio-mutirao-para-regularizacao-de-debitos\\\/\"},\"wordCount\":599,\"commentCount\":0,\"publisher\":{\"@id\":\"https:\\\/\\\/regiaonews.net.br\\\/2022\\\/#organization\"},\"image\":{\"@id\":\"https:\\\/\\\/regiaonews.net.br\\\/2022\\\/2023\\\/05\\\/22\\\/prefeitura-promove-entre-os-dias-22-e-26-de-maio-mutirao-para-regularizacao-de-debitos\\\/#primaryimage\"},\"thumbnailUrl\":\"https:\\\/\\\/regiaonews.net.br\\\/2022\\\/wp-content\\\/uploads\\\/2023\\\/05\\\/Imagem-do-WhatsApp-de-2023-05-22-as-10.04.05.jpg\",\"articleSection\":[\"Barretos\",\"Cotidiano\",\"Geral\"],\"inLanguage\":\"pt-BR\",\"potentialAction\":[{\"@type\":\"CommentAction\",\"name\":\"Comment\",\"target\":[\"https:\\\/\\\/regiaonews.net.br\\\/2022\\\/2023\\\/05\\\/22\\\/prefeitura-promove-entre-os-dias-22-e-26-de-maio-mutirao-para-regularizacao-de-debitos\\\/#respond\"]}]},{\"@type\":\"WebPage\",\"@id\":\"https:\\\/\\\/regiaonews.net.br\\\/2022\\\/2023\\\/05\\\/22\\\/prefeitura-promove-entre-os-dias-22-e-26-de-maio-mutirao-para-regularizacao-de-debitos\\\/\",\"url\":\"https:\\\/\\\/regiaonews.net.br\\\/2022\\\/2023\\\/05\\\/22\\\/prefeitura-promove-entre-os-dias-22-e-26-de-maio-mutirao-para-regularizacao-de-debitos\\\/\",\"name\":\"Prefeitura promove, entre os dias 22 e 26 de maio, mutir\u00e3o para regulariza\u00e7\u00e3o de d\u00e9bitos - Regi\u00e3o News\",\"isPartOf\":{\"@id\":\"https:\\\/\\\/regiaonews.net.br\\\/2022\\\/#website\"},\"primaryImageOfPage\":{\"@id\":\"https:\\\/\\\/regiaonews.net.br\\\/2022\\\/2023\\\/05\\\/22\\\/prefeitura-promove-entre-os-dias-22-e-26-de-maio-mutirao-para-regularizacao-de-debitos\\\/#primaryimage\"},\"image\":{\"@id\":\"https:\\\/\\\/regiaonews.net.br\\\/2022\\\/2023\\\/05\\\/22\\\/prefeitura-promove-entre-os-dias-22-e-26-de-maio-mutirao-para-regularizacao-de-debitos\\\/#primaryimage\"},\"thumbnailUrl\":\"https:\\\/\\\/regiaonews.net.br\\\/2022\\\/wp-content\\\/uploads\\\/2023\\\/05\\\/Imagem-do-WhatsApp-de-2023-05-22-as-10.04.05.jpg\",\"datePublished\":\"2023-05-22T13:10:00+00:00\",\"dateModified\":\"2023-05-24T01:43:15+00:00\",\"breadcrumb\":{\"@id\":\"https:\\\/\\\/regiaonews.net.br\\\/2022\\\/2023\\\/05\\\/22\\\/prefeitura-promove-entre-os-dias-22-e-26-de-maio-mutirao-para-regularizacao-de-debitos\\\/#breadcrumb\"},\"inLanguage\":\"pt-BR\",\"potentialAction\":[{\"@type\":\"ReadAction\",\"target\":[\"https:\\\/\\\/regiaonews.net.br\\\/2022\\\/2023\\\/05\\\/22\\\/prefeitura-promove-entre-os-dias-22-e-26-de-maio-mutirao-para-regularizacao-de-debitos\\\/\"]}]},{\"@type\":\"ImageObject\",\"inLanguage\":\"pt-BR\",\"@id\":\"https:\\\/\\\/regiaonews.net.br\\\/2022\\\/2023\\\/05\\\/22\\\/prefeitura-promove-entre-os-dias-22-e-26-de-maio-mutirao-para-regularizacao-de-debitos\\\/#primaryimage\",\"url\":\"https:\\\/\\\/regiaonews.net.br\\\/2022\\\/wp-content\\\/uploads\\\/2023\\\/05\\\/Imagem-do-WhatsApp-de-2023-05-22-as-10.04.05.jpg\",\"contentUrl\":\"https:\\\/\\\/regiaonews.net.br\\\/2022\\\/wp-content\\\/uploads\\\/2023\\\/05\\\/Imagem-do-WhatsApp-de-2023-05-22-as-10.04.05.jpg\",\"width\":1080,\"height\":1080},{\"@type\":\"BreadcrumbList\",\"@id\":\"https:\\\/\\\/regiaonews.net.br\\\/2022\\\/2023\\\/05\\\/22\\\/prefeitura-promove-entre-os-dias-22-e-26-de-maio-mutirao-para-regularizacao-de-debitos\\\/#breadcrumb\",\"itemListElement\":[{\"@type\":\"ListItem\",\"position\":1,\"name\":\"In\u00edcio\",\"item\":\"https:\\\/\\\/regiaonews.net.br\\\/2022\\\/\"},{\"@type\":\"ListItem\",\"position\":2,\"name\":\"Prefeitura promove, entre os dias 22 e 26 de maio, mutir\u00e3o para regulariza\u00e7\u00e3o de d\u00e9bitos\"}]},{\"@type\":\"WebSite\",\"@id\":\"https:\\\/\\\/regiaonews.net.br\\\/2022\\\/#website\",\"url\":\"https:\\\/\\\/regiaonews.net.br\\\/2022\\\/\",\"name\":\"Regi\u00e3o News\",\"description\":\"Site de Not\u00edcias de Barretos e regi\u00e3o\",\"publisher\":{\"@id\":\"https:\\\/\\\/regiaonews.net.br\\\/2022\\\/#organization\"},\"potentialAction\":[{\"@type\":\"SearchAction\",\"target\":{\"@type\":\"EntryPoint\",\"urlTemplate\":\"https:\\\/\\\/regiaonews.net.br\\\/2022\\\/?s={search_term_string}\"},\"query-input\":{\"@type\":\"PropertyValueSpecification\",\"valueRequired\":true,\"valueName\":\"search_term_string\"}}],\"inLanguage\":\"pt-BR\"},{\"@type\":\"Organization\",\"@id\":\"https:\\\/\\\/regiaonews.net.br\\\/2022\\\/#organization\",\"name\":\"Regi\u00e3o News\",\"url\":\"https:\\\/\\\/regiaonews.net.br\\\/2022\\\/\",\"logo\":{\"@type\":\"ImageObject\",\"inLanguage\":\"pt-BR\",\"@id\":\"https:\\\/\\\/regiaonews.net.br\\\/2022\\\/#\\\/schema\\\/logo\\\/image\\\/\",\"url\":\"https:\\\/\\\/regiaonews.net.br\\\/2022\\\/wp-content\\\/uploads\\\/2026\\\/03\\\/regiao-13-anos-scaled.jpg\",\"contentUrl\":\"https:\\\/\\\/regiaonews.net.br\\\/2022\\\/wp-content\\\/uploads\\\/2026\\\/03\\\/regiao-13-anos-scaled.jpg\",\"width\":2560,\"height\":635,\"caption\":\"Regi\u00e3o News\"},\"image\":{\"@id\":\"https:\\\/\\\/regiaonews.net.br\\\/2022\\\/#\\\/schema\\\/logo\\\/image\\\/\"}},{\"@type\":\"Person\",\"@id\":\"https:\\\/\\\/regiaonews.net.br\\\/2022\\\/#\\\/schema\\\/person\\\/2d205a608a5aa97ac279d7a5e6d89ad8\",\"name\":\"Roberto\",\"image\":{\"@type\":\"ImageObject\",\"inLanguage\":\"pt-BR\",\"@id\":\"https:\\\/\\\/secure.gravatar.com\\\/avatar\\\/42749d8b712ff9d59ca93dc150494e5b55a44134482993f5baeb97e61b7ecc89?s=96&d=mm&r=g\",\"url\":\"https:\\\/\\\/secure.gravatar.com\\\/avatar\\\/42749d8b712ff9d59ca93dc150494e5b55a44134482993f5baeb97e61b7ecc89?s=96&d=mm&r=g\",\"contentUrl\":\"https:\\\/\\\/secure.gravatar.com\\\/avatar\\\/42749d8b712ff9d59ca93dc150494e5b55a44134482993f5baeb97e61b7ecc89?s=96&d=mm&r=g\",\"caption\":\"Roberto\"},\"url\":\"https:\\\/\\\/regiaonews.net.br\\\/2022\\\/author\\\/roberto\\\/\"}]}<\/script>\n<!-- \/ Yoast SEO plugin. -->","yoast_head_json":{"title":"Prefeitura promove, entre os dias 22 e 26 de maio, mutir\u00e3o para regulariza\u00e7\u00e3o de d\u00e9bitos - Regi\u00e3o News","robots":{"index":"index","follow":"follow","max-snippet":"max-snippet:-1","max-image-preview":"max-image-preview:large","max-video-preview":"max-video-preview:-1"},"canonical":"https:\/\/regiaonews.net.br\/2022\/2023\/05\/22\/prefeitura-promove-entre-os-dias-22-e-26-de-maio-mutirao-para-regularizacao-de-debitos\/","og_locale":"pt_BR","og_type":"article","og_title":"Prefeitura promove, entre os dias 22 e 26 de maio, mutir\u00e3o para regulariza\u00e7\u00e3o de d\u00e9bitos - Regi\u00e3o News","og_description":"Atendimento ser\u00e1 realizado pelo N\u00facleo Jur\u00eddico da Faculdade Barretos e","og_url":"https:\/\/regiaonews.net.br\/2022\/2023\/05\/22\/prefeitura-promove-entre-os-dias-22-e-26-de-maio-mutirao-para-regularizacao-de-debitos\/","og_site_name":"Regi\u00e3o News","article_published_time":"2023-05-22T13:10:00+00:00","article_modified_time":"2023-05-24T01:43:15+00:00","og_image":[{"width":1080,"height":1080,"url":"https:\/\/regiaonews.net.br\/2022\/wp-content\/uploads\/2023\/05\/Imagem-do-WhatsApp-de-2023-05-22-as-10.04.05.jpg","type":"image\/jpeg"}],"author":"Roberto","twitter_card":"summary_large_image","twitter_misc":{"Escrito por":"Roberto","Est. tempo de leitura":"3 minutos"},"schema":{"@context":"https:\/\/schema.org","@graph":[{"@type":"Article","@id":"https:\/\/regiaonews.net.br\/2022\/2023\/05\/22\/prefeitura-promove-entre-os-dias-22-e-26-de-maio-mutirao-para-regularizacao-de-debitos\/#article","isPartOf":{"@id":"https:\/\/regiaonews.net.br\/2022\/2023\/05\/22\/prefeitura-promove-entre-os-dias-22-e-26-de-maio-mutirao-para-regularizacao-de-debitos\/"},"author":{"name":"Roberto","@id":"https:\/\/regiaonews.net.br\/2022\/#\/schema\/person\/2d205a608a5aa97ac279d7a5e6d89ad8"},"headline":"Prefeitura promove, entre os dias 22 e 26 de maio, mutir\u00e3o para regulariza\u00e7\u00e3o de d\u00e9bitos","datePublished":"2023-05-22T13:10:00+00:00","dateModified":"2023-05-24T01:43:15+00:00","mainEntityOfPage":{"@id":"https:\/\/regiaonews.net.br\/2022\/2023\/05\/22\/prefeitura-promove-entre-os-dias-22-e-26-de-maio-mutirao-para-regularizacao-de-debitos\/"},"wordCount":599,"commentCount":0,"publisher":{"@id":"https:\/\/regiaonews.net.br\/2022\/#organization"},"image":{"@id":"https:\/\/regiaonews.net.br\/2022\/2023\/05\/22\/prefeitura-promove-entre-os-dias-22-e-26-de-maio-mutirao-para-regularizacao-de-debitos\/#primaryimage"},"thumbnailUrl":"https:\/\/regiaonews.net.br\/2022\/wp-content\/uploads\/2023\/05\/Imagem-do-WhatsApp-de-2023-05-22-as-10.04.05.jpg","articleSection":["Barretos","Cotidiano","Geral"],"inLanguage":"pt-BR","potentialAction":[{"@type":"CommentAction","name":"Comment","target":["https:\/\/regiaonews.net.br\/2022\/2023\/05\/22\/prefeitura-promove-entre-os-dias-22-e-26-de-maio-mutirao-para-regularizacao-de-debitos\/#respond"]}]},{"@type":"WebPage","@id":"https:\/\/regiaonews.net.br\/2022\/2023\/05\/22\/prefeitura-promove-entre-os-dias-22-e-26-de-maio-mutirao-para-regularizacao-de-debitos\/","url":"https:\/\/regiaonews.net.br\/2022\/2023\/05\/22\/prefeitura-promove-entre-os-dias-22-e-26-de-maio-mutirao-para-regularizacao-de-debitos\/","name":"Prefeitura promove, entre os dias 22 e 26 de maio, mutir\u00e3o para regulariza\u00e7\u00e3o de d\u00e9bitos - Regi\u00e3o News","isPartOf":{"@id":"https:\/\/regiaonews.net.br\/2022\/#website"},"primaryImageOfPage":{"@id":"https:\/\/regiaonews.net.br\/2022\/2023\/05\/22\/prefeitura-promove-entre-os-dias-22-e-26-de-maio-mutirao-para-regularizacao-de-debitos\/#primaryimage"},"image":{"@id":"https:\/\/regiaonews.net.br\/2022\/2023\/05\/22\/prefeitura-promove-entre-os-dias-22-e-26-de-maio-mutirao-para-regularizacao-de-debitos\/#primaryimage"},"thumbnailUrl":"https:\/\/regiaonews.net.br\/2022\/wp-content\/uploads\/2023\/05\/Imagem-do-WhatsApp-de-2023-05-22-as-10.04.05.jpg","datePublished":"2023-05-22T13:10:00+00:00","dateModified":"2023-05-24T01:43:15+00:00","breadcrumb":{"@id":"https:\/\/regiaonews.net.br\/2022\/2023\/05\/22\/prefeitura-promove-entre-os-dias-22-e-26-de-maio-mutirao-para-regularizacao-de-debitos\/#breadcrumb"},"inLanguage":"pt-BR","potentialAction":[{"@type":"ReadAction","target":["https:\/\/regiaonews.net.br\/2022\/2023\/05\/22\/prefeitura-promove-entre-os-dias-22-e-26-de-maio-mutirao-para-regularizacao-de-debitos\/"]}]},{"@type":"ImageObject","inLanguage":"pt-BR","@id":"https:\/\/regiaonews.net.br\/2022\/2023\/05\/22\/prefeitura-promove-entre-os-dias-22-e-26-de-maio-mutirao-para-regularizacao-de-debitos\/#primaryimage","url":"https:\/\/regiaonews.net.br\/2022\/wp-content\/uploads\/2023\/05\/Imagem-do-WhatsApp-de-2023-05-22-as-10.04.05.jpg","contentUrl":"https:\/\/regiaonews.net.br\/2022\/wp-content\/uploads\/2023\/05\/Imagem-do-WhatsApp-de-2023-05-22-as-10.04.05.jpg","width":1080,"height":1080},{"@type":"BreadcrumbList","@id":"https:\/\/regiaonews.net.br\/2022\/2023\/05\/22\/prefeitura-promove-entre-os-dias-22-e-26-de-maio-mutirao-para-regularizacao-de-debitos\/#breadcrumb","itemListElement":[{"@type":"ListItem","position":1,"name":"In\u00edcio","item":"https:\/\/regiaonews.net.br\/2022\/"},{"@type":"ListItem","position":2,"name":"Prefeitura promove, entre os dias 22 e 26 de maio, mutir\u00e3o para regulariza\u00e7\u00e3o de d\u00e9bitos"}]},{"@type":"WebSite","@id":"https:\/\/regiaonews.net.br\/2022\/#website","url":"https:\/\/regiaonews.net.br\/2022\/","name":"Regi\u00e3o News","description":"Site de Not\u00edcias de Barretos e regi\u00e3o","publisher":{"@id":"https:\/\/regiaonews.net.br\/2022\/#organization"},"potentialAction":[{"@type":"SearchAction","target":{"@type":"EntryPoint","urlTemplate":"https:\/\/regiaonews.net.br\/2022\/?s={search_term_string}"},"query-input":{"@type":"PropertyValueSpecification","valueRequired":true,"valueName":"search_term_string"}}],"inLanguage":"pt-BR"},{"@type":"Organization","@id":"https:\/\/regiaonews.net.br\/2022\/#organization","name":"Regi\u00e3o News","url":"https:\/\/regiaonews.net.br\/2022\/","logo":{"@type":"ImageObject","inLanguage":"pt-BR","@id":"https:\/\/regiaonews.net.br\/2022\/#\/schema\/logo\/image\/","url":"https:\/\/regiaonews.net.br\/2022\/wp-content\/uploads\/2026\/03\/regiao-13-anos-scaled.jpg","contentUrl":"https:\/\/regiaonews.net.br\/2022\/wp-content\/uploads\/2026\/03\/regiao-13-anos-scaled.jpg","width":2560,"height":635,"caption":"Regi\u00e3o News"},"image":{"@id":"https:\/\/regiaonews.net.br\/2022\/#\/schema\/logo\/image\/"}},{"@type":"Person","@id":"https:\/\/regiaonews.net.br\/2022\/#\/schema\/person\/2d205a608a5aa97ac279d7a5e6d89ad8","name":"Roberto","image":{"@type":"ImageObject","inLanguage":"pt-BR","@id":"https:\/\/secure.gravatar.com\/avatar\/42749d8b712ff9d59ca93dc150494e5b55a44134482993f5baeb97e61b7ecc89?s=96&d=mm&r=g","url":"https:\/\/secure.gravatar.com\/avatar\/42749d8b712ff9d59ca93dc150494e5b55a44134482993f5baeb97e61b7ecc89?s=96&d=mm&r=g","contentUrl":"https:\/\/secure.gravatar.com\/avatar\/42749d8b712ff9d59ca93dc150494e5b55a44134482993f5baeb97e61b7ecc89?s=96&d=mm&r=g","caption":"Roberto"},"url":"https:\/\/regiaonews.net.br\/2022\/author\/roberto\/"}]}},"publishpress_future_action":{"enabled":false,"date":"2026-05-02 04:58:54","action":"change-status","newStatus":"draft","terms":[],"taxonomy":"category","extraData":[]},"publishpress_future_workflow_manual_trigger":{"enabledWorkflows":[]},"_links":{"self":[{"href":"https:\/\/regiaonews.net.br\/2022\/wp-json\/wp\/v2\/posts\/88569","targetHints":{"allow":["GET"]}}],"collection":[{"href":"https:\/\/regiaonews.net.br\/2022\/wp-json\/wp\/v2\/posts"}],"about":[{"href":"https:\/\/regiaonews.net.br\/2022\/wp-json\/wp\/v2\/types\/post"}],"author":[{"embeddable":true,"href":"https:\/\/regiaonews.net.br\/2022\/wp-json\/wp\/v2\/users\/2"}],"replies":[{"embeddable":true,"href":"https:\/\/regiaonews.net.br\/2022\/wp-json\/wp\/v2\/comments?post=88569"}],"version-history":[{"count":1,"href":"https:\/\/regiaonews.net.br\/2022\/wp-json\/wp\/v2\/posts\/88569\/revisions"}],"predecessor-version":[{"id":88571,"href":"https:\/\/regiaonews.net.br\/2022\/wp-json\/wp\/v2\/posts\/88569\/revisions\/88571"}],"wp:featuredmedia":[{"embeddable":true,"href":"https:\/\/regiaonews.net.br\/2022\/wp-json\/wp\/v2\/media\/88570"}],"wp:attachment":[{"href":"https:\/\/regiaonews.net.br\/2022\/wp-json\/wp\/v2\/media?parent=88569"}],"wp:term":[{"taxonomy":"category","embeddable":true,"href":"https:\/\/regiaonews.net.br\/2022\/wp-json\/wp\/v2\/categories?post=88569"},{"taxonomy":"post_tag","embeddable":true,"href":"https:\/\/regiaonews.net.br\/2022\/wp-json\/wp\/v2\/tags?post=88569"}],"curies":[{"name":"wp","href":"https:\/\/api.w.org\/{rel}","templated":true}]}}