{"id":88411,"date":"2023-05-18T21:17:12","date_gmt":"2023-05-19T00:17:12","guid":{"rendered":"https:\/\/regiaonews.net.br\/2022\/?p=88411"},"modified":"2023-05-18T21:17:47","modified_gmt":"2023-05-19T00:17:47","slug":"prefeitura-mobiliza-barretos-em-acao-que-marca-o-dia-nacional-de-combate-ao-abuso-e-a-exploracao-sexual-contra-criancas-e-adolescentes","status":"publish","type":"post","link":"https:\/\/regiaonews.net.br\/2022\/2023\/05\/18\/prefeitura-mobiliza-barretos-em-acao-que-marca-o-dia-nacional-de-combate-ao-abuso-e-a-exploracao-sexual-contra-criancas-e-adolescentes\/","title":{"rendered":"Prefeitura mobiliza Barretos em a\u00e7\u00e3o que marca o Dia Nacional de Combate ao Abuso e \u00e0 Explora\u00e7\u00e3o Sexual Contra Crian\u00e7as e Adolescentes"},"content":{"rendered":"<p>&nbsp;<\/p>\n<p>Caminhada e atividades art\u00edsticas e culturais movimentaram a \u00e1rea central da cidade com o objetivo de lucidar a popula\u00e7\u00e3o sobre a import\u00e2ncia de participar do enfrentamento<\/p>\n<p>A Prefeitura da Est\u00e2ncia Tur\u00edstica de Barretos realizou na manh\u00e3 desta quinta-feira, 18, uma mobiliza\u00e7\u00e3o com centenas de pessoas no centro da cidade, como parte do movimento nacional \u201cFa\u00e7a Bonito\u201d pelo Dia Nacional de Combate ao Abuso e \u00e0 Explora\u00e7\u00e3o Sexual Contra Crian\u00e7as e Adolescentes. Caminhada, panfletagem e as a\u00e7\u00f5es art\u00edsticas e culturais marcaram a data que visa conscientizar a todos sobre a import\u00e2ncia do enfrentamento \u00e0 quest\u00e3o.<br \/>\nAlunos e equipes de escolas municipais, da Associa\u00e7\u00e3o de Pais e Amigos dos Excepcionais (APAE) e Associa\u00e7\u00e3o Barretos Vida Nova (Abavin), do Projeto Guri e do Instituto O Amor participaram das a\u00e7\u00f5es, organizadas pela Secretaria Municipal de Assist\u00eancia Social e Desenvolvimento Humano. A mobiliza\u00e7\u00e3o contou tamb\u00e9m com a participa\u00e7\u00e3o e apoio do Fundo Social de Solidariedade (FSS), da Secretaria Municipal de Sa\u00fade, da Secretaria de Ordem P\u00fablica, al\u00e9m da Secretaria Municipal de Educa\u00e7\u00e3o, Conselho Tutelar, Pol\u00edcia Militar, Hospital de Amor, entre outros .<br \/>\nA prefeita Paula Lemos enfatizou a necessidade de toda a popula\u00e7\u00e3o fazer sua parte para proteger as crian\u00e7as e adolescentes. \u201cN\u00f3s reunimos diferentes pastas, a Pol\u00edcia Militar e outras entidades porque \u00e9 necess\u00e1rio falar sobre esse assunto. N\u00e3o \u00e9 s\u00f3 na novela, n\u00e3o \u00e9 s\u00f3 l\u00e1 longe. Abuso sexual ocorre em todas as cidades, muitas vezes dentro da pr\u00f3pria casa ou envolvendo algum familiar, e n\u00e3o d\u00e1 para fingir que nada est\u00e1 acontecendo. \u00c9 preciso que as pessoas fa\u00e7am bonito, que n\u00e3o se omitam; diante de alguma suspeita, que denunciem para as autoridades competentes apurarem o que est\u00e1 acontecendo\u201d, afirmou a prefeita.<br \/>\nA secret\u00e1ria municipal de Assist\u00eancia Social e Desenvolvimento Humano, Vit\u00f3ria Saretta, destacou a import\u00e2ncia de levar essa tem\u00e1tica at\u00e9 a popula\u00e7\u00e3o para deixar claro que os equipamentos da Assist\u00eancia est\u00e3o em a\u00e7\u00e3o para defender as crian\u00e7as e adolescentes e devem ser acionados sempre que necess\u00e1rio. \u201cEste \u00e9 um dia muito importante para n\u00f3s que trabalhamos com a pol\u00edtica da preven\u00e7\u00e3o ao abuso e explora\u00e7\u00e3o sexual de crian\u00e7as e adolescentes. As pessoas precisam saber que existem os canais de den\u00fancia. Ao tomar conhecimento de alguma forma de abuso, de explora\u00e7\u00e3o, elas devem procurar o CREAS, o CRAS, o Conselho Tutelar ou o Disque 100\u201d, ressaltou.<br \/>\nVit\u00f3ria refor\u00e7ou que \u00e9 um assunto muito grave e que n\u00e3o pode cair no esquecimento. Ela lembrou que no ano passado a a\u00e7\u00e3o, agora ampliada para o cal\u00e7ad\u00e3o, foi voltada para as escolas, por meio de um calend\u00e1rio cont\u00ednuo de atividades, o qual segue em desenvolvimento junto \u00e0s escolas.<br \/>\nSegundo dados divulgados pela Campanha Maio Laranja, que busca dar visibilidade a este assunto ao longo do m\u00eas, a cada hora tr\u00eas crian\u00e7as s\u00e3o abusadas no Brasil e mais da metade delas tem entre 1 e 5 anos de idade. A explora\u00e7\u00e3o sexual atinge 500 mil crian\u00e7as e adolescentes no Pa\u00eds; contudo, os levantamentos apontam que menos de 10% dos casos s\u00e3o denunciados, portanto, o n\u00famero real de casos \u00e9 muito maior.<br \/>\nA presidente do FSS, Let\u00edcia Lemos, considera muito importante a participa\u00e7\u00e3o de toda a equipe do Fundo nessa a\u00e7\u00e3o. \u201cEstamos todos presentes nessa a\u00e7\u00e3o por uma causa t\u00e3o nobre que \u00e9 o cuidado com as nossas crian\u00e7as contra a viol\u00eancia e explora\u00e7\u00e3o sexual\u201d, disse. \u201cCuidar da crian\u00e7a tem um significado muito grande para um futuro mais feliz. N\u00f3s abra\u00e7amos essa causa e vamos estar sempre envolvidos no dia a dia nessa preven\u00e7\u00e3o e combate\u201d, afirmou. Let\u00edcia enfatizou sobre o trabalho di\u00e1rio do FSS de acolher e ouvir a popula\u00e7\u00e3o. \u201cEstarmos juntos nessa causa \u00e9 muito importante para buscar impedir que isso ocorra em qualquer lar\u201d, destacou.<br \/>\nA Capit\u00e3 PM Esther Silva, comandante da 1\u00aa Companhia da Pol\u00edcia Militar de Barretos, tamb\u00e9m acompanhou a a\u00e7\u00e3o desta quinta-feira no cal\u00e7ad\u00e3o. Esther lembrou que a PM lida no dia a dia com situa\u00e7\u00f5es de viol\u00eancia sexual e explora\u00e7\u00e3o contra menores, sendo o 190 (telefone da Pol\u00edcia Militar) porta de entrada para acionamento pelas pessoas com esse tipo de vulnerabilidade. \u201cAs estat\u00edsticas mostram que na maioria das vezes esse tipo de viol\u00eancia ou abuso s\u00e3o praticados por pessoas pr\u00f3ximas da fam\u00edlia e muitas vezes as v\u00edtimas s\u00e3o desacreditadas\u201d, afirma, apontando os desafios que fazem com que as den\u00fancias n\u00e3o sejam t\u00e3o frequentes quanto deveriam.<br \/>\nA capit\u00e3 destacou a import\u00e2ncia de a\u00e7\u00f5es de conscientiza\u00e7\u00e3o como esta para que os canais de den\u00fancia conquistem a confian\u00e7a das v\u00edtimas e de pessoas que possam ter conhecimento de algum caso de abuso ou explora\u00e7\u00e3o. \u201cA PM est\u00e1 inserida nessa preven\u00e7\u00e3o e combate, tanto para fornecer orienta\u00e7\u00e3o de como proceder, quanto no caso de acionamento\u201d, destacou.<br \/>\nTodas as pessoas que tenham conhecimento de alguma situa\u00e7\u00e3o que possa caracterizar abuso ou explora\u00e7\u00e3o sexual de crian\u00e7as e adolescentes devem procurar um canal de den\u00fancia. Em Barretos, para orienta\u00e7\u00e3o e den\u00fancia podem ser procurados os quatro CRAS, o CREAS, o Conselho Tutelar e a Pol\u00edcia Militar 190, al\u00e9m do n\u00famero nacional \u2018Disque 100 \u2013 Direitos Humanos\u2019.<br \/>\nTamb\u00e9m participaram da a\u00e7\u00e3o os vereadores pastor Elson e Gabriel Uchida, al\u00e9m de representantes da Casa da Juventude, Casa Afro e de conselhos municipais. O deputado estadual Sebasti\u00e3o Santos foi representado por sua assessoria.<\/p>\n<p>Servi\u00e7o:<br \/>\nCREAS \u2013 Rua 28, 450 &#8211; Centro &#8211; entre Avenidas 35 e 37; Fone: (17) 3612-2650<br \/>\nDisque 100 \u2013 Direitos Humanos<\/p>\n","protected":false},"excerpt":{"rendered":"<p>&nbsp; Caminhada e atividades art\u00edsticas e culturais movimentaram a \u00e1rea<\/p>\n","protected":false},"author":2,"featured_media":88412,"comment_status":"open","ping_status":"open","sticky":false,"template":"","format":"standard","meta":{"footnotes":""},"categories":[14,25],"tags":[],"class_list":["post-88411","post","type-post","status-publish","format-standard","has-post-thumbnail","hentry","category-barretos","category-cidades"],"yoast_head":"<!-- This site is optimized with the Yoast SEO plugin v27.4 - https:\/\/yoast.com\/product\/yoast-seo-wordpress\/ -->\n<title>Prefeitura mobiliza Barretos em a\u00e7\u00e3o que marca o Dia Nacional de Combate ao Abuso e \u00e0 Explora\u00e7\u00e3o Sexual Contra Crian\u00e7as e Adolescentes - Regi\u00e3o News<\/title>\n<meta name=\"robots\" content=\"index, follow, max-snippet:-1, max-image-preview:large, max-video-preview:-1\" \/>\n<link rel=\"canonical\" href=\"https:\/\/regiaonews.net.br\/2022\/2023\/05\/18\/prefeitura-mobiliza-barretos-em-acao-que-marca-o-dia-nacional-de-combate-ao-abuso-e-a-exploracao-sexual-contra-criancas-e-adolescentes\/\" \/>\n<meta property=\"og:locale\" content=\"pt_BR\" \/>\n<meta property=\"og:type\" content=\"article\" \/>\n<meta property=\"og:title\" content=\"Prefeitura mobiliza Barretos em a\u00e7\u00e3o que marca o Dia Nacional de Combate ao Abuso e \u00e0 Explora\u00e7\u00e3o Sexual Contra Crian\u00e7as e Adolescentes - Regi\u00e3o News\" \/>\n<meta property=\"og:description\" content=\"&nbsp; Caminhada e atividades art\u00edsticas e culturais movimentaram a \u00e1rea\" \/>\n<meta property=\"og:url\" content=\"https:\/\/regiaonews.net.br\/2022\/2023\/05\/18\/prefeitura-mobiliza-barretos-em-acao-que-marca-o-dia-nacional-de-combate-ao-abuso-e-a-exploracao-sexual-contra-criancas-e-adolescentes\/\" \/>\n<meta property=\"og:site_name\" content=\"Regi\u00e3o News\" \/>\n<meta property=\"article:published_time\" content=\"2023-05-19T00:17:12+00:00\" \/>\n<meta property=\"article:modified_time\" content=\"2023-05-19T00:17:47+00:00\" \/>\n<meta property=\"og:image\" content=\"https:\/\/regiaonews.net.br\/2022\/wp-content\/uploads\/2023\/05\/WhatsApp-Image-2023-05-18-at-20.34.40.jpeg\" \/>\n\t<meta property=\"og:image:width\" content=\"1600\" \/>\n\t<meta property=\"og:image:height\" content=\"1068\" \/>\n\t<meta property=\"og:image:type\" content=\"image\/jpeg\" \/>\n<meta name=\"author\" content=\"Roberto\" \/>\n<meta name=\"twitter:card\" content=\"summary_large_image\" \/>\n<meta name=\"twitter:label1\" content=\"Escrito por\" \/>\n\t<meta name=\"twitter:data1\" content=\"Roberto\" \/>\n\t<meta name=\"twitter:label2\" content=\"Est. tempo de leitura\" \/>\n\t<meta name=\"twitter:data2\" content=\"5 minutos\" \/>\n<script type=\"application\/ld+json\" class=\"yoast-schema-graph\">{\"@context\":\"https:\\\/\\\/schema.org\",\"@graph\":[{\"@type\":\"Article\",\"@id\":\"https:\\\/\\\/regiaonews.net.br\\\/2022\\\/2023\\\/05\\\/18\\\/prefeitura-mobiliza-barretos-em-acao-que-marca-o-dia-nacional-de-combate-ao-abuso-e-a-exploracao-sexual-contra-criancas-e-adolescentes\\\/#article\",\"isPartOf\":{\"@id\":\"https:\\\/\\\/regiaonews.net.br\\\/2022\\\/2023\\\/05\\\/18\\\/prefeitura-mobiliza-barretos-em-acao-que-marca-o-dia-nacional-de-combate-ao-abuso-e-a-exploracao-sexual-contra-criancas-e-adolescentes\\\/\"},\"author\":{\"name\":\"Roberto\",\"@id\":\"https:\\\/\\\/regiaonews.net.br\\\/2022\\\/#\\\/schema\\\/person\\\/2d205a608a5aa97ac279d7a5e6d89ad8\"},\"headline\":\"Prefeitura mobiliza Barretos em a\u00e7\u00e3o que marca o Dia Nacional de Combate ao Abuso e \u00e0 Explora\u00e7\u00e3o Sexual Contra Crian\u00e7as e Adolescentes\",\"datePublished\":\"2023-05-19T00:17:12+00:00\",\"dateModified\":\"2023-05-19T00:17:47+00:00\",\"mainEntityOfPage\":{\"@id\":\"https:\\\/\\\/regiaonews.net.br\\\/2022\\\/2023\\\/05\\\/18\\\/prefeitura-mobiliza-barretos-em-acao-que-marca-o-dia-nacional-de-combate-ao-abuso-e-a-exploracao-sexual-contra-criancas-e-adolescentes\\\/\"},\"wordCount\":1006,\"commentCount\":0,\"publisher\":{\"@id\":\"https:\\\/\\\/regiaonews.net.br\\\/2022\\\/#organization\"},\"image\":{\"@id\":\"https:\\\/\\\/regiaonews.net.br\\\/2022\\\/2023\\\/05\\\/18\\\/prefeitura-mobiliza-barretos-em-acao-que-marca-o-dia-nacional-de-combate-ao-abuso-e-a-exploracao-sexual-contra-criancas-e-adolescentes\\\/#primaryimage\"},\"thumbnailUrl\":\"https:\\\/\\\/regiaonews.net.br\\\/2022\\\/wp-content\\\/uploads\\\/2023\\\/05\\\/WhatsApp-Image-2023-05-18-at-20.34.40.jpeg\",\"articleSection\":[\"Barretos\",\"Cidades\"],\"inLanguage\":\"pt-BR\",\"potentialAction\":[{\"@type\":\"CommentAction\",\"name\":\"Comment\",\"target\":[\"https:\\\/\\\/regiaonews.net.br\\\/2022\\\/2023\\\/05\\\/18\\\/prefeitura-mobiliza-barretos-em-acao-que-marca-o-dia-nacional-de-combate-ao-abuso-e-a-exploracao-sexual-contra-criancas-e-adolescentes\\\/#respond\"]}]},{\"@type\":\"WebPage\",\"@id\":\"https:\\\/\\\/regiaonews.net.br\\\/2022\\\/2023\\\/05\\\/18\\\/prefeitura-mobiliza-barretos-em-acao-que-marca-o-dia-nacional-de-combate-ao-abuso-e-a-exploracao-sexual-contra-criancas-e-adolescentes\\\/\",\"url\":\"https:\\\/\\\/regiaonews.net.br\\\/2022\\\/2023\\\/05\\\/18\\\/prefeitura-mobiliza-barretos-em-acao-que-marca-o-dia-nacional-de-combate-ao-abuso-e-a-exploracao-sexual-contra-criancas-e-adolescentes\\\/\",\"name\":\"Prefeitura mobiliza Barretos em a\u00e7\u00e3o que marca o Dia Nacional de Combate ao Abuso e \u00e0 Explora\u00e7\u00e3o Sexual Contra Crian\u00e7as e Adolescentes - Regi\u00e3o News\",\"isPartOf\":{\"@id\":\"https:\\\/\\\/regiaonews.net.br\\\/2022\\\/#website\"},\"primaryImageOfPage\":{\"@id\":\"https:\\\/\\\/regiaonews.net.br\\\/2022\\\/2023\\\/05\\\/18\\\/prefeitura-mobiliza-barretos-em-acao-que-marca-o-dia-nacional-de-combate-ao-abuso-e-a-exploracao-sexual-contra-criancas-e-adolescentes\\\/#primaryimage\"},\"image\":{\"@id\":\"https:\\\/\\\/regiaonews.net.br\\\/2022\\\/2023\\\/05\\\/18\\\/prefeitura-mobiliza-barretos-em-acao-que-marca-o-dia-nacional-de-combate-ao-abuso-e-a-exploracao-sexual-contra-criancas-e-adolescentes\\\/#primaryimage\"},\"thumbnailUrl\":\"https:\\\/\\\/regiaonews.net.br\\\/2022\\\/wp-content\\\/uploads\\\/2023\\\/05\\\/WhatsApp-Image-2023-05-18-at-20.34.40.jpeg\",\"datePublished\":\"2023-05-19T00:17:12+00:00\",\"dateModified\":\"2023-05-19T00:17:47+00:00\",\"breadcrumb\":{\"@id\":\"https:\\\/\\\/regiaonews.net.br\\\/2022\\\/2023\\\/05\\\/18\\\/prefeitura-mobiliza-barretos-em-acao-que-marca-o-dia-nacional-de-combate-ao-abuso-e-a-exploracao-sexual-contra-criancas-e-adolescentes\\\/#breadcrumb\"},\"inLanguage\":\"pt-BR\",\"potentialAction\":[{\"@type\":\"ReadAction\",\"target\":[\"https:\\\/\\\/regiaonews.net.br\\\/2022\\\/2023\\\/05\\\/18\\\/prefeitura-mobiliza-barretos-em-acao-que-marca-o-dia-nacional-de-combate-ao-abuso-e-a-exploracao-sexual-contra-criancas-e-adolescentes\\\/\"]}]},{\"@type\":\"ImageObject\",\"inLanguage\":\"pt-BR\",\"@id\":\"https:\\\/\\\/regiaonews.net.br\\\/2022\\\/2023\\\/05\\\/18\\\/prefeitura-mobiliza-barretos-em-acao-que-marca-o-dia-nacional-de-combate-ao-abuso-e-a-exploracao-sexual-contra-criancas-e-adolescentes\\\/#primaryimage\",\"url\":\"https:\\\/\\\/regiaonews.net.br\\\/2022\\\/wp-content\\\/uploads\\\/2023\\\/05\\\/WhatsApp-Image-2023-05-18-at-20.34.40.jpeg\",\"contentUrl\":\"https:\\\/\\\/regiaonews.net.br\\\/2022\\\/wp-content\\\/uploads\\\/2023\\\/05\\\/WhatsApp-Image-2023-05-18-at-20.34.40.jpeg\",\"width\":1600,\"height\":1068},{\"@type\":\"BreadcrumbList\",\"@id\":\"https:\\\/\\\/regiaonews.net.br\\\/2022\\\/2023\\\/05\\\/18\\\/prefeitura-mobiliza-barretos-em-acao-que-marca-o-dia-nacional-de-combate-ao-abuso-e-a-exploracao-sexual-contra-criancas-e-adolescentes\\\/#breadcrumb\",\"itemListElement\":[{\"@type\":\"ListItem\",\"position\":1,\"name\":\"In\u00edcio\",\"item\":\"https:\\\/\\\/regiaonews.net.br\\\/2022\\\/\"},{\"@type\":\"ListItem\",\"position\":2,\"name\":\"Prefeitura mobiliza Barretos em a\u00e7\u00e3o que marca o Dia Nacional de Combate ao Abuso e \u00e0 Explora\u00e7\u00e3o Sexual Contra Crian\u00e7as e Adolescentes\"}]},{\"@type\":\"WebSite\",\"@id\":\"https:\\\/\\\/regiaonews.net.br\\\/2022\\\/#website\",\"url\":\"https:\\\/\\\/regiaonews.net.br\\\/2022\\\/\",\"name\":\"Regi\u00e3o News\",\"description\":\"Site de Not\u00edcias de Barretos e regi\u00e3o\",\"publisher\":{\"@id\":\"https:\\\/\\\/regiaonews.net.br\\\/2022\\\/#organization\"},\"potentialAction\":[{\"@type\":\"SearchAction\",\"target\":{\"@type\":\"EntryPoint\",\"urlTemplate\":\"https:\\\/\\\/regiaonews.net.br\\\/2022\\\/?s={search_term_string}\"},\"query-input\":{\"@type\":\"PropertyValueSpecification\",\"valueRequired\":true,\"valueName\":\"search_term_string\"}}],\"inLanguage\":\"pt-BR\"},{\"@type\":\"Organization\",\"@id\":\"https:\\\/\\\/regiaonews.net.br\\\/2022\\\/#organization\",\"name\":\"Regi\u00e3o News\",\"url\":\"https:\\\/\\\/regiaonews.net.br\\\/2022\\\/\",\"logo\":{\"@type\":\"ImageObject\",\"inLanguage\":\"pt-BR\",\"@id\":\"https:\\\/\\\/regiaonews.net.br\\\/2022\\\/#\\\/schema\\\/logo\\\/image\\\/\",\"url\":\"https:\\\/\\\/regiaonews.net.br\\\/2022\\\/wp-content\\\/uploads\\\/2026\\\/03\\\/regiao-13-anos-scaled.jpg\",\"contentUrl\":\"https:\\\/\\\/regiaonews.net.br\\\/2022\\\/wp-content\\\/uploads\\\/2026\\\/03\\\/regiao-13-anos-scaled.jpg\",\"width\":2560,\"height\":635,\"caption\":\"Regi\u00e3o News\"},\"image\":{\"@id\":\"https:\\\/\\\/regiaonews.net.br\\\/2022\\\/#\\\/schema\\\/logo\\\/image\\\/\"}},{\"@type\":\"Person\",\"@id\":\"https:\\\/\\\/regiaonews.net.br\\\/2022\\\/#\\\/schema\\\/person\\\/2d205a608a5aa97ac279d7a5e6d89ad8\",\"name\":\"Roberto\",\"image\":{\"@type\":\"ImageObject\",\"inLanguage\":\"pt-BR\",\"@id\":\"https:\\\/\\\/secure.gravatar.com\\\/avatar\\\/42749d8b712ff9d59ca93dc150494e5b55a44134482993f5baeb97e61b7ecc89?s=96&d=mm&r=g\",\"url\":\"https:\\\/\\\/secure.gravatar.com\\\/avatar\\\/42749d8b712ff9d59ca93dc150494e5b55a44134482993f5baeb97e61b7ecc89?s=96&d=mm&r=g\",\"contentUrl\":\"https:\\\/\\\/secure.gravatar.com\\\/avatar\\\/42749d8b712ff9d59ca93dc150494e5b55a44134482993f5baeb97e61b7ecc89?s=96&d=mm&r=g\",\"caption\":\"Roberto\"},\"url\":\"https:\\\/\\\/regiaonews.net.br\\\/2022\\\/author\\\/roberto\\\/\"}]}<\/script>\n<!-- \/ Yoast SEO plugin. -->","yoast_head_json":{"title":"Prefeitura mobiliza Barretos em a\u00e7\u00e3o que marca o Dia Nacional de Combate ao Abuso e \u00e0 Explora\u00e7\u00e3o Sexual Contra Crian\u00e7as e Adolescentes - Regi\u00e3o News","robots":{"index":"index","follow":"follow","max-snippet":"max-snippet:-1","max-image-preview":"max-image-preview:large","max-video-preview":"max-video-preview:-1"},"canonical":"https:\/\/regiaonews.net.br\/2022\/2023\/05\/18\/prefeitura-mobiliza-barretos-em-acao-que-marca-o-dia-nacional-de-combate-ao-abuso-e-a-exploracao-sexual-contra-criancas-e-adolescentes\/","og_locale":"pt_BR","og_type":"article","og_title":"Prefeitura mobiliza Barretos em a\u00e7\u00e3o que marca o Dia Nacional de Combate ao Abuso e \u00e0 Explora\u00e7\u00e3o Sexual Contra Crian\u00e7as e Adolescentes - Regi\u00e3o News","og_description":"&nbsp; Caminhada e atividades art\u00edsticas e culturais movimentaram a \u00e1rea","og_url":"https:\/\/regiaonews.net.br\/2022\/2023\/05\/18\/prefeitura-mobiliza-barretos-em-acao-que-marca-o-dia-nacional-de-combate-ao-abuso-e-a-exploracao-sexual-contra-criancas-e-adolescentes\/","og_site_name":"Regi\u00e3o News","article_published_time":"2023-05-19T00:17:12+00:00","article_modified_time":"2023-05-19T00:17:47+00:00","og_image":[{"width":1600,"height":1068,"url":"https:\/\/regiaonews.net.br\/2022\/wp-content\/uploads\/2023\/05\/WhatsApp-Image-2023-05-18-at-20.34.40.jpeg","type":"image\/jpeg"}],"author":"Roberto","twitter_card":"summary_large_image","twitter_misc":{"Escrito por":"Roberto","Est. tempo de leitura":"5 minutos"},"schema":{"@context":"https:\/\/schema.org","@graph":[{"@type":"Article","@id":"https:\/\/regiaonews.net.br\/2022\/2023\/05\/18\/prefeitura-mobiliza-barretos-em-acao-que-marca-o-dia-nacional-de-combate-ao-abuso-e-a-exploracao-sexual-contra-criancas-e-adolescentes\/#article","isPartOf":{"@id":"https:\/\/regiaonews.net.br\/2022\/2023\/05\/18\/prefeitura-mobiliza-barretos-em-acao-que-marca-o-dia-nacional-de-combate-ao-abuso-e-a-exploracao-sexual-contra-criancas-e-adolescentes\/"},"author":{"name":"Roberto","@id":"https:\/\/regiaonews.net.br\/2022\/#\/schema\/person\/2d205a608a5aa97ac279d7a5e6d89ad8"},"headline":"Prefeitura mobiliza Barretos em a\u00e7\u00e3o que marca o Dia Nacional de Combate ao Abuso e \u00e0 Explora\u00e7\u00e3o Sexual Contra Crian\u00e7as e Adolescentes","datePublished":"2023-05-19T00:17:12+00:00","dateModified":"2023-05-19T00:17:47+00:00","mainEntityOfPage":{"@id":"https:\/\/regiaonews.net.br\/2022\/2023\/05\/18\/prefeitura-mobiliza-barretos-em-acao-que-marca-o-dia-nacional-de-combate-ao-abuso-e-a-exploracao-sexual-contra-criancas-e-adolescentes\/"},"wordCount":1006,"commentCount":0,"publisher":{"@id":"https:\/\/regiaonews.net.br\/2022\/#organization"},"image":{"@id":"https:\/\/regiaonews.net.br\/2022\/2023\/05\/18\/prefeitura-mobiliza-barretos-em-acao-que-marca-o-dia-nacional-de-combate-ao-abuso-e-a-exploracao-sexual-contra-criancas-e-adolescentes\/#primaryimage"},"thumbnailUrl":"https:\/\/regiaonews.net.br\/2022\/wp-content\/uploads\/2023\/05\/WhatsApp-Image-2023-05-18-at-20.34.40.jpeg","articleSection":["Barretos","Cidades"],"inLanguage":"pt-BR","potentialAction":[{"@type":"CommentAction","name":"Comment","target":["https:\/\/regiaonews.net.br\/2022\/2023\/05\/18\/prefeitura-mobiliza-barretos-em-acao-que-marca-o-dia-nacional-de-combate-ao-abuso-e-a-exploracao-sexual-contra-criancas-e-adolescentes\/#respond"]}]},{"@type":"WebPage","@id":"https:\/\/regiaonews.net.br\/2022\/2023\/05\/18\/prefeitura-mobiliza-barretos-em-acao-que-marca-o-dia-nacional-de-combate-ao-abuso-e-a-exploracao-sexual-contra-criancas-e-adolescentes\/","url":"https:\/\/regiaonews.net.br\/2022\/2023\/05\/18\/prefeitura-mobiliza-barretos-em-acao-que-marca-o-dia-nacional-de-combate-ao-abuso-e-a-exploracao-sexual-contra-criancas-e-adolescentes\/","name":"Prefeitura mobiliza Barretos em a\u00e7\u00e3o que marca o Dia Nacional de Combate ao Abuso e \u00e0 Explora\u00e7\u00e3o Sexual Contra Crian\u00e7as e Adolescentes - Regi\u00e3o News","isPartOf":{"@id":"https:\/\/regiaonews.net.br\/2022\/#website"},"primaryImageOfPage":{"@id":"https:\/\/regiaonews.net.br\/2022\/2023\/05\/18\/prefeitura-mobiliza-barretos-em-acao-que-marca-o-dia-nacional-de-combate-ao-abuso-e-a-exploracao-sexual-contra-criancas-e-adolescentes\/#primaryimage"},"image":{"@id":"https:\/\/regiaonews.net.br\/2022\/2023\/05\/18\/prefeitura-mobiliza-barretos-em-acao-que-marca-o-dia-nacional-de-combate-ao-abuso-e-a-exploracao-sexual-contra-criancas-e-adolescentes\/#primaryimage"},"thumbnailUrl":"https:\/\/regiaonews.net.br\/2022\/wp-content\/uploads\/2023\/05\/WhatsApp-Image-2023-05-18-at-20.34.40.jpeg","datePublished":"2023-05-19T00:17:12+00:00","dateModified":"2023-05-19T00:17:47+00:00","breadcrumb":{"@id":"https:\/\/regiaonews.net.br\/2022\/2023\/05\/18\/prefeitura-mobiliza-barretos-em-acao-que-marca-o-dia-nacional-de-combate-ao-abuso-e-a-exploracao-sexual-contra-criancas-e-adolescentes\/#breadcrumb"},"inLanguage":"pt-BR","potentialAction":[{"@type":"ReadAction","target":["https:\/\/regiaonews.net.br\/2022\/2023\/05\/18\/prefeitura-mobiliza-barretos-em-acao-que-marca-o-dia-nacional-de-combate-ao-abuso-e-a-exploracao-sexual-contra-criancas-e-adolescentes\/"]}]},{"@type":"ImageObject","inLanguage":"pt-BR","@id":"https:\/\/regiaonews.net.br\/2022\/2023\/05\/18\/prefeitura-mobiliza-barretos-em-acao-que-marca-o-dia-nacional-de-combate-ao-abuso-e-a-exploracao-sexual-contra-criancas-e-adolescentes\/#primaryimage","url":"https:\/\/regiaonews.net.br\/2022\/wp-content\/uploads\/2023\/05\/WhatsApp-Image-2023-05-18-at-20.34.40.jpeg","contentUrl":"https:\/\/regiaonews.net.br\/2022\/wp-content\/uploads\/2023\/05\/WhatsApp-Image-2023-05-18-at-20.34.40.jpeg","width":1600,"height":1068},{"@type":"BreadcrumbList","@id":"https:\/\/regiaonews.net.br\/2022\/2023\/05\/18\/prefeitura-mobiliza-barretos-em-acao-que-marca-o-dia-nacional-de-combate-ao-abuso-e-a-exploracao-sexual-contra-criancas-e-adolescentes\/#breadcrumb","itemListElement":[{"@type":"ListItem","position":1,"name":"In\u00edcio","item":"https:\/\/regiaonews.net.br\/2022\/"},{"@type":"ListItem","position":2,"name":"Prefeitura mobiliza Barretos em a\u00e7\u00e3o que marca o Dia Nacional de Combate ao Abuso e \u00e0 Explora\u00e7\u00e3o Sexual Contra Crian\u00e7as e Adolescentes"}]},{"@type":"WebSite","@id":"https:\/\/regiaonews.net.br\/2022\/#website","url":"https:\/\/regiaonews.net.br\/2022\/","name":"Regi\u00e3o News","description":"Site de Not\u00edcias de Barretos e regi\u00e3o","publisher":{"@id":"https:\/\/regiaonews.net.br\/2022\/#organization"},"potentialAction":[{"@type":"SearchAction","target":{"@type":"EntryPoint","urlTemplate":"https:\/\/regiaonews.net.br\/2022\/?s={search_term_string}"},"query-input":{"@type":"PropertyValueSpecification","valueRequired":true,"valueName":"search_term_string"}}],"inLanguage":"pt-BR"},{"@type":"Organization","@id":"https:\/\/regiaonews.net.br\/2022\/#organization","name":"Regi\u00e3o News","url":"https:\/\/regiaonews.net.br\/2022\/","logo":{"@type":"ImageObject","inLanguage":"pt-BR","@id":"https:\/\/regiaonews.net.br\/2022\/#\/schema\/logo\/image\/","url":"https:\/\/regiaonews.net.br\/2022\/wp-content\/uploads\/2026\/03\/regiao-13-anos-scaled.jpg","contentUrl":"https:\/\/regiaonews.net.br\/2022\/wp-content\/uploads\/2026\/03\/regiao-13-anos-scaled.jpg","width":2560,"height":635,"caption":"Regi\u00e3o News"},"image":{"@id":"https:\/\/regiaonews.net.br\/2022\/#\/schema\/logo\/image\/"}},{"@type":"Person","@id":"https:\/\/regiaonews.net.br\/2022\/#\/schema\/person\/2d205a608a5aa97ac279d7a5e6d89ad8","name":"Roberto","image":{"@type":"ImageObject","inLanguage":"pt-BR","@id":"https:\/\/secure.gravatar.com\/avatar\/42749d8b712ff9d59ca93dc150494e5b55a44134482993f5baeb97e61b7ecc89?s=96&d=mm&r=g","url":"https:\/\/secure.gravatar.com\/avatar\/42749d8b712ff9d59ca93dc150494e5b55a44134482993f5baeb97e61b7ecc89?s=96&d=mm&r=g","contentUrl":"https:\/\/secure.gravatar.com\/avatar\/42749d8b712ff9d59ca93dc150494e5b55a44134482993f5baeb97e61b7ecc89?s=96&d=mm&r=g","caption":"Roberto"},"url":"https:\/\/regiaonews.net.br\/2022\/author\/roberto\/"}]}},"publishpress_future_action":{"enabled":false,"date":"2026-05-03 07:42:04","action":"change-status","newStatus":"draft","terms":[],"taxonomy":"category","extraData":[]},"publishpress_future_workflow_manual_trigger":{"enabledWorkflows":[]},"_links":{"self":[{"href":"https:\/\/regiaonews.net.br\/2022\/wp-json\/wp\/v2\/posts\/88411","targetHints":{"allow":["GET"]}}],"collection":[{"href":"https:\/\/regiaonews.net.br\/2022\/wp-json\/wp\/v2\/posts"}],"about":[{"href":"https:\/\/regiaonews.net.br\/2022\/wp-json\/wp\/v2\/types\/post"}],"author":[{"embeddable":true,"href":"https:\/\/regiaonews.net.br\/2022\/wp-json\/wp\/v2\/users\/2"}],"replies":[{"embeddable":true,"href":"https:\/\/regiaonews.net.br\/2022\/wp-json\/wp\/v2\/comments?post=88411"}],"version-history":[{"count":2,"href":"https:\/\/regiaonews.net.br\/2022\/wp-json\/wp\/v2\/posts\/88411\/revisions"}],"predecessor-version":[{"id":88414,"href":"https:\/\/regiaonews.net.br\/2022\/wp-json\/wp\/v2\/posts\/88411\/revisions\/88414"}],"wp:featuredmedia":[{"embeddable":true,"href":"https:\/\/regiaonews.net.br\/2022\/wp-json\/wp\/v2\/media\/88412"}],"wp:attachment":[{"href":"https:\/\/regiaonews.net.br\/2022\/wp-json\/wp\/v2\/media?parent=88411"}],"wp:term":[{"taxonomy":"category","embeddable":true,"href":"https:\/\/regiaonews.net.br\/2022\/wp-json\/wp\/v2\/categories?post=88411"},{"taxonomy":"post_tag","embeddable":true,"href":"https:\/\/regiaonews.net.br\/2022\/wp-json\/wp\/v2\/tags?post=88411"}],"curies":[{"name":"wp","href":"https:\/\/api.w.org\/{rel}","templated":true}]}}