{"id":88405,"date":"2023-05-18T20:03:41","date_gmt":"2023-05-18T23:03:41","guid":{"rendered":"https:\/\/regiaonews.net.br\/2022\/?p=88405"},"modified":"2023-05-18T20:03:41","modified_gmt":"2023-05-18T23:03:41","slug":"prefeitura-entrega-revitalizacao-do-cemei-veridiana-da-silva-no-bairro-pimenta","status":"publish","type":"post","link":"https:\/\/regiaonews.net.br\/2022\/2023\/05\/18\/prefeitura-entrega-revitalizacao-do-cemei-veridiana-da-silva-no-bairro-pimenta\/","title":{"rendered":"Prefeitura entrega revitaliza\u00e7\u00e3o do Cemei Veridiana da Silva, no bairro Pimenta"},"content":{"rendered":"<h3 style=\"text-align: center;\">Unidade Escolar, que completa 40 anos em 2024, recebeu investimento de mais de R$1,7 milh\u00e3o e passou por obras de reforma e amplia\u00e7\u00e3o.<\/h3>\n<p>A prefeita da Est\u00e2ncia Tur\u00edstica de Barretos, Paula Lemos, entregou na tarde de quarta-feira, 17, as obras de reforma e amplia\u00e7\u00e3o do Centro Municipal de Educa\u00e7\u00e3o Infantil (Cemei) Veridiana da Silva \u201cDona Bilica\u201d, no bairro Pimenta.<br \/>\nA chefe do executivo agradeceu a presen\u00e7a da comunidade e autoridades e falou sobre a relev\u00e2ncia da patrona do Cemei. \u201cHoje, quando a gente entrega este espa\u00e7o, \u00e9 muito importante come\u00e7ar falando da patrona. Precisamos olhar nossas crian\u00e7as com o olhar que a Dona Bilica tinha para toda a nossa comunidade e ensinar este amor ao pr\u00f3ximo\u201d, disse.<br \/>\nPaula tamb\u00e9m falou dos desafios encontrados no in\u00edcio do mandato, como o endividamento da prefeitura, pandemia de Covid-19 e a enchente de 2022, destacando que eles n\u00e3o impediram os investimentos dedicados \u00e0 \u00e1rea da educa\u00e7\u00e3o. \u201cNossa cidade estava muito quebrada e abandonada, n\u00f3s estamos recapeando v\u00e1rios pontos da nossa cidade e nunca deixamos de olhar para as nossas crian\u00e7as. De modo especial para os espa\u00e7os f\u00edsicos onde elas passam praticamente o dia todo, que precisavam ter qualidade. A gente sabe da import\u00e2ncia da reconstru\u00e7\u00e3o e fizemos isso tamb\u00e9m com os Cemepes\u201d, contou. \u201cTrabalhamos manh\u00e3, tarde e noite para melhorar a vida de cada um de voc\u00eas e podem ter certeza que a gente vai lutar a cada dia para melhorar a vida de cada cidad\u00e3o, s\u00e3o 123 mil cidad\u00e3os e todos s\u00e3o importantes para n\u00f3s\u201d, completou.<br \/>\nCom um investimento de R$ 1.765.209,98, o Cemei foi totalmente revitalizado, com a constru\u00e7\u00e3o de tr\u00eas novas salas de aulas, tr\u00eas banheiros para funcion\u00e1rios e dois para alunos e um banheiro com acessibilidade, p\u00e1tio coberto com estrutura met\u00e1lica, lavanderia com despensa e banheiro, cozinha com despensa, sala dos professores, diretoria, secretaria e playground. O pr\u00e9dio tamb\u00e9m recebeu nova pintura, troca de janelas e portas, e melhorias nas redes el\u00e9trica e hidr\u00e1ulica, al\u00e9m de novos mobili\u00e1rios e lousas nas salas de aulas.<br \/>\nGra\u00e7a Lemos, secret\u00e1ria de Agricultura e Meio Ambiente, refor\u00e7ou a import\u00e2ncia da patrona para a comunidade. \u201cDona Bilica era uma pessoa aben\u00e7oada. Um anjo que viveu entre n\u00f3s\u201d, afirmou. A secret\u00e1ria tamb\u00e9m relembrou a hist\u00f3ria da diretora Rosin\u00ea Medeiros de Oliveira, h\u00e1 mais de 20 anos \u00e0 frente do Cemei. \u201cA Rosin\u00ea queria se aposentar e eu falei para ela aguentar mais um pouquinho, pois s\u00e3o 27 anos nesta casa educacional acolhendo os moradores dessa regi\u00e3o e ela merecia o que hoje voc\u00eas est\u00e3o entregando para ela. A nossa felicidade \u00e9 imensa ao ver este Cemei da forma que est\u00e1\u201d, disse.<br \/>\nA secret\u00e1ria de Educa\u00e7\u00e3o J\u00e9ssica Maria dos Santos agradeceu \u00e0 prefeita pela aten\u00e7\u00e3o dispensada ao setor educacional do munic\u00edpio. \u201cN\u00f3s temos a alegria e a honra de ter uma prefeita que coloca a educa\u00e7\u00e3o como prioridade no seu governo e isso faz toda diferen\u00e7a. Hoje a gente n\u00e3o entrega s\u00f3 uma reforma, mas sim uma escola nova, totalmente reconstru\u00edda e ampliada, porque nossos profissionais merecem, nossa comunidade merece. Nossas crian\u00e7as, com todos os ensinamentos dentro desta escola, com certeza ter\u00e3o um futuro cada vez melhor\u201d, afirmou.<br \/>\nKelen dos Santos Alves, m\u00e3e da aluna da pr\u00e9-escola Lav\u00ednia Evelyn, contou que a espera pela reforma valeu a pena e disse estar muito feliz com o atendimento que a filha de cinco anos recebe no Cemei. \u201cEst\u00e1 perfeita, valeu a pena esperar. Est\u00e1 lindo, super acolhedor\u201d. \u201cEu s\u00f3 tenho a agradecer. Ela est\u00e1 muito evolu\u00edda, escrevendo em letra cursiva, contando at\u00e9 50, 100, falando ingl\u00eas\u201d, completou Kelen.<br \/>\nHist\u00f3ria<br \/>\nO Cemei Veridiana da Silva \u201cDona Bilica\u201d atende 81 crian\u00e7as entre quatro meses e cinco anos, moradores do bairro Pimenta e adjac\u00eancias. A unidade conta com 35 funcion\u00e1rios, entre efetivos e contratados no Regime Jur\u00eddico Administrativo Especial (Rejaes).<br \/>\nEm funcionamento desde 14 de abril de 1984, centro de educa\u00e7\u00e3o leva o nome de \u201cDona Bilica\u201d, que nasceu em 1904 e veio para Barretos aos 16 anos de idade. Casou-se com Etelvino Leandro com quem teve uma \u00fanica filha, ambos falecidos. A miss\u00e3o de Dona Bilica era benzer, para isso utilizava o poder das m\u00e3os, plantas e da ora\u00e7\u00e3o. Jamais negou uma ben\u00e7\u00e3o a quem a procurasse e jamais cobrou um centavo por esta a\u00e7\u00e3o. Para manter sua fam\u00edlia, vendia xaropes, quitutes e trabalhava com lavadeira e passadeira, levando uma vida simples pautada pela religiosidade. Faleceu em 26 de junho de 1999.<br \/>\nAna L\u00facia Cust\u00f3dio, neta da patrona da unidade, falou do trabalho e for\u00e7a de Dona Bilica. \u201cEu estou muito emocionada de estar aqui neste momento\u201d. Ela parabenizou a diretora e a equipe do Cemei pela reforma e, ao final de sua fala, pediu a todos uma grande salva de palmas em mem\u00f3ria da av\u00f3.<br \/>\nAutoridades presentes<br \/>\nParticiparam da solenidade a presidente do Fundo Social de Solidariedade, Let\u00edcia Oliveira Lemos; os secret\u00e1rios municipais de Obras e Servi\u00e7os Urbanos, Pl\u00e1cido Martins J\u00fanior; de Planejamento e Desenvolvimento, Carlos Henrique Gon\u00e7alves L\u00facio; o vereador Nestor Leonel; o Pe. Padre Francisco Henrique da Silva, Vig\u00e1rio da Par\u00f3quia Bom Jesus; Andr\u00e9 Ribeiro de Mendon\u00e7a, Presidente do Conselho de Pastores de Barretos; o Sheikh Mohanad Al Hussein, da Mesquita Mul\u00e7umana de Barretos; Eduardo Croys Felthes, Diretor da USE &#8211; Intermunicipal Barretos; al\u00e9m de representantes da SME, da equipe escolar do Cemei e familiares da patrona Veridiana da Silva \u201cDona Bilica\u201d.<\/p>\n<p>Reda\u00e7\u00e3o: Assessoria de Imprensa<br \/>\nFotos:\u00a0Andr\u00e9\u00a0Monteiro<\/p>\n","protected":false},"excerpt":{"rendered":"<p>Unidade Escolar, que completa 40 anos em 2024, recebeu investimento<\/p>\n","protected":false},"author":2,"featured_media":88408,"comment_status":"open","ping_status":"open","sticky":false,"template":"","format":"standard","meta":{"footnotes":""},"categories":[14,3],"tags":[],"class_list":["post-88405","post","type-post","status-publish","format-standard","has-post-thumbnail","hentry","category-barretos","category-geral"],"yoast_head":"<!-- This site is optimized with the Yoast SEO plugin v27.4 - https:\/\/yoast.com\/product\/yoast-seo-wordpress\/ -->\n<title>Prefeitura entrega revitaliza\u00e7\u00e3o do Cemei Veridiana da Silva, no bairro Pimenta - Regi\u00e3o News<\/title>\n<meta name=\"robots\" content=\"index, follow, max-snippet:-1, max-image-preview:large, max-video-preview:-1\" \/>\n<link rel=\"canonical\" href=\"https:\/\/regiaonews.net.br\/2022\/2023\/05\/18\/prefeitura-entrega-revitalizacao-do-cemei-veridiana-da-silva-no-bairro-pimenta\/\" \/>\n<meta property=\"og:locale\" content=\"pt_BR\" \/>\n<meta property=\"og:type\" content=\"article\" \/>\n<meta property=\"og:title\" content=\"Prefeitura entrega revitaliza\u00e7\u00e3o do Cemei Veridiana da Silva, no bairro Pimenta - Regi\u00e3o News\" \/>\n<meta property=\"og:description\" content=\"Unidade Escolar, que completa 40 anos em 2024, recebeu investimento\" \/>\n<meta property=\"og:url\" content=\"https:\/\/regiaonews.net.br\/2022\/2023\/05\/18\/prefeitura-entrega-revitalizacao-do-cemei-veridiana-da-silva-no-bairro-pimenta\/\" \/>\n<meta property=\"og:site_name\" content=\"Regi\u00e3o News\" \/>\n<meta property=\"article:published_time\" content=\"2023-05-18T23:03:41+00:00\" \/>\n<meta property=\"og:image\" content=\"https:\/\/regiaonews.net.br\/2022\/wp-content\/uploads\/2023\/05\/Imagem-do-WhatsApp-de-2023-05-18-as-16.46.06.jpg\" \/>\n\t<meta property=\"og:image:width\" content=\"1600\" \/>\n\t<meta property=\"og:image:height\" content=\"1068\" \/>\n\t<meta property=\"og:image:type\" content=\"image\/jpeg\" \/>\n<meta name=\"author\" content=\"Roberto\" \/>\n<meta name=\"twitter:card\" content=\"summary_large_image\" \/>\n<meta name=\"twitter:label1\" content=\"Escrito por\" \/>\n\t<meta name=\"twitter:data1\" content=\"Roberto\" \/>\n\t<meta name=\"twitter:label2\" content=\"Est. tempo de leitura\" \/>\n\t<meta name=\"twitter:data2\" content=\"5 minutos\" \/>\n<script type=\"application\/ld+json\" class=\"yoast-schema-graph\">{\"@context\":\"https:\\\/\\\/schema.org\",\"@graph\":[{\"@type\":\"Article\",\"@id\":\"https:\\\/\\\/regiaonews.net.br\\\/2022\\\/2023\\\/05\\\/18\\\/prefeitura-entrega-revitalizacao-do-cemei-veridiana-da-silva-no-bairro-pimenta\\\/#article\",\"isPartOf\":{\"@id\":\"https:\\\/\\\/regiaonews.net.br\\\/2022\\\/2023\\\/05\\\/18\\\/prefeitura-entrega-revitalizacao-do-cemei-veridiana-da-silva-no-bairro-pimenta\\\/\"},\"author\":{\"name\":\"Roberto\",\"@id\":\"https:\\\/\\\/regiaonews.net.br\\\/2022\\\/#\\\/schema\\\/person\\\/2d205a608a5aa97ac279d7a5e6d89ad8\"},\"headline\":\"Prefeitura entrega revitaliza\u00e7\u00e3o do Cemei Veridiana da Silva, no bairro Pimenta\",\"datePublished\":\"2023-05-18T23:03:41+00:00\",\"mainEntityOfPage\":{\"@id\":\"https:\\\/\\\/regiaonews.net.br\\\/2022\\\/2023\\\/05\\\/18\\\/prefeitura-entrega-revitalizacao-do-cemei-veridiana-da-silva-no-bairro-pimenta\\\/\"},\"wordCount\":981,\"commentCount\":0,\"publisher\":{\"@id\":\"https:\\\/\\\/regiaonews.net.br\\\/2022\\\/#organization\"},\"image\":{\"@id\":\"https:\\\/\\\/regiaonews.net.br\\\/2022\\\/2023\\\/05\\\/18\\\/prefeitura-entrega-revitalizacao-do-cemei-veridiana-da-silva-no-bairro-pimenta\\\/#primaryimage\"},\"thumbnailUrl\":\"https:\\\/\\\/regiaonews.net.br\\\/2022\\\/wp-content\\\/uploads\\\/2023\\\/05\\\/Imagem-do-WhatsApp-de-2023-05-18-as-16.46.06.jpg\",\"articleSection\":[\"Barretos\",\"Geral\"],\"inLanguage\":\"pt-BR\",\"potentialAction\":[{\"@type\":\"CommentAction\",\"name\":\"Comment\",\"target\":[\"https:\\\/\\\/regiaonews.net.br\\\/2022\\\/2023\\\/05\\\/18\\\/prefeitura-entrega-revitalizacao-do-cemei-veridiana-da-silva-no-bairro-pimenta\\\/#respond\"]}]},{\"@type\":\"WebPage\",\"@id\":\"https:\\\/\\\/regiaonews.net.br\\\/2022\\\/2023\\\/05\\\/18\\\/prefeitura-entrega-revitalizacao-do-cemei-veridiana-da-silva-no-bairro-pimenta\\\/\",\"url\":\"https:\\\/\\\/regiaonews.net.br\\\/2022\\\/2023\\\/05\\\/18\\\/prefeitura-entrega-revitalizacao-do-cemei-veridiana-da-silva-no-bairro-pimenta\\\/\",\"name\":\"Prefeitura entrega revitaliza\u00e7\u00e3o do Cemei Veridiana da Silva, no bairro Pimenta - Regi\u00e3o News\",\"isPartOf\":{\"@id\":\"https:\\\/\\\/regiaonews.net.br\\\/2022\\\/#website\"},\"primaryImageOfPage\":{\"@id\":\"https:\\\/\\\/regiaonews.net.br\\\/2022\\\/2023\\\/05\\\/18\\\/prefeitura-entrega-revitalizacao-do-cemei-veridiana-da-silva-no-bairro-pimenta\\\/#primaryimage\"},\"image\":{\"@id\":\"https:\\\/\\\/regiaonews.net.br\\\/2022\\\/2023\\\/05\\\/18\\\/prefeitura-entrega-revitalizacao-do-cemei-veridiana-da-silva-no-bairro-pimenta\\\/#primaryimage\"},\"thumbnailUrl\":\"https:\\\/\\\/regiaonews.net.br\\\/2022\\\/wp-content\\\/uploads\\\/2023\\\/05\\\/Imagem-do-WhatsApp-de-2023-05-18-as-16.46.06.jpg\",\"datePublished\":\"2023-05-18T23:03:41+00:00\",\"breadcrumb\":{\"@id\":\"https:\\\/\\\/regiaonews.net.br\\\/2022\\\/2023\\\/05\\\/18\\\/prefeitura-entrega-revitalizacao-do-cemei-veridiana-da-silva-no-bairro-pimenta\\\/#breadcrumb\"},\"inLanguage\":\"pt-BR\",\"potentialAction\":[{\"@type\":\"ReadAction\",\"target\":[\"https:\\\/\\\/regiaonews.net.br\\\/2022\\\/2023\\\/05\\\/18\\\/prefeitura-entrega-revitalizacao-do-cemei-veridiana-da-silva-no-bairro-pimenta\\\/\"]}]},{\"@type\":\"ImageObject\",\"inLanguage\":\"pt-BR\",\"@id\":\"https:\\\/\\\/regiaonews.net.br\\\/2022\\\/2023\\\/05\\\/18\\\/prefeitura-entrega-revitalizacao-do-cemei-veridiana-da-silva-no-bairro-pimenta\\\/#primaryimage\",\"url\":\"https:\\\/\\\/regiaonews.net.br\\\/2022\\\/wp-content\\\/uploads\\\/2023\\\/05\\\/Imagem-do-WhatsApp-de-2023-05-18-as-16.46.06.jpg\",\"contentUrl\":\"https:\\\/\\\/regiaonews.net.br\\\/2022\\\/wp-content\\\/uploads\\\/2023\\\/05\\\/Imagem-do-WhatsApp-de-2023-05-18-as-16.46.06.jpg\",\"width\":1600,\"height\":1068},{\"@type\":\"BreadcrumbList\",\"@id\":\"https:\\\/\\\/regiaonews.net.br\\\/2022\\\/2023\\\/05\\\/18\\\/prefeitura-entrega-revitalizacao-do-cemei-veridiana-da-silva-no-bairro-pimenta\\\/#breadcrumb\",\"itemListElement\":[{\"@type\":\"ListItem\",\"position\":1,\"name\":\"In\u00edcio\",\"item\":\"https:\\\/\\\/regiaonews.net.br\\\/2022\\\/\"},{\"@type\":\"ListItem\",\"position\":2,\"name\":\"Prefeitura entrega revitaliza\u00e7\u00e3o do Cemei Veridiana da Silva, no bairro Pimenta\"}]},{\"@type\":\"WebSite\",\"@id\":\"https:\\\/\\\/regiaonews.net.br\\\/2022\\\/#website\",\"url\":\"https:\\\/\\\/regiaonews.net.br\\\/2022\\\/\",\"name\":\"Regi\u00e3o News\",\"description\":\"Site de Not\u00edcias de Barretos e regi\u00e3o\",\"publisher\":{\"@id\":\"https:\\\/\\\/regiaonews.net.br\\\/2022\\\/#organization\"},\"potentialAction\":[{\"@type\":\"SearchAction\",\"target\":{\"@type\":\"EntryPoint\",\"urlTemplate\":\"https:\\\/\\\/regiaonews.net.br\\\/2022\\\/?s={search_term_string}\"},\"query-input\":{\"@type\":\"PropertyValueSpecification\",\"valueRequired\":true,\"valueName\":\"search_term_string\"}}],\"inLanguage\":\"pt-BR\"},{\"@type\":\"Organization\",\"@id\":\"https:\\\/\\\/regiaonews.net.br\\\/2022\\\/#organization\",\"name\":\"Regi\u00e3o News\",\"url\":\"https:\\\/\\\/regiaonews.net.br\\\/2022\\\/\",\"logo\":{\"@type\":\"ImageObject\",\"inLanguage\":\"pt-BR\",\"@id\":\"https:\\\/\\\/regiaonews.net.br\\\/2022\\\/#\\\/schema\\\/logo\\\/image\\\/\",\"url\":\"https:\\\/\\\/regiaonews.net.br\\\/2022\\\/wp-content\\\/uploads\\\/2026\\\/03\\\/regiao-13-anos-scaled.jpg\",\"contentUrl\":\"https:\\\/\\\/regiaonews.net.br\\\/2022\\\/wp-content\\\/uploads\\\/2026\\\/03\\\/regiao-13-anos-scaled.jpg\",\"width\":2560,\"height\":635,\"caption\":\"Regi\u00e3o News\"},\"image\":{\"@id\":\"https:\\\/\\\/regiaonews.net.br\\\/2022\\\/#\\\/schema\\\/logo\\\/image\\\/\"}},{\"@type\":\"Person\",\"@id\":\"https:\\\/\\\/regiaonews.net.br\\\/2022\\\/#\\\/schema\\\/person\\\/2d205a608a5aa97ac279d7a5e6d89ad8\",\"name\":\"Roberto\",\"image\":{\"@type\":\"ImageObject\",\"inLanguage\":\"pt-BR\",\"@id\":\"https:\\\/\\\/secure.gravatar.com\\\/avatar\\\/42749d8b712ff9d59ca93dc150494e5b55a44134482993f5baeb97e61b7ecc89?s=96&d=mm&r=g\",\"url\":\"https:\\\/\\\/secure.gravatar.com\\\/avatar\\\/42749d8b712ff9d59ca93dc150494e5b55a44134482993f5baeb97e61b7ecc89?s=96&d=mm&r=g\",\"contentUrl\":\"https:\\\/\\\/secure.gravatar.com\\\/avatar\\\/42749d8b712ff9d59ca93dc150494e5b55a44134482993f5baeb97e61b7ecc89?s=96&d=mm&r=g\",\"caption\":\"Roberto\"},\"url\":\"https:\\\/\\\/regiaonews.net.br\\\/2022\\\/author\\\/roberto\\\/\"}]}<\/script>\n<!-- \/ Yoast SEO plugin. -->","yoast_head_json":{"title":"Prefeitura entrega revitaliza\u00e7\u00e3o do Cemei Veridiana da Silva, no bairro Pimenta - Regi\u00e3o News","robots":{"index":"index","follow":"follow","max-snippet":"max-snippet:-1","max-image-preview":"max-image-preview:large","max-video-preview":"max-video-preview:-1"},"canonical":"https:\/\/regiaonews.net.br\/2022\/2023\/05\/18\/prefeitura-entrega-revitalizacao-do-cemei-veridiana-da-silva-no-bairro-pimenta\/","og_locale":"pt_BR","og_type":"article","og_title":"Prefeitura entrega revitaliza\u00e7\u00e3o do Cemei Veridiana da Silva, no bairro Pimenta - Regi\u00e3o News","og_description":"Unidade Escolar, que completa 40 anos em 2024, recebeu investimento","og_url":"https:\/\/regiaonews.net.br\/2022\/2023\/05\/18\/prefeitura-entrega-revitalizacao-do-cemei-veridiana-da-silva-no-bairro-pimenta\/","og_site_name":"Regi\u00e3o News","article_published_time":"2023-05-18T23:03:41+00:00","og_image":[{"width":1600,"height":1068,"url":"https:\/\/regiaonews.net.br\/2022\/wp-content\/uploads\/2023\/05\/Imagem-do-WhatsApp-de-2023-05-18-as-16.46.06.jpg","type":"image\/jpeg"}],"author":"Roberto","twitter_card":"summary_large_image","twitter_misc":{"Escrito por":"Roberto","Est. tempo de leitura":"5 minutos"},"schema":{"@context":"https:\/\/schema.org","@graph":[{"@type":"Article","@id":"https:\/\/regiaonews.net.br\/2022\/2023\/05\/18\/prefeitura-entrega-revitalizacao-do-cemei-veridiana-da-silva-no-bairro-pimenta\/#article","isPartOf":{"@id":"https:\/\/regiaonews.net.br\/2022\/2023\/05\/18\/prefeitura-entrega-revitalizacao-do-cemei-veridiana-da-silva-no-bairro-pimenta\/"},"author":{"name":"Roberto","@id":"https:\/\/regiaonews.net.br\/2022\/#\/schema\/person\/2d205a608a5aa97ac279d7a5e6d89ad8"},"headline":"Prefeitura entrega revitaliza\u00e7\u00e3o do Cemei Veridiana da Silva, no bairro Pimenta","datePublished":"2023-05-18T23:03:41+00:00","mainEntityOfPage":{"@id":"https:\/\/regiaonews.net.br\/2022\/2023\/05\/18\/prefeitura-entrega-revitalizacao-do-cemei-veridiana-da-silva-no-bairro-pimenta\/"},"wordCount":981,"commentCount":0,"publisher":{"@id":"https:\/\/regiaonews.net.br\/2022\/#organization"},"image":{"@id":"https:\/\/regiaonews.net.br\/2022\/2023\/05\/18\/prefeitura-entrega-revitalizacao-do-cemei-veridiana-da-silva-no-bairro-pimenta\/#primaryimage"},"thumbnailUrl":"https:\/\/regiaonews.net.br\/2022\/wp-content\/uploads\/2023\/05\/Imagem-do-WhatsApp-de-2023-05-18-as-16.46.06.jpg","articleSection":["Barretos","Geral"],"inLanguage":"pt-BR","potentialAction":[{"@type":"CommentAction","name":"Comment","target":["https:\/\/regiaonews.net.br\/2022\/2023\/05\/18\/prefeitura-entrega-revitalizacao-do-cemei-veridiana-da-silva-no-bairro-pimenta\/#respond"]}]},{"@type":"WebPage","@id":"https:\/\/regiaonews.net.br\/2022\/2023\/05\/18\/prefeitura-entrega-revitalizacao-do-cemei-veridiana-da-silva-no-bairro-pimenta\/","url":"https:\/\/regiaonews.net.br\/2022\/2023\/05\/18\/prefeitura-entrega-revitalizacao-do-cemei-veridiana-da-silva-no-bairro-pimenta\/","name":"Prefeitura entrega revitaliza\u00e7\u00e3o do Cemei Veridiana da Silva, no bairro Pimenta - Regi\u00e3o News","isPartOf":{"@id":"https:\/\/regiaonews.net.br\/2022\/#website"},"primaryImageOfPage":{"@id":"https:\/\/regiaonews.net.br\/2022\/2023\/05\/18\/prefeitura-entrega-revitalizacao-do-cemei-veridiana-da-silva-no-bairro-pimenta\/#primaryimage"},"image":{"@id":"https:\/\/regiaonews.net.br\/2022\/2023\/05\/18\/prefeitura-entrega-revitalizacao-do-cemei-veridiana-da-silva-no-bairro-pimenta\/#primaryimage"},"thumbnailUrl":"https:\/\/regiaonews.net.br\/2022\/wp-content\/uploads\/2023\/05\/Imagem-do-WhatsApp-de-2023-05-18-as-16.46.06.jpg","datePublished":"2023-05-18T23:03:41+00:00","breadcrumb":{"@id":"https:\/\/regiaonews.net.br\/2022\/2023\/05\/18\/prefeitura-entrega-revitalizacao-do-cemei-veridiana-da-silva-no-bairro-pimenta\/#breadcrumb"},"inLanguage":"pt-BR","potentialAction":[{"@type":"ReadAction","target":["https:\/\/regiaonews.net.br\/2022\/2023\/05\/18\/prefeitura-entrega-revitalizacao-do-cemei-veridiana-da-silva-no-bairro-pimenta\/"]}]},{"@type":"ImageObject","inLanguage":"pt-BR","@id":"https:\/\/regiaonews.net.br\/2022\/2023\/05\/18\/prefeitura-entrega-revitalizacao-do-cemei-veridiana-da-silva-no-bairro-pimenta\/#primaryimage","url":"https:\/\/regiaonews.net.br\/2022\/wp-content\/uploads\/2023\/05\/Imagem-do-WhatsApp-de-2023-05-18-as-16.46.06.jpg","contentUrl":"https:\/\/regiaonews.net.br\/2022\/wp-content\/uploads\/2023\/05\/Imagem-do-WhatsApp-de-2023-05-18-as-16.46.06.jpg","width":1600,"height":1068},{"@type":"BreadcrumbList","@id":"https:\/\/regiaonews.net.br\/2022\/2023\/05\/18\/prefeitura-entrega-revitalizacao-do-cemei-veridiana-da-silva-no-bairro-pimenta\/#breadcrumb","itemListElement":[{"@type":"ListItem","position":1,"name":"In\u00edcio","item":"https:\/\/regiaonews.net.br\/2022\/"},{"@type":"ListItem","position":2,"name":"Prefeitura entrega revitaliza\u00e7\u00e3o do Cemei Veridiana da Silva, no bairro Pimenta"}]},{"@type":"WebSite","@id":"https:\/\/regiaonews.net.br\/2022\/#website","url":"https:\/\/regiaonews.net.br\/2022\/","name":"Regi\u00e3o News","description":"Site de Not\u00edcias de Barretos e regi\u00e3o","publisher":{"@id":"https:\/\/regiaonews.net.br\/2022\/#organization"},"potentialAction":[{"@type":"SearchAction","target":{"@type":"EntryPoint","urlTemplate":"https:\/\/regiaonews.net.br\/2022\/?s={search_term_string}"},"query-input":{"@type":"PropertyValueSpecification","valueRequired":true,"valueName":"search_term_string"}}],"inLanguage":"pt-BR"},{"@type":"Organization","@id":"https:\/\/regiaonews.net.br\/2022\/#organization","name":"Regi\u00e3o News","url":"https:\/\/regiaonews.net.br\/2022\/","logo":{"@type":"ImageObject","inLanguage":"pt-BR","@id":"https:\/\/regiaonews.net.br\/2022\/#\/schema\/logo\/image\/","url":"https:\/\/regiaonews.net.br\/2022\/wp-content\/uploads\/2026\/03\/regiao-13-anos-scaled.jpg","contentUrl":"https:\/\/regiaonews.net.br\/2022\/wp-content\/uploads\/2026\/03\/regiao-13-anos-scaled.jpg","width":2560,"height":635,"caption":"Regi\u00e3o News"},"image":{"@id":"https:\/\/regiaonews.net.br\/2022\/#\/schema\/logo\/image\/"}},{"@type":"Person","@id":"https:\/\/regiaonews.net.br\/2022\/#\/schema\/person\/2d205a608a5aa97ac279d7a5e6d89ad8","name":"Roberto","image":{"@type":"ImageObject","inLanguage":"pt-BR","@id":"https:\/\/secure.gravatar.com\/avatar\/42749d8b712ff9d59ca93dc150494e5b55a44134482993f5baeb97e61b7ecc89?s=96&d=mm&r=g","url":"https:\/\/secure.gravatar.com\/avatar\/42749d8b712ff9d59ca93dc150494e5b55a44134482993f5baeb97e61b7ecc89?s=96&d=mm&r=g","contentUrl":"https:\/\/secure.gravatar.com\/avatar\/42749d8b712ff9d59ca93dc150494e5b55a44134482993f5baeb97e61b7ecc89?s=96&d=mm&r=g","caption":"Roberto"},"url":"https:\/\/regiaonews.net.br\/2022\/author\/roberto\/"}]}},"publishpress_future_action":{"enabled":false,"date":"2026-05-03 10:52:51","action":"change-status","newStatus":"draft","terms":[],"taxonomy":"category","extraData":[]},"publishpress_future_workflow_manual_trigger":{"enabledWorkflows":[]},"_links":{"self":[{"href":"https:\/\/regiaonews.net.br\/2022\/wp-json\/wp\/v2\/posts\/88405","targetHints":{"allow":["GET"]}}],"collection":[{"href":"https:\/\/regiaonews.net.br\/2022\/wp-json\/wp\/v2\/posts"}],"about":[{"href":"https:\/\/regiaonews.net.br\/2022\/wp-json\/wp\/v2\/types\/post"}],"author":[{"embeddable":true,"href":"https:\/\/regiaonews.net.br\/2022\/wp-json\/wp\/v2\/users\/2"}],"replies":[{"embeddable":true,"href":"https:\/\/regiaonews.net.br\/2022\/wp-json\/wp\/v2\/comments?post=88405"}],"version-history":[{"count":1,"href":"https:\/\/regiaonews.net.br\/2022\/wp-json\/wp\/v2\/posts\/88405\/revisions"}],"predecessor-version":[{"id":88409,"href":"https:\/\/regiaonews.net.br\/2022\/wp-json\/wp\/v2\/posts\/88405\/revisions\/88409"}],"wp:featuredmedia":[{"embeddable":true,"href":"https:\/\/regiaonews.net.br\/2022\/wp-json\/wp\/v2\/media\/88408"}],"wp:attachment":[{"href":"https:\/\/regiaonews.net.br\/2022\/wp-json\/wp\/v2\/media?parent=88405"}],"wp:term":[{"taxonomy":"category","embeddable":true,"href":"https:\/\/regiaonews.net.br\/2022\/wp-json\/wp\/v2\/categories?post=88405"},{"taxonomy":"post_tag","embeddable":true,"href":"https:\/\/regiaonews.net.br\/2022\/wp-json\/wp\/v2\/tags?post=88405"}],"curies":[{"name":"wp","href":"https:\/\/api.w.org\/{rel}","templated":true}]}}