{"id":88394,"date":"2023-05-18T16:30:03","date_gmt":"2023-05-18T19:30:03","guid":{"rendered":"https:\/\/regiaonews.net.br\/2022\/?p=88394"},"modified":"2023-05-18T16:30:03","modified_gmt":"2023-05-18T19:30:03","slug":"prefeitura-mobiliza-secretarias-e-acolhe-homem-idoso-que-teve-a-casa-incendiada-e-passa-a-ser-assistido-pelo-programa-vida-longa","status":"publish","type":"post","link":"https:\/\/regiaonews.net.br\/2022\/2023\/05\/18\/prefeitura-mobiliza-secretarias-e-acolhe-homem-idoso-que-teve-a-casa-incendiada-e-passa-a-ser-assistido-pelo-programa-vida-longa\/","title":{"rendered":"Prefeitura mobiliza secretarias e acolhe homem idoso que teve a casa incendiada e passa a ser assistido pelo Programa Vida Longa"},"content":{"rendered":"<h3 style=\"text-align: center;\">A\u00e7\u00e3o envolveu as secretarias de Defesa Civil e Assist\u00eancia Social, FSS, al\u00e9m do atendimento prestado pelo Corpo de Bombeiros e Pol\u00edcia Militar.<\/h3>\n<p>Um homem idoso foi acolhido pela Prefeitura da Est\u00e2ncia Tur\u00edstica de Barretos, por meio da Secretaria Municipal de Assist\u00eancia Social e Desenvolvimento Humano, em uma das 28 moradias do Programa Vida Longa. O acolhimento ocorreu a partir de uma a\u00e7\u00e3o integrada que envolveu tamb\u00e9m a Secretaria Municipal de Defesa Civil e o Fundo Social de Solidariedade, al\u00e9m do Corpo de Bombeiros e a Pol\u00edcia Militar.<br \/>\nNo in\u00edcio da madrugada de segunda-feira, 15, a casa em que o homem de 73 anos residia na Avenida 9 no centro sofreu inc\u00eandio. O Corpo de Bombeiros foi chamado para conter as chamas e a Pol\u00edcia Militar isolou a \u00e1rea. Seguindo o protocolo estabelecido na cidade, a Defesa Civil foi acionada para avaliar a necessidade de interdi\u00e7\u00e3o do im\u00f3vel. \u201cNeste caso, a Defesa Civil identificou risco e ele n\u00e3o pode continuar na casa, uma vez que grande parte do im\u00f3vel foi comprometida. Foi ent\u00e3o indicada a retirada dele\u201d, afirma o coordenador municipal da Defesa Civil, Ricardo Maia.<br \/>\nDiante da situa\u00e7\u00e3o, a Defesa Civil fez contato com a Secretaria Municipal de Obras e um engenheiro civil foi ao local a fim de emitir um laudo sobre a situa\u00e7\u00e3o da casa. Na a\u00e7\u00e3o integrada promovida pela Prefeitura entre as pastas para prestar o atendimento necess\u00e1rio ao mun\u00edcipe foram chamados tamb\u00e9m o Fundo Social de Solidariedade, que destinou uma cesta b\u00e1sica, e a Assist\u00eancia Social.<br \/>\nAcolhimento imediato<br \/>\nAna L\u00edvia Musa, gerente de Prote\u00e7\u00e3o Especial da Secretaria Municipal de Assist\u00eancia Social e Desenvolvimento Humano, explicou que foi poss\u00edvel providenciar rapidamente um direcionamento para ele. &#8220;Felizmente, havia uma vaga aberta no Vida Longa neste momento e esse homem idoso atende os crit\u00e9rios para morar no condom\u00ednio. Diante desse agravo da casa em que ele vivia ficar condenada em fun\u00e7\u00e3o do inc\u00eandio, a Assist\u00eancia Social se inseriu nesse trabalho em conjunto com outros servi\u00e7os municipais e providenciamos o acolhimento imediato dele no Vida Longa&#8221;, ressaltou.<br \/>\nPessoas envolvidas na a\u00e7\u00e3o, como os membros da Defesa Civil, solidarizaram-se com a situa\u00e7\u00e3o e, unidos, realizaram a doa\u00e7\u00e3o de enxoval para o homem levar para sua nova moradia.<\/p>\n<p>Programa Vida Longa<\/p>\n<p>Localizado no bairro Novo Jockey, o Conjunto Habitacional Eurides Garcia Garcia faz parte de um projeto do Estado de S\u00e3o Paulo que entregou no ano passado as 28 moradias que agora s\u00e3o mantidas pela Prefeitura, por meio de contrato com o Instituto O Amor. No local, moram 28 idosos independentes, em situa\u00e7\u00e3o de vulnerabilidade social ou com v\u00ednculos rompidos ou fragilizados com suas fam\u00edlias, que t\u00eam renda de at\u00e9 dois sal\u00e1rios m\u00ednimos.<br \/>\nAs resid\u00eancias possuem quarto, banheiro e cozinha, e s\u00e3o entregues equipadas com geladeira, fog\u00e3o, arm\u00e1rio e cama. O local tamb\u00e9m conta com \u00e1rea de conviv\u00eancia, churrasqueira, academia ao ar livre, lavanderia e horta.<br \/>\nLogo que o Vida Longa foi inaugurado em 2022, as 28 moradias passaram a ser ocupadas por pessoas idosas. Desde ent\u00e3o, por circunst\u00e2ncias distintas, j\u00e1 abriram quatro vagas e, t\u00e3o logo isso ocorre, a Assist\u00eancia realiza entrevistas e concede a moradia para outra pessoa idosa da Est\u00e2ncia Tur\u00edstica de Barretos que tamb\u00e9m atenda aos crit\u00e9rios do programa. Agora todas est\u00e3o preenchidas novamente.<\/p>\n<p>Defesa Civil em a\u00e7\u00e3o<br \/>\nO secret\u00e1rio municipal de Defesa Civil, Jos\u00e9 Eduardo dos Santos J\u00fanior (o Eduardo do Mercado), destaca que permanecem 24h de prontid\u00e3o para atender os cidad\u00e3os. \u201cA Defesa Civil \u00e9 uma secretaria municipal que est\u00e1 o tempo todo pronta para atender a popula\u00e7\u00e3o se ocorrer alguma adversidade. Seja por conta de fogo, chuva, desmoronamento, estaremos l\u00e1\u201d, ressalta. \u201cPrestamos o apoio imediato neste epis\u00f3dio e deixamos claro \u00e0 popula\u00e7\u00e3o que, conforme nos foi designado pela prefeita Paula Lemos, a qualquer momento do dia ou da noite que precisarem, estaremos \u00e0 disposi\u00e7\u00e3o para prestar atendimento\u201d, informa. No munic\u00edpio, a Defesa Civil mant\u00e9m plant\u00e3o 24h por meio de liga\u00e7\u00e3o para o telefone (17) 99198-8754.<\/p>\n<p>Cuidados com fogo<br \/>\nO homem que teve a casa incendiada relatou \u00e0s autoridades que havia esquecido uma panela no fogo. Ele conseguiu sair da casa sem ferimentos.<br \/>\nMaia, coordenador municipal da Defesa Civil, orienta a popula\u00e7\u00e3o a pedir ajuda imediatamente em caso de inc\u00eandio. \u201cA primeira orienta\u00e7\u00e3o \u00e9 para procurar n\u00e3o ir para longe quando a boca do fog\u00e3o est\u00e1 acesa e desligar no momento certo evitando acidente\u201d, afirma. \u201cContudo, se por algum motivo come\u00e7ar a pegar fogo, o mais importante \u00e9 preservar a vida. As pessoas devem sair de dentro de resid\u00eancia e acionar imediatamente o Corpo de Bombeiros pelo telefone 193\u201d, informa.Reda\u00e7\u00e3o: Everton Sylvestre<br \/>\nFotos:\u00a0Divulga\u00e7\u00e3o<\/p>\n","protected":false},"excerpt":{"rendered":"<p>A\u00e7\u00e3o envolveu as secretarias de Defesa Civil e Assist\u00eancia Social,<\/p>\n","protected":false},"author":2,"featured_media":88395,"comment_status":"open","ping_status":"open","sticky":false,"template":"","format":"standard","meta":{"footnotes":""},"categories":[14,3],"tags":[],"class_list":["post-88394","post","type-post","status-publish","format-standard","has-post-thumbnail","hentry","category-barretos","category-geral"],"yoast_head":"<!-- This site is optimized with the Yoast SEO plugin v27.4 - https:\/\/yoast.com\/product\/yoast-seo-wordpress\/ -->\n<title>Prefeitura mobiliza secretarias e acolhe homem idoso que teve a casa incendiada e passa a ser assistido pelo Programa Vida Longa - Regi\u00e3o News<\/title>\n<meta name=\"robots\" content=\"index, follow, max-snippet:-1, max-image-preview:large, max-video-preview:-1\" \/>\n<link rel=\"canonical\" href=\"https:\/\/regiaonews.net.br\/2022\/2023\/05\/18\/prefeitura-mobiliza-secretarias-e-acolhe-homem-idoso-que-teve-a-casa-incendiada-e-passa-a-ser-assistido-pelo-programa-vida-longa\/\" \/>\n<meta property=\"og:locale\" content=\"pt_BR\" \/>\n<meta property=\"og:type\" content=\"article\" \/>\n<meta property=\"og:title\" content=\"Prefeitura mobiliza secretarias e acolhe homem idoso que teve a casa incendiada e passa a ser assistido pelo Programa Vida Longa - Regi\u00e3o News\" \/>\n<meta property=\"og:description\" content=\"A\u00e7\u00e3o envolveu as secretarias de Defesa Civil e Assist\u00eancia Social,\" \/>\n<meta property=\"og:url\" content=\"https:\/\/regiaonews.net.br\/2022\/2023\/05\/18\/prefeitura-mobiliza-secretarias-e-acolhe-homem-idoso-que-teve-a-casa-incendiada-e-passa-a-ser-assistido-pelo-programa-vida-longa\/\" \/>\n<meta property=\"og:site_name\" content=\"Regi\u00e3o News\" \/>\n<meta property=\"article:published_time\" content=\"2023-05-18T19:30:03+00:00\" \/>\n<meta property=\"og:image\" content=\"https:\/\/regiaonews.net.br\/2022\/wp-content\/uploads\/2023\/05\/Imagem-do-WhatsApp-de-2023-05-18-as-16.28.16.jpg\" \/>\n\t<meta property=\"og:image:width\" content=\"1200\" \/>\n\t<meta property=\"og:image:height\" content=\"1600\" \/>\n\t<meta property=\"og:image:type\" content=\"image\/jpeg\" \/>\n<meta name=\"author\" content=\"Roberto\" \/>\n<meta name=\"twitter:card\" content=\"summary_large_image\" \/>\n<meta name=\"twitter:label1\" content=\"Escrito por\" \/>\n\t<meta name=\"twitter:data1\" content=\"Roberto\" \/>\n\t<meta name=\"twitter:label2\" content=\"Est. tempo de leitura\" \/>\n\t<meta name=\"twitter:data2\" content=\"5 minutos\" \/>\n<script type=\"application\/ld+json\" class=\"yoast-schema-graph\">{\"@context\":\"https:\\\/\\\/schema.org\",\"@graph\":[{\"@type\":\"Article\",\"@id\":\"https:\\\/\\\/regiaonews.net.br\\\/2022\\\/2023\\\/05\\\/18\\\/prefeitura-mobiliza-secretarias-e-acolhe-homem-idoso-que-teve-a-casa-incendiada-e-passa-a-ser-assistido-pelo-programa-vida-longa\\\/#article\",\"isPartOf\":{\"@id\":\"https:\\\/\\\/regiaonews.net.br\\\/2022\\\/2023\\\/05\\\/18\\\/prefeitura-mobiliza-secretarias-e-acolhe-homem-idoso-que-teve-a-casa-incendiada-e-passa-a-ser-assistido-pelo-programa-vida-longa\\\/\"},\"author\":{\"name\":\"Roberto\",\"@id\":\"https:\\\/\\\/regiaonews.net.br\\\/2022\\\/#\\\/schema\\\/person\\\/2d205a608a5aa97ac279d7a5e6d89ad8\"},\"headline\":\"Prefeitura mobiliza secretarias e acolhe homem idoso que teve a casa incendiada e passa a ser assistido pelo Programa Vida Longa\",\"datePublished\":\"2023-05-18T19:30:03+00:00\",\"mainEntityOfPage\":{\"@id\":\"https:\\\/\\\/regiaonews.net.br\\\/2022\\\/2023\\\/05\\\/18\\\/prefeitura-mobiliza-secretarias-e-acolhe-homem-idoso-que-teve-a-casa-incendiada-e-passa-a-ser-assistido-pelo-programa-vida-longa\\\/\"},\"wordCount\":850,\"commentCount\":0,\"publisher\":{\"@id\":\"https:\\\/\\\/regiaonews.net.br\\\/2022\\\/#organization\"},\"image\":{\"@id\":\"https:\\\/\\\/regiaonews.net.br\\\/2022\\\/2023\\\/05\\\/18\\\/prefeitura-mobiliza-secretarias-e-acolhe-homem-idoso-que-teve-a-casa-incendiada-e-passa-a-ser-assistido-pelo-programa-vida-longa\\\/#primaryimage\"},\"thumbnailUrl\":\"https:\\\/\\\/regiaonews.net.br\\\/2022\\\/wp-content\\\/uploads\\\/2023\\\/05\\\/Imagem-do-WhatsApp-de-2023-05-18-as-16.28.16.jpg\",\"articleSection\":[\"Barretos\",\"Geral\"],\"inLanguage\":\"pt-BR\",\"potentialAction\":[{\"@type\":\"CommentAction\",\"name\":\"Comment\",\"target\":[\"https:\\\/\\\/regiaonews.net.br\\\/2022\\\/2023\\\/05\\\/18\\\/prefeitura-mobiliza-secretarias-e-acolhe-homem-idoso-que-teve-a-casa-incendiada-e-passa-a-ser-assistido-pelo-programa-vida-longa\\\/#respond\"]}]},{\"@type\":\"WebPage\",\"@id\":\"https:\\\/\\\/regiaonews.net.br\\\/2022\\\/2023\\\/05\\\/18\\\/prefeitura-mobiliza-secretarias-e-acolhe-homem-idoso-que-teve-a-casa-incendiada-e-passa-a-ser-assistido-pelo-programa-vida-longa\\\/\",\"url\":\"https:\\\/\\\/regiaonews.net.br\\\/2022\\\/2023\\\/05\\\/18\\\/prefeitura-mobiliza-secretarias-e-acolhe-homem-idoso-que-teve-a-casa-incendiada-e-passa-a-ser-assistido-pelo-programa-vida-longa\\\/\",\"name\":\"Prefeitura mobiliza secretarias e acolhe homem idoso que teve a casa incendiada e passa a ser assistido pelo Programa Vida Longa - Regi\u00e3o News\",\"isPartOf\":{\"@id\":\"https:\\\/\\\/regiaonews.net.br\\\/2022\\\/#website\"},\"primaryImageOfPage\":{\"@id\":\"https:\\\/\\\/regiaonews.net.br\\\/2022\\\/2023\\\/05\\\/18\\\/prefeitura-mobiliza-secretarias-e-acolhe-homem-idoso-que-teve-a-casa-incendiada-e-passa-a-ser-assistido-pelo-programa-vida-longa\\\/#primaryimage\"},\"image\":{\"@id\":\"https:\\\/\\\/regiaonews.net.br\\\/2022\\\/2023\\\/05\\\/18\\\/prefeitura-mobiliza-secretarias-e-acolhe-homem-idoso-que-teve-a-casa-incendiada-e-passa-a-ser-assistido-pelo-programa-vida-longa\\\/#primaryimage\"},\"thumbnailUrl\":\"https:\\\/\\\/regiaonews.net.br\\\/2022\\\/wp-content\\\/uploads\\\/2023\\\/05\\\/Imagem-do-WhatsApp-de-2023-05-18-as-16.28.16.jpg\",\"datePublished\":\"2023-05-18T19:30:03+00:00\",\"breadcrumb\":{\"@id\":\"https:\\\/\\\/regiaonews.net.br\\\/2022\\\/2023\\\/05\\\/18\\\/prefeitura-mobiliza-secretarias-e-acolhe-homem-idoso-que-teve-a-casa-incendiada-e-passa-a-ser-assistido-pelo-programa-vida-longa\\\/#breadcrumb\"},\"inLanguage\":\"pt-BR\",\"potentialAction\":[{\"@type\":\"ReadAction\",\"target\":[\"https:\\\/\\\/regiaonews.net.br\\\/2022\\\/2023\\\/05\\\/18\\\/prefeitura-mobiliza-secretarias-e-acolhe-homem-idoso-que-teve-a-casa-incendiada-e-passa-a-ser-assistido-pelo-programa-vida-longa\\\/\"]}]},{\"@type\":\"ImageObject\",\"inLanguage\":\"pt-BR\",\"@id\":\"https:\\\/\\\/regiaonews.net.br\\\/2022\\\/2023\\\/05\\\/18\\\/prefeitura-mobiliza-secretarias-e-acolhe-homem-idoso-que-teve-a-casa-incendiada-e-passa-a-ser-assistido-pelo-programa-vida-longa\\\/#primaryimage\",\"url\":\"https:\\\/\\\/regiaonews.net.br\\\/2022\\\/wp-content\\\/uploads\\\/2023\\\/05\\\/Imagem-do-WhatsApp-de-2023-05-18-as-16.28.16.jpg\",\"contentUrl\":\"https:\\\/\\\/regiaonews.net.br\\\/2022\\\/wp-content\\\/uploads\\\/2023\\\/05\\\/Imagem-do-WhatsApp-de-2023-05-18-as-16.28.16.jpg\",\"width\":1200,\"height\":1600},{\"@type\":\"BreadcrumbList\",\"@id\":\"https:\\\/\\\/regiaonews.net.br\\\/2022\\\/2023\\\/05\\\/18\\\/prefeitura-mobiliza-secretarias-e-acolhe-homem-idoso-que-teve-a-casa-incendiada-e-passa-a-ser-assistido-pelo-programa-vida-longa\\\/#breadcrumb\",\"itemListElement\":[{\"@type\":\"ListItem\",\"position\":1,\"name\":\"In\u00edcio\",\"item\":\"https:\\\/\\\/regiaonews.net.br\\\/2022\\\/\"},{\"@type\":\"ListItem\",\"position\":2,\"name\":\"Prefeitura mobiliza secretarias e acolhe homem idoso que teve a casa incendiada e passa a ser assistido pelo Programa Vida Longa\"}]},{\"@type\":\"WebSite\",\"@id\":\"https:\\\/\\\/regiaonews.net.br\\\/2022\\\/#website\",\"url\":\"https:\\\/\\\/regiaonews.net.br\\\/2022\\\/\",\"name\":\"Regi\u00e3o News\",\"description\":\"Site de Not\u00edcias de Barretos e regi\u00e3o\",\"publisher\":{\"@id\":\"https:\\\/\\\/regiaonews.net.br\\\/2022\\\/#organization\"},\"potentialAction\":[{\"@type\":\"SearchAction\",\"target\":{\"@type\":\"EntryPoint\",\"urlTemplate\":\"https:\\\/\\\/regiaonews.net.br\\\/2022\\\/?s={search_term_string}\"},\"query-input\":{\"@type\":\"PropertyValueSpecification\",\"valueRequired\":true,\"valueName\":\"search_term_string\"}}],\"inLanguage\":\"pt-BR\"},{\"@type\":\"Organization\",\"@id\":\"https:\\\/\\\/regiaonews.net.br\\\/2022\\\/#organization\",\"name\":\"Regi\u00e3o News\",\"url\":\"https:\\\/\\\/regiaonews.net.br\\\/2022\\\/\",\"logo\":{\"@type\":\"ImageObject\",\"inLanguage\":\"pt-BR\",\"@id\":\"https:\\\/\\\/regiaonews.net.br\\\/2022\\\/#\\\/schema\\\/logo\\\/image\\\/\",\"url\":\"https:\\\/\\\/regiaonews.net.br\\\/2022\\\/wp-content\\\/uploads\\\/2026\\\/03\\\/regiao-13-anos-scaled.jpg\",\"contentUrl\":\"https:\\\/\\\/regiaonews.net.br\\\/2022\\\/wp-content\\\/uploads\\\/2026\\\/03\\\/regiao-13-anos-scaled.jpg\",\"width\":2560,\"height\":635,\"caption\":\"Regi\u00e3o News\"},\"image\":{\"@id\":\"https:\\\/\\\/regiaonews.net.br\\\/2022\\\/#\\\/schema\\\/logo\\\/image\\\/\"}},{\"@type\":\"Person\",\"@id\":\"https:\\\/\\\/regiaonews.net.br\\\/2022\\\/#\\\/schema\\\/person\\\/2d205a608a5aa97ac279d7a5e6d89ad8\",\"name\":\"Roberto\",\"image\":{\"@type\":\"ImageObject\",\"inLanguage\":\"pt-BR\",\"@id\":\"https:\\\/\\\/secure.gravatar.com\\\/avatar\\\/42749d8b712ff9d59ca93dc150494e5b55a44134482993f5baeb97e61b7ecc89?s=96&d=mm&r=g\",\"url\":\"https:\\\/\\\/secure.gravatar.com\\\/avatar\\\/42749d8b712ff9d59ca93dc150494e5b55a44134482993f5baeb97e61b7ecc89?s=96&d=mm&r=g\",\"contentUrl\":\"https:\\\/\\\/secure.gravatar.com\\\/avatar\\\/42749d8b712ff9d59ca93dc150494e5b55a44134482993f5baeb97e61b7ecc89?s=96&d=mm&r=g\",\"caption\":\"Roberto\"},\"url\":\"https:\\\/\\\/regiaonews.net.br\\\/2022\\\/author\\\/roberto\\\/\"}]}<\/script>\n<!-- \/ Yoast SEO plugin. -->","yoast_head_json":{"title":"Prefeitura mobiliza secretarias e acolhe homem idoso que teve a casa incendiada e passa a ser assistido pelo Programa Vida Longa - Regi\u00e3o News","robots":{"index":"index","follow":"follow","max-snippet":"max-snippet:-1","max-image-preview":"max-image-preview:large","max-video-preview":"max-video-preview:-1"},"canonical":"https:\/\/regiaonews.net.br\/2022\/2023\/05\/18\/prefeitura-mobiliza-secretarias-e-acolhe-homem-idoso-que-teve-a-casa-incendiada-e-passa-a-ser-assistido-pelo-programa-vida-longa\/","og_locale":"pt_BR","og_type":"article","og_title":"Prefeitura mobiliza secretarias e acolhe homem idoso que teve a casa incendiada e passa a ser assistido pelo Programa Vida Longa - Regi\u00e3o News","og_description":"A\u00e7\u00e3o envolveu as secretarias de Defesa Civil e Assist\u00eancia Social,","og_url":"https:\/\/regiaonews.net.br\/2022\/2023\/05\/18\/prefeitura-mobiliza-secretarias-e-acolhe-homem-idoso-que-teve-a-casa-incendiada-e-passa-a-ser-assistido-pelo-programa-vida-longa\/","og_site_name":"Regi\u00e3o News","article_published_time":"2023-05-18T19:30:03+00:00","og_image":[{"width":1200,"height":1600,"url":"https:\/\/regiaonews.net.br\/2022\/wp-content\/uploads\/2023\/05\/Imagem-do-WhatsApp-de-2023-05-18-as-16.28.16.jpg","type":"image\/jpeg"}],"author":"Roberto","twitter_card":"summary_large_image","twitter_misc":{"Escrito por":"Roberto","Est. tempo de leitura":"5 minutos"},"schema":{"@context":"https:\/\/schema.org","@graph":[{"@type":"Article","@id":"https:\/\/regiaonews.net.br\/2022\/2023\/05\/18\/prefeitura-mobiliza-secretarias-e-acolhe-homem-idoso-que-teve-a-casa-incendiada-e-passa-a-ser-assistido-pelo-programa-vida-longa\/#article","isPartOf":{"@id":"https:\/\/regiaonews.net.br\/2022\/2023\/05\/18\/prefeitura-mobiliza-secretarias-e-acolhe-homem-idoso-que-teve-a-casa-incendiada-e-passa-a-ser-assistido-pelo-programa-vida-longa\/"},"author":{"name":"Roberto","@id":"https:\/\/regiaonews.net.br\/2022\/#\/schema\/person\/2d205a608a5aa97ac279d7a5e6d89ad8"},"headline":"Prefeitura mobiliza secretarias e acolhe homem idoso que teve a casa incendiada e passa a ser assistido pelo Programa Vida Longa","datePublished":"2023-05-18T19:30:03+00:00","mainEntityOfPage":{"@id":"https:\/\/regiaonews.net.br\/2022\/2023\/05\/18\/prefeitura-mobiliza-secretarias-e-acolhe-homem-idoso-que-teve-a-casa-incendiada-e-passa-a-ser-assistido-pelo-programa-vida-longa\/"},"wordCount":850,"commentCount":0,"publisher":{"@id":"https:\/\/regiaonews.net.br\/2022\/#organization"},"image":{"@id":"https:\/\/regiaonews.net.br\/2022\/2023\/05\/18\/prefeitura-mobiliza-secretarias-e-acolhe-homem-idoso-que-teve-a-casa-incendiada-e-passa-a-ser-assistido-pelo-programa-vida-longa\/#primaryimage"},"thumbnailUrl":"https:\/\/regiaonews.net.br\/2022\/wp-content\/uploads\/2023\/05\/Imagem-do-WhatsApp-de-2023-05-18-as-16.28.16.jpg","articleSection":["Barretos","Geral"],"inLanguage":"pt-BR","potentialAction":[{"@type":"CommentAction","name":"Comment","target":["https:\/\/regiaonews.net.br\/2022\/2023\/05\/18\/prefeitura-mobiliza-secretarias-e-acolhe-homem-idoso-que-teve-a-casa-incendiada-e-passa-a-ser-assistido-pelo-programa-vida-longa\/#respond"]}]},{"@type":"WebPage","@id":"https:\/\/regiaonews.net.br\/2022\/2023\/05\/18\/prefeitura-mobiliza-secretarias-e-acolhe-homem-idoso-que-teve-a-casa-incendiada-e-passa-a-ser-assistido-pelo-programa-vida-longa\/","url":"https:\/\/regiaonews.net.br\/2022\/2023\/05\/18\/prefeitura-mobiliza-secretarias-e-acolhe-homem-idoso-que-teve-a-casa-incendiada-e-passa-a-ser-assistido-pelo-programa-vida-longa\/","name":"Prefeitura mobiliza secretarias e acolhe homem idoso que teve a casa incendiada e passa a ser assistido pelo Programa Vida Longa - Regi\u00e3o News","isPartOf":{"@id":"https:\/\/regiaonews.net.br\/2022\/#website"},"primaryImageOfPage":{"@id":"https:\/\/regiaonews.net.br\/2022\/2023\/05\/18\/prefeitura-mobiliza-secretarias-e-acolhe-homem-idoso-que-teve-a-casa-incendiada-e-passa-a-ser-assistido-pelo-programa-vida-longa\/#primaryimage"},"image":{"@id":"https:\/\/regiaonews.net.br\/2022\/2023\/05\/18\/prefeitura-mobiliza-secretarias-e-acolhe-homem-idoso-que-teve-a-casa-incendiada-e-passa-a-ser-assistido-pelo-programa-vida-longa\/#primaryimage"},"thumbnailUrl":"https:\/\/regiaonews.net.br\/2022\/wp-content\/uploads\/2023\/05\/Imagem-do-WhatsApp-de-2023-05-18-as-16.28.16.jpg","datePublished":"2023-05-18T19:30:03+00:00","breadcrumb":{"@id":"https:\/\/regiaonews.net.br\/2022\/2023\/05\/18\/prefeitura-mobiliza-secretarias-e-acolhe-homem-idoso-que-teve-a-casa-incendiada-e-passa-a-ser-assistido-pelo-programa-vida-longa\/#breadcrumb"},"inLanguage":"pt-BR","potentialAction":[{"@type":"ReadAction","target":["https:\/\/regiaonews.net.br\/2022\/2023\/05\/18\/prefeitura-mobiliza-secretarias-e-acolhe-homem-idoso-que-teve-a-casa-incendiada-e-passa-a-ser-assistido-pelo-programa-vida-longa\/"]}]},{"@type":"ImageObject","inLanguage":"pt-BR","@id":"https:\/\/regiaonews.net.br\/2022\/2023\/05\/18\/prefeitura-mobiliza-secretarias-e-acolhe-homem-idoso-que-teve-a-casa-incendiada-e-passa-a-ser-assistido-pelo-programa-vida-longa\/#primaryimage","url":"https:\/\/regiaonews.net.br\/2022\/wp-content\/uploads\/2023\/05\/Imagem-do-WhatsApp-de-2023-05-18-as-16.28.16.jpg","contentUrl":"https:\/\/regiaonews.net.br\/2022\/wp-content\/uploads\/2023\/05\/Imagem-do-WhatsApp-de-2023-05-18-as-16.28.16.jpg","width":1200,"height":1600},{"@type":"BreadcrumbList","@id":"https:\/\/regiaonews.net.br\/2022\/2023\/05\/18\/prefeitura-mobiliza-secretarias-e-acolhe-homem-idoso-que-teve-a-casa-incendiada-e-passa-a-ser-assistido-pelo-programa-vida-longa\/#breadcrumb","itemListElement":[{"@type":"ListItem","position":1,"name":"In\u00edcio","item":"https:\/\/regiaonews.net.br\/2022\/"},{"@type":"ListItem","position":2,"name":"Prefeitura mobiliza secretarias e acolhe homem idoso que teve a casa incendiada e passa a ser assistido pelo Programa Vida Longa"}]},{"@type":"WebSite","@id":"https:\/\/regiaonews.net.br\/2022\/#website","url":"https:\/\/regiaonews.net.br\/2022\/","name":"Regi\u00e3o News","description":"Site de Not\u00edcias de Barretos e regi\u00e3o","publisher":{"@id":"https:\/\/regiaonews.net.br\/2022\/#organization"},"potentialAction":[{"@type":"SearchAction","target":{"@type":"EntryPoint","urlTemplate":"https:\/\/regiaonews.net.br\/2022\/?s={search_term_string}"},"query-input":{"@type":"PropertyValueSpecification","valueRequired":true,"valueName":"search_term_string"}}],"inLanguage":"pt-BR"},{"@type":"Organization","@id":"https:\/\/regiaonews.net.br\/2022\/#organization","name":"Regi\u00e3o News","url":"https:\/\/regiaonews.net.br\/2022\/","logo":{"@type":"ImageObject","inLanguage":"pt-BR","@id":"https:\/\/regiaonews.net.br\/2022\/#\/schema\/logo\/image\/","url":"https:\/\/regiaonews.net.br\/2022\/wp-content\/uploads\/2026\/03\/regiao-13-anos-scaled.jpg","contentUrl":"https:\/\/regiaonews.net.br\/2022\/wp-content\/uploads\/2026\/03\/regiao-13-anos-scaled.jpg","width":2560,"height":635,"caption":"Regi\u00e3o News"},"image":{"@id":"https:\/\/regiaonews.net.br\/2022\/#\/schema\/logo\/image\/"}},{"@type":"Person","@id":"https:\/\/regiaonews.net.br\/2022\/#\/schema\/person\/2d205a608a5aa97ac279d7a5e6d89ad8","name":"Roberto","image":{"@type":"ImageObject","inLanguage":"pt-BR","@id":"https:\/\/secure.gravatar.com\/avatar\/42749d8b712ff9d59ca93dc150494e5b55a44134482993f5baeb97e61b7ecc89?s=96&d=mm&r=g","url":"https:\/\/secure.gravatar.com\/avatar\/42749d8b712ff9d59ca93dc150494e5b55a44134482993f5baeb97e61b7ecc89?s=96&d=mm&r=g","contentUrl":"https:\/\/secure.gravatar.com\/avatar\/42749d8b712ff9d59ca93dc150494e5b55a44134482993f5baeb97e61b7ecc89?s=96&d=mm&r=g","caption":"Roberto"},"url":"https:\/\/regiaonews.net.br\/2022\/author\/roberto\/"}]}},"publishpress_future_action":{"enabled":false,"date":"2026-05-03 17:34:44","action":"change-status","newStatus":"draft","terms":[],"taxonomy":"category","extraData":[]},"publishpress_future_workflow_manual_trigger":{"enabledWorkflows":[]},"_links":{"self":[{"href":"https:\/\/regiaonews.net.br\/2022\/wp-json\/wp\/v2\/posts\/88394","targetHints":{"allow":["GET"]}}],"collection":[{"href":"https:\/\/regiaonews.net.br\/2022\/wp-json\/wp\/v2\/posts"}],"about":[{"href":"https:\/\/regiaonews.net.br\/2022\/wp-json\/wp\/v2\/types\/post"}],"author":[{"embeddable":true,"href":"https:\/\/regiaonews.net.br\/2022\/wp-json\/wp\/v2\/users\/2"}],"replies":[{"embeddable":true,"href":"https:\/\/regiaonews.net.br\/2022\/wp-json\/wp\/v2\/comments?post=88394"}],"version-history":[{"count":1,"href":"https:\/\/regiaonews.net.br\/2022\/wp-json\/wp\/v2\/posts\/88394\/revisions"}],"predecessor-version":[{"id":88396,"href":"https:\/\/regiaonews.net.br\/2022\/wp-json\/wp\/v2\/posts\/88394\/revisions\/88396"}],"wp:featuredmedia":[{"embeddable":true,"href":"https:\/\/regiaonews.net.br\/2022\/wp-json\/wp\/v2\/media\/88395"}],"wp:attachment":[{"href":"https:\/\/regiaonews.net.br\/2022\/wp-json\/wp\/v2\/media?parent=88394"}],"wp:term":[{"taxonomy":"category","embeddable":true,"href":"https:\/\/regiaonews.net.br\/2022\/wp-json\/wp\/v2\/categories?post=88394"},{"taxonomy":"post_tag","embeddable":true,"href":"https:\/\/regiaonews.net.br\/2022\/wp-json\/wp\/v2\/tags?post=88394"}],"curies":[{"name":"wp","href":"https:\/\/api.w.org\/{rel}","templated":true}]}}