{"id":88391,"date":"2023-05-18T16:27:51","date_gmt":"2023-05-18T19:27:51","guid":{"rendered":"https:\/\/regiaonews.net.br\/2022\/?p=88391"},"modified":"2023-05-18T16:27:51","modified_gmt":"2023-05-18T19:27:51","slug":"futebol-das-estrelas-reune-mais-de-mil-pessoas-na-abertura-do-campeonato-amador-de-olimpia","status":"publish","type":"post","link":"https:\/\/regiaonews.net.br\/2022\/2023\/05\/18\/futebol-das-estrelas-reune-mais-de-mil-pessoas-na-abertura-do-campeonato-amador-de-olimpia\/","title":{"rendered":"\u201cFutebol das Estrelas\u201d re\u00fane mais de mil pessoas na abertura do Campeonato Amador de Ol\u00edmpia"},"content":{"rendered":"<p><span style=\"font-family: arial, sans-serif;\">Torcedores olimpienses e apaixonados por futebol estiveram, na noite dessa quarta-feita (17), no Est\u00e1dio Municipal Maria Tereza Breda para prestigiar um grande espet\u00e1culo. Em campo, o Futebol das Estrelas contou com um jogo de apresenta\u00e7\u00e3o entre os ex-craques da Sele\u00e7\u00e3o Brasileira Master e o time Master de Jogadores de Ol\u00edmpia. A partida especial marcou a abertura oficial do Campeonato de Futebol Amador 2023 da Est\u00e2ncia Tur\u00edstica de Ol\u00edmpia.<\/span><\/p>\n<p><span style=\"font-family: arial, sans-serif;\">Com entrada solid\u00e1ria e arrecada\u00e7\u00e3o de mais de uma tonelada de alimentos pelo Fundo Social de Solidariedade, que ser\u00e3o entregues posteriormente \u00e0s entidades assistenciais do munic\u00edpio, a popula\u00e7\u00e3o fez bonito e mostrou que ajudar o pr\u00f3ximo \u00e9 marcar o maior gola\u00e7o para a cidade.<\/span><\/p>\n<p><span style=\"font-family: arial, sans-serif;\">Pela sele\u00e7\u00e3o brasileira, estiveram em campo, animando o jogo, craques da Copa do Mundo das d\u00e9cadas de 80, 90 e 2000 como Careca, Zenon, Batata, Capone, Boiadeiro, Rubens Cardoso, Biro-Biro, Jo\u00e3o Paulo, Ezequiel, Galeano, Alexandre Pit-Bull, Chic\u00e3o, Leandro Guerreiro, Ronald\u00e3o e S\u00e9rgio.<\/span><\/p>\n<p><span style=\"font-family: arial, sans-serif;\">A partida contra os Jogadores Master de Ol\u00edmpia foi finalizada em 3 x 1 com vit\u00f3ria da sele\u00e7\u00e3o brasileira. Os gols foram marcados por Rubens Cardoso (2) e Galeano (1). Pelo Ol\u00edmpia, o gol de honra saiu dos p\u00e9s habilidosos de Marinho. Abrilhantou tamb\u00e9m a disputa a arbitragem de Oscar Roberto de Godoi, ex-\u00e1rbitro da FIFA e das federa\u00e7\u00f5es de S\u00e3o Paulo, Paran\u00e1, Santa Catarina e Bahia.<\/span><\/p>\n<p><span style=\"font-family: arial, sans-serif;\">No elenco olimpiense, participaram da disputa ex-jogadores do Ol\u00edmpia Futebol Clube e do Campeonato Amador da cidade como Silvinho Marciano, Guto Bertolino, Jorge Vittorelli, Fernandito, R\u00f3gerio Pereira, Marco Storto, Claudinei Aritana, Paulo Moreira, Luiz Fabiano, Leandro Ferrari, Carl\u00e3o, Marcelo Silva, Juninho Bessa, Paulinho Lazinho, Carlos de Julle, Wilton (Bicudo), Marinho, Silm\u00e1rio (Kuru), Danilo da Silva, Paulinho Fonseca, Edilson Sacardi e Esmane da Silva.<\/span><\/p>\n<p><span style=\"font-family: arial, sans-serif;\">O cl\u00e1ssico foi prestigiado pelo secret\u00e1rio de Esporte, Lazer e Juventude, Fernandinho Silva, pelo presidente da C\u00e2mara, Sargento Barrera, pelos vereadores Lor\u00e3o, Rodrigo Ruiz, Amaral e Luciano Ferreira, pelo prefeito de Monte Azul Paulista, Marcelo Otaviano dos Santos, pela secret\u00e1ria de Esporte de Monte Azul, Juliana Ferro, e pelo vereador da cidade de Guaraci, Elivelton Cayres.<\/span><\/p>\n<p><span style=\"font-family: arial, sans-serif;\">O Campeonato Amador deste ano leva o nome do saudoso ex-jogador do OFC, Marcos Sim\u00f5es da Silva, o querido \u201cDobrada\u201d. Uma homenagem em agradecimento ao ex-jogador pelo legado deixado ao esporte, que foi prestada, em campo, \u00e0 fam\u00edlia junto aos seus filhos, nora, neto e demais familiares.<\/span><\/p>\n<p><span style=\"font-family: arial, sans-serif;\">O pontap\u00e9 inicial da partida, dado pelo secret\u00e1rio Fernandinho, pelo ex-jogador do Ol\u00edmpia Paulinho Fonseca, pelo jogador da sele\u00e7\u00e3o master Biro Biro e pelo filho do homenageado Dobrada, Fabr\u00edcio, marcou oficialmente a abertura do Campeonato Amador 2023 e o in\u00edcio do Futebol das Estrelas. A cerim\u00f4nia inicial teve a apresenta\u00e7\u00e3o do radialista Jo\u00e3o Prates e narra\u00e7\u00e3o do locutor esportivo, Otac\u00edlio J\u00fanior, que empolgou os torcedores. O mascote da Pref, Summer, tamb\u00e9m animou a cerim\u00f4nia de abertura.<\/span><\/p>\n<p><span style=\"font-family: arial, sans-serif;\">Os jogos do Campeonato Amador ter\u00e3o in\u00edcio neste domingo, dia 21 de maio, a partir das 8h30 no Gin\u00e1sio de Esportes com entrada gratuita. As rodadas tamb\u00e9m acontecer\u00e3o no Est\u00e1dio Tereza Breda, diante da disponibilidade do campo. Ao todo, 12 times de futebol estar\u00e3o na disputa este ano e marcaram presen\u00e7a na abertura. S\u00e3o eles: S\u00e3o Jos\u00e9, Vila Raia, Santa Terezinha, Racing, Jamaica, S\u00f3 a Nata, G\u00e1latas, Orion, Bar\u00e7a, Atl\u00e9tico Cearense, Mega Center e Portuguesa.<\/span><\/p>\n<p><span style=\"font-family: arial, sans-serif;\">O Futebol das Estrelas contou com o apoio do Thermas Social, do Grupo Atlas Chevrolet, da Via Fibra, do Centro de Sa\u00fade \u201cSa\u00fade pra hoje\u201d e da Pousada Carpe Diem.<\/span><\/p>\n<p><span style=\"color: #888888;\">&#8212;<\/span><\/p>\n<div dir=\"ltr\" data-smartmail=\"gmail_signature\">\n<div dir=\"ltr\">\n<div>\n<p><span style=\"font-family: arial, helvetica, sans-serif;\"><b>ASSESSORIA DE IMPRENSA<\/b><\/span><\/p>\n<p><span style=\"font-family: arial, helvetica, sans-serif;\"><b>Prefeitura da Est\u00e2ncia Tur\u00edstica de Ol\u00edmpia<\/b><\/span><\/p>\n<p><span style=\"font-family: arial, helvetica, sans-serif;\"><b>(17) 3279-2725<\/b><\/span><\/p>\n<\/div>\n<\/div>\n<\/div>\n","protected":false},"excerpt":{"rendered":"<p>Torcedores olimpienses e apaixonados por futebol estiveram, na noite dessa<\/p>\n","protected":false},"author":2,"featured_media":88392,"comment_status":"open","ping_status":"open","sticky":false,"template":"","format":"standard","meta":{"footnotes":""},"categories":[14,21],"tags":[],"class_list":["post-88391","post","type-post","status-publish","format-standard","has-post-thumbnail","hentry","category-barretos","category-esporte"],"yoast_head":"<!-- This site is optimized with the Yoast SEO plugin v27.4 - https:\/\/yoast.com\/product\/yoast-seo-wordpress\/ -->\n<title>\u201cFutebol das Estrelas\u201d re\u00fane mais de mil pessoas na abertura do Campeonato Amador de Ol\u00edmpia - Regi\u00e3o News<\/title>\n<meta name=\"robots\" content=\"index, follow, max-snippet:-1, max-image-preview:large, max-video-preview:-1\" \/>\n<link rel=\"canonical\" href=\"https:\/\/regiaonews.net.br\/2022\/2023\/05\/18\/futebol-das-estrelas-reune-mais-de-mil-pessoas-na-abertura-do-campeonato-amador-de-olimpia\/\" \/>\n<meta property=\"og:locale\" content=\"pt_BR\" \/>\n<meta property=\"og:type\" content=\"article\" \/>\n<meta property=\"og:title\" content=\"\u201cFutebol das Estrelas\u201d re\u00fane mais de mil pessoas na abertura do Campeonato Amador de Ol\u00edmpia - Regi\u00e3o News\" \/>\n<meta property=\"og:description\" content=\"Torcedores olimpienses e apaixonados por futebol estiveram, na noite dessa\" \/>\n<meta property=\"og:url\" content=\"https:\/\/regiaonews.net.br\/2022\/2023\/05\/18\/futebol-das-estrelas-reune-mais-de-mil-pessoas-na-abertura-do-campeonato-amador-de-olimpia\/\" \/>\n<meta property=\"og:site_name\" content=\"Regi\u00e3o News\" \/>\n<meta property=\"article:published_time\" content=\"2023-05-18T19:27:51+00:00\" \/>\n<meta property=\"og:image\" content=\"https:\/\/regiaonews.net.br\/2022\/wp-content\/uploads\/2023\/05\/Abertura-Campeonato-Amador-Futebol-das-Estrelas-1.jpg\" \/>\n\t<meta property=\"og:image:width\" content=\"2032\" \/>\n\t<meta property=\"og:image:height\" content=\"1143\" \/>\n\t<meta property=\"og:image:type\" content=\"image\/jpeg\" \/>\n<meta name=\"author\" content=\"Roberto\" \/>\n<meta name=\"twitter:card\" content=\"summary_large_image\" \/>\n<meta name=\"twitter:label1\" content=\"Escrito por\" \/>\n\t<meta name=\"twitter:data1\" content=\"Roberto\" \/>\n\t<meta name=\"twitter:label2\" content=\"Est. tempo de leitura\" \/>\n\t<meta name=\"twitter:data2\" content=\"4 minutos\" \/>\n<script type=\"application\/ld+json\" class=\"yoast-schema-graph\">{\"@context\":\"https:\\\/\\\/schema.org\",\"@graph\":[{\"@type\":\"Article\",\"@id\":\"https:\\\/\\\/regiaonews.net.br\\\/2022\\\/2023\\\/05\\\/18\\\/futebol-das-estrelas-reune-mais-de-mil-pessoas-na-abertura-do-campeonato-amador-de-olimpia\\\/#article\",\"isPartOf\":{\"@id\":\"https:\\\/\\\/regiaonews.net.br\\\/2022\\\/2023\\\/05\\\/18\\\/futebol-das-estrelas-reune-mais-de-mil-pessoas-na-abertura-do-campeonato-amador-de-olimpia\\\/\"},\"author\":{\"name\":\"Roberto\",\"@id\":\"https:\\\/\\\/regiaonews.net.br\\\/2022\\\/#\\\/schema\\\/person\\\/2d205a608a5aa97ac279d7a5e6d89ad8\"},\"headline\":\"\u201cFutebol das Estrelas\u201d re\u00fane mais de mil pessoas na abertura do Campeonato Amador de Ol\u00edmpia\",\"datePublished\":\"2023-05-18T19:27:51+00:00\",\"mainEntityOfPage\":{\"@id\":\"https:\\\/\\\/regiaonews.net.br\\\/2022\\\/2023\\\/05\\\/18\\\/futebol-das-estrelas-reune-mais-de-mil-pessoas-na-abertura-do-campeonato-amador-de-olimpia\\\/\"},\"wordCount\":654,\"commentCount\":0,\"publisher\":{\"@id\":\"https:\\\/\\\/regiaonews.net.br\\\/2022\\\/#organization\"},\"image\":{\"@id\":\"https:\\\/\\\/regiaonews.net.br\\\/2022\\\/2023\\\/05\\\/18\\\/futebol-das-estrelas-reune-mais-de-mil-pessoas-na-abertura-do-campeonato-amador-de-olimpia\\\/#primaryimage\"},\"thumbnailUrl\":\"https:\\\/\\\/regiaonews.net.br\\\/2022\\\/wp-content\\\/uploads\\\/2023\\\/05\\\/Abertura-Campeonato-Amador-Futebol-das-Estrelas-1.jpg\",\"articleSection\":[\"Barretos\",\"Esporte\"],\"inLanguage\":\"pt-BR\",\"potentialAction\":[{\"@type\":\"CommentAction\",\"name\":\"Comment\",\"target\":[\"https:\\\/\\\/regiaonews.net.br\\\/2022\\\/2023\\\/05\\\/18\\\/futebol-das-estrelas-reune-mais-de-mil-pessoas-na-abertura-do-campeonato-amador-de-olimpia\\\/#respond\"]}]},{\"@type\":\"WebPage\",\"@id\":\"https:\\\/\\\/regiaonews.net.br\\\/2022\\\/2023\\\/05\\\/18\\\/futebol-das-estrelas-reune-mais-de-mil-pessoas-na-abertura-do-campeonato-amador-de-olimpia\\\/\",\"url\":\"https:\\\/\\\/regiaonews.net.br\\\/2022\\\/2023\\\/05\\\/18\\\/futebol-das-estrelas-reune-mais-de-mil-pessoas-na-abertura-do-campeonato-amador-de-olimpia\\\/\",\"name\":\"\u201cFutebol das Estrelas\u201d re\u00fane mais de mil pessoas na abertura do Campeonato Amador de Ol\u00edmpia - Regi\u00e3o News\",\"isPartOf\":{\"@id\":\"https:\\\/\\\/regiaonews.net.br\\\/2022\\\/#website\"},\"primaryImageOfPage\":{\"@id\":\"https:\\\/\\\/regiaonews.net.br\\\/2022\\\/2023\\\/05\\\/18\\\/futebol-das-estrelas-reune-mais-de-mil-pessoas-na-abertura-do-campeonato-amador-de-olimpia\\\/#primaryimage\"},\"image\":{\"@id\":\"https:\\\/\\\/regiaonews.net.br\\\/2022\\\/2023\\\/05\\\/18\\\/futebol-das-estrelas-reune-mais-de-mil-pessoas-na-abertura-do-campeonato-amador-de-olimpia\\\/#primaryimage\"},\"thumbnailUrl\":\"https:\\\/\\\/regiaonews.net.br\\\/2022\\\/wp-content\\\/uploads\\\/2023\\\/05\\\/Abertura-Campeonato-Amador-Futebol-das-Estrelas-1.jpg\",\"datePublished\":\"2023-05-18T19:27:51+00:00\",\"breadcrumb\":{\"@id\":\"https:\\\/\\\/regiaonews.net.br\\\/2022\\\/2023\\\/05\\\/18\\\/futebol-das-estrelas-reune-mais-de-mil-pessoas-na-abertura-do-campeonato-amador-de-olimpia\\\/#breadcrumb\"},\"inLanguage\":\"pt-BR\",\"potentialAction\":[{\"@type\":\"ReadAction\",\"target\":[\"https:\\\/\\\/regiaonews.net.br\\\/2022\\\/2023\\\/05\\\/18\\\/futebol-das-estrelas-reune-mais-de-mil-pessoas-na-abertura-do-campeonato-amador-de-olimpia\\\/\"]}]},{\"@type\":\"ImageObject\",\"inLanguage\":\"pt-BR\",\"@id\":\"https:\\\/\\\/regiaonews.net.br\\\/2022\\\/2023\\\/05\\\/18\\\/futebol-das-estrelas-reune-mais-de-mil-pessoas-na-abertura-do-campeonato-amador-de-olimpia\\\/#primaryimage\",\"url\":\"https:\\\/\\\/regiaonews.net.br\\\/2022\\\/wp-content\\\/uploads\\\/2023\\\/05\\\/Abertura-Campeonato-Amador-Futebol-das-Estrelas-1.jpg\",\"contentUrl\":\"https:\\\/\\\/regiaonews.net.br\\\/2022\\\/wp-content\\\/uploads\\\/2023\\\/05\\\/Abertura-Campeonato-Amador-Futebol-das-Estrelas-1.jpg\",\"width\":2032,\"height\":1143,\"caption\":\"default\"},{\"@type\":\"BreadcrumbList\",\"@id\":\"https:\\\/\\\/regiaonews.net.br\\\/2022\\\/2023\\\/05\\\/18\\\/futebol-das-estrelas-reune-mais-de-mil-pessoas-na-abertura-do-campeonato-amador-de-olimpia\\\/#breadcrumb\",\"itemListElement\":[{\"@type\":\"ListItem\",\"position\":1,\"name\":\"In\u00edcio\",\"item\":\"https:\\\/\\\/regiaonews.net.br\\\/2022\\\/\"},{\"@type\":\"ListItem\",\"position\":2,\"name\":\"\u201cFutebol das Estrelas\u201d re\u00fane mais de mil pessoas na abertura do Campeonato Amador de Ol\u00edmpia\"}]},{\"@type\":\"WebSite\",\"@id\":\"https:\\\/\\\/regiaonews.net.br\\\/2022\\\/#website\",\"url\":\"https:\\\/\\\/regiaonews.net.br\\\/2022\\\/\",\"name\":\"Regi\u00e3o News\",\"description\":\"Site de Not\u00edcias de Barretos e regi\u00e3o\",\"publisher\":{\"@id\":\"https:\\\/\\\/regiaonews.net.br\\\/2022\\\/#organization\"},\"potentialAction\":[{\"@type\":\"SearchAction\",\"target\":{\"@type\":\"EntryPoint\",\"urlTemplate\":\"https:\\\/\\\/regiaonews.net.br\\\/2022\\\/?s={search_term_string}\"},\"query-input\":{\"@type\":\"PropertyValueSpecification\",\"valueRequired\":true,\"valueName\":\"search_term_string\"}}],\"inLanguage\":\"pt-BR\"},{\"@type\":\"Organization\",\"@id\":\"https:\\\/\\\/regiaonews.net.br\\\/2022\\\/#organization\",\"name\":\"Regi\u00e3o News\",\"url\":\"https:\\\/\\\/regiaonews.net.br\\\/2022\\\/\",\"logo\":{\"@type\":\"ImageObject\",\"inLanguage\":\"pt-BR\",\"@id\":\"https:\\\/\\\/regiaonews.net.br\\\/2022\\\/#\\\/schema\\\/logo\\\/image\\\/\",\"url\":\"https:\\\/\\\/regiaonews.net.br\\\/2022\\\/wp-content\\\/uploads\\\/2026\\\/03\\\/regiao-13-anos-scaled.jpg\",\"contentUrl\":\"https:\\\/\\\/regiaonews.net.br\\\/2022\\\/wp-content\\\/uploads\\\/2026\\\/03\\\/regiao-13-anos-scaled.jpg\",\"width\":2560,\"height\":635,\"caption\":\"Regi\u00e3o News\"},\"image\":{\"@id\":\"https:\\\/\\\/regiaonews.net.br\\\/2022\\\/#\\\/schema\\\/logo\\\/image\\\/\"}},{\"@type\":\"Person\",\"@id\":\"https:\\\/\\\/regiaonews.net.br\\\/2022\\\/#\\\/schema\\\/person\\\/2d205a608a5aa97ac279d7a5e6d89ad8\",\"name\":\"Roberto\",\"image\":{\"@type\":\"ImageObject\",\"inLanguage\":\"pt-BR\",\"@id\":\"https:\\\/\\\/secure.gravatar.com\\\/avatar\\\/42749d8b712ff9d59ca93dc150494e5b55a44134482993f5baeb97e61b7ecc89?s=96&d=mm&r=g\",\"url\":\"https:\\\/\\\/secure.gravatar.com\\\/avatar\\\/42749d8b712ff9d59ca93dc150494e5b55a44134482993f5baeb97e61b7ecc89?s=96&d=mm&r=g\",\"contentUrl\":\"https:\\\/\\\/secure.gravatar.com\\\/avatar\\\/42749d8b712ff9d59ca93dc150494e5b55a44134482993f5baeb97e61b7ecc89?s=96&d=mm&r=g\",\"caption\":\"Roberto\"},\"url\":\"https:\\\/\\\/regiaonews.net.br\\\/2022\\\/author\\\/roberto\\\/\"}]}<\/script>\n<!-- \/ Yoast SEO plugin. -->","yoast_head_json":{"title":"\u201cFutebol das Estrelas\u201d re\u00fane mais de mil pessoas na abertura do Campeonato Amador de Ol\u00edmpia - Regi\u00e3o News","robots":{"index":"index","follow":"follow","max-snippet":"max-snippet:-1","max-image-preview":"max-image-preview:large","max-video-preview":"max-video-preview:-1"},"canonical":"https:\/\/regiaonews.net.br\/2022\/2023\/05\/18\/futebol-das-estrelas-reune-mais-de-mil-pessoas-na-abertura-do-campeonato-amador-de-olimpia\/","og_locale":"pt_BR","og_type":"article","og_title":"\u201cFutebol das Estrelas\u201d re\u00fane mais de mil pessoas na abertura do Campeonato Amador de Ol\u00edmpia - Regi\u00e3o News","og_description":"Torcedores olimpienses e apaixonados por futebol estiveram, na noite dessa","og_url":"https:\/\/regiaonews.net.br\/2022\/2023\/05\/18\/futebol-das-estrelas-reune-mais-de-mil-pessoas-na-abertura-do-campeonato-amador-de-olimpia\/","og_site_name":"Regi\u00e3o News","article_published_time":"2023-05-18T19:27:51+00:00","og_image":[{"width":2032,"height":1143,"url":"https:\/\/regiaonews.net.br\/2022\/wp-content\/uploads\/2023\/05\/Abertura-Campeonato-Amador-Futebol-das-Estrelas-1.jpg","type":"image\/jpeg"}],"author":"Roberto","twitter_card":"summary_large_image","twitter_misc":{"Escrito por":"Roberto","Est. tempo de leitura":"4 minutos"},"schema":{"@context":"https:\/\/schema.org","@graph":[{"@type":"Article","@id":"https:\/\/regiaonews.net.br\/2022\/2023\/05\/18\/futebol-das-estrelas-reune-mais-de-mil-pessoas-na-abertura-do-campeonato-amador-de-olimpia\/#article","isPartOf":{"@id":"https:\/\/regiaonews.net.br\/2022\/2023\/05\/18\/futebol-das-estrelas-reune-mais-de-mil-pessoas-na-abertura-do-campeonato-amador-de-olimpia\/"},"author":{"name":"Roberto","@id":"https:\/\/regiaonews.net.br\/2022\/#\/schema\/person\/2d205a608a5aa97ac279d7a5e6d89ad8"},"headline":"\u201cFutebol das Estrelas\u201d re\u00fane mais de mil pessoas na abertura do Campeonato Amador de Ol\u00edmpia","datePublished":"2023-05-18T19:27:51+00:00","mainEntityOfPage":{"@id":"https:\/\/regiaonews.net.br\/2022\/2023\/05\/18\/futebol-das-estrelas-reune-mais-de-mil-pessoas-na-abertura-do-campeonato-amador-de-olimpia\/"},"wordCount":654,"commentCount":0,"publisher":{"@id":"https:\/\/regiaonews.net.br\/2022\/#organization"},"image":{"@id":"https:\/\/regiaonews.net.br\/2022\/2023\/05\/18\/futebol-das-estrelas-reune-mais-de-mil-pessoas-na-abertura-do-campeonato-amador-de-olimpia\/#primaryimage"},"thumbnailUrl":"https:\/\/regiaonews.net.br\/2022\/wp-content\/uploads\/2023\/05\/Abertura-Campeonato-Amador-Futebol-das-Estrelas-1.jpg","articleSection":["Barretos","Esporte"],"inLanguage":"pt-BR","potentialAction":[{"@type":"CommentAction","name":"Comment","target":["https:\/\/regiaonews.net.br\/2022\/2023\/05\/18\/futebol-das-estrelas-reune-mais-de-mil-pessoas-na-abertura-do-campeonato-amador-de-olimpia\/#respond"]}]},{"@type":"WebPage","@id":"https:\/\/regiaonews.net.br\/2022\/2023\/05\/18\/futebol-das-estrelas-reune-mais-de-mil-pessoas-na-abertura-do-campeonato-amador-de-olimpia\/","url":"https:\/\/regiaonews.net.br\/2022\/2023\/05\/18\/futebol-das-estrelas-reune-mais-de-mil-pessoas-na-abertura-do-campeonato-amador-de-olimpia\/","name":"\u201cFutebol das Estrelas\u201d re\u00fane mais de mil pessoas na abertura do Campeonato Amador de Ol\u00edmpia - Regi\u00e3o News","isPartOf":{"@id":"https:\/\/regiaonews.net.br\/2022\/#website"},"primaryImageOfPage":{"@id":"https:\/\/regiaonews.net.br\/2022\/2023\/05\/18\/futebol-das-estrelas-reune-mais-de-mil-pessoas-na-abertura-do-campeonato-amador-de-olimpia\/#primaryimage"},"image":{"@id":"https:\/\/regiaonews.net.br\/2022\/2023\/05\/18\/futebol-das-estrelas-reune-mais-de-mil-pessoas-na-abertura-do-campeonato-amador-de-olimpia\/#primaryimage"},"thumbnailUrl":"https:\/\/regiaonews.net.br\/2022\/wp-content\/uploads\/2023\/05\/Abertura-Campeonato-Amador-Futebol-das-Estrelas-1.jpg","datePublished":"2023-05-18T19:27:51+00:00","breadcrumb":{"@id":"https:\/\/regiaonews.net.br\/2022\/2023\/05\/18\/futebol-das-estrelas-reune-mais-de-mil-pessoas-na-abertura-do-campeonato-amador-de-olimpia\/#breadcrumb"},"inLanguage":"pt-BR","potentialAction":[{"@type":"ReadAction","target":["https:\/\/regiaonews.net.br\/2022\/2023\/05\/18\/futebol-das-estrelas-reune-mais-de-mil-pessoas-na-abertura-do-campeonato-amador-de-olimpia\/"]}]},{"@type":"ImageObject","inLanguage":"pt-BR","@id":"https:\/\/regiaonews.net.br\/2022\/2023\/05\/18\/futebol-das-estrelas-reune-mais-de-mil-pessoas-na-abertura-do-campeonato-amador-de-olimpia\/#primaryimage","url":"https:\/\/regiaonews.net.br\/2022\/wp-content\/uploads\/2023\/05\/Abertura-Campeonato-Amador-Futebol-das-Estrelas-1.jpg","contentUrl":"https:\/\/regiaonews.net.br\/2022\/wp-content\/uploads\/2023\/05\/Abertura-Campeonato-Amador-Futebol-das-Estrelas-1.jpg","width":2032,"height":1143,"caption":"default"},{"@type":"BreadcrumbList","@id":"https:\/\/regiaonews.net.br\/2022\/2023\/05\/18\/futebol-das-estrelas-reune-mais-de-mil-pessoas-na-abertura-do-campeonato-amador-de-olimpia\/#breadcrumb","itemListElement":[{"@type":"ListItem","position":1,"name":"In\u00edcio","item":"https:\/\/regiaonews.net.br\/2022\/"},{"@type":"ListItem","position":2,"name":"\u201cFutebol das Estrelas\u201d re\u00fane mais de mil pessoas na abertura do Campeonato Amador de Ol\u00edmpia"}]},{"@type":"WebSite","@id":"https:\/\/regiaonews.net.br\/2022\/#website","url":"https:\/\/regiaonews.net.br\/2022\/","name":"Regi\u00e3o News","description":"Site de Not\u00edcias de Barretos e regi\u00e3o","publisher":{"@id":"https:\/\/regiaonews.net.br\/2022\/#organization"},"potentialAction":[{"@type":"SearchAction","target":{"@type":"EntryPoint","urlTemplate":"https:\/\/regiaonews.net.br\/2022\/?s={search_term_string}"},"query-input":{"@type":"PropertyValueSpecification","valueRequired":true,"valueName":"search_term_string"}}],"inLanguage":"pt-BR"},{"@type":"Organization","@id":"https:\/\/regiaonews.net.br\/2022\/#organization","name":"Regi\u00e3o News","url":"https:\/\/regiaonews.net.br\/2022\/","logo":{"@type":"ImageObject","inLanguage":"pt-BR","@id":"https:\/\/regiaonews.net.br\/2022\/#\/schema\/logo\/image\/","url":"https:\/\/regiaonews.net.br\/2022\/wp-content\/uploads\/2026\/03\/regiao-13-anos-scaled.jpg","contentUrl":"https:\/\/regiaonews.net.br\/2022\/wp-content\/uploads\/2026\/03\/regiao-13-anos-scaled.jpg","width":2560,"height":635,"caption":"Regi\u00e3o News"},"image":{"@id":"https:\/\/regiaonews.net.br\/2022\/#\/schema\/logo\/image\/"}},{"@type":"Person","@id":"https:\/\/regiaonews.net.br\/2022\/#\/schema\/person\/2d205a608a5aa97ac279d7a5e6d89ad8","name":"Roberto","image":{"@type":"ImageObject","inLanguage":"pt-BR","@id":"https:\/\/secure.gravatar.com\/avatar\/42749d8b712ff9d59ca93dc150494e5b55a44134482993f5baeb97e61b7ecc89?s=96&d=mm&r=g","url":"https:\/\/secure.gravatar.com\/avatar\/42749d8b712ff9d59ca93dc150494e5b55a44134482993f5baeb97e61b7ecc89?s=96&d=mm&r=g","contentUrl":"https:\/\/secure.gravatar.com\/avatar\/42749d8b712ff9d59ca93dc150494e5b55a44134482993f5baeb97e61b7ecc89?s=96&d=mm&r=g","caption":"Roberto"},"url":"https:\/\/regiaonews.net.br\/2022\/author\/roberto\/"}]}},"publishpress_future_action":{"enabled":false,"date":"2026-05-03 18:05:23","action":"change-status","newStatus":"draft","terms":[],"taxonomy":"category","extraData":[]},"publishpress_future_workflow_manual_trigger":{"enabledWorkflows":[]},"_links":{"self":[{"href":"https:\/\/regiaonews.net.br\/2022\/wp-json\/wp\/v2\/posts\/88391","targetHints":{"allow":["GET"]}}],"collection":[{"href":"https:\/\/regiaonews.net.br\/2022\/wp-json\/wp\/v2\/posts"}],"about":[{"href":"https:\/\/regiaonews.net.br\/2022\/wp-json\/wp\/v2\/types\/post"}],"author":[{"embeddable":true,"href":"https:\/\/regiaonews.net.br\/2022\/wp-json\/wp\/v2\/users\/2"}],"replies":[{"embeddable":true,"href":"https:\/\/regiaonews.net.br\/2022\/wp-json\/wp\/v2\/comments?post=88391"}],"version-history":[{"count":1,"href":"https:\/\/regiaonews.net.br\/2022\/wp-json\/wp\/v2\/posts\/88391\/revisions"}],"predecessor-version":[{"id":88393,"href":"https:\/\/regiaonews.net.br\/2022\/wp-json\/wp\/v2\/posts\/88391\/revisions\/88393"}],"wp:featuredmedia":[{"embeddable":true,"href":"https:\/\/regiaonews.net.br\/2022\/wp-json\/wp\/v2\/media\/88392"}],"wp:attachment":[{"href":"https:\/\/regiaonews.net.br\/2022\/wp-json\/wp\/v2\/media?parent=88391"}],"wp:term":[{"taxonomy":"category","embeddable":true,"href":"https:\/\/regiaonews.net.br\/2022\/wp-json\/wp\/v2\/categories?post=88391"},{"taxonomy":"post_tag","embeddable":true,"href":"https:\/\/regiaonews.net.br\/2022\/wp-json\/wp\/v2\/tags?post=88391"}],"curies":[{"name":"wp","href":"https:\/\/api.w.org\/{rel}","templated":true}]}}