{"id":88385,"date":"2023-05-18T16:25:47","date_gmt":"2023-05-18T19:25:47","guid":{"rendered":"https:\/\/regiaonews.net.br\/2022\/?p=88385"},"modified":"2023-05-18T16:25:47","modified_gmt":"2023-05-18T19:25:47","slug":"grupo-glt-doa-100-cobertores-ao-fundo-social-de-solidariedade","status":"publish","type":"post","link":"https:\/\/regiaonews.net.br\/2022\/2023\/05\/18\/grupo-glt-doa-100-cobertores-ao-fundo-social-de-solidariedade\/","title":{"rendered":"Grupo GLT doa 100 cobertores ao Fundo Social de Solidariedade"},"content":{"rendered":"<div>O Fundo Social de Solidariedade (FSS) recebeu na tarde de ter\u00e7a-feira, 16 de maio, uma doa\u00e7\u00e3o de 100 cobertores do Grupo GLT (Rede Drogadada e Distribuidora). A entrega foi feita por representantes da empresa \u00e0 presidente do FSS, Let\u00edcia Oliveira Lemos, e faz parte da Campanha do Agasalho 2023.<\/div>\n<div>Let\u00edcia agradeceu ao grupo pelo ato de solidariedade e amor ao pr\u00f3ximo e refor\u00e7ou o pedido de doa\u00e7\u00f5es aos mun\u00edcipes e empres\u00e1rios da cidade. \u201cAgrade\u00e7o ao Grupo GLT pelos cobertores que estamos recebendo e pe\u00e7o que mais pessoas possam seguir este exemplo e abra\u00e7ar a causa. As fam\u00edlias em situa\u00e7\u00e3o de maior vulnerabilidade precisam dessa ajuda e acolhimento. Juntos podemos aquecer o inverno daquelas pessoas que mais precisam\u201d, disse.<\/div>\n<div><b>Campanha do Agasalho 2023<\/b><\/div>\n<div>A Campanha do Agasalho 2023 do Fundo Social de Solidariedade est\u00e1 arrecadando roupas masculinas, femininas e infantis em bom estado, al\u00e9m de cobertores, roupas de cama, toalhas, meias, gorros e sapatos.<\/div>\n<div>As doa\u00e7\u00f5es beneficiar\u00e3o a popula\u00e7\u00e3o em situa\u00e7\u00e3o de vulnerabilidade social, entidades assistenciais, comunidades, casas de passagem e institui\u00e7\u00f5es que possam revert\u00ea-las a quem precisar. Elas podem ser entregues na sede do Fundo Social, que fica na Rua 16, n\u00b0 52, entre as Avenidas 29 e 31, ou nos pontos de arrecada\u00e7\u00e3o abaixo. Mais informa\u00e7\u00f5es pelos telefones (17) 3612-2860 e 98182-4337.<\/div>\n<div><\/div>\n<div>PROCON<\/div>\n<div>Avenida 23, n\u00ba 720.<\/div>\n<div><\/div>\n<div>Ag\u00eancias do Banco Santander<\/div>\n<div>Rua 20, 665 \u2013 Centro.<\/div>\n<div>Rua 28, 73 \u2013 Centro.<\/div>\n<div>Av. Altair Silva Bonfim, 1217 &#8211; Dr. Paulo Prata.<\/div>\n<div><\/div>\n<div>North Shopping Barretos<\/div>\n<div>Via Conselheiro Ant\u00f4nio Prado, 1400 &#8211; Pedro Cavalini.<\/div>\n<div><\/div>\n<div>Barretos Country Park &amp; Resort<\/div>\n<div>Av. Pedro Vicentini, 303 \u2013 Aeroporto.<\/div>\n<div><\/div>\n<div>Sal\u00e3o La Bella<\/div>\n<div>Rua 6, 766 \u2013 Centro.<\/div>\n<div><\/div>\n<div>Stop Animal<\/div>\n<div>Loja 1: Rua Messias Gon\u00e7alves, 265 &#8211; Bom Jesus.<\/div>\n<div>Loja 2: Rua 20, 2332 &#8211; Fortaleza.<\/div>\n<div><\/div>\n<div>5 \u00e0 Sec<\/div>\n<div>Rua 22, 459 \u2013 Centro.<\/div>\n<div><\/div>\n<div><b>Reda\u00e7\u00e3o: Rinaldo Filho<\/b><\/div>\n<div><b>Foto: Nivaldo Jr.<\/b><\/div>\n","protected":false},"excerpt":{"rendered":"<p>O Fundo Social de Solidariedade (FSS) recebeu na tarde de<\/p>\n","protected":false},"author":2,"featured_media":88386,"comment_status":"open","ping_status":"open","sticky":false,"template":"","format":"standard","meta":{"footnotes":""},"categories":[14,3],"tags":[],"class_list":["post-88385","post","type-post","status-publish","format-standard","has-post-thumbnail","hentry","category-barretos","category-geral"],"yoast_head":"<!-- This site is optimized with the Yoast SEO plugin v27.4 - https:\/\/yoast.com\/product\/yoast-seo-wordpress\/ -->\n<title>Grupo GLT doa 100 cobertores ao Fundo Social de Solidariedade - Regi\u00e3o News<\/title>\n<meta name=\"robots\" content=\"index, follow, max-snippet:-1, max-image-preview:large, max-video-preview:-1\" \/>\n<link rel=\"canonical\" href=\"https:\/\/regiaonews.net.br\/2022\/2023\/05\/18\/grupo-glt-doa-100-cobertores-ao-fundo-social-de-solidariedade\/\" \/>\n<meta property=\"og:locale\" content=\"pt_BR\" \/>\n<meta property=\"og:type\" content=\"article\" \/>\n<meta property=\"og:title\" content=\"Grupo GLT doa 100 cobertores ao Fundo Social de Solidariedade - Regi\u00e3o News\" \/>\n<meta property=\"og:description\" content=\"O Fundo Social de Solidariedade (FSS) recebeu na tarde de\" \/>\n<meta property=\"og:url\" content=\"https:\/\/regiaonews.net.br\/2022\/2023\/05\/18\/grupo-glt-doa-100-cobertores-ao-fundo-social-de-solidariedade\/\" \/>\n<meta property=\"og:site_name\" content=\"Regi\u00e3o News\" \/>\n<meta property=\"article:published_time\" content=\"2023-05-18T19:25:47+00:00\" \/>\n<meta property=\"og:image\" content=\"https:\/\/regiaonews.net.br\/2022\/wp-content\/uploads\/2023\/05\/b73ce398c39f506af761d2277d853a92.jpeg\" \/>\n\t<meta property=\"og:image:width\" content=\"1600\" \/>\n\t<meta property=\"og:image:height\" content=\"1066\" \/>\n\t<meta property=\"og:image:type\" content=\"image\/jpeg\" \/>\n<meta name=\"author\" content=\"Roberto\" \/>\n<meta name=\"twitter:card\" content=\"summary_large_image\" \/>\n<meta name=\"twitter:label1\" content=\"Escrito por\" \/>\n\t<meta name=\"twitter:data1\" content=\"Roberto\" \/>\n\t<meta name=\"twitter:label2\" content=\"Est. tempo de leitura\" \/>\n\t<meta name=\"twitter:data2\" content=\"2 minutos\" \/>\n<script type=\"application\/ld+json\" class=\"yoast-schema-graph\">{\"@context\":\"https:\\\/\\\/schema.org\",\"@graph\":[{\"@type\":\"Article\",\"@id\":\"https:\\\/\\\/regiaonews.net.br\\\/2022\\\/2023\\\/05\\\/18\\\/grupo-glt-doa-100-cobertores-ao-fundo-social-de-solidariedade\\\/#article\",\"isPartOf\":{\"@id\":\"https:\\\/\\\/regiaonews.net.br\\\/2022\\\/2023\\\/05\\\/18\\\/grupo-glt-doa-100-cobertores-ao-fundo-social-de-solidariedade\\\/\"},\"author\":{\"name\":\"Roberto\",\"@id\":\"https:\\\/\\\/regiaonews.net.br\\\/2022\\\/#\\\/schema\\\/person\\\/2d205a608a5aa97ac279d7a5e6d89ad8\"},\"headline\":\"Grupo GLT doa 100 cobertores ao Fundo Social de Solidariedade\",\"datePublished\":\"2023-05-18T19:25:47+00:00\",\"mainEntityOfPage\":{\"@id\":\"https:\\\/\\\/regiaonews.net.br\\\/2022\\\/2023\\\/05\\\/18\\\/grupo-glt-doa-100-cobertores-ao-fundo-social-de-solidariedade\\\/\"},\"wordCount\":304,\"commentCount\":0,\"publisher\":{\"@id\":\"https:\\\/\\\/regiaonews.net.br\\\/2022\\\/#organization\"},\"image\":{\"@id\":\"https:\\\/\\\/regiaonews.net.br\\\/2022\\\/2023\\\/05\\\/18\\\/grupo-glt-doa-100-cobertores-ao-fundo-social-de-solidariedade\\\/#primaryimage\"},\"thumbnailUrl\":\"https:\\\/\\\/regiaonews.net.br\\\/2022\\\/wp-content\\\/uploads\\\/2023\\\/05\\\/b73ce398c39f506af761d2277d853a92.jpeg\",\"articleSection\":[\"Barretos\",\"Geral\"],\"inLanguage\":\"pt-BR\",\"potentialAction\":[{\"@type\":\"CommentAction\",\"name\":\"Comment\",\"target\":[\"https:\\\/\\\/regiaonews.net.br\\\/2022\\\/2023\\\/05\\\/18\\\/grupo-glt-doa-100-cobertores-ao-fundo-social-de-solidariedade\\\/#respond\"]}]},{\"@type\":\"WebPage\",\"@id\":\"https:\\\/\\\/regiaonews.net.br\\\/2022\\\/2023\\\/05\\\/18\\\/grupo-glt-doa-100-cobertores-ao-fundo-social-de-solidariedade\\\/\",\"url\":\"https:\\\/\\\/regiaonews.net.br\\\/2022\\\/2023\\\/05\\\/18\\\/grupo-glt-doa-100-cobertores-ao-fundo-social-de-solidariedade\\\/\",\"name\":\"Grupo GLT doa 100 cobertores ao Fundo Social de Solidariedade - Regi\u00e3o News\",\"isPartOf\":{\"@id\":\"https:\\\/\\\/regiaonews.net.br\\\/2022\\\/#website\"},\"primaryImageOfPage\":{\"@id\":\"https:\\\/\\\/regiaonews.net.br\\\/2022\\\/2023\\\/05\\\/18\\\/grupo-glt-doa-100-cobertores-ao-fundo-social-de-solidariedade\\\/#primaryimage\"},\"image\":{\"@id\":\"https:\\\/\\\/regiaonews.net.br\\\/2022\\\/2023\\\/05\\\/18\\\/grupo-glt-doa-100-cobertores-ao-fundo-social-de-solidariedade\\\/#primaryimage\"},\"thumbnailUrl\":\"https:\\\/\\\/regiaonews.net.br\\\/2022\\\/wp-content\\\/uploads\\\/2023\\\/05\\\/b73ce398c39f506af761d2277d853a92.jpeg\",\"datePublished\":\"2023-05-18T19:25:47+00:00\",\"breadcrumb\":{\"@id\":\"https:\\\/\\\/regiaonews.net.br\\\/2022\\\/2023\\\/05\\\/18\\\/grupo-glt-doa-100-cobertores-ao-fundo-social-de-solidariedade\\\/#breadcrumb\"},\"inLanguage\":\"pt-BR\",\"potentialAction\":[{\"@type\":\"ReadAction\",\"target\":[\"https:\\\/\\\/regiaonews.net.br\\\/2022\\\/2023\\\/05\\\/18\\\/grupo-glt-doa-100-cobertores-ao-fundo-social-de-solidariedade\\\/\"]}]},{\"@type\":\"ImageObject\",\"inLanguage\":\"pt-BR\",\"@id\":\"https:\\\/\\\/regiaonews.net.br\\\/2022\\\/2023\\\/05\\\/18\\\/grupo-glt-doa-100-cobertores-ao-fundo-social-de-solidariedade\\\/#primaryimage\",\"url\":\"https:\\\/\\\/regiaonews.net.br\\\/2022\\\/wp-content\\\/uploads\\\/2023\\\/05\\\/b73ce398c39f506af761d2277d853a92.jpeg\",\"contentUrl\":\"https:\\\/\\\/regiaonews.net.br\\\/2022\\\/wp-content\\\/uploads\\\/2023\\\/05\\\/b73ce398c39f506af761d2277d853a92.jpeg\",\"width\":1600,\"height\":1066},{\"@type\":\"BreadcrumbList\",\"@id\":\"https:\\\/\\\/regiaonews.net.br\\\/2022\\\/2023\\\/05\\\/18\\\/grupo-glt-doa-100-cobertores-ao-fundo-social-de-solidariedade\\\/#breadcrumb\",\"itemListElement\":[{\"@type\":\"ListItem\",\"position\":1,\"name\":\"In\u00edcio\",\"item\":\"https:\\\/\\\/regiaonews.net.br\\\/2022\\\/\"},{\"@type\":\"ListItem\",\"position\":2,\"name\":\"Grupo GLT doa 100 cobertores ao Fundo Social de Solidariedade\"}]},{\"@type\":\"WebSite\",\"@id\":\"https:\\\/\\\/regiaonews.net.br\\\/2022\\\/#website\",\"url\":\"https:\\\/\\\/regiaonews.net.br\\\/2022\\\/\",\"name\":\"Regi\u00e3o News\",\"description\":\"Site de Not\u00edcias de Barretos e regi\u00e3o\",\"publisher\":{\"@id\":\"https:\\\/\\\/regiaonews.net.br\\\/2022\\\/#organization\"},\"potentialAction\":[{\"@type\":\"SearchAction\",\"target\":{\"@type\":\"EntryPoint\",\"urlTemplate\":\"https:\\\/\\\/regiaonews.net.br\\\/2022\\\/?s={search_term_string}\"},\"query-input\":{\"@type\":\"PropertyValueSpecification\",\"valueRequired\":true,\"valueName\":\"search_term_string\"}}],\"inLanguage\":\"pt-BR\"},{\"@type\":\"Organization\",\"@id\":\"https:\\\/\\\/regiaonews.net.br\\\/2022\\\/#organization\",\"name\":\"Regi\u00e3o News\",\"url\":\"https:\\\/\\\/regiaonews.net.br\\\/2022\\\/\",\"logo\":{\"@type\":\"ImageObject\",\"inLanguage\":\"pt-BR\",\"@id\":\"https:\\\/\\\/regiaonews.net.br\\\/2022\\\/#\\\/schema\\\/logo\\\/image\\\/\",\"url\":\"https:\\\/\\\/regiaonews.net.br\\\/2022\\\/wp-content\\\/uploads\\\/2026\\\/03\\\/regiao-13-anos-scaled.jpg\",\"contentUrl\":\"https:\\\/\\\/regiaonews.net.br\\\/2022\\\/wp-content\\\/uploads\\\/2026\\\/03\\\/regiao-13-anos-scaled.jpg\",\"width\":2560,\"height\":635,\"caption\":\"Regi\u00e3o News\"},\"image\":{\"@id\":\"https:\\\/\\\/regiaonews.net.br\\\/2022\\\/#\\\/schema\\\/logo\\\/image\\\/\"}},{\"@type\":\"Person\",\"@id\":\"https:\\\/\\\/regiaonews.net.br\\\/2022\\\/#\\\/schema\\\/person\\\/2d205a608a5aa97ac279d7a5e6d89ad8\",\"name\":\"Roberto\",\"image\":{\"@type\":\"ImageObject\",\"inLanguage\":\"pt-BR\",\"@id\":\"https:\\\/\\\/secure.gravatar.com\\\/avatar\\\/42749d8b712ff9d59ca93dc150494e5b55a44134482993f5baeb97e61b7ecc89?s=96&d=mm&r=g\",\"url\":\"https:\\\/\\\/secure.gravatar.com\\\/avatar\\\/42749d8b712ff9d59ca93dc150494e5b55a44134482993f5baeb97e61b7ecc89?s=96&d=mm&r=g\",\"contentUrl\":\"https:\\\/\\\/secure.gravatar.com\\\/avatar\\\/42749d8b712ff9d59ca93dc150494e5b55a44134482993f5baeb97e61b7ecc89?s=96&d=mm&r=g\",\"caption\":\"Roberto\"},\"url\":\"https:\\\/\\\/regiaonews.net.br\\\/2022\\\/author\\\/roberto\\\/\"}]}<\/script>\n<!-- \/ Yoast SEO plugin. -->","yoast_head_json":{"title":"Grupo GLT doa 100 cobertores ao Fundo Social de Solidariedade - Regi\u00e3o News","robots":{"index":"index","follow":"follow","max-snippet":"max-snippet:-1","max-image-preview":"max-image-preview:large","max-video-preview":"max-video-preview:-1"},"canonical":"https:\/\/regiaonews.net.br\/2022\/2023\/05\/18\/grupo-glt-doa-100-cobertores-ao-fundo-social-de-solidariedade\/","og_locale":"pt_BR","og_type":"article","og_title":"Grupo GLT doa 100 cobertores ao Fundo Social de Solidariedade - Regi\u00e3o News","og_description":"O Fundo Social de Solidariedade (FSS) recebeu na tarde de","og_url":"https:\/\/regiaonews.net.br\/2022\/2023\/05\/18\/grupo-glt-doa-100-cobertores-ao-fundo-social-de-solidariedade\/","og_site_name":"Regi\u00e3o News","article_published_time":"2023-05-18T19:25:47+00:00","og_image":[{"width":1600,"height":1066,"url":"https:\/\/regiaonews.net.br\/2022\/wp-content\/uploads\/2023\/05\/b73ce398c39f506af761d2277d853a92.jpeg","type":"image\/jpeg"}],"author":"Roberto","twitter_card":"summary_large_image","twitter_misc":{"Escrito por":"Roberto","Est. tempo de leitura":"2 minutos"},"schema":{"@context":"https:\/\/schema.org","@graph":[{"@type":"Article","@id":"https:\/\/regiaonews.net.br\/2022\/2023\/05\/18\/grupo-glt-doa-100-cobertores-ao-fundo-social-de-solidariedade\/#article","isPartOf":{"@id":"https:\/\/regiaonews.net.br\/2022\/2023\/05\/18\/grupo-glt-doa-100-cobertores-ao-fundo-social-de-solidariedade\/"},"author":{"name":"Roberto","@id":"https:\/\/regiaonews.net.br\/2022\/#\/schema\/person\/2d205a608a5aa97ac279d7a5e6d89ad8"},"headline":"Grupo GLT doa 100 cobertores ao Fundo Social de Solidariedade","datePublished":"2023-05-18T19:25:47+00:00","mainEntityOfPage":{"@id":"https:\/\/regiaonews.net.br\/2022\/2023\/05\/18\/grupo-glt-doa-100-cobertores-ao-fundo-social-de-solidariedade\/"},"wordCount":304,"commentCount":0,"publisher":{"@id":"https:\/\/regiaonews.net.br\/2022\/#organization"},"image":{"@id":"https:\/\/regiaonews.net.br\/2022\/2023\/05\/18\/grupo-glt-doa-100-cobertores-ao-fundo-social-de-solidariedade\/#primaryimage"},"thumbnailUrl":"https:\/\/regiaonews.net.br\/2022\/wp-content\/uploads\/2023\/05\/b73ce398c39f506af761d2277d853a92.jpeg","articleSection":["Barretos","Geral"],"inLanguage":"pt-BR","potentialAction":[{"@type":"CommentAction","name":"Comment","target":["https:\/\/regiaonews.net.br\/2022\/2023\/05\/18\/grupo-glt-doa-100-cobertores-ao-fundo-social-de-solidariedade\/#respond"]}]},{"@type":"WebPage","@id":"https:\/\/regiaonews.net.br\/2022\/2023\/05\/18\/grupo-glt-doa-100-cobertores-ao-fundo-social-de-solidariedade\/","url":"https:\/\/regiaonews.net.br\/2022\/2023\/05\/18\/grupo-glt-doa-100-cobertores-ao-fundo-social-de-solidariedade\/","name":"Grupo GLT doa 100 cobertores ao Fundo Social de Solidariedade - Regi\u00e3o News","isPartOf":{"@id":"https:\/\/regiaonews.net.br\/2022\/#website"},"primaryImageOfPage":{"@id":"https:\/\/regiaonews.net.br\/2022\/2023\/05\/18\/grupo-glt-doa-100-cobertores-ao-fundo-social-de-solidariedade\/#primaryimage"},"image":{"@id":"https:\/\/regiaonews.net.br\/2022\/2023\/05\/18\/grupo-glt-doa-100-cobertores-ao-fundo-social-de-solidariedade\/#primaryimage"},"thumbnailUrl":"https:\/\/regiaonews.net.br\/2022\/wp-content\/uploads\/2023\/05\/b73ce398c39f506af761d2277d853a92.jpeg","datePublished":"2023-05-18T19:25:47+00:00","breadcrumb":{"@id":"https:\/\/regiaonews.net.br\/2022\/2023\/05\/18\/grupo-glt-doa-100-cobertores-ao-fundo-social-de-solidariedade\/#breadcrumb"},"inLanguage":"pt-BR","potentialAction":[{"@type":"ReadAction","target":["https:\/\/regiaonews.net.br\/2022\/2023\/05\/18\/grupo-glt-doa-100-cobertores-ao-fundo-social-de-solidariedade\/"]}]},{"@type":"ImageObject","inLanguage":"pt-BR","@id":"https:\/\/regiaonews.net.br\/2022\/2023\/05\/18\/grupo-glt-doa-100-cobertores-ao-fundo-social-de-solidariedade\/#primaryimage","url":"https:\/\/regiaonews.net.br\/2022\/wp-content\/uploads\/2023\/05\/b73ce398c39f506af761d2277d853a92.jpeg","contentUrl":"https:\/\/regiaonews.net.br\/2022\/wp-content\/uploads\/2023\/05\/b73ce398c39f506af761d2277d853a92.jpeg","width":1600,"height":1066},{"@type":"BreadcrumbList","@id":"https:\/\/regiaonews.net.br\/2022\/2023\/05\/18\/grupo-glt-doa-100-cobertores-ao-fundo-social-de-solidariedade\/#breadcrumb","itemListElement":[{"@type":"ListItem","position":1,"name":"In\u00edcio","item":"https:\/\/regiaonews.net.br\/2022\/"},{"@type":"ListItem","position":2,"name":"Grupo GLT doa 100 cobertores ao Fundo Social de Solidariedade"}]},{"@type":"WebSite","@id":"https:\/\/regiaonews.net.br\/2022\/#website","url":"https:\/\/regiaonews.net.br\/2022\/","name":"Regi\u00e3o News","description":"Site de Not\u00edcias de Barretos e regi\u00e3o","publisher":{"@id":"https:\/\/regiaonews.net.br\/2022\/#organization"},"potentialAction":[{"@type":"SearchAction","target":{"@type":"EntryPoint","urlTemplate":"https:\/\/regiaonews.net.br\/2022\/?s={search_term_string}"},"query-input":{"@type":"PropertyValueSpecification","valueRequired":true,"valueName":"search_term_string"}}],"inLanguage":"pt-BR"},{"@type":"Organization","@id":"https:\/\/regiaonews.net.br\/2022\/#organization","name":"Regi\u00e3o News","url":"https:\/\/regiaonews.net.br\/2022\/","logo":{"@type":"ImageObject","inLanguage":"pt-BR","@id":"https:\/\/regiaonews.net.br\/2022\/#\/schema\/logo\/image\/","url":"https:\/\/regiaonews.net.br\/2022\/wp-content\/uploads\/2026\/03\/regiao-13-anos-scaled.jpg","contentUrl":"https:\/\/regiaonews.net.br\/2022\/wp-content\/uploads\/2026\/03\/regiao-13-anos-scaled.jpg","width":2560,"height":635,"caption":"Regi\u00e3o News"},"image":{"@id":"https:\/\/regiaonews.net.br\/2022\/#\/schema\/logo\/image\/"}},{"@type":"Person","@id":"https:\/\/regiaonews.net.br\/2022\/#\/schema\/person\/2d205a608a5aa97ac279d7a5e6d89ad8","name":"Roberto","image":{"@type":"ImageObject","inLanguage":"pt-BR","@id":"https:\/\/secure.gravatar.com\/avatar\/42749d8b712ff9d59ca93dc150494e5b55a44134482993f5baeb97e61b7ecc89?s=96&d=mm&r=g","url":"https:\/\/secure.gravatar.com\/avatar\/42749d8b712ff9d59ca93dc150494e5b55a44134482993f5baeb97e61b7ecc89?s=96&d=mm&r=g","contentUrl":"https:\/\/secure.gravatar.com\/avatar\/42749d8b712ff9d59ca93dc150494e5b55a44134482993f5baeb97e61b7ecc89?s=96&d=mm&r=g","caption":"Roberto"},"url":"https:\/\/regiaonews.net.br\/2022\/author\/roberto\/"}]}},"publishpress_future_action":{"enabled":false,"date":"2026-05-03 21:35:50","action":"change-status","newStatus":"draft","terms":[],"taxonomy":"category","extraData":[]},"publishpress_future_workflow_manual_trigger":{"enabledWorkflows":[]},"_links":{"self":[{"href":"https:\/\/regiaonews.net.br\/2022\/wp-json\/wp\/v2\/posts\/88385","targetHints":{"allow":["GET"]}}],"collection":[{"href":"https:\/\/regiaonews.net.br\/2022\/wp-json\/wp\/v2\/posts"}],"about":[{"href":"https:\/\/regiaonews.net.br\/2022\/wp-json\/wp\/v2\/types\/post"}],"author":[{"embeddable":true,"href":"https:\/\/regiaonews.net.br\/2022\/wp-json\/wp\/v2\/users\/2"}],"replies":[{"embeddable":true,"href":"https:\/\/regiaonews.net.br\/2022\/wp-json\/wp\/v2\/comments?post=88385"}],"version-history":[{"count":1,"href":"https:\/\/regiaonews.net.br\/2022\/wp-json\/wp\/v2\/posts\/88385\/revisions"}],"predecessor-version":[{"id":88387,"href":"https:\/\/regiaonews.net.br\/2022\/wp-json\/wp\/v2\/posts\/88385\/revisions\/88387"}],"wp:featuredmedia":[{"embeddable":true,"href":"https:\/\/regiaonews.net.br\/2022\/wp-json\/wp\/v2\/media\/88386"}],"wp:attachment":[{"href":"https:\/\/regiaonews.net.br\/2022\/wp-json\/wp\/v2\/media?parent=88385"}],"wp:term":[{"taxonomy":"category","embeddable":true,"href":"https:\/\/regiaonews.net.br\/2022\/wp-json\/wp\/v2\/categories?post=88385"},{"taxonomy":"post_tag","embeddable":true,"href":"https:\/\/regiaonews.net.br\/2022\/wp-json\/wp\/v2\/tags?post=88385"}],"curies":[{"name":"wp","href":"https:\/\/api.w.org\/{rel}","templated":true}]}}