{"id":88382,"date":"2023-05-18T16:24:38","date_gmt":"2023-05-18T19:24:38","guid":{"rendered":"https:\/\/regiaonews.net.br\/2022\/?p=88382"},"modified":"2023-05-18T16:24:38","modified_gmt":"2023-05-18T19:24:38","slug":"paulista-de-cri-e-estrada-sao-os-proximos-desafios-do-ciclismo-paulista","status":"publish","type":"post","link":"https:\/\/regiaonews.net.br\/2022\/2023\/05\/18\/paulista-de-cri-e-estrada-sao-os-proximos-desafios-do-ciclismo-paulista\/","title":{"rendered":"Paulista de CRI e Estrada s\u00e3o os pr\u00f3ximos  desafios do ciclismo paulista"},"content":{"rendered":"<h3 style=\"text-align: center;\">Disputas ser\u00e3o nos dias 20 e 21, outra vez em Barretos.<\/h3>\n<p>S\u00e3o Paulo (SP) \u2013 Barretos ser\u00e1 mais uma vez o palco de uma grande competi\u00e7\u00e3o do calend\u00e1rio paulista de ciclismo neste m\u00eas. A cidade no norte do estado recebeu no \u00faltimo fim de semana do 10\u00aa Volta Cicl\u00edstica Feminina do Brasil da 15\u00ba Volta Cicl\u00edstica do Futuro e agora se prepara para sediar o Campeonato Paulista de Estrada e Contrarrel\u00f3gio Individual (CRI), programados para os dias 20 e 21 de maio, mais uma vez em um circuito montado no Parque do Pe\u00e3o, na Via Comitivas Dr. Alberto Cardoso Alves, em um circuito de 14 km por volta.<br \/>\nAs inscri\u00e7\u00f5es seguem abertas e dever\u00e3o ser realizadas somente on-line pelo link https:\/\/partiupedal.com\/evento\/estadual-de-estrada-e-cri-sao-paulo\/, al\u00e9m do acesso pelo site da FPCiclismo, www.fpciclismo.org.br, at\u00e9 18 de maio (quinta-feira), \u00e0s 23h59. O ciclista poder\u00e1 se inscrever em apenas uma das categorias. A inscri\u00e7\u00e3o ter\u00e1 o valor de R$ 80,00 (oitenta reais) por ciclista, tanto para o CRI como para a Estrada. P<br \/>\nA programa\u00e7\u00e3o prev\u00ea para s\u00e1bado, dia 20, a prova de Contrarrel\u00f3gio Individual a partir das 9h30. J\u00e1 no domingo, dias 21, a partir das 8h, ser\u00e1 a vez do Paulista de Estrada, aberto a 31 categorias de idades, e que estar\u00e1 dividido em quatro baterias. Para as provas oficiais, somente poder\u00e3o participar atletas devidamente federados no Estado de S\u00e3o Paulo.<br \/>\n\u201cAgora o foco se volta para o Paulista de Estrada e Contrarrel\u00f3gio Individual. Como aconteceu no fim de semana, esperamos mais dois grandes eventos com ciclismo de qualidade na briga pelo t\u00edtulo paulista das duas disciplinas\u201d, destaca presidente da FPCiclismo, Jos\u00e9 Cl\u00e1udio \u201cFacex\u201d.<br \/>\nO Campeonato Paulista CRI\/Estrada 2023 tem organiza\u00e7\u00e3o e realiza\u00e7\u00e3o da Federa\u00e7\u00e3o Paulista de Ciclismo, com apoio da Prefeitura Municipal de Barretos.<\/p>\n<p>Programa\u00e7\u00e3o<\/p>\n<p>S\u00e1bado, 20 de maio \u2013 Contrarrel\u00f3gio Individual (CRI)<br \/>\n7h \u2013 Abertura da Secretaria<br \/>\n8h30 \u2013 Fechamento da Secretaria<br \/>\n8h45 \u2013 Divulga\u00e7\u00e3o da ordem de largada<br \/>\n9h \u2013 In\u00edcio da Largada, pela ordem:<br \/>\nInfanto-Juvenil Masc\/Fem \u2013 1 volta<br \/>\nJuvenil Masc\/Fem \u2013 1 volta<br \/>\nJ\u00fanior Masc\/Fem \u2013 1 volta<br \/>\nMaster Fem C, B, A<br \/>\nMaster D2, D1, C2, C1, B2, B1, A2, A1 \u2013 1 volta<br \/>\nElite\/Sub-23 Fem \u2013 1 volta<br \/>\nElite\/Sub-23 Masc \u2013 2 voltas;<\/p>\n<p>Dia 21, Domingo \u2013 Estrada<\/p>\n<p>1\u00aa Bateria<br \/>\n8h-Infantil Mas\/Fem, 1 volta (14 Km)<br \/>\n8h01 \u2013 Mirim Mas\/Fem, \u00bd volta (7 Km)<br \/>\n8h25 \u2013 Kids Mas\/Fem 00:15 \u2013 500 m<\/p>\n<p>2\u00aa Bateria<br \/>\n8h50 \u2013 Elite Feminino, 5 voltas (70 Km)<br \/>\n8h50 \u2013 Sub 23 Feminino, 5 voltas (70 Km)<br \/>\n8h51 \u2013 J\u00fanior Feminino, 4 voltas (56 Km)<br \/>\n8h51 \u2013 Juvenil Feminino, 4 voltas (56 Km)<br \/>\n8h51 \u2013 Infanto Juvenil Fem, 4 voltas (56 Km)<br \/>\n8h53 \u2013 Master A Feminino, 4 voltas (56 Km)<br \/>\n8h53 \u2013 Master B Feminino, 4 voltas (56 Km)<br \/>\n8h53 \u2013 Master C Feminino, 4 voltas (56 Km)<br \/>\n8h53 \u2013 Open Feminino, 4 voltas (56 Km)<br \/>\n8h56 \u2013 Master D1, 4 voltas (56 Km)<br \/>\n8h56 \u2013 Master D2, 4 voltas (56 Km)<\/p>\n<p>3\u00aa Bateria<br \/>\n11h \u2013 Master B1, 6 voltas (84 Km)<br \/>\n11h \u2013 Master B2, 6 voltas (84 Km)<br \/>\n11h \u2013 Open Masc, 6 voltas (84 Km)<br \/>\n11h01 \u2013 J\u00fanior Masculino, 6 voltas (84 Km)<br \/>\n11h04 \u2013 Juvenil Masculino, 5 voltas (70 Km)<br \/>\n11h04 \u2013 Infanto Juvenil Masc, 5 voltas (70 Km)<br \/>\n11h05 \u2013 Master C1, 5 voltas (70 Km)<br \/>\n11h05 \u2013 Master C2, 5 voltas (70 Km)<br \/>\n11h08 \u2013 MTB Elite, 4 voltas (56 Km)<\/p>\n<p>4\u00aa Bateria<br \/>\n13h15 \u2013 Elite Masculino, 10 voltas (140 Km)<br \/>\n13h15 \u2013 Sub 23 Masculino, 1 voltas (140 Km)<br \/>\n13h17 \u2013 Sub 30 Masculino, 6 voltas (84 Km)<br \/>\n13h19 \u2013 Master A1, 6 voltas (84 Km)<br \/>\n13h19 \u2013 Master A2, 6 voltas (84 Km)<\/p>\n<p>Mais informa\u00e7\u00f5es no site www.fpciclismo.org.br<\/p>\n<p>Diretoria de Imprensa da FPCiclismo:<br \/>\nMarcelo Eduardo Braga \u2013 MTB 18324<br \/>\nFone: (11) 98266-6086\/98181-7838<br \/>\nE-mails: imprensa@fpciclismo.org.br \/mbragacom@mbragacom.com.br<\/p>\n","protected":false},"excerpt":{"rendered":"<p>Disputas ser\u00e3o nos dias 20 e 21, outra vez em<\/p>\n","protected":false},"author":2,"featured_media":88383,"comment_status":"open","ping_status":"open","sticky":false,"template":"","format":"standard","meta":{"footnotes":""},"categories":[14,3],"tags":[],"class_list":["post-88382","post","type-post","status-publish","format-standard","has-post-thumbnail","hentry","category-barretos","category-geral"],"yoast_head":"<!-- This site is optimized with the Yoast SEO plugin v27.4 - https:\/\/yoast.com\/product\/yoast-seo-wordpress\/ -->\n<title>Paulista de CRI e Estrada s\u00e3o os pr\u00f3ximos desafios do ciclismo paulista - Regi\u00e3o News<\/title>\n<meta name=\"robots\" content=\"index, follow, max-snippet:-1, max-image-preview:large, max-video-preview:-1\" \/>\n<link rel=\"canonical\" href=\"https:\/\/regiaonews.net.br\/2022\/2023\/05\/18\/paulista-de-cri-e-estrada-sao-os-proximos-desafios-do-ciclismo-paulista\/\" \/>\n<meta property=\"og:locale\" content=\"pt_BR\" \/>\n<meta property=\"og:type\" content=\"article\" \/>\n<meta property=\"og:title\" content=\"Paulista de CRI e Estrada s\u00e3o os pr\u00f3ximos desafios do ciclismo paulista - Regi\u00e3o News\" \/>\n<meta property=\"og:description\" content=\"Disputas ser\u00e3o nos dias 20 e 21, outra vez em\" \/>\n<meta property=\"og:url\" content=\"https:\/\/regiaonews.net.br\/2022\/2023\/05\/18\/paulista-de-cri-e-estrada-sao-os-proximos-desafios-do-ciclismo-paulista\/\" \/>\n<meta property=\"og:site_name\" content=\"Regi\u00e3o News\" \/>\n<meta property=\"article:published_time\" content=\"2023-05-18T19:24:38+00:00\" \/>\n<meta property=\"og:image\" content=\"https:\/\/regiaonews.net.br\/2022\/wp-content\/uploads\/2023\/05\/hjzpkma8f_WhatsApp-Image-2023-04-24-at-18.06.23.jpeg\" \/>\n\t<meta property=\"og:image:width\" content=\"1500\" \/>\n\t<meta property=\"og:image:height\" content=\"1000\" \/>\n\t<meta property=\"og:image:type\" content=\"image\/jpeg\" \/>\n<meta name=\"author\" content=\"Roberto\" \/>\n<meta name=\"twitter:card\" content=\"summary_large_image\" \/>\n<meta name=\"twitter:label1\" content=\"Escrito por\" \/>\n\t<meta name=\"twitter:data1\" content=\"Roberto\" \/>\n\t<meta name=\"twitter:label2\" content=\"Est. tempo de leitura\" \/>\n\t<meta name=\"twitter:data2\" content=\"4 minutos\" \/>\n<script type=\"application\/ld+json\" class=\"yoast-schema-graph\">{\"@context\":\"https:\\\/\\\/schema.org\",\"@graph\":[{\"@type\":\"Article\",\"@id\":\"https:\\\/\\\/regiaonews.net.br\\\/2022\\\/2023\\\/05\\\/18\\\/paulista-de-cri-e-estrada-sao-os-proximos-desafios-do-ciclismo-paulista\\\/#article\",\"isPartOf\":{\"@id\":\"https:\\\/\\\/regiaonews.net.br\\\/2022\\\/2023\\\/05\\\/18\\\/paulista-de-cri-e-estrada-sao-os-proximos-desafios-do-ciclismo-paulista\\\/\"},\"author\":{\"name\":\"Roberto\",\"@id\":\"https:\\\/\\\/regiaonews.net.br\\\/2022\\\/#\\\/schema\\\/person\\\/2d205a608a5aa97ac279d7a5e6d89ad8\"},\"headline\":\"Paulista de CRI e Estrada s\u00e3o os pr\u00f3ximos desafios do ciclismo paulista\",\"datePublished\":\"2023-05-18T19:24:38+00:00\",\"mainEntityOfPage\":{\"@id\":\"https:\\\/\\\/regiaonews.net.br\\\/2022\\\/2023\\\/05\\\/18\\\/paulista-de-cri-e-estrada-sao-os-proximos-desafios-do-ciclismo-paulista\\\/\"},\"wordCount\":576,\"commentCount\":0,\"publisher\":{\"@id\":\"https:\\\/\\\/regiaonews.net.br\\\/2022\\\/#organization\"},\"image\":{\"@id\":\"https:\\\/\\\/regiaonews.net.br\\\/2022\\\/2023\\\/05\\\/18\\\/paulista-de-cri-e-estrada-sao-os-proximos-desafios-do-ciclismo-paulista\\\/#primaryimage\"},\"thumbnailUrl\":\"https:\\\/\\\/regiaonews.net.br\\\/2022\\\/wp-content\\\/uploads\\\/2023\\\/05\\\/hjzpkma8f_WhatsApp-Image-2023-04-24-at-18.06.23.jpeg\",\"articleSection\":[\"Barretos\",\"Geral\"],\"inLanguage\":\"pt-BR\",\"potentialAction\":[{\"@type\":\"CommentAction\",\"name\":\"Comment\",\"target\":[\"https:\\\/\\\/regiaonews.net.br\\\/2022\\\/2023\\\/05\\\/18\\\/paulista-de-cri-e-estrada-sao-os-proximos-desafios-do-ciclismo-paulista\\\/#respond\"]}]},{\"@type\":\"WebPage\",\"@id\":\"https:\\\/\\\/regiaonews.net.br\\\/2022\\\/2023\\\/05\\\/18\\\/paulista-de-cri-e-estrada-sao-os-proximos-desafios-do-ciclismo-paulista\\\/\",\"url\":\"https:\\\/\\\/regiaonews.net.br\\\/2022\\\/2023\\\/05\\\/18\\\/paulista-de-cri-e-estrada-sao-os-proximos-desafios-do-ciclismo-paulista\\\/\",\"name\":\"Paulista de CRI e Estrada s\u00e3o os pr\u00f3ximos desafios do ciclismo paulista - Regi\u00e3o News\",\"isPartOf\":{\"@id\":\"https:\\\/\\\/regiaonews.net.br\\\/2022\\\/#website\"},\"primaryImageOfPage\":{\"@id\":\"https:\\\/\\\/regiaonews.net.br\\\/2022\\\/2023\\\/05\\\/18\\\/paulista-de-cri-e-estrada-sao-os-proximos-desafios-do-ciclismo-paulista\\\/#primaryimage\"},\"image\":{\"@id\":\"https:\\\/\\\/regiaonews.net.br\\\/2022\\\/2023\\\/05\\\/18\\\/paulista-de-cri-e-estrada-sao-os-proximos-desafios-do-ciclismo-paulista\\\/#primaryimage\"},\"thumbnailUrl\":\"https:\\\/\\\/regiaonews.net.br\\\/2022\\\/wp-content\\\/uploads\\\/2023\\\/05\\\/hjzpkma8f_WhatsApp-Image-2023-04-24-at-18.06.23.jpeg\",\"datePublished\":\"2023-05-18T19:24:38+00:00\",\"breadcrumb\":{\"@id\":\"https:\\\/\\\/regiaonews.net.br\\\/2022\\\/2023\\\/05\\\/18\\\/paulista-de-cri-e-estrada-sao-os-proximos-desafios-do-ciclismo-paulista\\\/#breadcrumb\"},\"inLanguage\":\"pt-BR\",\"potentialAction\":[{\"@type\":\"ReadAction\",\"target\":[\"https:\\\/\\\/regiaonews.net.br\\\/2022\\\/2023\\\/05\\\/18\\\/paulista-de-cri-e-estrada-sao-os-proximos-desafios-do-ciclismo-paulista\\\/\"]}]},{\"@type\":\"ImageObject\",\"inLanguage\":\"pt-BR\",\"@id\":\"https:\\\/\\\/regiaonews.net.br\\\/2022\\\/2023\\\/05\\\/18\\\/paulista-de-cri-e-estrada-sao-os-proximos-desafios-do-ciclismo-paulista\\\/#primaryimage\",\"url\":\"https:\\\/\\\/regiaonews.net.br\\\/2022\\\/wp-content\\\/uploads\\\/2023\\\/05\\\/hjzpkma8f_WhatsApp-Image-2023-04-24-at-18.06.23.jpeg\",\"contentUrl\":\"https:\\\/\\\/regiaonews.net.br\\\/2022\\\/wp-content\\\/uploads\\\/2023\\\/05\\\/hjzpkma8f_WhatsApp-Image-2023-04-24-at-18.06.23.jpeg\",\"width\":1500,\"height\":1000},{\"@type\":\"BreadcrumbList\",\"@id\":\"https:\\\/\\\/regiaonews.net.br\\\/2022\\\/2023\\\/05\\\/18\\\/paulista-de-cri-e-estrada-sao-os-proximos-desafios-do-ciclismo-paulista\\\/#breadcrumb\",\"itemListElement\":[{\"@type\":\"ListItem\",\"position\":1,\"name\":\"In\u00edcio\",\"item\":\"https:\\\/\\\/regiaonews.net.br\\\/2022\\\/\"},{\"@type\":\"ListItem\",\"position\":2,\"name\":\"Paulista de CRI e Estrada s\u00e3o os pr\u00f3ximos desafios do ciclismo paulista\"}]},{\"@type\":\"WebSite\",\"@id\":\"https:\\\/\\\/regiaonews.net.br\\\/2022\\\/#website\",\"url\":\"https:\\\/\\\/regiaonews.net.br\\\/2022\\\/\",\"name\":\"Regi\u00e3o News\",\"description\":\"Site de Not\u00edcias de Barretos e regi\u00e3o\",\"publisher\":{\"@id\":\"https:\\\/\\\/regiaonews.net.br\\\/2022\\\/#organization\"},\"potentialAction\":[{\"@type\":\"SearchAction\",\"target\":{\"@type\":\"EntryPoint\",\"urlTemplate\":\"https:\\\/\\\/regiaonews.net.br\\\/2022\\\/?s={search_term_string}\"},\"query-input\":{\"@type\":\"PropertyValueSpecification\",\"valueRequired\":true,\"valueName\":\"search_term_string\"}}],\"inLanguage\":\"pt-BR\"},{\"@type\":\"Organization\",\"@id\":\"https:\\\/\\\/regiaonews.net.br\\\/2022\\\/#organization\",\"name\":\"Regi\u00e3o News\",\"url\":\"https:\\\/\\\/regiaonews.net.br\\\/2022\\\/\",\"logo\":{\"@type\":\"ImageObject\",\"inLanguage\":\"pt-BR\",\"@id\":\"https:\\\/\\\/regiaonews.net.br\\\/2022\\\/#\\\/schema\\\/logo\\\/image\\\/\",\"url\":\"https:\\\/\\\/regiaonews.net.br\\\/2022\\\/wp-content\\\/uploads\\\/2026\\\/03\\\/regiao-13-anos-scaled.jpg\",\"contentUrl\":\"https:\\\/\\\/regiaonews.net.br\\\/2022\\\/wp-content\\\/uploads\\\/2026\\\/03\\\/regiao-13-anos-scaled.jpg\",\"width\":2560,\"height\":635,\"caption\":\"Regi\u00e3o News\"},\"image\":{\"@id\":\"https:\\\/\\\/regiaonews.net.br\\\/2022\\\/#\\\/schema\\\/logo\\\/image\\\/\"}},{\"@type\":\"Person\",\"@id\":\"https:\\\/\\\/regiaonews.net.br\\\/2022\\\/#\\\/schema\\\/person\\\/2d205a608a5aa97ac279d7a5e6d89ad8\",\"name\":\"Roberto\",\"image\":{\"@type\":\"ImageObject\",\"inLanguage\":\"pt-BR\",\"@id\":\"https:\\\/\\\/secure.gravatar.com\\\/avatar\\\/42749d8b712ff9d59ca93dc150494e5b55a44134482993f5baeb97e61b7ecc89?s=96&d=mm&r=g\",\"url\":\"https:\\\/\\\/secure.gravatar.com\\\/avatar\\\/42749d8b712ff9d59ca93dc150494e5b55a44134482993f5baeb97e61b7ecc89?s=96&d=mm&r=g\",\"contentUrl\":\"https:\\\/\\\/secure.gravatar.com\\\/avatar\\\/42749d8b712ff9d59ca93dc150494e5b55a44134482993f5baeb97e61b7ecc89?s=96&d=mm&r=g\",\"caption\":\"Roberto\"},\"url\":\"https:\\\/\\\/regiaonews.net.br\\\/2022\\\/author\\\/roberto\\\/\"}]}<\/script>\n<!-- \/ Yoast SEO plugin. -->","yoast_head_json":{"title":"Paulista de CRI e Estrada s\u00e3o os pr\u00f3ximos desafios do ciclismo paulista - Regi\u00e3o News","robots":{"index":"index","follow":"follow","max-snippet":"max-snippet:-1","max-image-preview":"max-image-preview:large","max-video-preview":"max-video-preview:-1"},"canonical":"https:\/\/regiaonews.net.br\/2022\/2023\/05\/18\/paulista-de-cri-e-estrada-sao-os-proximos-desafios-do-ciclismo-paulista\/","og_locale":"pt_BR","og_type":"article","og_title":"Paulista de CRI e Estrada s\u00e3o os pr\u00f3ximos desafios do ciclismo paulista - Regi\u00e3o News","og_description":"Disputas ser\u00e3o nos dias 20 e 21, outra vez em","og_url":"https:\/\/regiaonews.net.br\/2022\/2023\/05\/18\/paulista-de-cri-e-estrada-sao-os-proximos-desafios-do-ciclismo-paulista\/","og_site_name":"Regi\u00e3o News","article_published_time":"2023-05-18T19:24:38+00:00","og_image":[{"width":1500,"height":1000,"url":"https:\/\/regiaonews.net.br\/2022\/wp-content\/uploads\/2023\/05\/hjzpkma8f_WhatsApp-Image-2023-04-24-at-18.06.23.jpeg","type":"image\/jpeg"}],"author":"Roberto","twitter_card":"summary_large_image","twitter_misc":{"Escrito por":"Roberto","Est. tempo de leitura":"4 minutos"},"schema":{"@context":"https:\/\/schema.org","@graph":[{"@type":"Article","@id":"https:\/\/regiaonews.net.br\/2022\/2023\/05\/18\/paulista-de-cri-e-estrada-sao-os-proximos-desafios-do-ciclismo-paulista\/#article","isPartOf":{"@id":"https:\/\/regiaonews.net.br\/2022\/2023\/05\/18\/paulista-de-cri-e-estrada-sao-os-proximos-desafios-do-ciclismo-paulista\/"},"author":{"name":"Roberto","@id":"https:\/\/regiaonews.net.br\/2022\/#\/schema\/person\/2d205a608a5aa97ac279d7a5e6d89ad8"},"headline":"Paulista de CRI e Estrada s\u00e3o os pr\u00f3ximos desafios do ciclismo paulista","datePublished":"2023-05-18T19:24:38+00:00","mainEntityOfPage":{"@id":"https:\/\/regiaonews.net.br\/2022\/2023\/05\/18\/paulista-de-cri-e-estrada-sao-os-proximos-desafios-do-ciclismo-paulista\/"},"wordCount":576,"commentCount":0,"publisher":{"@id":"https:\/\/regiaonews.net.br\/2022\/#organization"},"image":{"@id":"https:\/\/regiaonews.net.br\/2022\/2023\/05\/18\/paulista-de-cri-e-estrada-sao-os-proximos-desafios-do-ciclismo-paulista\/#primaryimage"},"thumbnailUrl":"https:\/\/regiaonews.net.br\/2022\/wp-content\/uploads\/2023\/05\/hjzpkma8f_WhatsApp-Image-2023-04-24-at-18.06.23.jpeg","articleSection":["Barretos","Geral"],"inLanguage":"pt-BR","potentialAction":[{"@type":"CommentAction","name":"Comment","target":["https:\/\/regiaonews.net.br\/2022\/2023\/05\/18\/paulista-de-cri-e-estrada-sao-os-proximos-desafios-do-ciclismo-paulista\/#respond"]}]},{"@type":"WebPage","@id":"https:\/\/regiaonews.net.br\/2022\/2023\/05\/18\/paulista-de-cri-e-estrada-sao-os-proximos-desafios-do-ciclismo-paulista\/","url":"https:\/\/regiaonews.net.br\/2022\/2023\/05\/18\/paulista-de-cri-e-estrada-sao-os-proximos-desafios-do-ciclismo-paulista\/","name":"Paulista de CRI e Estrada s\u00e3o os pr\u00f3ximos desafios do ciclismo paulista - Regi\u00e3o News","isPartOf":{"@id":"https:\/\/regiaonews.net.br\/2022\/#website"},"primaryImageOfPage":{"@id":"https:\/\/regiaonews.net.br\/2022\/2023\/05\/18\/paulista-de-cri-e-estrada-sao-os-proximos-desafios-do-ciclismo-paulista\/#primaryimage"},"image":{"@id":"https:\/\/regiaonews.net.br\/2022\/2023\/05\/18\/paulista-de-cri-e-estrada-sao-os-proximos-desafios-do-ciclismo-paulista\/#primaryimage"},"thumbnailUrl":"https:\/\/regiaonews.net.br\/2022\/wp-content\/uploads\/2023\/05\/hjzpkma8f_WhatsApp-Image-2023-04-24-at-18.06.23.jpeg","datePublished":"2023-05-18T19:24:38+00:00","breadcrumb":{"@id":"https:\/\/regiaonews.net.br\/2022\/2023\/05\/18\/paulista-de-cri-e-estrada-sao-os-proximos-desafios-do-ciclismo-paulista\/#breadcrumb"},"inLanguage":"pt-BR","potentialAction":[{"@type":"ReadAction","target":["https:\/\/regiaonews.net.br\/2022\/2023\/05\/18\/paulista-de-cri-e-estrada-sao-os-proximos-desafios-do-ciclismo-paulista\/"]}]},{"@type":"ImageObject","inLanguage":"pt-BR","@id":"https:\/\/regiaonews.net.br\/2022\/2023\/05\/18\/paulista-de-cri-e-estrada-sao-os-proximos-desafios-do-ciclismo-paulista\/#primaryimage","url":"https:\/\/regiaonews.net.br\/2022\/wp-content\/uploads\/2023\/05\/hjzpkma8f_WhatsApp-Image-2023-04-24-at-18.06.23.jpeg","contentUrl":"https:\/\/regiaonews.net.br\/2022\/wp-content\/uploads\/2023\/05\/hjzpkma8f_WhatsApp-Image-2023-04-24-at-18.06.23.jpeg","width":1500,"height":1000},{"@type":"BreadcrumbList","@id":"https:\/\/regiaonews.net.br\/2022\/2023\/05\/18\/paulista-de-cri-e-estrada-sao-os-proximos-desafios-do-ciclismo-paulista\/#breadcrumb","itemListElement":[{"@type":"ListItem","position":1,"name":"In\u00edcio","item":"https:\/\/regiaonews.net.br\/2022\/"},{"@type":"ListItem","position":2,"name":"Paulista de CRI e Estrada s\u00e3o os pr\u00f3ximos desafios do ciclismo paulista"}]},{"@type":"WebSite","@id":"https:\/\/regiaonews.net.br\/2022\/#website","url":"https:\/\/regiaonews.net.br\/2022\/","name":"Regi\u00e3o News","description":"Site de Not\u00edcias de Barretos e regi\u00e3o","publisher":{"@id":"https:\/\/regiaonews.net.br\/2022\/#organization"},"potentialAction":[{"@type":"SearchAction","target":{"@type":"EntryPoint","urlTemplate":"https:\/\/regiaonews.net.br\/2022\/?s={search_term_string}"},"query-input":{"@type":"PropertyValueSpecification","valueRequired":true,"valueName":"search_term_string"}}],"inLanguage":"pt-BR"},{"@type":"Organization","@id":"https:\/\/regiaonews.net.br\/2022\/#organization","name":"Regi\u00e3o News","url":"https:\/\/regiaonews.net.br\/2022\/","logo":{"@type":"ImageObject","inLanguage":"pt-BR","@id":"https:\/\/regiaonews.net.br\/2022\/#\/schema\/logo\/image\/","url":"https:\/\/regiaonews.net.br\/2022\/wp-content\/uploads\/2026\/03\/regiao-13-anos-scaled.jpg","contentUrl":"https:\/\/regiaonews.net.br\/2022\/wp-content\/uploads\/2026\/03\/regiao-13-anos-scaled.jpg","width":2560,"height":635,"caption":"Regi\u00e3o News"},"image":{"@id":"https:\/\/regiaonews.net.br\/2022\/#\/schema\/logo\/image\/"}},{"@type":"Person","@id":"https:\/\/regiaonews.net.br\/2022\/#\/schema\/person\/2d205a608a5aa97ac279d7a5e6d89ad8","name":"Roberto","image":{"@type":"ImageObject","inLanguage":"pt-BR","@id":"https:\/\/secure.gravatar.com\/avatar\/42749d8b712ff9d59ca93dc150494e5b55a44134482993f5baeb97e61b7ecc89?s=96&d=mm&r=g","url":"https:\/\/secure.gravatar.com\/avatar\/42749d8b712ff9d59ca93dc150494e5b55a44134482993f5baeb97e61b7ecc89?s=96&d=mm&r=g","contentUrl":"https:\/\/secure.gravatar.com\/avatar\/42749d8b712ff9d59ca93dc150494e5b55a44134482993f5baeb97e61b7ecc89?s=96&d=mm&r=g","caption":"Roberto"},"url":"https:\/\/regiaonews.net.br\/2022\/author\/roberto\/"}]}},"publishpress_future_action":{"enabled":false,"date":"2026-05-04 00:53:59","action":"change-status","newStatus":"draft","terms":[],"taxonomy":"category","extraData":[]},"publishpress_future_workflow_manual_trigger":{"enabledWorkflows":[]},"_links":{"self":[{"href":"https:\/\/regiaonews.net.br\/2022\/wp-json\/wp\/v2\/posts\/88382","targetHints":{"allow":["GET"]}}],"collection":[{"href":"https:\/\/regiaonews.net.br\/2022\/wp-json\/wp\/v2\/posts"}],"about":[{"href":"https:\/\/regiaonews.net.br\/2022\/wp-json\/wp\/v2\/types\/post"}],"author":[{"embeddable":true,"href":"https:\/\/regiaonews.net.br\/2022\/wp-json\/wp\/v2\/users\/2"}],"replies":[{"embeddable":true,"href":"https:\/\/regiaonews.net.br\/2022\/wp-json\/wp\/v2\/comments?post=88382"}],"version-history":[{"count":1,"href":"https:\/\/regiaonews.net.br\/2022\/wp-json\/wp\/v2\/posts\/88382\/revisions"}],"predecessor-version":[{"id":88384,"href":"https:\/\/regiaonews.net.br\/2022\/wp-json\/wp\/v2\/posts\/88382\/revisions\/88384"}],"wp:featuredmedia":[{"embeddable":true,"href":"https:\/\/regiaonews.net.br\/2022\/wp-json\/wp\/v2\/media\/88383"}],"wp:attachment":[{"href":"https:\/\/regiaonews.net.br\/2022\/wp-json\/wp\/v2\/media?parent=88382"}],"wp:term":[{"taxonomy":"category","embeddable":true,"href":"https:\/\/regiaonews.net.br\/2022\/wp-json\/wp\/v2\/categories?post=88382"},{"taxonomy":"post_tag","embeddable":true,"href":"https:\/\/regiaonews.net.br\/2022\/wp-json\/wp\/v2\/tags?post=88382"}],"curies":[{"name":"wp","href":"https:\/\/api.w.org\/{rel}","templated":true}]}}