{"id":88380,"date":"2023-05-18T16:23:38","date_gmt":"2023-05-18T19:23:38","guid":{"rendered":"https:\/\/regiaonews.net.br\/2022\/?p=88380"},"modified":"2023-05-18T16:23:38","modified_gmt":"2023-05-18T19:23:38","slug":"policias-de-sp-destacam-acoes-de-combate-a-intolerancia-por-orientacao-sexual-e-identidade-de-genero","status":"publish","type":"post","link":"https:\/\/regiaonews.net.br\/2022\/2023\/05\/18\/policias-de-sp-destacam-acoes-de-combate-a-intolerancia-por-orientacao-sexual-e-identidade-de-genero\/","title":{"rendered":"Pol\u00edcias de SP destacam a\u00e7\u00f5es de combate \u00e0 intoler\u00e2ncia por orienta\u00e7\u00e3o sexual e identidade de g\u00eanero"},"content":{"rendered":"<div>\n<h3 class=\"titulopreto ng-binding\" style=\"text-align: center;\">No dia Internacional contra a Homofobia, Transfobia e Bifobia as pol\u00edcias do Estado de SP apresentam preparo para o enfrentamento desses crimes.<\/h3>\n<div>O Dia Internacional contra a Homofobia, Transfobia e Bifobia \u00e9 comemorado nesta quarta-feira (17). A data, criada em 2004, visa conscientizar a popula\u00e7\u00e3o sobre a luta contra a discrimina\u00e7\u00e3o dos homossexuais, transexuais, transg\u00eaneros e todos aqueles que integram a comunidade LGBTQIAP+. Neste sentido, para dar suporte \u00e0s v\u00edtimas de algum tipo deste delito, a Secretaria da Seguran\u00e7a P\u00fablica destaca duas delegacias especializadas, a Delegacia de Crimes Raciais e de Delitos de Intoler\u00e2ncia (Decradi) e a Delegacia da Diversidade Online (DDD).<\/div>\n<div><\/div>\n<div>A Delegacia de Crimes Raciais e de Delitos de Intoler\u00e2ncia, criada em 2006, com a finalidade de reprimir e analisar infra\u00e7\u00f5es penais resultantes de discrimina\u00e7\u00e3o ou preconceito de ra\u00e7a, cor, etnia, religi\u00e3o, proced\u00eancia nacional, orienta\u00e7\u00e3o sexual ou identidade de g\u00eanero e por convic\u00e7\u00e3o pol\u00edtica ou ideol\u00f3gica, que sejam de autoria desconhecida e praticada na circunscri\u00e7\u00e3o da Capital de SP.<\/div>\n<div><\/div>\n<div>J\u00e1 em 2021, para auxiliar na efici\u00eancia das investiga\u00e7\u00f5es dos casos nesta modalidade criminosa, foi inaugurada Delegacia da Diversidade Online, junto \u00e0 Delegacia Eletr\u00f4nica do Departamento de Intelig\u00eancia da Pol\u00edcia Civil (DIPOL). Por meio dela, a pr\u00f3pria v\u00edtima registra a ocorr\u00eancia em um canal espec\u00edfico. No mesmo ano, foram inseridos os seguintes campos no RDO: identidade de g\u00eanero e orienta\u00e7\u00e3o sexual.<\/div>\n<div><\/div>\n<div>\u201c\u00c9 mecanismo extremamente ben\u00e9fico para a sociedade, uma vez que permite o registro e comunica\u00e7\u00e3o destes delitos de forma mais acess\u00edvel, considerando que \u00e9 poss\u00edvel o registro em qualquer localidade com acesso \u00e0 internet\u201d, citou Daniela Branco, Delegada Titular da Decradi sobre a facilidade e agilidade da Delegacia de Diversidade Online.<\/div>\n<div><\/div>\n<div>Daniela ainda lembrou da import\u00e2ncia da ferramenta no per\u00edodo de pandemia. \u201cMuitas pessoas ficaram segregadas e isoladas em suas resid\u00eancias, inclusive impedidas de informar \u00e0 Pol\u00edcia estas infra\u00e7\u00f5es penais relacionadas \u00e0 discrimina\u00e7\u00e3o. \u00c9 de um instrumento atual e tecnol\u00f3gico a servi\u00e7o da sociedade no combate \u00e0 intoler\u00e2ncia\u201d, completou.<\/div>\n<div><\/div>\n<div>A delegada tamb\u00e9m elaborou propostas, no \u00e2mbito da Secretaria da Seguran\u00e7a P\u00fablica (Pol\u00edcia Civil), para o II Plano Estadual de Enfrentamento \u00e0 Homofobia e \u00e0 Transfobia e Promo\u00e7\u00e3o da Cidadania LGBT, destacando a elabora\u00e7\u00e3o de cartilha voltada aos policiais civis contendo esclarecimentos acerca de tratamento e termos relacionados ao p\u00fablico LGBTI+; manuten\u00e7\u00e3o e fomento de mat\u00e9rias espec\u00edficas que envolvem esta popula\u00e7\u00e3o no conte\u00fado program\u00e1tico da disciplina de direitos humanos ministrada na Academia da Pol\u00edcia Civil; cria\u00e7\u00e3o de um n\u00facleo de apoio e orienta\u00e7\u00e3o \u00e0s v\u00edtimas na Decradi formado por equipe multidisciplinar e a cria\u00e7\u00e3o de diretrizes para a revista e destina\u00e7\u00e3o em cela apropriada da pessoa trans e travestis no \u00e2mbito da Pol\u00edcia Civil.<\/div>\n<div><\/div>\n<div>O setor de investiga\u00e7\u00e3o da Decradi ainda realiza o monitoramento de eventos rotineiros como a Caminhada da Paz (trans), Visibilidade L\u00e9sbica, Feira Cultural LGBT, Caminhada de L\u00e9sbicas e Bissexuais, Parada do Orgulho LGBTQIAP+, Consci\u00eancia Negra, entre outros.<\/div>\n<div><\/div>\n<div><b>Pol\u00edcia Militar<\/b><\/div>\n<div><\/div>\n<div>Os trabalhos de prote\u00e7\u00e3o \u00e0 popula\u00e7\u00e3o LGBTQIAP+ tamb\u00e9m acontecem na Pol\u00edcia Militar. Por meio da Diretoria de Pol\u00edcia Comunit\u00e1ria e de Direitos Humanos (DPCDH), se faz presente em diversos conselhos e comiss\u00f5es tem\u00e1ticas que focam no avan\u00e7o de pol\u00edticas p\u00fablicas voltadas aos grupos vulner\u00e1veis. Dentre eles, destaca-se o Conselho Estadual dos Direitos da Popula\u00e7\u00e3o LGBT, voltado para a promo\u00e7\u00e3o da cidadania e dos direitos da popula\u00e7\u00e3o LGBTQIAP+ no estado de S\u00e3o Paulo.<\/div>\n<div><\/div>\n<div>A PM tamb\u00e9m opera em a\u00e7\u00f5es preparat\u00f3rias para a Parada do Orgulho LGBT+ de S\u00e3o Paulo, com o objetivo de melhor atender \u00e0s necessidades e expectativas de seguran\u00e7a e dignidade dos participantes do evento.<\/div>\n<div><\/div>\n<div>Desde 2021, a PMESP desenvolve a Sistem\u00e1tica de Defesa Contra a Viol\u00eancia Dom\u00e9stica e Familiar, iniciativa que envolve uma s\u00e9rie de a\u00e7\u00f5es destinadas a preparar policiais militares para o atendimento e o acolhimento de v\u00edtimas diretas e indiretas da viol\u00eancia dom\u00e9stica, independente do g\u00eanero ou orienta\u00e7\u00e3o sexual, e tamb\u00e9m a crian\u00e7as e adolescentes, nesse contexto.<\/div>\n<div><\/div>\n<div>No rol de mat\u00e9rias dos cursos realizados pela PM, est\u00e1 o estudo das tem\u00e1ticas de igualdade racial, diversidade de g\u00eanero, direito de manifesta\u00e7\u00f5es e outros assuntos relacionados com a defesa de direitos individuais e coletivos, buscando preservar a dignidade humana e o respeito sem distin\u00e7\u00e3o aos direitos fundamentais.<\/div>\n<div><\/div>\n<div>Atualmente, todos os cursos de forma\u00e7\u00e3o na PM possuem em seus curr\u00edculos a mat\u00e9ria de Direitos Humanos e a\u00e7\u00f5es afirmativas. Conta tamb\u00e9m com treinamentos continuados a todo o efetivo. Na tem\u00e1tica LGBTQIAP+, foi elaborada em outubro de 2014 e desde ent\u00e3o ministrada aos policiais, as instru\u00e7\u00f5es continuadas do Comando com o seguinte tema: \u201cTratamento Nominal das Pessoas Transexuais e Travestis e o Princ\u00edpio da N\u00e3o Viol\u00eancia nas Manifesta\u00e7\u00f5es e Eventos P\u00fablicos\u201d.<\/div>\n<p><center><\/p>\n<h2 class=\"titulopreto ng-binding\"><\/h2>\n<p><\/center><\/div>\n<div id=\"notCorpo\" class=\"ng-binding\"><\/div>\n","protected":false},"excerpt":{"rendered":"<p>No dia Internacional contra a Homofobia, Transfobia e Bifobia as<\/p>\n","protected":false},"author":2,"featured_media":73531,"comment_status":"open","ping_status":"open","sticky":false,"template":"","format":"standard","meta":{"footnotes":""},"categories":[14,23],"tags":[],"class_list":["post-88380","post","type-post","status-publish","format-standard","has-post-thumbnail","hentry","category-barretos","category-policia"],"yoast_head":"<!-- This site is optimized with the Yoast SEO plugin v27.4 - https:\/\/yoast.com\/product\/yoast-seo-wordpress\/ -->\n<title>Pol\u00edcias de SP destacam a\u00e7\u00f5es de combate \u00e0 intoler\u00e2ncia por orienta\u00e7\u00e3o sexual e identidade de g\u00eanero - Regi\u00e3o News<\/title>\n<meta name=\"robots\" content=\"index, follow, max-snippet:-1, max-image-preview:large, max-video-preview:-1\" \/>\n<link rel=\"canonical\" href=\"https:\/\/regiaonews.net.br\/2022\/2023\/05\/18\/policias-de-sp-destacam-acoes-de-combate-a-intolerancia-por-orientacao-sexual-e-identidade-de-genero\/\" \/>\n<meta property=\"og:locale\" content=\"pt_BR\" \/>\n<meta property=\"og:type\" content=\"article\" \/>\n<meta property=\"og:title\" content=\"Pol\u00edcias de SP destacam a\u00e7\u00f5es de combate \u00e0 intoler\u00e2ncia por orienta\u00e7\u00e3o sexual e identidade de g\u00eanero - Regi\u00e3o News\" \/>\n<meta property=\"og:description\" content=\"No dia Internacional contra a Homofobia, Transfobia e Bifobia as\" \/>\n<meta property=\"og:url\" content=\"https:\/\/regiaonews.net.br\/2022\/2023\/05\/18\/policias-de-sp-destacam-acoes-de-combate-a-intolerancia-por-orientacao-sexual-e-identidade-de-genero\/\" \/>\n<meta property=\"og:site_name\" content=\"Regi\u00e3o News\" \/>\n<meta property=\"article:published_time\" content=\"2023-05-18T19:23:38+00:00\" \/>\n<meta property=\"og:image\" content=\"https:\/\/regiaonews.net.br\/2022\/wp-content\/uploads\/2022\/06\/Policia.jpg\" \/>\n\t<meta property=\"og:image:width\" content=\"627\" \/>\n\t<meta property=\"og:image:height\" content=\"456\" \/>\n\t<meta property=\"og:image:type\" content=\"image\/jpeg\" \/>\n<meta name=\"author\" content=\"Roberto\" \/>\n<meta name=\"twitter:card\" content=\"summary_large_image\" \/>\n<meta name=\"twitter:label1\" content=\"Escrito por\" \/>\n\t<meta name=\"twitter:data1\" content=\"Roberto\" \/>\n\t<meta name=\"twitter:label2\" content=\"Est. tempo de leitura\" \/>\n\t<meta name=\"twitter:data2\" content=\"5 minutos\" \/>\n<script type=\"application\/ld+json\" class=\"yoast-schema-graph\">{\"@context\":\"https:\\\/\\\/schema.org\",\"@graph\":[{\"@type\":\"Article\",\"@id\":\"https:\\\/\\\/regiaonews.net.br\\\/2022\\\/2023\\\/05\\\/18\\\/policias-de-sp-destacam-acoes-de-combate-a-intolerancia-por-orientacao-sexual-e-identidade-de-genero\\\/#article\",\"isPartOf\":{\"@id\":\"https:\\\/\\\/regiaonews.net.br\\\/2022\\\/2023\\\/05\\\/18\\\/policias-de-sp-destacam-acoes-de-combate-a-intolerancia-por-orientacao-sexual-e-identidade-de-genero\\\/\"},\"author\":{\"name\":\"Roberto\",\"@id\":\"https:\\\/\\\/regiaonews.net.br\\\/2022\\\/#\\\/schema\\\/person\\\/2d205a608a5aa97ac279d7a5e6d89ad8\"},\"headline\":\"Pol\u00edcias de SP destacam a\u00e7\u00f5es de combate \u00e0 intoler\u00e2ncia por orienta\u00e7\u00e3o sexual e identidade de g\u00eanero\",\"datePublished\":\"2023-05-18T19:23:38+00:00\",\"mainEntityOfPage\":{\"@id\":\"https:\\\/\\\/regiaonews.net.br\\\/2022\\\/2023\\\/05\\\/18\\\/policias-de-sp-destacam-acoes-de-combate-a-intolerancia-por-orientacao-sexual-e-identidade-de-genero\\\/\"},\"wordCount\":877,\"commentCount\":0,\"publisher\":{\"@id\":\"https:\\\/\\\/regiaonews.net.br\\\/2022\\\/#organization\"},\"image\":{\"@id\":\"https:\\\/\\\/regiaonews.net.br\\\/2022\\\/2023\\\/05\\\/18\\\/policias-de-sp-destacam-acoes-de-combate-a-intolerancia-por-orientacao-sexual-e-identidade-de-genero\\\/#primaryimage\"},\"thumbnailUrl\":\"https:\\\/\\\/regiaonews.net.br\\\/2022\\\/wp-content\\\/uploads\\\/2022\\\/06\\\/Policia.jpg\",\"articleSection\":[\"Barretos\",\"Policia\"],\"inLanguage\":\"pt-BR\",\"potentialAction\":[{\"@type\":\"CommentAction\",\"name\":\"Comment\",\"target\":[\"https:\\\/\\\/regiaonews.net.br\\\/2022\\\/2023\\\/05\\\/18\\\/policias-de-sp-destacam-acoes-de-combate-a-intolerancia-por-orientacao-sexual-e-identidade-de-genero\\\/#respond\"]}]},{\"@type\":\"WebPage\",\"@id\":\"https:\\\/\\\/regiaonews.net.br\\\/2022\\\/2023\\\/05\\\/18\\\/policias-de-sp-destacam-acoes-de-combate-a-intolerancia-por-orientacao-sexual-e-identidade-de-genero\\\/\",\"url\":\"https:\\\/\\\/regiaonews.net.br\\\/2022\\\/2023\\\/05\\\/18\\\/policias-de-sp-destacam-acoes-de-combate-a-intolerancia-por-orientacao-sexual-e-identidade-de-genero\\\/\",\"name\":\"Pol\u00edcias de SP destacam a\u00e7\u00f5es de combate \u00e0 intoler\u00e2ncia por orienta\u00e7\u00e3o sexual e identidade de g\u00eanero - Regi\u00e3o News\",\"isPartOf\":{\"@id\":\"https:\\\/\\\/regiaonews.net.br\\\/2022\\\/#website\"},\"primaryImageOfPage\":{\"@id\":\"https:\\\/\\\/regiaonews.net.br\\\/2022\\\/2023\\\/05\\\/18\\\/policias-de-sp-destacam-acoes-de-combate-a-intolerancia-por-orientacao-sexual-e-identidade-de-genero\\\/#primaryimage\"},\"image\":{\"@id\":\"https:\\\/\\\/regiaonews.net.br\\\/2022\\\/2023\\\/05\\\/18\\\/policias-de-sp-destacam-acoes-de-combate-a-intolerancia-por-orientacao-sexual-e-identidade-de-genero\\\/#primaryimage\"},\"thumbnailUrl\":\"https:\\\/\\\/regiaonews.net.br\\\/2022\\\/wp-content\\\/uploads\\\/2022\\\/06\\\/Policia.jpg\",\"datePublished\":\"2023-05-18T19:23:38+00:00\",\"breadcrumb\":{\"@id\":\"https:\\\/\\\/regiaonews.net.br\\\/2022\\\/2023\\\/05\\\/18\\\/policias-de-sp-destacam-acoes-de-combate-a-intolerancia-por-orientacao-sexual-e-identidade-de-genero\\\/#breadcrumb\"},\"inLanguage\":\"pt-BR\",\"potentialAction\":[{\"@type\":\"ReadAction\",\"target\":[\"https:\\\/\\\/regiaonews.net.br\\\/2022\\\/2023\\\/05\\\/18\\\/policias-de-sp-destacam-acoes-de-combate-a-intolerancia-por-orientacao-sexual-e-identidade-de-genero\\\/\"]}]},{\"@type\":\"ImageObject\",\"inLanguage\":\"pt-BR\",\"@id\":\"https:\\\/\\\/regiaonews.net.br\\\/2022\\\/2023\\\/05\\\/18\\\/policias-de-sp-destacam-acoes-de-combate-a-intolerancia-por-orientacao-sexual-e-identidade-de-genero\\\/#primaryimage\",\"url\":\"https:\\\/\\\/regiaonews.net.br\\\/2022\\\/wp-content\\\/uploads\\\/2022\\\/06\\\/Policia.jpg\",\"contentUrl\":\"https:\\\/\\\/regiaonews.net.br\\\/2022\\\/wp-content\\\/uploads\\\/2022\\\/06\\\/Policia.jpg\",\"width\":627,\"height\":456},{\"@type\":\"BreadcrumbList\",\"@id\":\"https:\\\/\\\/regiaonews.net.br\\\/2022\\\/2023\\\/05\\\/18\\\/policias-de-sp-destacam-acoes-de-combate-a-intolerancia-por-orientacao-sexual-e-identidade-de-genero\\\/#breadcrumb\",\"itemListElement\":[{\"@type\":\"ListItem\",\"position\":1,\"name\":\"In\u00edcio\",\"item\":\"https:\\\/\\\/regiaonews.net.br\\\/2022\\\/\"},{\"@type\":\"ListItem\",\"position\":2,\"name\":\"Pol\u00edcias de SP destacam a\u00e7\u00f5es de combate \u00e0 intoler\u00e2ncia por orienta\u00e7\u00e3o sexual e identidade de g\u00eanero\"}]},{\"@type\":\"WebSite\",\"@id\":\"https:\\\/\\\/regiaonews.net.br\\\/2022\\\/#website\",\"url\":\"https:\\\/\\\/regiaonews.net.br\\\/2022\\\/\",\"name\":\"Regi\u00e3o News\",\"description\":\"Site de Not\u00edcias de Barretos e regi\u00e3o\",\"publisher\":{\"@id\":\"https:\\\/\\\/regiaonews.net.br\\\/2022\\\/#organization\"},\"potentialAction\":[{\"@type\":\"SearchAction\",\"target\":{\"@type\":\"EntryPoint\",\"urlTemplate\":\"https:\\\/\\\/regiaonews.net.br\\\/2022\\\/?s={search_term_string}\"},\"query-input\":{\"@type\":\"PropertyValueSpecification\",\"valueRequired\":true,\"valueName\":\"search_term_string\"}}],\"inLanguage\":\"pt-BR\"},{\"@type\":\"Organization\",\"@id\":\"https:\\\/\\\/regiaonews.net.br\\\/2022\\\/#organization\",\"name\":\"Regi\u00e3o News\",\"url\":\"https:\\\/\\\/regiaonews.net.br\\\/2022\\\/\",\"logo\":{\"@type\":\"ImageObject\",\"inLanguage\":\"pt-BR\",\"@id\":\"https:\\\/\\\/regiaonews.net.br\\\/2022\\\/#\\\/schema\\\/logo\\\/image\\\/\",\"url\":\"https:\\\/\\\/regiaonews.net.br\\\/2022\\\/wp-content\\\/uploads\\\/2026\\\/03\\\/regiao-13-anos-scaled.jpg\",\"contentUrl\":\"https:\\\/\\\/regiaonews.net.br\\\/2022\\\/wp-content\\\/uploads\\\/2026\\\/03\\\/regiao-13-anos-scaled.jpg\",\"width\":2560,\"height\":635,\"caption\":\"Regi\u00e3o News\"},\"image\":{\"@id\":\"https:\\\/\\\/regiaonews.net.br\\\/2022\\\/#\\\/schema\\\/logo\\\/image\\\/\"}},{\"@type\":\"Person\",\"@id\":\"https:\\\/\\\/regiaonews.net.br\\\/2022\\\/#\\\/schema\\\/person\\\/2d205a608a5aa97ac279d7a5e6d89ad8\",\"name\":\"Roberto\",\"image\":{\"@type\":\"ImageObject\",\"inLanguage\":\"pt-BR\",\"@id\":\"https:\\\/\\\/secure.gravatar.com\\\/avatar\\\/42749d8b712ff9d59ca93dc150494e5b55a44134482993f5baeb97e61b7ecc89?s=96&d=mm&r=g\",\"url\":\"https:\\\/\\\/secure.gravatar.com\\\/avatar\\\/42749d8b712ff9d59ca93dc150494e5b55a44134482993f5baeb97e61b7ecc89?s=96&d=mm&r=g\",\"contentUrl\":\"https:\\\/\\\/secure.gravatar.com\\\/avatar\\\/42749d8b712ff9d59ca93dc150494e5b55a44134482993f5baeb97e61b7ecc89?s=96&d=mm&r=g\",\"caption\":\"Roberto\"},\"url\":\"https:\\\/\\\/regiaonews.net.br\\\/2022\\\/author\\\/roberto\\\/\"}]}<\/script>\n<!-- \/ Yoast SEO plugin. -->","yoast_head_json":{"title":"Pol\u00edcias de SP destacam a\u00e7\u00f5es de combate \u00e0 intoler\u00e2ncia por orienta\u00e7\u00e3o sexual e identidade de g\u00eanero - Regi\u00e3o News","robots":{"index":"index","follow":"follow","max-snippet":"max-snippet:-1","max-image-preview":"max-image-preview:large","max-video-preview":"max-video-preview:-1"},"canonical":"https:\/\/regiaonews.net.br\/2022\/2023\/05\/18\/policias-de-sp-destacam-acoes-de-combate-a-intolerancia-por-orientacao-sexual-e-identidade-de-genero\/","og_locale":"pt_BR","og_type":"article","og_title":"Pol\u00edcias de SP destacam a\u00e7\u00f5es de combate \u00e0 intoler\u00e2ncia por orienta\u00e7\u00e3o sexual e identidade de g\u00eanero - Regi\u00e3o News","og_description":"No dia Internacional contra a Homofobia, Transfobia e Bifobia as","og_url":"https:\/\/regiaonews.net.br\/2022\/2023\/05\/18\/policias-de-sp-destacam-acoes-de-combate-a-intolerancia-por-orientacao-sexual-e-identidade-de-genero\/","og_site_name":"Regi\u00e3o News","article_published_time":"2023-05-18T19:23:38+00:00","og_image":[{"width":627,"height":456,"url":"https:\/\/regiaonews.net.br\/2022\/wp-content\/uploads\/2022\/06\/Policia.jpg","type":"image\/jpeg"}],"author":"Roberto","twitter_card":"summary_large_image","twitter_misc":{"Escrito por":"Roberto","Est. tempo de leitura":"5 minutos"},"schema":{"@context":"https:\/\/schema.org","@graph":[{"@type":"Article","@id":"https:\/\/regiaonews.net.br\/2022\/2023\/05\/18\/policias-de-sp-destacam-acoes-de-combate-a-intolerancia-por-orientacao-sexual-e-identidade-de-genero\/#article","isPartOf":{"@id":"https:\/\/regiaonews.net.br\/2022\/2023\/05\/18\/policias-de-sp-destacam-acoes-de-combate-a-intolerancia-por-orientacao-sexual-e-identidade-de-genero\/"},"author":{"name":"Roberto","@id":"https:\/\/regiaonews.net.br\/2022\/#\/schema\/person\/2d205a608a5aa97ac279d7a5e6d89ad8"},"headline":"Pol\u00edcias de SP destacam a\u00e7\u00f5es de combate \u00e0 intoler\u00e2ncia por orienta\u00e7\u00e3o sexual e identidade de g\u00eanero","datePublished":"2023-05-18T19:23:38+00:00","mainEntityOfPage":{"@id":"https:\/\/regiaonews.net.br\/2022\/2023\/05\/18\/policias-de-sp-destacam-acoes-de-combate-a-intolerancia-por-orientacao-sexual-e-identidade-de-genero\/"},"wordCount":877,"commentCount":0,"publisher":{"@id":"https:\/\/regiaonews.net.br\/2022\/#organization"},"image":{"@id":"https:\/\/regiaonews.net.br\/2022\/2023\/05\/18\/policias-de-sp-destacam-acoes-de-combate-a-intolerancia-por-orientacao-sexual-e-identidade-de-genero\/#primaryimage"},"thumbnailUrl":"https:\/\/regiaonews.net.br\/2022\/wp-content\/uploads\/2022\/06\/Policia.jpg","articleSection":["Barretos","Policia"],"inLanguage":"pt-BR","potentialAction":[{"@type":"CommentAction","name":"Comment","target":["https:\/\/regiaonews.net.br\/2022\/2023\/05\/18\/policias-de-sp-destacam-acoes-de-combate-a-intolerancia-por-orientacao-sexual-e-identidade-de-genero\/#respond"]}]},{"@type":"WebPage","@id":"https:\/\/regiaonews.net.br\/2022\/2023\/05\/18\/policias-de-sp-destacam-acoes-de-combate-a-intolerancia-por-orientacao-sexual-e-identidade-de-genero\/","url":"https:\/\/regiaonews.net.br\/2022\/2023\/05\/18\/policias-de-sp-destacam-acoes-de-combate-a-intolerancia-por-orientacao-sexual-e-identidade-de-genero\/","name":"Pol\u00edcias de SP destacam a\u00e7\u00f5es de combate \u00e0 intoler\u00e2ncia por orienta\u00e7\u00e3o sexual e identidade de g\u00eanero - Regi\u00e3o News","isPartOf":{"@id":"https:\/\/regiaonews.net.br\/2022\/#website"},"primaryImageOfPage":{"@id":"https:\/\/regiaonews.net.br\/2022\/2023\/05\/18\/policias-de-sp-destacam-acoes-de-combate-a-intolerancia-por-orientacao-sexual-e-identidade-de-genero\/#primaryimage"},"image":{"@id":"https:\/\/regiaonews.net.br\/2022\/2023\/05\/18\/policias-de-sp-destacam-acoes-de-combate-a-intolerancia-por-orientacao-sexual-e-identidade-de-genero\/#primaryimage"},"thumbnailUrl":"https:\/\/regiaonews.net.br\/2022\/wp-content\/uploads\/2022\/06\/Policia.jpg","datePublished":"2023-05-18T19:23:38+00:00","breadcrumb":{"@id":"https:\/\/regiaonews.net.br\/2022\/2023\/05\/18\/policias-de-sp-destacam-acoes-de-combate-a-intolerancia-por-orientacao-sexual-e-identidade-de-genero\/#breadcrumb"},"inLanguage":"pt-BR","potentialAction":[{"@type":"ReadAction","target":["https:\/\/regiaonews.net.br\/2022\/2023\/05\/18\/policias-de-sp-destacam-acoes-de-combate-a-intolerancia-por-orientacao-sexual-e-identidade-de-genero\/"]}]},{"@type":"ImageObject","inLanguage":"pt-BR","@id":"https:\/\/regiaonews.net.br\/2022\/2023\/05\/18\/policias-de-sp-destacam-acoes-de-combate-a-intolerancia-por-orientacao-sexual-e-identidade-de-genero\/#primaryimage","url":"https:\/\/regiaonews.net.br\/2022\/wp-content\/uploads\/2022\/06\/Policia.jpg","contentUrl":"https:\/\/regiaonews.net.br\/2022\/wp-content\/uploads\/2022\/06\/Policia.jpg","width":627,"height":456},{"@type":"BreadcrumbList","@id":"https:\/\/regiaonews.net.br\/2022\/2023\/05\/18\/policias-de-sp-destacam-acoes-de-combate-a-intolerancia-por-orientacao-sexual-e-identidade-de-genero\/#breadcrumb","itemListElement":[{"@type":"ListItem","position":1,"name":"In\u00edcio","item":"https:\/\/regiaonews.net.br\/2022\/"},{"@type":"ListItem","position":2,"name":"Pol\u00edcias de SP destacam a\u00e7\u00f5es de combate \u00e0 intoler\u00e2ncia por orienta\u00e7\u00e3o sexual e identidade de g\u00eanero"}]},{"@type":"WebSite","@id":"https:\/\/regiaonews.net.br\/2022\/#website","url":"https:\/\/regiaonews.net.br\/2022\/","name":"Regi\u00e3o News","description":"Site de Not\u00edcias de Barretos e regi\u00e3o","publisher":{"@id":"https:\/\/regiaonews.net.br\/2022\/#organization"},"potentialAction":[{"@type":"SearchAction","target":{"@type":"EntryPoint","urlTemplate":"https:\/\/regiaonews.net.br\/2022\/?s={search_term_string}"},"query-input":{"@type":"PropertyValueSpecification","valueRequired":true,"valueName":"search_term_string"}}],"inLanguage":"pt-BR"},{"@type":"Organization","@id":"https:\/\/regiaonews.net.br\/2022\/#organization","name":"Regi\u00e3o News","url":"https:\/\/regiaonews.net.br\/2022\/","logo":{"@type":"ImageObject","inLanguage":"pt-BR","@id":"https:\/\/regiaonews.net.br\/2022\/#\/schema\/logo\/image\/","url":"https:\/\/regiaonews.net.br\/2022\/wp-content\/uploads\/2026\/03\/regiao-13-anos-scaled.jpg","contentUrl":"https:\/\/regiaonews.net.br\/2022\/wp-content\/uploads\/2026\/03\/regiao-13-anos-scaled.jpg","width":2560,"height":635,"caption":"Regi\u00e3o News"},"image":{"@id":"https:\/\/regiaonews.net.br\/2022\/#\/schema\/logo\/image\/"}},{"@type":"Person","@id":"https:\/\/regiaonews.net.br\/2022\/#\/schema\/person\/2d205a608a5aa97ac279d7a5e6d89ad8","name":"Roberto","image":{"@type":"ImageObject","inLanguage":"pt-BR","@id":"https:\/\/secure.gravatar.com\/avatar\/42749d8b712ff9d59ca93dc150494e5b55a44134482993f5baeb97e61b7ecc89?s=96&d=mm&r=g","url":"https:\/\/secure.gravatar.com\/avatar\/42749d8b712ff9d59ca93dc150494e5b55a44134482993f5baeb97e61b7ecc89?s=96&d=mm&r=g","contentUrl":"https:\/\/secure.gravatar.com\/avatar\/42749d8b712ff9d59ca93dc150494e5b55a44134482993f5baeb97e61b7ecc89?s=96&d=mm&r=g","caption":"Roberto"},"url":"https:\/\/regiaonews.net.br\/2022\/author\/roberto\/"}]}},"publishpress_future_action":{"enabled":false,"date":"2026-05-04 02:21:43","action":"change-status","newStatus":"draft","terms":[],"taxonomy":"category","extraData":[]},"publishpress_future_workflow_manual_trigger":{"enabledWorkflows":[]},"_links":{"self":[{"href":"https:\/\/regiaonews.net.br\/2022\/wp-json\/wp\/v2\/posts\/88380","targetHints":{"allow":["GET"]}}],"collection":[{"href":"https:\/\/regiaonews.net.br\/2022\/wp-json\/wp\/v2\/posts"}],"about":[{"href":"https:\/\/regiaonews.net.br\/2022\/wp-json\/wp\/v2\/types\/post"}],"author":[{"embeddable":true,"href":"https:\/\/regiaonews.net.br\/2022\/wp-json\/wp\/v2\/users\/2"}],"replies":[{"embeddable":true,"href":"https:\/\/regiaonews.net.br\/2022\/wp-json\/wp\/v2\/comments?post=88380"}],"version-history":[{"count":1,"href":"https:\/\/regiaonews.net.br\/2022\/wp-json\/wp\/v2\/posts\/88380\/revisions"}],"predecessor-version":[{"id":88381,"href":"https:\/\/regiaonews.net.br\/2022\/wp-json\/wp\/v2\/posts\/88380\/revisions\/88381"}],"wp:featuredmedia":[{"embeddable":true,"href":"https:\/\/regiaonews.net.br\/2022\/wp-json\/wp\/v2\/media\/73531"}],"wp:attachment":[{"href":"https:\/\/regiaonews.net.br\/2022\/wp-json\/wp\/v2\/media?parent=88380"}],"wp:term":[{"taxonomy":"category","embeddable":true,"href":"https:\/\/regiaonews.net.br\/2022\/wp-json\/wp\/v2\/categories?post=88380"},{"taxonomy":"post_tag","embeddable":true,"href":"https:\/\/regiaonews.net.br\/2022\/wp-json\/wp\/v2\/tags?post=88380"}],"curies":[{"name":"wp","href":"https:\/\/api.w.org\/{rel}","templated":true}]}}