{"id":88316,"date":"2023-05-17T12:02:47","date_gmt":"2023-05-17T15:02:47","guid":{"rendered":"https:\/\/regiaonews.net.br\/2022\/?p=88316"},"modified":"2023-05-17T12:02:47","modified_gmt":"2023-05-17T15:02:47","slug":"dia-mundial-da-reciclagem-saae-barretos-fortalece-seu-compromisso-com-a-sustentabilidade-ambiental","status":"publish","type":"post","link":"https:\/\/regiaonews.net.br\/2022\/2023\/05\/17\/dia-mundial-da-reciclagem-saae-barretos-fortalece-seu-compromisso-com-a-sustentabilidade-ambiental\/","title":{"rendered":"Dia Mundial da Reciclagem: SAAE Barretos fortalece seu compromisso com a sustentabilidade ambiental"},"content":{"rendered":"<h3 style=\"text-align: center;\">Autarquia incentiva pr\u00e1ticas ecologicamente respons\u00e1veis, impulsionando a sustentabilidade e preserva\u00e7\u00e3o do meio ambiente.<\/h3>\n<p>O mundo celebra hoje (17), o Dia Mundial da Reciclagem, uma data importante que nos lembra da necessidade de preservar nosso planeta atrav\u00e9s da ado\u00e7\u00e3o de pr\u00e1ticas sustent\u00e1veis. Em meio a essa ocasi\u00e3o especial, o SAAE Barretos destaca a campanha &#8220;Cidade Limpa, Cidade Superconsciente&#8221;, um projeto que visa conscientizar a popula\u00e7\u00e3o sobre a import\u00e2ncia de separar adequadamente o lixo recicl\u00e1vel do lixo org\u00e2nico.<\/p>\n<p>A cidade de Barretos \u00e9 privilegiada por possuir a Usina de Triagem, uma instala\u00e7\u00e3o eficiente que recebe todo o material coletado e realiza a separa\u00e7\u00e3o adequada para posterior venda \u00e0s empresas de reciclagem. Pap\u00e9is, papel\u00e3o, pl\u00e1sticos, isopor, vidros e outros materiais recicl\u00e1veis podem e devem ser separados e deixados para serem coletados nos dias agendados pela coleta seletiva. O cronograma, detalhando o dia em que a coleta ocorrer\u00e1 em cada bairro, pode ser acessado no site do SAAEB em: www.saaeb.com.br\/coleta-de-residuos.<\/p>\n<p>Para garantir uma efetiva coleta seletiva e resolver quaisquer problemas relacionados a esse servi\u00e7o, a autarquia disponibiliza canais de comunica\u00e7\u00e3o para a popula\u00e7\u00e3o. A ouvidoria pode ser acionada pelo telefone: (17) 3321-5300, bem como atrav\u00e9s de mensagens de texto pelo WhatsApp no mesmo n\u00famero. Al\u00e9m disso, \u00e9 poss\u00edvel entrar em contato por meio do Messenger na p\u00e1gina do Facebook do SAAE ou por mensagem direta no perfil do Instagram.<\/p>\n<p>Para Silvia Silva, encarregada de equipe e fiscal da Coleta Seletiva, \u201co Dia Mundial da Reciclagem \u00e9 uma oportunidade perfeita para repensarmos nossos h\u00e1bitos e assumirmos a responsabilidade pela preserva\u00e7\u00e3o do meio ambiente\u201d. \u201cJuntos, podemos construir uma cidade mais sustent\u00e1vel e garantir um futuro melhor para as pr\u00f3ximas gera\u00e7\u00f5es. Fa\u00e7a parte dessa mudan\u00e7a, separe corretamente seus res\u00edduos e contribua para uma Barretos ainda mais limpa e consciente!\u201d, enfatiza.<\/p>\n<p>Al\u00e9m do compromisso com a separa\u00e7\u00e3o correta dos res\u00edduos, o SAAE Barretos incentiva a comunidade a adotar pr\u00e1ticas simples que contribuem para a preserva\u00e7\u00e3o do meio ambiente. Uma dessas pr\u00e1ticas \u00e9 a reutiliza\u00e7\u00e3o de pap\u00e9is como rascunhos, aproveitando o verso de folhas impressas que n\u00e3o ser\u00e3o mais utilizadas. Ao inv\u00e9s de descart\u00e1-las, sugerimos reservar um espa\u00e7o na mesa de trabalho ou arm\u00e1rio para que esses pap\u00e9is possam ser reaproveitados quando forem necess\u00e1rios apenas para aprova\u00e7\u00e3o ou anota\u00e7\u00f5es r\u00e1pidas. Essa a\u00e7\u00e3o n\u00e3o apenas auxilia na economia financeira das empresas, mas tamb\u00e9m tem um impacto positivo no meio ambiente, reduzindo a demanda por papel novo e contribuindo para a conserva\u00e7\u00e3o das florestas e dos recursos naturais.<\/p>\n<p>&#8220;Pe\u00e7o o apoio de todos os barretenses para que juntos possamos construir uma cidade cada vez mais sustent\u00e1vel e limpa. Cuidar de nossa cidade, manter sua limpeza e preservar o meio ambiente s\u00e3o quest\u00f5es de cidadania. N\u00e3o podemos mais pensar que o lixo \u00e9 responsabilidade exclusiva do poder p\u00fablico, todos n\u00f3s temos um papel fundamental nessa transforma\u00e7\u00e3o&#8221;, destaca o superintendente Marcelo Borges.<\/p>\n<p>Legenda: Usina de Triagem administrada pelo SAAEB<\/p>\n<p>SAAE Barretos \u2013 17 de maio de 2023<br \/>\nAssessoria de Imprensa<br \/>\nwww.saaeb.com.br<\/p>\n","protected":false},"excerpt":{"rendered":"<p>Autarquia incentiva pr\u00e1ticas ecologicamente respons\u00e1veis, impulsionando a sustentabilidade e preserva\u00e7\u00e3o<\/p>\n","protected":false},"author":2,"featured_media":88317,"comment_status":"open","ping_status":"open","sticky":false,"template":"","format":"standard","meta":{"footnotes":""},"categories":[14,3],"tags":[],"class_list":["post-88316","post","type-post","status-publish","format-standard","has-post-thumbnail","hentry","category-barretos","category-geral"],"yoast_head":"<!-- This site is optimized with the Yoast SEO plugin v27.4 - https:\/\/yoast.com\/product\/yoast-seo-wordpress\/ -->\n<title>Dia Mundial da Reciclagem: SAAE Barretos fortalece seu compromisso com a sustentabilidade ambiental - Regi\u00e3o News<\/title>\n<meta name=\"robots\" content=\"index, follow, max-snippet:-1, max-image-preview:large, max-video-preview:-1\" \/>\n<link rel=\"canonical\" href=\"https:\/\/regiaonews.net.br\/2022\/2023\/05\/17\/dia-mundial-da-reciclagem-saae-barretos-fortalece-seu-compromisso-com-a-sustentabilidade-ambiental\/\" \/>\n<meta property=\"og:locale\" content=\"pt_BR\" \/>\n<meta property=\"og:type\" content=\"article\" \/>\n<meta property=\"og:title\" content=\"Dia Mundial da Reciclagem: SAAE Barretos fortalece seu compromisso com a sustentabilidade ambiental - Regi\u00e3o News\" \/>\n<meta property=\"og:description\" content=\"Autarquia incentiva pr\u00e1ticas ecologicamente respons\u00e1veis, impulsionando a sustentabilidade e preserva\u00e7\u00e3o\" \/>\n<meta property=\"og:url\" content=\"https:\/\/regiaonews.net.br\/2022\/2023\/05\/17\/dia-mundial-da-reciclagem-saae-barretos-fortalece-seu-compromisso-com-a-sustentabilidade-ambiental\/\" \/>\n<meta property=\"og:site_name\" content=\"Regi\u00e3o News\" \/>\n<meta property=\"article:published_time\" content=\"2023-05-17T15:02:47+00:00\" \/>\n<meta property=\"og:image\" content=\"https:\/\/regiaonews.net.br\/2022\/wp-content\/uploads\/2023\/05\/Imagem-do-WhatsApp-de-2023-05-17-as-11.34.34.jpg\" \/>\n\t<meta property=\"og:image:width\" content=\"1280\" \/>\n\t<meta property=\"og:image:height\" content=\"589\" \/>\n\t<meta property=\"og:image:type\" content=\"image\/jpeg\" \/>\n<meta name=\"author\" content=\"Roberto\" \/>\n<meta name=\"twitter:card\" content=\"summary_large_image\" \/>\n<meta name=\"twitter:label1\" content=\"Escrito por\" \/>\n\t<meta name=\"twitter:data1\" content=\"Roberto\" \/>\n\t<meta name=\"twitter:label2\" content=\"Est. tempo de leitura\" \/>\n\t<meta name=\"twitter:data2\" content=\"3 minutos\" \/>\n<script type=\"application\/ld+json\" class=\"yoast-schema-graph\">{\"@context\":\"https:\\\/\\\/schema.org\",\"@graph\":[{\"@type\":\"Article\",\"@id\":\"https:\\\/\\\/regiaonews.net.br\\\/2022\\\/2023\\\/05\\\/17\\\/dia-mundial-da-reciclagem-saae-barretos-fortalece-seu-compromisso-com-a-sustentabilidade-ambiental\\\/#article\",\"isPartOf\":{\"@id\":\"https:\\\/\\\/regiaonews.net.br\\\/2022\\\/2023\\\/05\\\/17\\\/dia-mundial-da-reciclagem-saae-barretos-fortalece-seu-compromisso-com-a-sustentabilidade-ambiental\\\/\"},\"author\":{\"name\":\"Roberto\",\"@id\":\"https:\\\/\\\/regiaonews.net.br\\\/2022\\\/#\\\/schema\\\/person\\\/2d205a608a5aa97ac279d7a5e6d89ad8\"},\"headline\":\"Dia Mundial da Reciclagem: SAAE Barretos fortalece seu compromisso com a sustentabilidade ambiental\",\"datePublished\":\"2023-05-17T15:02:47+00:00\",\"mainEntityOfPage\":{\"@id\":\"https:\\\/\\\/regiaonews.net.br\\\/2022\\\/2023\\\/05\\\/17\\\/dia-mundial-da-reciclagem-saae-barretos-fortalece-seu-compromisso-com-a-sustentabilidade-ambiental\\\/\"},\"wordCount\":563,\"commentCount\":0,\"publisher\":{\"@id\":\"https:\\\/\\\/regiaonews.net.br\\\/2022\\\/#organization\"},\"image\":{\"@id\":\"https:\\\/\\\/regiaonews.net.br\\\/2022\\\/2023\\\/05\\\/17\\\/dia-mundial-da-reciclagem-saae-barretos-fortalece-seu-compromisso-com-a-sustentabilidade-ambiental\\\/#primaryimage\"},\"thumbnailUrl\":\"https:\\\/\\\/regiaonews.net.br\\\/2022\\\/wp-content\\\/uploads\\\/2023\\\/05\\\/Imagem-do-WhatsApp-de-2023-05-17-as-11.34.34.jpg\",\"articleSection\":[\"Barretos\",\"Geral\"],\"inLanguage\":\"pt-BR\",\"potentialAction\":[{\"@type\":\"CommentAction\",\"name\":\"Comment\",\"target\":[\"https:\\\/\\\/regiaonews.net.br\\\/2022\\\/2023\\\/05\\\/17\\\/dia-mundial-da-reciclagem-saae-barretos-fortalece-seu-compromisso-com-a-sustentabilidade-ambiental\\\/#respond\"]}]},{\"@type\":\"WebPage\",\"@id\":\"https:\\\/\\\/regiaonews.net.br\\\/2022\\\/2023\\\/05\\\/17\\\/dia-mundial-da-reciclagem-saae-barretos-fortalece-seu-compromisso-com-a-sustentabilidade-ambiental\\\/\",\"url\":\"https:\\\/\\\/regiaonews.net.br\\\/2022\\\/2023\\\/05\\\/17\\\/dia-mundial-da-reciclagem-saae-barretos-fortalece-seu-compromisso-com-a-sustentabilidade-ambiental\\\/\",\"name\":\"Dia Mundial da Reciclagem: SAAE Barretos fortalece seu compromisso com a sustentabilidade ambiental - Regi\u00e3o News\",\"isPartOf\":{\"@id\":\"https:\\\/\\\/regiaonews.net.br\\\/2022\\\/#website\"},\"primaryImageOfPage\":{\"@id\":\"https:\\\/\\\/regiaonews.net.br\\\/2022\\\/2023\\\/05\\\/17\\\/dia-mundial-da-reciclagem-saae-barretos-fortalece-seu-compromisso-com-a-sustentabilidade-ambiental\\\/#primaryimage\"},\"image\":{\"@id\":\"https:\\\/\\\/regiaonews.net.br\\\/2022\\\/2023\\\/05\\\/17\\\/dia-mundial-da-reciclagem-saae-barretos-fortalece-seu-compromisso-com-a-sustentabilidade-ambiental\\\/#primaryimage\"},\"thumbnailUrl\":\"https:\\\/\\\/regiaonews.net.br\\\/2022\\\/wp-content\\\/uploads\\\/2023\\\/05\\\/Imagem-do-WhatsApp-de-2023-05-17-as-11.34.34.jpg\",\"datePublished\":\"2023-05-17T15:02:47+00:00\",\"breadcrumb\":{\"@id\":\"https:\\\/\\\/regiaonews.net.br\\\/2022\\\/2023\\\/05\\\/17\\\/dia-mundial-da-reciclagem-saae-barretos-fortalece-seu-compromisso-com-a-sustentabilidade-ambiental\\\/#breadcrumb\"},\"inLanguage\":\"pt-BR\",\"potentialAction\":[{\"@type\":\"ReadAction\",\"target\":[\"https:\\\/\\\/regiaonews.net.br\\\/2022\\\/2023\\\/05\\\/17\\\/dia-mundial-da-reciclagem-saae-barretos-fortalece-seu-compromisso-com-a-sustentabilidade-ambiental\\\/\"]}]},{\"@type\":\"ImageObject\",\"inLanguage\":\"pt-BR\",\"@id\":\"https:\\\/\\\/regiaonews.net.br\\\/2022\\\/2023\\\/05\\\/17\\\/dia-mundial-da-reciclagem-saae-barretos-fortalece-seu-compromisso-com-a-sustentabilidade-ambiental\\\/#primaryimage\",\"url\":\"https:\\\/\\\/regiaonews.net.br\\\/2022\\\/wp-content\\\/uploads\\\/2023\\\/05\\\/Imagem-do-WhatsApp-de-2023-05-17-as-11.34.34.jpg\",\"contentUrl\":\"https:\\\/\\\/regiaonews.net.br\\\/2022\\\/wp-content\\\/uploads\\\/2023\\\/05\\\/Imagem-do-WhatsApp-de-2023-05-17-as-11.34.34.jpg\",\"width\":1280,\"height\":589},{\"@type\":\"BreadcrumbList\",\"@id\":\"https:\\\/\\\/regiaonews.net.br\\\/2022\\\/2023\\\/05\\\/17\\\/dia-mundial-da-reciclagem-saae-barretos-fortalece-seu-compromisso-com-a-sustentabilidade-ambiental\\\/#breadcrumb\",\"itemListElement\":[{\"@type\":\"ListItem\",\"position\":1,\"name\":\"In\u00edcio\",\"item\":\"https:\\\/\\\/regiaonews.net.br\\\/2022\\\/\"},{\"@type\":\"ListItem\",\"position\":2,\"name\":\"Dia Mundial da Reciclagem: SAAE Barretos fortalece seu compromisso com a sustentabilidade ambiental\"}]},{\"@type\":\"WebSite\",\"@id\":\"https:\\\/\\\/regiaonews.net.br\\\/2022\\\/#website\",\"url\":\"https:\\\/\\\/regiaonews.net.br\\\/2022\\\/\",\"name\":\"Regi\u00e3o News\",\"description\":\"Site de Not\u00edcias de Barretos e regi\u00e3o\",\"publisher\":{\"@id\":\"https:\\\/\\\/regiaonews.net.br\\\/2022\\\/#organization\"},\"potentialAction\":[{\"@type\":\"SearchAction\",\"target\":{\"@type\":\"EntryPoint\",\"urlTemplate\":\"https:\\\/\\\/regiaonews.net.br\\\/2022\\\/?s={search_term_string}\"},\"query-input\":{\"@type\":\"PropertyValueSpecification\",\"valueRequired\":true,\"valueName\":\"search_term_string\"}}],\"inLanguage\":\"pt-BR\"},{\"@type\":\"Organization\",\"@id\":\"https:\\\/\\\/regiaonews.net.br\\\/2022\\\/#organization\",\"name\":\"Regi\u00e3o News\",\"url\":\"https:\\\/\\\/regiaonews.net.br\\\/2022\\\/\",\"logo\":{\"@type\":\"ImageObject\",\"inLanguage\":\"pt-BR\",\"@id\":\"https:\\\/\\\/regiaonews.net.br\\\/2022\\\/#\\\/schema\\\/logo\\\/image\\\/\",\"url\":\"https:\\\/\\\/regiaonews.net.br\\\/2022\\\/wp-content\\\/uploads\\\/2026\\\/03\\\/regiao-13-anos-scaled.jpg\",\"contentUrl\":\"https:\\\/\\\/regiaonews.net.br\\\/2022\\\/wp-content\\\/uploads\\\/2026\\\/03\\\/regiao-13-anos-scaled.jpg\",\"width\":2560,\"height\":635,\"caption\":\"Regi\u00e3o News\"},\"image\":{\"@id\":\"https:\\\/\\\/regiaonews.net.br\\\/2022\\\/#\\\/schema\\\/logo\\\/image\\\/\"}},{\"@type\":\"Person\",\"@id\":\"https:\\\/\\\/regiaonews.net.br\\\/2022\\\/#\\\/schema\\\/person\\\/2d205a608a5aa97ac279d7a5e6d89ad8\",\"name\":\"Roberto\",\"image\":{\"@type\":\"ImageObject\",\"inLanguage\":\"pt-BR\",\"@id\":\"https:\\\/\\\/secure.gravatar.com\\\/avatar\\\/42749d8b712ff9d59ca93dc150494e5b55a44134482993f5baeb97e61b7ecc89?s=96&d=mm&r=g\",\"url\":\"https:\\\/\\\/secure.gravatar.com\\\/avatar\\\/42749d8b712ff9d59ca93dc150494e5b55a44134482993f5baeb97e61b7ecc89?s=96&d=mm&r=g\",\"contentUrl\":\"https:\\\/\\\/secure.gravatar.com\\\/avatar\\\/42749d8b712ff9d59ca93dc150494e5b55a44134482993f5baeb97e61b7ecc89?s=96&d=mm&r=g\",\"caption\":\"Roberto\"},\"url\":\"https:\\\/\\\/regiaonews.net.br\\\/2022\\\/author\\\/roberto\\\/\"}]}<\/script>\n<!-- \/ Yoast SEO plugin. -->","yoast_head_json":{"title":"Dia Mundial da Reciclagem: SAAE Barretos fortalece seu compromisso com a sustentabilidade ambiental - Regi\u00e3o News","robots":{"index":"index","follow":"follow","max-snippet":"max-snippet:-1","max-image-preview":"max-image-preview:large","max-video-preview":"max-video-preview:-1"},"canonical":"https:\/\/regiaonews.net.br\/2022\/2023\/05\/17\/dia-mundial-da-reciclagem-saae-barretos-fortalece-seu-compromisso-com-a-sustentabilidade-ambiental\/","og_locale":"pt_BR","og_type":"article","og_title":"Dia Mundial da Reciclagem: SAAE Barretos fortalece seu compromisso com a sustentabilidade ambiental - Regi\u00e3o News","og_description":"Autarquia incentiva pr\u00e1ticas ecologicamente respons\u00e1veis, impulsionando a sustentabilidade e preserva\u00e7\u00e3o","og_url":"https:\/\/regiaonews.net.br\/2022\/2023\/05\/17\/dia-mundial-da-reciclagem-saae-barretos-fortalece-seu-compromisso-com-a-sustentabilidade-ambiental\/","og_site_name":"Regi\u00e3o News","article_published_time":"2023-05-17T15:02:47+00:00","og_image":[{"width":1280,"height":589,"url":"https:\/\/regiaonews.net.br\/2022\/wp-content\/uploads\/2023\/05\/Imagem-do-WhatsApp-de-2023-05-17-as-11.34.34.jpg","type":"image\/jpeg"}],"author":"Roberto","twitter_card":"summary_large_image","twitter_misc":{"Escrito por":"Roberto","Est. tempo de leitura":"3 minutos"},"schema":{"@context":"https:\/\/schema.org","@graph":[{"@type":"Article","@id":"https:\/\/regiaonews.net.br\/2022\/2023\/05\/17\/dia-mundial-da-reciclagem-saae-barretos-fortalece-seu-compromisso-com-a-sustentabilidade-ambiental\/#article","isPartOf":{"@id":"https:\/\/regiaonews.net.br\/2022\/2023\/05\/17\/dia-mundial-da-reciclagem-saae-barretos-fortalece-seu-compromisso-com-a-sustentabilidade-ambiental\/"},"author":{"name":"Roberto","@id":"https:\/\/regiaonews.net.br\/2022\/#\/schema\/person\/2d205a608a5aa97ac279d7a5e6d89ad8"},"headline":"Dia Mundial da Reciclagem: SAAE Barretos fortalece seu compromisso com a sustentabilidade ambiental","datePublished":"2023-05-17T15:02:47+00:00","mainEntityOfPage":{"@id":"https:\/\/regiaonews.net.br\/2022\/2023\/05\/17\/dia-mundial-da-reciclagem-saae-barretos-fortalece-seu-compromisso-com-a-sustentabilidade-ambiental\/"},"wordCount":563,"commentCount":0,"publisher":{"@id":"https:\/\/regiaonews.net.br\/2022\/#organization"},"image":{"@id":"https:\/\/regiaonews.net.br\/2022\/2023\/05\/17\/dia-mundial-da-reciclagem-saae-barretos-fortalece-seu-compromisso-com-a-sustentabilidade-ambiental\/#primaryimage"},"thumbnailUrl":"https:\/\/regiaonews.net.br\/2022\/wp-content\/uploads\/2023\/05\/Imagem-do-WhatsApp-de-2023-05-17-as-11.34.34.jpg","articleSection":["Barretos","Geral"],"inLanguage":"pt-BR","potentialAction":[{"@type":"CommentAction","name":"Comment","target":["https:\/\/regiaonews.net.br\/2022\/2023\/05\/17\/dia-mundial-da-reciclagem-saae-barretos-fortalece-seu-compromisso-com-a-sustentabilidade-ambiental\/#respond"]}]},{"@type":"WebPage","@id":"https:\/\/regiaonews.net.br\/2022\/2023\/05\/17\/dia-mundial-da-reciclagem-saae-barretos-fortalece-seu-compromisso-com-a-sustentabilidade-ambiental\/","url":"https:\/\/regiaonews.net.br\/2022\/2023\/05\/17\/dia-mundial-da-reciclagem-saae-barretos-fortalece-seu-compromisso-com-a-sustentabilidade-ambiental\/","name":"Dia Mundial da Reciclagem: SAAE Barretos fortalece seu compromisso com a sustentabilidade ambiental - Regi\u00e3o News","isPartOf":{"@id":"https:\/\/regiaonews.net.br\/2022\/#website"},"primaryImageOfPage":{"@id":"https:\/\/regiaonews.net.br\/2022\/2023\/05\/17\/dia-mundial-da-reciclagem-saae-barretos-fortalece-seu-compromisso-com-a-sustentabilidade-ambiental\/#primaryimage"},"image":{"@id":"https:\/\/regiaonews.net.br\/2022\/2023\/05\/17\/dia-mundial-da-reciclagem-saae-barretos-fortalece-seu-compromisso-com-a-sustentabilidade-ambiental\/#primaryimage"},"thumbnailUrl":"https:\/\/regiaonews.net.br\/2022\/wp-content\/uploads\/2023\/05\/Imagem-do-WhatsApp-de-2023-05-17-as-11.34.34.jpg","datePublished":"2023-05-17T15:02:47+00:00","breadcrumb":{"@id":"https:\/\/regiaonews.net.br\/2022\/2023\/05\/17\/dia-mundial-da-reciclagem-saae-barretos-fortalece-seu-compromisso-com-a-sustentabilidade-ambiental\/#breadcrumb"},"inLanguage":"pt-BR","potentialAction":[{"@type":"ReadAction","target":["https:\/\/regiaonews.net.br\/2022\/2023\/05\/17\/dia-mundial-da-reciclagem-saae-barretos-fortalece-seu-compromisso-com-a-sustentabilidade-ambiental\/"]}]},{"@type":"ImageObject","inLanguage":"pt-BR","@id":"https:\/\/regiaonews.net.br\/2022\/2023\/05\/17\/dia-mundial-da-reciclagem-saae-barretos-fortalece-seu-compromisso-com-a-sustentabilidade-ambiental\/#primaryimage","url":"https:\/\/regiaonews.net.br\/2022\/wp-content\/uploads\/2023\/05\/Imagem-do-WhatsApp-de-2023-05-17-as-11.34.34.jpg","contentUrl":"https:\/\/regiaonews.net.br\/2022\/wp-content\/uploads\/2023\/05\/Imagem-do-WhatsApp-de-2023-05-17-as-11.34.34.jpg","width":1280,"height":589},{"@type":"BreadcrumbList","@id":"https:\/\/regiaonews.net.br\/2022\/2023\/05\/17\/dia-mundial-da-reciclagem-saae-barretos-fortalece-seu-compromisso-com-a-sustentabilidade-ambiental\/#breadcrumb","itemListElement":[{"@type":"ListItem","position":1,"name":"In\u00edcio","item":"https:\/\/regiaonews.net.br\/2022\/"},{"@type":"ListItem","position":2,"name":"Dia Mundial da Reciclagem: SAAE Barretos fortalece seu compromisso com a sustentabilidade ambiental"}]},{"@type":"WebSite","@id":"https:\/\/regiaonews.net.br\/2022\/#website","url":"https:\/\/regiaonews.net.br\/2022\/","name":"Regi\u00e3o News","description":"Site de Not\u00edcias de Barretos e regi\u00e3o","publisher":{"@id":"https:\/\/regiaonews.net.br\/2022\/#organization"},"potentialAction":[{"@type":"SearchAction","target":{"@type":"EntryPoint","urlTemplate":"https:\/\/regiaonews.net.br\/2022\/?s={search_term_string}"},"query-input":{"@type":"PropertyValueSpecification","valueRequired":true,"valueName":"search_term_string"}}],"inLanguage":"pt-BR"},{"@type":"Organization","@id":"https:\/\/regiaonews.net.br\/2022\/#organization","name":"Regi\u00e3o News","url":"https:\/\/regiaonews.net.br\/2022\/","logo":{"@type":"ImageObject","inLanguage":"pt-BR","@id":"https:\/\/regiaonews.net.br\/2022\/#\/schema\/logo\/image\/","url":"https:\/\/regiaonews.net.br\/2022\/wp-content\/uploads\/2026\/03\/regiao-13-anos-scaled.jpg","contentUrl":"https:\/\/regiaonews.net.br\/2022\/wp-content\/uploads\/2026\/03\/regiao-13-anos-scaled.jpg","width":2560,"height":635,"caption":"Regi\u00e3o News"},"image":{"@id":"https:\/\/regiaonews.net.br\/2022\/#\/schema\/logo\/image\/"}},{"@type":"Person","@id":"https:\/\/regiaonews.net.br\/2022\/#\/schema\/person\/2d205a608a5aa97ac279d7a5e6d89ad8","name":"Roberto","image":{"@type":"ImageObject","inLanguage":"pt-BR","@id":"https:\/\/secure.gravatar.com\/avatar\/42749d8b712ff9d59ca93dc150494e5b55a44134482993f5baeb97e61b7ecc89?s=96&d=mm&r=g","url":"https:\/\/secure.gravatar.com\/avatar\/42749d8b712ff9d59ca93dc150494e5b55a44134482993f5baeb97e61b7ecc89?s=96&d=mm&r=g","contentUrl":"https:\/\/secure.gravatar.com\/avatar\/42749d8b712ff9d59ca93dc150494e5b55a44134482993f5baeb97e61b7ecc89?s=96&d=mm&r=g","caption":"Roberto"},"url":"https:\/\/regiaonews.net.br\/2022\/author\/roberto\/"}]}},"publishpress_future_action":{"enabled":false,"date":"2026-05-04 21:08:54","action":"change-status","newStatus":"draft","terms":[],"taxonomy":"category","extraData":[]},"publishpress_future_workflow_manual_trigger":{"enabledWorkflows":[]},"_links":{"self":[{"href":"https:\/\/regiaonews.net.br\/2022\/wp-json\/wp\/v2\/posts\/88316","targetHints":{"allow":["GET"]}}],"collection":[{"href":"https:\/\/regiaonews.net.br\/2022\/wp-json\/wp\/v2\/posts"}],"about":[{"href":"https:\/\/regiaonews.net.br\/2022\/wp-json\/wp\/v2\/types\/post"}],"author":[{"embeddable":true,"href":"https:\/\/regiaonews.net.br\/2022\/wp-json\/wp\/v2\/users\/2"}],"replies":[{"embeddable":true,"href":"https:\/\/regiaonews.net.br\/2022\/wp-json\/wp\/v2\/comments?post=88316"}],"version-history":[{"count":1,"href":"https:\/\/regiaonews.net.br\/2022\/wp-json\/wp\/v2\/posts\/88316\/revisions"}],"predecessor-version":[{"id":88318,"href":"https:\/\/regiaonews.net.br\/2022\/wp-json\/wp\/v2\/posts\/88316\/revisions\/88318"}],"wp:featuredmedia":[{"embeddable":true,"href":"https:\/\/regiaonews.net.br\/2022\/wp-json\/wp\/v2\/media\/88317"}],"wp:attachment":[{"href":"https:\/\/regiaonews.net.br\/2022\/wp-json\/wp\/v2\/media?parent=88316"}],"wp:term":[{"taxonomy":"category","embeddable":true,"href":"https:\/\/regiaonews.net.br\/2022\/wp-json\/wp\/v2\/categories?post=88316"},{"taxonomy":"post_tag","embeddable":true,"href":"https:\/\/regiaonews.net.br\/2022\/wp-json\/wp\/v2\/tags?post=88316"}],"curies":[{"name":"wp","href":"https:\/\/api.w.org\/{rel}","templated":true}]}}