{"id":88310,"date":"2023-05-17T12:01:12","date_gmt":"2023-05-17T15:01:12","guid":{"rendered":"https:\/\/regiaonews.net.br\/2022\/?p=88310"},"modified":"2023-05-17T12:01:12","modified_gmt":"2023-05-17T15:01:12","slug":"12-candidatos-indeferidos-nas-eleicoes-do-conselho-tutelar-tem-ate-o-dia-22-para-apresentar-documentacao","status":"publish","type":"post","link":"https:\/\/regiaonews.net.br\/2022\/2023\/05\/17\/12-candidatos-indeferidos-nas-eleicoes-do-conselho-tutelar-tem-ate-o-dia-22-para-apresentar-documentacao\/","title":{"rendered":"12 candidatos indeferidos nas elei\u00e7\u00f5es do Conselho Tutelar tem at\u00e9 o dia 22 para apresentar documenta\u00e7\u00e3o"},"content":{"rendered":"<p>O integrante da Comiss\u00e3o Eleitoral do Conselho Tutelar, Eduardo Croys Felthes, informou que dos 29 candidatos que realizaram inscri\u00e7\u00e3o para concorrer ao cargo de Conselheiro Tutelar, 17 nomes foram deferidos e 12 foram considerados indeferidos, sem ter nenhum candidato impugnado. Segundo ele, os candidatos que foram indeferidos ter\u00e3o at\u00e9 o dia 22 de maio para apresentar a defesa e os documentos que est\u00e3o em falta. \u201cTeremos uma nova an\u00e1lise dos documentos, para verificar se ser\u00e1 indeferindo ou aprovando a candidatura se forem sanadas as falhas\u201d, explicou Felthes. De acordo com Eduardo, os candidatos que tiveram as inscri\u00e7\u00f5es indeferidas poder\u00e3o requerer c\u00f3pia da decis\u00e3o na Casa dos Conselhos, localizado na rua 26, n\u00ba 929, centro.<\/p>\n<p>Confira a lista dos candidatos que est\u00e3o deferidos e indeferidos.<\/p>\n<p>INSCRI\u00c7\u00d5ES DEFERIDAS:<\/p>\n<p>INSCRI\u00c7\u00c3O NOME DO(A) CANDIDATO(A)<br \/>\n001\/2023 ANDREZA REBOR BORGES<br \/>\n002\/2023 CHAYENNE BORGES SANTANA<br \/>\n003\/2023 M\u00c1RCIA MAGALH\u00c3ES PINA<br \/>\n004\/2023 NAT\u00c1LIA DOS SANTOS LIZI<br \/>\n005\/2023 LIDIANE MARA BASTOS ALVES DOS SANTOS<br \/>\n006\/2023 ANDR\u00c9 DE PAULA CAMARGO<br \/>\n007\/2023 ROSANGELA APARECIDA DE CARVALHO<br \/>\n009\/2023 MATHEUS HENRIQUE DA SILVA SOUSA CASTRO<br \/>\n013\/2023 GUSTAVO HENRIQUE FIGUEIREDO RODRIGUES<br \/>\n014\/2023 VALERIA CRISTINA DE OLIVEIRA PELEGRINI<br \/>\n015\/2023 KARINA FERREIRA DOS SANTOS<br \/>\n016\/2023 ANA MARIA FIDELIS DA SILVA<br \/>\n021\/2023 TELMA MARIA DA SILVA<br \/>\n023\/2023 WEVERTON APARECIDO ALVES<br \/>\n024\/2023 DIEGO APARECIDO ARAUJO<br \/>\n025\/2023 TATIANE DANIELA FIGUEIREDO SANCHES<br \/>\n026\/2023 FERNANDO MARCOS VALAD\u00c3O<\/p>\n<p>INSCRI\u00c7\u00d5ES INDEFERIDAS:<\/p>\n<p>INSCRI\u00c7\u00c3O NOME DO(A) CANDIDATO(A)<br \/>\n008\/2023 CLAUDIA REGINA REZENDE DE S\u00c1<br \/>\n010\/2023 FABIANA DE ASSIS JAC\u00d3<br \/>\n011\/2023 JULIANA LEMOS COSTA<br \/>\n012\/2023 FABIO PEREIRA DA SILVA<br \/>\n017\/2023 ROSANE BARBAGALLO<br \/>\n018\/2023 MARIA DE FATIMA DA SILVA<br \/>\n019\/2023 ALEXANDRA CRISTINA FERNANDES<br \/>\n020\/2023 MICHELE CRISTINA MOREIRA<br \/>\n022\/2023 CLAUDIA HELENA DO NASCIMENTO<br \/>\n027\/2023 LILIAN CRISTIAN CALIXTO QUEIROZ<br \/>\n028\/2023 VAGNER APARECIDO FERREIRA<br \/>\n029\/2023 DANIELA CAMPIM<\/p>\n<p>Fonte\u00a0\u2013\u00a0CMDCA<\/p>\n","protected":false},"excerpt":{"rendered":"<p>O integrante da Comiss\u00e3o Eleitoral do Conselho Tutelar, Eduardo Croys<\/p>\n","protected":false},"author":2,"featured_media":88311,"comment_status":"open","ping_status":"open","sticky":false,"template":"","format":"standard","meta":{"footnotes":""},"categories":[14,3],"tags":[],"class_list":["post-88310","post","type-post","status-publish","format-standard","has-post-thumbnail","hentry","category-barretos","category-geral"],"yoast_head":"<!-- This site is optimized with the Yoast SEO plugin v27.4 - https:\/\/yoast.com\/product\/yoast-seo-wordpress\/ -->\n<title>12 candidatos indeferidos nas elei\u00e7\u00f5es do Conselho Tutelar tem at\u00e9 o dia 22 para apresentar documenta\u00e7\u00e3o - Regi\u00e3o News<\/title>\n<meta name=\"robots\" content=\"index, follow, max-snippet:-1, max-image-preview:large, max-video-preview:-1\" \/>\n<link rel=\"canonical\" href=\"https:\/\/regiaonews.net.br\/2022\/2023\/05\/17\/12-candidatos-indeferidos-nas-eleicoes-do-conselho-tutelar-tem-ate-o-dia-22-para-apresentar-documentacao\/\" \/>\n<meta property=\"og:locale\" content=\"pt_BR\" \/>\n<meta property=\"og:type\" content=\"article\" \/>\n<meta property=\"og:title\" content=\"12 candidatos indeferidos nas elei\u00e7\u00f5es do Conselho Tutelar tem at\u00e9 o dia 22 para apresentar documenta\u00e7\u00e3o - Regi\u00e3o News\" \/>\n<meta property=\"og:description\" content=\"O integrante da Comiss\u00e3o Eleitoral do Conselho Tutelar, Eduardo Croys\" \/>\n<meta property=\"og:url\" content=\"https:\/\/regiaonews.net.br\/2022\/2023\/05\/17\/12-candidatos-indeferidos-nas-eleicoes-do-conselho-tutelar-tem-ate-o-dia-22-para-apresentar-documentacao\/\" \/>\n<meta property=\"og:site_name\" content=\"Regi\u00e3o News\" \/>\n<meta property=\"article:published_time\" content=\"2023-05-17T15:01:12+00:00\" \/>\n<meta property=\"og:image\" content=\"https:\/\/regiaonews.net.br\/2022\/wp-content\/uploads\/2023\/05\/Imagem-do-WhatsApp-de-2023-05-17-as-09.52.08.jpg\" \/>\n\t<meta property=\"og:image:width\" content=\"1600\" \/>\n\t<meta property=\"og:image:height\" content=\"1066\" \/>\n\t<meta property=\"og:image:type\" content=\"image\/jpeg\" \/>\n<meta name=\"author\" content=\"Roberto\" \/>\n<meta name=\"twitter:card\" content=\"summary_large_image\" \/>\n<meta name=\"twitter:label1\" content=\"Escrito por\" \/>\n\t<meta name=\"twitter:data1\" content=\"Roberto\" \/>\n\t<meta name=\"twitter:label2\" content=\"Est. tempo de leitura\" \/>\n\t<meta name=\"twitter:data2\" content=\"2 minutos\" \/>\n<script type=\"application\/ld+json\" class=\"yoast-schema-graph\">{\"@context\":\"https:\\\/\\\/schema.org\",\"@graph\":[{\"@type\":\"Article\",\"@id\":\"https:\\\/\\\/regiaonews.net.br\\\/2022\\\/2023\\\/05\\\/17\\\/12-candidatos-indeferidos-nas-eleicoes-do-conselho-tutelar-tem-ate-o-dia-22-para-apresentar-documentacao\\\/#article\",\"isPartOf\":{\"@id\":\"https:\\\/\\\/regiaonews.net.br\\\/2022\\\/2023\\\/05\\\/17\\\/12-candidatos-indeferidos-nas-eleicoes-do-conselho-tutelar-tem-ate-o-dia-22-para-apresentar-documentacao\\\/\"},\"author\":{\"name\":\"Roberto\",\"@id\":\"https:\\\/\\\/regiaonews.net.br\\\/2022\\\/#\\\/schema\\\/person\\\/2d205a608a5aa97ac279d7a5e6d89ad8\"},\"headline\":\"12 candidatos indeferidos nas elei\u00e7\u00f5es do Conselho Tutelar tem at\u00e9 o dia 22 para apresentar documenta\u00e7\u00e3o\",\"datePublished\":\"2023-05-17T15:01:12+00:00\",\"mainEntityOfPage\":{\"@id\":\"https:\\\/\\\/regiaonews.net.br\\\/2022\\\/2023\\\/05\\\/17\\\/12-candidatos-indeferidos-nas-eleicoes-do-conselho-tutelar-tem-ate-o-dia-22-para-apresentar-documentacao\\\/\"},\"wordCount\":280,\"commentCount\":0,\"publisher\":{\"@id\":\"https:\\\/\\\/regiaonews.net.br\\\/2022\\\/#organization\"},\"image\":{\"@id\":\"https:\\\/\\\/regiaonews.net.br\\\/2022\\\/2023\\\/05\\\/17\\\/12-candidatos-indeferidos-nas-eleicoes-do-conselho-tutelar-tem-ate-o-dia-22-para-apresentar-documentacao\\\/#primaryimage\"},\"thumbnailUrl\":\"https:\\\/\\\/regiaonews.net.br\\\/2022\\\/wp-content\\\/uploads\\\/2023\\\/05\\\/Imagem-do-WhatsApp-de-2023-05-17-as-09.52.08.jpg\",\"articleSection\":[\"Barretos\",\"Geral\"],\"inLanguage\":\"pt-BR\",\"potentialAction\":[{\"@type\":\"CommentAction\",\"name\":\"Comment\",\"target\":[\"https:\\\/\\\/regiaonews.net.br\\\/2022\\\/2023\\\/05\\\/17\\\/12-candidatos-indeferidos-nas-eleicoes-do-conselho-tutelar-tem-ate-o-dia-22-para-apresentar-documentacao\\\/#respond\"]}]},{\"@type\":\"WebPage\",\"@id\":\"https:\\\/\\\/regiaonews.net.br\\\/2022\\\/2023\\\/05\\\/17\\\/12-candidatos-indeferidos-nas-eleicoes-do-conselho-tutelar-tem-ate-o-dia-22-para-apresentar-documentacao\\\/\",\"url\":\"https:\\\/\\\/regiaonews.net.br\\\/2022\\\/2023\\\/05\\\/17\\\/12-candidatos-indeferidos-nas-eleicoes-do-conselho-tutelar-tem-ate-o-dia-22-para-apresentar-documentacao\\\/\",\"name\":\"12 candidatos indeferidos nas elei\u00e7\u00f5es do Conselho Tutelar tem at\u00e9 o dia 22 para apresentar documenta\u00e7\u00e3o - Regi\u00e3o News\",\"isPartOf\":{\"@id\":\"https:\\\/\\\/regiaonews.net.br\\\/2022\\\/#website\"},\"primaryImageOfPage\":{\"@id\":\"https:\\\/\\\/regiaonews.net.br\\\/2022\\\/2023\\\/05\\\/17\\\/12-candidatos-indeferidos-nas-eleicoes-do-conselho-tutelar-tem-ate-o-dia-22-para-apresentar-documentacao\\\/#primaryimage\"},\"image\":{\"@id\":\"https:\\\/\\\/regiaonews.net.br\\\/2022\\\/2023\\\/05\\\/17\\\/12-candidatos-indeferidos-nas-eleicoes-do-conselho-tutelar-tem-ate-o-dia-22-para-apresentar-documentacao\\\/#primaryimage\"},\"thumbnailUrl\":\"https:\\\/\\\/regiaonews.net.br\\\/2022\\\/wp-content\\\/uploads\\\/2023\\\/05\\\/Imagem-do-WhatsApp-de-2023-05-17-as-09.52.08.jpg\",\"datePublished\":\"2023-05-17T15:01:12+00:00\",\"breadcrumb\":{\"@id\":\"https:\\\/\\\/regiaonews.net.br\\\/2022\\\/2023\\\/05\\\/17\\\/12-candidatos-indeferidos-nas-eleicoes-do-conselho-tutelar-tem-ate-o-dia-22-para-apresentar-documentacao\\\/#breadcrumb\"},\"inLanguage\":\"pt-BR\",\"potentialAction\":[{\"@type\":\"ReadAction\",\"target\":[\"https:\\\/\\\/regiaonews.net.br\\\/2022\\\/2023\\\/05\\\/17\\\/12-candidatos-indeferidos-nas-eleicoes-do-conselho-tutelar-tem-ate-o-dia-22-para-apresentar-documentacao\\\/\"]}]},{\"@type\":\"ImageObject\",\"inLanguage\":\"pt-BR\",\"@id\":\"https:\\\/\\\/regiaonews.net.br\\\/2022\\\/2023\\\/05\\\/17\\\/12-candidatos-indeferidos-nas-eleicoes-do-conselho-tutelar-tem-ate-o-dia-22-para-apresentar-documentacao\\\/#primaryimage\",\"url\":\"https:\\\/\\\/regiaonews.net.br\\\/2022\\\/wp-content\\\/uploads\\\/2023\\\/05\\\/Imagem-do-WhatsApp-de-2023-05-17-as-09.52.08.jpg\",\"contentUrl\":\"https:\\\/\\\/regiaonews.net.br\\\/2022\\\/wp-content\\\/uploads\\\/2023\\\/05\\\/Imagem-do-WhatsApp-de-2023-05-17-as-09.52.08.jpg\",\"width\":1600,\"height\":1066},{\"@type\":\"BreadcrumbList\",\"@id\":\"https:\\\/\\\/regiaonews.net.br\\\/2022\\\/2023\\\/05\\\/17\\\/12-candidatos-indeferidos-nas-eleicoes-do-conselho-tutelar-tem-ate-o-dia-22-para-apresentar-documentacao\\\/#breadcrumb\",\"itemListElement\":[{\"@type\":\"ListItem\",\"position\":1,\"name\":\"In\u00edcio\",\"item\":\"https:\\\/\\\/regiaonews.net.br\\\/2022\\\/\"},{\"@type\":\"ListItem\",\"position\":2,\"name\":\"12 candidatos indeferidos nas elei\u00e7\u00f5es do Conselho Tutelar tem at\u00e9 o dia 22 para apresentar documenta\u00e7\u00e3o\"}]},{\"@type\":\"WebSite\",\"@id\":\"https:\\\/\\\/regiaonews.net.br\\\/2022\\\/#website\",\"url\":\"https:\\\/\\\/regiaonews.net.br\\\/2022\\\/\",\"name\":\"Regi\u00e3o News\",\"description\":\"Site de Not\u00edcias de Barretos e regi\u00e3o\",\"publisher\":{\"@id\":\"https:\\\/\\\/regiaonews.net.br\\\/2022\\\/#organization\"},\"potentialAction\":[{\"@type\":\"SearchAction\",\"target\":{\"@type\":\"EntryPoint\",\"urlTemplate\":\"https:\\\/\\\/regiaonews.net.br\\\/2022\\\/?s={search_term_string}\"},\"query-input\":{\"@type\":\"PropertyValueSpecification\",\"valueRequired\":true,\"valueName\":\"search_term_string\"}}],\"inLanguage\":\"pt-BR\"},{\"@type\":\"Organization\",\"@id\":\"https:\\\/\\\/regiaonews.net.br\\\/2022\\\/#organization\",\"name\":\"Regi\u00e3o News\",\"url\":\"https:\\\/\\\/regiaonews.net.br\\\/2022\\\/\",\"logo\":{\"@type\":\"ImageObject\",\"inLanguage\":\"pt-BR\",\"@id\":\"https:\\\/\\\/regiaonews.net.br\\\/2022\\\/#\\\/schema\\\/logo\\\/image\\\/\",\"url\":\"https:\\\/\\\/regiaonews.net.br\\\/2022\\\/wp-content\\\/uploads\\\/2026\\\/03\\\/regiao-13-anos-scaled.jpg\",\"contentUrl\":\"https:\\\/\\\/regiaonews.net.br\\\/2022\\\/wp-content\\\/uploads\\\/2026\\\/03\\\/regiao-13-anos-scaled.jpg\",\"width\":2560,\"height\":635,\"caption\":\"Regi\u00e3o News\"},\"image\":{\"@id\":\"https:\\\/\\\/regiaonews.net.br\\\/2022\\\/#\\\/schema\\\/logo\\\/image\\\/\"}},{\"@type\":\"Person\",\"@id\":\"https:\\\/\\\/regiaonews.net.br\\\/2022\\\/#\\\/schema\\\/person\\\/2d205a608a5aa97ac279d7a5e6d89ad8\",\"name\":\"Roberto\",\"image\":{\"@type\":\"ImageObject\",\"inLanguage\":\"pt-BR\",\"@id\":\"https:\\\/\\\/secure.gravatar.com\\\/avatar\\\/42749d8b712ff9d59ca93dc150494e5b55a44134482993f5baeb97e61b7ecc89?s=96&d=mm&r=g\",\"url\":\"https:\\\/\\\/secure.gravatar.com\\\/avatar\\\/42749d8b712ff9d59ca93dc150494e5b55a44134482993f5baeb97e61b7ecc89?s=96&d=mm&r=g\",\"contentUrl\":\"https:\\\/\\\/secure.gravatar.com\\\/avatar\\\/42749d8b712ff9d59ca93dc150494e5b55a44134482993f5baeb97e61b7ecc89?s=96&d=mm&r=g\",\"caption\":\"Roberto\"},\"url\":\"https:\\\/\\\/regiaonews.net.br\\\/2022\\\/author\\\/roberto\\\/\"}]}<\/script>\n<!-- \/ Yoast SEO plugin. -->","yoast_head_json":{"title":"12 candidatos indeferidos nas elei\u00e7\u00f5es do Conselho Tutelar tem at\u00e9 o dia 22 para apresentar documenta\u00e7\u00e3o - Regi\u00e3o News","robots":{"index":"index","follow":"follow","max-snippet":"max-snippet:-1","max-image-preview":"max-image-preview:large","max-video-preview":"max-video-preview:-1"},"canonical":"https:\/\/regiaonews.net.br\/2022\/2023\/05\/17\/12-candidatos-indeferidos-nas-eleicoes-do-conselho-tutelar-tem-ate-o-dia-22-para-apresentar-documentacao\/","og_locale":"pt_BR","og_type":"article","og_title":"12 candidatos indeferidos nas elei\u00e7\u00f5es do Conselho Tutelar tem at\u00e9 o dia 22 para apresentar documenta\u00e7\u00e3o - Regi\u00e3o News","og_description":"O integrante da Comiss\u00e3o Eleitoral do Conselho Tutelar, Eduardo Croys","og_url":"https:\/\/regiaonews.net.br\/2022\/2023\/05\/17\/12-candidatos-indeferidos-nas-eleicoes-do-conselho-tutelar-tem-ate-o-dia-22-para-apresentar-documentacao\/","og_site_name":"Regi\u00e3o News","article_published_time":"2023-05-17T15:01:12+00:00","og_image":[{"width":1600,"height":1066,"url":"https:\/\/regiaonews.net.br\/2022\/wp-content\/uploads\/2023\/05\/Imagem-do-WhatsApp-de-2023-05-17-as-09.52.08.jpg","type":"image\/jpeg"}],"author":"Roberto","twitter_card":"summary_large_image","twitter_misc":{"Escrito por":"Roberto","Est. tempo de leitura":"2 minutos"},"schema":{"@context":"https:\/\/schema.org","@graph":[{"@type":"Article","@id":"https:\/\/regiaonews.net.br\/2022\/2023\/05\/17\/12-candidatos-indeferidos-nas-eleicoes-do-conselho-tutelar-tem-ate-o-dia-22-para-apresentar-documentacao\/#article","isPartOf":{"@id":"https:\/\/regiaonews.net.br\/2022\/2023\/05\/17\/12-candidatos-indeferidos-nas-eleicoes-do-conselho-tutelar-tem-ate-o-dia-22-para-apresentar-documentacao\/"},"author":{"name":"Roberto","@id":"https:\/\/regiaonews.net.br\/2022\/#\/schema\/person\/2d205a608a5aa97ac279d7a5e6d89ad8"},"headline":"12 candidatos indeferidos nas elei\u00e7\u00f5es do Conselho Tutelar tem at\u00e9 o dia 22 para apresentar documenta\u00e7\u00e3o","datePublished":"2023-05-17T15:01:12+00:00","mainEntityOfPage":{"@id":"https:\/\/regiaonews.net.br\/2022\/2023\/05\/17\/12-candidatos-indeferidos-nas-eleicoes-do-conselho-tutelar-tem-ate-o-dia-22-para-apresentar-documentacao\/"},"wordCount":280,"commentCount":0,"publisher":{"@id":"https:\/\/regiaonews.net.br\/2022\/#organization"},"image":{"@id":"https:\/\/regiaonews.net.br\/2022\/2023\/05\/17\/12-candidatos-indeferidos-nas-eleicoes-do-conselho-tutelar-tem-ate-o-dia-22-para-apresentar-documentacao\/#primaryimage"},"thumbnailUrl":"https:\/\/regiaonews.net.br\/2022\/wp-content\/uploads\/2023\/05\/Imagem-do-WhatsApp-de-2023-05-17-as-09.52.08.jpg","articleSection":["Barretos","Geral"],"inLanguage":"pt-BR","potentialAction":[{"@type":"CommentAction","name":"Comment","target":["https:\/\/regiaonews.net.br\/2022\/2023\/05\/17\/12-candidatos-indeferidos-nas-eleicoes-do-conselho-tutelar-tem-ate-o-dia-22-para-apresentar-documentacao\/#respond"]}]},{"@type":"WebPage","@id":"https:\/\/regiaonews.net.br\/2022\/2023\/05\/17\/12-candidatos-indeferidos-nas-eleicoes-do-conselho-tutelar-tem-ate-o-dia-22-para-apresentar-documentacao\/","url":"https:\/\/regiaonews.net.br\/2022\/2023\/05\/17\/12-candidatos-indeferidos-nas-eleicoes-do-conselho-tutelar-tem-ate-o-dia-22-para-apresentar-documentacao\/","name":"12 candidatos indeferidos nas elei\u00e7\u00f5es do Conselho Tutelar tem at\u00e9 o dia 22 para apresentar documenta\u00e7\u00e3o - Regi\u00e3o News","isPartOf":{"@id":"https:\/\/regiaonews.net.br\/2022\/#website"},"primaryImageOfPage":{"@id":"https:\/\/regiaonews.net.br\/2022\/2023\/05\/17\/12-candidatos-indeferidos-nas-eleicoes-do-conselho-tutelar-tem-ate-o-dia-22-para-apresentar-documentacao\/#primaryimage"},"image":{"@id":"https:\/\/regiaonews.net.br\/2022\/2023\/05\/17\/12-candidatos-indeferidos-nas-eleicoes-do-conselho-tutelar-tem-ate-o-dia-22-para-apresentar-documentacao\/#primaryimage"},"thumbnailUrl":"https:\/\/regiaonews.net.br\/2022\/wp-content\/uploads\/2023\/05\/Imagem-do-WhatsApp-de-2023-05-17-as-09.52.08.jpg","datePublished":"2023-05-17T15:01:12+00:00","breadcrumb":{"@id":"https:\/\/regiaonews.net.br\/2022\/2023\/05\/17\/12-candidatos-indeferidos-nas-eleicoes-do-conselho-tutelar-tem-ate-o-dia-22-para-apresentar-documentacao\/#breadcrumb"},"inLanguage":"pt-BR","potentialAction":[{"@type":"ReadAction","target":["https:\/\/regiaonews.net.br\/2022\/2023\/05\/17\/12-candidatos-indeferidos-nas-eleicoes-do-conselho-tutelar-tem-ate-o-dia-22-para-apresentar-documentacao\/"]}]},{"@type":"ImageObject","inLanguage":"pt-BR","@id":"https:\/\/regiaonews.net.br\/2022\/2023\/05\/17\/12-candidatos-indeferidos-nas-eleicoes-do-conselho-tutelar-tem-ate-o-dia-22-para-apresentar-documentacao\/#primaryimage","url":"https:\/\/regiaonews.net.br\/2022\/wp-content\/uploads\/2023\/05\/Imagem-do-WhatsApp-de-2023-05-17-as-09.52.08.jpg","contentUrl":"https:\/\/regiaonews.net.br\/2022\/wp-content\/uploads\/2023\/05\/Imagem-do-WhatsApp-de-2023-05-17-as-09.52.08.jpg","width":1600,"height":1066},{"@type":"BreadcrumbList","@id":"https:\/\/regiaonews.net.br\/2022\/2023\/05\/17\/12-candidatos-indeferidos-nas-eleicoes-do-conselho-tutelar-tem-ate-o-dia-22-para-apresentar-documentacao\/#breadcrumb","itemListElement":[{"@type":"ListItem","position":1,"name":"In\u00edcio","item":"https:\/\/regiaonews.net.br\/2022\/"},{"@type":"ListItem","position":2,"name":"12 candidatos indeferidos nas elei\u00e7\u00f5es do Conselho Tutelar tem at\u00e9 o dia 22 para apresentar documenta\u00e7\u00e3o"}]},{"@type":"WebSite","@id":"https:\/\/regiaonews.net.br\/2022\/#website","url":"https:\/\/regiaonews.net.br\/2022\/","name":"Regi\u00e3o News","description":"Site de Not\u00edcias de Barretos e regi\u00e3o","publisher":{"@id":"https:\/\/regiaonews.net.br\/2022\/#organization"},"potentialAction":[{"@type":"SearchAction","target":{"@type":"EntryPoint","urlTemplate":"https:\/\/regiaonews.net.br\/2022\/?s={search_term_string}"},"query-input":{"@type":"PropertyValueSpecification","valueRequired":true,"valueName":"search_term_string"}}],"inLanguage":"pt-BR"},{"@type":"Organization","@id":"https:\/\/regiaonews.net.br\/2022\/#organization","name":"Regi\u00e3o News","url":"https:\/\/regiaonews.net.br\/2022\/","logo":{"@type":"ImageObject","inLanguage":"pt-BR","@id":"https:\/\/regiaonews.net.br\/2022\/#\/schema\/logo\/image\/","url":"https:\/\/regiaonews.net.br\/2022\/wp-content\/uploads\/2026\/03\/regiao-13-anos-scaled.jpg","contentUrl":"https:\/\/regiaonews.net.br\/2022\/wp-content\/uploads\/2026\/03\/regiao-13-anos-scaled.jpg","width":2560,"height":635,"caption":"Regi\u00e3o News"},"image":{"@id":"https:\/\/regiaonews.net.br\/2022\/#\/schema\/logo\/image\/"}},{"@type":"Person","@id":"https:\/\/regiaonews.net.br\/2022\/#\/schema\/person\/2d205a608a5aa97ac279d7a5e6d89ad8","name":"Roberto","image":{"@type":"ImageObject","inLanguage":"pt-BR","@id":"https:\/\/secure.gravatar.com\/avatar\/42749d8b712ff9d59ca93dc150494e5b55a44134482993f5baeb97e61b7ecc89?s=96&d=mm&r=g","url":"https:\/\/secure.gravatar.com\/avatar\/42749d8b712ff9d59ca93dc150494e5b55a44134482993f5baeb97e61b7ecc89?s=96&d=mm&r=g","contentUrl":"https:\/\/secure.gravatar.com\/avatar\/42749d8b712ff9d59ca93dc150494e5b55a44134482993f5baeb97e61b7ecc89?s=96&d=mm&r=g","caption":"Roberto"},"url":"https:\/\/regiaonews.net.br\/2022\/author\/roberto\/"}]}},"publishpress_future_action":{"enabled":false,"date":"2026-05-05 00:28:39","action":"change-status","newStatus":"draft","terms":[],"taxonomy":"category","extraData":[]},"publishpress_future_workflow_manual_trigger":{"enabledWorkflows":[]},"_links":{"self":[{"href":"https:\/\/regiaonews.net.br\/2022\/wp-json\/wp\/v2\/posts\/88310","targetHints":{"allow":["GET"]}}],"collection":[{"href":"https:\/\/regiaonews.net.br\/2022\/wp-json\/wp\/v2\/posts"}],"about":[{"href":"https:\/\/regiaonews.net.br\/2022\/wp-json\/wp\/v2\/types\/post"}],"author":[{"embeddable":true,"href":"https:\/\/regiaonews.net.br\/2022\/wp-json\/wp\/v2\/users\/2"}],"replies":[{"embeddable":true,"href":"https:\/\/regiaonews.net.br\/2022\/wp-json\/wp\/v2\/comments?post=88310"}],"version-history":[{"count":1,"href":"https:\/\/regiaonews.net.br\/2022\/wp-json\/wp\/v2\/posts\/88310\/revisions"}],"predecessor-version":[{"id":88312,"href":"https:\/\/regiaonews.net.br\/2022\/wp-json\/wp\/v2\/posts\/88310\/revisions\/88312"}],"wp:featuredmedia":[{"embeddable":true,"href":"https:\/\/regiaonews.net.br\/2022\/wp-json\/wp\/v2\/media\/88311"}],"wp:attachment":[{"href":"https:\/\/regiaonews.net.br\/2022\/wp-json\/wp\/v2\/media?parent=88310"}],"wp:term":[{"taxonomy":"category","embeddable":true,"href":"https:\/\/regiaonews.net.br\/2022\/wp-json\/wp\/v2\/categories?post=88310"},{"taxonomy":"post_tag","embeddable":true,"href":"https:\/\/regiaonews.net.br\/2022\/wp-json\/wp\/v2\/tags?post=88310"}],"curies":[{"name":"wp","href":"https:\/\/api.w.org\/{rel}","templated":true}]}}