{"id":88304,"date":"2023-05-17T08:13:05","date_gmt":"2023-05-17T11:13:05","guid":{"rendered":"https:\/\/regiaonews.net.br\/2022\/?p=88304"},"modified":"2023-05-17T08:16:19","modified_gmt":"2023-05-17T11:16:19","slug":"tse-cassa-mandato-do-deputado-deltan-dallagnol","status":"publish","type":"post","link":"https:\/\/regiaonews.net.br\/2022\/2023\/05\/17\/tse-cassa-mandato-do-deputado-deltan-dallagnol\/","title":{"rendered":"TSE cassa mandato do deputado  Deltan Dallagnol"},"content":{"rendered":"<header class=\"header-static navbar-sticky navbar-light navbar-sticky-on\">\n<nav class=\"navbar\">\n<div class=\"container nav-item dropdown megamenu\">\n<div class=\"offset-1 navbar-brand flex-grow-1\">Foto &#8211; Zeca Ribeiro\/C\u00e2mara dos Deputados<\/div>\n<\/div>\n<\/nav>\n<\/header>\n<div class=\"region region-content\">\n<article class=\"container\">\n<div class=\"row\">\n<div class=\"col-xl-7 offset-xl-1 col-lg-8 offset-lg-0 col-md-10 offset-md-1 mb-3\">\n<div class=\"post-item alt-font\">\n<div class=\"post-item-wrap\">\n<p>Por unanimidade, o Tribunal Superior Eleitoral (TSE) decidiu nesta ter\u00e7a-feira\u00a0(16) cassar o mandato do deputado federal Deltan Dallagnol (Pode-PR). Deltan atuou como chefe da for\u00e7a-tarefa da Opera\u00e7\u00e3o Lava Jato em Curitiba e, ap\u00f3s deixar o cargo, foi o deputado mais votado do Paran\u00e1 nas elei\u00e7\u00f5es de 2022, com 344 mil votos. Cabe recurso da decis\u00e3o, mas Deltan Dallagnol ter\u00e1 de sair do cargo eletivo, ocupado h\u00e1 tr\u00eas meses.<\/p>\n<p>A decis\u00e3o dever\u00e1 ser cumprida imediatamente e os votos recebidos pelo parlamentar na elei\u00e7\u00e3o ser\u00e3o computados para a legenda.<\/p>\n<p>A elegibilidade de Deltan foi contestada pela federa\u00e7\u00e3o formada pelo PT no estado e o candidato a deputado Oduwaldo Calixto (PL). Antes de chegar ao TSE, a inelegibilidade de Deltan foi rejeitada pela Justi\u00e7a Eleitoral do Paran\u00e1. Ambos sustentaram que o ex-procurador n\u00e3o poderia concorrer \u00e0s elei\u00e7\u00f5es por ter sido condenado pelo Tribunal de Contas da Uni\u00e3o (TCU) no caso das di\u00e1rias pagas \u00e0 for\u00e7a-tarefa.<\/p>\n<p>Al\u00e9m disso, segundo a acusa\u00e7\u00e3o, Deltan tamb\u00e9m n\u00e3o poderia ter concorrido por ter sa\u00eddo do Minist\u00e9rio P\u00fablico Federal (MPF) durante a tramita\u00e7\u00e3o de processos administrativos disciplinares\u00a0contra ele no Conselho Nacional do Minist\u00e9rio P\u00fablico (CNMP).<\/p>\n<h2>Voto do relator<\/h2>\n<p>O relator do processo, ministro Benedito Gon\u00e7alves, votou pela cassa\u00e7\u00e3o\u00a0do mandato de Deltan Dallagnol.<\/p>\n<p>O ministro disse que o ex-procurador pediu exonera\u00e7\u00e3o do MPF no dia 3 de novembro de 2021, quando j\u00e1 havia sido condenado pelo CNMP a pena de censura e de advert\u00eancia e ainda tinha 15 procedimentos diversos em tramita\u00e7\u00e3o desfavor\u00e1veis a\u00a0ele no \u00f3rg\u00e3o.<\/p>\n<p>Para o ministro, o objetivo de Deltan foi fazer &#8220;uma manobra&#8221; para evitar a perda do cargo e o enquadramento na Lei da Ficha Limpa.<\/p>\n<p>&#8220;A partir do momento em que foi apenado com advert\u00eancia e censura, n\u00e3o h\u00e1 d\u00favida de que elas passariam a ser consideradas em PADs de outras infra\u00e7\u00f5es disciplinares, aproximando da pena de demiss\u00e3o&#8221;, afirmou.<\/p>\n<p>De acordo com a norma, s\u00e3o ineleg\u00edveis, pelo prazo de oito\u00a0anos, membros do Minist\u00e9rio P\u00fablico que tenham perdido o cargo por senten\u00e7a ou que tenham pedido exonera\u00e7\u00e3o durante a tramita\u00e7\u00e3o de processo disciplinar.<\/p>\n<p>O relator ressaltou ainda que, conforme a lei eleitoral, Deltan s\u00f3 poderia\u00a0deixar o MPF seis meses antes das elei\u00e7\u00f5es para participar do pleito. &#8220;O recorrido agiu para fraudar a lei, uma vez que praticou uma s\u00e9rie de atos para obstar processos disciplinares contra si, e, portanto, elidir a inelegibilidade&#8221;, concluiu.<\/p>\n<h2>Defesa<\/h2>\n<p>O advogado Leandro Rosa, representante de Deltan, disse que o deputado estava apto a concorrer \u00e0s elei\u00e7\u00f5es e que a decis\u00e3o do TCU contra ele foi suspensa por uma liminar da Justi\u00e7a Federal em Curitiba.<\/p>\n<p>O advogado afirmou ainda que o pedido de exonera\u00e7\u00e3o feito pelo ex-procurador foi realizado ap\u00f3s o CNMP fornecer uma certid\u00e3o que\u00a0confirmou n\u00e3o haver\u00a0processos em andamento contra ele.<\/p>\n<p>A defesa confirmou que o ex-procurador recebeu pena de advert\u00eancia e de censura pelo conselho, mas as penas foram cumpridas e o processos encerrados.<\/p>\n<p>&#8220;Deltan formalizou seu pedido de exonera\u00e7\u00e3o, porque o seu \u00f3rg\u00e3o de fiscaliza\u00e7\u00e3o disse que ele n\u00e3o tinha nenhum\u00a0processo disciplinar aberto&#8221;, disse.<\/p>\n<\/div>\n<\/div>\n<\/div>\n<\/div>\n<\/article>\n<\/div>\n","protected":false},"excerpt":{"rendered":"<p>Foto &#8211; Zeca Ribeiro\/C\u00e2mara dos Deputados Por unanimidade, o Tribunal<\/p>\n","protected":false},"author":2,"featured_media":88305,"comment_status":"open","ping_status":"open","sticky":false,"template":"","format":"standard","meta":{"footnotes":""},"categories":[61,3],"tags":[],"class_list":["post-88304","post","type-post","status-publish","format-standard","has-post-thumbnail","hentry","category-brasilia","category-geral"],"yoast_head":"<!-- This site is optimized with the Yoast SEO plugin v27.4 - https:\/\/yoast.com\/product\/yoast-seo-wordpress\/ -->\n<title>TSE cassa mandato do deputado Deltan Dallagnol - Regi\u00e3o News<\/title>\n<meta name=\"robots\" content=\"index, follow, max-snippet:-1, max-image-preview:large, max-video-preview:-1\" \/>\n<link rel=\"canonical\" href=\"https:\/\/regiaonews.net.br\/2022\/2023\/05\/17\/tse-cassa-mandato-do-deputado-deltan-dallagnol\/\" \/>\n<meta property=\"og:locale\" content=\"pt_BR\" \/>\n<meta property=\"og:type\" content=\"article\" \/>\n<meta property=\"og:title\" content=\"TSE cassa mandato do deputado Deltan Dallagnol - Regi\u00e3o News\" \/>\n<meta property=\"og:description\" content=\"Foto &#8211; Zeca Ribeiro\/C\u00e2mara dos Deputados Por unanimidade, o Tribunal\" \/>\n<meta property=\"og:url\" content=\"https:\/\/regiaonews.net.br\/2022\/2023\/05\/17\/tse-cassa-mandato-do-deputado-deltan-dallagnol\/\" \/>\n<meta property=\"og:site_name\" content=\"Regi\u00e3o News\" \/>\n<meta property=\"article:published_time\" content=\"2023-05-17T11:13:05+00:00\" \/>\n<meta property=\"article:modified_time\" content=\"2023-05-17T11:16:19+00:00\" \/>\n<meta property=\"og:image\" content=\"https:\/\/regiaonews.net.br\/2022\/wp-content\/uploads\/2023\/05\/o_procurador_da_republica_deltan_dallagnol_participa_de_audiencia_publica_na_camara-1.jpg\" \/>\n\t<meta property=\"og:image:width\" content=\"1170\" \/>\n\t<meta property=\"og:image:height\" content=\"700\" \/>\n\t<meta property=\"og:image:type\" content=\"image\/jpeg\" \/>\n<meta name=\"author\" content=\"Roberto\" \/>\n<meta name=\"twitter:card\" content=\"summary_large_image\" \/>\n<meta name=\"twitter:label1\" content=\"Escrito por\" \/>\n\t<meta name=\"twitter:data1\" content=\"Roberto\" \/>\n\t<meta name=\"twitter:label2\" content=\"Est. tempo de leitura\" \/>\n\t<meta name=\"twitter:data2\" content=\"3 minutos\" \/>\n<script type=\"application\/ld+json\" class=\"yoast-schema-graph\">{\"@context\":\"https:\\\/\\\/schema.org\",\"@graph\":[{\"@type\":\"Article\",\"@id\":\"https:\\\/\\\/regiaonews.net.br\\\/2022\\\/2023\\\/05\\\/17\\\/tse-cassa-mandato-do-deputado-deltan-dallagnol\\\/#article\",\"isPartOf\":{\"@id\":\"https:\\\/\\\/regiaonews.net.br\\\/2022\\\/2023\\\/05\\\/17\\\/tse-cassa-mandato-do-deputado-deltan-dallagnol\\\/\"},\"author\":{\"name\":\"Roberto\",\"@id\":\"https:\\\/\\\/regiaonews.net.br\\\/2022\\\/#\\\/schema\\\/person\\\/2d205a608a5aa97ac279d7a5e6d89ad8\"},\"headline\":\"TSE cassa mandato do deputado Deltan Dallagnol\",\"datePublished\":\"2023-05-17T11:13:05+00:00\",\"dateModified\":\"2023-05-17T11:16:19+00:00\",\"mainEntityOfPage\":{\"@id\":\"https:\\\/\\\/regiaonews.net.br\\\/2022\\\/2023\\\/05\\\/17\\\/tse-cassa-mandato-do-deputado-deltan-dallagnol\\\/\"},\"wordCount\":573,\"commentCount\":0,\"publisher\":{\"@id\":\"https:\\\/\\\/regiaonews.net.br\\\/2022\\\/#organization\"},\"image\":{\"@id\":\"https:\\\/\\\/regiaonews.net.br\\\/2022\\\/2023\\\/05\\\/17\\\/tse-cassa-mandato-do-deputado-deltan-dallagnol\\\/#primaryimage\"},\"thumbnailUrl\":\"https:\\\/\\\/regiaonews.net.br\\\/2022\\\/wp-content\\\/uploads\\\/2023\\\/05\\\/o_procurador_da_republica_deltan_dallagnol_participa_de_audiencia_publica_na_camara-1.jpg\",\"articleSection\":[\"Bras\u00edlia\",\"Geral\"],\"inLanguage\":\"pt-BR\",\"potentialAction\":[{\"@type\":\"CommentAction\",\"name\":\"Comment\",\"target\":[\"https:\\\/\\\/regiaonews.net.br\\\/2022\\\/2023\\\/05\\\/17\\\/tse-cassa-mandato-do-deputado-deltan-dallagnol\\\/#respond\"]}]},{\"@type\":\"WebPage\",\"@id\":\"https:\\\/\\\/regiaonews.net.br\\\/2022\\\/2023\\\/05\\\/17\\\/tse-cassa-mandato-do-deputado-deltan-dallagnol\\\/\",\"url\":\"https:\\\/\\\/regiaonews.net.br\\\/2022\\\/2023\\\/05\\\/17\\\/tse-cassa-mandato-do-deputado-deltan-dallagnol\\\/\",\"name\":\"TSE cassa mandato do deputado Deltan Dallagnol - Regi\u00e3o News\",\"isPartOf\":{\"@id\":\"https:\\\/\\\/regiaonews.net.br\\\/2022\\\/#website\"},\"primaryImageOfPage\":{\"@id\":\"https:\\\/\\\/regiaonews.net.br\\\/2022\\\/2023\\\/05\\\/17\\\/tse-cassa-mandato-do-deputado-deltan-dallagnol\\\/#primaryimage\"},\"image\":{\"@id\":\"https:\\\/\\\/regiaonews.net.br\\\/2022\\\/2023\\\/05\\\/17\\\/tse-cassa-mandato-do-deputado-deltan-dallagnol\\\/#primaryimage\"},\"thumbnailUrl\":\"https:\\\/\\\/regiaonews.net.br\\\/2022\\\/wp-content\\\/uploads\\\/2023\\\/05\\\/o_procurador_da_republica_deltan_dallagnol_participa_de_audiencia_publica_na_camara-1.jpg\",\"datePublished\":\"2023-05-17T11:13:05+00:00\",\"dateModified\":\"2023-05-17T11:16:19+00:00\",\"breadcrumb\":{\"@id\":\"https:\\\/\\\/regiaonews.net.br\\\/2022\\\/2023\\\/05\\\/17\\\/tse-cassa-mandato-do-deputado-deltan-dallagnol\\\/#breadcrumb\"},\"inLanguage\":\"pt-BR\",\"potentialAction\":[{\"@type\":\"ReadAction\",\"target\":[\"https:\\\/\\\/regiaonews.net.br\\\/2022\\\/2023\\\/05\\\/17\\\/tse-cassa-mandato-do-deputado-deltan-dallagnol\\\/\"]}]},{\"@type\":\"ImageObject\",\"inLanguage\":\"pt-BR\",\"@id\":\"https:\\\/\\\/regiaonews.net.br\\\/2022\\\/2023\\\/05\\\/17\\\/tse-cassa-mandato-do-deputado-deltan-dallagnol\\\/#primaryimage\",\"url\":\"https:\\\/\\\/regiaonews.net.br\\\/2022\\\/wp-content\\\/uploads\\\/2023\\\/05\\\/o_procurador_da_republica_deltan_dallagnol_participa_de_audiencia_publica_na_camara-1.jpg\",\"contentUrl\":\"https:\\\/\\\/regiaonews.net.br\\\/2022\\\/wp-content\\\/uploads\\\/2023\\\/05\\\/o_procurador_da_republica_deltan_dallagnol_participa_de_audiencia_publica_na_camara-1.jpg\",\"width\":1170,\"height\":700},{\"@type\":\"BreadcrumbList\",\"@id\":\"https:\\\/\\\/regiaonews.net.br\\\/2022\\\/2023\\\/05\\\/17\\\/tse-cassa-mandato-do-deputado-deltan-dallagnol\\\/#breadcrumb\",\"itemListElement\":[{\"@type\":\"ListItem\",\"position\":1,\"name\":\"In\u00edcio\",\"item\":\"https:\\\/\\\/regiaonews.net.br\\\/2022\\\/\"},{\"@type\":\"ListItem\",\"position\":2,\"name\":\"TSE cassa mandato do deputado Deltan Dallagnol\"}]},{\"@type\":\"WebSite\",\"@id\":\"https:\\\/\\\/regiaonews.net.br\\\/2022\\\/#website\",\"url\":\"https:\\\/\\\/regiaonews.net.br\\\/2022\\\/\",\"name\":\"Regi\u00e3o News\",\"description\":\"Site de Not\u00edcias de Barretos e regi\u00e3o\",\"publisher\":{\"@id\":\"https:\\\/\\\/regiaonews.net.br\\\/2022\\\/#organization\"},\"potentialAction\":[{\"@type\":\"SearchAction\",\"target\":{\"@type\":\"EntryPoint\",\"urlTemplate\":\"https:\\\/\\\/regiaonews.net.br\\\/2022\\\/?s={search_term_string}\"},\"query-input\":{\"@type\":\"PropertyValueSpecification\",\"valueRequired\":true,\"valueName\":\"search_term_string\"}}],\"inLanguage\":\"pt-BR\"},{\"@type\":\"Organization\",\"@id\":\"https:\\\/\\\/regiaonews.net.br\\\/2022\\\/#organization\",\"name\":\"Regi\u00e3o News\",\"url\":\"https:\\\/\\\/regiaonews.net.br\\\/2022\\\/\",\"logo\":{\"@type\":\"ImageObject\",\"inLanguage\":\"pt-BR\",\"@id\":\"https:\\\/\\\/regiaonews.net.br\\\/2022\\\/#\\\/schema\\\/logo\\\/image\\\/\",\"url\":\"https:\\\/\\\/regiaonews.net.br\\\/2022\\\/wp-content\\\/uploads\\\/2026\\\/03\\\/regiao-13-anos-scaled.jpg\",\"contentUrl\":\"https:\\\/\\\/regiaonews.net.br\\\/2022\\\/wp-content\\\/uploads\\\/2026\\\/03\\\/regiao-13-anos-scaled.jpg\",\"width\":2560,\"height\":635,\"caption\":\"Regi\u00e3o News\"},\"image\":{\"@id\":\"https:\\\/\\\/regiaonews.net.br\\\/2022\\\/#\\\/schema\\\/logo\\\/image\\\/\"}},{\"@type\":\"Person\",\"@id\":\"https:\\\/\\\/regiaonews.net.br\\\/2022\\\/#\\\/schema\\\/person\\\/2d205a608a5aa97ac279d7a5e6d89ad8\",\"name\":\"Roberto\",\"image\":{\"@type\":\"ImageObject\",\"inLanguage\":\"pt-BR\",\"@id\":\"https:\\\/\\\/secure.gravatar.com\\\/avatar\\\/42749d8b712ff9d59ca93dc150494e5b55a44134482993f5baeb97e61b7ecc89?s=96&d=mm&r=g\",\"url\":\"https:\\\/\\\/secure.gravatar.com\\\/avatar\\\/42749d8b712ff9d59ca93dc150494e5b55a44134482993f5baeb97e61b7ecc89?s=96&d=mm&r=g\",\"contentUrl\":\"https:\\\/\\\/secure.gravatar.com\\\/avatar\\\/42749d8b712ff9d59ca93dc150494e5b55a44134482993f5baeb97e61b7ecc89?s=96&d=mm&r=g\",\"caption\":\"Roberto\"},\"url\":\"https:\\\/\\\/regiaonews.net.br\\\/2022\\\/author\\\/roberto\\\/\"}]}<\/script>\n<!-- \/ Yoast SEO plugin. -->","yoast_head_json":{"title":"TSE cassa mandato do deputado Deltan Dallagnol - Regi\u00e3o News","robots":{"index":"index","follow":"follow","max-snippet":"max-snippet:-1","max-image-preview":"max-image-preview:large","max-video-preview":"max-video-preview:-1"},"canonical":"https:\/\/regiaonews.net.br\/2022\/2023\/05\/17\/tse-cassa-mandato-do-deputado-deltan-dallagnol\/","og_locale":"pt_BR","og_type":"article","og_title":"TSE cassa mandato do deputado Deltan Dallagnol - Regi\u00e3o News","og_description":"Foto &#8211; Zeca Ribeiro\/C\u00e2mara dos Deputados Por unanimidade, o Tribunal","og_url":"https:\/\/regiaonews.net.br\/2022\/2023\/05\/17\/tse-cassa-mandato-do-deputado-deltan-dallagnol\/","og_site_name":"Regi\u00e3o News","article_published_time":"2023-05-17T11:13:05+00:00","article_modified_time":"2023-05-17T11:16:19+00:00","og_image":[{"width":1170,"height":700,"url":"https:\/\/regiaonews.net.br\/2022\/wp-content\/uploads\/2023\/05\/o_procurador_da_republica_deltan_dallagnol_participa_de_audiencia_publica_na_camara-1.jpg","type":"image\/jpeg"}],"author":"Roberto","twitter_card":"summary_large_image","twitter_misc":{"Escrito por":"Roberto","Est. tempo de leitura":"3 minutos"},"schema":{"@context":"https:\/\/schema.org","@graph":[{"@type":"Article","@id":"https:\/\/regiaonews.net.br\/2022\/2023\/05\/17\/tse-cassa-mandato-do-deputado-deltan-dallagnol\/#article","isPartOf":{"@id":"https:\/\/regiaonews.net.br\/2022\/2023\/05\/17\/tse-cassa-mandato-do-deputado-deltan-dallagnol\/"},"author":{"name":"Roberto","@id":"https:\/\/regiaonews.net.br\/2022\/#\/schema\/person\/2d205a608a5aa97ac279d7a5e6d89ad8"},"headline":"TSE cassa mandato do deputado Deltan Dallagnol","datePublished":"2023-05-17T11:13:05+00:00","dateModified":"2023-05-17T11:16:19+00:00","mainEntityOfPage":{"@id":"https:\/\/regiaonews.net.br\/2022\/2023\/05\/17\/tse-cassa-mandato-do-deputado-deltan-dallagnol\/"},"wordCount":573,"commentCount":0,"publisher":{"@id":"https:\/\/regiaonews.net.br\/2022\/#organization"},"image":{"@id":"https:\/\/regiaonews.net.br\/2022\/2023\/05\/17\/tse-cassa-mandato-do-deputado-deltan-dallagnol\/#primaryimage"},"thumbnailUrl":"https:\/\/regiaonews.net.br\/2022\/wp-content\/uploads\/2023\/05\/o_procurador_da_republica_deltan_dallagnol_participa_de_audiencia_publica_na_camara-1.jpg","articleSection":["Bras\u00edlia","Geral"],"inLanguage":"pt-BR","potentialAction":[{"@type":"CommentAction","name":"Comment","target":["https:\/\/regiaonews.net.br\/2022\/2023\/05\/17\/tse-cassa-mandato-do-deputado-deltan-dallagnol\/#respond"]}]},{"@type":"WebPage","@id":"https:\/\/regiaonews.net.br\/2022\/2023\/05\/17\/tse-cassa-mandato-do-deputado-deltan-dallagnol\/","url":"https:\/\/regiaonews.net.br\/2022\/2023\/05\/17\/tse-cassa-mandato-do-deputado-deltan-dallagnol\/","name":"TSE cassa mandato do deputado Deltan Dallagnol - Regi\u00e3o News","isPartOf":{"@id":"https:\/\/regiaonews.net.br\/2022\/#website"},"primaryImageOfPage":{"@id":"https:\/\/regiaonews.net.br\/2022\/2023\/05\/17\/tse-cassa-mandato-do-deputado-deltan-dallagnol\/#primaryimage"},"image":{"@id":"https:\/\/regiaonews.net.br\/2022\/2023\/05\/17\/tse-cassa-mandato-do-deputado-deltan-dallagnol\/#primaryimage"},"thumbnailUrl":"https:\/\/regiaonews.net.br\/2022\/wp-content\/uploads\/2023\/05\/o_procurador_da_republica_deltan_dallagnol_participa_de_audiencia_publica_na_camara-1.jpg","datePublished":"2023-05-17T11:13:05+00:00","dateModified":"2023-05-17T11:16:19+00:00","breadcrumb":{"@id":"https:\/\/regiaonews.net.br\/2022\/2023\/05\/17\/tse-cassa-mandato-do-deputado-deltan-dallagnol\/#breadcrumb"},"inLanguage":"pt-BR","potentialAction":[{"@type":"ReadAction","target":["https:\/\/regiaonews.net.br\/2022\/2023\/05\/17\/tse-cassa-mandato-do-deputado-deltan-dallagnol\/"]}]},{"@type":"ImageObject","inLanguage":"pt-BR","@id":"https:\/\/regiaonews.net.br\/2022\/2023\/05\/17\/tse-cassa-mandato-do-deputado-deltan-dallagnol\/#primaryimage","url":"https:\/\/regiaonews.net.br\/2022\/wp-content\/uploads\/2023\/05\/o_procurador_da_republica_deltan_dallagnol_participa_de_audiencia_publica_na_camara-1.jpg","contentUrl":"https:\/\/regiaonews.net.br\/2022\/wp-content\/uploads\/2023\/05\/o_procurador_da_republica_deltan_dallagnol_participa_de_audiencia_publica_na_camara-1.jpg","width":1170,"height":700},{"@type":"BreadcrumbList","@id":"https:\/\/regiaonews.net.br\/2022\/2023\/05\/17\/tse-cassa-mandato-do-deputado-deltan-dallagnol\/#breadcrumb","itemListElement":[{"@type":"ListItem","position":1,"name":"In\u00edcio","item":"https:\/\/regiaonews.net.br\/2022\/"},{"@type":"ListItem","position":2,"name":"TSE cassa mandato do deputado Deltan Dallagnol"}]},{"@type":"WebSite","@id":"https:\/\/regiaonews.net.br\/2022\/#website","url":"https:\/\/regiaonews.net.br\/2022\/","name":"Regi\u00e3o News","description":"Site de Not\u00edcias de Barretos e regi\u00e3o","publisher":{"@id":"https:\/\/regiaonews.net.br\/2022\/#organization"},"potentialAction":[{"@type":"SearchAction","target":{"@type":"EntryPoint","urlTemplate":"https:\/\/regiaonews.net.br\/2022\/?s={search_term_string}"},"query-input":{"@type":"PropertyValueSpecification","valueRequired":true,"valueName":"search_term_string"}}],"inLanguage":"pt-BR"},{"@type":"Organization","@id":"https:\/\/regiaonews.net.br\/2022\/#organization","name":"Regi\u00e3o News","url":"https:\/\/regiaonews.net.br\/2022\/","logo":{"@type":"ImageObject","inLanguage":"pt-BR","@id":"https:\/\/regiaonews.net.br\/2022\/#\/schema\/logo\/image\/","url":"https:\/\/regiaonews.net.br\/2022\/wp-content\/uploads\/2026\/03\/regiao-13-anos-scaled.jpg","contentUrl":"https:\/\/regiaonews.net.br\/2022\/wp-content\/uploads\/2026\/03\/regiao-13-anos-scaled.jpg","width":2560,"height":635,"caption":"Regi\u00e3o News"},"image":{"@id":"https:\/\/regiaonews.net.br\/2022\/#\/schema\/logo\/image\/"}},{"@type":"Person","@id":"https:\/\/regiaonews.net.br\/2022\/#\/schema\/person\/2d205a608a5aa97ac279d7a5e6d89ad8","name":"Roberto","image":{"@type":"ImageObject","inLanguage":"pt-BR","@id":"https:\/\/secure.gravatar.com\/avatar\/42749d8b712ff9d59ca93dc150494e5b55a44134482993f5baeb97e61b7ecc89?s=96&d=mm&r=g","url":"https:\/\/secure.gravatar.com\/avatar\/42749d8b712ff9d59ca93dc150494e5b55a44134482993f5baeb97e61b7ecc89?s=96&d=mm&r=g","contentUrl":"https:\/\/secure.gravatar.com\/avatar\/42749d8b712ff9d59ca93dc150494e5b55a44134482993f5baeb97e61b7ecc89?s=96&d=mm&r=g","caption":"Roberto"},"url":"https:\/\/regiaonews.net.br\/2022\/author\/roberto\/"}]}},"publishpress_future_action":{"enabled":false,"date":"2026-05-05 02:04:46","action":"change-status","newStatus":"draft","terms":[],"taxonomy":"category","extraData":[]},"publishpress_future_workflow_manual_trigger":{"enabledWorkflows":[]},"_links":{"self":[{"href":"https:\/\/regiaonews.net.br\/2022\/wp-json\/wp\/v2\/posts\/88304","targetHints":{"allow":["GET"]}}],"collection":[{"href":"https:\/\/regiaonews.net.br\/2022\/wp-json\/wp\/v2\/posts"}],"about":[{"href":"https:\/\/regiaonews.net.br\/2022\/wp-json\/wp\/v2\/types\/post"}],"author":[{"embeddable":true,"href":"https:\/\/regiaonews.net.br\/2022\/wp-json\/wp\/v2\/users\/2"}],"replies":[{"embeddable":true,"href":"https:\/\/regiaonews.net.br\/2022\/wp-json\/wp\/v2\/comments?post=88304"}],"version-history":[{"count":1,"href":"https:\/\/regiaonews.net.br\/2022\/wp-json\/wp\/v2\/posts\/88304\/revisions"}],"predecessor-version":[{"id":88306,"href":"https:\/\/regiaonews.net.br\/2022\/wp-json\/wp\/v2\/posts\/88304\/revisions\/88306"}],"wp:featuredmedia":[{"embeddable":true,"href":"https:\/\/regiaonews.net.br\/2022\/wp-json\/wp\/v2\/media\/88305"}],"wp:attachment":[{"href":"https:\/\/regiaonews.net.br\/2022\/wp-json\/wp\/v2\/media?parent=88304"}],"wp:term":[{"taxonomy":"category","embeddable":true,"href":"https:\/\/regiaonews.net.br\/2022\/wp-json\/wp\/v2\/categories?post=88304"},{"taxonomy":"post_tag","embeddable":true,"href":"https:\/\/regiaonews.net.br\/2022\/wp-json\/wp\/v2\/tags?post=88304"}],"curies":[{"name":"wp","href":"https:\/\/api.w.org\/{rel}","templated":true}]}}