{"id":88300,"date":"2023-05-17T08:00:14","date_gmt":"2023-05-17T11:00:14","guid":{"rendered":"https:\/\/regiaonews.net.br\/2022\/?p=88300"},"modified":"2023-05-17T08:07:41","modified_gmt":"2023-05-17T11:07:41","slug":"petrobras-reduz-preco-dos-combustiveis","status":"publish","type":"post","link":"https:\/\/regiaonews.net.br\/2022\/2023\/05\/17\/petrobras-reduz-preco-dos-combustiveis\/","title":{"rendered":"Petrobras reduz pre\u00e7o dos combust\u00edveis"},"content":{"rendered":"<div class=\"col-lg-12 mb-3\">\n<div class=\"row\">\n<header class=\"header-static navbar-sticky navbar-light navbar-sticky-on\">\n<nav class=\"navbar\">\n<div class=\"container nav-item dropdown megamenu\">\n<div class=\"offset-1 navbar-brand flex-grow-1\"><\/div>\n<\/div>\n<\/nav>\n<\/header>\n<div class=\"region region-content\">\n<article class=\"container\">\n<div class=\"row\">\n<div class=\"col-xl-7 offset-xl-1 col-lg-8 offset-lg-0 col-md-10 offset-md-1 mb-3\">\n<div class=\"post-item alt-font\">\n<div class=\"post-item-wrap\">\n<p>O ministro de Minas e Energia, Alexandre Silveira, e o presidente da Petrobras, Jean Paul Prates, declararam que a nova estrat\u00e9gia comercial de pre\u00e7os adotada pela petrol\u00edfera estatal representa um primeiro passo para o \u201cabrasileiramento\u201d da precifica\u00e7\u00e3o dos combust\u00edveis produzidos no Brasil.<\/p>\n<p>\u201cEra hora de abrasileirar o pre\u00e7o dos combust\u00edveis e sinalizar de forma clara que o governo Lula cumpra com seu papel social\u201d, disse o ministro logo ap\u00f3s se reunir com Prates, em Bras\u00edlia.<\/p>\n<p><a href=\"https:\/\/agenciabrasil.ebc.com.br\/economia\/noticia\/2023-05\/petrobras-anuncia-nova-politica-de-precos-de-combustiveis\" target=\"_blank\" rel=\"noopener\">A Petrobras anunciou nesta ter\u00e7a-feira (16) a sua nova estrat\u00e9gia comercial<\/a>\u00a0para defini\u00e7\u00e3o de pre\u00e7os de diesel, gasolina e g\u00e1s. A iniciativa foi aprovada pela diretoria executiva da companhia na segunda-feira (15) e entra em vigor j\u00e1 nesta quarta-feira (17).<\/p>\n<p>A nova estrat\u00e9gia promete por um ponto final no Pre\u00e7o de Paridade de Internacional (PPI), a pol\u00edtica de pre\u00e7os que, desde 2016, atrelava os pre\u00e7os m\u00e9dios dos combust\u00edveis que a Petrobras vende \u00e0s distribuidoras \u00e0s varia\u00e7\u00f5es dos produtos no mercado internacional, entre outros fatores, para proteger a empresa quanto aos riscos operacionais do setor.<\/p>\n<p>Segundo a petrol\u00edfera, a nova pol\u00edtica de pre\u00e7os ter\u00e1 efeitos pr\u00e1ticos que ser\u00e3o sentidos nos pr\u00f3ximos dias. J\u00e1 a partir desta quarta-feira, o\u00a0<a href=\"https:\/\/agenciabrasil.ebc.com.br\/economia\/noticia\/2023-05\/petrobras-anuncia-queda-de-213-no-preco-do-gas-de-cozinha\" target=\"_blank\" rel=\"noopener\">botij\u00e3o de g\u00e1s de 13 quilos da Petrobras chegar\u00e1 \u00e0s distribuidoras do pa\u00eds em m\u00e9dia 21,3% mais barato<\/a>. A expectativa, segundo o presidente da companhia, Jean Paul Prates, \u00e9 que, com isso, o valor m\u00e9dio do botij\u00e3o caia abaixo de R$ 100 para o consumidor final. J\u00e1\u00a0<a href=\"https:\/\/agenciabrasil.ebc.com.br\/economia\/noticia\/2023-05\/petrobras-reduz-em-r-044-valor-do-diesel-e-em-r-040-o-da-gasolina\" target=\"_blank\" rel=\"noopener\">o diesel e a gasolina chegar\u00e3o \u00e0s distribuidoras com uma redu\u00e7\u00e3o m\u00e9dia de R$ 0,44 e R$ 0,40, respectivamente<\/a>.<\/p>\n<p>Cr\u00edtico do PPI, o ministro Alexandre Silveira disse que a nova pol\u00edtica de pre\u00e7os da Petrobras permitir\u00e1 \u00e0 empresa cumprir sua fun\u00e7\u00e3o social, induzindo a competitividade entre as companhias petroleiras, sem deixar de ser \u201clucrativa e atrativa para os investidores\u201d.<\/p>\n<p>\u201cO PPI era uma abstra\u00e7\u00e3o, uma mentira e um crime contra o povo brasileiro, porque impunha uma algema, uma morda\u00e7a, a uma pol\u00edtica de competitividade interna dos pre\u00e7os dos combust\u00edveis no Brasil, fazendo com que, muitas vezes, as oscila\u00e7\u00f5es [dos pre\u00e7os nacionais] fossem muito acima do que seria poss\u00edvel para contribuir com o crescimento nacional\u201d, criticou o ministro.<\/p>\n<p>Ele acrescentou\u00a0que o governo n\u00e3o interferiu na decis\u00e3o administrativa da empresa, embora viesse trabalhando para que as empresas petroleiras\u00a0adotassem uma refer\u00eancia de pre\u00e7os nacionais. \u201cEsta \u00e9 uma decis\u00e3o interna da Petrobras e um gesto para o Brasil\u201d, disse.<\/p>\n<p>J\u00e1 Prates disse que com o \u201cajuste da estrat\u00e9gia comercial\u201d, a Petrobras recupera sua liberdade de estabelecer pre\u00e7os conforme o contexto dom\u00e9stico. \u201cNos alforriamos de um \u00fanico e exclusivo fator, que era a paridade com o mercado internacional.&#8221;<\/p>\n<p>&#8220;Vamos usar as vantagens que a Petrobras tem a nosso favor e a favor do pa\u00eds, sem nos afastarmos absolutamente da refer\u00eancia internacional dos pre\u00e7os. Quando eu digo refer\u00eancia n\u00e3o \u00e9 paridade de importa\u00e7\u00e3o, mas sim refer\u00eancia internacional. O que significa dizer que quando o mercado l\u00e1 fora estiver aquecido, com os pre\u00e7os do petr\u00f3leo e de seus derivados consolidadamente mais altos, isto ir\u00e1 se refletir no Brasil. Porque abrasileirar os pre\u00e7os significa levar em conta nossas vantagens [usando a competitividade interna da empresa] sem tirar o Brasil do contexto internacional\u201d, completou.<\/p>\n<\/div>\n<\/div>\n<\/div>\n<\/div>\n<\/article>\n<\/div>\n<\/div>\n<\/div>\n<div class=\"col-xl-7 offset-xl-1 col-lg-8 offset-lg-0 col-md-10 offset-md-1 mb-3\">\n<div class=\"post-item alt-font\">\n<div class=\"post-item-wrap\">\n<p>.<\/p>\n<\/div>\n<\/div>\n<\/div>\n","protected":false},"excerpt":{"rendered":"<p>O ministro de Minas e Energia, Alexandre Silveira, e o<\/p>\n","protected":false},"author":2,"featured_media":76137,"comment_status":"open","ping_status":"open","sticky":false,"template":"","format":"standard","meta":{"footnotes":""},"categories":[24,25],"tags":[],"class_list":["post-88300","post","type-post","status-publish","format-standard","has-post-thumbnail","hentry","category-brasil","category-cidades"],"yoast_head":"<!-- This site is optimized with the Yoast SEO plugin v27.4 - https:\/\/yoast.com\/product\/yoast-seo-wordpress\/ -->\n<title>Petrobras reduz pre\u00e7o dos combust\u00edveis - Regi\u00e3o News<\/title>\n<meta name=\"robots\" content=\"index, follow, max-snippet:-1, max-image-preview:large, max-video-preview:-1\" \/>\n<link rel=\"canonical\" href=\"https:\/\/regiaonews.net.br\/2022\/2023\/05\/17\/petrobras-reduz-preco-dos-combustiveis\/\" \/>\n<meta property=\"og:locale\" content=\"pt_BR\" \/>\n<meta property=\"og:type\" content=\"article\" \/>\n<meta property=\"og:title\" content=\"Petrobras reduz pre\u00e7o dos combust\u00edveis - Regi\u00e3o News\" \/>\n<meta property=\"og:description\" content=\"O ministro de Minas e Energia, Alexandre Silveira, e o\" \/>\n<meta property=\"og:url\" content=\"https:\/\/regiaonews.net.br\/2022\/2023\/05\/17\/petrobras-reduz-preco-dos-combustiveis\/\" \/>\n<meta property=\"og:site_name\" content=\"Regi\u00e3o News\" \/>\n<meta property=\"article:published_time\" content=\"2023-05-17T11:00:14+00:00\" \/>\n<meta property=\"article:modified_time\" content=\"2023-05-17T11:07:41+00:00\" \/>\n<meta property=\"og:image\" content=\"https:\/\/regiaonews.net.br\/2022\/wp-content\/uploads\/2022\/08\/posto_de_gasolina_jfcrz_abr_0605223809_1.jpg\" \/>\n\t<meta property=\"og:image:width\" content=\"1170\" \/>\n\t<meta property=\"og:image:height\" content=\"700\" \/>\n\t<meta property=\"og:image:type\" content=\"image\/jpeg\" \/>\n<meta name=\"author\" content=\"Roberto\" \/>\n<meta name=\"twitter:card\" content=\"summary_large_image\" \/>\n<meta name=\"twitter:label1\" content=\"Escrito por\" \/>\n\t<meta name=\"twitter:data1\" content=\"Roberto\" \/>\n\t<meta name=\"twitter:label2\" content=\"Est. tempo de leitura\" \/>\n\t<meta name=\"twitter:data2\" content=\"3 minutos\" \/>\n<script type=\"application\/ld+json\" class=\"yoast-schema-graph\">{\"@context\":\"https:\\\/\\\/schema.org\",\"@graph\":[{\"@type\":\"Article\",\"@id\":\"https:\\\/\\\/regiaonews.net.br\\\/2022\\\/2023\\\/05\\\/17\\\/petrobras-reduz-preco-dos-combustiveis\\\/#article\",\"isPartOf\":{\"@id\":\"https:\\\/\\\/regiaonews.net.br\\\/2022\\\/2023\\\/05\\\/17\\\/petrobras-reduz-preco-dos-combustiveis\\\/\"},\"author\":{\"name\":\"Roberto\",\"@id\":\"https:\\\/\\\/regiaonews.net.br\\\/2022\\\/#\\\/schema\\\/person\\\/2d205a608a5aa97ac279d7a5e6d89ad8\"},\"headline\":\"Petrobras reduz pre\u00e7o dos combust\u00edveis\",\"datePublished\":\"2023-05-17T11:00:14+00:00\",\"dateModified\":\"2023-05-17T11:07:41+00:00\",\"mainEntityOfPage\":{\"@id\":\"https:\\\/\\\/regiaonews.net.br\\\/2022\\\/2023\\\/05\\\/17\\\/petrobras-reduz-preco-dos-combustiveis\\\/\"},\"wordCount\":587,\"commentCount\":0,\"publisher\":{\"@id\":\"https:\\\/\\\/regiaonews.net.br\\\/2022\\\/#organization\"},\"image\":{\"@id\":\"https:\\\/\\\/regiaonews.net.br\\\/2022\\\/2023\\\/05\\\/17\\\/petrobras-reduz-preco-dos-combustiveis\\\/#primaryimage\"},\"thumbnailUrl\":\"https:\\\/\\\/regiaonews.net.br\\\/2022\\\/wp-content\\\/uploads\\\/2022\\\/08\\\/posto_de_gasolina_jfcrz_abr_0605223809_1.jpg\",\"articleSection\":[\"Brasil\",\"Cidades\"],\"inLanguage\":\"pt-BR\",\"potentialAction\":[{\"@type\":\"CommentAction\",\"name\":\"Comment\",\"target\":[\"https:\\\/\\\/regiaonews.net.br\\\/2022\\\/2023\\\/05\\\/17\\\/petrobras-reduz-preco-dos-combustiveis\\\/#respond\"]}]},{\"@type\":\"WebPage\",\"@id\":\"https:\\\/\\\/regiaonews.net.br\\\/2022\\\/2023\\\/05\\\/17\\\/petrobras-reduz-preco-dos-combustiveis\\\/\",\"url\":\"https:\\\/\\\/regiaonews.net.br\\\/2022\\\/2023\\\/05\\\/17\\\/petrobras-reduz-preco-dos-combustiveis\\\/\",\"name\":\"Petrobras reduz pre\u00e7o dos combust\u00edveis - Regi\u00e3o News\",\"isPartOf\":{\"@id\":\"https:\\\/\\\/regiaonews.net.br\\\/2022\\\/#website\"},\"primaryImageOfPage\":{\"@id\":\"https:\\\/\\\/regiaonews.net.br\\\/2022\\\/2023\\\/05\\\/17\\\/petrobras-reduz-preco-dos-combustiveis\\\/#primaryimage\"},\"image\":{\"@id\":\"https:\\\/\\\/regiaonews.net.br\\\/2022\\\/2023\\\/05\\\/17\\\/petrobras-reduz-preco-dos-combustiveis\\\/#primaryimage\"},\"thumbnailUrl\":\"https:\\\/\\\/regiaonews.net.br\\\/2022\\\/wp-content\\\/uploads\\\/2022\\\/08\\\/posto_de_gasolina_jfcrz_abr_0605223809_1.jpg\",\"datePublished\":\"2023-05-17T11:00:14+00:00\",\"dateModified\":\"2023-05-17T11:07:41+00:00\",\"breadcrumb\":{\"@id\":\"https:\\\/\\\/regiaonews.net.br\\\/2022\\\/2023\\\/05\\\/17\\\/petrobras-reduz-preco-dos-combustiveis\\\/#breadcrumb\"},\"inLanguage\":\"pt-BR\",\"potentialAction\":[{\"@type\":\"ReadAction\",\"target\":[\"https:\\\/\\\/regiaonews.net.br\\\/2022\\\/2023\\\/05\\\/17\\\/petrobras-reduz-preco-dos-combustiveis\\\/\"]}]},{\"@type\":\"ImageObject\",\"inLanguage\":\"pt-BR\",\"@id\":\"https:\\\/\\\/regiaonews.net.br\\\/2022\\\/2023\\\/05\\\/17\\\/petrobras-reduz-preco-dos-combustiveis\\\/#primaryimage\",\"url\":\"https:\\\/\\\/regiaonews.net.br\\\/2022\\\/wp-content\\\/uploads\\\/2022\\\/08\\\/posto_de_gasolina_jfcrz_abr_0605223809_1.jpg\",\"contentUrl\":\"https:\\\/\\\/regiaonews.net.br\\\/2022\\\/wp-content\\\/uploads\\\/2022\\\/08\\\/posto_de_gasolina_jfcrz_abr_0605223809_1.jpg\",\"width\":1170,\"height\":700,\"caption\":\"Posto de combust\u00edvel\"},{\"@type\":\"BreadcrumbList\",\"@id\":\"https:\\\/\\\/regiaonews.net.br\\\/2022\\\/2023\\\/05\\\/17\\\/petrobras-reduz-preco-dos-combustiveis\\\/#breadcrumb\",\"itemListElement\":[{\"@type\":\"ListItem\",\"position\":1,\"name\":\"In\u00edcio\",\"item\":\"https:\\\/\\\/regiaonews.net.br\\\/2022\\\/\"},{\"@type\":\"ListItem\",\"position\":2,\"name\":\"Petrobras reduz pre\u00e7o dos combust\u00edveis\"}]},{\"@type\":\"WebSite\",\"@id\":\"https:\\\/\\\/regiaonews.net.br\\\/2022\\\/#website\",\"url\":\"https:\\\/\\\/regiaonews.net.br\\\/2022\\\/\",\"name\":\"Regi\u00e3o News\",\"description\":\"Site de Not\u00edcias de Barretos e regi\u00e3o\",\"publisher\":{\"@id\":\"https:\\\/\\\/regiaonews.net.br\\\/2022\\\/#organization\"},\"potentialAction\":[{\"@type\":\"SearchAction\",\"target\":{\"@type\":\"EntryPoint\",\"urlTemplate\":\"https:\\\/\\\/regiaonews.net.br\\\/2022\\\/?s={search_term_string}\"},\"query-input\":{\"@type\":\"PropertyValueSpecification\",\"valueRequired\":true,\"valueName\":\"search_term_string\"}}],\"inLanguage\":\"pt-BR\"},{\"@type\":\"Organization\",\"@id\":\"https:\\\/\\\/regiaonews.net.br\\\/2022\\\/#organization\",\"name\":\"Regi\u00e3o News\",\"url\":\"https:\\\/\\\/regiaonews.net.br\\\/2022\\\/\",\"logo\":{\"@type\":\"ImageObject\",\"inLanguage\":\"pt-BR\",\"@id\":\"https:\\\/\\\/regiaonews.net.br\\\/2022\\\/#\\\/schema\\\/logo\\\/image\\\/\",\"url\":\"https:\\\/\\\/regiaonews.net.br\\\/2022\\\/wp-content\\\/uploads\\\/2026\\\/03\\\/regiao-13-anos-scaled.jpg\",\"contentUrl\":\"https:\\\/\\\/regiaonews.net.br\\\/2022\\\/wp-content\\\/uploads\\\/2026\\\/03\\\/regiao-13-anos-scaled.jpg\",\"width\":2560,\"height\":635,\"caption\":\"Regi\u00e3o News\"},\"image\":{\"@id\":\"https:\\\/\\\/regiaonews.net.br\\\/2022\\\/#\\\/schema\\\/logo\\\/image\\\/\"}},{\"@type\":\"Person\",\"@id\":\"https:\\\/\\\/regiaonews.net.br\\\/2022\\\/#\\\/schema\\\/person\\\/2d205a608a5aa97ac279d7a5e6d89ad8\",\"name\":\"Roberto\",\"image\":{\"@type\":\"ImageObject\",\"inLanguage\":\"pt-BR\",\"@id\":\"https:\\\/\\\/secure.gravatar.com\\\/avatar\\\/42749d8b712ff9d59ca93dc150494e5b55a44134482993f5baeb97e61b7ecc89?s=96&d=mm&r=g\",\"url\":\"https:\\\/\\\/secure.gravatar.com\\\/avatar\\\/42749d8b712ff9d59ca93dc150494e5b55a44134482993f5baeb97e61b7ecc89?s=96&d=mm&r=g\",\"contentUrl\":\"https:\\\/\\\/secure.gravatar.com\\\/avatar\\\/42749d8b712ff9d59ca93dc150494e5b55a44134482993f5baeb97e61b7ecc89?s=96&d=mm&r=g\",\"caption\":\"Roberto\"},\"url\":\"https:\\\/\\\/regiaonews.net.br\\\/2022\\\/author\\\/roberto\\\/\"}]}<\/script>\n<!-- \/ Yoast SEO plugin. -->","yoast_head_json":{"title":"Petrobras reduz pre\u00e7o dos combust\u00edveis - Regi\u00e3o News","robots":{"index":"index","follow":"follow","max-snippet":"max-snippet:-1","max-image-preview":"max-image-preview:large","max-video-preview":"max-video-preview:-1"},"canonical":"https:\/\/regiaonews.net.br\/2022\/2023\/05\/17\/petrobras-reduz-preco-dos-combustiveis\/","og_locale":"pt_BR","og_type":"article","og_title":"Petrobras reduz pre\u00e7o dos combust\u00edveis - Regi\u00e3o News","og_description":"O ministro de Minas e Energia, Alexandre Silveira, e o","og_url":"https:\/\/regiaonews.net.br\/2022\/2023\/05\/17\/petrobras-reduz-preco-dos-combustiveis\/","og_site_name":"Regi\u00e3o News","article_published_time":"2023-05-17T11:00:14+00:00","article_modified_time":"2023-05-17T11:07:41+00:00","og_image":[{"width":1170,"height":700,"url":"https:\/\/regiaonews.net.br\/2022\/wp-content\/uploads\/2022\/08\/posto_de_gasolina_jfcrz_abr_0605223809_1.jpg","type":"image\/jpeg"}],"author":"Roberto","twitter_card":"summary_large_image","twitter_misc":{"Escrito por":"Roberto","Est. tempo de leitura":"3 minutos"},"schema":{"@context":"https:\/\/schema.org","@graph":[{"@type":"Article","@id":"https:\/\/regiaonews.net.br\/2022\/2023\/05\/17\/petrobras-reduz-preco-dos-combustiveis\/#article","isPartOf":{"@id":"https:\/\/regiaonews.net.br\/2022\/2023\/05\/17\/petrobras-reduz-preco-dos-combustiveis\/"},"author":{"name":"Roberto","@id":"https:\/\/regiaonews.net.br\/2022\/#\/schema\/person\/2d205a608a5aa97ac279d7a5e6d89ad8"},"headline":"Petrobras reduz pre\u00e7o dos combust\u00edveis","datePublished":"2023-05-17T11:00:14+00:00","dateModified":"2023-05-17T11:07:41+00:00","mainEntityOfPage":{"@id":"https:\/\/regiaonews.net.br\/2022\/2023\/05\/17\/petrobras-reduz-preco-dos-combustiveis\/"},"wordCount":587,"commentCount":0,"publisher":{"@id":"https:\/\/regiaonews.net.br\/2022\/#organization"},"image":{"@id":"https:\/\/regiaonews.net.br\/2022\/2023\/05\/17\/petrobras-reduz-preco-dos-combustiveis\/#primaryimage"},"thumbnailUrl":"https:\/\/regiaonews.net.br\/2022\/wp-content\/uploads\/2022\/08\/posto_de_gasolina_jfcrz_abr_0605223809_1.jpg","articleSection":["Brasil","Cidades"],"inLanguage":"pt-BR","potentialAction":[{"@type":"CommentAction","name":"Comment","target":["https:\/\/regiaonews.net.br\/2022\/2023\/05\/17\/petrobras-reduz-preco-dos-combustiveis\/#respond"]}]},{"@type":"WebPage","@id":"https:\/\/regiaonews.net.br\/2022\/2023\/05\/17\/petrobras-reduz-preco-dos-combustiveis\/","url":"https:\/\/regiaonews.net.br\/2022\/2023\/05\/17\/petrobras-reduz-preco-dos-combustiveis\/","name":"Petrobras reduz pre\u00e7o dos combust\u00edveis - Regi\u00e3o News","isPartOf":{"@id":"https:\/\/regiaonews.net.br\/2022\/#website"},"primaryImageOfPage":{"@id":"https:\/\/regiaonews.net.br\/2022\/2023\/05\/17\/petrobras-reduz-preco-dos-combustiveis\/#primaryimage"},"image":{"@id":"https:\/\/regiaonews.net.br\/2022\/2023\/05\/17\/petrobras-reduz-preco-dos-combustiveis\/#primaryimage"},"thumbnailUrl":"https:\/\/regiaonews.net.br\/2022\/wp-content\/uploads\/2022\/08\/posto_de_gasolina_jfcrz_abr_0605223809_1.jpg","datePublished":"2023-05-17T11:00:14+00:00","dateModified":"2023-05-17T11:07:41+00:00","breadcrumb":{"@id":"https:\/\/regiaonews.net.br\/2022\/2023\/05\/17\/petrobras-reduz-preco-dos-combustiveis\/#breadcrumb"},"inLanguage":"pt-BR","potentialAction":[{"@type":"ReadAction","target":["https:\/\/regiaonews.net.br\/2022\/2023\/05\/17\/petrobras-reduz-preco-dos-combustiveis\/"]}]},{"@type":"ImageObject","inLanguage":"pt-BR","@id":"https:\/\/regiaonews.net.br\/2022\/2023\/05\/17\/petrobras-reduz-preco-dos-combustiveis\/#primaryimage","url":"https:\/\/regiaonews.net.br\/2022\/wp-content\/uploads\/2022\/08\/posto_de_gasolina_jfcrz_abr_0605223809_1.jpg","contentUrl":"https:\/\/regiaonews.net.br\/2022\/wp-content\/uploads\/2022\/08\/posto_de_gasolina_jfcrz_abr_0605223809_1.jpg","width":1170,"height":700,"caption":"Posto de combust\u00edvel"},{"@type":"BreadcrumbList","@id":"https:\/\/regiaonews.net.br\/2022\/2023\/05\/17\/petrobras-reduz-preco-dos-combustiveis\/#breadcrumb","itemListElement":[{"@type":"ListItem","position":1,"name":"In\u00edcio","item":"https:\/\/regiaonews.net.br\/2022\/"},{"@type":"ListItem","position":2,"name":"Petrobras reduz pre\u00e7o dos combust\u00edveis"}]},{"@type":"WebSite","@id":"https:\/\/regiaonews.net.br\/2022\/#website","url":"https:\/\/regiaonews.net.br\/2022\/","name":"Regi\u00e3o News","description":"Site de Not\u00edcias de Barretos e regi\u00e3o","publisher":{"@id":"https:\/\/regiaonews.net.br\/2022\/#organization"},"potentialAction":[{"@type":"SearchAction","target":{"@type":"EntryPoint","urlTemplate":"https:\/\/regiaonews.net.br\/2022\/?s={search_term_string}"},"query-input":{"@type":"PropertyValueSpecification","valueRequired":true,"valueName":"search_term_string"}}],"inLanguage":"pt-BR"},{"@type":"Organization","@id":"https:\/\/regiaonews.net.br\/2022\/#organization","name":"Regi\u00e3o News","url":"https:\/\/regiaonews.net.br\/2022\/","logo":{"@type":"ImageObject","inLanguage":"pt-BR","@id":"https:\/\/regiaonews.net.br\/2022\/#\/schema\/logo\/image\/","url":"https:\/\/regiaonews.net.br\/2022\/wp-content\/uploads\/2026\/03\/regiao-13-anos-scaled.jpg","contentUrl":"https:\/\/regiaonews.net.br\/2022\/wp-content\/uploads\/2026\/03\/regiao-13-anos-scaled.jpg","width":2560,"height":635,"caption":"Regi\u00e3o News"},"image":{"@id":"https:\/\/regiaonews.net.br\/2022\/#\/schema\/logo\/image\/"}},{"@type":"Person","@id":"https:\/\/regiaonews.net.br\/2022\/#\/schema\/person\/2d205a608a5aa97ac279d7a5e6d89ad8","name":"Roberto","image":{"@type":"ImageObject","inLanguage":"pt-BR","@id":"https:\/\/secure.gravatar.com\/avatar\/42749d8b712ff9d59ca93dc150494e5b55a44134482993f5baeb97e61b7ecc89?s=96&d=mm&r=g","url":"https:\/\/secure.gravatar.com\/avatar\/42749d8b712ff9d59ca93dc150494e5b55a44134482993f5baeb97e61b7ecc89?s=96&d=mm&r=g","contentUrl":"https:\/\/secure.gravatar.com\/avatar\/42749d8b712ff9d59ca93dc150494e5b55a44134482993f5baeb97e61b7ecc89?s=96&d=mm&r=g","caption":"Roberto"},"url":"https:\/\/regiaonews.net.br\/2022\/author\/roberto\/"}]}},"publishpress_future_action":{"enabled":false,"date":"2026-05-05 00:28:39","action":"change-status","newStatus":"draft","terms":[],"taxonomy":"category","extraData":[]},"publishpress_future_workflow_manual_trigger":{"enabledWorkflows":[]},"_links":{"self":[{"href":"https:\/\/regiaonews.net.br\/2022\/wp-json\/wp\/v2\/posts\/88300","targetHints":{"allow":["GET"]}}],"collection":[{"href":"https:\/\/regiaonews.net.br\/2022\/wp-json\/wp\/v2\/posts"}],"about":[{"href":"https:\/\/regiaonews.net.br\/2022\/wp-json\/wp\/v2\/types\/post"}],"author":[{"embeddable":true,"href":"https:\/\/regiaonews.net.br\/2022\/wp-json\/wp\/v2\/users\/2"}],"replies":[{"embeddable":true,"href":"https:\/\/regiaonews.net.br\/2022\/wp-json\/wp\/v2\/comments?post=88300"}],"version-history":[{"count":3,"href":"https:\/\/regiaonews.net.br\/2022\/wp-json\/wp\/v2\/posts\/88300\/revisions"}],"predecessor-version":[{"id":88303,"href":"https:\/\/regiaonews.net.br\/2022\/wp-json\/wp\/v2\/posts\/88300\/revisions\/88303"}],"wp:featuredmedia":[{"embeddable":true,"href":"https:\/\/regiaonews.net.br\/2022\/wp-json\/wp\/v2\/media\/76137"}],"wp:attachment":[{"href":"https:\/\/regiaonews.net.br\/2022\/wp-json\/wp\/v2\/media?parent=88300"}],"wp:term":[{"taxonomy":"category","embeddable":true,"href":"https:\/\/regiaonews.net.br\/2022\/wp-json\/wp\/v2\/categories?post=88300"},{"taxonomy":"post_tag","embeddable":true,"href":"https:\/\/regiaonews.net.br\/2022\/wp-json\/wp\/v2\/tags?post=88300"}],"curies":[{"name":"wp","href":"https:\/\/api.w.org\/{rel}","templated":true}]}}