{"id":88281,"date":"2023-05-16T20:55:18","date_gmt":"2023-05-16T23:55:18","guid":{"rendered":"https:\/\/regiaonews.net.br\/2022\/?p=88281"},"modified":"2023-05-16T21:56:30","modified_gmt":"2023-05-17T00:56:30","slug":"estiveram-presentes-autoridades-locais-e-estaduais-alem-do-socio-proprietario-do-speed-park-ricardo-garcia-texto-abrahao-hackme-assessoria-de-imprensa-deputado-estadual-sebas","status":"publish","type":"post","link":"https:\/\/regiaonews.net.br\/2022\/2023\/05\/16\/estiveram-presentes-autoridades-locais-e-estaduais-alem-do-socio-proprietario-do-speed-park-ricardo-garcia-texto-abrahao-hackme-assessoria-de-imprensa-deputado-estadual-sebas\/","title":{"rendered":"Entenda o tramite do Projeto de Lei n\u00b0 2.630\/2020, que trata da \u201cLei das Fake News\u201d e que tem gerado discuss\u00e3o e controv\u00e9rsia"},"content":{"rendered":"<p>O Projeto de Lei n\u00ba 2.630\/2020, tamb\u00e9m conhecido como &#8220;Lei das Fake News&#8221;, tem gerado muita discuss\u00e3o e certa controv\u00e9rsia desde que foi proposto pelo seu relator, senador \u00c2ngelo Coronel (PSD-BA). O objetivo principal do projeto \u00e9 regulamentar a dissemina\u00e7\u00e3o de informa\u00e7\u00f5es falsas e o uso inadequado das redes sociais.<br \/>\n&#8211; \u201cImportante analisar que, com manifesta\u00e7\u00f5es intensas da sociedade e discuss\u00f5es promovidas durante as sess\u00f5es, o PL 2.630 j\u00e1 recebeu 152 emendas, com modifica\u00e7\u00f5es importantes no seu conte\u00fado. Ele prop\u00f5e, de forma geral, estabelecer normas e diretrizes de transpar\u00eancia para provedores de redes sociais e servi\u00e7os de mensagens privadas, para garantir a seguran\u00e7a, liberdade de express\u00e3o, de comunica\u00e7\u00e3o e de manifesta\u00e7\u00e3o de pensamento dos usu\u00e1rios. Apesar de pol\u00eamicas envolvendo uma suposta restri\u00e7\u00e3o de liberdade nas redes, o artigo 4\u00ba do projeto prev\u00ea expressamente, ainda, o impedimento da censura no ambiente online\u201d, explicou o advogado Paulo Barretto.<br \/>\nO projeto tamb\u00e9m prop\u00f5e uma s\u00e9rie de medidas para combater as fake news, como a obrigatoriedade de identifica\u00e7\u00e3o dos usu\u00e1rios nas redes sociais e a cria\u00e7\u00e3o de mecanismos para responsabilizar empresas de tecnologia &#8211; em especial as conhecidas como Big Techs &#8211; que n\u00e3o removam conte\u00fado considerado falso ou ofensivo.<br \/>\nO projeto traz, ainda, a cria\u00e7\u00e3o do chamado Conselho de Transpar\u00eancia e Responsabilidade na Internet, respons\u00e1vel, dentre outras atribui\u00e7\u00f5es, por fiscalizar e regulamentar a conduta dos usu\u00e1rios e das plataformas, al\u00e9m de avaliar a adequa\u00e7\u00e3o das pol\u00edticas de uso adotadas pelos provedores, estabelecendo diretrizes para tanto.<br \/>\nNa legisla\u00e7\u00e3o atual, especificamente o Marco Civil da Internet, n\u00e3o h\u00e1 responsabiliza\u00e7\u00e3o das plataformas pela difus\u00e3o de conte\u00fados, mas somente de seus autores. Caso a nova lei entre em vigor, os provedores de redes sociais e servi\u00e7os de mensagens que a descumprirem ficam sujeitos a advert\u00eancias ou multas de 10% do seu faturamento no Brasil.<\/p>\n<p>Hoje, o projeto est\u00e1 aguardando vota\u00e7\u00e3o na C\u00e2mara dos Deputados e deve passar pelo Senado, para ent\u00e3o seguir para san\u00e7\u00e3o ou veto presidencial.<br \/>\n&#8211; \u201cEm resumo, a chamada \u201cLei das Fake News\u201d tem gerado discuss\u00f5es e controv\u00e9rsias desde que foi proposta. Apesar das preocupa\u00e7\u00f5es sobre a sua efetividade, \u00e9 importante que haja um debate saud\u00e1vel sobre a melhor forma de lidar com a realidade nas redes sociais e promover um ambiente de transpar\u00eancia para os usu\u00e1rios\u201d, finalizou o advogado\u00a0Paulo\u00a0Barretto.<\/p>\n","protected":false},"excerpt":{"rendered":"<p>O Projeto de Lei n\u00ba 2.630\/2020, tamb\u00e9m conhecido como &#8220;Lei<\/p>\n","protected":false},"author":2,"featured_media":88282,"comment_status":"open","ping_status":"open","sticky":false,"template":"","format":"standard","meta":{"footnotes":""},"categories":[25,23],"tags":[],"class_list":["post-88281","post","type-post","status-publish","format-standard","has-post-thumbnail","hentry","category-cidades","category-policia"],"yoast_head":"<!-- This site is optimized with the Yoast SEO plugin v27.4 - https:\/\/yoast.com\/product\/yoast-seo-wordpress\/ -->\n<title>Entenda o tramite do Projeto de Lei n\u00b0 2.630\/2020, que trata da \u201cLei das Fake News\u201d e que tem gerado discuss\u00e3o e controv\u00e9rsia - Regi\u00e3o News<\/title>\n<meta name=\"robots\" content=\"index, follow, max-snippet:-1, max-image-preview:large, max-video-preview:-1\" \/>\n<link rel=\"canonical\" href=\"https:\/\/regiaonews.net.br\/2022\/2023\/05\/16\/estiveram-presentes-autoridades-locais-e-estaduais-alem-do-socio-proprietario-do-speed-park-ricardo-garcia-texto-abrahao-hackme-assessoria-de-imprensa-deputado-estadual-sebas\/\" \/>\n<meta property=\"og:locale\" content=\"pt_BR\" \/>\n<meta property=\"og:type\" content=\"article\" \/>\n<meta property=\"og:title\" content=\"Entenda o tramite do Projeto de Lei n\u00b0 2.630\/2020, que trata da \u201cLei das Fake News\u201d e que tem gerado discuss\u00e3o e controv\u00e9rsia - Regi\u00e3o News\" \/>\n<meta property=\"og:description\" content=\"O Projeto de Lei n\u00ba 2.630\/2020, tamb\u00e9m conhecido como &#8220;Lei\" \/>\n<meta property=\"og:url\" content=\"https:\/\/regiaonews.net.br\/2022\/2023\/05\/16\/estiveram-presentes-autoridades-locais-e-estaduais-alem-do-socio-proprietario-do-speed-park-ricardo-garcia-texto-abrahao-hackme-assessoria-de-imprensa-deputado-estadual-sebas\/\" \/>\n<meta property=\"og:site_name\" content=\"Regi\u00e3o News\" \/>\n<meta property=\"article:published_time\" content=\"2023-05-16T23:55:18+00:00\" \/>\n<meta property=\"article:modified_time\" content=\"2023-05-17T00:56:30+00:00\" \/>\n<meta property=\"og:image\" content=\"https:\/\/regiaonews.net.br\/2022\/wp-content\/uploads\/2023\/05\/Imagem-do-WhatsApp-de-2023-05-16-as-15.18.13.jpg\" \/>\n\t<meta property=\"og:image:width\" content=\"1200\" \/>\n\t<meta property=\"og:image:height\" content=\"720\" \/>\n\t<meta property=\"og:image:type\" content=\"image\/jpeg\" \/>\n<meta name=\"author\" content=\"Roberto\" \/>\n<meta name=\"twitter:card\" content=\"summary_large_image\" \/>\n<meta name=\"twitter:label1\" content=\"Escrito por\" \/>\n\t<meta name=\"twitter:data1\" content=\"Roberto\" \/>\n\t<meta name=\"twitter:label2\" content=\"Est. tempo de leitura\" \/>\n\t<meta name=\"twitter:data2\" content=\"3 minutos\" \/>\n<script type=\"application\/ld+json\" class=\"yoast-schema-graph\">{\"@context\":\"https:\\\/\\\/schema.org\",\"@graph\":[{\"@type\":\"Article\",\"@id\":\"https:\\\/\\\/regiaonews.net.br\\\/2022\\\/2023\\\/05\\\/16\\\/estiveram-presentes-autoridades-locais-e-estaduais-alem-do-socio-proprietario-do-speed-park-ricardo-garcia-texto-abrahao-hackme-assessoria-de-imprensa-deputado-estadual-sebas\\\/#article\",\"isPartOf\":{\"@id\":\"https:\\\/\\\/regiaonews.net.br\\\/2022\\\/2023\\\/05\\\/16\\\/estiveram-presentes-autoridades-locais-e-estaduais-alem-do-socio-proprietario-do-speed-park-ricardo-garcia-texto-abrahao-hackme-assessoria-de-imprensa-deputado-estadual-sebas\\\/\"},\"author\":{\"name\":\"Roberto\",\"@id\":\"https:\\\/\\\/regiaonews.net.br\\\/2022\\\/#\\\/schema\\\/person\\\/2d205a608a5aa97ac279d7a5e6d89ad8\"},\"headline\":\"Entenda o tramite do Projeto de Lei n\u00b0 2.630\\\/2020, que trata da \u201cLei das Fake News\u201d e que tem gerado discuss\u00e3o e controv\u00e9rsia\",\"datePublished\":\"2023-05-16T23:55:18+00:00\",\"dateModified\":\"2023-05-17T00:56:30+00:00\",\"mainEntityOfPage\":{\"@id\":\"https:\\\/\\\/regiaonews.net.br\\\/2022\\\/2023\\\/05\\\/16\\\/estiveram-presentes-autoridades-locais-e-estaduais-alem-do-socio-proprietario-do-speed-park-ricardo-garcia-texto-abrahao-hackme-assessoria-de-imprensa-deputado-estadual-sebas\\\/\"},\"wordCount\":448,\"commentCount\":0,\"publisher\":{\"@id\":\"https:\\\/\\\/regiaonews.net.br\\\/2022\\\/#organization\"},\"image\":{\"@id\":\"https:\\\/\\\/regiaonews.net.br\\\/2022\\\/2023\\\/05\\\/16\\\/estiveram-presentes-autoridades-locais-e-estaduais-alem-do-socio-proprietario-do-speed-park-ricardo-garcia-texto-abrahao-hackme-assessoria-de-imprensa-deputado-estadual-sebas\\\/#primaryimage\"},\"thumbnailUrl\":\"https:\\\/\\\/regiaonews.net.br\\\/2022\\\/wp-content\\\/uploads\\\/2023\\\/05\\\/Imagem-do-WhatsApp-de-2023-05-16-as-15.18.13.jpg\",\"articleSection\":[\"Cidades\",\"Policia\"],\"inLanguage\":\"pt-BR\",\"potentialAction\":[{\"@type\":\"CommentAction\",\"name\":\"Comment\",\"target\":[\"https:\\\/\\\/regiaonews.net.br\\\/2022\\\/2023\\\/05\\\/16\\\/estiveram-presentes-autoridades-locais-e-estaduais-alem-do-socio-proprietario-do-speed-park-ricardo-garcia-texto-abrahao-hackme-assessoria-de-imprensa-deputado-estadual-sebas\\\/#respond\"]}]},{\"@type\":\"WebPage\",\"@id\":\"https:\\\/\\\/regiaonews.net.br\\\/2022\\\/2023\\\/05\\\/16\\\/estiveram-presentes-autoridades-locais-e-estaduais-alem-do-socio-proprietario-do-speed-park-ricardo-garcia-texto-abrahao-hackme-assessoria-de-imprensa-deputado-estadual-sebas\\\/\",\"url\":\"https:\\\/\\\/regiaonews.net.br\\\/2022\\\/2023\\\/05\\\/16\\\/estiveram-presentes-autoridades-locais-e-estaduais-alem-do-socio-proprietario-do-speed-park-ricardo-garcia-texto-abrahao-hackme-assessoria-de-imprensa-deputado-estadual-sebas\\\/\",\"name\":\"Entenda o tramite do Projeto de Lei n\u00b0 2.630\\\/2020, que trata da \u201cLei das Fake News\u201d e que tem gerado discuss\u00e3o e controv\u00e9rsia - Regi\u00e3o News\",\"isPartOf\":{\"@id\":\"https:\\\/\\\/regiaonews.net.br\\\/2022\\\/#website\"},\"primaryImageOfPage\":{\"@id\":\"https:\\\/\\\/regiaonews.net.br\\\/2022\\\/2023\\\/05\\\/16\\\/estiveram-presentes-autoridades-locais-e-estaduais-alem-do-socio-proprietario-do-speed-park-ricardo-garcia-texto-abrahao-hackme-assessoria-de-imprensa-deputado-estadual-sebas\\\/#primaryimage\"},\"image\":{\"@id\":\"https:\\\/\\\/regiaonews.net.br\\\/2022\\\/2023\\\/05\\\/16\\\/estiveram-presentes-autoridades-locais-e-estaduais-alem-do-socio-proprietario-do-speed-park-ricardo-garcia-texto-abrahao-hackme-assessoria-de-imprensa-deputado-estadual-sebas\\\/#primaryimage\"},\"thumbnailUrl\":\"https:\\\/\\\/regiaonews.net.br\\\/2022\\\/wp-content\\\/uploads\\\/2023\\\/05\\\/Imagem-do-WhatsApp-de-2023-05-16-as-15.18.13.jpg\",\"datePublished\":\"2023-05-16T23:55:18+00:00\",\"dateModified\":\"2023-05-17T00:56:30+00:00\",\"breadcrumb\":{\"@id\":\"https:\\\/\\\/regiaonews.net.br\\\/2022\\\/2023\\\/05\\\/16\\\/estiveram-presentes-autoridades-locais-e-estaduais-alem-do-socio-proprietario-do-speed-park-ricardo-garcia-texto-abrahao-hackme-assessoria-de-imprensa-deputado-estadual-sebas\\\/#breadcrumb\"},\"inLanguage\":\"pt-BR\",\"potentialAction\":[{\"@type\":\"ReadAction\",\"target\":[\"https:\\\/\\\/regiaonews.net.br\\\/2022\\\/2023\\\/05\\\/16\\\/estiveram-presentes-autoridades-locais-e-estaduais-alem-do-socio-proprietario-do-speed-park-ricardo-garcia-texto-abrahao-hackme-assessoria-de-imprensa-deputado-estadual-sebas\\\/\"]}]},{\"@type\":\"ImageObject\",\"inLanguage\":\"pt-BR\",\"@id\":\"https:\\\/\\\/regiaonews.net.br\\\/2022\\\/2023\\\/05\\\/16\\\/estiveram-presentes-autoridades-locais-e-estaduais-alem-do-socio-proprietario-do-speed-park-ricardo-garcia-texto-abrahao-hackme-assessoria-de-imprensa-deputado-estadual-sebas\\\/#primaryimage\",\"url\":\"https:\\\/\\\/regiaonews.net.br\\\/2022\\\/wp-content\\\/uploads\\\/2023\\\/05\\\/Imagem-do-WhatsApp-de-2023-05-16-as-15.18.13.jpg\",\"contentUrl\":\"https:\\\/\\\/regiaonews.net.br\\\/2022\\\/wp-content\\\/uploads\\\/2023\\\/05\\\/Imagem-do-WhatsApp-de-2023-05-16-as-15.18.13.jpg\",\"width\":1200,\"height\":720},{\"@type\":\"BreadcrumbList\",\"@id\":\"https:\\\/\\\/regiaonews.net.br\\\/2022\\\/2023\\\/05\\\/16\\\/estiveram-presentes-autoridades-locais-e-estaduais-alem-do-socio-proprietario-do-speed-park-ricardo-garcia-texto-abrahao-hackme-assessoria-de-imprensa-deputado-estadual-sebas\\\/#breadcrumb\",\"itemListElement\":[{\"@type\":\"ListItem\",\"position\":1,\"name\":\"In\u00edcio\",\"item\":\"https:\\\/\\\/regiaonews.net.br\\\/2022\\\/\"},{\"@type\":\"ListItem\",\"position\":2,\"name\":\"Entenda o tramite do Projeto de Lei n\u00b0 2.630\\\/2020, que trata da \u201cLei das Fake News\u201d e que tem gerado discuss\u00e3o e controv\u00e9rsia\"}]},{\"@type\":\"WebSite\",\"@id\":\"https:\\\/\\\/regiaonews.net.br\\\/2022\\\/#website\",\"url\":\"https:\\\/\\\/regiaonews.net.br\\\/2022\\\/\",\"name\":\"Regi\u00e3o News\",\"description\":\"Site de Not\u00edcias de Barretos e regi\u00e3o\",\"publisher\":{\"@id\":\"https:\\\/\\\/regiaonews.net.br\\\/2022\\\/#organization\"},\"potentialAction\":[{\"@type\":\"SearchAction\",\"target\":{\"@type\":\"EntryPoint\",\"urlTemplate\":\"https:\\\/\\\/regiaonews.net.br\\\/2022\\\/?s={search_term_string}\"},\"query-input\":{\"@type\":\"PropertyValueSpecification\",\"valueRequired\":true,\"valueName\":\"search_term_string\"}}],\"inLanguage\":\"pt-BR\"},{\"@type\":\"Organization\",\"@id\":\"https:\\\/\\\/regiaonews.net.br\\\/2022\\\/#organization\",\"name\":\"Regi\u00e3o News\",\"url\":\"https:\\\/\\\/regiaonews.net.br\\\/2022\\\/\",\"logo\":{\"@type\":\"ImageObject\",\"inLanguage\":\"pt-BR\",\"@id\":\"https:\\\/\\\/regiaonews.net.br\\\/2022\\\/#\\\/schema\\\/logo\\\/image\\\/\",\"url\":\"https:\\\/\\\/regiaonews.net.br\\\/2022\\\/wp-content\\\/uploads\\\/2026\\\/03\\\/regiao-13-anos-scaled.jpg\",\"contentUrl\":\"https:\\\/\\\/regiaonews.net.br\\\/2022\\\/wp-content\\\/uploads\\\/2026\\\/03\\\/regiao-13-anos-scaled.jpg\",\"width\":2560,\"height\":635,\"caption\":\"Regi\u00e3o News\"},\"image\":{\"@id\":\"https:\\\/\\\/regiaonews.net.br\\\/2022\\\/#\\\/schema\\\/logo\\\/image\\\/\"}},{\"@type\":\"Person\",\"@id\":\"https:\\\/\\\/regiaonews.net.br\\\/2022\\\/#\\\/schema\\\/person\\\/2d205a608a5aa97ac279d7a5e6d89ad8\",\"name\":\"Roberto\",\"image\":{\"@type\":\"ImageObject\",\"inLanguage\":\"pt-BR\",\"@id\":\"https:\\\/\\\/secure.gravatar.com\\\/avatar\\\/42749d8b712ff9d59ca93dc150494e5b55a44134482993f5baeb97e61b7ecc89?s=96&d=mm&r=g\",\"url\":\"https:\\\/\\\/secure.gravatar.com\\\/avatar\\\/42749d8b712ff9d59ca93dc150494e5b55a44134482993f5baeb97e61b7ecc89?s=96&d=mm&r=g\",\"contentUrl\":\"https:\\\/\\\/secure.gravatar.com\\\/avatar\\\/42749d8b712ff9d59ca93dc150494e5b55a44134482993f5baeb97e61b7ecc89?s=96&d=mm&r=g\",\"caption\":\"Roberto\"},\"url\":\"https:\\\/\\\/regiaonews.net.br\\\/2022\\\/author\\\/roberto\\\/\"}]}<\/script>\n<!-- \/ Yoast SEO plugin. -->","yoast_head_json":{"title":"Entenda o tramite do Projeto de Lei n\u00b0 2.630\/2020, que trata da \u201cLei das Fake News\u201d e que tem gerado discuss\u00e3o e controv\u00e9rsia - Regi\u00e3o News","robots":{"index":"index","follow":"follow","max-snippet":"max-snippet:-1","max-image-preview":"max-image-preview:large","max-video-preview":"max-video-preview:-1"},"canonical":"https:\/\/regiaonews.net.br\/2022\/2023\/05\/16\/estiveram-presentes-autoridades-locais-e-estaduais-alem-do-socio-proprietario-do-speed-park-ricardo-garcia-texto-abrahao-hackme-assessoria-de-imprensa-deputado-estadual-sebas\/","og_locale":"pt_BR","og_type":"article","og_title":"Entenda o tramite do Projeto de Lei n\u00b0 2.630\/2020, que trata da \u201cLei das Fake News\u201d e que tem gerado discuss\u00e3o e controv\u00e9rsia - Regi\u00e3o News","og_description":"O Projeto de Lei n\u00ba 2.630\/2020, tamb\u00e9m conhecido como &#8220;Lei","og_url":"https:\/\/regiaonews.net.br\/2022\/2023\/05\/16\/estiveram-presentes-autoridades-locais-e-estaduais-alem-do-socio-proprietario-do-speed-park-ricardo-garcia-texto-abrahao-hackme-assessoria-de-imprensa-deputado-estadual-sebas\/","og_site_name":"Regi\u00e3o News","article_published_time":"2023-05-16T23:55:18+00:00","article_modified_time":"2023-05-17T00:56:30+00:00","og_image":[{"width":1200,"height":720,"url":"https:\/\/regiaonews.net.br\/2022\/wp-content\/uploads\/2023\/05\/Imagem-do-WhatsApp-de-2023-05-16-as-15.18.13.jpg","type":"image\/jpeg"}],"author":"Roberto","twitter_card":"summary_large_image","twitter_misc":{"Escrito por":"Roberto","Est. tempo de leitura":"3 minutos"},"schema":{"@context":"https:\/\/schema.org","@graph":[{"@type":"Article","@id":"https:\/\/regiaonews.net.br\/2022\/2023\/05\/16\/estiveram-presentes-autoridades-locais-e-estaduais-alem-do-socio-proprietario-do-speed-park-ricardo-garcia-texto-abrahao-hackme-assessoria-de-imprensa-deputado-estadual-sebas\/#article","isPartOf":{"@id":"https:\/\/regiaonews.net.br\/2022\/2023\/05\/16\/estiveram-presentes-autoridades-locais-e-estaduais-alem-do-socio-proprietario-do-speed-park-ricardo-garcia-texto-abrahao-hackme-assessoria-de-imprensa-deputado-estadual-sebas\/"},"author":{"name":"Roberto","@id":"https:\/\/regiaonews.net.br\/2022\/#\/schema\/person\/2d205a608a5aa97ac279d7a5e6d89ad8"},"headline":"Entenda o tramite do Projeto de Lei n\u00b0 2.630\/2020, que trata da \u201cLei das Fake News\u201d e que tem gerado discuss\u00e3o e controv\u00e9rsia","datePublished":"2023-05-16T23:55:18+00:00","dateModified":"2023-05-17T00:56:30+00:00","mainEntityOfPage":{"@id":"https:\/\/regiaonews.net.br\/2022\/2023\/05\/16\/estiveram-presentes-autoridades-locais-e-estaduais-alem-do-socio-proprietario-do-speed-park-ricardo-garcia-texto-abrahao-hackme-assessoria-de-imprensa-deputado-estadual-sebas\/"},"wordCount":448,"commentCount":0,"publisher":{"@id":"https:\/\/regiaonews.net.br\/2022\/#organization"},"image":{"@id":"https:\/\/regiaonews.net.br\/2022\/2023\/05\/16\/estiveram-presentes-autoridades-locais-e-estaduais-alem-do-socio-proprietario-do-speed-park-ricardo-garcia-texto-abrahao-hackme-assessoria-de-imprensa-deputado-estadual-sebas\/#primaryimage"},"thumbnailUrl":"https:\/\/regiaonews.net.br\/2022\/wp-content\/uploads\/2023\/05\/Imagem-do-WhatsApp-de-2023-05-16-as-15.18.13.jpg","articleSection":["Cidades","Policia"],"inLanguage":"pt-BR","potentialAction":[{"@type":"CommentAction","name":"Comment","target":["https:\/\/regiaonews.net.br\/2022\/2023\/05\/16\/estiveram-presentes-autoridades-locais-e-estaduais-alem-do-socio-proprietario-do-speed-park-ricardo-garcia-texto-abrahao-hackme-assessoria-de-imprensa-deputado-estadual-sebas\/#respond"]}]},{"@type":"WebPage","@id":"https:\/\/regiaonews.net.br\/2022\/2023\/05\/16\/estiveram-presentes-autoridades-locais-e-estaduais-alem-do-socio-proprietario-do-speed-park-ricardo-garcia-texto-abrahao-hackme-assessoria-de-imprensa-deputado-estadual-sebas\/","url":"https:\/\/regiaonews.net.br\/2022\/2023\/05\/16\/estiveram-presentes-autoridades-locais-e-estaduais-alem-do-socio-proprietario-do-speed-park-ricardo-garcia-texto-abrahao-hackme-assessoria-de-imprensa-deputado-estadual-sebas\/","name":"Entenda o tramite do Projeto de Lei n\u00b0 2.630\/2020, que trata da \u201cLei das Fake News\u201d e que tem gerado discuss\u00e3o e controv\u00e9rsia - Regi\u00e3o News","isPartOf":{"@id":"https:\/\/regiaonews.net.br\/2022\/#website"},"primaryImageOfPage":{"@id":"https:\/\/regiaonews.net.br\/2022\/2023\/05\/16\/estiveram-presentes-autoridades-locais-e-estaduais-alem-do-socio-proprietario-do-speed-park-ricardo-garcia-texto-abrahao-hackme-assessoria-de-imprensa-deputado-estadual-sebas\/#primaryimage"},"image":{"@id":"https:\/\/regiaonews.net.br\/2022\/2023\/05\/16\/estiveram-presentes-autoridades-locais-e-estaduais-alem-do-socio-proprietario-do-speed-park-ricardo-garcia-texto-abrahao-hackme-assessoria-de-imprensa-deputado-estadual-sebas\/#primaryimage"},"thumbnailUrl":"https:\/\/regiaonews.net.br\/2022\/wp-content\/uploads\/2023\/05\/Imagem-do-WhatsApp-de-2023-05-16-as-15.18.13.jpg","datePublished":"2023-05-16T23:55:18+00:00","dateModified":"2023-05-17T00:56:30+00:00","breadcrumb":{"@id":"https:\/\/regiaonews.net.br\/2022\/2023\/05\/16\/estiveram-presentes-autoridades-locais-e-estaduais-alem-do-socio-proprietario-do-speed-park-ricardo-garcia-texto-abrahao-hackme-assessoria-de-imprensa-deputado-estadual-sebas\/#breadcrumb"},"inLanguage":"pt-BR","potentialAction":[{"@type":"ReadAction","target":["https:\/\/regiaonews.net.br\/2022\/2023\/05\/16\/estiveram-presentes-autoridades-locais-e-estaduais-alem-do-socio-proprietario-do-speed-park-ricardo-garcia-texto-abrahao-hackme-assessoria-de-imprensa-deputado-estadual-sebas\/"]}]},{"@type":"ImageObject","inLanguage":"pt-BR","@id":"https:\/\/regiaonews.net.br\/2022\/2023\/05\/16\/estiveram-presentes-autoridades-locais-e-estaduais-alem-do-socio-proprietario-do-speed-park-ricardo-garcia-texto-abrahao-hackme-assessoria-de-imprensa-deputado-estadual-sebas\/#primaryimage","url":"https:\/\/regiaonews.net.br\/2022\/wp-content\/uploads\/2023\/05\/Imagem-do-WhatsApp-de-2023-05-16-as-15.18.13.jpg","contentUrl":"https:\/\/regiaonews.net.br\/2022\/wp-content\/uploads\/2023\/05\/Imagem-do-WhatsApp-de-2023-05-16-as-15.18.13.jpg","width":1200,"height":720},{"@type":"BreadcrumbList","@id":"https:\/\/regiaonews.net.br\/2022\/2023\/05\/16\/estiveram-presentes-autoridades-locais-e-estaduais-alem-do-socio-proprietario-do-speed-park-ricardo-garcia-texto-abrahao-hackme-assessoria-de-imprensa-deputado-estadual-sebas\/#breadcrumb","itemListElement":[{"@type":"ListItem","position":1,"name":"In\u00edcio","item":"https:\/\/regiaonews.net.br\/2022\/"},{"@type":"ListItem","position":2,"name":"Entenda o tramite do Projeto de Lei n\u00b0 2.630\/2020, que trata da \u201cLei das Fake News\u201d e que tem gerado discuss\u00e3o e controv\u00e9rsia"}]},{"@type":"WebSite","@id":"https:\/\/regiaonews.net.br\/2022\/#website","url":"https:\/\/regiaonews.net.br\/2022\/","name":"Regi\u00e3o News","description":"Site de Not\u00edcias de Barretos e regi\u00e3o","publisher":{"@id":"https:\/\/regiaonews.net.br\/2022\/#organization"},"potentialAction":[{"@type":"SearchAction","target":{"@type":"EntryPoint","urlTemplate":"https:\/\/regiaonews.net.br\/2022\/?s={search_term_string}"},"query-input":{"@type":"PropertyValueSpecification","valueRequired":true,"valueName":"search_term_string"}}],"inLanguage":"pt-BR"},{"@type":"Organization","@id":"https:\/\/regiaonews.net.br\/2022\/#organization","name":"Regi\u00e3o News","url":"https:\/\/regiaonews.net.br\/2022\/","logo":{"@type":"ImageObject","inLanguage":"pt-BR","@id":"https:\/\/regiaonews.net.br\/2022\/#\/schema\/logo\/image\/","url":"https:\/\/regiaonews.net.br\/2022\/wp-content\/uploads\/2026\/03\/regiao-13-anos-scaled.jpg","contentUrl":"https:\/\/regiaonews.net.br\/2022\/wp-content\/uploads\/2026\/03\/regiao-13-anos-scaled.jpg","width":2560,"height":635,"caption":"Regi\u00e3o News"},"image":{"@id":"https:\/\/regiaonews.net.br\/2022\/#\/schema\/logo\/image\/"}},{"@type":"Person","@id":"https:\/\/regiaonews.net.br\/2022\/#\/schema\/person\/2d205a608a5aa97ac279d7a5e6d89ad8","name":"Roberto","image":{"@type":"ImageObject","inLanguage":"pt-BR","@id":"https:\/\/secure.gravatar.com\/avatar\/42749d8b712ff9d59ca93dc150494e5b55a44134482993f5baeb97e61b7ecc89?s=96&d=mm&r=g","url":"https:\/\/secure.gravatar.com\/avatar\/42749d8b712ff9d59ca93dc150494e5b55a44134482993f5baeb97e61b7ecc89?s=96&d=mm&r=g","contentUrl":"https:\/\/secure.gravatar.com\/avatar\/42749d8b712ff9d59ca93dc150494e5b55a44134482993f5baeb97e61b7ecc89?s=96&d=mm&r=g","caption":"Roberto"},"url":"https:\/\/regiaonews.net.br\/2022\/author\/roberto\/"}]}},"publishpress_future_action":{"enabled":false,"date":"2026-05-04 17:47:42","action":"change-status","newStatus":"draft","terms":[],"taxonomy":"category","extraData":[]},"publishpress_future_workflow_manual_trigger":{"enabledWorkflows":[]},"_links":{"self":[{"href":"https:\/\/regiaonews.net.br\/2022\/wp-json\/wp\/v2\/posts\/88281","targetHints":{"allow":["GET"]}}],"collection":[{"href":"https:\/\/regiaonews.net.br\/2022\/wp-json\/wp\/v2\/posts"}],"about":[{"href":"https:\/\/regiaonews.net.br\/2022\/wp-json\/wp\/v2\/types\/post"}],"author":[{"embeddable":true,"href":"https:\/\/regiaonews.net.br\/2022\/wp-json\/wp\/v2\/users\/2"}],"replies":[{"embeddable":true,"href":"https:\/\/regiaonews.net.br\/2022\/wp-json\/wp\/v2\/comments?post=88281"}],"version-history":[{"count":2,"href":"https:\/\/regiaonews.net.br\/2022\/wp-json\/wp\/v2\/posts\/88281\/revisions"}],"predecessor-version":[{"id":88284,"href":"https:\/\/regiaonews.net.br\/2022\/wp-json\/wp\/v2\/posts\/88281\/revisions\/88284"}],"wp:featuredmedia":[{"embeddable":true,"href":"https:\/\/regiaonews.net.br\/2022\/wp-json\/wp\/v2\/media\/88282"}],"wp:attachment":[{"href":"https:\/\/regiaonews.net.br\/2022\/wp-json\/wp\/v2\/media?parent=88281"}],"wp:term":[{"taxonomy":"category","embeddable":true,"href":"https:\/\/regiaonews.net.br\/2022\/wp-json\/wp\/v2\/categories?post=88281"},{"taxonomy":"post_tag","embeddable":true,"href":"https:\/\/regiaonews.net.br\/2022\/wp-json\/wp\/v2\/tags?post=88281"}],"curies":[{"name":"wp","href":"https:\/\/api.w.org\/{rel}","templated":true}]}}