{"id":88278,"date":"2023-05-16T20:54:12","date_gmt":"2023-05-16T23:54:12","guid":{"rendered":"https:\/\/regiaonews.net.br\/2022\/?p=88278"},"modified":"2023-05-16T21:57:25","modified_gmt":"2023-05-17T00:57:25","slug":"deputado-sebastiao-santos-participa-da-primeira-edicao-da-virada-automobilistica-em-birigui","status":"publish","type":"post","link":"https:\/\/regiaonews.net.br\/2022\/2023\/05\/16\/deputado-sebastiao-santos-participa-da-primeira-edicao-da-virada-automobilistica-em-birigui\/","title":{"rendered":"Deputado Sebasti\u00e3o Santos participa da primeira edi\u00e7\u00e3o da \u201cVirada Automobil\u00edstica\u201d, em Birigui"},"content":{"rendered":"<h3 style=\"text-align: center;\">Evento teve dura\u00e7\u00e3o de 48 horas interruptas com atra\u00e7\u00f5es diversas para toda fam\u00edlia.<\/h3>\n<p>O deputado estadual Sebasti\u00e3o Santos participou no final de semana, dias 13 e 14 de maio, da 1\u00aa Virada Automobil\u00edstica, realizado no Kart\u00f3dromo Speed Park, em Birigui, organizado pelo Governo do Estado de S\u00e3o Paulo em conjunto com o Speed Motor Clube. O evento contou com 48 horas de dura\u00e7\u00e3o, com diversas atra\u00e7\u00f5es para toda a fam\u00edlia.<\/p>\n<p>Nas primeiras horas da Virada Automobil\u00edstica foram bem emocionantes. Na pista principal, as primeiras tr\u00eas horas foram de track day de carros e motos, onde alguns motoristas tamb\u00e9m puderam acelerar pela pista com seus carros. Os karts para as crian\u00e7as e o espa\u00e7o de jogos eletr\u00f4nicos e simuladores tamb\u00e9m ficaram dispon\u00edvel para o p\u00fablico.<\/p>\n<p>Durante o evento, foram expostos carros antigos, al\u00e9m do memorial do Automobilismo e atra\u00e7\u00f5es direcionadas as crian\u00e7as como o Kartoon, Dino Park, Speed Drift, Mini Kart El\u00e9trico, Kart Infantil e Senninha.<\/p>\n<p>\u201cO Governo Estadual vem apostando em novas modalidades de esportes para o incentivo da pr\u00e1tica esportiva. A Virada Automobil\u00edstica \u00e9 um exemplo de organiza\u00e7\u00e3o, um espa\u00e7o onde as fam\u00edlias puderam conhecer um pouco sobre carros, al\u00e9m de atividades durante 48 horas para fam\u00edlia se divertir\u201d, explicou Sebasti\u00e3o Santos, durante sua passagem pelo evento<\/p>\n<p>O prefeito de Birigui, Leandro Maffeis, disse sobre a import\u00e2ncia da realiza\u00e7\u00e3o desse evento ao esporte estadual. Ele tamb\u00e9m pontuou sobra a gera\u00e7\u00e3o de emprego e renda para cidade e regi\u00e3o. \u201c\u00c9 muito importante para n\u00f3s ter realizado essas primeira edi\u00e7\u00e3o da Virada Automobil\u00edstica aqui na regi\u00e3o. Nossa cidade e o Speed Park s\u00e3o pioneiros ao receber um evento deste porte, repleto de atra\u00e7\u00f5es para todos e que, al\u00e9m de movimentar o turismo da regi\u00e3o, est\u00e1 gerando mais de 300 empregos\u201d, comentou o Prefeito de Birigui, Leandro Maffeis, durante a cerim\u00f4nia.<\/p>\n<p>Estiveram presentes autoridades locais e estaduais, al\u00e9m do s\u00f3cio propriet\u00e1rio do Speed Park, Ricardo Garcia.<\/p>\n<p>Texto: Abrah\u00e3o Hackme \u2013 Assessoria de imprensa \u2013 Deputado Estadual Sebasti\u00e3o Santos (Republicanos)<br \/>\nFotos: Anyelli Nogueira \u2013 Assessoria de imprensa \u2013 Deputado Estadual Sebasti\u00e3o Santos\u00a0(Republicanos)<\/p>\n","protected":false},"excerpt":{"rendered":"<p>Evento teve dura\u00e7\u00e3o de 48 horas interruptas com atra\u00e7\u00f5es diversas<\/p>\n","protected":false},"author":2,"featured_media":88279,"comment_status":"open","ping_status":"open","sticky":false,"template":"","format":"standard","meta":{"footnotes":""},"categories":[14,111],"tags":[],"class_list":["post-88278","post","type-post","status-publish","format-standard","has-post-thumbnail","hentry","category-barretos","category-cotidiano"],"yoast_head":"<!-- This site is optimized with the Yoast SEO plugin v27.4 - https:\/\/yoast.com\/product\/yoast-seo-wordpress\/ -->\n<title>Deputado Sebasti\u00e3o Santos participa da primeira edi\u00e7\u00e3o da \u201cVirada Automobil\u00edstica\u201d, em Birigui - Regi\u00e3o News<\/title>\n<meta name=\"robots\" content=\"index, follow, max-snippet:-1, max-image-preview:large, max-video-preview:-1\" \/>\n<link rel=\"canonical\" href=\"https:\/\/regiaonews.net.br\/2022\/2023\/05\/16\/deputado-sebastiao-santos-participa-da-primeira-edicao-da-virada-automobilistica-em-birigui\/\" \/>\n<meta property=\"og:locale\" content=\"pt_BR\" \/>\n<meta property=\"og:type\" content=\"article\" \/>\n<meta property=\"og:title\" content=\"Deputado Sebasti\u00e3o Santos participa da primeira edi\u00e7\u00e3o da \u201cVirada Automobil\u00edstica\u201d, em Birigui - Regi\u00e3o News\" \/>\n<meta property=\"og:description\" content=\"Evento teve dura\u00e7\u00e3o de 48 horas interruptas com atra\u00e7\u00f5es diversas\" \/>\n<meta property=\"og:url\" content=\"https:\/\/regiaonews.net.br\/2022\/2023\/05\/16\/deputado-sebastiao-santos-participa-da-primeira-edicao-da-virada-automobilistica-em-birigui\/\" \/>\n<meta property=\"og:site_name\" content=\"Regi\u00e3o News\" \/>\n<meta property=\"article:published_time\" content=\"2023-05-16T23:54:12+00:00\" \/>\n<meta property=\"article:modified_time\" content=\"2023-05-17T00:57:25+00:00\" \/>\n<meta property=\"og:image\" content=\"https:\/\/regiaonews.net.br\/2022\/wp-content\/uploads\/2023\/05\/Imagem-do-WhatsApp-de-2023-05-16-as-13.41.20.jpg\" \/>\n\t<meta property=\"og:image:width\" content=\"1221\" \/>\n\t<meta property=\"og:image:height\" content=\"916\" \/>\n\t<meta property=\"og:image:type\" content=\"image\/jpeg\" \/>\n<meta name=\"author\" content=\"Roberto\" \/>\n<meta name=\"twitter:card\" content=\"summary_large_image\" \/>\n<meta name=\"twitter:label1\" content=\"Escrito por\" \/>\n\t<meta name=\"twitter:data1\" content=\"Roberto\" \/>\n\t<meta name=\"twitter:label2\" content=\"Est. tempo de leitura\" \/>\n\t<meta name=\"twitter:data2\" content=\"2 minutos\" \/>\n<script type=\"application\/ld+json\" class=\"yoast-schema-graph\">{\"@context\":\"https:\\\/\\\/schema.org\",\"@graph\":[{\"@type\":\"Article\",\"@id\":\"https:\\\/\\\/regiaonews.net.br\\\/2022\\\/2023\\\/05\\\/16\\\/deputado-sebastiao-santos-participa-da-primeira-edicao-da-virada-automobilistica-em-birigui\\\/#article\",\"isPartOf\":{\"@id\":\"https:\\\/\\\/regiaonews.net.br\\\/2022\\\/2023\\\/05\\\/16\\\/deputado-sebastiao-santos-participa-da-primeira-edicao-da-virada-automobilistica-em-birigui\\\/\"},\"author\":{\"name\":\"Roberto\",\"@id\":\"https:\\\/\\\/regiaonews.net.br\\\/2022\\\/#\\\/schema\\\/person\\\/2d205a608a5aa97ac279d7a5e6d89ad8\"},\"headline\":\"Deputado Sebasti\u00e3o Santos participa da primeira edi\u00e7\u00e3o da \u201cVirada Automobil\u00edstica\u201d, em Birigui\",\"datePublished\":\"2023-05-16T23:54:12+00:00\",\"dateModified\":\"2023-05-17T00:57:25+00:00\",\"mainEntityOfPage\":{\"@id\":\"https:\\\/\\\/regiaonews.net.br\\\/2022\\\/2023\\\/05\\\/16\\\/deputado-sebastiao-santos-participa-da-primeira-edicao-da-virada-automobilistica-em-birigui\\\/\"},\"wordCount\":393,\"commentCount\":0,\"publisher\":{\"@id\":\"https:\\\/\\\/regiaonews.net.br\\\/2022\\\/#organization\"},\"image\":{\"@id\":\"https:\\\/\\\/regiaonews.net.br\\\/2022\\\/2023\\\/05\\\/16\\\/deputado-sebastiao-santos-participa-da-primeira-edicao-da-virada-automobilistica-em-birigui\\\/#primaryimage\"},\"thumbnailUrl\":\"https:\\\/\\\/regiaonews.net.br\\\/2022\\\/wp-content\\\/uploads\\\/2023\\\/05\\\/Imagem-do-WhatsApp-de-2023-05-16-as-13.41.20.jpg\",\"articleSection\":[\"Barretos\",\"Cotidiano\"],\"inLanguage\":\"pt-BR\",\"potentialAction\":[{\"@type\":\"CommentAction\",\"name\":\"Comment\",\"target\":[\"https:\\\/\\\/regiaonews.net.br\\\/2022\\\/2023\\\/05\\\/16\\\/deputado-sebastiao-santos-participa-da-primeira-edicao-da-virada-automobilistica-em-birigui\\\/#respond\"]}]},{\"@type\":\"WebPage\",\"@id\":\"https:\\\/\\\/regiaonews.net.br\\\/2022\\\/2023\\\/05\\\/16\\\/deputado-sebastiao-santos-participa-da-primeira-edicao-da-virada-automobilistica-em-birigui\\\/\",\"url\":\"https:\\\/\\\/regiaonews.net.br\\\/2022\\\/2023\\\/05\\\/16\\\/deputado-sebastiao-santos-participa-da-primeira-edicao-da-virada-automobilistica-em-birigui\\\/\",\"name\":\"Deputado Sebasti\u00e3o Santos participa da primeira edi\u00e7\u00e3o da \u201cVirada Automobil\u00edstica\u201d, em Birigui - Regi\u00e3o News\",\"isPartOf\":{\"@id\":\"https:\\\/\\\/regiaonews.net.br\\\/2022\\\/#website\"},\"primaryImageOfPage\":{\"@id\":\"https:\\\/\\\/regiaonews.net.br\\\/2022\\\/2023\\\/05\\\/16\\\/deputado-sebastiao-santos-participa-da-primeira-edicao-da-virada-automobilistica-em-birigui\\\/#primaryimage\"},\"image\":{\"@id\":\"https:\\\/\\\/regiaonews.net.br\\\/2022\\\/2023\\\/05\\\/16\\\/deputado-sebastiao-santos-participa-da-primeira-edicao-da-virada-automobilistica-em-birigui\\\/#primaryimage\"},\"thumbnailUrl\":\"https:\\\/\\\/regiaonews.net.br\\\/2022\\\/wp-content\\\/uploads\\\/2023\\\/05\\\/Imagem-do-WhatsApp-de-2023-05-16-as-13.41.20.jpg\",\"datePublished\":\"2023-05-16T23:54:12+00:00\",\"dateModified\":\"2023-05-17T00:57:25+00:00\",\"breadcrumb\":{\"@id\":\"https:\\\/\\\/regiaonews.net.br\\\/2022\\\/2023\\\/05\\\/16\\\/deputado-sebastiao-santos-participa-da-primeira-edicao-da-virada-automobilistica-em-birigui\\\/#breadcrumb\"},\"inLanguage\":\"pt-BR\",\"potentialAction\":[{\"@type\":\"ReadAction\",\"target\":[\"https:\\\/\\\/regiaonews.net.br\\\/2022\\\/2023\\\/05\\\/16\\\/deputado-sebastiao-santos-participa-da-primeira-edicao-da-virada-automobilistica-em-birigui\\\/\"]}]},{\"@type\":\"ImageObject\",\"inLanguage\":\"pt-BR\",\"@id\":\"https:\\\/\\\/regiaonews.net.br\\\/2022\\\/2023\\\/05\\\/16\\\/deputado-sebastiao-santos-participa-da-primeira-edicao-da-virada-automobilistica-em-birigui\\\/#primaryimage\",\"url\":\"https:\\\/\\\/regiaonews.net.br\\\/2022\\\/wp-content\\\/uploads\\\/2023\\\/05\\\/Imagem-do-WhatsApp-de-2023-05-16-as-13.41.20.jpg\",\"contentUrl\":\"https:\\\/\\\/regiaonews.net.br\\\/2022\\\/wp-content\\\/uploads\\\/2023\\\/05\\\/Imagem-do-WhatsApp-de-2023-05-16-as-13.41.20.jpg\",\"width\":1221,\"height\":916},{\"@type\":\"BreadcrumbList\",\"@id\":\"https:\\\/\\\/regiaonews.net.br\\\/2022\\\/2023\\\/05\\\/16\\\/deputado-sebastiao-santos-participa-da-primeira-edicao-da-virada-automobilistica-em-birigui\\\/#breadcrumb\",\"itemListElement\":[{\"@type\":\"ListItem\",\"position\":1,\"name\":\"In\u00edcio\",\"item\":\"https:\\\/\\\/regiaonews.net.br\\\/2022\\\/\"},{\"@type\":\"ListItem\",\"position\":2,\"name\":\"Deputado Sebasti\u00e3o Santos participa da primeira edi\u00e7\u00e3o da \u201cVirada Automobil\u00edstica\u201d, em Birigui\"}]},{\"@type\":\"WebSite\",\"@id\":\"https:\\\/\\\/regiaonews.net.br\\\/2022\\\/#website\",\"url\":\"https:\\\/\\\/regiaonews.net.br\\\/2022\\\/\",\"name\":\"Regi\u00e3o News\",\"description\":\"Site de Not\u00edcias de Barretos e regi\u00e3o\",\"publisher\":{\"@id\":\"https:\\\/\\\/regiaonews.net.br\\\/2022\\\/#organization\"},\"potentialAction\":[{\"@type\":\"SearchAction\",\"target\":{\"@type\":\"EntryPoint\",\"urlTemplate\":\"https:\\\/\\\/regiaonews.net.br\\\/2022\\\/?s={search_term_string}\"},\"query-input\":{\"@type\":\"PropertyValueSpecification\",\"valueRequired\":true,\"valueName\":\"search_term_string\"}}],\"inLanguage\":\"pt-BR\"},{\"@type\":\"Organization\",\"@id\":\"https:\\\/\\\/regiaonews.net.br\\\/2022\\\/#organization\",\"name\":\"Regi\u00e3o News\",\"url\":\"https:\\\/\\\/regiaonews.net.br\\\/2022\\\/\",\"logo\":{\"@type\":\"ImageObject\",\"inLanguage\":\"pt-BR\",\"@id\":\"https:\\\/\\\/regiaonews.net.br\\\/2022\\\/#\\\/schema\\\/logo\\\/image\\\/\",\"url\":\"https:\\\/\\\/regiaonews.net.br\\\/2022\\\/wp-content\\\/uploads\\\/2026\\\/03\\\/regiao-13-anos-scaled.jpg\",\"contentUrl\":\"https:\\\/\\\/regiaonews.net.br\\\/2022\\\/wp-content\\\/uploads\\\/2026\\\/03\\\/regiao-13-anos-scaled.jpg\",\"width\":2560,\"height\":635,\"caption\":\"Regi\u00e3o News\"},\"image\":{\"@id\":\"https:\\\/\\\/regiaonews.net.br\\\/2022\\\/#\\\/schema\\\/logo\\\/image\\\/\"}},{\"@type\":\"Person\",\"@id\":\"https:\\\/\\\/regiaonews.net.br\\\/2022\\\/#\\\/schema\\\/person\\\/2d205a608a5aa97ac279d7a5e6d89ad8\",\"name\":\"Roberto\",\"image\":{\"@type\":\"ImageObject\",\"inLanguage\":\"pt-BR\",\"@id\":\"https:\\\/\\\/secure.gravatar.com\\\/avatar\\\/42749d8b712ff9d59ca93dc150494e5b55a44134482993f5baeb97e61b7ecc89?s=96&d=mm&r=g\",\"url\":\"https:\\\/\\\/secure.gravatar.com\\\/avatar\\\/42749d8b712ff9d59ca93dc150494e5b55a44134482993f5baeb97e61b7ecc89?s=96&d=mm&r=g\",\"contentUrl\":\"https:\\\/\\\/secure.gravatar.com\\\/avatar\\\/42749d8b712ff9d59ca93dc150494e5b55a44134482993f5baeb97e61b7ecc89?s=96&d=mm&r=g\",\"caption\":\"Roberto\"},\"url\":\"https:\\\/\\\/regiaonews.net.br\\\/2022\\\/author\\\/roberto\\\/\"}]}<\/script>\n<!-- \/ Yoast SEO plugin. -->","yoast_head_json":{"title":"Deputado Sebasti\u00e3o Santos participa da primeira edi\u00e7\u00e3o da \u201cVirada Automobil\u00edstica\u201d, em Birigui - Regi\u00e3o News","robots":{"index":"index","follow":"follow","max-snippet":"max-snippet:-1","max-image-preview":"max-image-preview:large","max-video-preview":"max-video-preview:-1"},"canonical":"https:\/\/regiaonews.net.br\/2022\/2023\/05\/16\/deputado-sebastiao-santos-participa-da-primeira-edicao-da-virada-automobilistica-em-birigui\/","og_locale":"pt_BR","og_type":"article","og_title":"Deputado Sebasti\u00e3o Santos participa da primeira edi\u00e7\u00e3o da \u201cVirada Automobil\u00edstica\u201d, em Birigui - Regi\u00e3o News","og_description":"Evento teve dura\u00e7\u00e3o de 48 horas interruptas com atra\u00e7\u00f5es diversas","og_url":"https:\/\/regiaonews.net.br\/2022\/2023\/05\/16\/deputado-sebastiao-santos-participa-da-primeira-edicao-da-virada-automobilistica-em-birigui\/","og_site_name":"Regi\u00e3o News","article_published_time":"2023-05-16T23:54:12+00:00","article_modified_time":"2023-05-17T00:57:25+00:00","og_image":[{"width":1221,"height":916,"url":"https:\/\/regiaonews.net.br\/2022\/wp-content\/uploads\/2023\/05\/Imagem-do-WhatsApp-de-2023-05-16-as-13.41.20.jpg","type":"image\/jpeg"}],"author":"Roberto","twitter_card":"summary_large_image","twitter_misc":{"Escrito por":"Roberto","Est. tempo de leitura":"2 minutos"},"schema":{"@context":"https:\/\/schema.org","@graph":[{"@type":"Article","@id":"https:\/\/regiaonews.net.br\/2022\/2023\/05\/16\/deputado-sebastiao-santos-participa-da-primeira-edicao-da-virada-automobilistica-em-birigui\/#article","isPartOf":{"@id":"https:\/\/regiaonews.net.br\/2022\/2023\/05\/16\/deputado-sebastiao-santos-participa-da-primeira-edicao-da-virada-automobilistica-em-birigui\/"},"author":{"name":"Roberto","@id":"https:\/\/regiaonews.net.br\/2022\/#\/schema\/person\/2d205a608a5aa97ac279d7a5e6d89ad8"},"headline":"Deputado Sebasti\u00e3o Santos participa da primeira edi\u00e7\u00e3o da \u201cVirada Automobil\u00edstica\u201d, em Birigui","datePublished":"2023-05-16T23:54:12+00:00","dateModified":"2023-05-17T00:57:25+00:00","mainEntityOfPage":{"@id":"https:\/\/regiaonews.net.br\/2022\/2023\/05\/16\/deputado-sebastiao-santos-participa-da-primeira-edicao-da-virada-automobilistica-em-birigui\/"},"wordCount":393,"commentCount":0,"publisher":{"@id":"https:\/\/regiaonews.net.br\/2022\/#organization"},"image":{"@id":"https:\/\/regiaonews.net.br\/2022\/2023\/05\/16\/deputado-sebastiao-santos-participa-da-primeira-edicao-da-virada-automobilistica-em-birigui\/#primaryimage"},"thumbnailUrl":"https:\/\/regiaonews.net.br\/2022\/wp-content\/uploads\/2023\/05\/Imagem-do-WhatsApp-de-2023-05-16-as-13.41.20.jpg","articleSection":["Barretos","Cotidiano"],"inLanguage":"pt-BR","potentialAction":[{"@type":"CommentAction","name":"Comment","target":["https:\/\/regiaonews.net.br\/2022\/2023\/05\/16\/deputado-sebastiao-santos-participa-da-primeira-edicao-da-virada-automobilistica-em-birigui\/#respond"]}]},{"@type":"WebPage","@id":"https:\/\/regiaonews.net.br\/2022\/2023\/05\/16\/deputado-sebastiao-santos-participa-da-primeira-edicao-da-virada-automobilistica-em-birigui\/","url":"https:\/\/regiaonews.net.br\/2022\/2023\/05\/16\/deputado-sebastiao-santos-participa-da-primeira-edicao-da-virada-automobilistica-em-birigui\/","name":"Deputado Sebasti\u00e3o Santos participa da primeira edi\u00e7\u00e3o da \u201cVirada Automobil\u00edstica\u201d, em Birigui - Regi\u00e3o News","isPartOf":{"@id":"https:\/\/regiaonews.net.br\/2022\/#website"},"primaryImageOfPage":{"@id":"https:\/\/regiaonews.net.br\/2022\/2023\/05\/16\/deputado-sebastiao-santos-participa-da-primeira-edicao-da-virada-automobilistica-em-birigui\/#primaryimage"},"image":{"@id":"https:\/\/regiaonews.net.br\/2022\/2023\/05\/16\/deputado-sebastiao-santos-participa-da-primeira-edicao-da-virada-automobilistica-em-birigui\/#primaryimage"},"thumbnailUrl":"https:\/\/regiaonews.net.br\/2022\/wp-content\/uploads\/2023\/05\/Imagem-do-WhatsApp-de-2023-05-16-as-13.41.20.jpg","datePublished":"2023-05-16T23:54:12+00:00","dateModified":"2023-05-17T00:57:25+00:00","breadcrumb":{"@id":"https:\/\/regiaonews.net.br\/2022\/2023\/05\/16\/deputado-sebastiao-santos-participa-da-primeira-edicao-da-virada-automobilistica-em-birigui\/#breadcrumb"},"inLanguage":"pt-BR","potentialAction":[{"@type":"ReadAction","target":["https:\/\/regiaonews.net.br\/2022\/2023\/05\/16\/deputado-sebastiao-santos-participa-da-primeira-edicao-da-virada-automobilistica-em-birigui\/"]}]},{"@type":"ImageObject","inLanguage":"pt-BR","@id":"https:\/\/regiaonews.net.br\/2022\/2023\/05\/16\/deputado-sebastiao-santos-participa-da-primeira-edicao-da-virada-automobilistica-em-birigui\/#primaryimage","url":"https:\/\/regiaonews.net.br\/2022\/wp-content\/uploads\/2023\/05\/Imagem-do-WhatsApp-de-2023-05-16-as-13.41.20.jpg","contentUrl":"https:\/\/regiaonews.net.br\/2022\/wp-content\/uploads\/2023\/05\/Imagem-do-WhatsApp-de-2023-05-16-as-13.41.20.jpg","width":1221,"height":916},{"@type":"BreadcrumbList","@id":"https:\/\/regiaonews.net.br\/2022\/2023\/05\/16\/deputado-sebastiao-santos-participa-da-primeira-edicao-da-virada-automobilistica-em-birigui\/#breadcrumb","itemListElement":[{"@type":"ListItem","position":1,"name":"In\u00edcio","item":"https:\/\/regiaonews.net.br\/2022\/"},{"@type":"ListItem","position":2,"name":"Deputado Sebasti\u00e3o Santos participa da primeira edi\u00e7\u00e3o da \u201cVirada Automobil\u00edstica\u201d, em Birigui"}]},{"@type":"WebSite","@id":"https:\/\/regiaonews.net.br\/2022\/#website","url":"https:\/\/regiaonews.net.br\/2022\/","name":"Regi\u00e3o News","description":"Site de Not\u00edcias de Barretos e regi\u00e3o","publisher":{"@id":"https:\/\/regiaonews.net.br\/2022\/#organization"},"potentialAction":[{"@type":"SearchAction","target":{"@type":"EntryPoint","urlTemplate":"https:\/\/regiaonews.net.br\/2022\/?s={search_term_string}"},"query-input":{"@type":"PropertyValueSpecification","valueRequired":true,"valueName":"search_term_string"}}],"inLanguage":"pt-BR"},{"@type":"Organization","@id":"https:\/\/regiaonews.net.br\/2022\/#organization","name":"Regi\u00e3o News","url":"https:\/\/regiaonews.net.br\/2022\/","logo":{"@type":"ImageObject","inLanguage":"pt-BR","@id":"https:\/\/regiaonews.net.br\/2022\/#\/schema\/logo\/image\/","url":"https:\/\/regiaonews.net.br\/2022\/wp-content\/uploads\/2026\/03\/regiao-13-anos-scaled.jpg","contentUrl":"https:\/\/regiaonews.net.br\/2022\/wp-content\/uploads\/2026\/03\/regiao-13-anos-scaled.jpg","width":2560,"height":635,"caption":"Regi\u00e3o News"},"image":{"@id":"https:\/\/regiaonews.net.br\/2022\/#\/schema\/logo\/image\/"}},{"@type":"Person","@id":"https:\/\/regiaonews.net.br\/2022\/#\/schema\/person\/2d205a608a5aa97ac279d7a5e6d89ad8","name":"Roberto","image":{"@type":"ImageObject","inLanguage":"pt-BR","@id":"https:\/\/secure.gravatar.com\/avatar\/42749d8b712ff9d59ca93dc150494e5b55a44134482993f5baeb97e61b7ecc89?s=96&d=mm&r=g","url":"https:\/\/secure.gravatar.com\/avatar\/42749d8b712ff9d59ca93dc150494e5b55a44134482993f5baeb97e61b7ecc89?s=96&d=mm&r=g","contentUrl":"https:\/\/secure.gravatar.com\/avatar\/42749d8b712ff9d59ca93dc150494e5b55a44134482993f5baeb97e61b7ecc89?s=96&d=mm&r=g","caption":"Roberto"},"url":"https:\/\/regiaonews.net.br\/2022\/author\/roberto\/"}]}},"publishpress_future_action":{"enabled":false,"date":"2026-05-04 16:17:57","action":"change-status","newStatus":"draft","terms":[],"taxonomy":"category","extraData":[]},"publishpress_future_workflow_manual_trigger":{"enabledWorkflows":[]},"_links":{"self":[{"href":"https:\/\/regiaonews.net.br\/2022\/wp-json\/wp\/v2\/posts\/88278","targetHints":{"allow":["GET"]}}],"collection":[{"href":"https:\/\/regiaonews.net.br\/2022\/wp-json\/wp\/v2\/posts"}],"about":[{"href":"https:\/\/regiaonews.net.br\/2022\/wp-json\/wp\/v2\/types\/post"}],"author":[{"embeddable":true,"href":"https:\/\/regiaonews.net.br\/2022\/wp-json\/wp\/v2\/users\/2"}],"replies":[{"embeddable":true,"href":"https:\/\/regiaonews.net.br\/2022\/wp-json\/wp\/v2\/comments?post=88278"}],"version-history":[{"count":1,"href":"https:\/\/regiaonews.net.br\/2022\/wp-json\/wp\/v2\/posts\/88278\/revisions"}],"predecessor-version":[{"id":88280,"href":"https:\/\/regiaonews.net.br\/2022\/wp-json\/wp\/v2\/posts\/88278\/revisions\/88280"}],"wp:featuredmedia":[{"embeddable":true,"href":"https:\/\/regiaonews.net.br\/2022\/wp-json\/wp\/v2\/media\/88279"}],"wp:attachment":[{"href":"https:\/\/regiaonews.net.br\/2022\/wp-json\/wp\/v2\/media?parent=88278"}],"wp:term":[{"taxonomy":"category","embeddable":true,"href":"https:\/\/regiaonews.net.br\/2022\/wp-json\/wp\/v2\/categories?post=88278"},{"taxonomy":"post_tag","embeddable":true,"href":"https:\/\/regiaonews.net.br\/2022\/wp-json\/wp\/v2\/tags?post=88278"}],"curies":[{"name":"wp","href":"https:\/\/api.w.org\/{rel}","templated":true}]}}