{"id":88265,"date":"2023-05-16T20:38:56","date_gmt":"2023-05-16T23:38:56","guid":{"rendered":"https:\/\/regiaonews.net.br\/2022\/?p=88265"},"modified":"2023-05-16T20:41:20","modified_gmt":"2023-05-16T23:41:20","slug":"festa-do-peao-de-boiadeiro-de-barretos-anuncia-pre-programacao-das-atracoes-dos-palcos-principais","status":"publish","type":"post","link":"https:\/\/regiaonews.net.br\/2022\/2023\/05\/16\/festa-do-peao-de-boiadeiro-de-barretos-anuncia-pre-programacao-das-atracoes-dos-palcos-principais\/","title":{"rendered":"Festa do Pe\u00e3o de Boiadeiro de Barretos anuncia pr\u00e9-programa\u00e7\u00e3o das atra\u00e7\u00f5es dos palcos principais"},"content":{"rendered":"<p><a href=\"https:\/\/regiaonews.net.br\/2022\/wp-content\/uploads\/2023\/05\/WhatsApp-Image-2023-05-16-at-10.56.38.jpeg\"><img loading=\"lazy\" decoding=\"async\" class=\"alignnone size-medium wp-image-88267\" src=\"https:\/\/regiaonews.net.br\/2022\/wp-content\/uploads\/2023\/05\/WhatsApp-Image-2023-05-16-at-10.56.38-200x300.jpeg\" alt=\"\" width=\"200\" height=\"300\" srcset=\"https:\/\/regiaonews.net.br\/2022\/wp-content\/uploads\/2023\/05\/WhatsApp-Image-2023-05-16-at-10.56.38-200x300.jpeg 200w, https:\/\/regiaonews.net.br\/2022\/wp-content\/uploads\/2023\/05\/WhatsApp-Image-2023-05-16-at-10.56.38-682x1024.jpeg 682w, https:\/\/regiaonews.net.br\/2022\/wp-content\/uploads\/2023\/05\/WhatsApp-Image-2023-05-16-at-10.56.38-768x1153.jpeg 768w, https:\/\/regiaonews.net.br\/2022\/wp-content\/uploads\/2023\/05\/WhatsApp-Image-2023-05-16-at-10.56.38-1023x1536.jpeg 1023w, https:\/\/regiaonews.net.br\/2022\/wp-content\/uploads\/2023\/05\/WhatsApp-Image-2023-05-16-at-10.56.38-250x375.jpeg 250w, https:\/\/regiaonews.net.br\/2022\/wp-content\/uploads\/2023\/05\/WhatsApp-Image-2023-05-16-at-10.56.38.jpeg 1066w\" sizes=\"auto, (max-width: 200px) 100vw, 200px\" \/><\/a><\/p>\n<p>Jerom\u00e3o \u00e9 o monumento localizado na entrada do Parque do Pe\u00e3o que homenageia os competidores de rodeio<\/p>\n<p>Evento prop\u00f5e 24 horas de entretenimento nos 11 dias de Festa; line-up reunir\u00e1 diferentes gera\u00e7\u00f5es da m\u00fasica sertaneja, m\u00fasica eletr\u00f4nica e outros ritmos de 17 a 27 de agosto<\/p>\n<p>Utilizando o monumento em homenagem ao pe\u00e3o de boiadeiro, conhecido como Jerom\u00e3o, como porta-voz, a 68\u00aa Festa do Pe\u00e3o de Barretos (17 a 27 de agosto) anunciou a pr\u00e9-programa\u00e7\u00e3o art\u00edstica dos dois principais palcos do evento: o do Est\u00e1dio de Rodeios e o do Amanhecer.<\/p>\n<p>Mais de 50 shows j\u00e1 est\u00e3o confirmados somente nos dois espa\u00e7os e, segundo os organizadores, durante o evento o p\u00fablico poder\u00e1, ainda, contar com 24 horas de programa\u00e7\u00e3o intensa envolvendo competi\u00e7\u00f5es esportivas, apresenta\u00e7\u00f5es e concursos culturais, gastronomia, atividades para o p\u00fablico infantil, entre outros atrativos.<\/p>\n<p>Universo Sertanejo \u00e9 a base da pr\u00e9-programa\u00e7\u00e3o<br \/>\nNo line-up desta edi\u00e7\u00e3o est\u00e3o desde duplas e cantores consagrados com carreiras consolidadas at\u00e9 as principais revela\u00e7\u00f5es da m\u00fasica sertaneja, promovendo um verdadeiro encontro de gera\u00e7\u00f5es.<\/p>\n<p>No Palco Est\u00e1dio de Rodeios, entre as atra\u00e7\u00f5es est\u00e3o desde os recentes &#8220;fen\u00f4menos&#8221; Mari Fernandez e Ana Castela, at\u00e9 os veteranos Chit\u00e3ozinho &amp; Xoror\u00f3, Jorge &amp; Mateus, Zez\u00e9 Di Camargo &amp; Luciano, Luan Santana, C\u00e9sar Menotti &amp; Fabiano, Z\u00e9 Neto &amp; Cristiano, Bruno &amp; Marrone, Simone Mendes, Jo\u00e3o Bosco &amp; Vin\u00edcius, Eduardo Costa e o projeto Boate Azul das duplas Edson &amp; Hudson e Gian &amp; Giovani.<\/p>\n<p>Novos e badalados nomes tamb\u00e9m n\u00e3o faltam: Hugo &amp; Guilherme, Pedro Sampaio, Matheus &amp; Kauan, Marcos &amp; Belutti, Israel &amp; Rodolffo, Clayton &amp; Rom\u00e1rio com o projeto Amanhecer, \u00cdcaro &amp; Gilmar, Lauana Prado, entre outros. O palco tamb\u00e9m abre espa\u00e7o para outros g\u00eaneros como Menos \u00e9 Mais, Dennis e Alok.<\/p>\n<p>J\u00e1 o Palco Amanhecer recebe em sua superestrutura grandes nomes como Fernando &amp; Sorocaba, Luan Pereira, Rick &amp; Renner, Vini &amp; Lucas, Thales Lessa, Henrique &amp; Diego, Jo\u00e3o Pedro &amp; Cristiano, Trio Parada Dura, Kleo Dibah, Mariana &amp; Mateus, Malifoo, Kaique &amp; Felipe, Pedro Paulo &amp; Alex, Bruno &amp; Barreto, Mateus &amp; Cristiano, Lucas Reis &amp; Th\u00e1cio, Carvalho &amp; Mariano, Nando Moreno, Maria Cec\u00edlia &amp; Rodolfo, Gustavo Moura &amp; Rafael, Felipe &amp; Rodrigo, Z\u00e9 Ricardo &amp; Thiago, Bruno Rosa, Jefferson Moraes, Diego &amp; Arnaldo e Fiduma &amp; Jeca.<\/p>\n<p>&#8220;Barretos \u00e9 uma experi\u00eancia completa onde o turista tem em 2 milh\u00f5es de metros quadrados de Parque do Pe\u00e3o tudo o que precisa para se divertir&#8221;, explica o presidente da Festa, Hussein Gemha Junior. Ele cita que o evento ainda ter\u00e1 grade de shows nos palcos Ra\u00edzes Sertanejas e Culturando, al\u00e9m do palco da \u00e1rea de camping que recebe apresenta\u00e7\u00f5es exclusivas para quem est\u00e1 hospedado no espa\u00e7o.<\/p>\n<p>Abaixo, a pr\u00e9-programa\u00e7\u00e3o por dia:<br \/>\nDia 17 (quinta-feira)<br \/>\nEst\u00e1dio<br \/>\nSimone Mendes<br \/>\nMari Fernandez<br \/>\nIsrael &amp; Rodolffo<\/p>\n<p>Dia 18 (sexta-feira)<br \/>\nEst\u00e1dio<br \/>\nC\u00e9sar Menotti &amp; Fabiano<br \/>\nMenos \u00e9 Mais<br \/>\nZ\u00e9 Neto &amp; Cristiano<br \/>\nPedro Sampaio<\/p>\n<p>Amanhecer<br \/>\nVini &amp; Lucas<br \/>\nThales Lessa<br \/>\nHenrique &amp; Diego<br \/>\nMalifoo<\/p>\n<p>Dia 19 (s\u00e1bado)<br \/>\nEst\u00e1dio<br \/>\nEduardo Costa<br \/>\nLuan Santana<br \/>\nHugo &amp; Guilherme<br \/>\nDennis<\/p>\n<p>Amanhecer<br \/>\nFernando &amp; Sorocaba<br \/>\nJo\u00e3o Pedro &amp; Cristiano<br \/>\nTrio Parada Dura<br \/>\nKleo Dibah<br \/>\nOpen Farra<\/p>\n<p>Dia 20 (domingo)<br \/>\nEst\u00e1dio<br \/>\nJo\u00e3o Bosco &amp; Vin\u00edcius<br \/>\nLauana Prado<br \/>\nMarcos &amp; Belutti<\/p>\n<p>Dia 21 (segunda-feira)<br \/>\nAmanhecer<br \/>\nMariana &amp; Mateus<br \/>\nKaique &amp; Felipe<br \/>\nPedro Paulo &amp; Alex<\/p>\n<p>Dia 22 (ter\u00e7a-feira)<br \/>\nAmanhecer<br \/>\nBruno &amp; Barreto<br \/>\nMateus &amp; Cristiano<\/p>\n<p>Dia 23 (quarta-feira)<br \/>\nEst\u00e1dio<br \/>\nEdson &amp; Hudson<br \/>\nGian &amp; Giovani<br \/>\ncom projeto Boate Azul<\/p>\n<p>Amanhecer<br \/>\nLucas Reis &amp; Th\u00e1cio<\/p>\n<p>Dia 24 (quinta-feira)<br \/>\nEst\u00e1dio<br \/>\nZez\u00e9 Di Camargo &amp; Luciano<br \/>\nBruno &amp; Marrone<br \/>\n\u00cdcaro &amp; Gilmar<\/p>\n<p>Amanhecer<br \/>\nFiduma &amp; Jeca<br \/>\nCarvalho &amp; Mariano<br \/>\nNando Moreno<\/p>\n<p>Dia 25 (sexta-feira)<br \/>\nEst\u00e1dio<br \/>\nMatheus &amp; Kauan<br \/>\nAna Castela<br \/>\nAlok<\/p>\n<p>Amanhecer<br \/>\nMaria Cec\u00edlia &amp; Rodolfo<br \/>\nGustavo Moura &amp; Rafael<br \/>\nFelipe &amp; Rodrigo<br \/>\nLuan Pereira<\/p>\n<p>Dia 26 (s\u00e1bado)<br \/>\nEst\u00e1dio<br \/>\nChit\u00e3ozinho &amp; Xoror\u00f3<br \/>\nJorge &amp; Mateus<br \/>\nClayton &amp; Rom\u00e1rio<\/p>\n<p>Amanhecer<br \/>\nZ\u00e9 Ricardo &amp; Thiago<br \/>\nBruno Rosa<br \/>\nJefferson Moraes<br \/>\nDiego &amp; Arnaldo<br \/>\nRick &amp; Renner<\/p>\n<p>Ingressos<br \/>\nOs ingressos para a 68\u00aa Festa do Pe\u00e3o de Barretos est\u00e3o \u00e0 venda atrav\u00e9s do site oficial e pelo https:\/\/barretos.totalacesso.com\/.<br \/>\nOs setores dispon\u00edveis s\u00e3o: Parque\/Rodeio\/Show (acesso comum), setores vips como Pista Gold, Pista Prime, \u00c1rea Vip, Camarote Brahma, Camarote Arena Premium, Camarote Open Super Bull, Stage Prime e Camarote da Gente, al\u00e9m da \u00e1rea de camping. Os ingressos para estes setores garantem acesso aos shows e competi\u00e7\u00f5es realizados no Est\u00e1dio de Rodeios, Palco Amanhecer e demais palcos e atra\u00e7\u00f5es espalhados pela Feira Comercial.<\/p>\n<p>Confira a programa\u00e7\u00e3o completa no site oficial de Os Independentes (https:\/\/www.independentes.com.br\/festadopeao\/inicio)<\/p>\n<p><a href=\"https:\/\/regiaonews.net.br\/2022\/wp-content\/uploads\/2023\/05\/WhatsApp-Image-2023-05-16-at-10.56.38-1.jpeg\"><img loading=\"lazy\" decoding=\"async\" class=\"alignnone size-medium wp-image-88266\" src=\"https:\/\/regiaonews.net.br\/2022\/wp-content\/uploads\/2023\/05\/WhatsApp-Image-2023-05-16-at-10.56.38-1-300x200.jpeg\" alt=\"\" width=\"300\" height=\"200\" srcset=\"https:\/\/regiaonews.net.br\/2022\/wp-content\/uploads\/2023\/05\/WhatsApp-Image-2023-05-16-at-10.56.38-1-300x200.jpeg 300w, https:\/\/regiaonews.net.br\/2022\/wp-content\/uploads\/2023\/05\/WhatsApp-Image-2023-05-16-at-10.56.38-1-1024x682.jpeg 1024w, https:\/\/regiaonews.net.br\/2022\/wp-content\/uploads\/2023\/05\/WhatsApp-Image-2023-05-16-at-10.56.38-1-768x512.jpeg 768w, https:\/\/regiaonews.net.br\/2022\/wp-content\/uploads\/2023\/05\/WhatsApp-Image-2023-05-16-at-10.56.38-1-1536x1023.jpeg 1536w, https:\/\/regiaonews.net.br\/2022\/wp-content\/uploads\/2023\/05\/WhatsApp-Image-2023-05-16-at-10.56.38-1-250x167.jpeg 250w, https:\/\/regiaonews.net.br\/2022\/wp-content\/uploads\/2023\/05\/WhatsApp-Image-2023-05-16-at-10.56.38-1-900x600.jpeg 900w, https:\/\/regiaonews.net.br\/2022\/wp-content\/uploads\/2023\/05\/WhatsApp-Image-2023-05-16-at-10.56.38-1.jpeg 1600w\" sizes=\"auto, (max-width: 300px) 100vw, 300px\" \/><\/a><\/p>\n<p>Foto\u00a0 :\u00a0 Est\u00e1dio de Rodeios \u00e9 um dos palcos principais da Festa do Pe\u00e3o de Barretos (Cr\u00e9dito &#8211; Leandro Joaquim)<\/p>\n","protected":false},"excerpt":{"rendered":"<p>Jerom\u00e3o \u00e9 o monumento localizado na entrada do Parque do<\/p>\n","protected":false},"author":2,"featured_media":88266,"comment_status":"open","ping_status":"open","sticky":false,"template":"","format":"standard","meta":{"footnotes":""},"categories":[14,25],"tags":[],"class_list":["post-88265","post","type-post","status-publish","format-standard","has-post-thumbnail","hentry","category-barretos","category-cidades"],"yoast_head":"<!-- This site is optimized with the Yoast SEO plugin v27.4 - https:\/\/yoast.com\/product\/yoast-seo-wordpress\/ -->\n<title>Festa do Pe\u00e3o de Boiadeiro de Barretos anuncia pr\u00e9-programa\u00e7\u00e3o das atra\u00e7\u00f5es dos palcos principais - Regi\u00e3o News<\/title>\n<meta name=\"robots\" content=\"index, follow, max-snippet:-1, max-image-preview:large, max-video-preview:-1\" \/>\n<link rel=\"canonical\" href=\"https:\/\/regiaonews.net.br\/2022\/2023\/05\/16\/festa-do-peao-de-boiadeiro-de-barretos-anuncia-pre-programacao-das-atracoes-dos-palcos-principais\/\" \/>\n<meta property=\"og:locale\" content=\"pt_BR\" \/>\n<meta property=\"og:type\" content=\"article\" \/>\n<meta property=\"og:title\" content=\"Festa do Pe\u00e3o de Boiadeiro de Barretos anuncia pr\u00e9-programa\u00e7\u00e3o das atra\u00e7\u00f5es dos palcos principais - Regi\u00e3o News\" \/>\n<meta property=\"og:description\" content=\"Jerom\u00e3o \u00e9 o monumento localizado na entrada do Parque do\" \/>\n<meta property=\"og:url\" content=\"https:\/\/regiaonews.net.br\/2022\/2023\/05\/16\/festa-do-peao-de-boiadeiro-de-barretos-anuncia-pre-programacao-das-atracoes-dos-palcos-principais\/\" \/>\n<meta property=\"og:site_name\" content=\"Regi\u00e3o News\" \/>\n<meta property=\"article:published_time\" content=\"2023-05-16T23:38:56+00:00\" \/>\n<meta property=\"article:modified_time\" content=\"2023-05-16T23:41:20+00:00\" \/>\n<meta property=\"og:image\" content=\"https:\/\/regiaonews.net.br\/2022\/wp-content\/uploads\/2023\/05\/WhatsApp-Image-2023-05-16-at-10.56.38-1.jpeg\" \/>\n\t<meta property=\"og:image:width\" content=\"1600\" \/>\n\t<meta property=\"og:image:height\" content=\"1066\" \/>\n\t<meta property=\"og:image:type\" content=\"image\/jpeg\" \/>\n<meta name=\"author\" content=\"Roberto\" \/>\n<meta name=\"twitter:card\" content=\"summary_large_image\" \/>\n<meta name=\"twitter:label1\" content=\"Escrito por\" \/>\n\t<meta name=\"twitter:data1\" content=\"Roberto\" \/>\n\t<meta name=\"twitter:label2\" content=\"Est. tempo de leitura\" \/>\n\t<meta name=\"twitter:data2\" content=\"5 minutos\" \/>\n<script type=\"application\/ld+json\" class=\"yoast-schema-graph\">{\"@context\":\"https:\\\/\\\/schema.org\",\"@graph\":[{\"@type\":\"Article\",\"@id\":\"https:\\\/\\\/regiaonews.net.br\\\/2022\\\/2023\\\/05\\\/16\\\/festa-do-peao-de-boiadeiro-de-barretos-anuncia-pre-programacao-das-atracoes-dos-palcos-principais\\\/#article\",\"isPartOf\":{\"@id\":\"https:\\\/\\\/regiaonews.net.br\\\/2022\\\/2023\\\/05\\\/16\\\/festa-do-peao-de-boiadeiro-de-barretos-anuncia-pre-programacao-das-atracoes-dos-palcos-principais\\\/\"},\"author\":{\"name\":\"Roberto\",\"@id\":\"https:\\\/\\\/regiaonews.net.br\\\/2022\\\/#\\\/schema\\\/person\\\/2d205a608a5aa97ac279d7a5e6d89ad8\"},\"headline\":\"Festa do Pe\u00e3o de Boiadeiro de Barretos anuncia pr\u00e9-programa\u00e7\u00e3o das atra\u00e7\u00f5es dos palcos principais\",\"datePublished\":\"2023-05-16T23:38:56+00:00\",\"dateModified\":\"2023-05-16T23:41:20+00:00\",\"mainEntityOfPage\":{\"@id\":\"https:\\\/\\\/regiaonews.net.br\\\/2022\\\/2023\\\/05\\\/16\\\/festa-do-peao-de-boiadeiro-de-barretos-anuncia-pre-programacao-das-atracoes-dos-palcos-principais\\\/\"},\"wordCount\":844,\"commentCount\":0,\"publisher\":{\"@id\":\"https:\\\/\\\/regiaonews.net.br\\\/2022\\\/#organization\"},\"image\":{\"@id\":\"https:\\\/\\\/regiaonews.net.br\\\/2022\\\/2023\\\/05\\\/16\\\/festa-do-peao-de-boiadeiro-de-barretos-anuncia-pre-programacao-das-atracoes-dos-palcos-principais\\\/#primaryimage\"},\"thumbnailUrl\":\"https:\\\/\\\/regiaonews.net.br\\\/2022\\\/wp-content\\\/uploads\\\/2023\\\/05\\\/WhatsApp-Image-2023-05-16-at-10.56.38-1.jpeg\",\"articleSection\":[\"Barretos\",\"Cidades\"],\"inLanguage\":\"pt-BR\",\"potentialAction\":[{\"@type\":\"CommentAction\",\"name\":\"Comment\",\"target\":[\"https:\\\/\\\/regiaonews.net.br\\\/2022\\\/2023\\\/05\\\/16\\\/festa-do-peao-de-boiadeiro-de-barretos-anuncia-pre-programacao-das-atracoes-dos-palcos-principais\\\/#respond\"]}]},{\"@type\":\"WebPage\",\"@id\":\"https:\\\/\\\/regiaonews.net.br\\\/2022\\\/2023\\\/05\\\/16\\\/festa-do-peao-de-boiadeiro-de-barretos-anuncia-pre-programacao-das-atracoes-dos-palcos-principais\\\/\",\"url\":\"https:\\\/\\\/regiaonews.net.br\\\/2022\\\/2023\\\/05\\\/16\\\/festa-do-peao-de-boiadeiro-de-barretos-anuncia-pre-programacao-das-atracoes-dos-palcos-principais\\\/\",\"name\":\"Festa do Pe\u00e3o de Boiadeiro de Barretos anuncia pr\u00e9-programa\u00e7\u00e3o das atra\u00e7\u00f5es dos palcos principais - Regi\u00e3o News\",\"isPartOf\":{\"@id\":\"https:\\\/\\\/regiaonews.net.br\\\/2022\\\/#website\"},\"primaryImageOfPage\":{\"@id\":\"https:\\\/\\\/regiaonews.net.br\\\/2022\\\/2023\\\/05\\\/16\\\/festa-do-peao-de-boiadeiro-de-barretos-anuncia-pre-programacao-das-atracoes-dos-palcos-principais\\\/#primaryimage\"},\"image\":{\"@id\":\"https:\\\/\\\/regiaonews.net.br\\\/2022\\\/2023\\\/05\\\/16\\\/festa-do-peao-de-boiadeiro-de-barretos-anuncia-pre-programacao-das-atracoes-dos-palcos-principais\\\/#primaryimage\"},\"thumbnailUrl\":\"https:\\\/\\\/regiaonews.net.br\\\/2022\\\/wp-content\\\/uploads\\\/2023\\\/05\\\/WhatsApp-Image-2023-05-16-at-10.56.38-1.jpeg\",\"datePublished\":\"2023-05-16T23:38:56+00:00\",\"dateModified\":\"2023-05-16T23:41:20+00:00\",\"breadcrumb\":{\"@id\":\"https:\\\/\\\/regiaonews.net.br\\\/2022\\\/2023\\\/05\\\/16\\\/festa-do-peao-de-boiadeiro-de-barretos-anuncia-pre-programacao-das-atracoes-dos-palcos-principais\\\/#breadcrumb\"},\"inLanguage\":\"pt-BR\",\"potentialAction\":[{\"@type\":\"ReadAction\",\"target\":[\"https:\\\/\\\/regiaonews.net.br\\\/2022\\\/2023\\\/05\\\/16\\\/festa-do-peao-de-boiadeiro-de-barretos-anuncia-pre-programacao-das-atracoes-dos-palcos-principais\\\/\"]}]},{\"@type\":\"ImageObject\",\"inLanguage\":\"pt-BR\",\"@id\":\"https:\\\/\\\/regiaonews.net.br\\\/2022\\\/2023\\\/05\\\/16\\\/festa-do-peao-de-boiadeiro-de-barretos-anuncia-pre-programacao-das-atracoes-dos-palcos-principais\\\/#primaryimage\",\"url\":\"https:\\\/\\\/regiaonews.net.br\\\/2022\\\/wp-content\\\/uploads\\\/2023\\\/05\\\/WhatsApp-Image-2023-05-16-at-10.56.38-1.jpeg\",\"contentUrl\":\"https:\\\/\\\/regiaonews.net.br\\\/2022\\\/wp-content\\\/uploads\\\/2023\\\/05\\\/WhatsApp-Image-2023-05-16-at-10.56.38-1.jpeg\",\"width\":1600,\"height\":1066},{\"@type\":\"BreadcrumbList\",\"@id\":\"https:\\\/\\\/regiaonews.net.br\\\/2022\\\/2023\\\/05\\\/16\\\/festa-do-peao-de-boiadeiro-de-barretos-anuncia-pre-programacao-das-atracoes-dos-palcos-principais\\\/#breadcrumb\",\"itemListElement\":[{\"@type\":\"ListItem\",\"position\":1,\"name\":\"In\u00edcio\",\"item\":\"https:\\\/\\\/regiaonews.net.br\\\/2022\\\/\"},{\"@type\":\"ListItem\",\"position\":2,\"name\":\"Festa do Pe\u00e3o de Boiadeiro de Barretos anuncia pr\u00e9-programa\u00e7\u00e3o das atra\u00e7\u00f5es dos palcos principais\"}]},{\"@type\":\"WebSite\",\"@id\":\"https:\\\/\\\/regiaonews.net.br\\\/2022\\\/#website\",\"url\":\"https:\\\/\\\/regiaonews.net.br\\\/2022\\\/\",\"name\":\"Regi\u00e3o News\",\"description\":\"Site de Not\u00edcias de Barretos e regi\u00e3o\",\"publisher\":{\"@id\":\"https:\\\/\\\/regiaonews.net.br\\\/2022\\\/#organization\"},\"potentialAction\":[{\"@type\":\"SearchAction\",\"target\":{\"@type\":\"EntryPoint\",\"urlTemplate\":\"https:\\\/\\\/regiaonews.net.br\\\/2022\\\/?s={search_term_string}\"},\"query-input\":{\"@type\":\"PropertyValueSpecification\",\"valueRequired\":true,\"valueName\":\"search_term_string\"}}],\"inLanguage\":\"pt-BR\"},{\"@type\":\"Organization\",\"@id\":\"https:\\\/\\\/regiaonews.net.br\\\/2022\\\/#organization\",\"name\":\"Regi\u00e3o News\",\"url\":\"https:\\\/\\\/regiaonews.net.br\\\/2022\\\/\",\"logo\":{\"@type\":\"ImageObject\",\"inLanguage\":\"pt-BR\",\"@id\":\"https:\\\/\\\/regiaonews.net.br\\\/2022\\\/#\\\/schema\\\/logo\\\/image\\\/\",\"url\":\"https:\\\/\\\/regiaonews.net.br\\\/2022\\\/wp-content\\\/uploads\\\/2026\\\/03\\\/regiao-13-anos-scaled.jpg\",\"contentUrl\":\"https:\\\/\\\/regiaonews.net.br\\\/2022\\\/wp-content\\\/uploads\\\/2026\\\/03\\\/regiao-13-anos-scaled.jpg\",\"width\":2560,\"height\":635,\"caption\":\"Regi\u00e3o News\"},\"image\":{\"@id\":\"https:\\\/\\\/regiaonews.net.br\\\/2022\\\/#\\\/schema\\\/logo\\\/image\\\/\"}},{\"@type\":\"Person\",\"@id\":\"https:\\\/\\\/regiaonews.net.br\\\/2022\\\/#\\\/schema\\\/person\\\/2d205a608a5aa97ac279d7a5e6d89ad8\",\"name\":\"Roberto\",\"image\":{\"@type\":\"ImageObject\",\"inLanguage\":\"pt-BR\",\"@id\":\"https:\\\/\\\/secure.gravatar.com\\\/avatar\\\/42749d8b712ff9d59ca93dc150494e5b55a44134482993f5baeb97e61b7ecc89?s=96&d=mm&r=g\",\"url\":\"https:\\\/\\\/secure.gravatar.com\\\/avatar\\\/42749d8b712ff9d59ca93dc150494e5b55a44134482993f5baeb97e61b7ecc89?s=96&d=mm&r=g\",\"contentUrl\":\"https:\\\/\\\/secure.gravatar.com\\\/avatar\\\/42749d8b712ff9d59ca93dc150494e5b55a44134482993f5baeb97e61b7ecc89?s=96&d=mm&r=g\",\"caption\":\"Roberto\"},\"url\":\"https:\\\/\\\/regiaonews.net.br\\\/2022\\\/author\\\/roberto\\\/\"}]}<\/script>\n<!-- \/ Yoast SEO plugin. -->","yoast_head_json":{"title":"Festa do Pe\u00e3o de Boiadeiro de Barretos anuncia pr\u00e9-programa\u00e7\u00e3o das atra\u00e7\u00f5es dos palcos principais - Regi\u00e3o News","robots":{"index":"index","follow":"follow","max-snippet":"max-snippet:-1","max-image-preview":"max-image-preview:large","max-video-preview":"max-video-preview:-1"},"canonical":"https:\/\/regiaonews.net.br\/2022\/2023\/05\/16\/festa-do-peao-de-boiadeiro-de-barretos-anuncia-pre-programacao-das-atracoes-dos-palcos-principais\/","og_locale":"pt_BR","og_type":"article","og_title":"Festa do Pe\u00e3o de Boiadeiro de Barretos anuncia pr\u00e9-programa\u00e7\u00e3o das atra\u00e7\u00f5es dos palcos principais - Regi\u00e3o News","og_description":"Jerom\u00e3o \u00e9 o monumento localizado na entrada do Parque do","og_url":"https:\/\/regiaonews.net.br\/2022\/2023\/05\/16\/festa-do-peao-de-boiadeiro-de-barretos-anuncia-pre-programacao-das-atracoes-dos-palcos-principais\/","og_site_name":"Regi\u00e3o News","article_published_time":"2023-05-16T23:38:56+00:00","article_modified_time":"2023-05-16T23:41:20+00:00","og_image":[{"width":1600,"height":1066,"url":"https:\/\/regiaonews.net.br\/2022\/wp-content\/uploads\/2023\/05\/WhatsApp-Image-2023-05-16-at-10.56.38-1.jpeg","type":"image\/jpeg"}],"author":"Roberto","twitter_card":"summary_large_image","twitter_misc":{"Escrito por":"Roberto","Est. tempo de leitura":"5 minutos"},"schema":{"@context":"https:\/\/schema.org","@graph":[{"@type":"Article","@id":"https:\/\/regiaonews.net.br\/2022\/2023\/05\/16\/festa-do-peao-de-boiadeiro-de-barretos-anuncia-pre-programacao-das-atracoes-dos-palcos-principais\/#article","isPartOf":{"@id":"https:\/\/regiaonews.net.br\/2022\/2023\/05\/16\/festa-do-peao-de-boiadeiro-de-barretos-anuncia-pre-programacao-das-atracoes-dos-palcos-principais\/"},"author":{"name":"Roberto","@id":"https:\/\/regiaonews.net.br\/2022\/#\/schema\/person\/2d205a608a5aa97ac279d7a5e6d89ad8"},"headline":"Festa do Pe\u00e3o de Boiadeiro de Barretos anuncia pr\u00e9-programa\u00e7\u00e3o das atra\u00e7\u00f5es dos palcos principais","datePublished":"2023-05-16T23:38:56+00:00","dateModified":"2023-05-16T23:41:20+00:00","mainEntityOfPage":{"@id":"https:\/\/regiaonews.net.br\/2022\/2023\/05\/16\/festa-do-peao-de-boiadeiro-de-barretos-anuncia-pre-programacao-das-atracoes-dos-palcos-principais\/"},"wordCount":844,"commentCount":0,"publisher":{"@id":"https:\/\/regiaonews.net.br\/2022\/#organization"},"image":{"@id":"https:\/\/regiaonews.net.br\/2022\/2023\/05\/16\/festa-do-peao-de-boiadeiro-de-barretos-anuncia-pre-programacao-das-atracoes-dos-palcos-principais\/#primaryimage"},"thumbnailUrl":"https:\/\/regiaonews.net.br\/2022\/wp-content\/uploads\/2023\/05\/WhatsApp-Image-2023-05-16-at-10.56.38-1.jpeg","articleSection":["Barretos","Cidades"],"inLanguage":"pt-BR","potentialAction":[{"@type":"CommentAction","name":"Comment","target":["https:\/\/regiaonews.net.br\/2022\/2023\/05\/16\/festa-do-peao-de-boiadeiro-de-barretos-anuncia-pre-programacao-das-atracoes-dos-palcos-principais\/#respond"]}]},{"@type":"WebPage","@id":"https:\/\/regiaonews.net.br\/2022\/2023\/05\/16\/festa-do-peao-de-boiadeiro-de-barretos-anuncia-pre-programacao-das-atracoes-dos-palcos-principais\/","url":"https:\/\/regiaonews.net.br\/2022\/2023\/05\/16\/festa-do-peao-de-boiadeiro-de-barretos-anuncia-pre-programacao-das-atracoes-dos-palcos-principais\/","name":"Festa do Pe\u00e3o de Boiadeiro de Barretos anuncia pr\u00e9-programa\u00e7\u00e3o das atra\u00e7\u00f5es dos palcos principais - Regi\u00e3o News","isPartOf":{"@id":"https:\/\/regiaonews.net.br\/2022\/#website"},"primaryImageOfPage":{"@id":"https:\/\/regiaonews.net.br\/2022\/2023\/05\/16\/festa-do-peao-de-boiadeiro-de-barretos-anuncia-pre-programacao-das-atracoes-dos-palcos-principais\/#primaryimage"},"image":{"@id":"https:\/\/regiaonews.net.br\/2022\/2023\/05\/16\/festa-do-peao-de-boiadeiro-de-barretos-anuncia-pre-programacao-das-atracoes-dos-palcos-principais\/#primaryimage"},"thumbnailUrl":"https:\/\/regiaonews.net.br\/2022\/wp-content\/uploads\/2023\/05\/WhatsApp-Image-2023-05-16-at-10.56.38-1.jpeg","datePublished":"2023-05-16T23:38:56+00:00","dateModified":"2023-05-16T23:41:20+00:00","breadcrumb":{"@id":"https:\/\/regiaonews.net.br\/2022\/2023\/05\/16\/festa-do-peao-de-boiadeiro-de-barretos-anuncia-pre-programacao-das-atracoes-dos-palcos-principais\/#breadcrumb"},"inLanguage":"pt-BR","potentialAction":[{"@type":"ReadAction","target":["https:\/\/regiaonews.net.br\/2022\/2023\/05\/16\/festa-do-peao-de-boiadeiro-de-barretos-anuncia-pre-programacao-das-atracoes-dos-palcos-principais\/"]}]},{"@type":"ImageObject","inLanguage":"pt-BR","@id":"https:\/\/regiaonews.net.br\/2022\/2023\/05\/16\/festa-do-peao-de-boiadeiro-de-barretos-anuncia-pre-programacao-das-atracoes-dos-palcos-principais\/#primaryimage","url":"https:\/\/regiaonews.net.br\/2022\/wp-content\/uploads\/2023\/05\/WhatsApp-Image-2023-05-16-at-10.56.38-1.jpeg","contentUrl":"https:\/\/regiaonews.net.br\/2022\/wp-content\/uploads\/2023\/05\/WhatsApp-Image-2023-05-16-at-10.56.38-1.jpeg","width":1600,"height":1066},{"@type":"BreadcrumbList","@id":"https:\/\/regiaonews.net.br\/2022\/2023\/05\/16\/festa-do-peao-de-boiadeiro-de-barretos-anuncia-pre-programacao-das-atracoes-dos-palcos-principais\/#breadcrumb","itemListElement":[{"@type":"ListItem","position":1,"name":"In\u00edcio","item":"https:\/\/regiaonews.net.br\/2022\/"},{"@type":"ListItem","position":2,"name":"Festa do Pe\u00e3o de Boiadeiro de Barretos anuncia pr\u00e9-programa\u00e7\u00e3o das atra\u00e7\u00f5es dos palcos principais"}]},{"@type":"WebSite","@id":"https:\/\/regiaonews.net.br\/2022\/#website","url":"https:\/\/regiaonews.net.br\/2022\/","name":"Regi\u00e3o News","description":"Site de Not\u00edcias de Barretos e regi\u00e3o","publisher":{"@id":"https:\/\/regiaonews.net.br\/2022\/#organization"},"potentialAction":[{"@type":"SearchAction","target":{"@type":"EntryPoint","urlTemplate":"https:\/\/regiaonews.net.br\/2022\/?s={search_term_string}"},"query-input":{"@type":"PropertyValueSpecification","valueRequired":true,"valueName":"search_term_string"}}],"inLanguage":"pt-BR"},{"@type":"Organization","@id":"https:\/\/regiaonews.net.br\/2022\/#organization","name":"Regi\u00e3o News","url":"https:\/\/regiaonews.net.br\/2022\/","logo":{"@type":"ImageObject","inLanguage":"pt-BR","@id":"https:\/\/regiaonews.net.br\/2022\/#\/schema\/logo\/image\/","url":"https:\/\/regiaonews.net.br\/2022\/wp-content\/uploads\/2026\/03\/regiao-13-anos-scaled.jpg","contentUrl":"https:\/\/regiaonews.net.br\/2022\/wp-content\/uploads\/2026\/03\/regiao-13-anos-scaled.jpg","width":2560,"height":635,"caption":"Regi\u00e3o News"},"image":{"@id":"https:\/\/regiaonews.net.br\/2022\/#\/schema\/logo\/image\/"}},{"@type":"Person","@id":"https:\/\/regiaonews.net.br\/2022\/#\/schema\/person\/2d205a608a5aa97ac279d7a5e6d89ad8","name":"Roberto","image":{"@type":"ImageObject","inLanguage":"pt-BR","@id":"https:\/\/secure.gravatar.com\/avatar\/42749d8b712ff9d59ca93dc150494e5b55a44134482993f5baeb97e61b7ecc89?s=96&d=mm&r=g","url":"https:\/\/secure.gravatar.com\/avatar\/42749d8b712ff9d59ca93dc150494e5b55a44134482993f5baeb97e61b7ecc89?s=96&d=mm&r=g","contentUrl":"https:\/\/secure.gravatar.com\/avatar\/42749d8b712ff9d59ca93dc150494e5b55a44134482993f5baeb97e61b7ecc89?s=96&d=mm&r=g","caption":"Roberto"},"url":"https:\/\/regiaonews.net.br\/2022\/author\/roberto\/"}]}},"publishpress_future_action":{"enabled":false,"date":"2026-05-04 12:04:20","action":"change-status","newStatus":"draft","terms":[],"taxonomy":"category","extraData":[]},"publishpress_future_workflow_manual_trigger":{"enabledWorkflows":[]},"_links":{"self":[{"href":"https:\/\/regiaonews.net.br\/2022\/wp-json\/wp\/v2\/posts\/88265","targetHints":{"allow":["GET"]}}],"collection":[{"href":"https:\/\/regiaonews.net.br\/2022\/wp-json\/wp\/v2\/posts"}],"about":[{"href":"https:\/\/regiaonews.net.br\/2022\/wp-json\/wp\/v2\/types\/post"}],"author":[{"embeddable":true,"href":"https:\/\/regiaonews.net.br\/2022\/wp-json\/wp\/v2\/users\/2"}],"replies":[{"embeddable":true,"href":"https:\/\/regiaonews.net.br\/2022\/wp-json\/wp\/v2\/comments?post=88265"}],"version-history":[{"count":4,"href":"https:\/\/regiaonews.net.br\/2022\/wp-json\/wp\/v2\/posts\/88265\/revisions"}],"predecessor-version":[{"id":88271,"href":"https:\/\/regiaonews.net.br\/2022\/wp-json\/wp\/v2\/posts\/88265\/revisions\/88271"}],"wp:featuredmedia":[{"embeddable":true,"href":"https:\/\/regiaonews.net.br\/2022\/wp-json\/wp\/v2\/media\/88266"}],"wp:attachment":[{"href":"https:\/\/regiaonews.net.br\/2022\/wp-json\/wp\/v2\/media?parent=88265"}],"wp:term":[{"taxonomy":"category","embeddable":true,"href":"https:\/\/regiaonews.net.br\/2022\/wp-json\/wp\/v2\/categories?post=88265"},{"taxonomy":"post_tag","embeddable":true,"href":"https:\/\/regiaonews.net.br\/2022\/wp-json\/wp\/v2\/tags?post=88265"}],"curies":[{"name":"wp","href":"https:\/\/api.w.org\/{rel}","templated":true}]}}