{"id":88250,"date":"2023-05-16T11:37:40","date_gmt":"2023-05-16T14:37:40","guid":{"rendered":"https:\/\/regiaonews.net.br\/2022\/?p=88250"},"modified":"2023-05-16T11:37:40","modified_gmt":"2023-05-16T14:37:40","slug":"prefeito-de-jaborandi-destaca-andamento-na-vicinal-barretos-jaborandi","status":"publish","type":"post","link":"https:\/\/regiaonews.net.br\/2022\/2023\/05\/16\/prefeito-de-jaborandi-destaca-andamento-na-vicinal-barretos-jaborandi\/","title":{"rendered":"Prefeito de Jaborandi destaca andamento na Vicinal Barretos-Jaborandi"},"content":{"rendered":"<p>As obras de asfaltamento dos 19,2 km da Vicinal Barretos-Jaborandi est\u00e3o em andamento e a previs\u00e3o de entrega \u00e9 at\u00e9 o m\u00eas de agosto, segundo o prefeito de Jaborandi, Silvio Vaz de Almeida. De acordo com o chefe do executivo da vizinha cidade, para ser conclu\u00edda restam 7 km de asfalto em Jaborandi, al\u00e9m da finaliza\u00e7\u00e3o no entorno da ponte que j\u00e1 foi constru\u00edda na liga\u00e7\u00e3o entre as duas cidades. \u201cA previs\u00e3o inicial era de entrega em abril, mas devido \u00e0s chuvas, a empresa pediu prorroga\u00e7\u00e3o do prazo at\u00e9 julho. Acredito que at\u00e9 agosto, essa obra ser\u00e1 entregue\u201d, afirmou Silvinho.<br \/>\nEm Barretos, s\u00e3o 5 km e a estrada vai receber o nome de Chico Lemos e em Jaborandi s\u00e3o 14 km que ter\u00e1 o nome de Tute Vaz de Almeida. \u201cA obra est\u00e1 ficando muito bem feita, com implanta\u00e7\u00e3o de guias, acostamento e toda obra de drenagem\u201d,\u00a0ressaltou\u00a0Vaz.<\/p>\n","protected":false},"excerpt":{"rendered":"<p>As obras de asfaltamento dos 19,2 km da Vicinal Barretos-Jaborandi<\/p>\n","protected":false},"author":2,"featured_media":88251,"comment_status":"open","ping_status":"open","sticky":false,"template":"","format":"standard","meta":{"footnotes":""},"categories":[3,10],"tags":[],"class_list":["post-88250","post","type-post","status-publish","format-standard","has-post-thumbnail","hentry","category-geral","category-jaborandi"],"yoast_head":"<!-- This site is optimized with the Yoast SEO plugin v27.4 - https:\/\/yoast.com\/product\/yoast-seo-wordpress\/ -->\n<title>Prefeito de Jaborandi destaca andamento na Vicinal Barretos-Jaborandi - Regi\u00e3o News<\/title>\n<meta name=\"robots\" content=\"index, follow, max-snippet:-1, max-image-preview:large, max-video-preview:-1\" \/>\n<link rel=\"canonical\" href=\"https:\/\/regiaonews.net.br\/2022\/2023\/05\/16\/prefeito-de-jaborandi-destaca-andamento-na-vicinal-barretos-jaborandi\/\" \/>\n<meta property=\"og:locale\" content=\"pt_BR\" \/>\n<meta property=\"og:type\" content=\"article\" \/>\n<meta property=\"og:title\" content=\"Prefeito de Jaborandi destaca andamento na Vicinal Barretos-Jaborandi - Regi\u00e3o News\" \/>\n<meta property=\"og:description\" content=\"As obras de asfaltamento dos 19,2 km da Vicinal Barretos-Jaborandi\" \/>\n<meta property=\"og:url\" content=\"https:\/\/regiaonews.net.br\/2022\/2023\/05\/16\/prefeito-de-jaborandi-destaca-andamento-na-vicinal-barretos-jaborandi\/\" \/>\n<meta property=\"og:site_name\" content=\"Regi\u00e3o News\" \/>\n<meta property=\"article:published_time\" content=\"2023-05-16T14:37:40+00:00\" \/>\n<meta property=\"og:image\" content=\"https:\/\/regiaonews.net.br\/2022\/wp-content\/uploads\/2023\/05\/Imagem-do-WhatsApp-de-2023-05-16-as-11.09.18.jpg\" \/>\n\t<meta property=\"og:image:width\" content=\"1600\" \/>\n\t<meta property=\"og:image:height\" content=\"900\" \/>\n\t<meta property=\"og:image:type\" content=\"image\/jpeg\" \/>\n<meta name=\"author\" content=\"Roberto\" \/>\n<meta name=\"twitter:card\" content=\"summary_large_image\" \/>\n<meta name=\"twitter:label1\" content=\"Escrito por\" \/>\n\t<meta name=\"twitter:data1\" content=\"Roberto\" \/>\n\t<meta name=\"twitter:label2\" content=\"Est. tempo de leitura\" \/>\n\t<meta name=\"twitter:data2\" content=\"1 minuto\" \/>\n<script type=\"application\/ld+json\" class=\"yoast-schema-graph\">{\"@context\":\"https:\\\/\\\/schema.org\",\"@graph\":[{\"@type\":\"Article\",\"@id\":\"https:\\\/\\\/regiaonews.net.br\\\/2022\\\/2023\\\/05\\\/16\\\/prefeito-de-jaborandi-destaca-andamento-na-vicinal-barretos-jaborandi\\\/#article\",\"isPartOf\":{\"@id\":\"https:\\\/\\\/regiaonews.net.br\\\/2022\\\/2023\\\/05\\\/16\\\/prefeito-de-jaborandi-destaca-andamento-na-vicinal-barretos-jaborandi\\\/\"},\"author\":{\"name\":\"Roberto\",\"@id\":\"https:\\\/\\\/regiaonews.net.br\\\/2022\\\/#\\\/schema\\\/person\\\/2d205a608a5aa97ac279d7a5e6d89ad8\"},\"headline\":\"Prefeito de Jaborandi destaca andamento na Vicinal Barretos-Jaborandi\",\"datePublished\":\"2023-05-16T14:37:40+00:00\",\"mainEntityOfPage\":{\"@id\":\"https:\\\/\\\/regiaonews.net.br\\\/2022\\\/2023\\\/05\\\/16\\\/prefeito-de-jaborandi-destaca-andamento-na-vicinal-barretos-jaborandi\\\/\"},\"wordCount\":165,\"commentCount\":0,\"publisher\":{\"@id\":\"https:\\\/\\\/regiaonews.net.br\\\/2022\\\/#organization\"},\"image\":{\"@id\":\"https:\\\/\\\/regiaonews.net.br\\\/2022\\\/2023\\\/05\\\/16\\\/prefeito-de-jaborandi-destaca-andamento-na-vicinal-barretos-jaborandi\\\/#primaryimage\"},\"thumbnailUrl\":\"https:\\\/\\\/regiaonews.net.br\\\/2022\\\/wp-content\\\/uploads\\\/2023\\\/05\\\/Imagem-do-WhatsApp-de-2023-05-16-as-11.09.18.jpg\",\"articleSection\":[\"Geral\",\"Jaborandi\"],\"inLanguage\":\"pt-BR\",\"potentialAction\":[{\"@type\":\"CommentAction\",\"name\":\"Comment\",\"target\":[\"https:\\\/\\\/regiaonews.net.br\\\/2022\\\/2023\\\/05\\\/16\\\/prefeito-de-jaborandi-destaca-andamento-na-vicinal-barretos-jaborandi\\\/#respond\"]}]},{\"@type\":\"WebPage\",\"@id\":\"https:\\\/\\\/regiaonews.net.br\\\/2022\\\/2023\\\/05\\\/16\\\/prefeito-de-jaborandi-destaca-andamento-na-vicinal-barretos-jaborandi\\\/\",\"url\":\"https:\\\/\\\/regiaonews.net.br\\\/2022\\\/2023\\\/05\\\/16\\\/prefeito-de-jaborandi-destaca-andamento-na-vicinal-barretos-jaborandi\\\/\",\"name\":\"Prefeito de Jaborandi destaca andamento na Vicinal Barretos-Jaborandi - Regi\u00e3o News\",\"isPartOf\":{\"@id\":\"https:\\\/\\\/regiaonews.net.br\\\/2022\\\/#website\"},\"primaryImageOfPage\":{\"@id\":\"https:\\\/\\\/regiaonews.net.br\\\/2022\\\/2023\\\/05\\\/16\\\/prefeito-de-jaborandi-destaca-andamento-na-vicinal-barretos-jaborandi\\\/#primaryimage\"},\"image\":{\"@id\":\"https:\\\/\\\/regiaonews.net.br\\\/2022\\\/2023\\\/05\\\/16\\\/prefeito-de-jaborandi-destaca-andamento-na-vicinal-barretos-jaborandi\\\/#primaryimage\"},\"thumbnailUrl\":\"https:\\\/\\\/regiaonews.net.br\\\/2022\\\/wp-content\\\/uploads\\\/2023\\\/05\\\/Imagem-do-WhatsApp-de-2023-05-16-as-11.09.18.jpg\",\"datePublished\":\"2023-05-16T14:37:40+00:00\",\"breadcrumb\":{\"@id\":\"https:\\\/\\\/regiaonews.net.br\\\/2022\\\/2023\\\/05\\\/16\\\/prefeito-de-jaborandi-destaca-andamento-na-vicinal-barretos-jaborandi\\\/#breadcrumb\"},\"inLanguage\":\"pt-BR\",\"potentialAction\":[{\"@type\":\"ReadAction\",\"target\":[\"https:\\\/\\\/regiaonews.net.br\\\/2022\\\/2023\\\/05\\\/16\\\/prefeito-de-jaborandi-destaca-andamento-na-vicinal-barretos-jaborandi\\\/\"]}]},{\"@type\":\"ImageObject\",\"inLanguage\":\"pt-BR\",\"@id\":\"https:\\\/\\\/regiaonews.net.br\\\/2022\\\/2023\\\/05\\\/16\\\/prefeito-de-jaborandi-destaca-andamento-na-vicinal-barretos-jaborandi\\\/#primaryimage\",\"url\":\"https:\\\/\\\/regiaonews.net.br\\\/2022\\\/wp-content\\\/uploads\\\/2023\\\/05\\\/Imagem-do-WhatsApp-de-2023-05-16-as-11.09.18.jpg\",\"contentUrl\":\"https:\\\/\\\/regiaonews.net.br\\\/2022\\\/wp-content\\\/uploads\\\/2023\\\/05\\\/Imagem-do-WhatsApp-de-2023-05-16-as-11.09.18.jpg\",\"width\":1600,\"height\":900},{\"@type\":\"BreadcrumbList\",\"@id\":\"https:\\\/\\\/regiaonews.net.br\\\/2022\\\/2023\\\/05\\\/16\\\/prefeito-de-jaborandi-destaca-andamento-na-vicinal-barretos-jaborandi\\\/#breadcrumb\",\"itemListElement\":[{\"@type\":\"ListItem\",\"position\":1,\"name\":\"In\u00edcio\",\"item\":\"https:\\\/\\\/regiaonews.net.br\\\/2022\\\/\"},{\"@type\":\"ListItem\",\"position\":2,\"name\":\"Prefeito de Jaborandi destaca andamento na Vicinal Barretos-Jaborandi\"}]},{\"@type\":\"WebSite\",\"@id\":\"https:\\\/\\\/regiaonews.net.br\\\/2022\\\/#website\",\"url\":\"https:\\\/\\\/regiaonews.net.br\\\/2022\\\/\",\"name\":\"Regi\u00e3o News\",\"description\":\"Site de Not\u00edcias de Barretos e regi\u00e3o\",\"publisher\":{\"@id\":\"https:\\\/\\\/regiaonews.net.br\\\/2022\\\/#organization\"},\"potentialAction\":[{\"@type\":\"SearchAction\",\"target\":{\"@type\":\"EntryPoint\",\"urlTemplate\":\"https:\\\/\\\/regiaonews.net.br\\\/2022\\\/?s={search_term_string}\"},\"query-input\":{\"@type\":\"PropertyValueSpecification\",\"valueRequired\":true,\"valueName\":\"search_term_string\"}}],\"inLanguage\":\"pt-BR\"},{\"@type\":\"Organization\",\"@id\":\"https:\\\/\\\/regiaonews.net.br\\\/2022\\\/#organization\",\"name\":\"Regi\u00e3o News\",\"url\":\"https:\\\/\\\/regiaonews.net.br\\\/2022\\\/\",\"logo\":{\"@type\":\"ImageObject\",\"inLanguage\":\"pt-BR\",\"@id\":\"https:\\\/\\\/regiaonews.net.br\\\/2022\\\/#\\\/schema\\\/logo\\\/image\\\/\",\"url\":\"https:\\\/\\\/regiaonews.net.br\\\/2022\\\/wp-content\\\/uploads\\\/2026\\\/03\\\/regiao-13-anos-scaled.jpg\",\"contentUrl\":\"https:\\\/\\\/regiaonews.net.br\\\/2022\\\/wp-content\\\/uploads\\\/2026\\\/03\\\/regiao-13-anos-scaled.jpg\",\"width\":2560,\"height\":635,\"caption\":\"Regi\u00e3o News\"},\"image\":{\"@id\":\"https:\\\/\\\/regiaonews.net.br\\\/2022\\\/#\\\/schema\\\/logo\\\/image\\\/\"}},{\"@type\":\"Person\",\"@id\":\"https:\\\/\\\/regiaonews.net.br\\\/2022\\\/#\\\/schema\\\/person\\\/2d205a608a5aa97ac279d7a5e6d89ad8\",\"name\":\"Roberto\",\"image\":{\"@type\":\"ImageObject\",\"inLanguage\":\"pt-BR\",\"@id\":\"https:\\\/\\\/secure.gravatar.com\\\/avatar\\\/42749d8b712ff9d59ca93dc150494e5b55a44134482993f5baeb97e61b7ecc89?s=96&d=mm&r=g\",\"url\":\"https:\\\/\\\/secure.gravatar.com\\\/avatar\\\/42749d8b712ff9d59ca93dc150494e5b55a44134482993f5baeb97e61b7ecc89?s=96&d=mm&r=g\",\"contentUrl\":\"https:\\\/\\\/secure.gravatar.com\\\/avatar\\\/42749d8b712ff9d59ca93dc150494e5b55a44134482993f5baeb97e61b7ecc89?s=96&d=mm&r=g\",\"caption\":\"Roberto\"},\"url\":\"https:\\\/\\\/regiaonews.net.br\\\/2022\\\/author\\\/roberto\\\/\"}]}<\/script>\n<!-- \/ Yoast SEO plugin. -->","yoast_head_json":{"title":"Prefeito de Jaborandi destaca andamento na Vicinal Barretos-Jaborandi - Regi\u00e3o News","robots":{"index":"index","follow":"follow","max-snippet":"max-snippet:-1","max-image-preview":"max-image-preview:large","max-video-preview":"max-video-preview:-1"},"canonical":"https:\/\/regiaonews.net.br\/2022\/2023\/05\/16\/prefeito-de-jaborandi-destaca-andamento-na-vicinal-barretos-jaborandi\/","og_locale":"pt_BR","og_type":"article","og_title":"Prefeito de Jaborandi destaca andamento na Vicinal Barretos-Jaborandi - Regi\u00e3o News","og_description":"As obras de asfaltamento dos 19,2 km da Vicinal Barretos-Jaborandi","og_url":"https:\/\/regiaonews.net.br\/2022\/2023\/05\/16\/prefeito-de-jaborandi-destaca-andamento-na-vicinal-barretos-jaborandi\/","og_site_name":"Regi\u00e3o News","article_published_time":"2023-05-16T14:37:40+00:00","og_image":[{"width":1600,"height":900,"url":"https:\/\/regiaonews.net.br\/2022\/wp-content\/uploads\/2023\/05\/Imagem-do-WhatsApp-de-2023-05-16-as-11.09.18.jpg","type":"image\/jpeg"}],"author":"Roberto","twitter_card":"summary_large_image","twitter_misc":{"Escrito por":"Roberto","Est. tempo de leitura":"1 minuto"},"schema":{"@context":"https:\/\/schema.org","@graph":[{"@type":"Article","@id":"https:\/\/regiaonews.net.br\/2022\/2023\/05\/16\/prefeito-de-jaborandi-destaca-andamento-na-vicinal-barretos-jaborandi\/#article","isPartOf":{"@id":"https:\/\/regiaonews.net.br\/2022\/2023\/05\/16\/prefeito-de-jaborandi-destaca-andamento-na-vicinal-barretos-jaborandi\/"},"author":{"name":"Roberto","@id":"https:\/\/regiaonews.net.br\/2022\/#\/schema\/person\/2d205a608a5aa97ac279d7a5e6d89ad8"},"headline":"Prefeito de Jaborandi destaca andamento na Vicinal Barretos-Jaborandi","datePublished":"2023-05-16T14:37:40+00:00","mainEntityOfPage":{"@id":"https:\/\/regiaonews.net.br\/2022\/2023\/05\/16\/prefeito-de-jaborandi-destaca-andamento-na-vicinal-barretos-jaborandi\/"},"wordCount":165,"commentCount":0,"publisher":{"@id":"https:\/\/regiaonews.net.br\/2022\/#organization"},"image":{"@id":"https:\/\/regiaonews.net.br\/2022\/2023\/05\/16\/prefeito-de-jaborandi-destaca-andamento-na-vicinal-barretos-jaborandi\/#primaryimage"},"thumbnailUrl":"https:\/\/regiaonews.net.br\/2022\/wp-content\/uploads\/2023\/05\/Imagem-do-WhatsApp-de-2023-05-16-as-11.09.18.jpg","articleSection":["Geral","Jaborandi"],"inLanguage":"pt-BR","potentialAction":[{"@type":"CommentAction","name":"Comment","target":["https:\/\/regiaonews.net.br\/2022\/2023\/05\/16\/prefeito-de-jaborandi-destaca-andamento-na-vicinal-barretos-jaborandi\/#respond"]}]},{"@type":"WebPage","@id":"https:\/\/regiaonews.net.br\/2022\/2023\/05\/16\/prefeito-de-jaborandi-destaca-andamento-na-vicinal-barretos-jaborandi\/","url":"https:\/\/regiaonews.net.br\/2022\/2023\/05\/16\/prefeito-de-jaborandi-destaca-andamento-na-vicinal-barretos-jaborandi\/","name":"Prefeito de Jaborandi destaca andamento na Vicinal Barretos-Jaborandi - Regi\u00e3o News","isPartOf":{"@id":"https:\/\/regiaonews.net.br\/2022\/#website"},"primaryImageOfPage":{"@id":"https:\/\/regiaonews.net.br\/2022\/2023\/05\/16\/prefeito-de-jaborandi-destaca-andamento-na-vicinal-barretos-jaborandi\/#primaryimage"},"image":{"@id":"https:\/\/regiaonews.net.br\/2022\/2023\/05\/16\/prefeito-de-jaborandi-destaca-andamento-na-vicinal-barretos-jaborandi\/#primaryimage"},"thumbnailUrl":"https:\/\/regiaonews.net.br\/2022\/wp-content\/uploads\/2023\/05\/Imagem-do-WhatsApp-de-2023-05-16-as-11.09.18.jpg","datePublished":"2023-05-16T14:37:40+00:00","breadcrumb":{"@id":"https:\/\/regiaonews.net.br\/2022\/2023\/05\/16\/prefeito-de-jaborandi-destaca-andamento-na-vicinal-barretos-jaborandi\/#breadcrumb"},"inLanguage":"pt-BR","potentialAction":[{"@type":"ReadAction","target":["https:\/\/regiaonews.net.br\/2022\/2023\/05\/16\/prefeito-de-jaborandi-destaca-andamento-na-vicinal-barretos-jaborandi\/"]}]},{"@type":"ImageObject","inLanguage":"pt-BR","@id":"https:\/\/regiaonews.net.br\/2022\/2023\/05\/16\/prefeito-de-jaborandi-destaca-andamento-na-vicinal-barretos-jaborandi\/#primaryimage","url":"https:\/\/regiaonews.net.br\/2022\/wp-content\/uploads\/2023\/05\/Imagem-do-WhatsApp-de-2023-05-16-as-11.09.18.jpg","contentUrl":"https:\/\/regiaonews.net.br\/2022\/wp-content\/uploads\/2023\/05\/Imagem-do-WhatsApp-de-2023-05-16-as-11.09.18.jpg","width":1600,"height":900},{"@type":"BreadcrumbList","@id":"https:\/\/regiaonews.net.br\/2022\/2023\/05\/16\/prefeito-de-jaborandi-destaca-andamento-na-vicinal-barretos-jaborandi\/#breadcrumb","itemListElement":[{"@type":"ListItem","position":1,"name":"In\u00edcio","item":"https:\/\/regiaonews.net.br\/2022\/"},{"@type":"ListItem","position":2,"name":"Prefeito de Jaborandi destaca andamento na Vicinal Barretos-Jaborandi"}]},{"@type":"WebSite","@id":"https:\/\/regiaonews.net.br\/2022\/#website","url":"https:\/\/regiaonews.net.br\/2022\/","name":"Regi\u00e3o News","description":"Site de Not\u00edcias de Barretos e regi\u00e3o","publisher":{"@id":"https:\/\/regiaonews.net.br\/2022\/#organization"},"potentialAction":[{"@type":"SearchAction","target":{"@type":"EntryPoint","urlTemplate":"https:\/\/regiaonews.net.br\/2022\/?s={search_term_string}"},"query-input":{"@type":"PropertyValueSpecification","valueRequired":true,"valueName":"search_term_string"}}],"inLanguage":"pt-BR"},{"@type":"Organization","@id":"https:\/\/regiaonews.net.br\/2022\/#organization","name":"Regi\u00e3o News","url":"https:\/\/regiaonews.net.br\/2022\/","logo":{"@type":"ImageObject","inLanguage":"pt-BR","@id":"https:\/\/regiaonews.net.br\/2022\/#\/schema\/logo\/image\/","url":"https:\/\/regiaonews.net.br\/2022\/wp-content\/uploads\/2026\/03\/regiao-13-anos-scaled.jpg","contentUrl":"https:\/\/regiaonews.net.br\/2022\/wp-content\/uploads\/2026\/03\/regiao-13-anos-scaled.jpg","width":2560,"height":635,"caption":"Regi\u00e3o News"},"image":{"@id":"https:\/\/regiaonews.net.br\/2022\/#\/schema\/logo\/image\/"}},{"@type":"Person","@id":"https:\/\/regiaonews.net.br\/2022\/#\/schema\/person\/2d205a608a5aa97ac279d7a5e6d89ad8","name":"Roberto","image":{"@type":"ImageObject","inLanguage":"pt-BR","@id":"https:\/\/secure.gravatar.com\/avatar\/42749d8b712ff9d59ca93dc150494e5b55a44134482993f5baeb97e61b7ecc89?s=96&d=mm&r=g","url":"https:\/\/secure.gravatar.com\/avatar\/42749d8b712ff9d59ca93dc150494e5b55a44134482993f5baeb97e61b7ecc89?s=96&d=mm&r=g","contentUrl":"https:\/\/secure.gravatar.com\/avatar\/42749d8b712ff9d59ca93dc150494e5b55a44134482993f5baeb97e61b7ecc89?s=96&d=mm&r=g","caption":"Roberto"},"url":"https:\/\/regiaonews.net.br\/2022\/author\/roberto\/"}]}},"publishpress_future_action":{"enabled":false,"date":"2026-05-04 05:43:22","action":"change-status","newStatus":"draft","terms":[],"taxonomy":"category","extraData":[]},"publishpress_future_workflow_manual_trigger":{"enabledWorkflows":[]},"_links":{"self":[{"href":"https:\/\/regiaonews.net.br\/2022\/wp-json\/wp\/v2\/posts\/88250","targetHints":{"allow":["GET"]}}],"collection":[{"href":"https:\/\/regiaonews.net.br\/2022\/wp-json\/wp\/v2\/posts"}],"about":[{"href":"https:\/\/regiaonews.net.br\/2022\/wp-json\/wp\/v2\/types\/post"}],"author":[{"embeddable":true,"href":"https:\/\/regiaonews.net.br\/2022\/wp-json\/wp\/v2\/users\/2"}],"replies":[{"embeddable":true,"href":"https:\/\/regiaonews.net.br\/2022\/wp-json\/wp\/v2\/comments?post=88250"}],"version-history":[{"count":1,"href":"https:\/\/regiaonews.net.br\/2022\/wp-json\/wp\/v2\/posts\/88250\/revisions"}],"predecessor-version":[{"id":88252,"href":"https:\/\/regiaonews.net.br\/2022\/wp-json\/wp\/v2\/posts\/88250\/revisions\/88252"}],"wp:featuredmedia":[{"embeddable":true,"href":"https:\/\/regiaonews.net.br\/2022\/wp-json\/wp\/v2\/media\/88251"}],"wp:attachment":[{"href":"https:\/\/regiaonews.net.br\/2022\/wp-json\/wp\/v2\/media?parent=88250"}],"wp:term":[{"taxonomy":"category","embeddable":true,"href":"https:\/\/regiaonews.net.br\/2022\/wp-json\/wp\/v2\/categories?post=88250"},{"taxonomy":"post_tag","embeddable":true,"href":"https:\/\/regiaonews.net.br\/2022\/wp-json\/wp\/v2\/tags?post=88250"}],"curies":[{"name":"wp","href":"https:\/\/api.w.org\/{rel}","templated":true}]}}