{"id":88240,"date":"2023-05-16T06:55:57","date_gmt":"2023-05-16T09:55:57","guid":{"rendered":"https:\/\/regiaonews.net.br\/2022\/?p=88240"},"modified":"2023-05-16T07:42:37","modified_gmt":"2023-05-16T10:42:37","slug":"grupo-de-danca-barretense-black-powers-recebe-homenagem-em-evento-na-regiao","status":"publish","type":"post","link":"https:\/\/regiaonews.net.br\/2022\/2023\/05\/16\/grupo-de-danca-barretense-black-powers-recebe-homenagem-em-evento-na-regiao\/","title":{"rendered":"Grupo de dan\u00e7a barretense &#8220;Black Power&#8217;s&#8221; recebe homenagem em evento na regi\u00e3o"},"content":{"rendered":"<p>Os passinhos de flash back est\u00e3o de volta a todo vapor em Barretos e regi\u00e3o. Atrav\u00e9s dos membros da fam\u00edlia Black Power&#8217;s, \u00c9der Vital,\u00a0 Gero Silva e demais integrantes para n\u00e3o esquecer de algum nome da fam\u00edlia Power&#8217;s,\u00a0 estiveram presentes no final de semana passado representando Barretos,\u00a0 na cidade de Ribeir\u00e3o Preto.\u00a0 Na oportunidade receberam homenagemns\u00a0 entre as\u00a0 outras oito cidades presentes no Encontro Regional de Dan\u00e7a de Passinhos.<\/p>\n<p>Todos os integrantes, j\u00e1 confirmaram presen\u00e7a em peso no dia 20,\u00a0 no Flash Back Amigos do Cac\u00e1. Eles fizeram quest\u00e3o de convidar\u00a0 toda popula\u00e7\u00e3o barretense para reviver lembran\u00e7as de sua \u00e9poca no Clube Estrela do Oriente, a\u00a0 partir das 23h.<\/p>\n<p><a href=\"https:\/\/regiaonews.net.br\/2022\/wp-content\/uploads\/2023\/05\/WhatsApp-Image-2023-05-16-at-00.26.21.jpeg\"><img loading=\"lazy\" decoding=\"async\" class=\"alignnone size-medium wp-image-88241\" src=\"https:\/\/regiaonews.net.br\/2022\/wp-content\/uploads\/2023\/05\/WhatsApp-Image-2023-05-16-at-00.26.21-225x300.jpeg\" alt=\"\" width=\"225\" height=\"300\" srcset=\"https:\/\/regiaonews.net.br\/2022\/wp-content\/uploads\/2023\/05\/WhatsApp-Image-2023-05-16-at-00.26.21-225x300.jpeg 225w, https:\/\/regiaonews.net.br\/2022\/wp-content\/uploads\/2023\/05\/WhatsApp-Image-2023-05-16-at-00.26.21-768x1024.jpeg 768w, https:\/\/regiaonews.net.br\/2022\/wp-content\/uploads\/2023\/05\/WhatsApp-Image-2023-05-16-at-00.26.21-1152x1536.jpeg 1152w, https:\/\/regiaonews.net.br\/2022\/wp-content\/uploads\/2023\/05\/WhatsApp-Image-2023-05-16-at-00.26.21-250x333.jpeg 250w, https:\/\/regiaonews.net.br\/2022\/wp-content\/uploads\/2023\/05\/WhatsApp-Image-2023-05-16-at-00.26.21.jpeg 1200w\" sizes=\"auto, (max-width: 225px) 100vw, 225px\" \/><\/a> <a href=\"https:\/\/regiaonews.net.br\/2022\/wp-content\/uploads\/2023\/05\/WhatsApp-Image-2023-05-16-at-00.27.07.jpeg\"><img loading=\"lazy\" decoding=\"async\" class=\"alignnone size-medium wp-image-88242\" src=\"https:\/\/regiaonews.net.br\/2022\/wp-content\/uploads\/2023\/05\/WhatsApp-Image-2023-05-16-at-00.27.07-300x294.jpeg\" alt=\"\" width=\"300\" height=\"294\" srcset=\"https:\/\/regiaonews.net.br\/2022\/wp-content\/uploads\/2023\/05\/WhatsApp-Image-2023-05-16-at-00.27.07-300x294.jpeg 300w, https:\/\/regiaonews.net.br\/2022\/wp-content\/uploads\/2023\/05\/WhatsApp-Image-2023-05-16-at-00.27.07-1024x1003.jpeg 1024w, https:\/\/regiaonews.net.br\/2022\/wp-content\/uploads\/2023\/05\/WhatsApp-Image-2023-05-16-at-00.27.07-768x752.jpeg 768w, https:\/\/regiaonews.net.br\/2022\/wp-content\/uploads\/2023\/05\/WhatsApp-Image-2023-05-16-at-00.27.07-250x245.jpeg 250w, https:\/\/regiaonews.net.br\/2022\/wp-content\/uploads\/2023\/05\/WhatsApp-Image-2023-05-16-at-00.27.07.jpeg 1079w\" sizes=\"auto, (max-width: 300px) 100vw, 300px\" \/><\/a><\/p>\n","protected":false},"excerpt":{"rendered":"<p>Os passinhos de flash back est\u00e3o de volta a todo<\/p>\n","protected":false},"author":2,"featured_media":88242,"comment_status":"open","ping_status":"open","sticky":false,"template":"","format":"standard","meta":{"footnotes":""},"categories":[14,25],"tags":[],"class_list":["post-88240","post","type-post","status-publish","format-standard","has-post-thumbnail","hentry","category-barretos","category-cidades"],"yoast_head":"<!-- This site is optimized with the Yoast SEO plugin v27.4 - https:\/\/yoast.com\/product\/yoast-seo-wordpress\/ -->\n<title>Grupo de dan\u00e7a barretense &quot;Black Power&#039;s&quot; recebe homenagem em evento na regi\u00e3o - Regi\u00e3o News<\/title>\n<meta name=\"robots\" content=\"index, follow, max-snippet:-1, max-image-preview:large, max-video-preview:-1\" \/>\n<link rel=\"canonical\" href=\"https:\/\/regiaonews.net.br\/2022\/2023\/05\/16\/grupo-de-danca-barretense-black-powers-recebe-homenagem-em-evento-na-regiao\/\" \/>\n<meta property=\"og:locale\" content=\"pt_BR\" \/>\n<meta property=\"og:type\" content=\"article\" \/>\n<meta property=\"og:title\" content=\"Grupo de dan\u00e7a barretense &quot;Black Power&#039;s&quot; recebe homenagem em evento na regi\u00e3o - Regi\u00e3o News\" \/>\n<meta property=\"og:description\" content=\"Os passinhos de flash back est\u00e3o de volta a todo\" \/>\n<meta property=\"og:url\" content=\"https:\/\/regiaonews.net.br\/2022\/2023\/05\/16\/grupo-de-danca-barretense-black-powers-recebe-homenagem-em-evento-na-regiao\/\" \/>\n<meta property=\"og:site_name\" content=\"Regi\u00e3o News\" \/>\n<meta property=\"article:published_time\" content=\"2023-05-16T09:55:57+00:00\" \/>\n<meta property=\"article:modified_time\" content=\"2023-05-16T10:42:37+00:00\" \/>\n<meta property=\"og:image\" content=\"https:\/\/regiaonews.net.br\/2022\/wp-content\/uploads\/2023\/05\/WhatsApp-Image-2023-05-16-at-00.27.07.jpeg\" \/>\n\t<meta property=\"og:image:width\" content=\"1079\" \/>\n\t<meta property=\"og:image:height\" content=\"1057\" \/>\n\t<meta property=\"og:image:type\" content=\"image\/jpeg\" \/>\n<meta name=\"author\" content=\"Roberto\" \/>\n<meta name=\"twitter:card\" content=\"summary_large_image\" \/>\n<meta name=\"twitter:label1\" content=\"Escrito por\" \/>\n\t<meta name=\"twitter:data1\" content=\"Roberto\" \/>\n\t<meta name=\"twitter:label2\" content=\"Est. tempo de leitura\" \/>\n\t<meta name=\"twitter:data2\" content=\"2 minutos\" \/>\n<script type=\"application\/ld+json\" class=\"yoast-schema-graph\">{\"@context\":\"https:\\\/\\\/schema.org\",\"@graph\":[{\"@type\":\"Article\",\"@id\":\"https:\\\/\\\/regiaonews.net.br\\\/2022\\\/2023\\\/05\\\/16\\\/grupo-de-danca-barretense-black-powers-recebe-homenagem-em-evento-na-regiao\\\/#article\",\"isPartOf\":{\"@id\":\"https:\\\/\\\/regiaonews.net.br\\\/2022\\\/2023\\\/05\\\/16\\\/grupo-de-danca-barretense-black-powers-recebe-homenagem-em-evento-na-regiao\\\/\"},\"author\":{\"name\":\"Roberto\",\"@id\":\"https:\\\/\\\/regiaonews.net.br\\\/2022\\\/#\\\/schema\\\/person\\\/2d205a608a5aa97ac279d7a5e6d89ad8\"},\"headline\":\"Grupo de dan\u00e7a barretense &#8220;Black Power&#8217;s&#8221; recebe homenagem em evento na regi\u00e3o\",\"datePublished\":\"2023-05-16T09:55:57+00:00\",\"dateModified\":\"2023-05-16T10:42:37+00:00\",\"mainEntityOfPage\":{\"@id\":\"https:\\\/\\\/regiaonews.net.br\\\/2022\\\/2023\\\/05\\\/16\\\/grupo-de-danca-barretense-black-powers-recebe-homenagem-em-evento-na-regiao\\\/\"},\"wordCount\":137,\"commentCount\":0,\"publisher\":{\"@id\":\"https:\\\/\\\/regiaonews.net.br\\\/2022\\\/#organization\"},\"image\":{\"@id\":\"https:\\\/\\\/regiaonews.net.br\\\/2022\\\/2023\\\/05\\\/16\\\/grupo-de-danca-barretense-black-powers-recebe-homenagem-em-evento-na-regiao\\\/#primaryimage\"},\"thumbnailUrl\":\"https:\\\/\\\/regiaonews.net.br\\\/2022\\\/wp-content\\\/uploads\\\/2023\\\/05\\\/WhatsApp-Image-2023-05-16-at-00.27.07.jpeg\",\"articleSection\":[\"Barretos\",\"Cidades\"],\"inLanguage\":\"pt-BR\",\"potentialAction\":[{\"@type\":\"CommentAction\",\"name\":\"Comment\",\"target\":[\"https:\\\/\\\/regiaonews.net.br\\\/2022\\\/2023\\\/05\\\/16\\\/grupo-de-danca-barretense-black-powers-recebe-homenagem-em-evento-na-regiao\\\/#respond\"]}]},{\"@type\":\"WebPage\",\"@id\":\"https:\\\/\\\/regiaonews.net.br\\\/2022\\\/2023\\\/05\\\/16\\\/grupo-de-danca-barretense-black-powers-recebe-homenagem-em-evento-na-regiao\\\/\",\"url\":\"https:\\\/\\\/regiaonews.net.br\\\/2022\\\/2023\\\/05\\\/16\\\/grupo-de-danca-barretense-black-powers-recebe-homenagem-em-evento-na-regiao\\\/\",\"name\":\"Grupo de dan\u00e7a barretense \\\"Black Power's\\\" recebe homenagem em evento na regi\u00e3o - Regi\u00e3o News\",\"isPartOf\":{\"@id\":\"https:\\\/\\\/regiaonews.net.br\\\/2022\\\/#website\"},\"primaryImageOfPage\":{\"@id\":\"https:\\\/\\\/regiaonews.net.br\\\/2022\\\/2023\\\/05\\\/16\\\/grupo-de-danca-barretense-black-powers-recebe-homenagem-em-evento-na-regiao\\\/#primaryimage\"},\"image\":{\"@id\":\"https:\\\/\\\/regiaonews.net.br\\\/2022\\\/2023\\\/05\\\/16\\\/grupo-de-danca-barretense-black-powers-recebe-homenagem-em-evento-na-regiao\\\/#primaryimage\"},\"thumbnailUrl\":\"https:\\\/\\\/regiaonews.net.br\\\/2022\\\/wp-content\\\/uploads\\\/2023\\\/05\\\/WhatsApp-Image-2023-05-16-at-00.27.07.jpeg\",\"datePublished\":\"2023-05-16T09:55:57+00:00\",\"dateModified\":\"2023-05-16T10:42:37+00:00\",\"breadcrumb\":{\"@id\":\"https:\\\/\\\/regiaonews.net.br\\\/2022\\\/2023\\\/05\\\/16\\\/grupo-de-danca-barretense-black-powers-recebe-homenagem-em-evento-na-regiao\\\/#breadcrumb\"},\"inLanguage\":\"pt-BR\",\"potentialAction\":[{\"@type\":\"ReadAction\",\"target\":[\"https:\\\/\\\/regiaonews.net.br\\\/2022\\\/2023\\\/05\\\/16\\\/grupo-de-danca-barretense-black-powers-recebe-homenagem-em-evento-na-regiao\\\/\"]}]},{\"@type\":\"ImageObject\",\"inLanguage\":\"pt-BR\",\"@id\":\"https:\\\/\\\/regiaonews.net.br\\\/2022\\\/2023\\\/05\\\/16\\\/grupo-de-danca-barretense-black-powers-recebe-homenagem-em-evento-na-regiao\\\/#primaryimage\",\"url\":\"https:\\\/\\\/regiaonews.net.br\\\/2022\\\/wp-content\\\/uploads\\\/2023\\\/05\\\/WhatsApp-Image-2023-05-16-at-00.27.07.jpeg\",\"contentUrl\":\"https:\\\/\\\/regiaonews.net.br\\\/2022\\\/wp-content\\\/uploads\\\/2023\\\/05\\\/WhatsApp-Image-2023-05-16-at-00.27.07.jpeg\",\"width\":1079,\"height\":1057},{\"@type\":\"BreadcrumbList\",\"@id\":\"https:\\\/\\\/regiaonews.net.br\\\/2022\\\/2023\\\/05\\\/16\\\/grupo-de-danca-barretense-black-powers-recebe-homenagem-em-evento-na-regiao\\\/#breadcrumb\",\"itemListElement\":[{\"@type\":\"ListItem\",\"position\":1,\"name\":\"In\u00edcio\",\"item\":\"https:\\\/\\\/regiaonews.net.br\\\/2022\\\/\"},{\"@type\":\"ListItem\",\"position\":2,\"name\":\"Grupo de dan\u00e7a barretense &#8220;Black Power&#8217;s&#8221; recebe homenagem em evento na regi\u00e3o\"}]},{\"@type\":\"WebSite\",\"@id\":\"https:\\\/\\\/regiaonews.net.br\\\/2022\\\/#website\",\"url\":\"https:\\\/\\\/regiaonews.net.br\\\/2022\\\/\",\"name\":\"Regi\u00e3o News\",\"description\":\"Site de Not\u00edcias de Barretos e regi\u00e3o\",\"publisher\":{\"@id\":\"https:\\\/\\\/regiaonews.net.br\\\/2022\\\/#organization\"},\"potentialAction\":[{\"@type\":\"SearchAction\",\"target\":{\"@type\":\"EntryPoint\",\"urlTemplate\":\"https:\\\/\\\/regiaonews.net.br\\\/2022\\\/?s={search_term_string}\"},\"query-input\":{\"@type\":\"PropertyValueSpecification\",\"valueRequired\":true,\"valueName\":\"search_term_string\"}}],\"inLanguage\":\"pt-BR\"},{\"@type\":\"Organization\",\"@id\":\"https:\\\/\\\/regiaonews.net.br\\\/2022\\\/#organization\",\"name\":\"Regi\u00e3o News\",\"url\":\"https:\\\/\\\/regiaonews.net.br\\\/2022\\\/\",\"logo\":{\"@type\":\"ImageObject\",\"inLanguage\":\"pt-BR\",\"@id\":\"https:\\\/\\\/regiaonews.net.br\\\/2022\\\/#\\\/schema\\\/logo\\\/image\\\/\",\"url\":\"https:\\\/\\\/regiaonews.net.br\\\/2022\\\/wp-content\\\/uploads\\\/2026\\\/03\\\/regiao-13-anos-scaled.jpg\",\"contentUrl\":\"https:\\\/\\\/regiaonews.net.br\\\/2022\\\/wp-content\\\/uploads\\\/2026\\\/03\\\/regiao-13-anos-scaled.jpg\",\"width\":2560,\"height\":635,\"caption\":\"Regi\u00e3o News\"},\"image\":{\"@id\":\"https:\\\/\\\/regiaonews.net.br\\\/2022\\\/#\\\/schema\\\/logo\\\/image\\\/\"}},{\"@type\":\"Person\",\"@id\":\"https:\\\/\\\/regiaonews.net.br\\\/2022\\\/#\\\/schema\\\/person\\\/2d205a608a5aa97ac279d7a5e6d89ad8\",\"name\":\"Roberto\",\"image\":{\"@type\":\"ImageObject\",\"inLanguage\":\"pt-BR\",\"@id\":\"https:\\\/\\\/secure.gravatar.com\\\/avatar\\\/42749d8b712ff9d59ca93dc150494e5b55a44134482993f5baeb97e61b7ecc89?s=96&d=mm&r=g\",\"url\":\"https:\\\/\\\/secure.gravatar.com\\\/avatar\\\/42749d8b712ff9d59ca93dc150494e5b55a44134482993f5baeb97e61b7ecc89?s=96&d=mm&r=g\",\"contentUrl\":\"https:\\\/\\\/secure.gravatar.com\\\/avatar\\\/42749d8b712ff9d59ca93dc150494e5b55a44134482993f5baeb97e61b7ecc89?s=96&d=mm&r=g\",\"caption\":\"Roberto\"},\"url\":\"https:\\\/\\\/regiaonews.net.br\\\/2022\\\/author\\\/roberto\\\/\"}]}<\/script>\n<!-- \/ Yoast SEO plugin. -->","yoast_head_json":{"title":"Grupo de dan\u00e7a barretense \"Black Power's\" recebe homenagem em evento na regi\u00e3o - Regi\u00e3o News","robots":{"index":"index","follow":"follow","max-snippet":"max-snippet:-1","max-image-preview":"max-image-preview:large","max-video-preview":"max-video-preview:-1"},"canonical":"https:\/\/regiaonews.net.br\/2022\/2023\/05\/16\/grupo-de-danca-barretense-black-powers-recebe-homenagem-em-evento-na-regiao\/","og_locale":"pt_BR","og_type":"article","og_title":"Grupo de dan\u00e7a barretense \"Black Power's\" recebe homenagem em evento na regi\u00e3o - Regi\u00e3o News","og_description":"Os passinhos de flash back est\u00e3o de volta a todo","og_url":"https:\/\/regiaonews.net.br\/2022\/2023\/05\/16\/grupo-de-danca-barretense-black-powers-recebe-homenagem-em-evento-na-regiao\/","og_site_name":"Regi\u00e3o News","article_published_time":"2023-05-16T09:55:57+00:00","article_modified_time":"2023-05-16T10:42:37+00:00","og_image":[{"width":1079,"height":1057,"url":"https:\/\/regiaonews.net.br\/2022\/wp-content\/uploads\/2023\/05\/WhatsApp-Image-2023-05-16-at-00.27.07.jpeg","type":"image\/jpeg"}],"author":"Roberto","twitter_card":"summary_large_image","twitter_misc":{"Escrito por":"Roberto","Est. tempo de leitura":"2 minutos"},"schema":{"@context":"https:\/\/schema.org","@graph":[{"@type":"Article","@id":"https:\/\/regiaonews.net.br\/2022\/2023\/05\/16\/grupo-de-danca-barretense-black-powers-recebe-homenagem-em-evento-na-regiao\/#article","isPartOf":{"@id":"https:\/\/regiaonews.net.br\/2022\/2023\/05\/16\/grupo-de-danca-barretense-black-powers-recebe-homenagem-em-evento-na-regiao\/"},"author":{"name":"Roberto","@id":"https:\/\/regiaonews.net.br\/2022\/#\/schema\/person\/2d205a608a5aa97ac279d7a5e6d89ad8"},"headline":"Grupo de dan\u00e7a barretense &#8220;Black Power&#8217;s&#8221; recebe homenagem em evento na regi\u00e3o","datePublished":"2023-05-16T09:55:57+00:00","dateModified":"2023-05-16T10:42:37+00:00","mainEntityOfPage":{"@id":"https:\/\/regiaonews.net.br\/2022\/2023\/05\/16\/grupo-de-danca-barretense-black-powers-recebe-homenagem-em-evento-na-regiao\/"},"wordCount":137,"commentCount":0,"publisher":{"@id":"https:\/\/regiaonews.net.br\/2022\/#organization"},"image":{"@id":"https:\/\/regiaonews.net.br\/2022\/2023\/05\/16\/grupo-de-danca-barretense-black-powers-recebe-homenagem-em-evento-na-regiao\/#primaryimage"},"thumbnailUrl":"https:\/\/regiaonews.net.br\/2022\/wp-content\/uploads\/2023\/05\/WhatsApp-Image-2023-05-16-at-00.27.07.jpeg","articleSection":["Barretos","Cidades"],"inLanguage":"pt-BR","potentialAction":[{"@type":"CommentAction","name":"Comment","target":["https:\/\/regiaonews.net.br\/2022\/2023\/05\/16\/grupo-de-danca-barretense-black-powers-recebe-homenagem-em-evento-na-regiao\/#respond"]}]},{"@type":"WebPage","@id":"https:\/\/regiaonews.net.br\/2022\/2023\/05\/16\/grupo-de-danca-barretense-black-powers-recebe-homenagem-em-evento-na-regiao\/","url":"https:\/\/regiaonews.net.br\/2022\/2023\/05\/16\/grupo-de-danca-barretense-black-powers-recebe-homenagem-em-evento-na-regiao\/","name":"Grupo de dan\u00e7a barretense \"Black Power's\" recebe homenagem em evento na regi\u00e3o - Regi\u00e3o News","isPartOf":{"@id":"https:\/\/regiaonews.net.br\/2022\/#website"},"primaryImageOfPage":{"@id":"https:\/\/regiaonews.net.br\/2022\/2023\/05\/16\/grupo-de-danca-barretense-black-powers-recebe-homenagem-em-evento-na-regiao\/#primaryimage"},"image":{"@id":"https:\/\/regiaonews.net.br\/2022\/2023\/05\/16\/grupo-de-danca-barretense-black-powers-recebe-homenagem-em-evento-na-regiao\/#primaryimage"},"thumbnailUrl":"https:\/\/regiaonews.net.br\/2022\/wp-content\/uploads\/2023\/05\/WhatsApp-Image-2023-05-16-at-00.27.07.jpeg","datePublished":"2023-05-16T09:55:57+00:00","dateModified":"2023-05-16T10:42:37+00:00","breadcrumb":{"@id":"https:\/\/regiaonews.net.br\/2022\/2023\/05\/16\/grupo-de-danca-barretense-black-powers-recebe-homenagem-em-evento-na-regiao\/#breadcrumb"},"inLanguage":"pt-BR","potentialAction":[{"@type":"ReadAction","target":["https:\/\/regiaonews.net.br\/2022\/2023\/05\/16\/grupo-de-danca-barretense-black-powers-recebe-homenagem-em-evento-na-regiao\/"]}]},{"@type":"ImageObject","inLanguage":"pt-BR","@id":"https:\/\/regiaonews.net.br\/2022\/2023\/05\/16\/grupo-de-danca-barretense-black-powers-recebe-homenagem-em-evento-na-regiao\/#primaryimage","url":"https:\/\/regiaonews.net.br\/2022\/wp-content\/uploads\/2023\/05\/WhatsApp-Image-2023-05-16-at-00.27.07.jpeg","contentUrl":"https:\/\/regiaonews.net.br\/2022\/wp-content\/uploads\/2023\/05\/WhatsApp-Image-2023-05-16-at-00.27.07.jpeg","width":1079,"height":1057},{"@type":"BreadcrumbList","@id":"https:\/\/regiaonews.net.br\/2022\/2023\/05\/16\/grupo-de-danca-barretense-black-powers-recebe-homenagem-em-evento-na-regiao\/#breadcrumb","itemListElement":[{"@type":"ListItem","position":1,"name":"In\u00edcio","item":"https:\/\/regiaonews.net.br\/2022\/"},{"@type":"ListItem","position":2,"name":"Grupo de dan\u00e7a barretense &#8220;Black Power&#8217;s&#8221; recebe homenagem em evento na regi\u00e3o"}]},{"@type":"WebSite","@id":"https:\/\/regiaonews.net.br\/2022\/#website","url":"https:\/\/regiaonews.net.br\/2022\/","name":"Regi\u00e3o News","description":"Site de Not\u00edcias de Barretos e regi\u00e3o","publisher":{"@id":"https:\/\/regiaonews.net.br\/2022\/#organization"},"potentialAction":[{"@type":"SearchAction","target":{"@type":"EntryPoint","urlTemplate":"https:\/\/regiaonews.net.br\/2022\/?s={search_term_string}"},"query-input":{"@type":"PropertyValueSpecification","valueRequired":true,"valueName":"search_term_string"}}],"inLanguage":"pt-BR"},{"@type":"Organization","@id":"https:\/\/regiaonews.net.br\/2022\/#organization","name":"Regi\u00e3o News","url":"https:\/\/regiaonews.net.br\/2022\/","logo":{"@type":"ImageObject","inLanguage":"pt-BR","@id":"https:\/\/regiaonews.net.br\/2022\/#\/schema\/logo\/image\/","url":"https:\/\/regiaonews.net.br\/2022\/wp-content\/uploads\/2026\/03\/regiao-13-anos-scaled.jpg","contentUrl":"https:\/\/regiaonews.net.br\/2022\/wp-content\/uploads\/2026\/03\/regiao-13-anos-scaled.jpg","width":2560,"height":635,"caption":"Regi\u00e3o News"},"image":{"@id":"https:\/\/regiaonews.net.br\/2022\/#\/schema\/logo\/image\/"}},{"@type":"Person","@id":"https:\/\/regiaonews.net.br\/2022\/#\/schema\/person\/2d205a608a5aa97ac279d7a5e6d89ad8","name":"Roberto","image":{"@type":"ImageObject","inLanguage":"pt-BR","@id":"https:\/\/secure.gravatar.com\/avatar\/42749d8b712ff9d59ca93dc150494e5b55a44134482993f5baeb97e61b7ecc89?s=96&d=mm&r=g","url":"https:\/\/secure.gravatar.com\/avatar\/42749d8b712ff9d59ca93dc150494e5b55a44134482993f5baeb97e61b7ecc89?s=96&d=mm&r=g","contentUrl":"https:\/\/secure.gravatar.com\/avatar\/42749d8b712ff9d59ca93dc150494e5b55a44134482993f5baeb97e61b7ecc89?s=96&d=mm&r=g","caption":"Roberto"},"url":"https:\/\/regiaonews.net.br\/2022\/author\/roberto\/"}]}},"publishpress_future_action":{"enabled":false,"date":"2026-05-04 01:07:12","action":"change-status","newStatus":"draft","terms":[],"taxonomy":"category","extraData":[]},"publishpress_future_workflow_manual_trigger":{"enabledWorkflows":[]},"_links":{"self":[{"href":"https:\/\/regiaonews.net.br\/2022\/wp-json\/wp\/v2\/posts\/88240","targetHints":{"allow":["GET"]}}],"collection":[{"href":"https:\/\/regiaonews.net.br\/2022\/wp-json\/wp\/v2\/posts"}],"about":[{"href":"https:\/\/regiaonews.net.br\/2022\/wp-json\/wp\/v2\/types\/post"}],"author":[{"embeddable":true,"href":"https:\/\/regiaonews.net.br\/2022\/wp-json\/wp\/v2\/users\/2"}],"replies":[{"embeddable":true,"href":"https:\/\/regiaonews.net.br\/2022\/wp-json\/wp\/v2\/comments?post=88240"}],"version-history":[{"count":3,"href":"https:\/\/regiaonews.net.br\/2022\/wp-json\/wp\/v2\/posts\/88240\/revisions"}],"predecessor-version":[{"id":88245,"href":"https:\/\/regiaonews.net.br\/2022\/wp-json\/wp\/v2\/posts\/88240\/revisions\/88245"}],"wp:featuredmedia":[{"embeddable":true,"href":"https:\/\/regiaonews.net.br\/2022\/wp-json\/wp\/v2\/media\/88242"}],"wp:attachment":[{"href":"https:\/\/regiaonews.net.br\/2022\/wp-json\/wp\/v2\/media?parent=88240"}],"wp:term":[{"taxonomy":"category","embeddable":true,"href":"https:\/\/regiaonews.net.br\/2022\/wp-json\/wp\/v2\/categories?post=88240"},{"taxonomy":"post_tag","embeddable":true,"href":"https:\/\/regiaonews.net.br\/2022\/wp-json\/wp\/v2\/tags?post=88240"}],"curies":[{"name":"wp","href":"https:\/\/api.w.org\/{rel}","templated":true}]}}