{"id":88216,"date":"2023-05-15T20:59:14","date_gmt":"2023-05-15T23:59:14","guid":{"rendered":"https:\/\/regiaonews.net.br\/2022\/?p=88216"},"modified":"2023-05-15T20:59:14","modified_gmt":"2023-05-15T23:59:14","slug":"ribeirao-preto-recebe-a-primeira-edicao-do-arraia-mio-di-bao-com-16-dias-de-festa","status":"publish","type":"post","link":"https:\/\/regiaonews.net.br\/2022\/2023\/05\/15\/ribeirao-preto-recebe-a-primeira-edicao-do-arraia-mio-di-bao-com-16-dias-de-festa\/","title":{"rendered":"Ribeir\u00e3o Preto recebe a primeira edi\u00e7\u00e3o do \u201cArrai\u00e1 Mi\u00f3 di B\u00e3o\u201d com 16 dias de festa"},"content":{"rendered":"<p>&nbsp;<\/p>\n<p>Evento ser\u00e1 realizado de 16 de junho a 16 de julho, no estacionamento do Novo Shopping<\/p>\n<p>Uma \u00e1rea de quase 5 mil m2 (incluindo estacionamento) no Novo Shopping Ribeir\u00e3o Preto vai receber de 16 de junho a 16 de julho, o que promete ser a maior festa Junina e Julina da regi\u00e3o: o Arrai\u00e1 Mi\u00f3 Di B\u00e3o \u2013 Ribeir\u00e3o! Ser\u00e3o 16 dias de festas (cinco finais de semana, de sexta a domingo, mais o feriado do anivers\u00e1rio de Ribeir\u00e3o Preto, no dia 19 de junho). O \u2018Arrai\u00e1 Mi\u00f3 Di B\u00e3o \u2013 Ribeir\u00e3o!\u2019 ter\u00e1 entrada e estacionamento gratuitos para os visitantes e pre\u00e7os populares nas comidas e bebidas.<br \/>\nA atra\u00e7\u00e3o conta com apoio da Secretaria Municipal da Cultura e Turismo e Fundo Social de Solidariedade de Ribeir\u00e3o Preto e est\u00e1 sendo organizada pela empresa KA2RP Eventos. O evento vai contar com a participa\u00e7\u00e3o de entidades sociais e beneficentes que ir\u00e3o comercializar parte das comidas e bebidas, t\u00edpicas de uma verdadeira festa caipira e vai destacar uma entidade em especial, a Casa das Mangueiras, que este ano completa 50 anos.<\/p>\n<p>O Arrai\u00e1 Mi\u00f3 Di B\u00e3o \u2013 Ribeir\u00e3o! acontecer\u00e1 todas as sextas (18h \u00e0s 22 horas), s\u00e1bados (16h \u00e0s 22 horas) e domingos (15h \u00e0s 21 horas). No feriado do anivers\u00e1rio de Ribeir\u00e3o Preto a festa ter\u00e1 o mesmo hor\u00e1rio dos domingos. A capacidade de atendimento ser\u00e1 para 2.000 pessoas sentadas.<\/p>\n<p>Atra\u00e7\u00f5es \u2013 Al\u00e9m de comidas e bebidas t\u00edpicas, o Arrai\u00e1 Mi\u00f3 Di B\u00e3o \u2013 Ribeir\u00e3o! Vai contar com todos os outros atrativos tradicionais das festas juninas, como brincadeiras e apresenta\u00e7\u00f5es de quadrilhas, al\u00e9m de shows de forr\u00f3 e sertanejos locais.<\/p>\n<p>Para as crian\u00e7as tamb\u00e9m haver\u00e1 estrutura de divers\u00e3o com touro mec\u00e2nico, pesca, boca do palha\u00e7o, brinquedos infl\u00e1veis e pintura facial. \u201cAl\u00e9m da quest\u00e3o cultural, de manter a tradi\u00e7\u00e3o com quadrilhas, comidas e bebidas t\u00edpicas, decora\u00e7\u00e3o, h\u00e1 a quest\u00e3o social, pois tem esse envolvimento com entidades beneficentes e assistenciais\u201d, salienta o organizador Anderson Aparecido da Silva.<\/p>\n<p>Festa em fam\u00edlia \u2013 Os organizadores acreditam que a entrada gratuita e a facilidade do estacionamento do Novo Shopping (ao lado do parque de divers\u00e3o Goril\u00e3o) ser\u00e3o os grandes diferenciais do Arrai\u00e1 Mi\u00f3 di B\u00e3o \u2013 Ribeir\u00e3o! \u201cA popula\u00e7\u00e3o de Ribeir\u00e3o e regi\u00e3o perdeu muito em termos de grandes eventos nas ruas, como os que aconteciam no Morro de S\u00e3o Bento, por exemplo. E as festas juninas em particular, s\u00e3o um evento para a fam\u00edlia, onde seguran\u00e7a e comodidade realmente pesam, destaca o organizador.<\/p>\n<p>Homenagem especial- A Casa da Mangueiras, entidade localizada no Ipiranga, zona norte da cidade, que est\u00e1 completando 50 anos de exist\u00eancia ser\u00e1 homenageada no evento. Trata-se de uma organiza\u00e7\u00e3o sem fins lucrativos da cidade, com o prop\u00f3sito de proteger e defender os direitos das crian\u00e7as e adolescentes, pela promo\u00e7\u00e3o da autoestima, do di\u00e1logo com a fam\u00edlia e a sociedade, para fortalecimento da liberdade.<\/p>\n<p>Dados- A festa junina foi trazida ao Brasil pelos colonizadores portugueses e, a partir do s\u00e9culo XVII, passou por algumas mudan\u00e7as para que ficasse mais parecida com os tra\u00e7os culturais de cada regi\u00e3o brasileira. \u201cRibeir\u00e3o Preto tem voca\u00e7\u00e3o para eventos. Com o apoio da prefeitura, acreditamos que vamos integrar este calend\u00e1rio oficial, que gera entretenimento e cultura\u201d, acrescenta Anderson.<\/p>\n","protected":false},"excerpt":{"rendered":"<p>&nbsp; Evento ser\u00e1 realizado de 16 de junho a 16<\/p>\n","protected":false},"author":2,"featured_media":88217,"comment_status":"open","ping_status":"open","sticky":false,"template":"","format":"standard","meta":{"footnotes":""},"categories":[25,32],"tags":[],"class_list":["post-88216","post","type-post","status-publish","format-standard","has-post-thumbnail","hentry","category-cidades","category-ribeirao-preto"],"yoast_head":"<!-- This site is optimized with the Yoast SEO plugin v27.4 - https:\/\/yoast.com\/product\/yoast-seo-wordpress\/ -->\n<title>Ribeir\u00e3o Preto recebe a primeira edi\u00e7\u00e3o do \u201cArrai\u00e1 Mi\u00f3 di B\u00e3o\u201d com 16 dias de festa - Regi\u00e3o News<\/title>\n<meta name=\"robots\" content=\"index, follow, max-snippet:-1, max-image-preview:large, max-video-preview:-1\" \/>\n<link rel=\"canonical\" href=\"https:\/\/regiaonews.net.br\/2022\/2023\/05\/15\/ribeirao-preto-recebe-a-primeira-edicao-do-arraia-mio-di-bao-com-16-dias-de-festa\/\" \/>\n<meta property=\"og:locale\" content=\"pt_BR\" \/>\n<meta property=\"og:type\" content=\"article\" \/>\n<meta property=\"og:title\" content=\"Ribeir\u00e3o Preto recebe a primeira edi\u00e7\u00e3o do \u201cArrai\u00e1 Mi\u00f3 di B\u00e3o\u201d com 16 dias de festa - Regi\u00e3o News\" \/>\n<meta property=\"og:description\" content=\"&nbsp; Evento ser\u00e1 realizado de 16 de junho a 16\" \/>\n<meta property=\"og:url\" content=\"https:\/\/regiaonews.net.br\/2022\/2023\/05\/15\/ribeirao-preto-recebe-a-primeira-edicao-do-arraia-mio-di-bao-com-16-dias-de-festa\/\" \/>\n<meta property=\"og:site_name\" content=\"Regi\u00e3o News\" \/>\n<meta property=\"article:published_time\" content=\"2023-05-15T23:59:14+00:00\" \/>\n<meta property=\"og:image\" content=\"https:\/\/regiaonews.net.br\/2022\/wp-content\/uploads\/2023\/05\/IMG-20230515-WA0190.jpg\" \/>\n\t<meta property=\"og:image:width\" content=\"1600\" \/>\n\t<meta property=\"og:image:height\" content=\"1075\" \/>\n\t<meta property=\"og:image:type\" content=\"image\/jpeg\" \/>\n<meta name=\"author\" content=\"Roberto\" \/>\n<meta name=\"twitter:card\" content=\"summary_large_image\" \/>\n<meta name=\"twitter:label1\" content=\"Escrito por\" \/>\n\t<meta name=\"twitter:data1\" content=\"Roberto\" \/>\n\t<meta name=\"twitter:label2\" content=\"Est. tempo de leitura\" \/>\n\t<meta name=\"twitter:data2\" content=\"3 minutos\" \/>\n<script type=\"application\/ld+json\" class=\"yoast-schema-graph\">{\"@context\":\"https:\\\/\\\/schema.org\",\"@graph\":[{\"@type\":\"Article\",\"@id\":\"https:\\\/\\\/regiaonews.net.br\\\/2022\\\/2023\\\/05\\\/15\\\/ribeirao-preto-recebe-a-primeira-edicao-do-arraia-mio-di-bao-com-16-dias-de-festa\\\/#article\",\"isPartOf\":{\"@id\":\"https:\\\/\\\/regiaonews.net.br\\\/2022\\\/2023\\\/05\\\/15\\\/ribeirao-preto-recebe-a-primeira-edicao-do-arraia-mio-di-bao-com-16-dias-de-festa\\\/\"},\"author\":{\"name\":\"Roberto\",\"@id\":\"https:\\\/\\\/regiaonews.net.br\\\/2022\\\/#\\\/schema\\\/person\\\/2d205a608a5aa97ac279d7a5e6d89ad8\"},\"headline\":\"Ribeir\u00e3o Preto recebe a primeira edi\u00e7\u00e3o do \u201cArrai\u00e1 Mi\u00f3 di B\u00e3o\u201d com 16 dias de festa\",\"datePublished\":\"2023-05-15T23:59:14+00:00\",\"mainEntityOfPage\":{\"@id\":\"https:\\\/\\\/regiaonews.net.br\\\/2022\\\/2023\\\/05\\\/15\\\/ribeirao-preto-recebe-a-primeira-edicao-do-arraia-mio-di-bao-com-16-dias-de-festa\\\/\"},\"wordCount\":596,\"commentCount\":0,\"publisher\":{\"@id\":\"https:\\\/\\\/regiaonews.net.br\\\/2022\\\/#organization\"},\"image\":{\"@id\":\"https:\\\/\\\/regiaonews.net.br\\\/2022\\\/2023\\\/05\\\/15\\\/ribeirao-preto-recebe-a-primeira-edicao-do-arraia-mio-di-bao-com-16-dias-de-festa\\\/#primaryimage\"},\"thumbnailUrl\":\"https:\\\/\\\/regiaonews.net.br\\\/2022\\\/wp-content\\\/uploads\\\/2023\\\/05\\\/IMG-20230515-WA0190.jpg\",\"articleSection\":[\"Cidades\",\"Ribeir\u00e3o Preto\"],\"inLanguage\":\"pt-BR\",\"potentialAction\":[{\"@type\":\"CommentAction\",\"name\":\"Comment\",\"target\":[\"https:\\\/\\\/regiaonews.net.br\\\/2022\\\/2023\\\/05\\\/15\\\/ribeirao-preto-recebe-a-primeira-edicao-do-arraia-mio-di-bao-com-16-dias-de-festa\\\/#respond\"]}]},{\"@type\":\"WebPage\",\"@id\":\"https:\\\/\\\/regiaonews.net.br\\\/2022\\\/2023\\\/05\\\/15\\\/ribeirao-preto-recebe-a-primeira-edicao-do-arraia-mio-di-bao-com-16-dias-de-festa\\\/\",\"url\":\"https:\\\/\\\/regiaonews.net.br\\\/2022\\\/2023\\\/05\\\/15\\\/ribeirao-preto-recebe-a-primeira-edicao-do-arraia-mio-di-bao-com-16-dias-de-festa\\\/\",\"name\":\"Ribeir\u00e3o Preto recebe a primeira edi\u00e7\u00e3o do \u201cArrai\u00e1 Mi\u00f3 di B\u00e3o\u201d com 16 dias de festa - Regi\u00e3o News\",\"isPartOf\":{\"@id\":\"https:\\\/\\\/regiaonews.net.br\\\/2022\\\/#website\"},\"primaryImageOfPage\":{\"@id\":\"https:\\\/\\\/regiaonews.net.br\\\/2022\\\/2023\\\/05\\\/15\\\/ribeirao-preto-recebe-a-primeira-edicao-do-arraia-mio-di-bao-com-16-dias-de-festa\\\/#primaryimage\"},\"image\":{\"@id\":\"https:\\\/\\\/regiaonews.net.br\\\/2022\\\/2023\\\/05\\\/15\\\/ribeirao-preto-recebe-a-primeira-edicao-do-arraia-mio-di-bao-com-16-dias-de-festa\\\/#primaryimage\"},\"thumbnailUrl\":\"https:\\\/\\\/regiaonews.net.br\\\/2022\\\/wp-content\\\/uploads\\\/2023\\\/05\\\/IMG-20230515-WA0190.jpg\",\"datePublished\":\"2023-05-15T23:59:14+00:00\",\"breadcrumb\":{\"@id\":\"https:\\\/\\\/regiaonews.net.br\\\/2022\\\/2023\\\/05\\\/15\\\/ribeirao-preto-recebe-a-primeira-edicao-do-arraia-mio-di-bao-com-16-dias-de-festa\\\/#breadcrumb\"},\"inLanguage\":\"pt-BR\",\"potentialAction\":[{\"@type\":\"ReadAction\",\"target\":[\"https:\\\/\\\/regiaonews.net.br\\\/2022\\\/2023\\\/05\\\/15\\\/ribeirao-preto-recebe-a-primeira-edicao-do-arraia-mio-di-bao-com-16-dias-de-festa\\\/\"]}]},{\"@type\":\"ImageObject\",\"inLanguage\":\"pt-BR\",\"@id\":\"https:\\\/\\\/regiaonews.net.br\\\/2022\\\/2023\\\/05\\\/15\\\/ribeirao-preto-recebe-a-primeira-edicao-do-arraia-mio-di-bao-com-16-dias-de-festa\\\/#primaryimage\",\"url\":\"https:\\\/\\\/regiaonews.net.br\\\/2022\\\/wp-content\\\/uploads\\\/2023\\\/05\\\/IMG-20230515-WA0190.jpg\",\"contentUrl\":\"https:\\\/\\\/regiaonews.net.br\\\/2022\\\/wp-content\\\/uploads\\\/2023\\\/05\\\/IMG-20230515-WA0190.jpg\",\"width\":1600,\"height\":1075},{\"@type\":\"BreadcrumbList\",\"@id\":\"https:\\\/\\\/regiaonews.net.br\\\/2022\\\/2023\\\/05\\\/15\\\/ribeirao-preto-recebe-a-primeira-edicao-do-arraia-mio-di-bao-com-16-dias-de-festa\\\/#breadcrumb\",\"itemListElement\":[{\"@type\":\"ListItem\",\"position\":1,\"name\":\"In\u00edcio\",\"item\":\"https:\\\/\\\/regiaonews.net.br\\\/2022\\\/\"},{\"@type\":\"ListItem\",\"position\":2,\"name\":\"Ribeir\u00e3o Preto recebe a primeira edi\u00e7\u00e3o do \u201cArrai\u00e1 Mi\u00f3 di B\u00e3o\u201d com 16 dias de festa\"}]},{\"@type\":\"WebSite\",\"@id\":\"https:\\\/\\\/regiaonews.net.br\\\/2022\\\/#website\",\"url\":\"https:\\\/\\\/regiaonews.net.br\\\/2022\\\/\",\"name\":\"Regi\u00e3o News\",\"description\":\"Site de Not\u00edcias de Barretos e regi\u00e3o\",\"publisher\":{\"@id\":\"https:\\\/\\\/regiaonews.net.br\\\/2022\\\/#organization\"},\"potentialAction\":[{\"@type\":\"SearchAction\",\"target\":{\"@type\":\"EntryPoint\",\"urlTemplate\":\"https:\\\/\\\/regiaonews.net.br\\\/2022\\\/?s={search_term_string}\"},\"query-input\":{\"@type\":\"PropertyValueSpecification\",\"valueRequired\":true,\"valueName\":\"search_term_string\"}}],\"inLanguage\":\"pt-BR\"},{\"@type\":\"Organization\",\"@id\":\"https:\\\/\\\/regiaonews.net.br\\\/2022\\\/#organization\",\"name\":\"Regi\u00e3o News\",\"url\":\"https:\\\/\\\/regiaonews.net.br\\\/2022\\\/\",\"logo\":{\"@type\":\"ImageObject\",\"inLanguage\":\"pt-BR\",\"@id\":\"https:\\\/\\\/regiaonews.net.br\\\/2022\\\/#\\\/schema\\\/logo\\\/image\\\/\",\"url\":\"https:\\\/\\\/regiaonews.net.br\\\/2022\\\/wp-content\\\/uploads\\\/2026\\\/03\\\/regiao-13-anos-scaled.jpg\",\"contentUrl\":\"https:\\\/\\\/regiaonews.net.br\\\/2022\\\/wp-content\\\/uploads\\\/2026\\\/03\\\/regiao-13-anos-scaled.jpg\",\"width\":2560,\"height\":635,\"caption\":\"Regi\u00e3o News\"},\"image\":{\"@id\":\"https:\\\/\\\/regiaonews.net.br\\\/2022\\\/#\\\/schema\\\/logo\\\/image\\\/\"}},{\"@type\":\"Person\",\"@id\":\"https:\\\/\\\/regiaonews.net.br\\\/2022\\\/#\\\/schema\\\/person\\\/2d205a608a5aa97ac279d7a5e6d89ad8\",\"name\":\"Roberto\",\"image\":{\"@type\":\"ImageObject\",\"inLanguage\":\"pt-BR\",\"@id\":\"https:\\\/\\\/secure.gravatar.com\\\/avatar\\\/42749d8b712ff9d59ca93dc150494e5b55a44134482993f5baeb97e61b7ecc89?s=96&d=mm&r=g\",\"url\":\"https:\\\/\\\/secure.gravatar.com\\\/avatar\\\/42749d8b712ff9d59ca93dc150494e5b55a44134482993f5baeb97e61b7ecc89?s=96&d=mm&r=g\",\"contentUrl\":\"https:\\\/\\\/secure.gravatar.com\\\/avatar\\\/42749d8b712ff9d59ca93dc150494e5b55a44134482993f5baeb97e61b7ecc89?s=96&d=mm&r=g\",\"caption\":\"Roberto\"},\"url\":\"https:\\\/\\\/regiaonews.net.br\\\/2022\\\/author\\\/roberto\\\/\"}]}<\/script>\n<!-- \/ Yoast SEO plugin. -->","yoast_head_json":{"title":"Ribeir\u00e3o Preto recebe a primeira edi\u00e7\u00e3o do \u201cArrai\u00e1 Mi\u00f3 di B\u00e3o\u201d com 16 dias de festa - Regi\u00e3o News","robots":{"index":"index","follow":"follow","max-snippet":"max-snippet:-1","max-image-preview":"max-image-preview:large","max-video-preview":"max-video-preview:-1"},"canonical":"https:\/\/regiaonews.net.br\/2022\/2023\/05\/15\/ribeirao-preto-recebe-a-primeira-edicao-do-arraia-mio-di-bao-com-16-dias-de-festa\/","og_locale":"pt_BR","og_type":"article","og_title":"Ribeir\u00e3o Preto recebe a primeira edi\u00e7\u00e3o do \u201cArrai\u00e1 Mi\u00f3 di B\u00e3o\u201d com 16 dias de festa - Regi\u00e3o News","og_description":"&nbsp; Evento ser\u00e1 realizado de 16 de junho a 16","og_url":"https:\/\/regiaonews.net.br\/2022\/2023\/05\/15\/ribeirao-preto-recebe-a-primeira-edicao-do-arraia-mio-di-bao-com-16-dias-de-festa\/","og_site_name":"Regi\u00e3o News","article_published_time":"2023-05-15T23:59:14+00:00","og_image":[{"width":1600,"height":1075,"url":"https:\/\/regiaonews.net.br\/2022\/wp-content\/uploads\/2023\/05\/IMG-20230515-WA0190.jpg","type":"image\/jpeg"}],"author":"Roberto","twitter_card":"summary_large_image","twitter_misc":{"Escrito por":"Roberto","Est. tempo de leitura":"3 minutos"},"schema":{"@context":"https:\/\/schema.org","@graph":[{"@type":"Article","@id":"https:\/\/regiaonews.net.br\/2022\/2023\/05\/15\/ribeirao-preto-recebe-a-primeira-edicao-do-arraia-mio-di-bao-com-16-dias-de-festa\/#article","isPartOf":{"@id":"https:\/\/regiaonews.net.br\/2022\/2023\/05\/15\/ribeirao-preto-recebe-a-primeira-edicao-do-arraia-mio-di-bao-com-16-dias-de-festa\/"},"author":{"name":"Roberto","@id":"https:\/\/regiaonews.net.br\/2022\/#\/schema\/person\/2d205a608a5aa97ac279d7a5e6d89ad8"},"headline":"Ribeir\u00e3o Preto recebe a primeira edi\u00e7\u00e3o do \u201cArrai\u00e1 Mi\u00f3 di B\u00e3o\u201d com 16 dias de festa","datePublished":"2023-05-15T23:59:14+00:00","mainEntityOfPage":{"@id":"https:\/\/regiaonews.net.br\/2022\/2023\/05\/15\/ribeirao-preto-recebe-a-primeira-edicao-do-arraia-mio-di-bao-com-16-dias-de-festa\/"},"wordCount":596,"commentCount":0,"publisher":{"@id":"https:\/\/regiaonews.net.br\/2022\/#organization"},"image":{"@id":"https:\/\/regiaonews.net.br\/2022\/2023\/05\/15\/ribeirao-preto-recebe-a-primeira-edicao-do-arraia-mio-di-bao-com-16-dias-de-festa\/#primaryimage"},"thumbnailUrl":"https:\/\/regiaonews.net.br\/2022\/wp-content\/uploads\/2023\/05\/IMG-20230515-WA0190.jpg","articleSection":["Cidades","Ribeir\u00e3o Preto"],"inLanguage":"pt-BR","potentialAction":[{"@type":"CommentAction","name":"Comment","target":["https:\/\/regiaonews.net.br\/2022\/2023\/05\/15\/ribeirao-preto-recebe-a-primeira-edicao-do-arraia-mio-di-bao-com-16-dias-de-festa\/#respond"]}]},{"@type":"WebPage","@id":"https:\/\/regiaonews.net.br\/2022\/2023\/05\/15\/ribeirao-preto-recebe-a-primeira-edicao-do-arraia-mio-di-bao-com-16-dias-de-festa\/","url":"https:\/\/regiaonews.net.br\/2022\/2023\/05\/15\/ribeirao-preto-recebe-a-primeira-edicao-do-arraia-mio-di-bao-com-16-dias-de-festa\/","name":"Ribeir\u00e3o Preto recebe a primeira edi\u00e7\u00e3o do \u201cArrai\u00e1 Mi\u00f3 di B\u00e3o\u201d com 16 dias de festa - Regi\u00e3o News","isPartOf":{"@id":"https:\/\/regiaonews.net.br\/2022\/#website"},"primaryImageOfPage":{"@id":"https:\/\/regiaonews.net.br\/2022\/2023\/05\/15\/ribeirao-preto-recebe-a-primeira-edicao-do-arraia-mio-di-bao-com-16-dias-de-festa\/#primaryimage"},"image":{"@id":"https:\/\/regiaonews.net.br\/2022\/2023\/05\/15\/ribeirao-preto-recebe-a-primeira-edicao-do-arraia-mio-di-bao-com-16-dias-de-festa\/#primaryimage"},"thumbnailUrl":"https:\/\/regiaonews.net.br\/2022\/wp-content\/uploads\/2023\/05\/IMG-20230515-WA0190.jpg","datePublished":"2023-05-15T23:59:14+00:00","breadcrumb":{"@id":"https:\/\/regiaonews.net.br\/2022\/2023\/05\/15\/ribeirao-preto-recebe-a-primeira-edicao-do-arraia-mio-di-bao-com-16-dias-de-festa\/#breadcrumb"},"inLanguage":"pt-BR","potentialAction":[{"@type":"ReadAction","target":["https:\/\/regiaonews.net.br\/2022\/2023\/05\/15\/ribeirao-preto-recebe-a-primeira-edicao-do-arraia-mio-di-bao-com-16-dias-de-festa\/"]}]},{"@type":"ImageObject","inLanguage":"pt-BR","@id":"https:\/\/regiaonews.net.br\/2022\/2023\/05\/15\/ribeirao-preto-recebe-a-primeira-edicao-do-arraia-mio-di-bao-com-16-dias-de-festa\/#primaryimage","url":"https:\/\/regiaonews.net.br\/2022\/wp-content\/uploads\/2023\/05\/IMG-20230515-WA0190.jpg","contentUrl":"https:\/\/regiaonews.net.br\/2022\/wp-content\/uploads\/2023\/05\/IMG-20230515-WA0190.jpg","width":1600,"height":1075},{"@type":"BreadcrumbList","@id":"https:\/\/regiaonews.net.br\/2022\/2023\/05\/15\/ribeirao-preto-recebe-a-primeira-edicao-do-arraia-mio-di-bao-com-16-dias-de-festa\/#breadcrumb","itemListElement":[{"@type":"ListItem","position":1,"name":"In\u00edcio","item":"https:\/\/regiaonews.net.br\/2022\/"},{"@type":"ListItem","position":2,"name":"Ribeir\u00e3o Preto recebe a primeira edi\u00e7\u00e3o do \u201cArrai\u00e1 Mi\u00f3 di B\u00e3o\u201d com 16 dias de festa"}]},{"@type":"WebSite","@id":"https:\/\/regiaonews.net.br\/2022\/#website","url":"https:\/\/regiaonews.net.br\/2022\/","name":"Regi\u00e3o News","description":"Site de Not\u00edcias de Barretos e regi\u00e3o","publisher":{"@id":"https:\/\/regiaonews.net.br\/2022\/#organization"},"potentialAction":[{"@type":"SearchAction","target":{"@type":"EntryPoint","urlTemplate":"https:\/\/regiaonews.net.br\/2022\/?s={search_term_string}"},"query-input":{"@type":"PropertyValueSpecification","valueRequired":true,"valueName":"search_term_string"}}],"inLanguage":"pt-BR"},{"@type":"Organization","@id":"https:\/\/regiaonews.net.br\/2022\/#organization","name":"Regi\u00e3o News","url":"https:\/\/regiaonews.net.br\/2022\/","logo":{"@type":"ImageObject","inLanguage":"pt-BR","@id":"https:\/\/regiaonews.net.br\/2022\/#\/schema\/logo\/image\/","url":"https:\/\/regiaonews.net.br\/2022\/wp-content\/uploads\/2026\/03\/regiao-13-anos-scaled.jpg","contentUrl":"https:\/\/regiaonews.net.br\/2022\/wp-content\/uploads\/2026\/03\/regiao-13-anos-scaled.jpg","width":2560,"height":635,"caption":"Regi\u00e3o News"},"image":{"@id":"https:\/\/regiaonews.net.br\/2022\/#\/schema\/logo\/image\/"}},{"@type":"Person","@id":"https:\/\/regiaonews.net.br\/2022\/#\/schema\/person\/2d205a608a5aa97ac279d7a5e6d89ad8","name":"Roberto","image":{"@type":"ImageObject","inLanguage":"pt-BR","@id":"https:\/\/secure.gravatar.com\/avatar\/42749d8b712ff9d59ca93dc150494e5b55a44134482993f5baeb97e61b7ecc89?s=96&d=mm&r=g","url":"https:\/\/secure.gravatar.com\/avatar\/42749d8b712ff9d59ca93dc150494e5b55a44134482993f5baeb97e61b7ecc89?s=96&d=mm&r=g","contentUrl":"https:\/\/secure.gravatar.com\/avatar\/42749d8b712ff9d59ca93dc150494e5b55a44134482993f5baeb97e61b7ecc89?s=96&d=mm&r=g","caption":"Roberto"},"url":"https:\/\/regiaonews.net.br\/2022\/author\/roberto\/"}]}},"publishpress_future_action":{"enabled":false,"date":"2026-05-03 18:24:54","action":"change-status","newStatus":"draft","terms":[],"taxonomy":"category","extraData":[]},"publishpress_future_workflow_manual_trigger":{"enabledWorkflows":[]},"_links":{"self":[{"href":"https:\/\/regiaonews.net.br\/2022\/wp-json\/wp\/v2\/posts\/88216","targetHints":{"allow":["GET"]}}],"collection":[{"href":"https:\/\/regiaonews.net.br\/2022\/wp-json\/wp\/v2\/posts"}],"about":[{"href":"https:\/\/regiaonews.net.br\/2022\/wp-json\/wp\/v2\/types\/post"}],"author":[{"embeddable":true,"href":"https:\/\/regiaonews.net.br\/2022\/wp-json\/wp\/v2\/users\/2"}],"replies":[{"embeddable":true,"href":"https:\/\/regiaonews.net.br\/2022\/wp-json\/wp\/v2\/comments?post=88216"}],"version-history":[{"count":1,"href":"https:\/\/regiaonews.net.br\/2022\/wp-json\/wp\/v2\/posts\/88216\/revisions"}],"predecessor-version":[{"id":88218,"href":"https:\/\/regiaonews.net.br\/2022\/wp-json\/wp\/v2\/posts\/88216\/revisions\/88218"}],"wp:featuredmedia":[{"embeddable":true,"href":"https:\/\/regiaonews.net.br\/2022\/wp-json\/wp\/v2\/media\/88217"}],"wp:attachment":[{"href":"https:\/\/regiaonews.net.br\/2022\/wp-json\/wp\/v2\/media?parent=88216"}],"wp:term":[{"taxonomy":"category","embeddable":true,"href":"https:\/\/regiaonews.net.br\/2022\/wp-json\/wp\/v2\/categories?post=88216"},{"taxonomy":"post_tag","embeddable":true,"href":"https:\/\/regiaonews.net.br\/2022\/wp-json\/wp\/v2\/tags?post=88216"}],"curies":[{"name":"wp","href":"https:\/\/api.w.org\/{rel}","templated":true}]}}