{"id":88208,"date":"2023-05-15T19:23:58","date_gmt":"2023-05-15T22:23:58","guid":{"rendered":"https:\/\/regiaonews.net.br\/2022\/?p=88208"},"modified":"2023-05-15T19:23:58","modified_gmt":"2023-05-15T22:23:58","slug":"prefeitura-aumenta-repasse-das-entidades-assistenciais-conveniadas-a-secretaria-municipal-de-educacao","status":"publish","type":"post","link":"https:\/\/regiaonews.net.br\/2022\/2023\/05\/15\/prefeitura-aumenta-repasse-das-entidades-assistenciais-conveniadas-a-secretaria-municipal-de-educacao\/","title":{"rendered":"Prefeitura aumenta repasse das entidades assistenciais conveniadas \u00e0 Secretaria Municipal de Educa\u00e7\u00e3o"},"content":{"rendered":"<p>Prefeita Paula Lemos anunciou acr\u00e9scimo de 25% para institui\u00e7\u00f5es que prestam atendimento na educa\u00e7\u00e3o infantil e 10,71% educa\u00e7\u00e3o especial<\/p>\n<p>A prefeita da Est\u00e2ncia Tur\u00edstica de Barretos, Paula Lemos, anunciou na manh\u00e3 desta segunda-feira, 15 de maio, um aumento de 25% no repasse da prefeitura \u00e0s entidades assistenciais conveniadas \u00e0 Secretaria Municipal de Educa\u00e7\u00e3o, que prestam atendimento na educa\u00e7\u00e3o infantil, e de 10,71% para institui\u00e7\u00f5es que atendem a educa\u00e7\u00e3o especial do munic\u00edpio. O an\u00fancio foi feito no Audit\u00f3rio do Pa\u00e7o Municipal.<br \/>\nPaula agradeceu a parceria das entidades e aos secret\u00e1rios municipais de Finan\u00e7as, Fernando Oliveira Soares, e de Educa\u00e7\u00e3o, J\u00e9ssica Maria dos Santos, pelo empenho nos estudos que viabilizaram esse aumento. \u201cCom base no di\u00e1logo e no respeito temos buscado atender \u00e0s demandas. Quero agradecer a voc\u00eas por estarem aqui conosco, por serem parceiros nesse desafio constante que \u00e9 a educa\u00e7\u00e3o. Esse aumento foi fruto de muito esfor\u00e7o\u201d, destacou.<br \/>\nJ\u00e9ssica salientou o trabalho conjunto entre as secretarias para atender as demandas apresentadas e afirmou que o di\u00e1logo pauta o trabalho desta gest\u00e3o. \u201cA gente olha com muito respeito para o trabalho que voc\u00eas desenvolvem e tamb\u00e9m para os desafios do dia a dia em todas as nossas institui\u00e7\u00f5es parceiras. \u00c9 um aumento bastante significativo que vai auxiliar no trabalho desenvolvido por voc\u00eas. Quem ganha \u00e9 a educa\u00e7\u00e3o do nosso munic\u00edpio\u201d, disse.<br \/>\nO secret\u00e1rio de Finan\u00e7as, Fernando Soares, falou da satisfa\u00e7\u00e3o em poder compartilhar a not\u00edcia e contou que \u201ceduca\u00e7\u00e3o com qualidade, equidade e inclusiva\u201d \u00e9 um programa de governo que comp\u00f5e o Plano Plurianual do munic\u00edpio. \u201cEu acredito muito na tese de que os investimentos na primeira inf\u00e2ncia fazem muita diferen\u00e7a ao longo da vida do aluno e existem estudos cient\u00edficos muito claros em rela\u00e7\u00e3o a estes dados\u201d, comentou.<br \/>\nAgradecimento<br \/>\nMaria Augusta Lopes Vilarinho, presidente da Associa\u00e7\u00e3o Barretense Vida Nova (ABAVIN) agradeceu em nome de todos pela sensibilidade que esta administra\u00e7\u00e3o tem com as institui\u00e7\u00f5es. \u201cH\u00e1 muitos anos que estamos \u00e0 frente de entidades e nunca aconteceu isso. Al\u00e9m de n\u00e3o terem respeito financeiro conosco, n\u00e3o tinham este respeito Paula, que voc\u00ea, o Fernando, a J\u00e9ssica e toda equipe est\u00e3o tendo com as entidades\u201d, afirmou.<br \/>\nPrimeiros socorros<br \/>\nA prefeita destacou tamb\u00e9m a inten\u00e7\u00e3o de levar \u00e0s institui\u00e7\u00f5es os mesmos encontros formativos sobre no\u00e7\u00f5es de primeiros socorros e atendimento a situa\u00e7\u00f5es de risco, promovidos pela Secretaria Municipal de Educa\u00e7\u00e3o em parceria com a Defesa Civil. \u201cA gente n\u00e3o deseja que aconte\u00e7a nenhuma emerg\u00eancia, mas se acontecer \u00e9 important\u00edssimo que estejamos preparados para este momento\u201d, contou.<br \/>\n\u201cS\u00e3o conhecimento que a gente leva para avida toda\u201d, explicou J\u00e9ssica ao esclarecer que pr\u00f3ximos dias as entidades dever\u00e3o ser informadas sobre o calend\u00e1rio dos encontros.<br \/>\nHist\u00f3rico<br \/>\nEm 2021, a prefeita Paula Lemos j\u00e1 havia aumentado o repasse \u00e0s entidades ligadas \u00e0 educa\u00e7\u00e3o infantil em 11,63% e em 25% para a educa\u00e7\u00e3o especial, para cada crian\u00e7a atendida. Os valores passaram a valer em 2022. Somados ao aumento anunciado hoje, os repasses \u00e0s entidades ligadas \u00e0 educa\u00e7\u00e3o infantil tiveram uma alta de 36,63% e as de educa\u00e7\u00e3o especial 35,71%, desde o in\u00edcio desta gest\u00e3o.<\/p>\n","protected":false},"excerpt":{"rendered":"<p>Prefeita Paula Lemos anunciou acr\u00e9scimo de 25% para institui\u00e7\u00f5es que<\/p>\n","protected":false},"author":2,"featured_media":88209,"comment_status":"open","ping_status":"open","sticky":false,"template":"","format":"standard","meta":{"footnotes":""},"categories":[14,25],"tags":[],"class_list":["post-88208","post","type-post","status-publish","format-standard","has-post-thumbnail","hentry","category-barretos","category-cidades"],"yoast_head":"<!-- This site is optimized with the Yoast SEO plugin v27.4 - https:\/\/yoast.com\/product\/yoast-seo-wordpress\/ -->\n<title>Prefeitura aumenta repasse das entidades assistenciais conveniadas \u00e0 Secretaria Municipal de Educa\u00e7\u00e3o - Regi\u00e3o News<\/title>\n<meta name=\"robots\" content=\"index, follow, max-snippet:-1, max-image-preview:large, max-video-preview:-1\" \/>\n<link rel=\"canonical\" href=\"https:\/\/regiaonews.net.br\/2022\/2023\/05\/15\/prefeitura-aumenta-repasse-das-entidades-assistenciais-conveniadas-a-secretaria-municipal-de-educacao\/\" \/>\n<meta property=\"og:locale\" content=\"pt_BR\" \/>\n<meta property=\"og:type\" content=\"article\" \/>\n<meta property=\"og:title\" content=\"Prefeitura aumenta repasse das entidades assistenciais conveniadas \u00e0 Secretaria Municipal de Educa\u00e7\u00e3o - Regi\u00e3o News\" \/>\n<meta property=\"og:description\" content=\"Prefeita Paula Lemos anunciou acr\u00e9scimo de 25% para institui\u00e7\u00f5es que\" \/>\n<meta property=\"og:url\" content=\"https:\/\/regiaonews.net.br\/2022\/2023\/05\/15\/prefeitura-aumenta-repasse-das-entidades-assistenciais-conveniadas-a-secretaria-municipal-de-educacao\/\" \/>\n<meta property=\"og:site_name\" content=\"Regi\u00e3o News\" \/>\n<meta property=\"article:published_time\" content=\"2023-05-15T22:23:58+00:00\" \/>\n<meta property=\"og:image\" content=\"https:\/\/regiaonews.net.br\/2022\/wp-content\/uploads\/2023\/05\/WhatsApp-Image-2023-05-15-at-17.10.49.jpeg\" \/>\n\t<meta property=\"og:image:width\" content=\"1600\" \/>\n\t<meta property=\"og:image:height\" content=\"1068\" \/>\n\t<meta property=\"og:image:type\" content=\"image\/jpeg\" \/>\n<meta name=\"author\" content=\"Roberto\" \/>\n<meta name=\"twitter:card\" content=\"summary_large_image\" \/>\n<meta name=\"twitter:label1\" content=\"Escrito por\" \/>\n\t<meta name=\"twitter:data1\" content=\"Roberto\" \/>\n\t<meta name=\"twitter:label2\" content=\"Est. tempo de leitura\" \/>\n\t<meta name=\"twitter:data2\" content=\"3 minutos\" \/>\n<script type=\"application\/ld+json\" class=\"yoast-schema-graph\">{\"@context\":\"https:\\\/\\\/schema.org\",\"@graph\":[{\"@type\":\"Article\",\"@id\":\"https:\\\/\\\/regiaonews.net.br\\\/2022\\\/2023\\\/05\\\/15\\\/prefeitura-aumenta-repasse-das-entidades-assistenciais-conveniadas-a-secretaria-municipal-de-educacao\\\/#article\",\"isPartOf\":{\"@id\":\"https:\\\/\\\/regiaonews.net.br\\\/2022\\\/2023\\\/05\\\/15\\\/prefeitura-aumenta-repasse-das-entidades-assistenciais-conveniadas-a-secretaria-municipal-de-educacao\\\/\"},\"author\":{\"name\":\"Roberto\",\"@id\":\"https:\\\/\\\/regiaonews.net.br\\\/2022\\\/#\\\/schema\\\/person\\\/2d205a608a5aa97ac279d7a5e6d89ad8\"},\"headline\":\"Prefeitura aumenta repasse das entidades assistenciais conveniadas \u00e0 Secretaria Municipal de Educa\u00e7\u00e3o\",\"datePublished\":\"2023-05-15T22:23:58+00:00\",\"mainEntityOfPage\":{\"@id\":\"https:\\\/\\\/regiaonews.net.br\\\/2022\\\/2023\\\/05\\\/15\\\/prefeitura-aumenta-repasse-das-entidades-assistenciais-conveniadas-a-secretaria-municipal-de-educacao\\\/\"},\"wordCount\":571,\"commentCount\":0,\"publisher\":{\"@id\":\"https:\\\/\\\/regiaonews.net.br\\\/2022\\\/#organization\"},\"image\":{\"@id\":\"https:\\\/\\\/regiaonews.net.br\\\/2022\\\/2023\\\/05\\\/15\\\/prefeitura-aumenta-repasse-das-entidades-assistenciais-conveniadas-a-secretaria-municipal-de-educacao\\\/#primaryimage\"},\"thumbnailUrl\":\"https:\\\/\\\/regiaonews.net.br\\\/2022\\\/wp-content\\\/uploads\\\/2023\\\/05\\\/WhatsApp-Image-2023-05-15-at-17.10.49.jpeg\",\"articleSection\":[\"Barretos\",\"Cidades\"],\"inLanguage\":\"pt-BR\",\"potentialAction\":[{\"@type\":\"CommentAction\",\"name\":\"Comment\",\"target\":[\"https:\\\/\\\/regiaonews.net.br\\\/2022\\\/2023\\\/05\\\/15\\\/prefeitura-aumenta-repasse-das-entidades-assistenciais-conveniadas-a-secretaria-municipal-de-educacao\\\/#respond\"]}]},{\"@type\":\"WebPage\",\"@id\":\"https:\\\/\\\/regiaonews.net.br\\\/2022\\\/2023\\\/05\\\/15\\\/prefeitura-aumenta-repasse-das-entidades-assistenciais-conveniadas-a-secretaria-municipal-de-educacao\\\/\",\"url\":\"https:\\\/\\\/regiaonews.net.br\\\/2022\\\/2023\\\/05\\\/15\\\/prefeitura-aumenta-repasse-das-entidades-assistenciais-conveniadas-a-secretaria-municipal-de-educacao\\\/\",\"name\":\"Prefeitura aumenta repasse das entidades assistenciais conveniadas \u00e0 Secretaria Municipal de Educa\u00e7\u00e3o - Regi\u00e3o News\",\"isPartOf\":{\"@id\":\"https:\\\/\\\/regiaonews.net.br\\\/2022\\\/#website\"},\"primaryImageOfPage\":{\"@id\":\"https:\\\/\\\/regiaonews.net.br\\\/2022\\\/2023\\\/05\\\/15\\\/prefeitura-aumenta-repasse-das-entidades-assistenciais-conveniadas-a-secretaria-municipal-de-educacao\\\/#primaryimage\"},\"image\":{\"@id\":\"https:\\\/\\\/regiaonews.net.br\\\/2022\\\/2023\\\/05\\\/15\\\/prefeitura-aumenta-repasse-das-entidades-assistenciais-conveniadas-a-secretaria-municipal-de-educacao\\\/#primaryimage\"},\"thumbnailUrl\":\"https:\\\/\\\/regiaonews.net.br\\\/2022\\\/wp-content\\\/uploads\\\/2023\\\/05\\\/WhatsApp-Image-2023-05-15-at-17.10.49.jpeg\",\"datePublished\":\"2023-05-15T22:23:58+00:00\",\"breadcrumb\":{\"@id\":\"https:\\\/\\\/regiaonews.net.br\\\/2022\\\/2023\\\/05\\\/15\\\/prefeitura-aumenta-repasse-das-entidades-assistenciais-conveniadas-a-secretaria-municipal-de-educacao\\\/#breadcrumb\"},\"inLanguage\":\"pt-BR\",\"potentialAction\":[{\"@type\":\"ReadAction\",\"target\":[\"https:\\\/\\\/regiaonews.net.br\\\/2022\\\/2023\\\/05\\\/15\\\/prefeitura-aumenta-repasse-das-entidades-assistenciais-conveniadas-a-secretaria-municipal-de-educacao\\\/\"]}]},{\"@type\":\"ImageObject\",\"inLanguage\":\"pt-BR\",\"@id\":\"https:\\\/\\\/regiaonews.net.br\\\/2022\\\/2023\\\/05\\\/15\\\/prefeitura-aumenta-repasse-das-entidades-assistenciais-conveniadas-a-secretaria-municipal-de-educacao\\\/#primaryimage\",\"url\":\"https:\\\/\\\/regiaonews.net.br\\\/2022\\\/wp-content\\\/uploads\\\/2023\\\/05\\\/WhatsApp-Image-2023-05-15-at-17.10.49.jpeg\",\"contentUrl\":\"https:\\\/\\\/regiaonews.net.br\\\/2022\\\/wp-content\\\/uploads\\\/2023\\\/05\\\/WhatsApp-Image-2023-05-15-at-17.10.49.jpeg\",\"width\":1600,\"height\":1068},{\"@type\":\"BreadcrumbList\",\"@id\":\"https:\\\/\\\/regiaonews.net.br\\\/2022\\\/2023\\\/05\\\/15\\\/prefeitura-aumenta-repasse-das-entidades-assistenciais-conveniadas-a-secretaria-municipal-de-educacao\\\/#breadcrumb\",\"itemListElement\":[{\"@type\":\"ListItem\",\"position\":1,\"name\":\"In\u00edcio\",\"item\":\"https:\\\/\\\/regiaonews.net.br\\\/2022\\\/\"},{\"@type\":\"ListItem\",\"position\":2,\"name\":\"Prefeitura aumenta repasse das entidades assistenciais conveniadas \u00e0 Secretaria Municipal de Educa\u00e7\u00e3o\"}]},{\"@type\":\"WebSite\",\"@id\":\"https:\\\/\\\/regiaonews.net.br\\\/2022\\\/#website\",\"url\":\"https:\\\/\\\/regiaonews.net.br\\\/2022\\\/\",\"name\":\"Regi\u00e3o News\",\"description\":\"Site de Not\u00edcias de Barretos e regi\u00e3o\",\"publisher\":{\"@id\":\"https:\\\/\\\/regiaonews.net.br\\\/2022\\\/#organization\"},\"potentialAction\":[{\"@type\":\"SearchAction\",\"target\":{\"@type\":\"EntryPoint\",\"urlTemplate\":\"https:\\\/\\\/regiaonews.net.br\\\/2022\\\/?s={search_term_string}\"},\"query-input\":{\"@type\":\"PropertyValueSpecification\",\"valueRequired\":true,\"valueName\":\"search_term_string\"}}],\"inLanguage\":\"pt-BR\"},{\"@type\":\"Organization\",\"@id\":\"https:\\\/\\\/regiaonews.net.br\\\/2022\\\/#organization\",\"name\":\"Regi\u00e3o News\",\"url\":\"https:\\\/\\\/regiaonews.net.br\\\/2022\\\/\",\"logo\":{\"@type\":\"ImageObject\",\"inLanguage\":\"pt-BR\",\"@id\":\"https:\\\/\\\/regiaonews.net.br\\\/2022\\\/#\\\/schema\\\/logo\\\/image\\\/\",\"url\":\"https:\\\/\\\/regiaonews.net.br\\\/2022\\\/wp-content\\\/uploads\\\/2026\\\/03\\\/regiao-13-anos-scaled.jpg\",\"contentUrl\":\"https:\\\/\\\/regiaonews.net.br\\\/2022\\\/wp-content\\\/uploads\\\/2026\\\/03\\\/regiao-13-anos-scaled.jpg\",\"width\":2560,\"height\":635,\"caption\":\"Regi\u00e3o News\"},\"image\":{\"@id\":\"https:\\\/\\\/regiaonews.net.br\\\/2022\\\/#\\\/schema\\\/logo\\\/image\\\/\"}},{\"@type\":\"Person\",\"@id\":\"https:\\\/\\\/regiaonews.net.br\\\/2022\\\/#\\\/schema\\\/person\\\/2d205a608a5aa97ac279d7a5e6d89ad8\",\"name\":\"Roberto\",\"image\":{\"@type\":\"ImageObject\",\"inLanguage\":\"pt-BR\",\"@id\":\"https:\\\/\\\/secure.gravatar.com\\\/avatar\\\/42749d8b712ff9d59ca93dc150494e5b55a44134482993f5baeb97e61b7ecc89?s=96&d=mm&r=g\",\"url\":\"https:\\\/\\\/secure.gravatar.com\\\/avatar\\\/42749d8b712ff9d59ca93dc150494e5b55a44134482993f5baeb97e61b7ecc89?s=96&d=mm&r=g\",\"contentUrl\":\"https:\\\/\\\/secure.gravatar.com\\\/avatar\\\/42749d8b712ff9d59ca93dc150494e5b55a44134482993f5baeb97e61b7ecc89?s=96&d=mm&r=g\",\"caption\":\"Roberto\"},\"url\":\"https:\\\/\\\/regiaonews.net.br\\\/2022\\\/author\\\/roberto\\\/\"}]}<\/script>\n<!-- \/ Yoast SEO plugin. -->","yoast_head_json":{"title":"Prefeitura aumenta repasse das entidades assistenciais conveniadas \u00e0 Secretaria Municipal de Educa\u00e7\u00e3o - Regi\u00e3o News","robots":{"index":"index","follow":"follow","max-snippet":"max-snippet:-1","max-image-preview":"max-image-preview:large","max-video-preview":"max-video-preview:-1"},"canonical":"https:\/\/regiaonews.net.br\/2022\/2023\/05\/15\/prefeitura-aumenta-repasse-das-entidades-assistenciais-conveniadas-a-secretaria-municipal-de-educacao\/","og_locale":"pt_BR","og_type":"article","og_title":"Prefeitura aumenta repasse das entidades assistenciais conveniadas \u00e0 Secretaria Municipal de Educa\u00e7\u00e3o - Regi\u00e3o News","og_description":"Prefeita Paula Lemos anunciou acr\u00e9scimo de 25% para institui\u00e7\u00f5es que","og_url":"https:\/\/regiaonews.net.br\/2022\/2023\/05\/15\/prefeitura-aumenta-repasse-das-entidades-assistenciais-conveniadas-a-secretaria-municipal-de-educacao\/","og_site_name":"Regi\u00e3o News","article_published_time":"2023-05-15T22:23:58+00:00","og_image":[{"width":1600,"height":1068,"url":"https:\/\/regiaonews.net.br\/2022\/wp-content\/uploads\/2023\/05\/WhatsApp-Image-2023-05-15-at-17.10.49.jpeg","type":"image\/jpeg"}],"author":"Roberto","twitter_card":"summary_large_image","twitter_misc":{"Escrito por":"Roberto","Est. tempo de leitura":"3 minutos"},"schema":{"@context":"https:\/\/schema.org","@graph":[{"@type":"Article","@id":"https:\/\/regiaonews.net.br\/2022\/2023\/05\/15\/prefeitura-aumenta-repasse-das-entidades-assistenciais-conveniadas-a-secretaria-municipal-de-educacao\/#article","isPartOf":{"@id":"https:\/\/regiaonews.net.br\/2022\/2023\/05\/15\/prefeitura-aumenta-repasse-das-entidades-assistenciais-conveniadas-a-secretaria-municipal-de-educacao\/"},"author":{"name":"Roberto","@id":"https:\/\/regiaonews.net.br\/2022\/#\/schema\/person\/2d205a608a5aa97ac279d7a5e6d89ad8"},"headline":"Prefeitura aumenta repasse das entidades assistenciais conveniadas \u00e0 Secretaria Municipal de Educa\u00e7\u00e3o","datePublished":"2023-05-15T22:23:58+00:00","mainEntityOfPage":{"@id":"https:\/\/regiaonews.net.br\/2022\/2023\/05\/15\/prefeitura-aumenta-repasse-das-entidades-assistenciais-conveniadas-a-secretaria-municipal-de-educacao\/"},"wordCount":571,"commentCount":0,"publisher":{"@id":"https:\/\/regiaonews.net.br\/2022\/#organization"},"image":{"@id":"https:\/\/regiaonews.net.br\/2022\/2023\/05\/15\/prefeitura-aumenta-repasse-das-entidades-assistenciais-conveniadas-a-secretaria-municipal-de-educacao\/#primaryimage"},"thumbnailUrl":"https:\/\/regiaonews.net.br\/2022\/wp-content\/uploads\/2023\/05\/WhatsApp-Image-2023-05-15-at-17.10.49.jpeg","articleSection":["Barretos","Cidades"],"inLanguage":"pt-BR","potentialAction":[{"@type":"CommentAction","name":"Comment","target":["https:\/\/regiaonews.net.br\/2022\/2023\/05\/15\/prefeitura-aumenta-repasse-das-entidades-assistenciais-conveniadas-a-secretaria-municipal-de-educacao\/#respond"]}]},{"@type":"WebPage","@id":"https:\/\/regiaonews.net.br\/2022\/2023\/05\/15\/prefeitura-aumenta-repasse-das-entidades-assistenciais-conveniadas-a-secretaria-municipal-de-educacao\/","url":"https:\/\/regiaonews.net.br\/2022\/2023\/05\/15\/prefeitura-aumenta-repasse-das-entidades-assistenciais-conveniadas-a-secretaria-municipal-de-educacao\/","name":"Prefeitura aumenta repasse das entidades assistenciais conveniadas \u00e0 Secretaria Municipal de Educa\u00e7\u00e3o - Regi\u00e3o News","isPartOf":{"@id":"https:\/\/regiaonews.net.br\/2022\/#website"},"primaryImageOfPage":{"@id":"https:\/\/regiaonews.net.br\/2022\/2023\/05\/15\/prefeitura-aumenta-repasse-das-entidades-assistenciais-conveniadas-a-secretaria-municipal-de-educacao\/#primaryimage"},"image":{"@id":"https:\/\/regiaonews.net.br\/2022\/2023\/05\/15\/prefeitura-aumenta-repasse-das-entidades-assistenciais-conveniadas-a-secretaria-municipal-de-educacao\/#primaryimage"},"thumbnailUrl":"https:\/\/regiaonews.net.br\/2022\/wp-content\/uploads\/2023\/05\/WhatsApp-Image-2023-05-15-at-17.10.49.jpeg","datePublished":"2023-05-15T22:23:58+00:00","breadcrumb":{"@id":"https:\/\/regiaonews.net.br\/2022\/2023\/05\/15\/prefeitura-aumenta-repasse-das-entidades-assistenciais-conveniadas-a-secretaria-municipal-de-educacao\/#breadcrumb"},"inLanguage":"pt-BR","potentialAction":[{"@type":"ReadAction","target":["https:\/\/regiaonews.net.br\/2022\/2023\/05\/15\/prefeitura-aumenta-repasse-das-entidades-assistenciais-conveniadas-a-secretaria-municipal-de-educacao\/"]}]},{"@type":"ImageObject","inLanguage":"pt-BR","@id":"https:\/\/regiaonews.net.br\/2022\/2023\/05\/15\/prefeitura-aumenta-repasse-das-entidades-assistenciais-conveniadas-a-secretaria-municipal-de-educacao\/#primaryimage","url":"https:\/\/regiaonews.net.br\/2022\/wp-content\/uploads\/2023\/05\/WhatsApp-Image-2023-05-15-at-17.10.49.jpeg","contentUrl":"https:\/\/regiaonews.net.br\/2022\/wp-content\/uploads\/2023\/05\/WhatsApp-Image-2023-05-15-at-17.10.49.jpeg","width":1600,"height":1068},{"@type":"BreadcrumbList","@id":"https:\/\/regiaonews.net.br\/2022\/2023\/05\/15\/prefeitura-aumenta-repasse-das-entidades-assistenciais-conveniadas-a-secretaria-municipal-de-educacao\/#breadcrumb","itemListElement":[{"@type":"ListItem","position":1,"name":"In\u00edcio","item":"https:\/\/regiaonews.net.br\/2022\/"},{"@type":"ListItem","position":2,"name":"Prefeitura aumenta repasse das entidades assistenciais conveniadas \u00e0 Secretaria Municipal de Educa\u00e7\u00e3o"}]},{"@type":"WebSite","@id":"https:\/\/regiaonews.net.br\/2022\/#website","url":"https:\/\/regiaonews.net.br\/2022\/","name":"Regi\u00e3o News","description":"Site de Not\u00edcias de Barretos e regi\u00e3o","publisher":{"@id":"https:\/\/regiaonews.net.br\/2022\/#organization"},"potentialAction":[{"@type":"SearchAction","target":{"@type":"EntryPoint","urlTemplate":"https:\/\/regiaonews.net.br\/2022\/?s={search_term_string}"},"query-input":{"@type":"PropertyValueSpecification","valueRequired":true,"valueName":"search_term_string"}}],"inLanguage":"pt-BR"},{"@type":"Organization","@id":"https:\/\/regiaonews.net.br\/2022\/#organization","name":"Regi\u00e3o News","url":"https:\/\/regiaonews.net.br\/2022\/","logo":{"@type":"ImageObject","inLanguage":"pt-BR","@id":"https:\/\/regiaonews.net.br\/2022\/#\/schema\/logo\/image\/","url":"https:\/\/regiaonews.net.br\/2022\/wp-content\/uploads\/2026\/03\/regiao-13-anos-scaled.jpg","contentUrl":"https:\/\/regiaonews.net.br\/2022\/wp-content\/uploads\/2026\/03\/regiao-13-anos-scaled.jpg","width":2560,"height":635,"caption":"Regi\u00e3o News"},"image":{"@id":"https:\/\/regiaonews.net.br\/2022\/#\/schema\/logo\/image\/"}},{"@type":"Person","@id":"https:\/\/regiaonews.net.br\/2022\/#\/schema\/person\/2d205a608a5aa97ac279d7a5e6d89ad8","name":"Roberto","image":{"@type":"ImageObject","inLanguage":"pt-BR","@id":"https:\/\/secure.gravatar.com\/avatar\/42749d8b712ff9d59ca93dc150494e5b55a44134482993f5baeb97e61b7ecc89?s=96&d=mm&r=g","url":"https:\/\/secure.gravatar.com\/avatar\/42749d8b712ff9d59ca93dc150494e5b55a44134482993f5baeb97e61b7ecc89?s=96&d=mm&r=g","contentUrl":"https:\/\/secure.gravatar.com\/avatar\/42749d8b712ff9d59ca93dc150494e5b55a44134482993f5baeb97e61b7ecc89?s=96&d=mm&r=g","caption":"Roberto"},"url":"https:\/\/regiaonews.net.br\/2022\/author\/roberto\/"}]}},"publishpress_future_action":{"enabled":false,"date":"2026-05-03 14:54:33","action":"change-status","newStatus":"draft","terms":[],"taxonomy":"category","extraData":[]},"publishpress_future_workflow_manual_trigger":{"enabledWorkflows":[]},"_links":{"self":[{"href":"https:\/\/regiaonews.net.br\/2022\/wp-json\/wp\/v2\/posts\/88208","targetHints":{"allow":["GET"]}}],"collection":[{"href":"https:\/\/regiaonews.net.br\/2022\/wp-json\/wp\/v2\/posts"}],"about":[{"href":"https:\/\/regiaonews.net.br\/2022\/wp-json\/wp\/v2\/types\/post"}],"author":[{"embeddable":true,"href":"https:\/\/regiaonews.net.br\/2022\/wp-json\/wp\/v2\/users\/2"}],"replies":[{"embeddable":true,"href":"https:\/\/regiaonews.net.br\/2022\/wp-json\/wp\/v2\/comments?post=88208"}],"version-history":[{"count":1,"href":"https:\/\/regiaonews.net.br\/2022\/wp-json\/wp\/v2\/posts\/88208\/revisions"}],"predecessor-version":[{"id":88210,"href":"https:\/\/regiaonews.net.br\/2022\/wp-json\/wp\/v2\/posts\/88208\/revisions\/88210"}],"wp:featuredmedia":[{"embeddable":true,"href":"https:\/\/regiaonews.net.br\/2022\/wp-json\/wp\/v2\/media\/88209"}],"wp:attachment":[{"href":"https:\/\/regiaonews.net.br\/2022\/wp-json\/wp\/v2\/media?parent=88208"}],"wp:term":[{"taxonomy":"category","embeddable":true,"href":"https:\/\/regiaonews.net.br\/2022\/wp-json\/wp\/v2\/categories?post=88208"},{"taxonomy":"post_tag","embeddable":true,"href":"https:\/\/regiaonews.net.br\/2022\/wp-json\/wp\/v2\/tags?post=88208"}],"curies":[{"name":"wp","href":"https:\/\/api.w.org\/{rel}","templated":true}]}}