{"id":88201,"date":"2023-05-15T16:46:00","date_gmt":"2023-05-15T19:46:00","guid":{"rendered":"https:\/\/regiaonews.net.br\/2022\/?p=88201"},"modified":"2023-05-15T23:16:25","modified_gmt":"2023-05-16T02:16:25","slug":"prefeitura-de-barretos-entrega-obra-de-reforma-e-revitalizacao-da-praca-da-primavera","status":"publish","type":"post","link":"https:\/\/regiaonews.net.br\/2022\/2023\/05\/15\/prefeitura-de-barretos-entrega-obra-de-reforma-e-revitalizacao-da-praca-da-primavera\/","title":{"rendered":"Prefeitura de Barretos entrega obra de reforma e revitaliza\u00e7\u00e3o da Pra\u00e7a da Primavera"},"content":{"rendered":"<p style=\"text-align: center;\"><a href=\"https:\/\/regiaonews.net.br\/2022\/wp-content\/uploads\/2023\/05\/IMG-20230515-WA0371.jpg\"><img loading=\"lazy\" decoding=\"async\" class=\"alignnone size-medium wp-image-88234\" src=\"https:\/\/regiaonews.net.br\/2022\/wp-content\/uploads\/2023\/05\/IMG-20230515-WA0371-300x200.jpg\" alt=\"\" width=\"300\" height=\"200\" srcset=\"https:\/\/regiaonews.net.br\/2022\/wp-content\/uploads\/2023\/05\/IMG-20230515-WA0371-300x200.jpg 300w, https:\/\/regiaonews.net.br\/2022\/wp-content\/uploads\/2023\/05\/IMG-20230515-WA0371-1024x684.jpg 1024w, https:\/\/regiaonews.net.br\/2022\/wp-content\/uploads\/2023\/05\/IMG-20230515-WA0371-768x513.jpg 768w, https:\/\/regiaonews.net.br\/2022\/wp-content\/uploads\/2023\/05\/IMG-20230515-WA0371-1536x1025.jpg 1536w, https:\/\/regiaonews.net.br\/2022\/wp-content\/uploads\/2023\/05\/IMG-20230515-WA0371-250x167.jpg 250w, https:\/\/regiaonews.net.br\/2022\/wp-content\/uploads\/2023\/05\/IMG-20230515-WA0371-900x600.jpg 900w, https:\/\/regiaonews.net.br\/2022\/wp-content\/uploads\/2023\/05\/IMG-20230515-WA0371.jpg 1600w\" sizes=\"auto, (max-width: 300px) 100vw, 300px\" \/><\/a> <a href=\"https:\/\/regiaonews.net.br\/2022\/wp-content\/uploads\/2023\/05\/IMG-20230515-WA0373.jpg\"><img loading=\"lazy\" decoding=\"async\" class=\"alignnone size-medium wp-image-88235\" src=\"https:\/\/regiaonews.net.br\/2022\/wp-content\/uploads\/2023\/05\/IMG-20230515-WA0373-300x200.jpg\" alt=\"\" width=\"300\" height=\"200\" srcset=\"https:\/\/regiaonews.net.br\/2022\/wp-content\/uploads\/2023\/05\/IMG-20230515-WA0373-300x200.jpg 300w, https:\/\/regiaonews.net.br\/2022\/wp-content\/uploads\/2023\/05\/IMG-20230515-WA0373-1024x684.jpg 1024w, https:\/\/regiaonews.net.br\/2022\/wp-content\/uploads\/2023\/05\/IMG-20230515-WA0373-768x513.jpg 768w, https:\/\/regiaonews.net.br\/2022\/wp-content\/uploads\/2023\/05\/IMG-20230515-WA0373-1536x1025.jpg 1536w, https:\/\/regiaonews.net.br\/2022\/wp-content\/uploads\/2023\/05\/IMG-20230515-WA0373-250x167.jpg 250w, https:\/\/regiaonews.net.br\/2022\/wp-content\/uploads\/2023\/05\/IMG-20230515-WA0373-900x600.jpg 900w, https:\/\/regiaonews.net.br\/2022\/wp-content\/uploads\/2023\/05\/IMG-20230515-WA0373.jpg 1600w\" sizes=\"auto, (max-width: 300px) 100vw, 300px\" \/><\/a> <a href=\"https:\/\/regiaonews.net.br\/2022\/wp-content\/uploads\/2023\/05\/IMG-20230515-WA0374.jpg\"><img loading=\"lazy\" decoding=\"async\" class=\"alignnone size-medium wp-image-88236\" src=\"https:\/\/regiaonews.net.br\/2022\/wp-content\/uploads\/2023\/05\/IMG-20230515-WA0374-300x200.jpg\" alt=\"\" width=\"300\" height=\"200\" srcset=\"https:\/\/regiaonews.net.br\/2022\/wp-content\/uploads\/2023\/05\/IMG-20230515-WA0374-300x200.jpg 300w, https:\/\/regiaonews.net.br\/2022\/wp-content\/uploads\/2023\/05\/IMG-20230515-WA0374-1024x684.jpg 1024w, https:\/\/regiaonews.net.br\/2022\/wp-content\/uploads\/2023\/05\/IMG-20230515-WA0374-768x513.jpg 768w, https:\/\/regiaonews.net.br\/2022\/wp-content\/uploads\/2023\/05\/IMG-20230515-WA0374-1536x1025.jpg 1536w, https:\/\/regiaonews.net.br\/2022\/wp-content\/uploads\/2023\/05\/IMG-20230515-WA0374-250x167.jpg 250w, https:\/\/regiaonews.net.br\/2022\/wp-content\/uploads\/2023\/05\/IMG-20230515-WA0374-900x600.jpg 900w, https:\/\/regiaonews.net.br\/2022\/wp-content\/uploads\/2023\/05\/IMG-20230515-WA0374.jpg 1600w\" sizes=\"auto, (max-width: 300px) 100vw, 300px\" \/><\/a> <a href=\"https:\/\/regiaonews.net.br\/2022\/wp-content\/uploads\/2023\/05\/IMG-20230515-WA0375.jpg\"><img loading=\"lazy\" decoding=\"async\" class=\"alignnone size-medium wp-image-88237\" src=\"https:\/\/regiaonews.net.br\/2022\/wp-content\/uploads\/2023\/05\/IMG-20230515-WA0375-300x200.jpg\" alt=\"\" width=\"300\" height=\"200\" srcset=\"https:\/\/regiaonews.net.br\/2022\/wp-content\/uploads\/2023\/05\/IMG-20230515-WA0375-300x200.jpg 300w, https:\/\/regiaonews.net.br\/2022\/wp-content\/uploads\/2023\/05\/IMG-20230515-WA0375-1024x684.jpg 1024w, https:\/\/regiaonews.net.br\/2022\/wp-content\/uploads\/2023\/05\/IMG-20230515-WA0375-768x513.jpg 768w, https:\/\/regiaonews.net.br\/2022\/wp-content\/uploads\/2023\/05\/IMG-20230515-WA0375-1536x1025.jpg 1536w, https:\/\/regiaonews.net.br\/2022\/wp-content\/uploads\/2023\/05\/IMG-20230515-WA0375-250x167.jpg 250w, https:\/\/regiaonews.net.br\/2022\/wp-content\/uploads\/2023\/05\/IMG-20230515-WA0375-900x600.jpg 900w, https:\/\/regiaonews.net.br\/2022\/wp-content\/uploads\/2023\/05\/IMG-20230515-WA0375.jpg 1600w\" sizes=\"auto, (max-width: 300px) 100vw, 300px\" \/><\/a> <a href=\"https:\/\/regiaonews.net.br\/2022\/wp-content\/uploads\/2023\/05\/IMG-20230515-WA0368.jpg\"><img loading=\"lazy\" decoding=\"async\" class=\"alignnone size-medium wp-image-88238\" src=\"https:\/\/regiaonews.net.br\/2022\/wp-content\/uploads\/2023\/05\/IMG-20230515-WA0368-300x200.jpg\" alt=\"\" width=\"300\" height=\"200\" srcset=\"https:\/\/regiaonews.net.br\/2022\/wp-content\/uploads\/2023\/05\/IMG-20230515-WA0368-300x200.jpg 300w, https:\/\/regiaonews.net.br\/2022\/wp-content\/uploads\/2023\/05\/IMG-20230515-WA0368-1024x684.jpg 1024w, https:\/\/regiaonews.net.br\/2022\/wp-content\/uploads\/2023\/05\/IMG-20230515-WA0368-768x513.jpg 768w, https:\/\/regiaonews.net.br\/2022\/wp-content\/uploads\/2023\/05\/IMG-20230515-WA0368-1536x1025.jpg 1536w, https:\/\/regiaonews.net.br\/2022\/wp-content\/uploads\/2023\/05\/IMG-20230515-WA0368-250x167.jpg 250w, https:\/\/regiaonews.net.br\/2022\/wp-content\/uploads\/2023\/05\/IMG-20230515-WA0368-900x600.jpg 900w, https:\/\/regiaonews.net.br\/2022\/wp-content\/uploads\/2023\/05\/IMG-20230515-WA0368.jpg 1600w\" sizes=\"auto, (max-width: 300px) 100vw, 300px\" \/><\/a>.<\/p>\n<p>Foi em clima de festa que a prefeita da Est\u00e2ncia Tur\u00edstica de Barretos, Paula Lemos, ao lado de secret\u00e1rios municipais, vereadores e autoridades, entregou a obra de reforma e revitaliza\u00e7\u00e3o da Pra\u00e7a Poeta Nidoval Reis, a Pra\u00e7a da Primavera, na tarde de s\u00e1bado, dia 13. O evento foi animado pelo Barret\u00e3o, mascote da cidade, e pela trupe do palha\u00e7o Pingo d\u2019Agua, com apresenta\u00e7\u00f5es art\u00edsticas e musicais, conta\u00e7\u00e3o de hist\u00f3ria, distribui\u00e7\u00e3o de pipoca e algod\u00e3o doce, casais revivendo momentos e pela popula\u00e7\u00e3o aproveitando as novidades do espa\u00e7o renovado.<br \/>\nPaula ressaltou a \u201cprovid\u00eancia\u201d dessa inaugura\u00e7\u00e3o ser no Dia de Nossa Senhora de F\u00e1tima e, aproveitando o momento de homenagens pelo Dia das M\u00e3es, lembrou que sua m\u00e3e, Gra\u00e7a Lemos, secret\u00e1ria municipal de Agricultura e Meio Ambiente, esteve \u00e0 frente da revitaliza\u00e7\u00e3o da pra\u00e7a. \u201cEla fez quest\u00e3o de ouvir cada item que a popula\u00e7\u00e3o pediu. O lugar para as noivas tirarem foto, a academia ao ar livre, o balan\u00e7o para adultos, a cesta de basquetebol\u201d, destacou.<br \/>\nBastante emocionada, ela tamb\u00e9m comentou sobre um v\u00eddeo que assistiu durante a semana. \u201cNele, o blogueiro falava que se ele pudesse pedir algo de volta, ele ia pedir a m\u00e3e dele\u201d, relembrou a prefeita. \u201cNingu\u00e9m supera esse v\u00ednculo de amor, m\u00e3e \u00e9 capaz de tudo, e eu quero registrar para todos o amor imensur\u00e1vel que sinto por essa mulher, a admira\u00e7\u00e3o, o respeito\u201d, afirmou Paula.<br \/>\nHomenagens<br \/>\nA prefeita pontuou ainda acreditar que, de algum modo, o Poeta Nidoval Reis, que d\u00e1 nome \u00e0 pra\u00e7a, esteja feliz em ver o local revitalizado e sendo palco de conta\u00e7\u00e3o de hist\u00f3ria nesta tarde. Dirigindo-se \u00e0 fam\u00edlia de Get\u00falio Benedicto da Silva, o Seo Get\u00falio, que fez hist\u00f3ria vendendo cachorro quente na Pra\u00e7a da Primavera, Paula contou sobre as viv\u00eancias que teve no local quando jovem, sobre quando ela e suas amigas ainda com pouca experi\u00eancia em dirigir estacionavam quadras antes e seguiam a p\u00e9 para comer cachorro quente na Pra\u00e7a. Celebrando que noivas j\u00e1 est\u00e3o de volta ao local para registrar fotos, a prefeita lembrou que, quando crian\u00e7a, gostava de ir at\u00e9 a pra\u00e7a para ficar vendo os vestidos das noivas que se dirigiam ao local para fazer fotos.<br \/>\nMencionando sobre as obras contra enchentes realizadas na pra\u00e7a e nas ruas pr\u00f3ximas, Paula expressou a felicidade em ter contribu\u00eddo para mudar a realidade de moradores como a K\u00e1tia, ali presente. \u201cLembro muito bem o dia em que a K\u00e1tia me mandou uma mensagem para contar que agora n\u00e3o entrou mais \u00e1gua na casa dela. Afinal, no dia daquela grande enchente entrou muito, mas antes sempre entrava um pouco e agora, com as 14 bocas de lobo que instalamos al\u00e9m de aumentar a propor\u00e7\u00e3o das aduelas, isso n\u00e3o aconteceu mais\u201d, celebrou a prefeita. \u201cQuero agradecer a cada secret\u00e1rio que se dedica, que se empenha; a cada servidor que se desdobra para que a gente possa melhorar a cada dia a vida das pessoas\u201d, destacou.<br \/>\nGra\u00e7a Lemos destacou que essa \u00e9 \u201ca pra\u00e7a do amor, a pra\u00e7a das noivas\u201d. Ela agradeceu ao saudoso Dr. M\u00e9lek Zaiden Geraige, ent\u00e3o prefeito, pela constru\u00e7\u00e3o da pra\u00e7a e ressaltou que a revitaliza\u00e7\u00e3o foi feita respeitando o projeto original. Gra\u00e7a agradeceu ainda ao emprenho de cada funcion\u00e1rio, o qual classificou como essencial para que se chegasse a este momento. \u201cHoje ganhei um grande presente. N\u00f3s est\u00e1vamos fazendo os \u00faltimos ajustes para essa inaugura\u00e7\u00e3o e j\u00e1 veio uma noiva linda sentar no balan\u00e7o, fazer fotos no cora\u00e7\u00e3o\u201d, mencionou a secret\u00e1ria.<br \/>\nRepresentando a fam\u00edlia do seo Get\u00falio, Izabel Silva de Oliveira contou que o av\u00f4 come\u00e7ou a trabalhar na pra\u00e7a quando ela foi inaugurada h\u00e1 mais de 40 anos. \u201cEle come\u00e7ou vendendo pipoca. Depois veio o cachorro quente, atrav\u00e9s do qual ele criou todos os filhos e muitos netos tamb\u00e9m\u201d, destacou Izabel, que agradeceu pela homenagem a Get\u00falio e pela revitaliza\u00e7\u00e3o do espa\u00e7o.<br \/>\nAprova\u00e7\u00e3o popular<br \/>\nA influenciadora digital e Miss Primavera Barretos 2023, Bia Buford, tamb\u00e9m esteve presente na entrega da revitaliza\u00e7\u00e3o. \u201cFiquei muito feliz em ver a pra\u00e7a como est\u00e1 agora. Como influenciadora, posso dizer que se tornou o lugar mais \u2018instagram\u00e1vel\u2019 de Barretos. A obra est\u00e1 mega aprovada. Al\u00e9m disso, foi aqui que eu conheci o Uelinton, meu marido, ent\u00e3o vamos vir fazer v\u00e1rios passeios em fam\u00edlia\u201d, mencionou Bia.<br \/>\nO casal C\u00e1ssio Murilo e Maria de Lourdes Junqueira, que t\u00eam muitas lembran\u00e7as na Pra\u00e7a da Primavera, j\u00e1 aproveitou para garantir uma foto juntos no monumento Amo Barretos. \u201cAgora que a nossa prefeita revitalizou, a pra\u00e7a voltou a ser linda. J\u00e1 vim hoje cedo passear com minhas cachorras, aqui encontro a paz. A Paula est\u00e1 de parab\u00e9ns porque \u00e9 isso mesmo que tem que se fazer, beneficiar a popula\u00e7\u00e3o. Parab\u00e9ns \u00e0 prefeitura, a todos que est\u00e3o interessados em trabalhar para e pelo povo\u201d, ressaltou o engenheiro civil. C\u00e1ssio e a esposa, que \u00e9 servidora p\u00fablica aposentada comemoraram pelo quanto o local ficou bonito e, como moradores das proximidades, por voltarem a se sentir seguros em passar por ali.<br \/>\nSueli Probio, professora de teatro no Cemart, participou da conta\u00e7\u00e3o de hist\u00f3rias, manipulando o fantoche Jo\u00e3ozinho, e aproveitou para celebrar o momento. \u201cEu estava presente quando esta pra\u00e7a foi inaugurada e foi aqui que tirei as fotos do meu casamento. Amo esta pra\u00e7a e agora v\u00e1rios pontos est\u00e3o ainda melhores, a ilumina\u00e7\u00e3o est\u00e1 um espet\u00e1culo \u00e0 parte. Acho essa pra\u00e7a linda, muito charmosa, e a prefeita est\u00e1 de parab\u00e9ns por lembrar dela novamente e trazer vida pra c\u00e1 outra vez\u201d, destacou.<br \/>\nMelhorias<br \/>\nA Pra\u00e7a da Primavera passou por grande transforma\u00e7\u00e3o, com amplia\u00e7\u00e3o e inclus\u00e3o de mais brinquedos no playground e instala\u00e7\u00e3o de uma Academia ao Ar Livre, com seis equipamentos para pr\u00e1tica de exerc\u00edcios. As tr\u00eas pontes sobre o C\u00f3rrego Sebasti\u00e3o \u2013 que corta a pra\u00e7a \u2013 tiveram toda sua estrutura madeira substitu\u00edda e as estruturas de metal recuperadas. Al\u00e9m dos tradicionais Coreto e Fonte, os jardins receberam manuten\u00e7\u00e3o e novo paisagismo e as l\u00e2mpadas dos super postes foram substitu\u00eddas por LEDs, melhorando a ilumina\u00e7\u00e3o do local.<br \/>\nA prefeitura ainda instalou um grande cora\u00e7\u00e3o, para casais e fam\u00edlias registrarem momentos especiais, um balan\u00e7o de madeira e um letreiro com os dizeres: \u201cEu Amo Barretos\u201d, tradicional em cidades com voca\u00e7\u00e3o para o turismo, que passam a compor a nova est\u00e9tica do ambiente.<br \/>\nAutoridades<br \/>\nTamb\u00e9m prestigiaram o momento a presidente do Fundo Social de Solidariedade, Let\u00edcia Oliveira Lemos; os secret\u00e1rios municipais de Planejamento e Desenvolvimento, Carlos Henrique L\u00facio; de Habita\u00e7\u00e3o, C\u00e9lia Rodrigues; de Comunica\u00e7\u00e3o, Fab\u00edola Correia; de Finan\u00e7as, Fernando Soares; de Educa\u00e7\u00e3o, J\u00e9ssica Maria dos Santos; de Ordem P\u00fablica, Luiz de Matos; de Sa\u00fade, Mussa Calil Neto; de Obras e Servi\u00e7os Urbanos, Pl\u00e1cido Martins; da Cultura, Rog\u00e9rio Teod\u00f3sio; de Desenvolvimento Econ\u00f4mico Thyago Abra\u00e3o; de Esporte e Lazer, Tony Carvalho; de Governo e Gest\u00e3o Estrat\u00e9gica, Zec\u00e3o Falleiros; o ouvidor municipal, Danilo Mendes; o controlador geral, Paulo Scannavino; o procurador do Munic\u00edpio, Rafael dos Anjos; o chefe de gabinete da Prefeitura, Itamar Alves; o superintendente do SAAE, Marcelo Borges, al\u00e9m de representantes da Defesa Civil e de outros servi\u00e7os do munic\u00edpio; os vereadores Carl\u00e3o do Basquete, Juninho Bandeira, Raphael Silv\u00e9rio e o presidente da C\u00e2mara, vereador Lupa.<\/p>\n<p>&nbsp;<\/p>\n","protected":false},"excerpt":{"rendered":"<p>. Foi em clima de festa que a prefeita da<\/p>\n","protected":false},"author":2,"featured_media":88202,"comment_status":"open","ping_status":"open","sticky":false,"template":"","format":"standard","meta":{"footnotes":""},"categories":[14,3],"tags":[],"class_list":["post-88201","post","type-post","status-publish","format-standard","has-post-thumbnail","hentry","category-barretos","category-geral"],"yoast_head":"<!-- This site is optimized with the Yoast SEO plugin v27.4 - https:\/\/yoast.com\/product\/yoast-seo-wordpress\/ -->\n<title>Prefeitura de Barretos entrega obra de reforma e revitaliza\u00e7\u00e3o da Pra\u00e7a da Primavera - Regi\u00e3o News<\/title>\n<meta name=\"robots\" content=\"index, follow, max-snippet:-1, max-image-preview:large, max-video-preview:-1\" \/>\n<link rel=\"canonical\" href=\"https:\/\/regiaonews.net.br\/2022\/2023\/05\/15\/prefeitura-de-barretos-entrega-obra-de-reforma-e-revitalizacao-da-praca-da-primavera\/\" \/>\n<meta property=\"og:locale\" content=\"pt_BR\" \/>\n<meta property=\"og:type\" content=\"article\" \/>\n<meta property=\"og:title\" content=\"Prefeitura de Barretos entrega obra de reforma e revitaliza\u00e7\u00e3o da Pra\u00e7a da Primavera - Regi\u00e3o News\" \/>\n<meta property=\"og:description\" content=\". Foi em clima de festa que a prefeita da\" \/>\n<meta property=\"og:url\" content=\"https:\/\/regiaonews.net.br\/2022\/2023\/05\/15\/prefeitura-de-barretos-entrega-obra-de-reforma-e-revitalizacao-da-praca-da-primavera\/\" \/>\n<meta property=\"og:site_name\" content=\"Regi\u00e3o News\" \/>\n<meta property=\"article:published_time\" content=\"2023-05-15T19:46:00+00:00\" \/>\n<meta property=\"article:modified_time\" content=\"2023-05-16T02:16:25+00:00\" \/>\n<meta property=\"og:image\" content=\"https:\/\/regiaonews.net.br\/2022\/wp-content\/uploads\/2023\/05\/Imagem-do-WhatsApp-de-2023-05-15-as-16.12.34.jpg\" \/>\n\t<meta property=\"og:image:width\" content=\"1600\" \/>\n\t<meta property=\"og:image:height\" content=\"900\" \/>\n\t<meta property=\"og:image:type\" content=\"image\/jpeg\" \/>\n<meta name=\"author\" content=\"Roberto\" \/>\n<meta name=\"twitter:card\" content=\"summary_large_image\" \/>\n<meta name=\"twitter:label1\" content=\"Escrito por\" \/>\n\t<meta name=\"twitter:data1\" content=\"Roberto\" \/>\n\t<meta name=\"twitter:label2\" content=\"Est. tempo de leitura\" \/>\n\t<meta name=\"twitter:data2\" content=\"8 minutos\" \/>\n<script type=\"application\/ld+json\" class=\"yoast-schema-graph\">{\"@context\":\"https:\\\/\\\/schema.org\",\"@graph\":[{\"@type\":\"Article\",\"@id\":\"https:\\\/\\\/regiaonews.net.br\\\/2022\\\/2023\\\/05\\\/15\\\/prefeitura-de-barretos-entrega-obra-de-reforma-e-revitalizacao-da-praca-da-primavera\\\/#article\",\"isPartOf\":{\"@id\":\"https:\\\/\\\/regiaonews.net.br\\\/2022\\\/2023\\\/05\\\/15\\\/prefeitura-de-barretos-entrega-obra-de-reforma-e-revitalizacao-da-praca-da-primavera\\\/\"},\"author\":{\"name\":\"Roberto\",\"@id\":\"https:\\\/\\\/regiaonews.net.br\\\/2022\\\/#\\\/schema\\\/person\\\/2d205a608a5aa97ac279d7a5e6d89ad8\"},\"headline\":\"Prefeitura de Barretos entrega obra de reforma e revitaliza\u00e7\u00e3o da Pra\u00e7a da Primavera\",\"datePublished\":\"2023-05-15T19:46:00+00:00\",\"dateModified\":\"2023-05-16T02:16:25+00:00\",\"mainEntityOfPage\":{\"@id\":\"https:\\\/\\\/regiaonews.net.br\\\/2022\\\/2023\\\/05\\\/15\\\/prefeitura-de-barretos-entrega-obra-de-reforma-e-revitalizacao-da-praca-da-primavera\\\/\"},\"wordCount\":1344,\"commentCount\":0,\"publisher\":{\"@id\":\"https:\\\/\\\/regiaonews.net.br\\\/2022\\\/#organization\"},\"image\":{\"@id\":\"https:\\\/\\\/regiaonews.net.br\\\/2022\\\/2023\\\/05\\\/15\\\/prefeitura-de-barretos-entrega-obra-de-reforma-e-revitalizacao-da-praca-da-primavera\\\/#primaryimage\"},\"thumbnailUrl\":\"https:\\\/\\\/regiaonews.net.br\\\/2022\\\/wp-content\\\/uploads\\\/2023\\\/05\\\/Imagem-do-WhatsApp-de-2023-05-15-as-16.12.34.jpg\",\"articleSection\":[\"Barretos\",\"Geral\"],\"inLanguage\":\"pt-BR\",\"potentialAction\":[{\"@type\":\"CommentAction\",\"name\":\"Comment\",\"target\":[\"https:\\\/\\\/regiaonews.net.br\\\/2022\\\/2023\\\/05\\\/15\\\/prefeitura-de-barretos-entrega-obra-de-reforma-e-revitalizacao-da-praca-da-primavera\\\/#respond\"]}]},{\"@type\":\"WebPage\",\"@id\":\"https:\\\/\\\/regiaonews.net.br\\\/2022\\\/2023\\\/05\\\/15\\\/prefeitura-de-barretos-entrega-obra-de-reforma-e-revitalizacao-da-praca-da-primavera\\\/\",\"url\":\"https:\\\/\\\/regiaonews.net.br\\\/2022\\\/2023\\\/05\\\/15\\\/prefeitura-de-barretos-entrega-obra-de-reforma-e-revitalizacao-da-praca-da-primavera\\\/\",\"name\":\"Prefeitura de Barretos entrega obra de reforma e revitaliza\u00e7\u00e3o da Pra\u00e7a da Primavera - Regi\u00e3o News\",\"isPartOf\":{\"@id\":\"https:\\\/\\\/regiaonews.net.br\\\/2022\\\/#website\"},\"primaryImageOfPage\":{\"@id\":\"https:\\\/\\\/regiaonews.net.br\\\/2022\\\/2023\\\/05\\\/15\\\/prefeitura-de-barretos-entrega-obra-de-reforma-e-revitalizacao-da-praca-da-primavera\\\/#primaryimage\"},\"image\":{\"@id\":\"https:\\\/\\\/regiaonews.net.br\\\/2022\\\/2023\\\/05\\\/15\\\/prefeitura-de-barretos-entrega-obra-de-reforma-e-revitalizacao-da-praca-da-primavera\\\/#primaryimage\"},\"thumbnailUrl\":\"https:\\\/\\\/regiaonews.net.br\\\/2022\\\/wp-content\\\/uploads\\\/2023\\\/05\\\/Imagem-do-WhatsApp-de-2023-05-15-as-16.12.34.jpg\",\"datePublished\":\"2023-05-15T19:46:00+00:00\",\"dateModified\":\"2023-05-16T02:16:25+00:00\",\"breadcrumb\":{\"@id\":\"https:\\\/\\\/regiaonews.net.br\\\/2022\\\/2023\\\/05\\\/15\\\/prefeitura-de-barretos-entrega-obra-de-reforma-e-revitalizacao-da-praca-da-primavera\\\/#breadcrumb\"},\"inLanguage\":\"pt-BR\",\"potentialAction\":[{\"@type\":\"ReadAction\",\"target\":[\"https:\\\/\\\/regiaonews.net.br\\\/2022\\\/2023\\\/05\\\/15\\\/prefeitura-de-barretos-entrega-obra-de-reforma-e-revitalizacao-da-praca-da-primavera\\\/\"]}]},{\"@type\":\"ImageObject\",\"inLanguage\":\"pt-BR\",\"@id\":\"https:\\\/\\\/regiaonews.net.br\\\/2022\\\/2023\\\/05\\\/15\\\/prefeitura-de-barretos-entrega-obra-de-reforma-e-revitalizacao-da-praca-da-primavera\\\/#primaryimage\",\"url\":\"https:\\\/\\\/regiaonews.net.br\\\/2022\\\/wp-content\\\/uploads\\\/2023\\\/05\\\/Imagem-do-WhatsApp-de-2023-05-15-as-16.12.34.jpg\",\"contentUrl\":\"https:\\\/\\\/regiaonews.net.br\\\/2022\\\/wp-content\\\/uploads\\\/2023\\\/05\\\/Imagem-do-WhatsApp-de-2023-05-15-as-16.12.34.jpg\",\"width\":1600,\"height\":900},{\"@type\":\"BreadcrumbList\",\"@id\":\"https:\\\/\\\/regiaonews.net.br\\\/2022\\\/2023\\\/05\\\/15\\\/prefeitura-de-barretos-entrega-obra-de-reforma-e-revitalizacao-da-praca-da-primavera\\\/#breadcrumb\",\"itemListElement\":[{\"@type\":\"ListItem\",\"position\":1,\"name\":\"In\u00edcio\",\"item\":\"https:\\\/\\\/regiaonews.net.br\\\/2022\\\/\"},{\"@type\":\"ListItem\",\"position\":2,\"name\":\"Prefeitura de Barretos entrega obra de reforma e revitaliza\u00e7\u00e3o da Pra\u00e7a da Primavera\"}]},{\"@type\":\"WebSite\",\"@id\":\"https:\\\/\\\/regiaonews.net.br\\\/2022\\\/#website\",\"url\":\"https:\\\/\\\/regiaonews.net.br\\\/2022\\\/\",\"name\":\"Regi\u00e3o News\",\"description\":\"Site de Not\u00edcias de Barretos e regi\u00e3o\",\"publisher\":{\"@id\":\"https:\\\/\\\/regiaonews.net.br\\\/2022\\\/#organization\"},\"potentialAction\":[{\"@type\":\"SearchAction\",\"target\":{\"@type\":\"EntryPoint\",\"urlTemplate\":\"https:\\\/\\\/regiaonews.net.br\\\/2022\\\/?s={search_term_string}\"},\"query-input\":{\"@type\":\"PropertyValueSpecification\",\"valueRequired\":true,\"valueName\":\"search_term_string\"}}],\"inLanguage\":\"pt-BR\"},{\"@type\":\"Organization\",\"@id\":\"https:\\\/\\\/regiaonews.net.br\\\/2022\\\/#organization\",\"name\":\"Regi\u00e3o News\",\"url\":\"https:\\\/\\\/regiaonews.net.br\\\/2022\\\/\",\"logo\":{\"@type\":\"ImageObject\",\"inLanguage\":\"pt-BR\",\"@id\":\"https:\\\/\\\/regiaonews.net.br\\\/2022\\\/#\\\/schema\\\/logo\\\/image\\\/\",\"url\":\"https:\\\/\\\/regiaonews.net.br\\\/2022\\\/wp-content\\\/uploads\\\/2026\\\/03\\\/regiao-13-anos-scaled.jpg\",\"contentUrl\":\"https:\\\/\\\/regiaonews.net.br\\\/2022\\\/wp-content\\\/uploads\\\/2026\\\/03\\\/regiao-13-anos-scaled.jpg\",\"width\":2560,\"height\":635,\"caption\":\"Regi\u00e3o News\"},\"image\":{\"@id\":\"https:\\\/\\\/regiaonews.net.br\\\/2022\\\/#\\\/schema\\\/logo\\\/image\\\/\"}},{\"@type\":\"Person\",\"@id\":\"https:\\\/\\\/regiaonews.net.br\\\/2022\\\/#\\\/schema\\\/person\\\/2d205a608a5aa97ac279d7a5e6d89ad8\",\"name\":\"Roberto\",\"image\":{\"@type\":\"ImageObject\",\"inLanguage\":\"pt-BR\",\"@id\":\"https:\\\/\\\/secure.gravatar.com\\\/avatar\\\/42749d8b712ff9d59ca93dc150494e5b55a44134482993f5baeb97e61b7ecc89?s=96&d=mm&r=g\",\"url\":\"https:\\\/\\\/secure.gravatar.com\\\/avatar\\\/42749d8b712ff9d59ca93dc150494e5b55a44134482993f5baeb97e61b7ecc89?s=96&d=mm&r=g\",\"contentUrl\":\"https:\\\/\\\/secure.gravatar.com\\\/avatar\\\/42749d8b712ff9d59ca93dc150494e5b55a44134482993f5baeb97e61b7ecc89?s=96&d=mm&r=g\",\"caption\":\"Roberto\"},\"url\":\"https:\\\/\\\/regiaonews.net.br\\\/2022\\\/author\\\/roberto\\\/\"}]}<\/script>\n<!-- \/ Yoast SEO plugin. -->","yoast_head_json":{"title":"Prefeitura de Barretos entrega obra de reforma e revitaliza\u00e7\u00e3o da Pra\u00e7a da Primavera - Regi\u00e3o News","robots":{"index":"index","follow":"follow","max-snippet":"max-snippet:-1","max-image-preview":"max-image-preview:large","max-video-preview":"max-video-preview:-1"},"canonical":"https:\/\/regiaonews.net.br\/2022\/2023\/05\/15\/prefeitura-de-barretos-entrega-obra-de-reforma-e-revitalizacao-da-praca-da-primavera\/","og_locale":"pt_BR","og_type":"article","og_title":"Prefeitura de Barretos entrega obra de reforma e revitaliza\u00e7\u00e3o da Pra\u00e7a da Primavera - Regi\u00e3o News","og_description":". Foi em clima de festa que a prefeita da","og_url":"https:\/\/regiaonews.net.br\/2022\/2023\/05\/15\/prefeitura-de-barretos-entrega-obra-de-reforma-e-revitalizacao-da-praca-da-primavera\/","og_site_name":"Regi\u00e3o News","article_published_time":"2023-05-15T19:46:00+00:00","article_modified_time":"2023-05-16T02:16:25+00:00","og_image":[{"width":1600,"height":900,"url":"https:\/\/regiaonews.net.br\/2022\/wp-content\/uploads\/2023\/05\/Imagem-do-WhatsApp-de-2023-05-15-as-16.12.34.jpg","type":"image\/jpeg"}],"author":"Roberto","twitter_card":"summary_large_image","twitter_misc":{"Escrito por":"Roberto","Est. tempo de leitura":"8 minutos"},"schema":{"@context":"https:\/\/schema.org","@graph":[{"@type":"Article","@id":"https:\/\/regiaonews.net.br\/2022\/2023\/05\/15\/prefeitura-de-barretos-entrega-obra-de-reforma-e-revitalizacao-da-praca-da-primavera\/#article","isPartOf":{"@id":"https:\/\/regiaonews.net.br\/2022\/2023\/05\/15\/prefeitura-de-barretos-entrega-obra-de-reforma-e-revitalizacao-da-praca-da-primavera\/"},"author":{"name":"Roberto","@id":"https:\/\/regiaonews.net.br\/2022\/#\/schema\/person\/2d205a608a5aa97ac279d7a5e6d89ad8"},"headline":"Prefeitura de Barretos entrega obra de reforma e revitaliza\u00e7\u00e3o da Pra\u00e7a da Primavera","datePublished":"2023-05-15T19:46:00+00:00","dateModified":"2023-05-16T02:16:25+00:00","mainEntityOfPage":{"@id":"https:\/\/regiaonews.net.br\/2022\/2023\/05\/15\/prefeitura-de-barretos-entrega-obra-de-reforma-e-revitalizacao-da-praca-da-primavera\/"},"wordCount":1344,"commentCount":0,"publisher":{"@id":"https:\/\/regiaonews.net.br\/2022\/#organization"},"image":{"@id":"https:\/\/regiaonews.net.br\/2022\/2023\/05\/15\/prefeitura-de-barretos-entrega-obra-de-reforma-e-revitalizacao-da-praca-da-primavera\/#primaryimage"},"thumbnailUrl":"https:\/\/regiaonews.net.br\/2022\/wp-content\/uploads\/2023\/05\/Imagem-do-WhatsApp-de-2023-05-15-as-16.12.34.jpg","articleSection":["Barretos","Geral"],"inLanguage":"pt-BR","potentialAction":[{"@type":"CommentAction","name":"Comment","target":["https:\/\/regiaonews.net.br\/2022\/2023\/05\/15\/prefeitura-de-barretos-entrega-obra-de-reforma-e-revitalizacao-da-praca-da-primavera\/#respond"]}]},{"@type":"WebPage","@id":"https:\/\/regiaonews.net.br\/2022\/2023\/05\/15\/prefeitura-de-barretos-entrega-obra-de-reforma-e-revitalizacao-da-praca-da-primavera\/","url":"https:\/\/regiaonews.net.br\/2022\/2023\/05\/15\/prefeitura-de-barretos-entrega-obra-de-reforma-e-revitalizacao-da-praca-da-primavera\/","name":"Prefeitura de Barretos entrega obra de reforma e revitaliza\u00e7\u00e3o da Pra\u00e7a da Primavera - Regi\u00e3o News","isPartOf":{"@id":"https:\/\/regiaonews.net.br\/2022\/#website"},"primaryImageOfPage":{"@id":"https:\/\/regiaonews.net.br\/2022\/2023\/05\/15\/prefeitura-de-barretos-entrega-obra-de-reforma-e-revitalizacao-da-praca-da-primavera\/#primaryimage"},"image":{"@id":"https:\/\/regiaonews.net.br\/2022\/2023\/05\/15\/prefeitura-de-barretos-entrega-obra-de-reforma-e-revitalizacao-da-praca-da-primavera\/#primaryimage"},"thumbnailUrl":"https:\/\/regiaonews.net.br\/2022\/wp-content\/uploads\/2023\/05\/Imagem-do-WhatsApp-de-2023-05-15-as-16.12.34.jpg","datePublished":"2023-05-15T19:46:00+00:00","dateModified":"2023-05-16T02:16:25+00:00","breadcrumb":{"@id":"https:\/\/regiaonews.net.br\/2022\/2023\/05\/15\/prefeitura-de-barretos-entrega-obra-de-reforma-e-revitalizacao-da-praca-da-primavera\/#breadcrumb"},"inLanguage":"pt-BR","potentialAction":[{"@type":"ReadAction","target":["https:\/\/regiaonews.net.br\/2022\/2023\/05\/15\/prefeitura-de-barretos-entrega-obra-de-reforma-e-revitalizacao-da-praca-da-primavera\/"]}]},{"@type":"ImageObject","inLanguage":"pt-BR","@id":"https:\/\/regiaonews.net.br\/2022\/2023\/05\/15\/prefeitura-de-barretos-entrega-obra-de-reforma-e-revitalizacao-da-praca-da-primavera\/#primaryimage","url":"https:\/\/regiaonews.net.br\/2022\/wp-content\/uploads\/2023\/05\/Imagem-do-WhatsApp-de-2023-05-15-as-16.12.34.jpg","contentUrl":"https:\/\/regiaonews.net.br\/2022\/wp-content\/uploads\/2023\/05\/Imagem-do-WhatsApp-de-2023-05-15-as-16.12.34.jpg","width":1600,"height":900},{"@type":"BreadcrumbList","@id":"https:\/\/regiaonews.net.br\/2022\/2023\/05\/15\/prefeitura-de-barretos-entrega-obra-de-reforma-e-revitalizacao-da-praca-da-primavera\/#breadcrumb","itemListElement":[{"@type":"ListItem","position":1,"name":"In\u00edcio","item":"https:\/\/regiaonews.net.br\/2022\/"},{"@type":"ListItem","position":2,"name":"Prefeitura de Barretos entrega obra de reforma e revitaliza\u00e7\u00e3o da Pra\u00e7a da Primavera"}]},{"@type":"WebSite","@id":"https:\/\/regiaonews.net.br\/2022\/#website","url":"https:\/\/regiaonews.net.br\/2022\/","name":"Regi\u00e3o News","description":"Site de Not\u00edcias de Barretos e regi\u00e3o","publisher":{"@id":"https:\/\/regiaonews.net.br\/2022\/#organization"},"potentialAction":[{"@type":"SearchAction","target":{"@type":"EntryPoint","urlTemplate":"https:\/\/regiaonews.net.br\/2022\/?s={search_term_string}"},"query-input":{"@type":"PropertyValueSpecification","valueRequired":true,"valueName":"search_term_string"}}],"inLanguage":"pt-BR"},{"@type":"Organization","@id":"https:\/\/regiaonews.net.br\/2022\/#organization","name":"Regi\u00e3o News","url":"https:\/\/regiaonews.net.br\/2022\/","logo":{"@type":"ImageObject","inLanguage":"pt-BR","@id":"https:\/\/regiaonews.net.br\/2022\/#\/schema\/logo\/image\/","url":"https:\/\/regiaonews.net.br\/2022\/wp-content\/uploads\/2026\/03\/regiao-13-anos-scaled.jpg","contentUrl":"https:\/\/regiaonews.net.br\/2022\/wp-content\/uploads\/2026\/03\/regiao-13-anos-scaled.jpg","width":2560,"height":635,"caption":"Regi\u00e3o News"},"image":{"@id":"https:\/\/regiaonews.net.br\/2022\/#\/schema\/logo\/image\/"}},{"@type":"Person","@id":"https:\/\/regiaonews.net.br\/2022\/#\/schema\/person\/2d205a608a5aa97ac279d7a5e6d89ad8","name":"Roberto","image":{"@type":"ImageObject","inLanguage":"pt-BR","@id":"https:\/\/secure.gravatar.com\/avatar\/42749d8b712ff9d59ca93dc150494e5b55a44134482993f5baeb97e61b7ecc89?s=96&d=mm&r=g","url":"https:\/\/secure.gravatar.com\/avatar\/42749d8b712ff9d59ca93dc150494e5b55a44134482993f5baeb97e61b7ecc89?s=96&d=mm&r=g","contentUrl":"https:\/\/secure.gravatar.com\/avatar\/42749d8b712ff9d59ca93dc150494e5b55a44134482993f5baeb97e61b7ecc89?s=96&d=mm&r=g","caption":"Roberto"},"url":"https:\/\/regiaonews.net.br\/2022\/author\/roberto\/"}]}},"publishpress_future_action":{"enabled":false,"date":"2026-05-03 11:45:50","action":"change-status","newStatus":"draft","terms":[],"taxonomy":"category","extraData":[]},"publishpress_future_workflow_manual_trigger":{"enabledWorkflows":[]},"_links":{"self":[{"href":"https:\/\/regiaonews.net.br\/2022\/wp-json\/wp\/v2\/posts\/88201","targetHints":{"allow":["GET"]}}],"collection":[{"href":"https:\/\/regiaonews.net.br\/2022\/wp-json\/wp\/v2\/posts"}],"about":[{"href":"https:\/\/regiaonews.net.br\/2022\/wp-json\/wp\/v2\/types\/post"}],"author":[{"embeddable":true,"href":"https:\/\/regiaonews.net.br\/2022\/wp-json\/wp\/v2\/users\/2"}],"replies":[{"embeddable":true,"href":"https:\/\/regiaonews.net.br\/2022\/wp-json\/wp\/v2\/comments?post=88201"}],"version-history":[{"count":3,"href":"https:\/\/regiaonews.net.br\/2022\/wp-json\/wp\/v2\/posts\/88201\/revisions"}],"predecessor-version":[{"id":88239,"href":"https:\/\/regiaonews.net.br\/2022\/wp-json\/wp\/v2\/posts\/88201\/revisions\/88239"}],"wp:featuredmedia":[{"embeddable":true,"href":"https:\/\/regiaonews.net.br\/2022\/wp-json\/wp\/v2\/media\/88202"}],"wp:attachment":[{"href":"https:\/\/regiaonews.net.br\/2022\/wp-json\/wp\/v2\/media?parent=88201"}],"wp:term":[{"taxonomy":"category","embeddable":true,"href":"https:\/\/regiaonews.net.br\/2022\/wp-json\/wp\/v2\/categories?post=88201"},{"taxonomy":"post_tag","embeddable":true,"href":"https:\/\/regiaonews.net.br\/2022\/wp-json\/wp\/v2\/tags?post=88201"}],"curies":[{"name":"wp","href":"https:\/\/api.w.org\/{rel}","templated":true}]}}