{"id":88198,"date":"2023-05-15T16:44:53","date_gmt":"2023-05-15T19:44:53","guid":{"rendered":"https:\/\/regiaonews.net.br\/2022\/?p=88198"},"modified":"2023-05-15T16:44:53","modified_gmt":"2023-05-15T19:44:53","slug":"comerciarios-podem-fazer-ou-renovar-a-carteirinha-do-sesc-nesta-semana-na-acib","status":"publish","type":"post","link":"https:\/\/regiaonews.net.br\/2022\/2023\/05\/15\/comerciarios-podem-fazer-ou-renovar-a-carteirinha-do-sesc-nesta-semana-na-acib\/","title":{"rendered":"Comerci\u00e1rios podem fazer ou renovar a carteirinha do SESC nesta semana na ACIB"},"content":{"rendered":"<h3 style=\"text-align: center;\">A Credencial Plena garante servi\u00e7os exclusivos, atendimento priorit\u00e1rio, descontos e muitos outros benef\u00edcios oferecidos pelo Servi\u00e7o Social do Com\u00e9rcio em todo pa\u00eds.<\/h3>\n<p>De 16 a 19 de maio, representantes do SESC realizar\u00e3o a renova\u00e7\u00e3o presencial das credenciais plenas, ou carteirinhas do SESC \u2013 Servi\u00e7o Social do Com\u00e9rcio na sede em Barretos. A renova\u00e7\u00e3o ser\u00e1 realizada na sede da ACIB &#8211; Cal\u00e7ad\u00e3o da Rua 20, entre Avs 19&#215;21, edif\u00edcio \u201cDomingos S\u00e1vio Baston\u201d das 9h \u00c0s 18h. Interessados devem levar a carteirinha antiga e documentos pessoais. O SESC recomenda o uso de m\u00e1scara cobrindo a boca e nariz na hora do atendimento.<br \/>\nPodem receber o benef\u00edcio e se credenciar no SESC todas as pessoas que\u202ft\u00eam\u202fv\u00ednculo empregat\u00edcio com empresas privadas do com\u00e9rcio, servi\u00e7os e turismo. Funcion\u00e1rios com registro em carteira, trabalhadores tempor\u00e1rios, estagi\u00e1rios e aposentados das mais diversas empresas \u2013 como lojas, padarias, farm\u00e1cias, hospitais e escolas particulares, condom\u00ednios, empresas de\u202fteleatendimento\u202fe muitas outras.<br \/>\nO benef\u00edcio s\u00f3 \u00e9 v\u00e1lido aos empregados das empresas contribuintes. S\u00f3cios e propriet\u00e1rios n\u00e3o tem direito \u00e0 carteirinha.<br \/>\nPara o presidente de Sincomercio e conselheiro do SECS, Roberto Arutim, o cadastramento \u00e9 uma oportunidade de usufruir dos benef\u00edcios que s\u00e3o de direito dos comerci\u00e1rios \u201cO Servi\u00e7o Social do Com\u00e9rcio tem como objetivo fortalecer o setor e consequentemente oferecer oportunidades de lazer, cultura e bem-estar aos seus associados. Garantir a carteirinha \u00e9 uma forma de aproveitar todos esses direitos\u201d, disse.<br \/>\nA presidente da ACIB, Jackelyne Rossin, tamb\u00e9m orienta a ades\u00e3o dos comerci\u00e1rios \u201c\u00c9 importante que todos aproveitem as oportunidades e se beneficiem com todas essas oportunidades oferecidas\u201d, falou.<\/p>\n<p>Confira a Documenta\u00e7\u00e3o Necess\u00e1ria:<br \/>\nTodos(as) os(as) interessados(as) devem apresentar:<br \/>\n\u2013 Documento de identidade<br \/>\n\u2013 CPF<br \/>\n\u2013 Foto 3\u00d74 recente. Se preferir, tiramos sua foto na hora sem custo.<\/p>\n<p>_* Caso necess\u00e1rio ser\u00e3o solicitados o acr\u00e9scimo de outros documentos comprobat\u00f3rios que contenham o CNPJ da empresa na \u00edntegra, como por exemplo holerite ou aviso de f\u00e9rias._<\/p>\n<p>Al\u00e9m dos diferentes documentos para cada categoria:<\/p>\n<p>Funcion\u00e1rios empregados e desempregados:<br \/>\n\u2013 Carteira profissional atualizada (impressa ou digital)<br \/>\n*No caso de desempregados, \u00e9 considerado o prazo de 24 meses da baixa da Carteira Profissional, para fazer e utilizar a Credencial Plena.<br \/>\nEstagi\u00e1rios:<br \/>\n\u2013 Termo de compromisso ou carteira de trabalho, em que conste o n\u00famero do CNPJ da empresa<br \/>\n\u2013 Declara\u00e7\u00e3o de matr\u00edcula com situa\u00e7\u00e3o acad\u00eamica<br \/>\nA validade da Credencial corresponde ao per\u00edodo de vig\u00eancia do contrato de est\u00e1gio, n\u00e3o ultrapassando dois anos, cessando o direito \u00e0 renova\u00e7\u00e3o ap\u00f3s a rescis\u00e3o.<br \/>\nTempor\u00e1rios:<br \/>\n\u2013 Carteira profissional atualizada (impressa ou digital)*<\/p>\n<p>Empregado com contrato suspenso temporariamente<br \/>\n\u2013 Carteira profissional atualizada (impressa ou digital)*<br \/>\n\u2013 Termo de acordo de Suspens\u00e3o do Contrato de Trabalho<\/p>\n<p>Aposentados:<br \/>\n\u00c9 o empregado que se aposentou quando trabalhava com registro em carteira profissional, em empresa do com\u00e9rcio de bens, servi\u00e7os e turismo.<br \/>\n\u2013 Carteira profissional atualizada (impressa ou digital)*<br \/>\n\u2013 Carta de Concess\u00e3o da aposentadoria ou Cadastro Nacional de Informa\u00e7\u00f5es Sociais (CNIS)<\/p>\n<p>Titular falecido:<br \/>\nO dependente cujo trabalhador, estagi\u00e1rio, tempor\u00e1rio ou aposentado do com\u00e9rcio de bens, servi\u00e7os e turismo \u00e9 falecido, poder\u00e1 requerer a Credencial Plena. Al\u00e9m dos documentos citados na lista de titular e dependentes, dever\u00e1 apresentar tamb\u00e9m a certid\u00e3o de \u00f3bito.<\/p>\n<p>Dependentes<br \/>\nO titular (trabalhador do com\u00e9rcio de bens, servi\u00e7os e turismo), pode incluir seus dependentes. Assim, a fam\u00edlia tamb\u00e9m pode usar o Sesc. S\u00e3o dependentes: Filhos, enteados, irm\u00e3os, netos e tutelados (at\u00e9 20 anos):<br \/>\nAl\u00e9m dos documentos necess\u00e1rios a todos(as), netos e enteados devem apresentar tamb\u00e9m documento que comprove o parentesco com o titular. Para os tutelados, a apresenta\u00e7\u00e3o do comprovante de tutela tamb\u00e9m \u00e9 obrigat\u00f3ria.<br \/>\nFilhos, enteados, irm\u00e3os e netos (entre 21 e 24 anos):<\/p>\n<p>\u2013 Comprovante de matr\u00edcula ou pagamento recente de mensalidade em ensino superior, profissionalizante, p\u00f3s-gradua\u00e7\u00e3o (lato sensu, stricto sensu ou resid\u00eancia m\u00e9dica), preparat\u00f3rio para o ensino superior ou educa\u00e7\u00e3o de jovens e adultos (EJA).<br \/>\nPara os netos e enteados, al\u00e9m desses documentos, apresentar tamb\u00e9m documento que comprove o parentesco com o titular.<br \/>\nC\u00f4njuge:<br \/>\n\u2013 Certid\u00e3o de casamento civil ou religioso; declara\u00e7\u00e3o de uni\u00e3o est\u00e1vel lavrada em cart\u00f3rio ou declara\u00e7\u00e3o de uni\u00e3o est\u00e1vel de pr\u00f3prio punho, neste caso, a certid\u00e3o deve mencionar os nomes do casal, os n\u00fameros dos documentos de identidade e assinatura de ambos, al\u00e9m disso, em caso de credenciamento presencial nas unidades, \u00e9 indispens\u00e1vel a presen\u00e7a do casal no ato do credenciamento.<br \/>\nPais e padrastos do titular:<br \/>\nPara os padrastos e madrastas, \u00e9 necess\u00e1rio apresentar documento que comprove uni\u00e3o com o pai ou m\u00e3e do titular<br \/>\nAv\u00f3s:<br \/>\n\u2013 Documento que comprove o parentesco com o titular<\/p>\n<p>O credenciamento tamb\u00e9m pode ser feito na modalidade on-line:<br \/>\nAcesse: centralrelacionamento.sescsp.org.br ou baixe o aplicativo dispon\u00edvel nas lojas Google Play e App Store.<br \/>\nLocalize a op\u00e7\u00e3o Credencial Plena e, em seguida, clique\u00a0em\u00a0RENOVA\u00c7\u00c3O.<\/p>\n","protected":false},"excerpt":{"rendered":"<p>A Credencial Plena garante servi\u00e7os exclusivos, atendimento priorit\u00e1rio, descontos e<\/p>\n","protected":false},"author":2,"featured_media":88199,"comment_status":"open","ping_status":"open","sticky":false,"template":"","format":"standard","meta":{"footnotes":""},"categories":[14,3],"tags":[],"class_list":["post-88198","post","type-post","status-publish","format-standard","has-post-thumbnail","hentry","category-barretos","category-geral"],"yoast_head":"<!-- This site is optimized with the Yoast SEO plugin v27.4 - https:\/\/yoast.com\/product\/yoast-seo-wordpress\/ -->\n<title>Comerci\u00e1rios podem fazer ou renovar a carteirinha do SESC nesta semana na ACIB - Regi\u00e3o News<\/title>\n<meta name=\"robots\" content=\"index, follow, max-snippet:-1, max-image-preview:large, max-video-preview:-1\" \/>\n<link rel=\"canonical\" href=\"https:\/\/regiaonews.net.br\/2022\/2023\/05\/15\/comerciarios-podem-fazer-ou-renovar-a-carteirinha-do-sesc-nesta-semana-na-acib\/\" \/>\n<meta property=\"og:locale\" content=\"pt_BR\" \/>\n<meta property=\"og:type\" content=\"article\" \/>\n<meta property=\"og:title\" content=\"Comerci\u00e1rios podem fazer ou renovar a carteirinha do SESC nesta semana na ACIB - Regi\u00e3o News\" \/>\n<meta property=\"og:description\" content=\"A Credencial Plena garante servi\u00e7os exclusivos, atendimento priorit\u00e1rio, descontos e\" \/>\n<meta property=\"og:url\" content=\"https:\/\/regiaonews.net.br\/2022\/2023\/05\/15\/comerciarios-podem-fazer-ou-renovar-a-carteirinha-do-sesc-nesta-semana-na-acib\/\" \/>\n<meta property=\"og:site_name\" content=\"Regi\u00e3o News\" \/>\n<meta property=\"article:published_time\" content=\"2023-05-15T19:44:53+00:00\" \/>\n<meta property=\"og:image\" content=\"https:\/\/regiaonews.net.br\/2022\/wp-content\/uploads\/2023\/05\/Imagem-do-WhatsApp-de-2023-05-15-as-16.11.56.jpg\" \/>\n\t<meta property=\"og:image:width\" content=\"768\" \/>\n\t<meta property=\"og:image:height\" content=\"1024\" \/>\n\t<meta property=\"og:image:type\" content=\"image\/jpeg\" \/>\n<meta name=\"author\" content=\"Roberto\" \/>\n<meta name=\"twitter:card\" content=\"summary_large_image\" \/>\n<meta name=\"twitter:label1\" content=\"Escrito por\" \/>\n\t<meta name=\"twitter:data1\" content=\"Roberto\" \/>\n\t<meta name=\"twitter:label2\" content=\"Est. tempo de leitura\" \/>\n\t<meta name=\"twitter:data2\" content=\"5 minutos\" \/>\n<script type=\"application\/ld+json\" class=\"yoast-schema-graph\">{\"@context\":\"https:\\\/\\\/schema.org\",\"@graph\":[{\"@type\":\"Article\",\"@id\":\"https:\\\/\\\/regiaonews.net.br\\\/2022\\\/2023\\\/05\\\/15\\\/comerciarios-podem-fazer-ou-renovar-a-carteirinha-do-sesc-nesta-semana-na-acib\\\/#article\",\"isPartOf\":{\"@id\":\"https:\\\/\\\/regiaonews.net.br\\\/2022\\\/2023\\\/05\\\/15\\\/comerciarios-podem-fazer-ou-renovar-a-carteirinha-do-sesc-nesta-semana-na-acib\\\/\"},\"author\":{\"name\":\"Roberto\",\"@id\":\"https:\\\/\\\/regiaonews.net.br\\\/2022\\\/#\\\/schema\\\/person\\\/2d205a608a5aa97ac279d7a5e6d89ad8\"},\"headline\":\"Comerci\u00e1rios podem fazer ou renovar a carteirinha do SESC nesta semana na ACIB\",\"datePublished\":\"2023-05-15T19:44:53+00:00\",\"mainEntityOfPage\":{\"@id\":\"https:\\\/\\\/regiaonews.net.br\\\/2022\\\/2023\\\/05\\\/15\\\/comerciarios-podem-fazer-ou-renovar-a-carteirinha-do-sesc-nesta-semana-na-acib\\\/\"},\"wordCount\":882,\"commentCount\":0,\"publisher\":{\"@id\":\"https:\\\/\\\/regiaonews.net.br\\\/2022\\\/#organization\"},\"image\":{\"@id\":\"https:\\\/\\\/regiaonews.net.br\\\/2022\\\/2023\\\/05\\\/15\\\/comerciarios-podem-fazer-ou-renovar-a-carteirinha-do-sesc-nesta-semana-na-acib\\\/#primaryimage\"},\"thumbnailUrl\":\"https:\\\/\\\/regiaonews.net.br\\\/2022\\\/wp-content\\\/uploads\\\/2023\\\/05\\\/Imagem-do-WhatsApp-de-2023-05-15-as-16.11.56.jpg\",\"articleSection\":[\"Barretos\",\"Geral\"],\"inLanguage\":\"pt-BR\",\"potentialAction\":[{\"@type\":\"CommentAction\",\"name\":\"Comment\",\"target\":[\"https:\\\/\\\/regiaonews.net.br\\\/2022\\\/2023\\\/05\\\/15\\\/comerciarios-podem-fazer-ou-renovar-a-carteirinha-do-sesc-nesta-semana-na-acib\\\/#respond\"]}]},{\"@type\":\"WebPage\",\"@id\":\"https:\\\/\\\/regiaonews.net.br\\\/2022\\\/2023\\\/05\\\/15\\\/comerciarios-podem-fazer-ou-renovar-a-carteirinha-do-sesc-nesta-semana-na-acib\\\/\",\"url\":\"https:\\\/\\\/regiaonews.net.br\\\/2022\\\/2023\\\/05\\\/15\\\/comerciarios-podem-fazer-ou-renovar-a-carteirinha-do-sesc-nesta-semana-na-acib\\\/\",\"name\":\"Comerci\u00e1rios podem fazer ou renovar a carteirinha do SESC nesta semana na ACIB - Regi\u00e3o News\",\"isPartOf\":{\"@id\":\"https:\\\/\\\/regiaonews.net.br\\\/2022\\\/#website\"},\"primaryImageOfPage\":{\"@id\":\"https:\\\/\\\/regiaonews.net.br\\\/2022\\\/2023\\\/05\\\/15\\\/comerciarios-podem-fazer-ou-renovar-a-carteirinha-do-sesc-nesta-semana-na-acib\\\/#primaryimage\"},\"image\":{\"@id\":\"https:\\\/\\\/regiaonews.net.br\\\/2022\\\/2023\\\/05\\\/15\\\/comerciarios-podem-fazer-ou-renovar-a-carteirinha-do-sesc-nesta-semana-na-acib\\\/#primaryimage\"},\"thumbnailUrl\":\"https:\\\/\\\/regiaonews.net.br\\\/2022\\\/wp-content\\\/uploads\\\/2023\\\/05\\\/Imagem-do-WhatsApp-de-2023-05-15-as-16.11.56.jpg\",\"datePublished\":\"2023-05-15T19:44:53+00:00\",\"breadcrumb\":{\"@id\":\"https:\\\/\\\/regiaonews.net.br\\\/2022\\\/2023\\\/05\\\/15\\\/comerciarios-podem-fazer-ou-renovar-a-carteirinha-do-sesc-nesta-semana-na-acib\\\/#breadcrumb\"},\"inLanguage\":\"pt-BR\",\"potentialAction\":[{\"@type\":\"ReadAction\",\"target\":[\"https:\\\/\\\/regiaonews.net.br\\\/2022\\\/2023\\\/05\\\/15\\\/comerciarios-podem-fazer-ou-renovar-a-carteirinha-do-sesc-nesta-semana-na-acib\\\/\"]}]},{\"@type\":\"ImageObject\",\"inLanguage\":\"pt-BR\",\"@id\":\"https:\\\/\\\/regiaonews.net.br\\\/2022\\\/2023\\\/05\\\/15\\\/comerciarios-podem-fazer-ou-renovar-a-carteirinha-do-sesc-nesta-semana-na-acib\\\/#primaryimage\",\"url\":\"https:\\\/\\\/regiaonews.net.br\\\/2022\\\/wp-content\\\/uploads\\\/2023\\\/05\\\/Imagem-do-WhatsApp-de-2023-05-15-as-16.11.56.jpg\",\"contentUrl\":\"https:\\\/\\\/regiaonews.net.br\\\/2022\\\/wp-content\\\/uploads\\\/2023\\\/05\\\/Imagem-do-WhatsApp-de-2023-05-15-as-16.11.56.jpg\",\"width\":768,\"height\":1024},{\"@type\":\"BreadcrumbList\",\"@id\":\"https:\\\/\\\/regiaonews.net.br\\\/2022\\\/2023\\\/05\\\/15\\\/comerciarios-podem-fazer-ou-renovar-a-carteirinha-do-sesc-nesta-semana-na-acib\\\/#breadcrumb\",\"itemListElement\":[{\"@type\":\"ListItem\",\"position\":1,\"name\":\"In\u00edcio\",\"item\":\"https:\\\/\\\/regiaonews.net.br\\\/2022\\\/\"},{\"@type\":\"ListItem\",\"position\":2,\"name\":\"Comerci\u00e1rios podem fazer ou renovar a carteirinha do SESC nesta semana na ACIB\"}]},{\"@type\":\"WebSite\",\"@id\":\"https:\\\/\\\/regiaonews.net.br\\\/2022\\\/#website\",\"url\":\"https:\\\/\\\/regiaonews.net.br\\\/2022\\\/\",\"name\":\"Regi\u00e3o News\",\"description\":\"Site de Not\u00edcias de Barretos e regi\u00e3o\",\"publisher\":{\"@id\":\"https:\\\/\\\/regiaonews.net.br\\\/2022\\\/#organization\"},\"potentialAction\":[{\"@type\":\"SearchAction\",\"target\":{\"@type\":\"EntryPoint\",\"urlTemplate\":\"https:\\\/\\\/regiaonews.net.br\\\/2022\\\/?s={search_term_string}\"},\"query-input\":{\"@type\":\"PropertyValueSpecification\",\"valueRequired\":true,\"valueName\":\"search_term_string\"}}],\"inLanguage\":\"pt-BR\"},{\"@type\":\"Organization\",\"@id\":\"https:\\\/\\\/regiaonews.net.br\\\/2022\\\/#organization\",\"name\":\"Regi\u00e3o News\",\"url\":\"https:\\\/\\\/regiaonews.net.br\\\/2022\\\/\",\"logo\":{\"@type\":\"ImageObject\",\"inLanguage\":\"pt-BR\",\"@id\":\"https:\\\/\\\/regiaonews.net.br\\\/2022\\\/#\\\/schema\\\/logo\\\/image\\\/\",\"url\":\"https:\\\/\\\/regiaonews.net.br\\\/2022\\\/wp-content\\\/uploads\\\/2026\\\/03\\\/regiao-13-anos-scaled.jpg\",\"contentUrl\":\"https:\\\/\\\/regiaonews.net.br\\\/2022\\\/wp-content\\\/uploads\\\/2026\\\/03\\\/regiao-13-anos-scaled.jpg\",\"width\":2560,\"height\":635,\"caption\":\"Regi\u00e3o News\"},\"image\":{\"@id\":\"https:\\\/\\\/regiaonews.net.br\\\/2022\\\/#\\\/schema\\\/logo\\\/image\\\/\"}},{\"@type\":\"Person\",\"@id\":\"https:\\\/\\\/regiaonews.net.br\\\/2022\\\/#\\\/schema\\\/person\\\/2d205a608a5aa97ac279d7a5e6d89ad8\",\"name\":\"Roberto\",\"image\":{\"@type\":\"ImageObject\",\"inLanguage\":\"pt-BR\",\"@id\":\"https:\\\/\\\/secure.gravatar.com\\\/avatar\\\/42749d8b712ff9d59ca93dc150494e5b55a44134482993f5baeb97e61b7ecc89?s=96&d=mm&r=g\",\"url\":\"https:\\\/\\\/secure.gravatar.com\\\/avatar\\\/42749d8b712ff9d59ca93dc150494e5b55a44134482993f5baeb97e61b7ecc89?s=96&d=mm&r=g\",\"contentUrl\":\"https:\\\/\\\/secure.gravatar.com\\\/avatar\\\/42749d8b712ff9d59ca93dc150494e5b55a44134482993f5baeb97e61b7ecc89?s=96&d=mm&r=g\",\"caption\":\"Roberto\"},\"url\":\"https:\\\/\\\/regiaonews.net.br\\\/2022\\\/author\\\/roberto\\\/\"}]}<\/script>\n<!-- \/ Yoast SEO plugin. -->","yoast_head_json":{"title":"Comerci\u00e1rios podem fazer ou renovar a carteirinha do SESC nesta semana na ACIB - Regi\u00e3o News","robots":{"index":"index","follow":"follow","max-snippet":"max-snippet:-1","max-image-preview":"max-image-preview:large","max-video-preview":"max-video-preview:-1"},"canonical":"https:\/\/regiaonews.net.br\/2022\/2023\/05\/15\/comerciarios-podem-fazer-ou-renovar-a-carteirinha-do-sesc-nesta-semana-na-acib\/","og_locale":"pt_BR","og_type":"article","og_title":"Comerci\u00e1rios podem fazer ou renovar a carteirinha do SESC nesta semana na ACIB - Regi\u00e3o News","og_description":"A Credencial Plena garante servi\u00e7os exclusivos, atendimento priorit\u00e1rio, descontos e","og_url":"https:\/\/regiaonews.net.br\/2022\/2023\/05\/15\/comerciarios-podem-fazer-ou-renovar-a-carteirinha-do-sesc-nesta-semana-na-acib\/","og_site_name":"Regi\u00e3o News","article_published_time":"2023-05-15T19:44:53+00:00","og_image":[{"width":768,"height":1024,"url":"https:\/\/regiaonews.net.br\/2022\/wp-content\/uploads\/2023\/05\/Imagem-do-WhatsApp-de-2023-05-15-as-16.11.56.jpg","type":"image\/jpeg"}],"author":"Roberto","twitter_card":"summary_large_image","twitter_misc":{"Escrito por":"Roberto","Est. tempo de leitura":"5 minutos"},"schema":{"@context":"https:\/\/schema.org","@graph":[{"@type":"Article","@id":"https:\/\/regiaonews.net.br\/2022\/2023\/05\/15\/comerciarios-podem-fazer-ou-renovar-a-carteirinha-do-sesc-nesta-semana-na-acib\/#article","isPartOf":{"@id":"https:\/\/regiaonews.net.br\/2022\/2023\/05\/15\/comerciarios-podem-fazer-ou-renovar-a-carteirinha-do-sesc-nesta-semana-na-acib\/"},"author":{"name":"Roberto","@id":"https:\/\/regiaonews.net.br\/2022\/#\/schema\/person\/2d205a608a5aa97ac279d7a5e6d89ad8"},"headline":"Comerci\u00e1rios podem fazer ou renovar a carteirinha do SESC nesta semana na ACIB","datePublished":"2023-05-15T19:44:53+00:00","mainEntityOfPage":{"@id":"https:\/\/regiaonews.net.br\/2022\/2023\/05\/15\/comerciarios-podem-fazer-ou-renovar-a-carteirinha-do-sesc-nesta-semana-na-acib\/"},"wordCount":882,"commentCount":0,"publisher":{"@id":"https:\/\/regiaonews.net.br\/2022\/#organization"},"image":{"@id":"https:\/\/regiaonews.net.br\/2022\/2023\/05\/15\/comerciarios-podem-fazer-ou-renovar-a-carteirinha-do-sesc-nesta-semana-na-acib\/#primaryimage"},"thumbnailUrl":"https:\/\/regiaonews.net.br\/2022\/wp-content\/uploads\/2023\/05\/Imagem-do-WhatsApp-de-2023-05-15-as-16.11.56.jpg","articleSection":["Barretos","Geral"],"inLanguage":"pt-BR","potentialAction":[{"@type":"CommentAction","name":"Comment","target":["https:\/\/regiaonews.net.br\/2022\/2023\/05\/15\/comerciarios-podem-fazer-ou-renovar-a-carteirinha-do-sesc-nesta-semana-na-acib\/#respond"]}]},{"@type":"WebPage","@id":"https:\/\/regiaonews.net.br\/2022\/2023\/05\/15\/comerciarios-podem-fazer-ou-renovar-a-carteirinha-do-sesc-nesta-semana-na-acib\/","url":"https:\/\/regiaonews.net.br\/2022\/2023\/05\/15\/comerciarios-podem-fazer-ou-renovar-a-carteirinha-do-sesc-nesta-semana-na-acib\/","name":"Comerci\u00e1rios podem fazer ou renovar a carteirinha do SESC nesta semana na ACIB - Regi\u00e3o News","isPartOf":{"@id":"https:\/\/regiaonews.net.br\/2022\/#website"},"primaryImageOfPage":{"@id":"https:\/\/regiaonews.net.br\/2022\/2023\/05\/15\/comerciarios-podem-fazer-ou-renovar-a-carteirinha-do-sesc-nesta-semana-na-acib\/#primaryimage"},"image":{"@id":"https:\/\/regiaonews.net.br\/2022\/2023\/05\/15\/comerciarios-podem-fazer-ou-renovar-a-carteirinha-do-sesc-nesta-semana-na-acib\/#primaryimage"},"thumbnailUrl":"https:\/\/regiaonews.net.br\/2022\/wp-content\/uploads\/2023\/05\/Imagem-do-WhatsApp-de-2023-05-15-as-16.11.56.jpg","datePublished":"2023-05-15T19:44:53+00:00","breadcrumb":{"@id":"https:\/\/regiaonews.net.br\/2022\/2023\/05\/15\/comerciarios-podem-fazer-ou-renovar-a-carteirinha-do-sesc-nesta-semana-na-acib\/#breadcrumb"},"inLanguage":"pt-BR","potentialAction":[{"@type":"ReadAction","target":["https:\/\/regiaonews.net.br\/2022\/2023\/05\/15\/comerciarios-podem-fazer-ou-renovar-a-carteirinha-do-sesc-nesta-semana-na-acib\/"]}]},{"@type":"ImageObject","inLanguage":"pt-BR","@id":"https:\/\/regiaonews.net.br\/2022\/2023\/05\/15\/comerciarios-podem-fazer-ou-renovar-a-carteirinha-do-sesc-nesta-semana-na-acib\/#primaryimage","url":"https:\/\/regiaonews.net.br\/2022\/wp-content\/uploads\/2023\/05\/Imagem-do-WhatsApp-de-2023-05-15-as-16.11.56.jpg","contentUrl":"https:\/\/regiaonews.net.br\/2022\/wp-content\/uploads\/2023\/05\/Imagem-do-WhatsApp-de-2023-05-15-as-16.11.56.jpg","width":768,"height":1024},{"@type":"BreadcrumbList","@id":"https:\/\/regiaonews.net.br\/2022\/2023\/05\/15\/comerciarios-podem-fazer-ou-renovar-a-carteirinha-do-sesc-nesta-semana-na-acib\/#breadcrumb","itemListElement":[{"@type":"ListItem","position":1,"name":"In\u00edcio","item":"https:\/\/regiaonews.net.br\/2022\/"},{"@type":"ListItem","position":2,"name":"Comerci\u00e1rios podem fazer ou renovar a carteirinha do SESC nesta semana na ACIB"}]},{"@type":"WebSite","@id":"https:\/\/regiaonews.net.br\/2022\/#website","url":"https:\/\/regiaonews.net.br\/2022\/","name":"Regi\u00e3o News","description":"Site de Not\u00edcias de Barretos e regi\u00e3o","publisher":{"@id":"https:\/\/regiaonews.net.br\/2022\/#organization"},"potentialAction":[{"@type":"SearchAction","target":{"@type":"EntryPoint","urlTemplate":"https:\/\/regiaonews.net.br\/2022\/?s={search_term_string}"},"query-input":{"@type":"PropertyValueSpecification","valueRequired":true,"valueName":"search_term_string"}}],"inLanguage":"pt-BR"},{"@type":"Organization","@id":"https:\/\/regiaonews.net.br\/2022\/#organization","name":"Regi\u00e3o News","url":"https:\/\/regiaonews.net.br\/2022\/","logo":{"@type":"ImageObject","inLanguage":"pt-BR","@id":"https:\/\/regiaonews.net.br\/2022\/#\/schema\/logo\/image\/","url":"https:\/\/regiaonews.net.br\/2022\/wp-content\/uploads\/2026\/03\/regiao-13-anos-scaled.jpg","contentUrl":"https:\/\/regiaonews.net.br\/2022\/wp-content\/uploads\/2026\/03\/regiao-13-anos-scaled.jpg","width":2560,"height":635,"caption":"Regi\u00e3o News"},"image":{"@id":"https:\/\/regiaonews.net.br\/2022\/#\/schema\/logo\/image\/"}},{"@type":"Person","@id":"https:\/\/regiaonews.net.br\/2022\/#\/schema\/person\/2d205a608a5aa97ac279d7a5e6d89ad8","name":"Roberto","image":{"@type":"ImageObject","inLanguage":"pt-BR","@id":"https:\/\/secure.gravatar.com\/avatar\/42749d8b712ff9d59ca93dc150494e5b55a44134482993f5baeb97e61b7ecc89?s=96&d=mm&r=g","url":"https:\/\/secure.gravatar.com\/avatar\/42749d8b712ff9d59ca93dc150494e5b55a44134482993f5baeb97e61b7ecc89?s=96&d=mm&r=g","contentUrl":"https:\/\/secure.gravatar.com\/avatar\/42749d8b712ff9d59ca93dc150494e5b55a44134482993f5baeb97e61b7ecc89?s=96&d=mm&r=g","caption":"Roberto"},"url":"https:\/\/regiaonews.net.br\/2022\/author\/roberto\/"}]}},"publishpress_future_action":{"enabled":false,"date":"2026-05-03 10:09:25","action":"change-status","newStatus":"draft","terms":[],"taxonomy":"category","extraData":[]},"publishpress_future_workflow_manual_trigger":{"enabledWorkflows":[]},"_links":{"self":[{"href":"https:\/\/regiaonews.net.br\/2022\/wp-json\/wp\/v2\/posts\/88198","targetHints":{"allow":["GET"]}}],"collection":[{"href":"https:\/\/regiaonews.net.br\/2022\/wp-json\/wp\/v2\/posts"}],"about":[{"href":"https:\/\/regiaonews.net.br\/2022\/wp-json\/wp\/v2\/types\/post"}],"author":[{"embeddable":true,"href":"https:\/\/regiaonews.net.br\/2022\/wp-json\/wp\/v2\/users\/2"}],"replies":[{"embeddable":true,"href":"https:\/\/regiaonews.net.br\/2022\/wp-json\/wp\/v2\/comments?post=88198"}],"version-history":[{"count":1,"href":"https:\/\/regiaonews.net.br\/2022\/wp-json\/wp\/v2\/posts\/88198\/revisions"}],"predecessor-version":[{"id":88200,"href":"https:\/\/regiaonews.net.br\/2022\/wp-json\/wp\/v2\/posts\/88198\/revisions\/88200"}],"wp:featuredmedia":[{"embeddable":true,"href":"https:\/\/regiaonews.net.br\/2022\/wp-json\/wp\/v2\/media\/88199"}],"wp:attachment":[{"href":"https:\/\/regiaonews.net.br\/2022\/wp-json\/wp\/v2\/media?parent=88198"}],"wp:term":[{"taxonomy":"category","embeddable":true,"href":"https:\/\/regiaonews.net.br\/2022\/wp-json\/wp\/v2\/categories?post=88198"},{"taxonomy":"post_tag","embeddable":true,"href":"https:\/\/regiaonews.net.br\/2022\/wp-json\/wp\/v2\/tags?post=88198"}],"curies":[{"name":"wp","href":"https:\/\/api.w.org\/{rel}","templated":true}]}}