{"id":88195,"date":"2023-05-15T13:13:56","date_gmt":"2023-05-15T16:13:56","guid":{"rendered":"https:\/\/regiaonews.net.br\/2022\/?p=88195"},"modified":"2023-05-15T13:13:56","modified_gmt":"2023-05-15T16:13:56","slug":"procurado-da-justica-morre-em-troca-de-tiros-com-a-pm-de-barretos","status":"publish","type":"post","link":"https:\/\/regiaonews.net.br\/2022\/2023\/05\/15\/procurado-da-justica-morre-em-troca-de-tiros-com-a-pm-de-barretos\/","title":{"rendered":"Procurado da Justi\u00e7a morre em troca de tiros com a PM de Barretos"},"content":{"rendered":"<p>&nbsp;<\/p>\n<p>Um caso de morte em troca de tiros com a Pol\u00edcia Militar foi registrado no final de semana. Segundo informa\u00e7\u00f5es, um homem de 27 anos procurado pela Justi\u00e7a, morreu por volta das 2h32 da madrugada de domingo (14), ap\u00f3s atirar contra policiais militares da For\u00e7a T\u00e1tica na \u00e1rea rural de Col\u00f4mbia. De acordo com o Boletim de Ocorr\u00eancia de resist\u00eancia, localiza\u00e7\u00e3o e apreens\u00e3o de objeto e homic\u00eddio, a v\u00edtima que era conhecido nos meios policiais, estaria armado em um bar na rua 36 no bairro Baroni, nas imedia\u00e7\u00f5es da avenida 43 em Barretos.<\/p>\n<p>Ele estava procurado pela Justi\u00e7a, com mandado de pris\u00e3o tempor\u00e1ria expedido pela Vara Criminal de Ol\u00edmpia. O autor ao avistar as viaturas empreendeu fuga em um ve\u00edculo Polo Sedan preto de Barretos, com mais cinco ocupantes, sendo dois homens e tr\u00eas mulheres no sentido rodovia Brigadeiro Faria Lima e continuou em dire\u00e7\u00e3o ao munic\u00edpio de Col\u00f4mbia.<\/p>\n<p>Os policiais realizaram o acompanhamento at\u00e9 que pr\u00f3ximo ao Distrito de Laranjeiras, o carro apresentou defeito mec\u00e2nico, falha no motor e parou. O indiv\u00edduo desceu e correu adentrando uma propriedade rural. Os policiais o seguiram e acabaram surpreendidos com disparos de arma de fogo, efetuados por ele contra equipe.<\/p>\n<p>Diante disso, revidaram ocorrendo a troca de tiros e o autor acabou alvejado, teria sido atingido com quatro tiros no peito vindo a \u00f3bito no local. Segundo informa\u00e7\u00f5es, em poder dele foram encontradas duas pistolas, sendo uma Taurus de calibre 380 sem carregador e uma Glock com carregador contendo 8 muni\u00e7\u00f5es.<\/p>\n<p>O caso foi apresentado no Plant\u00e3o Policial em Barretos, sendo as armas e o carro apreendidos.<\/p>\n","protected":false},"excerpt":{"rendered":"<p>&nbsp; Um caso de morte em troca de tiros com<\/p>\n","protected":false},"author":2,"featured_media":78097,"comment_status":"open","ping_status":"open","sticky":false,"template":"","format":"standard","meta":{"footnotes":""},"categories":[14,23],"tags":[],"class_list":["post-88195","post","type-post","status-publish","format-standard","has-post-thumbnail","hentry","category-barretos","category-policia"],"yoast_head":"<!-- This site is optimized with the Yoast SEO plugin v27.4 - https:\/\/yoast.com\/product\/yoast-seo-wordpress\/ -->\n<title>Procurado da Justi\u00e7a morre em troca de tiros com a PM de Barretos - Regi\u00e3o News<\/title>\n<meta name=\"robots\" content=\"index, follow, max-snippet:-1, max-image-preview:large, max-video-preview:-1\" \/>\n<link rel=\"canonical\" href=\"https:\/\/regiaonews.net.br\/2022\/2023\/05\/15\/procurado-da-justica-morre-em-troca-de-tiros-com-a-pm-de-barretos\/\" \/>\n<meta property=\"og:locale\" content=\"pt_BR\" \/>\n<meta property=\"og:type\" content=\"article\" \/>\n<meta property=\"og:title\" content=\"Procurado da Justi\u00e7a morre em troca de tiros com a PM de Barretos - Regi\u00e3o News\" \/>\n<meta property=\"og:description\" content=\"&nbsp; Um caso de morte em troca de tiros com\" \/>\n<meta property=\"og:url\" content=\"https:\/\/regiaonews.net.br\/2022\/2023\/05\/15\/procurado-da-justica-morre-em-troca-de-tiros-com-a-pm-de-barretos\/\" \/>\n<meta property=\"og:site_name\" content=\"Regi\u00e3o News\" \/>\n<meta property=\"article:published_time\" content=\"2023-05-15T16:13:56+00:00\" \/>\n<meta property=\"og:image\" content=\"https:\/\/regiaonews.net.br\/2022\/wp-content\/uploads\/2022\/09\/Viatura-PM-1.jpeg\" \/>\n\t<meta property=\"og:image:width\" content=\"1156\" \/>\n\t<meta property=\"og:image:height\" content=\"867\" \/>\n\t<meta property=\"og:image:type\" content=\"image\/jpeg\" \/>\n<meta name=\"author\" content=\"Roberto\" \/>\n<meta name=\"twitter:card\" content=\"summary_large_image\" \/>\n<meta name=\"twitter:label1\" content=\"Escrito por\" \/>\n\t<meta name=\"twitter:data1\" content=\"Roberto\" \/>\n\t<meta name=\"twitter:label2\" content=\"Est. tempo de leitura\" \/>\n\t<meta name=\"twitter:data2\" content=\"2 minutos\" \/>\n<script type=\"application\/ld+json\" class=\"yoast-schema-graph\">{\"@context\":\"https:\\\/\\\/schema.org\",\"@graph\":[{\"@type\":\"Article\",\"@id\":\"https:\\\/\\\/regiaonews.net.br\\\/2022\\\/2023\\\/05\\\/15\\\/procurado-da-justica-morre-em-troca-de-tiros-com-a-pm-de-barretos\\\/#article\",\"isPartOf\":{\"@id\":\"https:\\\/\\\/regiaonews.net.br\\\/2022\\\/2023\\\/05\\\/15\\\/procurado-da-justica-morre-em-troca-de-tiros-com-a-pm-de-barretos\\\/\"},\"author\":{\"name\":\"Roberto\",\"@id\":\"https:\\\/\\\/regiaonews.net.br\\\/2022\\\/#\\\/schema\\\/person\\\/2d205a608a5aa97ac279d7a5e6d89ad8\"},\"headline\":\"Procurado da Justi\u00e7a morre em troca de tiros com a PM de Barretos\",\"datePublished\":\"2023-05-15T16:13:56+00:00\",\"mainEntityOfPage\":{\"@id\":\"https:\\\/\\\/regiaonews.net.br\\\/2022\\\/2023\\\/05\\\/15\\\/procurado-da-justica-morre-em-troca-de-tiros-com-a-pm-de-barretos\\\/\"},\"wordCount\":303,\"commentCount\":0,\"publisher\":{\"@id\":\"https:\\\/\\\/regiaonews.net.br\\\/2022\\\/#organization\"},\"image\":{\"@id\":\"https:\\\/\\\/regiaonews.net.br\\\/2022\\\/2023\\\/05\\\/15\\\/procurado-da-justica-morre-em-troca-de-tiros-com-a-pm-de-barretos\\\/#primaryimage\"},\"thumbnailUrl\":\"https:\\\/\\\/regiaonews.net.br\\\/2022\\\/wp-content\\\/uploads\\\/2022\\\/09\\\/Viatura-PM-1.jpeg\",\"articleSection\":[\"Barretos\",\"Policia\"],\"inLanguage\":\"pt-BR\",\"potentialAction\":[{\"@type\":\"CommentAction\",\"name\":\"Comment\",\"target\":[\"https:\\\/\\\/regiaonews.net.br\\\/2022\\\/2023\\\/05\\\/15\\\/procurado-da-justica-morre-em-troca-de-tiros-com-a-pm-de-barretos\\\/#respond\"]}]},{\"@type\":\"WebPage\",\"@id\":\"https:\\\/\\\/regiaonews.net.br\\\/2022\\\/2023\\\/05\\\/15\\\/procurado-da-justica-morre-em-troca-de-tiros-com-a-pm-de-barretos\\\/\",\"url\":\"https:\\\/\\\/regiaonews.net.br\\\/2022\\\/2023\\\/05\\\/15\\\/procurado-da-justica-morre-em-troca-de-tiros-com-a-pm-de-barretos\\\/\",\"name\":\"Procurado da Justi\u00e7a morre em troca de tiros com a PM de Barretos - Regi\u00e3o News\",\"isPartOf\":{\"@id\":\"https:\\\/\\\/regiaonews.net.br\\\/2022\\\/#website\"},\"primaryImageOfPage\":{\"@id\":\"https:\\\/\\\/regiaonews.net.br\\\/2022\\\/2023\\\/05\\\/15\\\/procurado-da-justica-morre-em-troca-de-tiros-com-a-pm-de-barretos\\\/#primaryimage\"},\"image\":{\"@id\":\"https:\\\/\\\/regiaonews.net.br\\\/2022\\\/2023\\\/05\\\/15\\\/procurado-da-justica-morre-em-troca-de-tiros-com-a-pm-de-barretos\\\/#primaryimage\"},\"thumbnailUrl\":\"https:\\\/\\\/regiaonews.net.br\\\/2022\\\/wp-content\\\/uploads\\\/2022\\\/09\\\/Viatura-PM-1.jpeg\",\"datePublished\":\"2023-05-15T16:13:56+00:00\",\"breadcrumb\":{\"@id\":\"https:\\\/\\\/regiaonews.net.br\\\/2022\\\/2023\\\/05\\\/15\\\/procurado-da-justica-morre-em-troca-de-tiros-com-a-pm-de-barretos\\\/#breadcrumb\"},\"inLanguage\":\"pt-BR\",\"potentialAction\":[{\"@type\":\"ReadAction\",\"target\":[\"https:\\\/\\\/regiaonews.net.br\\\/2022\\\/2023\\\/05\\\/15\\\/procurado-da-justica-morre-em-troca-de-tiros-com-a-pm-de-barretos\\\/\"]}]},{\"@type\":\"ImageObject\",\"inLanguage\":\"pt-BR\",\"@id\":\"https:\\\/\\\/regiaonews.net.br\\\/2022\\\/2023\\\/05\\\/15\\\/procurado-da-justica-morre-em-troca-de-tiros-com-a-pm-de-barretos\\\/#primaryimage\",\"url\":\"https:\\\/\\\/regiaonews.net.br\\\/2022\\\/wp-content\\\/uploads\\\/2022\\\/09\\\/Viatura-PM-1.jpeg\",\"contentUrl\":\"https:\\\/\\\/regiaonews.net.br\\\/2022\\\/wp-content\\\/uploads\\\/2022\\\/09\\\/Viatura-PM-1.jpeg\",\"width\":1156,\"height\":867},{\"@type\":\"BreadcrumbList\",\"@id\":\"https:\\\/\\\/regiaonews.net.br\\\/2022\\\/2023\\\/05\\\/15\\\/procurado-da-justica-morre-em-troca-de-tiros-com-a-pm-de-barretos\\\/#breadcrumb\",\"itemListElement\":[{\"@type\":\"ListItem\",\"position\":1,\"name\":\"In\u00edcio\",\"item\":\"https:\\\/\\\/regiaonews.net.br\\\/2022\\\/\"},{\"@type\":\"ListItem\",\"position\":2,\"name\":\"Procurado da Justi\u00e7a morre em troca de tiros com a PM de Barretos\"}]},{\"@type\":\"WebSite\",\"@id\":\"https:\\\/\\\/regiaonews.net.br\\\/2022\\\/#website\",\"url\":\"https:\\\/\\\/regiaonews.net.br\\\/2022\\\/\",\"name\":\"Regi\u00e3o News\",\"description\":\"Site de Not\u00edcias de Barretos e regi\u00e3o\",\"publisher\":{\"@id\":\"https:\\\/\\\/regiaonews.net.br\\\/2022\\\/#organization\"},\"potentialAction\":[{\"@type\":\"SearchAction\",\"target\":{\"@type\":\"EntryPoint\",\"urlTemplate\":\"https:\\\/\\\/regiaonews.net.br\\\/2022\\\/?s={search_term_string}\"},\"query-input\":{\"@type\":\"PropertyValueSpecification\",\"valueRequired\":true,\"valueName\":\"search_term_string\"}}],\"inLanguage\":\"pt-BR\"},{\"@type\":\"Organization\",\"@id\":\"https:\\\/\\\/regiaonews.net.br\\\/2022\\\/#organization\",\"name\":\"Regi\u00e3o News\",\"url\":\"https:\\\/\\\/regiaonews.net.br\\\/2022\\\/\",\"logo\":{\"@type\":\"ImageObject\",\"inLanguage\":\"pt-BR\",\"@id\":\"https:\\\/\\\/regiaonews.net.br\\\/2022\\\/#\\\/schema\\\/logo\\\/image\\\/\",\"url\":\"https:\\\/\\\/regiaonews.net.br\\\/2022\\\/wp-content\\\/uploads\\\/2026\\\/03\\\/regiao-13-anos-scaled.jpg\",\"contentUrl\":\"https:\\\/\\\/regiaonews.net.br\\\/2022\\\/wp-content\\\/uploads\\\/2026\\\/03\\\/regiao-13-anos-scaled.jpg\",\"width\":2560,\"height\":635,\"caption\":\"Regi\u00e3o News\"},\"image\":{\"@id\":\"https:\\\/\\\/regiaonews.net.br\\\/2022\\\/#\\\/schema\\\/logo\\\/image\\\/\"}},{\"@type\":\"Person\",\"@id\":\"https:\\\/\\\/regiaonews.net.br\\\/2022\\\/#\\\/schema\\\/person\\\/2d205a608a5aa97ac279d7a5e6d89ad8\",\"name\":\"Roberto\",\"image\":{\"@type\":\"ImageObject\",\"inLanguage\":\"pt-BR\",\"@id\":\"https:\\\/\\\/secure.gravatar.com\\\/avatar\\\/42749d8b712ff9d59ca93dc150494e5b55a44134482993f5baeb97e61b7ecc89?s=96&d=mm&r=g\",\"url\":\"https:\\\/\\\/secure.gravatar.com\\\/avatar\\\/42749d8b712ff9d59ca93dc150494e5b55a44134482993f5baeb97e61b7ecc89?s=96&d=mm&r=g\",\"contentUrl\":\"https:\\\/\\\/secure.gravatar.com\\\/avatar\\\/42749d8b712ff9d59ca93dc150494e5b55a44134482993f5baeb97e61b7ecc89?s=96&d=mm&r=g\",\"caption\":\"Roberto\"},\"url\":\"https:\\\/\\\/regiaonews.net.br\\\/2022\\\/author\\\/roberto\\\/\"}]}<\/script>\n<!-- \/ Yoast SEO plugin. -->","yoast_head_json":{"title":"Procurado da Justi\u00e7a morre em troca de tiros com a PM de Barretos - Regi\u00e3o News","robots":{"index":"index","follow":"follow","max-snippet":"max-snippet:-1","max-image-preview":"max-image-preview:large","max-video-preview":"max-video-preview:-1"},"canonical":"https:\/\/regiaonews.net.br\/2022\/2023\/05\/15\/procurado-da-justica-morre-em-troca-de-tiros-com-a-pm-de-barretos\/","og_locale":"pt_BR","og_type":"article","og_title":"Procurado da Justi\u00e7a morre em troca de tiros com a PM de Barretos - Regi\u00e3o News","og_description":"&nbsp; Um caso de morte em troca de tiros com","og_url":"https:\/\/regiaonews.net.br\/2022\/2023\/05\/15\/procurado-da-justica-morre-em-troca-de-tiros-com-a-pm-de-barretos\/","og_site_name":"Regi\u00e3o News","article_published_time":"2023-05-15T16:13:56+00:00","og_image":[{"width":1156,"height":867,"url":"https:\/\/regiaonews.net.br\/2022\/wp-content\/uploads\/2022\/09\/Viatura-PM-1.jpeg","type":"image\/jpeg"}],"author":"Roberto","twitter_card":"summary_large_image","twitter_misc":{"Escrito por":"Roberto","Est. tempo de leitura":"2 minutos"},"schema":{"@context":"https:\/\/schema.org","@graph":[{"@type":"Article","@id":"https:\/\/regiaonews.net.br\/2022\/2023\/05\/15\/procurado-da-justica-morre-em-troca-de-tiros-com-a-pm-de-barretos\/#article","isPartOf":{"@id":"https:\/\/regiaonews.net.br\/2022\/2023\/05\/15\/procurado-da-justica-morre-em-troca-de-tiros-com-a-pm-de-barretos\/"},"author":{"name":"Roberto","@id":"https:\/\/regiaonews.net.br\/2022\/#\/schema\/person\/2d205a608a5aa97ac279d7a5e6d89ad8"},"headline":"Procurado da Justi\u00e7a morre em troca de tiros com a PM de Barretos","datePublished":"2023-05-15T16:13:56+00:00","mainEntityOfPage":{"@id":"https:\/\/regiaonews.net.br\/2022\/2023\/05\/15\/procurado-da-justica-morre-em-troca-de-tiros-com-a-pm-de-barretos\/"},"wordCount":303,"commentCount":0,"publisher":{"@id":"https:\/\/regiaonews.net.br\/2022\/#organization"},"image":{"@id":"https:\/\/regiaonews.net.br\/2022\/2023\/05\/15\/procurado-da-justica-morre-em-troca-de-tiros-com-a-pm-de-barretos\/#primaryimage"},"thumbnailUrl":"https:\/\/regiaonews.net.br\/2022\/wp-content\/uploads\/2022\/09\/Viatura-PM-1.jpeg","articleSection":["Barretos","Policia"],"inLanguage":"pt-BR","potentialAction":[{"@type":"CommentAction","name":"Comment","target":["https:\/\/regiaonews.net.br\/2022\/2023\/05\/15\/procurado-da-justica-morre-em-troca-de-tiros-com-a-pm-de-barretos\/#respond"]}]},{"@type":"WebPage","@id":"https:\/\/regiaonews.net.br\/2022\/2023\/05\/15\/procurado-da-justica-morre-em-troca-de-tiros-com-a-pm-de-barretos\/","url":"https:\/\/regiaonews.net.br\/2022\/2023\/05\/15\/procurado-da-justica-morre-em-troca-de-tiros-com-a-pm-de-barretos\/","name":"Procurado da Justi\u00e7a morre em troca de tiros com a PM de Barretos - Regi\u00e3o News","isPartOf":{"@id":"https:\/\/regiaonews.net.br\/2022\/#website"},"primaryImageOfPage":{"@id":"https:\/\/regiaonews.net.br\/2022\/2023\/05\/15\/procurado-da-justica-morre-em-troca-de-tiros-com-a-pm-de-barretos\/#primaryimage"},"image":{"@id":"https:\/\/regiaonews.net.br\/2022\/2023\/05\/15\/procurado-da-justica-morre-em-troca-de-tiros-com-a-pm-de-barretos\/#primaryimage"},"thumbnailUrl":"https:\/\/regiaonews.net.br\/2022\/wp-content\/uploads\/2022\/09\/Viatura-PM-1.jpeg","datePublished":"2023-05-15T16:13:56+00:00","breadcrumb":{"@id":"https:\/\/regiaonews.net.br\/2022\/2023\/05\/15\/procurado-da-justica-morre-em-troca-de-tiros-com-a-pm-de-barretos\/#breadcrumb"},"inLanguage":"pt-BR","potentialAction":[{"@type":"ReadAction","target":["https:\/\/regiaonews.net.br\/2022\/2023\/05\/15\/procurado-da-justica-morre-em-troca-de-tiros-com-a-pm-de-barretos\/"]}]},{"@type":"ImageObject","inLanguage":"pt-BR","@id":"https:\/\/regiaonews.net.br\/2022\/2023\/05\/15\/procurado-da-justica-morre-em-troca-de-tiros-com-a-pm-de-barretos\/#primaryimage","url":"https:\/\/regiaonews.net.br\/2022\/wp-content\/uploads\/2022\/09\/Viatura-PM-1.jpeg","contentUrl":"https:\/\/regiaonews.net.br\/2022\/wp-content\/uploads\/2022\/09\/Viatura-PM-1.jpeg","width":1156,"height":867},{"@type":"BreadcrumbList","@id":"https:\/\/regiaonews.net.br\/2022\/2023\/05\/15\/procurado-da-justica-morre-em-troca-de-tiros-com-a-pm-de-barretos\/#breadcrumb","itemListElement":[{"@type":"ListItem","position":1,"name":"In\u00edcio","item":"https:\/\/regiaonews.net.br\/2022\/"},{"@type":"ListItem","position":2,"name":"Procurado da Justi\u00e7a morre em troca de tiros com a PM de Barretos"}]},{"@type":"WebSite","@id":"https:\/\/regiaonews.net.br\/2022\/#website","url":"https:\/\/regiaonews.net.br\/2022\/","name":"Regi\u00e3o News","description":"Site de Not\u00edcias de Barretos e regi\u00e3o","publisher":{"@id":"https:\/\/regiaonews.net.br\/2022\/#organization"},"potentialAction":[{"@type":"SearchAction","target":{"@type":"EntryPoint","urlTemplate":"https:\/\/regiaonews.net.br\/2022\/?s={search_term_string}"},"query-input":{"@type":"PropertyValueSpecification","valueRequired":true,"valueName":"search_term_string"}}],"inLanguage":"pt-BR"},{"@type":"Organization","@id":"https:\/\/regiaonews.net.br\/2022\/#organization","name":"Regi\u00e3o News","url":"https:\/\/regiaonews.net.br\/2022\/","logo":{"@type":"ImageObject","inLanguage":"pt-BR","@id":"https:\/\/regiaonews.net.br\/2022\/#\/schema\/logo\/image\/","url":"https:\/\/regiaonews.net.br\/2022\/wp-content\/uploads\/2026\/03\/regiao-13-anos-scaled.jpg","contentUrl":"https:\/\/regiaonews.net.br\/2022\/wp-content\/uploads\/2026\/03\/regiao-13-anos-scaled.jpg","width":2560,"height":635,"caption":"Regi\u00e3o News"},"image":{"@id":"https:\/\/regiaonews.net.br\/2022\/#\/schema\/logo\/image\/"}},{"@type":"Person","@id":"https:\/\/regiaonews.net.br\/2022\/#\/schema\/person\/2d205a608a5aa97ac279d7a5e6d89ad8","name":"Roberto","image":{"@type":"ImageObject","inLanguage":"pt-BR","@id":"https:\/\/secure.gravatar.com\/avatar\/42749d8b712ff9d59ca93dc150494e5b55a44134482993f5baeb97e61b7ecc89?s=96&d=mm&r=g","url":"https:\/\/secure.gravatar.com\/avatar\/42749d8b712ff9d59ca93dc150494e5b55a44134482993f5baeb97e61b7ecc89?s=96&d=mm&r=g","contentUrl":"https:\/\/secure.gravatar.com\/avatar\/42749d8b712ff9d59ca93dc150494e5b55a44134482993f5baeb97e61b7ecc89?s=96&d=mm&r=g","caption":"Roberto"},"url":"https:\/\/regiaonews.net.br\/2022\/author\/roberto\/"}]}},"publishpress_future_action":{"enabled":false,"date":"2026-05-03 10:14:20","action":"change-status","newStatus":"draft","terms":[],"taxonomy":"category","extraData":[]},"publishpress_future_workflow_manual_trigger":{"enabledWorkflows":[]},"_links":{"self":[{"href":"https:\/\/regiaonews.net.br\/2022\/wp-json\/wp\/v2\/posts\/88195","targetHints":{"allow":["GET"]}}],"collection":[{"href":"https:\/\/regiaonews.net.br\/2022\/wp-json\/wp\/v2\/posts"}],"about":[{"href":"https:\/\/regiaonews.net.br\/2022\/wp-json\/wp\/v2\/types\/post"}],"author":[{"embeddable":true,"href":"https:\/\/regiaonews.net.br\/2022\/wp-json\/wp\/v2\/users\/2"}],"replies":[{"embeddable":true,"href":"https:\/\/regiaonews.net.br\/2022\/wp-json\/wp\/v2\/comments?post=88195"}],"version-history":[{"count":1,"href":"https:\/\/regiaonews.net.br\/2022\/wp-json\/wp\/v2\/posts\/88195\/revisions"}],"predecessor-version":[{"id":88196,"href":"https:\/\/regiaonews.net.br\/2022\/wp-json\/wp\/v2\/posts\/88195\/revisions\/88196"}],"wp:featuredmedia":[{"embeddable":true,"href":"https:\/\/regiaonews.net.br\/2022\/wp-json\/wp\/v2\/media\/78097"}],"wp:attachment":[{"href":"https:\/\/regiaonews.net.br\/2022\/wp-json\/wp\/v2\/media?parent=88195"}],"wp:term":[{"taxonomy":"category","embeddable":true,"href":"https:\/\/regiaonews.net.br\/2022\/wp-json\/wp\/v2\/categories?post=88195"},{"taxonomy":"post_tag","embeddable":true,"href":"https:\/\/regiaonews.net.br\/2022\/wp-json\/wp\/v2\/tags?post=88195"}],"curies":[{"name":"wp","href":"https:\/\/api.w.org\/{rel}","templated":true}]}}